{"id":24764,"date":"2021-10-22T12:00:25","date_gmt":"2021-10-22T11:00:25","guid":{"rendered":"https:\/\/jornaldasoficinas.com\/pt\/?p=24764"},"modified":"2021-10-22T09:45:26","modified_gmt":"2021-10-22T08:45:26","slug":"autozitania-e-bragalis-anunciam-nova-imagem","status":"publish","type":"post","link":"https:\/\/jornaldasoficinas.com\/pt\/autozitania-e-bragalis-anunciam-nova-imagem\/","title":{"rendered":"Autozit\u00e2nia e Bragalis anunciam nova Imagem"},"content":{"rendered":"<p><strong><img loading=\"lazy\" decoding=\"async\" class=\"alignnone size-full wp-image-24751\" src=\"https:\/\/jornaldasoficinas.com\/pt\/wp-content\/uploads\/2021\/09\/Autozitania-e-Bragalis.png\" alt=\"09 - Autozitania-e-Bragalis\" width=\"1024\" height=\"581\" srcset=\"https:\/\/jornaldasoficinas.com\/pt\/wp-content\/uploads\/2021\/09\/Autozitania-e-Bragalis.png 1024w, https:\/\/jornaldasoficinas.com\/pt\/wp-content\/uploads\/2021\/09\/Autozitania-e-Bragalis-300x170.png 300w, https:\/\/jornaldasoficinas.com\/pt\/wp-content\/uploads\/2021\/09\/Autozitania-e-Bragalis-150x85.png 150w, https:\/\/jornaldasoficinas.com\/pt\/wp-content\/uploads\/2021\/09\/Autozitania-e-Bragalis-768x436.png 768w\" sizes=\"auto, (max-width: 1024px) 100vw, 1024px\" \/><\/strong><\/p>\n<p><strong>A <a href=\"http:\/\/www.autozitania.pt\/\" target=\"_blank\" rel=\"noopener\">Autozit\u00e2nia<\/a> e a <a href=\"https:\/\/bragalis.pt\/\" target=\"_blank\" rel=\"noopener\">Bragalis<\/a> anunciam a sua nova Identidade Visual, que ir\u00e1 acompanhar ambas as empresas a partir deste momento.<\/strong><\/p>\n<p>Com o mundo em constante mudan\u00e7a, e a uma velocidade cada vez mais vertiginosa, a imagem e a comunica\u00e7\u00e3o assumem um papel fundamental, sendo cada vez mais fatores cr\u00edticos e de diferencia\u00e7\u00e3o<\/p>\n<p>Com base nesta premissa, a Autozit\u00e2nia e a Bragalis decidiram modernizar a sua imagem de forma a fortalecer o seu posicionamento, atualizando a sua identidade visual para um grafismo atual e impactante.<\/p>\n<p>Fl\u00e1vio Menino, diretor de marketing do grupo Autozit\u00e2nia explica o conceito da nova imagem. \u201cA nova Identidade Visual da Autozit\u00e2nia e da Bragalis simboliza a liga\u00e7\u00e3o entre o passado, o presente e o futuro. Ambas as empresas contam com mais de 30 anos de Hist\u00f3ria e experi\u00eancia no mercado, e a nova imagem representa o caminho que percorreram at\u00e9 chegar ao dia de hoje, mas sempre com o pensamento no futuro. Esta nova Identidade Visual permite criar a liga\u00e7\u00e3o e a associa\u00e7\u00e3o entre as imagens de ambas as empresas que pertencem ao mesmo Grupo, e pretende tamb\u00e9m transmitir a liga\u00e7\u00e3o, uni\u00e3o e coopera\u00e7\u00e3o entre a Autozit\u00e2nia\/Bragalis e os seus Parceiros\u201d.<\/p>\n<p>\u201cCri\u00e1mos um conceito de logotipo que demonstrasse que s\u00e3o duas empresas diferentes mas que pertencem ao mesmo grupo. Assim temos, uma estrada que nos demonstra claramente de onde vimos, onde estamos e para onde queremos ir, permitindo desta forma visualizar o conceito de presente e de futuro, ou seja, um caminho claro, transparente e evidente, que \u00e9 a forma que queremos que os nossos clientes nos vejam. Mantivemos a cor azul, uma cor fria, que nos transmite confian\u00e7a e estabilidade, que \u00e9 aquilo que pretendemos transmitir aos nossos clientes e tamb\u00e9m a cor cinza, uma cor neutra que transmite qualidade, eleg\u00e2ncia e modernidade.<\/p>\n<p>O Lettring foi pensado para causar o maior impacto poss\u00edvel, com a sua visualiza\u00e7\u00e3o quer ao perto como ao longe como atrav\u00e9s dos v\u00e1rios tipos de materiais. Introduzimos ainda um escudo que nos permite ter sempre a mesma identidade seja em que material for usado, a assinatura vai ser sempre a mesma. \u00c9 uma imagem com formato circular que simboliza a interliga\u00e7\u00e3o entre todos os parceiros envolvidos\u201d, conclui Fl\u00e1vio Menino.<\/p>\n","protected":false},"excerpt":{"rendered":"<p>A Autozit\u00e2nia e a Bragalis anunciam&#8230;<\/p>\n","protected":false},"author":15,"featured_media":24751,"comment_status":"closed","ping_status":"closed","sticky":false,"template":"","format":"standard","meta":{"footnotes":""},"categories":[29],"tags":[281,995],"class_list":["post-24764","post","type-post","status-publish","format-standard","has-post-thumbnail","hentry","category-empresas","tag-autozitania","tag-bragalis"],"yoast_head":"<!-- This site is optimized with the Yoast SEO plugin v27.4 - https:\/\/yoast.com\/product\/yoast-seo-wordpress\/ -->\n<title>Autozit\u00e2nia e Bragalis anunciam nova Imagem - Jornal das Oficinas<\/title>\n<meta name=\"robots\" content=\"index, follow, max-snippet:-1, max-image-preview:large, max-video-preview:-1\" \/>\n<link rel=\"canonical\" href=\"https:\/\/jornaldasoficinas.com\/pt\/autozitania-e-bragalis-anunciam-nova-imagem\/\" \/>\n<meta property=\"og:locale\" content=\"pt_PT\" \/>\n<meta property=\"og:type\" content=\"article\" \/>\n<meta property=\"og:title\" content=\"Autozit\u00e2nia e Bragalis anunciam nova Imagem - Jornal das Oficinas\" \/>\n<meta property=\"og:description\" content=\"A Autozit\u00e2nia e a Bragalis anunciam...\" \/>\n<meta property=\"og:url\" content=\"https:\/\/jornaldasoficinas.com\/pt\/autozitania-e-bragalis-anunciam-nova-imagem\/\" \/>\n<meta property=\"og:site_name\" content=\"Jornal das Oficinas\" \/>\n<meta property=\"article:publisher\" content=\"https:\/\/www.facebook.com\/jornaloficinas\" \/>\n<meta property=\"article:published_time\" content=\"2021-10-22T11:00:25+00:00\" \/>\n<meta property=\"og:image\" content=\"https:\/\/jornaldasoficinas.com\/pt\/wp-content\/uploads\/2021\/09\/Autozitania-e-Bragalis.png\" \/>\n\t<meta property=\"og:image:width\" content=\"1024\" \/>\n\t<meta property=\"og:image:height\" content=\"581\" \/>\n\t<meta property=\"og:image:type\" content=\"image\/png\" \/>\n<meta name=\"author\" content=\"Reda\u00e7\u00e3o JO\" \/>\n<meta name=\"twitter:card\" content=\"summary_large_image\" \/>\n<meta name=\"twitter:creator\" content=\"@jornaloficinas\" \/>\n<meta name=\"twitter:site\" content=\"@jornaloficinas\" \/>\n<meta name=\"twitter:label1\" content=\"Escrito por\" \/>\n\t<meta name=\"twitter:data1\" content=\"Reda\u00e7\u00e3o JO\" \/>\n\t<meta name=\"twitter:label2\" content=\"Tempo estimado de leitura\" \/>\n\t<meta name=\"twitter:data2\" content=\"2 minutos\" \/>\n<script type=\"application\/ld+json\" class=\"yoast-schema-graph\">{\"@context\":\"https:\\\/\\\/schema.org\",\"@graph\":[{\"@type\":\"Article\",\"@id\":\"https:\\\/\\\/jornaldasoficinas.com\\\/pt\\\/autozitania-e-bragalis-anunciam-nova-imagem\\\/#article\",\"isPartOf\":{\"@id\":\"https:\\\/\\\/jornaldasoficinas.com\\\/pt\\\/autozitania-e-bragalis-anunciam-nova-imagem\\\/\"},\"author\":{\"name\":\"Reda\u00e7\u00e3o JO\",\"@id\":\"https:\\\/\\\/jornaldasoficinas.com\\\/pt\\\/#\\\/schema\\\/person\\\/a38eef5de2c41d9e7c9ac10141afddf3\"},\"headline\":\"Autozit\u00e2nia e Bragalis anunciam nova Imagem\",\"datePublished\":\"2021-10-22T11:00:25+00:00\",\"mainEntityOfPage\":{\"@id\":\"https:\\\/\\\/jornaldasoficinas.com\\\/pt\\\/autozitania-e-bragalis-anunciam-nova-imagem\\\/\"},\"wordCount\":402,\"publisher\":{\"@id\":\"https:\\\/\\\/jornaldasoficinas.com\\\/pt\\\/#organization\"},\"image\":{\"@id\":\"https:\\\/\\\/jornaldasoficinas.com\\\/pt\\\/autozitania-e-bragalis-anunciam-nova-imagem\\\/#primaryimage\"},\"thumbnailUrl\":\"https:\\\/\\\/jornaldasoficinas.com\\\/pt\\\/wp-content\\\/uploads\\\/2021\\\/09\\\/Autozitania-e-Bragalis.png\",\"keywords\":[\"Autozit\u00e2nia\",\"Bragalis\"],\"articleSection\":[\"Empresas\"],\"inLanguage\":\"pt-PT\"},{\"@type\":\"WebPage\",\"@id\":\"https:\\\/\\\/jornaldasoficinas.com\\\/pt\\\/autozitania-e-bragalis-anunciam-nova-imagem\\\/\",\"url\":\"https:\\\/\\\/jornaldasoficinas.com\\\/pt\\\/autozitania-e-bragalis-anunciam-nova-imagem\\\/\",\"name\":\"Autozit\u00e2nia e Bragalis anunciam nova Imagem - Jornal das Oficinas\",\"isPartOf\":{\"@id\":\"https:\\\/\\\/jornaldasoficinas.com\\\/pt\\\/#website\"},\"primaryImageOfPage\":{\"@id\":\"https:\\\/\\\/jornaldasoficinas.com\\\/pt\\\/autozitania-e-bragalis-anunciam-nova-imagem\\\/#primaryimage\"},\"image\":{\"@id\":\"https:\\\/\\\/jornaldasoficinas.com\\\/pt\\\/autozitania-e-bragalis-anunciam-nova-imagem\\\/#primaryimage\"},\"thumbnailUrl\":\"https:\\\/\\\/jornaldasoficinas.com\\\/pt\\\/wp-content\\\/uploads\\\/2021\\\/09\\\/Autozitania-e-Bragalis.png\",\"datePublished\":\"2021-10-22T11:00:25+00:00\",\"breadcrumb\":{\"@id\":\"https:\\\/\\\/jornaldasoficinas.com\\\/pt\\\/autozitania-e-bragalis-anunciam-nova-imagem\\\/#breadcrumb\"},\"inLanguage\":\"pt-PT\",\"potentialAction\":[{\"@type\":\"ReadAction\",\"target\":[\"https:\\\/\\\/jornaldasoficinas.com\\\/pt\\\/autozitania-e-bragalis-anunciam-nova-imagem\\\/\"]}]},{\"@type\":\"ImageObject\",\"inLanguage\":\"pt-PT\",\"@id\":\"https:\\\/\\\/jornaldasoficinas.com\\\/pt\\\/autozitania-e-bragalis-anunciam-nova-imagem\\\/#primaryimage\",\"url\":\"https:\\\/\\\/jornaldasoficinas.com\\\/pt\\\/wp-content\\\/uploads\\\/2021\\\/09\\\/Autozitania-e-Bragalis.png\",\"contentUrl\":\"https:\\\/\\\/jornaldasoficinas.com\\\/pt\\\/wp-content\\\/uploads\\\/2021\\\/09\\\/Autozitania-e-Bragalis.png\",\"width\":1024,\"height\":581,\"caption\":\"09 - Autozita\u0302nia-e-Bragalis\"},{\"@type\":\"BreadcrumbList\",\"@id\":\"https:\\\/\\\/jornaldasoficinas.com\\\/pt\\\/autozitania-e-bragalis-anunciam-nova-imagem\\\/#breadcrumb\",\"itemListElement\":[{\"@type\":\"ListItem\",\"position\":1,\"name\":\"In\u00edcio\",\"item\":\"https:\\\/\\\/jornaldasoficinas.com\\\/pt\\\/\"},{\"@type\":\"ListItem\",\"position\":2,\"name\":\"Autozit\u00e2nia e Bragalis anunciam nova Imagem\"}]},{\"@type\":\"WebSite\",\"@id\":\"https:\\\/\\\/jornaldasoficinas.com\\\/pt\\\/#website\",\"url\":\"https:\\\/\\\/jornaldasoficinas.com\\\/pt\\\/\",\"name\":\"Jornal das Oficinas\",\"description\":\"Jornal independente do Aftermarket Autom\u00f3vel em Portugal\",\"publisher\":{\"@id\":\"https:\\\/\\\/jornaldasoficinas.com\\\/pt\\\/#organization\"},\"potentialAction\":[{\"@type\":\"SearchAction\",\"target\":{\"@type\":\"EntryPoint\",\"urlTemplate\":\"https:\\\/\\\/jornaldasoficinas.com\\\/pt\\\/?s={search_term_string}\"},\"query-input\":{\"@type\":\"PropertyValueSpecification\",\"valueRequired\":true,\"valueName\":\"search_term_string\"}}],\"inLanguage\":\"pt-PT\"},{\"@type\":\"Organization\",\"@id\":\"https:\\\/\\\/jornaldasoficinas.com\\\/pt\\\/#organization\",\"name\":\"Jornal das Oficinas\",\"url\":\"https:\\\/\\\/jornaldasoficinas.com\\\/pt\\\/\",\"logo\":{\"@type\":\"ImageObject\",\"inLanguage\":\"pt-PT\",\"@id\":\"https:\\\/\\\/jornaldasoficinas.com\\\/pt\\\/#\\\/schema\\\/logo\\\/image\\\/\",\"url\":\"https:\\\/\\\/jornaldasoficinas.com\\\/pt\\\/wp-content\\\/uploads\\\/logoJO-SEO.png\",\"contentUrl\":\"https:\\\/\\\/jornaldasoficinas.com\\\/pt\\\/wp-content\\\/uploads\\\/logoJO-SEO.png\",\"width\":285,\"height\":450,\"caption\":\"Jornal das Oficinas\"},\"image\":{\"@id\":\"https:\\\/\\\/jornaldasoficinas.com\\\/pt\\\/#\\\/schema\\\/logo\\\/image\\\/\"},\"sameAs\":[\"https:\\\/\\\/www.facebook.com\\\/jornaloficinas\",\"https:\\\/\\\/x.com\\\/jornaloficinas\",\"https:\\\/\\\/www.instagram.com\\\/jornal_oficinas\\\/\",\"https:\\\/\\\/www.linkedin.com\\\/company\\\/jornal-das-oficinas\\\/\",\"https:\\\/\\\/www.youtube.com\\\/channel\\\/UCbQZBqtcvV-oSQrr7RzINGg\"]},{\"@type\":\"Person\",\"@id\":\"https:\\\/\\\/jornaldasoficinas.com\\\/pt\\\/#\\\/schema\\\/person\\\/a38eef5de2c41d9e7c9ac10141afddf3\",\"name\":\"Reda\u00e7\u00e3o JO\",\"image\":{\"@type\":\"ImageObject\",\"inLanguage\":\"pt-PT\",\"@id\":\"https:\\\/\\\/secure.gravatar.com\\\/avatar\\\/71f2fa71737ad68a84fea94bc708ddac8ea5b0c4788dc2ad202f3ccb2887742f?s=96&d=wp_user_avatar&r=g\",\"url\":\"https:\\\/\\\/secure.gravatar.com\\\/avatar\\\/71f2fa71737ad68a84fea94bc708ddac8ea5b0c4788dc2ad202f3ccb2887742f?s=96&d=wp_user_avatar&r=g\",\"contentUrl\":\"https:\\\/\\\/secure.gravatar.com\\\/avatar\\\/71f2fa71737ad68a84fea94bc708ddac8ea5b0c4788dc2ad202f3ccb2887742f?s=96&d=wp_user_avatar&r=g\",\"caption\":\"Reda\u00e7\u00e3o JO\"},\"url\":\"https:\\\/\\\/jornaldasoficinas.com\\\/pt\\\/author\\\/joredacao\\\/\"}]}<\/script>\n<!-- \/ Yoast SEO plugin. -->","yoast_head_json":{"title":"Autozit\u00e2nia e Bragalis anunciam nova Imagem - Jornal das Oficinas","robots":{"index":"index","follow":"follow","max-snippet":"max-snippet:-1","max-image-preview":"max-image-preview:large","max-video-preview":"max-video-preview:-1"},"canonical":"https:\/\/jornaldasoficinas.com\/pt\/autozitania-e-bragalis-anunciam-nova-imagem\/","og_locale":"pt_PT","og_type":"article","og_title":"Autozit\u00e2nia e Bragalis anunciam nova Imagem - Jornal das Oficinas","og_description":"A Autozit\u00e2nia e a Bragalis anunciam...","og_url":"https:\/\/jornaldasoficinas.com\/pt\/autozitania-e-bragalis-anunciam-nova-imagem\/","og_site_name":"Jornal das Oficinas","article_publisher":"https:\/\/www.facebook.com\/jornaloficinas","article_published_time":"2021-10-22T11:00:25+00:00","og_image":[{"width":1024,"height":581,"url":"https:\/\/jornaldasoficinas.com\/pt\/wp-content\/uploads\/2021\/09\/Autozitania-e-Bragalis.png","type":"image\/png"}],"author":"Reda\u00e7\u00e3o JO","twitter_card":"summary_large_image","twitter_creator":"@jornaloficinas","twitter_site":"@jornaloficinas","twitter_misc":{"Escrito por":"Reda\u00e7\u00e3o JO","Tempo estimado de leitura":"2 minutos"},"schema":{"@context":"https:\/\/schema.org","@graph":[{"@type":"Article","@id":"https:\/\/jornaldasoficinas.com\/pt\/autozitania-e-bragalis-anunciam-nova-imagem\/#article","isPartOf":{"@id":"https:\/\/jornaldasoficinas.com\/pt\/autozitania-e-bragalis-anunciam-nova-imagem\/"},"author":{"name":"Reda\u00e7\u00e3o JO","@id":"https:\/\/jornaldasoficinas.com\/pt\/#\/schema\/person\/a38eef5de2c41d9e7c9ac10141afddf3"},"headline":"Autozit\u00e2nia e Bragalis anunciam nova Imagem","datePublished":"2021-10-22T11:00:25+00:00","mainEntityOfPage":{"@id":"https:\/\/jornaldasoficinas.com\/pt\/autozitania-e-bragalis-anunciam-nova-imagem\/"},"wordCount":402,"publisher":{"@id":"https:\/\/jornaldasoficinas.com\/pt\/#organization"},"image":{"@id":"https:\/\/jornaldasoficinas.com\/pt\/autozitania-e-bragalis-anunciam-nova-imagem\/#primaryimage"},"thumbnailUrl":"https:\/\/jornaldasoficinas.com\/pt\/wp-content\/uploads\/2021\/09\/Autozitania-e-Bragalis.png","keywords":["Autozit\u00e2nia","Bragalis"],"articleSection":["Empresas"],"inLanguage":"pt-PT"},{"@type":"WebPage","@id":"https:\/\/jornaldasoficinas.com\/pt\/autozitania-e-bragalis-anunciam-nova-imagem\/","url":"https:\/\/jornaldasoficinas.com\/pt\/autozitania-e-bragalis-anunciam-nova-imagem\/","name":"Autozit\u00e2nia e Bragalis anunciam nova Imagem - Jornal das Oficinas","isPartOf":{"@id":"https:\/\/jornaldasoficinas.com\/pt\/#website"},"primaryImageOfPage":{"@id":"https:\/\/jornaldasoficinas.com\/pt\/autozitania-e-bragalis-anunciam-nova-imagem\/#primaryimage"},"image":{"@id":"https:\/\/jornaldasoficinas.com\/pt\/autozitania-e-bragalis-anunciam-nova-imagem\/#primaryimage"},"thumbnailUrl":"https:\/\/jornaldasoficinas.com\/pt\/wp-content\/uploads\/2021\/09\/Autozitania-e-Bragalis.png","datePublished":"2021-10-22T11:00:25+00:00","breadcrumb":{"@id":"https:\/\/jornaldasoficinas.com\/pt\/autozitania-e-bragalis-anunciam-nova-imagem\/#breadcrumb"},"inLanguage":"pt-PT","potentialAction":[{"@type":"ReadAction","target":["https:\/\/jornaldasoficinas.com\/pt\/autozitania-e-bragalis-anunciam-nova-imagem\/"]}]},{"@type":"ImageObject","inLanguage":"pt-PT","@id":"https:\/\/jornaldasoficinas.com\/pt\/autozitania-e-bragalis-anunciam-nova-imagem\/#primaryimage","url":"https:\/\/jornaldasoficinas.com\/pt\/wp-content\/uploads\/2021\/09\/Autozitania-e-Bragalis.png","contentUrl":"https:\/\/jornaldasoficinas.com\/pt\/wp-content\/uploads\/2021\/09\/Autozitania-e-Bragalis.png","width":1024,"height":581,"caption":"09 - Autozita\u0302nia-e-Bragalis"},{"@type":"BreadcrumbList","@id":"https:\/\/jornaldasoficinas.com\/pt\/autozitania-e-bragalis-anunciam-nova-imagem\/#breadcrumb","itemListElement":[{"@type":"ListItem","position":1,"name":"In\u00edcio","item":"https:\/\/jornaldasoficinas.com\/pt\/"},{"@type":"ListItem","position":2,"name":"Autozit\u00e2nia e Bragalis anunciam nova Imagem"}]},{"@type":"WebSite","@id":"https:\/\/jornaldasoficinas.com\/pt\/#website","url":"https:\/\/jornaldasoficinas.com\/pt\/","name":"Jornal das Oficinas","description":"Jornal independente do Aftermarket Autom\u00f3vel em Portugal","publisher":{"@id":"https:\/\/jornaldasoficinas.com\/pt\/#organization"},"potentialAction":[{"@type":"SearchAction","target":{"@type":"EntryPoint","urlTemplate":"https:\/\/jornaldasoficinas.com\/pt\/?s={search_term_string}"},"query-input":{"@type":"PropertyValueSpecification","valueRequired":true,"valueName":"search_term_string"}}],"inLanguage":"pt-PT"},{"@type":"Organization","@id":"https:\/\/jornaldasoficinas.com\/pt\/#organization","name":"Jornal das Oficinas","url":"https:\/\/jornaldasoficinas.com\/pt\/","logo":{"@type":"ImageObject","inLanguage":"pt-PT","@id":"https:\/\/jornaldasoficinas.com\/pt\/#\/schema\/logo\/image\/","url":"https:\/\/jornaldasoficinas.com\/pt\/wp-content\/uploads\/logoJO-SEO.png","contentUrl":"https:\/\/jornaldasoficinas.com\/pt\/wp-content\/uploads\/logoJO-SEO.png","width":285,"height":450,"caption":"Jornal das Oficinas"},"image":{"@id":"https:\/\/jornaldasoficinas.com\/pt\/#\/schema\/logo\/image\/"},"sameAs":["https:\/\/www.facebook.com\/jornaloficinas","https:\/\/x.com\/jornaloficinas","https:\/\/www.instagram.com\/jornal_oficinas\/","https:\/\/www.linkedin.com\/company\/jornal-das-oficinas\/","https:\/\/www.youtube.com\/channel\/UCbQZBqtcvV-oSQrr7RzINGg"]},{"@type":"Person","@id":"https:\/\/jornaldasoficinas.com\/pt\/#\/schema\/person\/a38eef5de2c41d9e7c9ac10141afddf3","name":"Reda\u00e7\u00e3o JO","image":{"@type":"ImageObject","inLanguage":"pt-PT","@id":"https:\/\/secure.gravatar.com\/avatar\/71f2fa71737ad68a84fea94bc708ddac8ea5b0c4788dc2ad202f3ccb2887742f?s=96&d=wp_user_avatar&r=g","url":"https:\/\/secure.gravatar.com\/avatar\/71f2fa71737ad68a84fea94bc708ddac8ea5b0c4788dc2ad202f3ccb2887742f?s=96&d=wp_user_avatar&r=g","contentUrl":"https:\/\/secure.gravatar.com\/avatar\/71f2fa71737ad68a84fea94bc708ddac8ea5b0c4788dc2ad202f3ccb2887742f?s=96&d=wp_user_avatar&r=g","caption":"Reda\u00e7\u00e3o JO"},"url":"https:\/\/jornaldasoficinas.com\/pt\/author\/joredacao\/"}]}},"_links":{"self":[{"href":"https:\/\/jornaldasoficinas.com\/pt\/wp-json\/wp\/v2\/posts\/24764","targetHints":{"allow":["GET"]}}],"collection":[{"href":"https:\/\/jornaldasoficinas.com\/pt\/wp-json\/wp\/v2\/posts"}],"about":[{"href":"https:\/\/jornaldasoficinas.com\/pt\/wp-json\/wp\/v2\/types\/post"}],"author":[{"embeddable":true,"href":"https:\/\/jornaldasoficinas.com\/pt\/wp-json\/wp\/v2\/users\/15"}],"replies":[{"embeddable":true,"href":"https:\/\/jornaldasoficinas.com\/pt\/wp-json\/wp\/v2\/comments?post=24764"}],"version-history":[{"count":0,"href":"https:\/\/jornaldasoficinas.com\/pt\/wp-json\/wp\/v2\/posts\/24764\/revisions"}],"wp:featuredmedia":[{"embeddable":true,"href":"https:\/\/jornaldasoficinas.com\/pt\/wp-json\/wp\/v2\/media\/24751"}],"wp:attachment":[{"href":"https:\/\/jornaldasoficinas.com\/pt\/wp-json\/wp\/v2\/media?parent=24764"}],"wp:term":[{"taxonomy":"category","embeddable":true,"href":"https:\/\/jornaldasoficinas.com\/pt\/wp-json\/wp\/v2\/categories?post=24764"},{"taxonomy":"post_tag","embeddable":true,"href":"https:\/\/jornaldasoficinas.com\/pt\/wp-json\/wp\/v2\/tags?post=24764"}],"curies":[{"name":"wp","href":"https:\/\/api.w.org\/{rel}","templated":true}]}}