{"id":24767,"date":"2021-10-22T14:00:41","date_gmt":"2021-10-22T13:00:41","guid":{"rendered":"https:\/\/jornaldasoficinas.com\/pt\/?p=24767"},"modified":"2021-10-22T09:47:52","modified_gmt":"2021-10-22T08:47:52","slug":"nrf-esta-a-mudar-se-para-novo-armazem","status":"publish","type":"post","link":"https:\/\/jornaldasoficinas.com\/pt\/nrf-esta-a-mudar-se-para-novo-armazem\/","title":{"rendered":"NRF est\u00e1 a mudar-se para novo armaz\u00e9m"},"content":{"rendered":"<p><strong><img loading=\"lazy\" decoding=\"async\" class=\"alignnone size-full wp-image-24753\" src=\"https:\/\/jornaldasoficinas.com\/pt\/wp-content\/uploads\/2021\/09\/NRF-esta-a-mudar-se.png\" alt=\"09 - NRF-esta-a-mudar-se\" width=\"1024\" height=\"581\" srcset=\"https:\/\/jornaldasoficinas.com\/pt\/wp-content\/uploads\/2021\/09\/NRF-esta-a-mudar-se.png 1024w, https:\/\/jornaldasoficinas.com\/pt\/wp-content\/uploads\/2021\/09\/NRF-esta-a-mudar-se-300x170.png 300w, https:\/\/jornaldasoficinas.com\/pt\/wp-content\/uploads\/2021\/09\/NRF-esta-a-mudar-se-150x85.png 150w, https:\/\/jornaldasoficinas.com\/pt\/wp-content\/uploads\/2021\/09\/NRF-esta-a-mudar-se-768x436.png 768w\" sizes=\"auto, (max-width: 1024px) 100vw, 1024px\" \/><\/strong><\/p>\n<p><strong>O novo armaz\u00e9m da NRF est\u00e1 localizado dentro da mesma plataforma log\u00edstica que a empresa possui Val\u00eancia, aumentando a sua capacidade de armazenamento em 50%<\/strong><\/p>\n<p>Entre 8 e 22 de Novembro as opera\u00e7\u00f5es em Val\u00eancia ser\u00e3o suspensas, mas a marca ter\u00e1 o apoio total do armaz\u00e9m de Madrid, que foi especialmente preparado para esta situa\u00e7\u00e3o. A empresa espera um regresso total \u00e0 normalidade durante a primeira semana de dezembro. Para qualquer consulta, os clientes poder\u00e3o contar com o apoio do seu contato comercial ou do departamento de aten\u00e7\u00e3o ao cliente +351 220 046\u00a0160.<\/p>\n<p>A NRF \u00e9 um dos l\u00edderes de mercado na produ\u00e7\u00e3o e distribui\u00e7\u00e3o de produtos aftermarket no campo dos sistemas de aquecimento, refrigera\u00e7\u00e3o e ar condicionado para ve\u00edculos ligeiros e comerciais.<\/p>\n<p>Desde 1927, a NRF tem sido l\u00edder de mercado dos produtos de\u00a0refrigera\u00e7\u00e3o para o mercado automotive, setores industrial, ferrovi\u00e1rio e marinho. A NRF \u00e9 conhecida pela produ\u00e7\u00e3o de radiadores de alta qualidade, mas tamb\u00e9m produz e fornece uma ampla gama de outros produtos de arrefecimento de motores e ar condicionado. Possui uma gama de produtos com mais de 8.000 refer\u00eancias, que est\u00e1 a expandir-se continuamente. Nos \u00faltimos quatro anos, a NRF duplicou o seu volume p\u00f3s-vendas. Para facilitar este crescimento, a NRF est\u00e1 a aumentar a capacidade dos\u00a0seus armaz\u00e9ns e a investir na cadeia de fornecimento.<\/p>\n<p><strong>NRF global:<\/strong><\/p>\n<p>&#8211; 8 instala\u00e7\u00f5es (3 Europa\/5 \u00c1sia)<\/p>\n<p>&#8211; 19\u00a0armaz\u00e9ns\u00a0posicionados estrategicamente<\/p>\n<p>&#8211; Gama de produtos para p\u00f3s-venda com mais de 8.000 produtos<\/p>\n<p>&#8211; L\u00edder de mercado no setor de refrigera\u00e7\u00e3o marinho<\/p>\n<p>&#8211; Engenharia global, instala\u00e7\u00f5es de desenvolvimento e testes<\/p>\n<p>&#8211; Exporta para mais de 80 pa\u00edses em todo o mundo<\/p>\n<p><strong>Pesquisa e Desenvolvimento <\/strong><\/p>\n<p>A NRF tem 8 f\u00e1bricas em todo o mundo das quais 3 na Europa e 5 na \u00c1sia. Na Europa, a NRF tem o seu pr\u00f3prio departamento de Pesquisa e Desenvolvimento com acesso \u00e0s instala\u00e7\u00f5es de teste e software de design moderno.<\/p>\n<p><strong>Cadeia de Fornecimento <\/strong><\/p>\n<p>Com 19 armaz\u00e9ns estrategicamente posicionados, a NRF tem uma forte rede global. Com parceiros de log\u00edstica cuidadosamente selecionados, \u00e9 capaz de oferecer v\u00e1rios servi\u00e7os de entrega por regi\u00e3o.<\/p>\n","protected":false},"excerpt":{"rendered":"<p>O novo armaz\u00e9m da NRF est\u00e1&#8230;<\/p>\n","protected":false},"author":15,"featured_media":24753,"comment_status":"closed","ping_status":"closed","sticky":false,"template":"","format":"standard","meta":{"footnotes":""},"categories":[29],"tags":[249],"class_list":["post-24767","post","type-post","status-publish","format-standard","has-post-thumbnail","hentry","category-empresas","tag-nrf"],"yoast_head":"<!-- This site is optimized with the Yoast SEO plugin v27.4 - https:\/\/yoast.com\/product\/yoast-seo-wordpress\/ -->\n<title>NRF est\u00e1 a mudar-se para novo armaz\u00e9m - Jornal das Oficinas<\/title>\n<meta name=\"robots\" content=\"index, follow, max-snippet:-1, max-image-preview:large, max-video-preview:-1\" \/>\n<link rel=\"canonical\" href=\"https:\/\/jornaldasoficinas.com\/pt\/nrf-esta-a-mudar-se-para-novo-armazem\/\" \/>\n<meta property=\"og:locale\" content=\"pt_PT\" \/>\n<meta property=\"og:type\" content=\"article\" \/>\n<meta property=\"og:title\" content=\"NRF est\u00e1 a mudar-se para novo armaz\u00e9m - Jornal das Oficinas\" \/>\n<meta property=\"og:description\" content=\"O novo armaz\u00e9m da NRF est\u00e1...\" \/>\n<meta property=\"og:url\" content=\"https:\/\/jornaldasoficinas.com\/pt\/nrf-esta-a-mudar-se-para-novo-armazem\/\" \/>\n<meta property=\"og:site_name\" content=\"Jornal das Oficinas\" \/>\n<meta property=\"article:publisher\" content=\"https:\/\/www.facebook.com\/jornaloficinas\" \/>\n<meta property=\"article:published_time\" content=\"2021-10-22T13:00:41+00:00\" \/>\n<meta property=\"og:image\" content=\"https:\/\/jornaldasoficinas.com\/pt\/wp-content\/uploads\/2021\/09\/NRF-esta-a-mudar-se.png\" \/>\n\t<meta property=\"og:image:width\" content=\"1024\" \/>\n\t<meta property=\"og:image:height\" content=\"581\" \/>\n\t<meta property=\"og:image:type\" content=\"image\/png\" \/>\n<meta name=\"author\" content=\"Reda\u00e7\u00e3o JO\" \/>\n<meta name=\"twitter:card\" content=\"summary_large_image\" \/>\n<meta name=\"twitter:creator\" content=\"@jornaloficinas\" \/>\n<meta name=\"twitter:site\" content=\"@jornaloficinas\" \/>\n<meta name=\"twitter:label1\" content=\"Escrito por\" \/>\n\t<meta name=\"twitter:data1\" content=\"Reda\u00e7\u00e3o JO\" \/>\n\t<meta name=\"twitter:label2\" content=\"Tempo estimado de leitura\" \/>\n\t<meta name=\"twitter:data2\" content=\"2 minutos\" \/>\n<script type=\"application\/ld+json\" class=\"yoast-schema-graph\">{\"@context\":\"https:\\\/\\\/schema.org\",\"@graph\":[{\"@type\":\"Article\",\"@id\":\"https:\\\/\\\/jornaldasoficinas.com\\\/pt\\\/nrf-esta-a-mudar-se-para-novo-armazem\\\/#article\",\"isPartOf\":{\"@id\":\"https:\\\/\\\/jornaldasoficinas.com\\\/pt\\\/nrf-esta-a-mudar-se-para-novo-armazem\\\/\"},\"author\":{\"name\":\"Reda\u00e7\u00e3o JO\",\"@id\":\"https:\\\/\\\/jornaldasoficinas.com\\\/pt\\\/#\\\/schema\\\/person\\\/a38eef5de2c41d9e7c9ac10141afddf3\"},\"headline\":\"NRF est\u00e1 a mudar-se para novo armaz\u00e9m\",\"datePublished\":\"2021-10-22T13:00:41+00:00\",\"mainEntityOfPage\":{\"@id\":\"https:\\\/\\\/jornaldasoficinas.com\\\/pt\\\/nrf-esta-a-mudar-se-para-novo-armazem\\\/\"},\"wordCount\":374,\"publisher\":{\"@id\":\"https:\\\/\\\/jornaldasoficinas.com\\\/pt\\\/#organization\"},\"image\":{\"@id\":\"https:\\\/\\\/jornaldasoficinas.com\\\/pt\\\/nrf-esta-a-mudar-se-para-novo-armazem\\\/#primaryimage\"},\"thumbnailUrl\":\"https:\\\/\\\/jornaldasoficinas.com\\\/pt\\\/wp-content\\\/uploads\\\/2021\\\/09\\\/NRF-esta-a-mudar-se.png\",\"keywords\":[\"NRF\"],\"articleSection\":[\"Empresas\"],\"inLanguage\":\"pt-PT\"},{\"@type\":\"WebPage\",\"@id\":\"https:\\\/\\\/jornaldasoficinas.com\\\/pt\\\/nrf-esta-a-mudar-se-para-novo-armazem\\\/\",\"url\":\"https:\\\/\\\/jornaldasoficinas.com\\\/pt\\\/nrf-esta-a-mudar-se-para-novo-armazem\\\/\",\"name\":\"NRF est\u00e1 a mudar-se para novo armaz\u00e9m - Jornal das Oficinas\",\"isPartOf\":{\"@id\":\"https:\\\/\\\/jornaldasoficinas.com\\\/pt\\\/#website\"},\"primaryImageOfPage\":{\"@id\":\"https:\\\/\\\/jornaldasoficinas.com\\\/pt\\\/nrf-esta-a-mudar-se-para-novo-armazem\\\/#primaryimage\"},\"image\":{\"@id\":\"https:\\\/\\\/jornaldasoficinas.com\\\/pt\\\/nrf-esta-a-mudar-se-para-novo-armazem\\\/#primaryimage\"},\"thumbnailUrl\":\"https:\\\/\\\/jornaldasoficinas.com\\\/pt\\\/wp-content\\\/uploads\\\/2021\\\/09\\\/NRF-esta-a-mudar-se.png\",\"datePublished\":\"2021-10-22T13:00:41+00:00\",\"breadcrumb\":{\"@id\":\"https:\\\/\\\/jornaldasoficinas.com\\\/pt\\\/nrf-esta-a-mudar-se-para-novo-armazem\\\/#breadcrumb\"},\"inLanguage\":\"pt-PT\",\"potentialAction\":[{\"@type\":\"ReadAction\",\"target\":[\"https:\\\/\\\/jornaldasoficinas.com\\\/pt\\\/nrf-esta-a-mudar-se-para-novo-armazem\\\/\"]}]},{\"@type\":\"ImageObject\",\"inLanguage\":\"pt-PT\",\"@id\":\"https:\\\/\\\/jornaldasoficinas.com\\\/pt\\\/nrf-esta-a-mudar-se-para-novo-armazem\\\/#primaryimage\",\"url\":\"https:\\\/\\\/jornaldasoficinas.com\\\/pt\\\/wp-content\\\/uploads\\\/2021\\\/09\\\/NRF-esta-a-mudar-se.png\",\"contentUrl\":\"https:\\\/\\\/jornaldasoficinas.com\\\/pt\\\/wp-content\\\/uploads\\\/2021\\\/09\\\/NRF-esta-a-mudar-se.png\",\"width\":1024,\"height\":581,\"caption\":\"09 - NRF-esta-a-mudar-se\"},{\"@type\":\"BreadcrumbList\",\"@id\":\"https:\\\/\\\/jornaldasoficinas.com\\\/pt\\\/nrf-esta-a-mudar-se-para-novo-armazem\\\/#breadcrumb\",\"itemListElement\":[{\"@type\":\"ListItem\",\"position\":1,\"name\":\"In\u00edcio\",\"item\":\"https:\\\/\\\/jornaldasoficinas.com\\\/pt\\\/\"},{\"@type\":\"ListItem\",\"position\":2,\"name\":\"NRF est\u00e1 a mudar-se para novo armaz\u00e9m\"}]},{\"@type\":\"WebSite\",\"@id\":\"https:\\\/\\\/jornaldasoficinas.com\\\/pt\\\/#website\",\"url\":\"https:\\\/\\\/jornaldasoficinas.com\\\/pt\\\/\",\"name\":\"Jornal das Oficinas\",\"description\":\"Jornal independente do Aftermarket Autom\u00f3vel em Portugal\",\"publisher\":{\"@id\":\"https:\\\/\\\/jornaldasoficinas.com\\\/pt\\\/#organization\"},\"potentialAction\":[{\"@type\":\"SearchAction\",\"target\":{\"@type\":\"EntryPoint\",\"urlTemplate\":\"https:\\\/\\\/jornaldasoficinas.com\\\/pt\\\/?s={search_term_string}\"},\"query-input\":{\"@type\":\"PropertyValueSpecification\",\"valueRequired\":true,\"valueName\":\"search_term_string\"}}],\"inLanguage\":\"pt-PT\"},{\"@type\":\"Organization\",\"@id\":\"https:\\\/\\\/jornaldasoficinas.com\\\/pt\\\/#organization\",\"name\":\"Jornal das Oficinas\",\"url\":\"https:\\\/\\\/jornaldasoficinas.com\\\/pt\\\/\",\"logo\":{\"@type\":\"ImageObject\",\"inLanguage\":\"pt-PT\",\"@id\":\"https:\\\/\\\/jornaldasoficinas.com\\\/pt\\\/#\\\/schema\\\/logo\\\/image\\\/\",\"url\":\"https:\\\/\\\/jornaldasoficinas.com\\\/pt\\\/wp-content\\\/uploads\\\/logoJO-SEO.png\",\"contentUrl\":\"https:\\\/\\\/jornaldasoficinas.com\\\/pt\\\/wp-content\\\/uploads\\\/logoJO-SEO.png\",\"width\":285,\"height\":450,\"caption\":\"Jornal das Oficinas\"},\"image\":{\"@id\":\"https:\\\/\\\/jornaldasoficinas.com\\\/pt\\\/#\\\/schema\\\/logo\\\/image\\\/\"},\"sameAs\":[\"https:\\\/\\\/www.facebook.com\\\/jornaloficinas\",\"https:\\\/\\\/x.com\\\/jornaloficinas\",\"https:\\\/\\\/www.instagram.com\\\/jornal_oficinas\\\/\",\"https:\\\/\\\/www.linkedin.com\\\/company\\\/jornal-das-oficinas\\\/\",\"https:\\\/\\\/www.youtube.com\\\/channel\\\/UCbQZBqtcvV-oSQrr7RzINGg\"]},{\"@type\":\"Person\",\"@id\":\"https:\\\/\\\/jornaldasoficinas.com\\\/pt\\\/#\\\/schema\\\/person\\\/a38eef5de2c41d9e7c9ac10141afddf3\",\"name\":\"Reda\u00e7\u00e3o JO\",\"image\":{\"@type\":\"ImageObject\",\"inLanguage\":\"pt-PT\",\"@id\":\"https:\\\/\\\/secure.gravatar.com\\\/avatar\\\/71f2fa71737ad68a84fea94bc708ddac8ea5b0c4788dc2ad202f3ccb2887742f?s=96&d=wp_user_avatar&r=g\",\"url\":\"https:\\\/\\\/secure.gravatar.com\\\/avatar\\\/71f2fa71737ad68a84fea94bc708ddac8ea5b0c4788dc2ad202f3ccb2887742f?s=96&d=wp_user_avatar&r=g\",\"contentUrl\":\"https:\\\/\\\/secure.gravatar.com\\\/avatar\\\/71f2fa71737ad68a84fea94bc708ddac8ea5b0c4788dc2ad202f3ccb2887742f?s=96&d=wp_user_avatar&r=g\",\"caption\":\"Reda\u00e7\u00e3o JO\"},\"url\":\"https:\\\/\\\/jornaldasoficinas.com\\\/pt\\\/author\\\/joredacao\\\/\"}]}<\/script>\n<!-- \/ Yoast SEO plugin. -->","yoast_head_json":{"title":"NRF est\u00e1 a mudar-se para novo armaz\u00e9m - Jornal das Oficinas","robots":{"index":"index","follow":"follow","max-snippet":"max-snippet:-1","max-image-preview":"max-image-preview:large","max-video-preview":"max-video-preview:-1"},"canonical":"https:\/\/jornaldasoficinas.com\/pt\/nrf-esta-a-mudar-se-para-novo-armazem\/","og_locale":"pt_PT","og_type":"article","og_title":"NRF est\u00e1 a mudar-se para novo armaz\u00e9m - Jornal das Oficinas","og_description":"O novo armaz\u00e9m da NRF est\u00e1...","og_url":"https:\/\/jornaldasoficinas.com\/pt\/nrf-esta-a-mudar-se-para-novo-armazem\/","og_site_name":"Jornal das Oficinas","article_publisher":"https:\/\/www.facebook.com\/jornaloficinas","article_published_time":"2021-10-22T13:00:41+00:00","og_image":[{"width":1024,"height":581,"url":"https:\/\/jornaldasoficinas.com\/pt\/wp-content\/uploads\/2021\/09\/NRF-esta-a-mudar-se.png","type":"image\/png"}],"author":"Reda\u00e7\u00e3o JO","twitter_card":"summary_large_image","twitter_creator":"@jornaloficinas","twitter_site":"@jornaloficinas","twitter_misc":{"Escrito por":"Reda\u00e7\u00e3o JO","Tempo estimado de leitura":"2 minutos"},"schema":{"@context":"https:\/\/schema.org","@graph":[{"@type":"Article","@id":"https:\/\/jornaldasoficinas.com\/pt\/nrf-esta-a-mudar-se-para-novo-armazem\/#article","isPartOf":{"@id":"https:\/\/jornaldasoficinas.com\/pt\/nrf-esta-a-mudar-se-para-novo-armazem\/"},"author":{"name":"Reda\u00e7\u00e3o JO","@id":"https:\/\/jornaldasoficinas.com\/pt\/#\/schema\/person\/a38eef5de2c41d9e7c9ac10141afddf3"},"headline":"NRF est\u00e1 a mudar-se para novo armaz\u00e9m","datePublished":"2021-10-22T13:00:41+00:00","mainEntityOfPage":{"@id":"https:\/\/jornaldasoficinas.com\/pt\/nrf-esta-a-mudar-se-para-novo-armazem\/"},"wordCount":374,"publisher":{"@id":"https:\/\/jornaldasoficinas.com\/pt\/#organization"},"image":{"@id":"https:\/\/jornaldasoficinas.com\/pt\/nrf-esta-a-mudar-se-para-novo-armazem\/#primaryimage"},"thumbnailUrl":"https:\/\/jornaldasoficinas.com\/pt\/wp-content\/uploads\/2021\/09\/NRF-esta-a-mudar-se.png","keywords":["NRF"],"articleSection":["Empresas"],"inLanguage":"pt-PT"},{"@type":"WebPage","@id":"https:\/\/jornaldasoficinas.com\/pt\/nrf-esta-a-mudar-se-para-novo-armazem\/","url":"https:\/\/jornaldasoficinas.com\/pt\/nrf-esta-a-mudar-se-para-novo-armazem\/","name":"NRF est\u00e1 a mudar-se para novo armaz\u00e9m - Jornal das Oficinas","isPartOf":{"@id":"https:\/\/jornaldasoficinas.com\/pt\/#website"},"primaryImageOfPage":{"@id":"https:\/\/jornaldasoficinas.com\/pt\/nrf-esta-a-mudar-se-para-novo-armazem\/#primaryimage"},"image":{"@id":"https:\/\/jornaldasoficinas.com\/pt\/nrf-esta-a-mudar-se-para-novo-armazem\/#primaryimage"},"thumbnailUrl":"https:\/\/jornaldasoficinas.com\/pt\/wp-content\/uploads\/2021\/09\/NRF-esta-a-mudar-se.png","datePublished":"2021-10-22T13:00:41+00:00","breadcrumb":{"@id":"https:\/\/jornaldasoficinas.com\/pt\/nrf-esta-a-mudar-se-para-novo-armazem\/#breadcrumb"},"inLanguage":"pt-PT","potentialAction":[{"@type":"ReadAction","target":["https:\/\/jornaldasoficinas.com\/pt\/nrf-esta-a-mudar-se-para-novo-armazem\/"]}]},{"@type":"ImageObject","inLanguage":"pt-PT","@id":"https:\/\/jornaldasoficinas.com\/pt\/nrf-esta-a-mudar-se-para-novo-armazem\/#primaryimage","url":"https:\/\/jornaldasoficinas.com\/pt\/wp-content\/uploads\/2021\/09\/NRF-esta-a-mudar-se.png","contentUrl":"https:\/\/jornaldasoficinas.com\/pt\/wp-content\/uploads\/2021\/09\/NRF-esta-a-mudar-se.png","width":1024,"height":581,"caption":"09 - NRF-esta-a-mudar-se"},{"@type":"BreadcrumbList","@id":"https:\/\/jornaldasoficinas.com\/pt\/nrf-esta-a-mudar-se-para-novo-armazem\/#breadcrumb","itemListElement":[{"@type":"ListItem","position":1,"name":"In\u00edcio","item":"https:\/\/jornaldasoficinas.com\/pt\/"},{"@type":"ListItem","position":2,"name":"NRF est\u00e1 a mudar-se para novo armaz\u00e9m"}]},{"@type":"WebSite","@id":"https:\/\/jornaldasoficinas.com\/pt\/#website","url":"https:\/\/jornaldasoficinas.com\/pt\/","name":"Jornal das Oficinas","description":"Jornal independente do Aftermarket Autom\u00f3vel em Portugal","publisher":{"@id":"https:\/\/jornaldasoficinas.com\/pt\/#organization"},"potentialAction":[{"@type":"SearchAction","target":{"@type":"EntryPoint","urlTemplate":"https:\/\/jornaldasoficinas.com\/pt\/?s={search_term_string}"},"query-input":{"@type":"PropertyValueSpecification","valueRequired":true,"valueName":"search_term_string"}}],"inLanguage":"pt-PT"},{"@type":"Organization","@id":"https:\/\/jornaldasoficinas.com\/pt\/#organization","name":"Jornal das Oficinas","url":"https:\/\/jornaldasoficinas.com\/pt\/","logo":{"@type":"ImageObject","inLanguage":"pt-PT","@id":"https:\/\/jornaldasoficinas.com\/pt\/#\/schema\/logo\/image\/","url":"https:\/\/jornaldasoficinas.com\/pt\/wp-content\/uploads\/logoJO-SEO.png","contentUrl":"https:\/\/jornaldasoficinas.com\/pt\/wp-content\/uploads\/logoJO-SEO.png","width":285,"height":450,"caption":"Jornal das Oficinas"},"image":{"@id":"https:\/\/jornaldasoficinas.com\/pt\/#\/schema\/logo\/image\/"},"sameAs":["https:\/\/www.facebook.com\/jornaloficinas","https:\/\/x.com\/jornaloficinas","https:\/\/www.instagram.com\/jornal_oficinas\/","https:\/\/www.linkedin.com\/company\/jornal-das-oficinas\/","https:\/\/www.youtube.com\/channel\/UCbQZBqtcvV-oSQrr7RzINGg"]},{"@type":"Person","@id":"https:\/\/jornaldasoficinas.com\/pt\/#\/schema\/person\/a38eef5de2c41d9e7c9ac10141afddf3","name":"Reda\u00e7\u00e3o JO","image":{"@type":"ImageObject","inLanguage":"pt-PT","@id":"https:\/\/secure.gravatar.com\/avatar\/71f2fa71737ad68a84fea94bc708ddac8ea5b0c4788dc2ad202f3ccb2887742f?s=96&d=wp_user_avatar&r=g","url":"https:\/\/secure.gravatar.com\/avatar\/71f2fa71737ad68a84fea94bc708ddac8ea5b0c4788dc2ad202f3ccb2887742f?s=96&d=wp_user_avatar&r=g","contentUrl":"https:\/\/secure.gravatar.com\/avatar\/71f2fa71737ad68a84fea94bc708ddac8ea5b0c4788dc2ad202f3ccb2887742f?s=96&d=wp_user_avatar&r=g","caption":"Reda\u00e7\u00e3o JO"},"url":"https:\/\/jornaldasoficinas.com\/pt\/author\/joredacao\/"}]}},"_links":{"self":[{"href":"https:\/\/jornaldasoficinas.com\/pt\/wp-json\/wp\/v2\/posts\/24767","targetHints":{"allow":["GET"]}}],"collection":[{"href":"https:\/\/jornaldasoficinas.com\/pt\/wp-json\/wp\/v2\/posts"}],"about":[{"href":"https:\/\/jornaldasoficinas.com\/pt\/wp-json\/wp\/v2\/types\/post"}],"author":[{"embeddable":true,"href":"https:\/\/jornaldasoficinas.com\/pt\/wp-json\/wp\/v2\/users\/15"}],"replies":[{"embeddable":true,"href":"https:\/\/jornaldasoficinas.com\/pt\/wp-json\/wp\/v2\/comments?post=24767"}],"version-history":[{"count":0,"href":"https:\/\/jornaldasoficinas.com\/pt\/wp-json\/wp\/v2\/posts\/24767\/revisions"}],"wp:featuredmedia":[{"embeddable":true,"href":"https:\/\/jornaldasoficinas.com\/pt\/wp-json\/wp\/v2\/media\/24753"}],"wp:attachment":[{"href":"https:\/\/jornaldasoficinas.com\/pt\/wp-json\/wp\/v2\/media?parent=24767"}],"wp:term":[{"taxonomy":"category","embeddable":true,"href":"https:\/\/jornaldasoficinas.com\/pt\/wp-json\/wp\/v2\/categories?post=24767"},{"taxonomy":"post_tag","embeddable":true,"href":"https:\/\/jornaldasoficinas.com\/pt\/wp-json\/wp\/v2\/tags?post=24767"}],"curies":[{"name":"wp","href":"https:\/\/api.w.org\/{rel}","templated":true}]}}