{"id":24769,"date":"2021-10-22T16:00:01","date_gmt":"2021-10-22T15:00:01","guid":{"rendered":"https:\/\/jornaldasoficinas.com\/pt\/?p=24769"},"modified":"2021-10-22T12:10:24","modified_gmt":"2021-10-22T11:10:24","slug":"comercializadoras-de-mobilidade-eletrica-criam-apocme","status":"publish","type":"post","link":"https:\/\/jornaldasoficinas.com\/pt\/comercializadoras-de-mobilidade-eletrica-criam-apocme\/","title":{"rendered":"Comercializadoras de mobilidade el\u00e9trica criam APOCME"},"content":{"rendered":"<p><img loading=\"lazy\" decoding=\"async\" class=\"size-full wp-image-24770\" src=\"https:\/\/jornaldasoficinas.com\/pt\/wp-content\/uploads\/2021\/09\/Comercializadoras-de-mobilidade.jpg\" alt=\"09 - Comercializadoras-de-mobilidade\" width=\"1024\" height=\"581\" srcset=\"https:\/\/jornaldasoficinas.com\/pt\/wp-content\/uploads\/2021\/09\/Comercializadoras-de-mobilidade.jpg 1024w, https:\/\/jornaldasoficinas.com\/pt\/wp-content\/uploads\/2021\/09\/Comercializadoras-de-mobilidade-300x170.jpg 300w, https:\/\/jornaldasoficinas.com\/pt\/wp-content\/uploads\/2021\/09\/Comercializadoras-de-mobilidade-150x85.jpg 150w, https:\/\/jornaldasoficinas.com\/pt\/wp-content\/uploads\/2021\/09\/Comercializadoras-de-mobilidade-768x436.jpg 768w\" sizes=\"auto, (max-width: 1024px) 100vw, 1024px\" \/><\/p>\n<p><strong>Cinco das empresas mais relevantes no panorama da mobilidade el\u00e9trica aliaram-se para impulsionar o setor. A APOCME \u2013 Associa\u00e7\u00e3o Portuguesa de Operadores e Comercializadores de Mobilidade El\u00e9trica \u2013 pretende ser um f\u00f3rum importante na defesa das empresas do setor e dos interesses de cada vez mais utilizadores<\/strong><\/p>\n<p>A PRIO.E, a EDP Comercial, a Galp Power, a KLC e a Mobiletric querem dar resposta a uma procura significativa por este mercado \u2013 desde janeiro, j\u00e1 se venderam mais de 19 mil ve\u00edculos el\u00e9tricos em Portugal, segundo dados da UVE \u2013 Associa\u00e7\u00e3o dos Utilizadores de Ve\u00edculos El\u00e9tricos.<\/p>\n<p>Para responder a esta procura, os operadores de pontos de carregamento e os comercializadores de energia devem continuar a fazer crescer a rede p\u00fablica e as op\u00e7\u00f5es de carregamento. Para isso, os processos de licenciamento devem ser cada vez mais r\u00e1pidos e \u00e1geis e as solu\u00e7\u00f5es para os utilizadores cada vez mais digitais e acess\u00edveis.<\/p>\n<p>A APOCME pretende promover estes valores junto do Governo e das principais entidades nacionais e internacionais, assim como aproximar-se do p\u00fablico em geral, proporcionando um conhecimento crescente sobre os benef\u00edcios da mobilidade el\u00e9trica nas suas v\u00e1rias componentes: ambientais, que se traduzem numa mobilidade sem emiss\u00f5es de carbono; econ\u00f3micas, com o custo total de propriedade de um el\u00e9trico cada vez mais baixo, face a um ve\u00edculo a combust\u00e3o; e fiscal, devido aos incentivos atualmente em vigor.<\/p>\n<p>\u201cApesar de legislada em Portugal h\u00e1 mais de 10 anos, a mobilidade el\u00e9trica apenas entrou na fase de mercado no final de 2018. Nestes \u00faltimos tr\u00eas anos temos assistido a uma evolu\u00e7\u00e3o enorme no mercado \u2013 em n\u00famero de ve\u00edculos e utilizadores, na dimens\u00e3o da rede de carregamento e em novas solu\u00e7\u00f5es que facilitam a ado\u00e7\u00e3o deste tipo de mobilidade por novos UVE. Faz por isso todo o sentido a cria\u00e7\u00e3o da APOCME. Pretendemos unir esfor\u00e7os com a ind\u00fastria para um desenvolvimento sustent\u00e1vel da mobilidade el\u00e9trica com foco no utilizador. A PRIO n\u00e3o poderia deixar de estar presente e contribuir com a experi\u00eancia acumulada de mais de 10 anos nesta \u00e1rea de atividade\u201d, referiu Carlos Ferraz, Presidente da APOCME e Respons\u00e1vel Mobilidade El\u00e9trica da PRIO.<\/p>\n<p>\u201cNesta fase em que vemos uma clara acelera\u00e7\u00e3o nesta transi\u00e7\u00e3o para uma mobilidade mais sustent\u00e1vel, exige-se tamb\u00e9m uma responsabilidade acrescida a todos os intervenientes do setor, para uma implementa\u00e7\u00e3o eficaz do modelo Mobi.e, da sua evolu\u00e7\u00e3o e da melhor forma de potenciar esse impacto de forma positiva para os utilizadores de ve\u00edculos el\u00e9tricos\u201d, declara\u00a0Gon\u00e7alo Castelo Branco, diretor de Mobilidade Inteligente da EDP Comercial.<\/p>\n<p>\u201cEsperamos que a cria\u00e7\u00e3o desta Associa\u00e7\u00e3o contribua significativamente para o desenvolvimento do setor em Portugal, na medida em que procurar\u00e1 garantir uma converg\u00eancia de ideias ao n\u00edvel das empresas que mais investem neste neg\u00f3cio e que t\u00eam todo em interesse em criar as condi\u00e7\u00f5es necess\u00e1rias para um crescimento acelerado e sustent\u00e1vel da mobilidade el\u00e9trica\u201d, explicou \u00a0Rui Vieira, Respons\u00e1vel de Mobilidade El\u00e9trica da Galp.<\/p>\n<p>\u201cTendo em conta o crescimento da mobilidade el\u00e9trica nos \u00faltimos anos e a evolu\u00e7\u00e3o prevista para os pr\u00f3ximos, penso que \u00e9 \u00fatil a KLC, que opera em v\u00e1rias vertentes do sector, estar presente na APOCME e poder contribuir para esta transi\u00e7\u00e3o energ\u00e9tica\u201d afirmou Pedro Nunes, CEO KLC.<\/p>\n<p>Segundo a MOBILETRIC \u201cO advento da Mobilidade El\u00e9trica \u00e9 uma das principais consequ\u00eancias das mudan\u00e7as contempor\u00e2neas nas nossas Sociedades, impelindo a uma necessidade de dotar as infraestuturas de capacidade de servi\u00e7o, quer seja carregamento, quer seja acessibilidade a elementos ou at\u00e9 na capacidade de planear e gerir a energia. Desta forma, a Mobiletric acredita que os desafios presentes devem ser encarados de forma individual por cada um dos agentes econ\u00f3micos, mas os mesmos, pela sua natureza sist\u00e9mica, devem ser sujeito de reflex\u00e3o do conjunto dos agentes, neste caso os Operadores de Mobilidade El\u00e9trica. A presen\u00e7a na APOCME responde a essa necessidade e fazemos votos para que tal seja o pron\u00fancio de um maior esclarecimento e benef\u00edcio de todos os que participam, empresas e utilizadores\u201d, declara\u00a0Jo\u00e3o Matos Gomes, diretor-geral da Mobiletric, Lda.<\/p>\n","protected":false},"excerpt":{"rendered":"<p>Cinco das empresas mais relevantes no&#8230;<\/p>\n","protected":false},"author":15,"featured_media":24770,"comment_status":"closed","ping_status":"closed","sticky":false,"template":"","format":"standard","meta":{"footnotes":""},"categories":[37],"tags":[2711],"class_list":["post-24769","post","type-post","status-publish","format-standard","has-post-thumbnail","hentry","category-mercado","tag-apocme"],"yoast_head":"<!-- This site is optimized with the Yoast SEO plugin v27.4 - https:\/\/yoast.com\/product\/yoast-seo-wordpress\/ -->\n<title>Comercializadoras de mobilidade el\u00e9trica criam APOCME - Jornal das Oficinas<\/title>\n<meta name=\"robots\" content=\"index, follow, max-snippet:-1, max-image-preview:large, max-video-preview:-1\" \/>\n<link rel=\"canonical\" href=\"https:\/\/jornaldasoficinas.com\/pt\/comercializadoras-de-mobilidade-eletrica-criam-apocme\/\" \/>\n<meta property=\"og:locale\" content=\"pt_PT\" \/>\n<meta property=\"og:type\" content=\"article\" \/>\n<meta property=\"og:title\" content=\"Comercializadoras de mobilidade el\u00e9trica criam APOCME - Jornal das Oficinas\" \/>\n<meta property=\"og:description\" content=\"Cinco das empresas mais relevantes no...\" \/>\n<meta property=\"og:url\" content=\"https:\/\/jornaldasoficinas.com\/pt\/comercializadoras-de-mobilidade-eletrica-criam-apocme\/\" \/>\n<meta property=\"og:site_name\" content=\"Jornal das Oficinas\" \/>\n<meta property=\"article:publisher\" content=\"https:\/\/www.facebook.com\/jornaloficinas\" \/>\n<meta property=\"article:published_time\" content=\"2021-10-22T15:00:01+00:00\" \/>\n<meta property=\"og:image\" content=\"https:\/\/jornaldasoficinas.com\/pt\/wp-content\/uploads\/2021\/09\/Comercializadoras-de-mobilidade.jpg\" \/>\n\t<meta property=\"og:image:width\" content=\"1024\" \/>\n\t<meta property=\"og:image:height\" content=\"581\" \/>\n\t<meta property=\"og:image:type\" content=\"image\/jpeg\" \/>\n<meta name=\"author\" content=\"Reda\u00e7\u00e3o JO\" \/>\n<meta name=\"twitter:card\" content=\"summary_large_image\" \/>\n<meta name=\"twitter:creator\" content=\"@jornaloficinas\" \/>\n<meta name=\"twitter:site\" content=\"@jornaloficinas\" \/>\n<meta name=\"twitter:label1\" content=\"Escrito por\" \/>\n\t<meta name=\"twitter:data1\" content=\"Reda\u00e7\u00e3o JO\" \/>\n\t<meta name=\"twitter:label2\" content=\"Tempo estimado de leitura\" \/>\n\t<meta name=\"twitter:data2\" content=\"4 minutos\" \/>\n<script type=\"application\/ld+json\" class=\"yoast-schema-graph\">{\"@context\":\"https:\\\/\\\/schema.org\",\"@graph\":[{\"@type\":\"Article\",\"@id\":\"https:\\\/\\\/jornaldasoficinas.com\\\/pt\\\/comercializadoras-de-mobilidade-eletrica-criam-apocme\\\/#article\",\"isPartOf\":{\"@id\":\"https:\\\/\\\/jornaldasoficinas.com\\\/pt\\\/comercializadoras-de-mobilidade-eletrica-criam-apocme\\\/\"},\"author\":{\"name\":\"Reda\u00e7\u00e3o JO\",\"@id\":\"https:\\\/\\\/jornaldasoficinas.com\\\/pt\\\/#\\\/schema\\\/person\\\/a38eef5de2c41d9e7c9ac10141afddf3\"},\"headline\":\"Comercializadoras de mobilidade el\u00e9trica criam APOCME\",\"datePublished\":\"2021-10-22T15:00:01+00:00\",\"mainEntityOfPage\":{\"@id\":\"https:\\\/\\\/jornaldasoficinas.com\\\/pt\\\/comercializadoras-de-mobilidade-eletrica-criam-apocme\\\/\"},\"wordCount\":734,\"publisher\":{\"@id\":\"https:\\\/\\\/jornaldasoficinas.com\\\/pt\\\/#organization\"},\"image\":{\"@id\":\"https:\\\/\\\/jornaldasoficinas.com\\\/pt\\\/comercializadoras-de-mobilidade-eletrica-criam-apocme\\\/#primaryimage\"},\"thumbnailUrl\":\"https:\\\/\\\/jornaldasoficinas.com\\\/pt\\\/wp-content\\\/uploads\\\/2021\\\/09\\\/Comercializadoras-de-mobilidade.jpg\",\"keywords\":[\"APOCME\"],\"articleSection\":[\"Mercado\"],\"inLanguage\":\"pt-PT\"},{\"@type\":\"WebPage\",\"@id\":\"https:\\\/\\\/jornaldasoficinas.com\\\/pt\\\/comercializadoras-de-mobilidade-eletrica-criam-apocme\\\/\",\"url\":\"https:\\\/\\\/jornaldasoficinas.com\\\/pt\\\/comercializadoras-de-mobilidade-eletrica-criam-apocme\\\/\",\"name\":\"Comercializadoras de mobilidade el\u00e9trica criam APOCME - Jornal das Oficinas\",\"isPartOf\":{\"@id\":\"https:\\\/\\\/jornaldasoficinas.com\\\/pt\\\/#website\"},\"primaryImageOfPage\":{\"@id\":\"https:\\\/\\\/jornaldasoficinas.com\\\/pt\\\/comercializadoras-de-mobilidade-eletrica-criam-apocme\\\/#primaryimage\"},\"image\":{\"@id\":\"https:\\\/\\\/jornaldasoficinas.com\\\/pt\\\/comercializadoras-de-mobilidade-eletrica-criam-apocme\\\/#primaryimage\"},\"thumbnailUrl\":\"https:\\\/\\\/jornaldasoficinas.com\\\/pt\\\/wp-content\\\/uploads\\\/2021\\\/09\\\/Comercializadoras-de-mobilidade.jpg\",\"datePublished\":\"2021-10-22T15:00:01+00:00\",\"breadcrumb\":{\"@id\":\"https:\\\/\\\/jornaldasoficinas.com\\\/pt\\\/comercializadoras-de-mobilidade-eletrica-criam-apocme\\\/#breadcrumb\"},\"inLanguage\":\"pt-PT\",\"potentialAction\":[{\"@type\":\"ReadAction\",\"target\":[\"https:\\\/\\\/jornaldasoficinas.com\\\/pt\\\/comercializadoras-de-mobilidade-eletrica-criam-apocme\\\/\"]}]},{\"@type\":\"ImageObject\",\"inLanguage\":\"pt-PT\",\"@id\":\"https:\\\/\\\/jornaldasoficinas.com\\\/pt\\\/comercializadoras-de-mobilidade-eletrica-criam-apocme\\\/#primaryimage\",\"url\":\"https:\\\/\\\/jornaldasoficinas.com\\\/pt\\\/wp-content\\\/uploads\\\/2021\\\/09\\\/Comercializadoras-de-mobilidade.jpg\",\"contentUrl\":\"https:\\\/\\\/jornaldasoficinas.com\\\/pt\\\/wp-content\\\/uploads\\\/2021\\\/09\\\/Comercializadoras-de-mobilidade.jpg\",\"width\":1024,\"height\":581,\"caption\":\"The electric charging flap integrates a connection for AC and DC charging. A steady green light means charging is complete.\"},{\"@type\":\"BreadcrumbList\",\"@id\":\"https:\\\/\\\/jornaldasoficinas.com\\\/pt\\\/comercializadoras-de-mobilidade-eletrica-criam-apocme\\\/#breadcrumb\",\"itemListElement\":[{\"@type\":\"ListItem\",\"position\":1,\"name\":\"In\u00edcio\",\"item\":\"https:\\\/\\\/jornaldasoficinas.com\\\/pt\\\/\"},{\"@type\":\"ListItem\",\"position\":2,\"name\":\"Comercializadoras de mobilidade el\u00e9trica criam APOCME\"}]},{\"@type\":\"WebSite\",\"@id\":\"https:\\\/\\\/jornaldasoficinas.com\\\/pt\\\/#website\",\"url\":\"https:\\\/\\\/jornaldasoficinas.com\\\/pt\\\/\",\"name\":\"Jornal das Oficinas\",\"description\":\"Jornal independente do Aftermarket Autom\u00f3vel em Portugal\",\"publisher\":{\"@id\":\"https:\\\/\\\/jornaldasoficinas.com\\\/pt\\\/#organization\"},\"potentialAction\":[{\"@type\":\"SearchAction\",\"target\":{\"@type\":\"EntryPoint\",\"urlTemplate\":\"https:\\\/\\\/jornaldasoficinas.com\\\/pt\\\/?s={search_term_string}\"},\"query-input\":{\"@type\":\"PropertyValueSpecification\",\"valueRequired\":true,\"valueName\":\"search_term_string\"}}],\"inLanguage\":\"pt-PT\"},{\"@type\":\"Organization\",\"@id\":\"https:\\\/\\\/jornaldasoficinas.com\\\/pt\\\/#organization\",\"name\":\"Jornal das Oficinas\",\"url\":\"https:\\\/\\\/jornaldasoficinas.com\\\/pt\\\/\",\"logo\":{\"@type\":\"ImageObject\",\"inLanguage\":\"pt-PT\",\"@id\":\"https:\\\/\\\/jornaldasoficinas.com\\\/pt\\\/#\\\/schema\\\/logo\\\/image\\\/\",\"url\":\"https:\\\/\\\/jornaldasoficinas.com\\\/pt\\\/wp-content\\\/uploads\\\/logoJO-SEO.png\",\"contentUrl\":\"https:\\\/\\\/jornaldasoficinas.com\\\/pt\\\/wp-content\\\/uploads\\\/logoJO-SEO.png\",\"width\":285,\"height\":450,\"caption\":\"Jornal das Oficinas\"},\"image\":{\"@id\":\"https:\\\/\\\/jornaldasoficinas.com\\\/pt\\\/#\\\/schema\\\/logo\\\/image\\\/\"},\"sameAs\":[\"https:\\\/\\\/www.facebook.com\\\/jornaloficinas\",\"https:\\\/\\\/x.com\\\/jornaloficinas\",\"https:\\\/\\\/www.instagram.com\\\/jornal_oficinas\\\/\",\"https:\\\/\\\/www.linkedin.com\\\/company\\\/jornal-das-oficinas\\\/\",\"https:\\\/\\\/www.youtube.com\\\/channel\\\/UCbQZBqtcvV-oSQrr7RzINGg\"]},{\"@type\":\"Person\",\"@id\":\"https:\\\/\\\/jornaldasoficinas.com\\\/pt\\\/#\\\/schema\\\/person\\\/a38eef5de2c41d9e7c9ac10141afddf3\",\"name\":\"Reda\u00e7\u00e3o JO\",\"image\":{\"@type\":\"ImageObject\",\"inLanguage\":\"pt-PT\",\"@id\":\"https:\\\/\\\/secure.gravatar.com\\\/avatar\\\/71f2fa71737ad68a84fea94bc708ddac8ea5b0c4788dc2ad202f3ccb2887742f?s=96&d=wp_user_avatar&r=g\",\"url\":\"https:\\\/\\\/secure.gravatar.com\\\/avatar\\\/71f2fa71737ad68a84fea94bc708ddac8ea5b0c4788dc2ad202f3ccb2887742f?s=96&d=wp_user_avatar&r=g\",\"contentUrl\":\"https:\\\/\\\/secure.gravatar.com\\\/avatar\\\/71f2fa71737ad68a84fea94bc708ddac8ea5b0c4788dc2ad202f3ccb2887742f?s=96&d=wp_user_avatar&r=g\",\"caption\":\"Reda\u00e7\u00e3o JO\"},\"url\":\"https:\\\/\\\/jornaldasoficinas.com\\\/pt\\\/author\\\/joredacao\\\/\"}]}<\/script>\n<!-- \/ Yoast SEO plugin. -->","yoast_head_json":{"title":"Comercializadoras de mobilidade el\u00e9trica criam APOCME - Jornal das Oficinas","robots":{"index":"index","follow":"follow","max-snippet":"max-snippet:-1","max-image-preview":"max-image-preview:large","max-video-preview":"max-video-preview:-1"},"canonical":"https:\/\/jornaldasoficinas.com\/pt\/comercializadoras-de-mobilidade-eletrica-criam-apocme\/","og_locale":"pt_PT","og_type":"article","og_title":"Comercializadoras de mobilidade el\u00e9trica criam APOCME - Jornal das Oficinas","og_description":"Cinco das empresas mais relevantes no...","og_url":"https:\/\/jornaldasoficinas.com\/pt\/comercializadoras-de-mobilidade-eletrica-criam-apocme\/","og_site_name":"Jornal das Oficinas","article_publisher":"https:\/\/www.facebook.com\/jornaloficinas","article_published_time":"2021-10-22T15:00:01+00:00","og_image":[{"width":1024,"height":581,"url":"https:\/\/jornaldasoficinas.com\/pt\/wp-content\/uploads\/2021\/09\/Comercializadoras-de-mobilidade.jpg","type":"image\/jpeg"}],"author":"Reda\u00e7\u00e3o JO","twitter_card":"summary_large_image","twitter_creator":"@jornaloficinas","twitter_site":"@jornaloficinas","twitter_misc":{"Escrito por":"Reda\u00e7\u00e3o JO","Tempo estimado de leitura":"4 minutos"},"schema":{"@context":"https:\/\/schema.org","@graph":[{"@type":"Article","@id":"https:\/\/jornaldasoficinas.com\/pt\/comercializadoras-de-mobilidade-eletrica-criam-apocme\/#article","isPartOf":{"@id":"https:\/\/jornaldasoficinas.com\/pt\/comercializadoras-de-mobilidade-eletrica-criam-apocme\/"},"author":{"name":"Reda\u00e7\u00e3o JO","@id":"https:\/\/jornaldasoficinas.com\/pt\/#\/schema\/person\/a38eef5de2c41d9e7c9ac10141afddf3"},"headline":"Comercializadoras de mobilidade el\u00e9trica criam APOCME","datePublished":"2021-10-22T15:00:01+00:00","mainEntityOfPage":{"@id":"https:\/\/jornaldasoficinas.com\/pt\/comercializadoras-de-mobilidade-eletrica-criam-apocme\/"},"wordCount":734,"publisher":{"@id":"https:\/\/jornaldasoficinas.com\/pt\/#organization"},"image":{"@id":"https:\/\/jornaldasoficinas.com\/pt\/comercializadoras-de-mobilidade-eletrica-criam-apocme\/#primaryimage"},"thumbnailUrl":"https:\/\/jornaldasoficinas.com\/pt\/wp-content\/uploads\/2021\/09\/Comercializadoras-de-mobilidade.jpg","keywords":["APOCME"],"articleSection":["Mercado"],"inLanguage":"pt-PT"},{"@type":"WebPage","@id":"https:\/\/jornaldasoficinas.com\/pt\/comercializadoras-de-mobilidade-eletrica-criam-apocme\/","url":"https:\/\/jornaldasoficinas.com\/pt\/comercializadoras-de-mobilidade-eletrica-criam-apocme\/","name":"Comercializadoras de mobilidade el\u00e9trica criam APOCME - Jornal das Oficinas","isPartOf":{"@id":"https:\/\/jornaldasoficinas.com\/pt\/#website"},"primaryImageOfPage":{"@id":"https:\/\/jornaldasoficinas.com\/pt\/comercializadoras-de-mobilidade-eletrica-criam-apocme\/#primaryimage"},"image":{"@id":"https:\/\/jornaldasoficinas.com\/pt\/comercializadoras-de-mobilidade-eletrica-criam-apocme\/#primaryimage"},"thumbnailUrl":"https:\/\/jornaldasoficinas.com\/pt\/wp-content\/uploads\/2021\/09\/Comercializadoras-de-mobilidade.jpg","datePublished":"2021-10-22T15:00:01+00:00","breadcrumb":{"@id":"https:\/\/jornaldasoficinas.com\/pt\/comercializadoras-de-mobilidade-eletrica-criam-apocme\/#breadcrumb"},"inLanguage":"pt-PT","potentialAction":[{"@type":"ReadAction","target":["https:\/\/jornaldasoficinas.com\/pt\/comercializadoras-de-mobilidade-eletrica-criam-apocme\/"]}]},{"@type":"ImageObject","inLanguage":"pt-PT","@id":"https:\/\/jornaldasoficinas.com\/pt\/comercializadoras-de-mobilidade-eletrica-criam-apocme\/#primaryimage","url":"https:\/\/jornaldasoficinas.com\/pt\/wp-content\/uploads\/2021\/09\/Comercializadoras-de-mobilidade.jpg","contentUrl":"https:\/\/jornaldasoficinas.com\/pt\/wp-content\/uploads\/2021\/09\/Comercializadoras-de-mobilidade.jpg","width":1024,"height":581,"caption":"The electric charging flap integrates a connection for AC and DC charging. A steady green light means charging is complete."},{"@type":"BreadcrumbList","@id":"https:\/\/jornaldasoficinas.com\/pt\/comercializadoras-de-mobilidade-eletrica-criam-apocme\/#breadcrumb","itemListElement":[{"@type":"ListItem","position":1,"name":"In\u00edcio","item":"https:\/\/jornaldasoficinas.com\/pt\/"},{"@type":"ListItem","position":2,"name":"Comercializadoras de mobilidade el\u00e9trica criam APOCME"}]},{"@type":"WebSite","@id":"https:\/\/jornaldasoficinas.com\/pt\/#website","url":"https:\/\/jornaldasoficinas.com\/pt\/","name":"Jornal das Oficinas","description":"Jornal independente do Aftermarket Autom\u00f3vel em Portugal","publisher":{"@id":"https:\/\/jornaldasoficinas.com\/pt\/#organization"},"potentialAction":[{"@type":"SearchAction","target":{"@type":"EntryPoint","urlTemplate":"https:\/\/jornaldasoficinas.com\/pt\/?s={search_term_string}"},"query-input":{"@type":"PropertyValueSpecification","valueRequired":true,"valueName":"search_term_string"}}],"inLanguage":"pt-PT"},{"@type":"Organization","@id":"https:\/\/jornaldasoficinas.com\/pt\/#organization","name":"Jornal das Oficinas","url":"https:\/\/jornaldasoficinas.com\/pt\/","logo":{"@type":"ImageObject","inLanguage":"pt-PT","@id":"https:\/\/jornaldasoficinas.com\/pt\/#\/schema\/logo\/image\/","url":"https:\/\/jornaldasoficinas.com\/pt\/wp-content\/uploads\/logoJO-SEO.png","contentUrl":"https:\/\/jornaldasoficinas.com\/pt\/wp-content\/uploads\/logoJO-SEO.png","width":285,"height":450,"caption":"Jornal das Oficinas"},"image":{"@id":"https:\/\/jornaldasoficinas.com\/pt\/#\/schema\/logo\/image\/"},"sameAs":["https:\/\/www.facebook.com\/jornaloficinas","https:\/\/x.com\/jornaloficinas","https:\/\/www.instagram.com\/jornal_oficinas\/","https:\/\/www.linkedin.com\/company\/jornal-das-oficinas\/","https:\/\/www.youtube.com\/channel\/UCbQZBqtcvV-oSQrr7RzINGg"]},{"@type":"Person","@id":"https:\/\/jornaldasoficinas.com\/pt\/#\/schema\/person\/a38eef5de2c41d9e7c9ac10141afddf3","name":"Reda\u00e7\u00e3o JO","image":{"@type":"ImageObject","inLanguage":"pt-PT","@id":"https:\/\/secure.gravatar.com\/avatar\/71f2fa71737ad68a84fea94bc708ddac8ea5b0c4788dc2ad202f3ccb2887742f?s=96&d=wp_user_avatar&r=g","url":"https:\/\/secure.gravatar.com\/avatar\/71f2fa71737ad68a84fea94bc708ddac8ea5b0c4788dc2ad202f3ccb2887742f?s=96&d=wp_user_avatar&r=g","contentUrl":"https:\/\/secure.gravatar.com\/avatar\/71f2fa71737ad68a84fea94bc708ddac8ea5b0c4788dc2ad202f3ccb2887742f?s=96&d=wp_user_avatar&r=g","caption":"Reda\u00e7\u00e3o JO"},"url":"https:\/\/jornaldasoficinas.com\/pt\/author\/joredacao\/"}]}},"_links":{"self":[{"href":"https:\/\/jornaldasoficinas.com\/pt\/wp-json\/wp\/v2\/posts\/24769","targetHints":{"allow":["GET"]}}],"collection":[{"href":"https:\/\/jornaldasoficinas.com\/pt\/wp-json\/wp\/v2\/posts"}],"about":[{"href":"https:\/\/jornaldasoficinas.com\/pt\/wp-json\/wp\/v2\/types\/post"}],"author":[{"embeddable":true,"href":"https:\/\/jornaldasoficinas.com\/pt\/wp-json\/wp\/v2\/users\/15"}],"replies":[{"embeddable":true,"href":"https:\/\/jornaldasoficinas.com\/pt\/wp-json\/wp\/v2\/comments?post=24769"}],"version-history":[{"count":0,"href":"https:\/\/jornaldasoficinas.com\/pt\/wp-json\/wp\/v2\/posts\/24769\/revisions"}],"wp:featuredmedia":[{"embeddable":true,"href":"https:\/\/jornaldasoficinas.com\/pt\/wp-json\/wp\/v2\/media\/24770"}],"wp:attachment":[{"href":"https:\/\/jornaldasoficinas.com\/pt\/wp-json\/wp\/v2\/media?parent=24769"}],"wp:term":[{"taxonomy":"category","embeddable":true,"href":"https:\/\/jornaldasoficinas.com\/pt\/wp-json\/wp\/v2\/categories?post=24769"},{"taxonomy":"post_tag","embeddable":true,"href":"https:\/\/jornaldasoficinas.com\/pt\/wp-json\/wp\/v2\/tags?post=24769"}],"curies":[{"name":"wp","href":"https:\/\/api.w.org\/{rel}","templated":true}]}}