{"id":24865,"date":"2021-10-27T20:00:54","date_gmt":"2021-10-27T19:00:54","guid":{"rendered":"https:\/\/jornaldasoficinas.com\/pt\/?p=24865"},"modified":"2021-10-27T14:24:37","modified_gmt":"2021-10-27T13:24:37","slug":"jornal-das-oficinas-de-novembro-ja-disponivel-online-2","status":"publish","type":"post","link":"https:\/\/jornaldasoficinas.com\/pt\/jornal-das-oficinas-de-novembro-ja-disponivel-online-2\/","title":{"rendered":"Jornal das Oficinas de novembro j\u00e1 dispon\u00edvel online"},"content":{"rendered":"<p><strong><img loading=\"lazy\" decoding=\"async\" class=\"alignnone size-full wp-image-24871\" src=\"https:\/\/jornaldasoficinas.com\/pt\/wp-content\/uploads\/2021\/09\/ajo191site.png\" alt=\"09 - ajo191site\" width=\"1024\" height=\"581\" srcset=\"https:\/\/jornaldasoficinas.com\/pt\/wp-content\/uploads\/2021\/09\/ajo191site.png 1024w, https:\/\/jornaldasoficinas.com\/pt\/wp-content\/uploads\/2021\/09\/ajo191site-300x170.png 300w, https:\/\/jornaldasoficinas.com\/pt\/wp-content\/uploads\/2021\/09\/ajo191site-150x85.png 150w, https:\/\/jornaldasoficinas.com\/pt\/wp-content\/uploads\/2021\/09\/ajo191site-768x436.png 768w\" sizes=\"auto, (max-width: 1024px) 100vw, 1024px\" \/><\/strong><\/p>\n<p><strong>Na edi\u00e7\u00e3o de novembro de 2021, o artigo de destaque \u00e9 sobre o relacionamento das Oficinas com as Seguradoras. A rela\u00e7\u00e3o entre as oficinas independentes e as companhias de seguros foi sempre uma esp\u00e9cie de \u2018gato e rato\u2019, no entanto, por mais anos que passem, s\u00e3o mais os pontos que as unem do que as separam. Considerando que a satisfa\u00e7\u00e3o dos clientes \u00e9 o objetivo comum das seguradoras e das oficinas, chegar a um entendimento n\u00e3o \u00e9 uma op\u00e7\u00e3o, mas sim uma obriga\u00e7\u00e3o<\/strong><\/p>\n<p>A 7\u00aa edi\u00e7\u00e3o do Sal\u00e3o expoMEC\u00c2NICA est\u00e1 tamb\u00e9m em destaque. Ao longo dos tr\u00eas dias, o sal\u00e3o recebeu a participa\u00e7\u00e3o de 214 empresas, entidades e mais de 15.000 profissionais do setor. \u201cEsta edi\u00e7\u00e3o prova a vontade enorme de todos estarem presentes, sem preju\u00edzo, naturalmente, de toda a atividade digital, mas o presencial mant\u00e9m o seu espa\u00e7o. Se pensarmos em todos os que responderam \u00e0 chamada e estiveram aqui, \u00e9 porque, de facto, havia algo latente no setor, que o clima de pandemia foi adiando, mas que, finalmente, viu-se concretizado aqui na feira\u201d, revelou Jos\u00e9 Manuel Costa, diretor do sal\u00e3o.<\/p>\n<p>A iniciativa Plateau TV, da responsabilidade do Jornal das Oficinas, foi tamb\u00e9m um grande sucesso e decorreu durante os tr\u00eas dias da expoMEC\u00c2NICA. Nesta edi\u00e7\u00e3o do Jornal das Oficinas pode ler o balan\u00e7o dos pain\u00e9is onde foram debatidos temas os principais temas que preocupam os profissionais do aftermarket.<\/p>\n<p>O artigo da Campanha Power On \u00e9 sobre os ve\u00edculos H\u00edbridos, que cada vez est\u00e3o mais presentes nas estradas e, portanto, tamb\u00e9m nas oficinas, o que implica mais um desafio para os profissionais do setor. Assim, para esta edi\u00e7\u00e3o do Power On, compil\u00e1mos informa\u00e7\u00e3o que lhe permite conhecer mais detalhes sobre este tipo de ve\u00edculos.<\/p>\n<p>O artigo VISU Aftermarket \u00e9 dedicado ao Consumidor Digital. Ningu\u00e9m tem d\u00favida que estamos todos muito mais digitais, e que esta tend\u00eancia s\u00f3 ficou refor\u00e7ada com a pandemia e os consequentes confinamentos. Para muitos neg\u00f3cios foi a \u00fanica forma de continuar a vender e\/ou a comunicar com os seus clientes. Para o consumidor, foi a \u00fanica forma de ter alguns produtos que necessitou durante o confinamento.<\/p>\n<p>Na se\u00e7\u00e3o dedicada \u00e0s entrevistas, Manuel F\u00e9lix, Diretor-geral da EuroMais foi o anfitri\u00e3o na visita guiada que fez \u00e0 equipa do JO mostando as novas instala\u00e7\u00f5es da empresa localizada em Arazede, Montemor-o-Velho, onde conta com 13.000 m2 de armaz\u00e9m e 700 m2 de \u00e1rea administrativa.<\/p>\n<p>Eduardo Mart\u00ed, director-geral UFI Filters Ib\u00e9rica e diretor da Global International Trading Groups da UFI Filters SpA, falou ao Jornal das Oficinas sobre o crescimento sustentado da empresa a n\u00edvel global nas \u00faltimas cinco d\u00e9cadas<\/p>\n<p>Fabio Cidral, Vice Presidente Vendas e Marketing da Remy, afirma que \u201cPortugal tem importante potencial comercial p\u00f3s-venda\u201d e fala sobre os 125 anos da marca.<\/p>\n<p>Ivan Mikkelsen, diretor comercial da BORG Automotive, apresenta esta empresa que comemora 46 anos de vida e 17 anos de presen\u00e7a no mercado portugu\u00eas.<\/p>\n<p>As \u201cObriga\u00e7\u00f5es da oficina\u201d s\u00e3o o tema do artigo de gest\u00e3o. Para uma correta gest\u00e3o da oficina \u00e9 sempre importante a clareza e o cumprimento das obriga\u00e7\u00f5es para com o cliente. Qualquer profissional de oficina deve ter sempre muito presentes as suas responsabilidades e as suas obriga\u00e7\u00f5es, tanto para com a pessoa como para com o ve\u00edculo. O profissionalismo e a satisfa\u00e7\u00e3o do cliente s\u00e3o as cartas de apresenta\u00e7\u00e3o do mesmo.<\/p>\n<p>A oficina do m\u00eas \u00e9 a Racar, uma empresa que nasceu pela paix\u00e3o que o seu fundador tem pelos autom\u00f3veis. \u00c9 este o lema da empresa criada por Ricardo Antunes em 2012 e que tem acompanhado o seu percurso que culminou no in\u00edcio deste ano com a inaugura\u00e7\u00e3o de novas e modernas instala\u00e7\u00f5es em Fam\u00f5es, Odivelas.<\/p>\n<p>A rubrica T\u00e9cnica &amp; Servi\u00e7o deste m\u00eas \u00e9 sobre \u201cPinturas parciais em para-choques\u201d. Na grande maioria dos modelos atuais, o tamanho do para-choques e os diferentes acabamentos de pintura influenciam a escolha do tipo de pintura que se pode realizar na repara\u00e7\u00e3o. As diferentes combina\u00e7\u00f5es de acabamento condicionam tamb\u00e9m o processo de pintura desta pe\u00e7a, visto que algumas podem apresentar 2 ou 3 cores distintas.<\/p>\n<p>Desejamos uma boa leitura.<\/p>\n<p><iframe loading=\"lazy\" src=\"https:\/\/www.yumpu.com\/pt\/embed\/view\/Rf4WljTSx1b8Bdea\" width=\"620px\" height=\"526px\" frameborder=\"0\" allowfullscreen=\"allowfullscreen\"><\/iframe><\/p>\n","protected":false},"excerpt":{"rendered":"<p>Na edi\u00e7\u00e3o de novembro de 2021,&#8230;<\/p>\n","protected":false},"author":15,"featured_media":24871,"comment_status":"closed","ping_status":"closed","sticky":false,"template":"","format":"standard","meta":{"footnotes":""},"categories":[411],"tags":[2436,2544,2543,78,1222,2716,2715,546,2541],"class_list":["post-24865","post","type-post","status-publish","format-standard","has-post-thumbnail","hentry","category-edicoes-jo","tag-borg-automotive","tag-campanha-power-on","tag-euromais","tag-expomecanica","tag-plateau-tv","tag-racar","tag-remy","tag-ufi-filters","tag-visu-aftermarket"],"yoast_head":"<!-- This site is optimized with the Yoast SEO plugin v27.5 - https:\/\/yoast.com\/product\/yoast-seo-wordpress\/ -->\n<title>Jornal das Oficinas de novembro j\u00e1 dispon\u00edvel online - Jornal das Oficinas<\/title>\n<meta name=\"robots\" content=\"index, follow, max-snippet:-1, max-image-preview:large, max-video-preview:-1\" \/>\n<link rel=\"canonical\" href=\"https:\/\/jornaldasoficinas.com\/pt\/jornal-das-oficinas-de-novembro-ja-disponivel-online-2\/\" \/>\n<meta property=\"og:locale\" content=\"pt_PT\" \/>\n<meta property=\"og:type\" content=\"article\" \/>\n<meta property=\"og:title\" content=\"Jornal das Oficinas de novembro j\u00e1 dispon\u00edvel online - Jornal das Oficinas\" \/>\n<meta property=\"og:description\" content=\"Na edi\u00e7\u00e3o de novembro de 2021,...\" \/>\n<meta property=\"og:url\" content=\"https:\/\/jornaldasoficinas.com\/pt\/jornal-das-oficinas-de-novembro-ja-disponivel-online-2\/\" \/>\n<meta property=\"og:site_name\" content=\"Jornal das Oficinas\" \/>\n<meta property=\"article:publisher\" content=\"https:\/\/www.facebook.com\/jornaloficinas\" \/>\n<meta property=\"article:published_time\" content=\"2021-10-27T19:00:54+00:00\" \/>\n<meta property=\"og:image\" content=\"https:\/\/jornaldasoficinas.com\/pt\/wp-content\/uploads\/2021\/09\/ajo191site.png\" \/>\n\t<meta property=\"og:image:width\" content=\"1024\" \/>\n\t<meta property=\"og:image:height\" content=\"581\" \/>\n\t<meta property=\"og:image:type\" content=\"image\/png\" \/>\n<meta name=\"author\" content=\"Reda\u00e7\u00e3o JO\" \/>\n<meta name=\"twitter:card\" content=\"summary_large_image\" \/>\n<meta name=\"twitter:creator\" content=\"@jornaloficinas\" \/>\n<meta name=\"twitter:site\" content=\"@jornaloficinas\" \/>\n<meta name=\"twitter:label1\" content=\"Escrito por\" \/>\n\t<meta name=\"twitter:data1\" content=\"Reda\u00e7\u00e3o JO\" \/>\n\t<meta name=\"twitter:label2\" content=\"Tempo estimado de leitura\" \/>\n\t<meta name=\"twitter:data2\" content=\"4 minutos\" \/>\n<script type=\"application\/ld+json\" class=\"yoast-schema-graph\">{\"@context\":\"https:\\\/\\\/schema.org\",\"@graph\":[{\"@type\":\"Article\",\"@id\":\"https:\\\/\\\/jornaldasoficinas.com\\\/pt\\\/jornal-das-oficinas-de-novembro-ja-disponivel-online-2\\\/#article\",\"isPartOf\":{\"@id\":\"https:\\\/\\\/jornaldasoficinas.com\\\/pt\\\/jornal-das-oficinas-de-novembro-ja-disponivel-online-2\\\/\"},\"author\":{\"name\":\"Reda\u00e7\u00e3o JO\",\"@id\":\"https:\\\/\\\/jornaldasoficinas.com\\\/pt\\\/#\\\/schema\\\/person\\\/a38eef5de2c41d9e7c9ac10141afddf3\"},\"headline\":\"Jornal das Oficinas de novembro j\u00e1 dispon\u00edvel online\",\"datePublished\":\"2021-10-27T19:00:54+00:00\",\"mainEntityOfPage\":{\"@id\":\"https:\\\/\\\/jornaldasoficinas.com\\\/pt\\\/jornal-das-oficinas-de-novembro-ja-disponivel-online-2\\\/\"},\"wordCount\":736,\"publisher\":{\"@id\":\"https:\\\/\\\/jornaldasoficinas.com\\\/pt\\\/#organization\"},\"image\":{\"@id\":\"https:\\\/\\\/jornaldasoficinas.com\\\/pt\\\/jornal-das-oficinas-de-novembro-ja-disponivel-online-2\\\/#primaryimage\"},\"thumbnailUrl\":\"https:\\\/\\\/jornaldasoficinas.com\\\/pt\\\/wp-content\\\/uploads\\\/2021\\\/09\\\/ajo191site.png\",\"keywords\":[\"Borg Automotive\",\"Campanha Power On\",\"EuroMais\",\"expoMEC\u00c2NICA\",\"Plateau TV\",\"Racar\",\"Remy\",\"UFI Filters\",\"VISU Aftermarket\"],\"articleSection\":[\"Edi\u00e7\u00f5es JO\"],\"inLanguage\":\"pt-PT\"},{\"@type\":\"WebPage\",\"@id\":\"https:\\\/\\\/jornaldasoficinas.com\\\/pt\\\/jornal-das-oficinas-de-novembro-ja-disponivel-online-2\\\/\",\"url\":\"https:\\\/\\\/jornaldasoficinas.com\\\/pt\\\/jornal-das-oficinas-de-novembro-ja-disponivel-online-2\\\/\",\"name\":\"Jornal das Oficinas de novembro j\u00e1 dispon\u00edvel online - Jornal das Oficinas\",\"isPartOf\":{\"@id\":\"https:\\\/\\\/jornaldasoficinas.com\\\/pt\\\/#website\"},\"primaryImageOfPage\":{\"@id\":\"https:\\\/\\\/jornaldasoficinas.com\\\/pt\\\/jornal-das-oficinas-de-novembro-ja-disponivel-online-2\\\/#primaryimage\"},\"image\":{\"@id\":\"https:\\\/\\\/jornaldasoficinas.com\\\/pt\\\/jornal-das-oficinas-de-novembro-ja-disponivel-online-2\\\/#primaryimage\"},\"thumbnailUrl\":\"https:\\\/\\\/jornaldasoficinas.com\\\/pt\\\/wp-content\\\/uploads\\\/2021\\\/09\\\/ajo191site.png\",\"datePublished\":\"2021-10-27T19:00:54+00:00\",\"breadcrumb\":{\"@id\":\"https:\\\/\\\/jornaldasoficinas.com\\\/pt\\\/jornal-das-oficinas-de-novembro-ja-disponivel-online-2\\\/#breadcrumb\"},\"inLanguage\":\"pt-PT\",\"potentialAction\":[{\"@type\":\"ReadAction\",\"target\":[\"https:\\\/\\\/jornaldasoficinas.com\\\/pt\\\/jornal-das-oficinas-de-novembro-ja-disponivel-online-2\\\/\"]}]},{\"@type\":\"ImageObject\",\"inLanguage\":\"pt-PT\",\"@id\":\"https:\\\/\\\/jornaldasoficinas.com\\\/pt\\\/jornal-das-oficinas-de-novembro-ja-disponivel-online-2\\\/#primaryimage\",\"url\":\"https:\\\/\\\/jornaldasoficinas.com\\\/pt\\\/wp-content\\\/uploads\\\/2021\\\/09\\\/ajo191site.png\",\"contentUrl\":\"https:\\\/\\\/jornaldasoficinas.com\\\/pt\\\/wp-content\\\/uploads\\\/2021\\\/09\\\/ajo191site.png\",\"width\":1024,\"height\":581,\"caption\":\"09 - ajo191site\"},{\"@type\":\"BreadcrumbList\",\"@id\":\"https:\\\/\\\/jornaldasoficinas.com\\\/pt\\\/jornal-das-oficinas-de-novembro-ja-disponivel-online-2\\\/#breadcrumb\",\"itemListElement\":[{\"@type\":\"ListItem\",\"position\":1,\"name\":\"In\u00edcio\",\"item\":\"https:\\\/\\\/jornaldasoficinas.com\\\/pt\\\/\"},{\"@type\":\"ListItem\",\"position\":2,\"name\":\"Jornal das Oficinas de novembro j\u00e1 dispon\u00edvel online\"}]},{\"@type\":\"WebSite\",\"@id\":\"https:\\\/\\\/jornaldasoficinas.com\\\/pt\\\/#website\",\"url\":\"https:\\\/\\\/jornaldasoficinas.com\\\/pt\\\/\",\"name\":\"Jornal das Oficinas\",\"description\":\"Jornal independente do Aftermarket Autom\u00f3vel em Portugal\",\"publisher\":{\"@id\":\"https:\\\/\\\/jornaldasoficinas.com\\\/pt\\\/#organization\"},\"potentialAction\":[{\"@type\":\"SearchAction\",\"target\":{\"@type\":\"EntryPoint\",\"urlTemplate\":\"https:\\\/\\\/jornaldasoficinas.com\\\/pt\\\/?s={search_term_string}\"},\"query-input\":{\"@type\":\"PropertyValueSpecification\",\"valueRequired\":true,\"valueName\":\"search_term_string\"}}],\"inLanguage\":\"pt-PT\"},{\"@type\":\"Organization\",\"@id\":\"https:\\\/\\\/jornaldasoficinas.com\\\/pt\\\/#organization\",\"name\":\"Jornal das Oficinas\",\"url\":\"https:\\\/\\\/jornaldasoficinas.com\\\/pt\\\/\",\"logo\":{\"@type\":\"ImageObject\",\"inLanguage\":\"pt-PT\",\"@id\":\"https:\\\/\\\/jornaldasoficinas.com\\\/pt\\\/#\\\/schema\\\/logo\\\/image\\\/\",\"url\":\"https:\\\/\\\/jornaldasoficinas.com\\\/pt\\\/wp-content\\\/uploads\\\/logoJO-SEO.png\",\"contentUrl\":\"https:\\\/\\\/jornaldasoficinas.com\\\/pt\\\/wp-content\\\/uploads\\\/logoJO-SEO.png\",\"width\":285,\"height\":450,\"caption\":\"Jornal das Oficinas\"},\"image\":{\"@id\":\"https:\\\/\\\/jornaldasoficinas.com\\\/pt\\\/#\\\/schema\\\/logo\\\/image\\\/\"},\"sameAs\":[\"https:\\\/\\\/www.facebook.com\\\/jornaloficinas\",\"https:\\\/\\\/x.com\\\/jornaloficinas\",\"https:\\\/\\\/www.instagram.com\\\/jornal_oficinas\\\/\",\"https:\\\/\\\/www.linkedin.com\\\/company\\\/jornal-das-oficinas\\\/\",\"https:\\\/\\\/www.youtube.com\\\/channel\\\/UCbQZBqtcvV-oSQrr7RzINGg\"]},{\"@type\":\"Person\",\"@id\":\"https:\\\/\\\/jornaldasoficinas.com\\\/pt\\\/#\\\/schema\\\/person\\\/a38eef5de2c41d9e7c9ac10141afddf3\",\"name\":\"Reda\u00e7\u00e3o JO\",\"image\":{\"@type\":\"ImageObject\",\"inLanguage\":\"pt-PT\",\"@id\":\"https:\\\/\\\/secure.gravatar.com\\\/avatar\\\/71f2fa71737ad68a84fea94bc708ddac8ea5b0c4788dc2ad202f3ccb2887742f?s=96&d=wp_user_avatar&r=g\",\"url\":\"https:\\\/\\\/secure.gravatar.com\\\/avatar\\\/71f2fa71737ad68a84fea94bc708ddac8ea5b0c4788dc2ad202f3ccb2887742f?s=96&d=wp_user_avatar&r=g\",\"contentUrl\":\"https:\\\/\\\/secure.gravatar.com\\\/avatar\\\/71f2fa71737ad68a84fea94bc708ddac8ea5b0c4788dc2ad202f3ccb2887742f?s=96&d=wp_user_avatar&r=g\",\"caption\":\"Reda\u00e7\u00e3o JO\"},\"url\":\"https:\\\/\\\/jornaldasoficinas.com\\\/pt\\\/author\\\/joredacao\\\/\"}]}<\/script>\n<!-- \/ Yoast SEO plugin. -->","yoast_head_json":{"title":"Jornal das Oficinas de novembro j\u00e1 dispon\u00edvel online - Jornal das Oficinas","robots":{"index":"index","follow":"follow","max-snippet":"max-snippet:-1","max-image-preview":"max-image-preview:large","max-video-preview":"max-video-preview:-1"},"canonical":"https:\/\/jornaldasoficinas.com\/pt\/jornal-das-oficinas-de-novembro-ja-disponivel-online-2\/","og_locale":"pt_PT","og_type":"article","og_title":"Jornal das Oficinas de novembro j\u00e1 dispon\u00edvel online - Jornal das Oficinas","og_description":"Na edi\u00e7\u00e3o de novembro de 2021,...","og_url":"https:\/\/jornaldasoficinas.com\/pt\/jornal-das-oficinas-de-novembro-ja-disponivel-online-2\/","og_site_name":"Jornal das Oficinas","article_publisher":"https:\/\/www.facebook.com\/jornaloficinas","article_published_time":"2021-10-27T19:00:54+00:00","og_image":[{"width":1024,"height":581,"url":"https:\/\/jornaldasoficinas.com\/pt\/wp-content\/uploads\/2021\/09\/ajo191site.png","type":"image\/png"}],"author":"Reda\u00e7\u00e3o JO","twitter_card":"summary_large_image","twitter_creator":"@jornaloficinas","twitter_site":"@jornaloficinas","twitter_misc":{"Escrito por":"Reda\u00e7\u00e3o JO","Tempo estimado de leitura":"4 minutos"},"schema":{"@context":"https:\/\/schema.org","@graph":[{"@type":"Article","@id":"https:\/\/jornaldasoficinas.com\/pt\/jornal-das-oficinas-de-novembro-ja-disponivel-online-2\/#article","isPartOf":{"@id":"https:\/\/jornaldasoficinas.com\/pt\/jornal-das-oficinas-de-novembro-ja-disponivel-online-2\/"},"author":{"name":"Reda\u00e7\u00e3o JO","@id":"https:\/\/jornaldasoficinas.com\/pt\/#\/schema\/person\/a38eef5de2c41d9e7c9ac10141afddf3"},"headline":"Jornal das Oficinas de novembro j\u00e1 dispon\u00edvel online","datePublished":"2021-10-27T19:00:54+00:00","mainEntityOfPage":{"@id":"https:\/\/jornaldasoficinas.com\/pt\/jornal-das-oficinas-de-novembro-ja-disponivel-online-2\/"},"wordCount":736,"publisher":{"@id":"https:\/\/jornaldasoficinas.com\/pt\/#organization"},"image":{"@id":"https:\/\/jornaldasoficinas.com\/pt\/jornal-das-oficinas-de-novembro-ja-disponivel-online-2\/#primaryimage"},"thumbnailUrl":"https:\/\/jornaldasoficinas.com\/pt\/wp-content\/uploads\/2021\/09\/ajo191site.png","keywords":["Borg Automotive","Campanha Power On","EuroMais","expoMEC\u00c2NICA","Plateau TV","Racar","Remy","UFI Filters","VISU Aftermarket"],"articleSection":["Edi\u00e7\u00f5es JO"],"inLanguage":"pt-PT"},{"@type":"WebPage","@id":"https:\/\/jornaldasoficinas.com\/pt\/jornal-das-oficinas-de-novembro-ja-disponivel-online-2\/","url":"https:\/\/jornaldasoficinas.com\/pt\/jornal-das-oficinas-de-novembro-ja-disponivel-online-2\/","name":"Jornal das Oficinas de novembro j\u00e1 dispon\u00edvel online - Jornal das Oficinas","isPartOf":{"@id":"https:\/\/jornaldasoficinas.com\/pt\/#website"},"primaryImageOfPage":{"@id":"https:\/\/jornaldasoficinas.com\/pt\/jornal-das-oficinas-de-novembro-ja-disponivel-online-2\/#primaryimage"},"image":{"@id":"https:\/\/jornaldasoficinas.com\/pt\/jornal-das-oficinas-de-novembro-ja-disponivel-online-2\/#primaryimage"},"thumbnailUrl":"https:\/\/jornaldasoficinas.com\/pt\/wp-content\/uploads\/2021\/09\/ajo191site.png","datePublished":"2021-10-27T19:00:54+00:00","breadcrumb":{"@id":"https:\/\/jornaldasoficinas.com\/pt\/jornal-das-oficinas-de-novembro-ja-disponivel-online-2\/#breadcrumb"},"inLanguage":"pt-PT","potentialAction":[{"@type":"ReadAction","target":["https:\/\/jornaldasoficinas.com\/pt\/jornal-das-oficinas-de-novembro-ja-disponivel-online-2\/"]}]},{"@type":"ImageObject","inLanguage":"pt-PT","@id":"https:\/\/jornaldasoficinas.com\/pt\/jornal-das-oficinas-de-novembro-ja-disponivel-online-2\/#primaryimage","url":"https:\/\/jornaldasoficinas.com\/pt\/wp-content\/uploads\/2021\/09\/ajo191site.png","contentUrl":"https:\/\/jornaldasoficinas.com\/pt\/wp-content\/uploads\/2021\/09\/ajo191site.png","width":1024,"height":581,"caption":"09 - ajo191site"},{"@type":"BreadcrumbList","@id":"https:\/\/jornaldasoficinas.com\/pt\/jornal-das-oficinas-de-novembro-ja-disponivel-online-2\/#breadcrumb","itemListElement":[{"@type":"ListItem","position":1,"name":"In\u00edcio","item":"https:\/\/jornaldasoficinas.com\/pt\/"},{"@type":"ListItem","position":2,"name":"Jornal das Oficinas de novembro j\u00e1 dispon\u00edvel online"}]},{"@type":"WebSite","@id":"https:\/\/jornaldasoficinas.com\/pt\/#website","url":"https:\/\/jornaldasoficinas.com\/pt\/","name":"Jornal das Oficinas","description":"Jornal independente do Aftermarket Autom\u00f3vel em Portugal","publisher":{"@id":"https:\/\/jornaldasoficinas.com\/pt\/#organization"},"potentialAction":[{"@type":"SearchAction","target":{"@type":"EntryPoint","urlTemplate":"https:\/\/jornaldasoficinas.com\/pt\/?s={search_term_string}"},"query-input":{"@type":"PropertyValueSpecification","valueRequired":true,"valueName":"search_term_string"}}],"inLanguage":"pt-PT"},{"@type":"Organization","@id":"https:\/\/jornaldasoficinas.com\/pt\/#organization","name":"Jornal das Oficinas","url":"https:\/\/jornaldasoficinas.com\/pt\/","logo":{"@type":"ImageObject","inLanguage":"pt-PT","@id":"https:\/\/jornaldasoficinas.com\/pt\/#\/schema\/logo\/image\/","url":"https:\/\/jornaldasoficinas.com\/pt\/wp-content\/uploads\/logoJO-SEO.png","contentUrl":"https:\/\/jornaldasoficinas.com\/pt\/wp-content\/uploads\/logoJO-SEO.png","width":285,"height":450,"caption":"Jornal das Oficinas"},"image":{"@id":"https:\/\/jornaldasoficinas.com\/pt\/#\/schema\/logo\/image\/"},"sameAs":["https:\/\/www.facebook.com\/jornaloficinas","https:\/\/x.com\/jornaloficinas","https:\/\/www.instagram.com\/jornal_oficinas\/","https:\/\/www.linkedin.com\/company\/jornal-das-oficinas\/","https:\/\/www.youtube.com\/channel\/UCbQZBqtcvV-oSQrr7RzINGg"]},{"@type":"Person","@id":"https:\/\/jornaldasoficinas.com\/pt\/#\/schema\/person\/a38eef5de2c41d9e7c9ac10141afddf3","name":"Reda\u00e7\u00e3o JO","image":{"@type":"ImageObject","inLanguage":"pt-PT","@id":"https:\/\/secure.gravatar.com\/avatar\/71f2fa71737ad68a84fea94bc708ddac8ea5b0c4788dc2ad202f3ccb2887742f?s=96&d=wp_user_avatar&r=g","url":"https:\/\/secure.gravatar.com\/avatar\/71f2fa71737ad68a84fea94bc708ddac8ea5b0c4788dc2ad202f3ccb2887742f?s=96&d=wp_user_avatar&r=g","contentUrl":"https:\/\/secure.gravatar.com\/avatar\/71f2fa71737ad68a84fea94bc708ddac8ea5b0c4788dc2ad202f3ccb2887742f?s=96&d=wp_user_avatar&r=g","caption":"Reda\u00e7\u00e3o JO"},"url":"https:\/\/jornaldasoficinas.com\/pt\/author\/joredacao\/"}]}},"_links":{"self":[{"href":"https:\/\/jornaldasoficinas.com\/pt\/wp-json\/wp\/v2\/posts\/24865","targetHints":{"allow":["GET"]}}],"collection":[{"href":"https:\/\/jornaldasoficinas.com\/pt\/wp-json\/wp\/v2\/posts"}],"about":[{"href":"https:\/\/jornaldasoficinas.com\/pt\/wp-json\/wp\/v2\/types\/post"}],"author":[{"embeddable":true,"href":"https:\/\/jornaldasoficinas.com\/pt\/wp-json\/wp\/v2\/users\/15"}],"replies":[{"embeddable":true,"href":"https:\/\/jornaldasoficinas.com\/pt\/wp-json\/wp\/v2\/comments?post=24865"}],"version-history":[{"count":0,"href":"https:\/\/jornaldasoficinas.com\/pt\/wp-json\/wp\/v2\/posts\/24865\/revisions"}],"wp:featuredmedia":[{"embeddable":true,"href":"https:\/\/jornaldasoficinas.com\/pt\/wp-json\/wp\/v2\/media\/24871"}],"wp:attachment":[{"href":"https:\/\/jornaldasoficinas.com\/pt\/wp-json\/wp\/v2\/media?parent=24865"}],"wp:term":[{"taxonomy":"category","embeddable":true,"href":"https:\/\/jornaldasoficinas.com\/pt\/wp-json\/wp\/v2\/categories?post=24865"},{"taxonomy":"post_tag","embeddable":true,"href":"https:\/\/jornaldasoficinas.com\/pt\/wp-json\/wp\/v2\/tags?post=24865"}],"curies":[{"name":"wp","href":"https:\/\/api.w.org\/{rel}","templated":true}]}}