{"id":24875,"date":"2021-10-27T12:00:22","date_gmt":"2021-10-27T11:00:22","guid":{"rendered":"https:\/\/jornaldasoficinas.com\/pt\/?p=24875"},"modified":"2021-10-27T08:12:13","modified_gmt":"2021-10-27T07:12:13","slug":"move-nos-a-paixao-pelos-automoveis","status":"publish","type":"post","link":"https:\/\/jornaldasoficinas.com\/pt\/move-nos-a-paixao-pelos-automoveis\/","title":{"rendered":"&#8220;Move-nos a paix\u00e3o  pelos autom\u00f3veis&#8221;"},"content":{"rendered":"<p><strong><img loading=\"lazy\" decoding=\"async\" class=\"alignnone size-full wp-image-24870\" src=\"https:\/\/jornaldasoficinas.com\/pt\/wp-content\/uploads\/2021\/09\/Racar.jpeg\" alt=\"09 - Racar\" width=\"1024\" height=\"581\" srcset=\"https:\/\/jornaldasoficinas.com\/pt\/wp-content\/uploads\/2021\/09\/Racar.jpeg 1024w, https:\/\/jornaldasoficinas.com\/pt\/wp-content\/uploads\/2021\/09\/Racar-300x170.jpeg 300w, https:\/\/jornaldasoficinas.com\/pt\/wp-content\/uploads\/2021\/09\/Racar-150x85.jpeg 150w, https:\/\/jornaldasoficinas.com\/pt\/wp-content\/uploads\/2021\/09\/Racar-768x436.jpeg 768w\" sizes=\"auto, (max-width: 1024px) 100vw, 1024px\" \/><\/strong><\/p>\n<p><strong>A <a href=\"https:\/\/www.racar.pt\/\" target=\"_blank\" rel=\"noopener\">Racar<\/a> nasce pela paix\u00e3o pelos autom\u00f3veis. \u00c9 este o lema da empresa criada por Ricardo Antunes em 2012 e que tem acompanhado o seu percurso que culminou no in\u00edcio deste ano <\/strong><br \/>\n<strong>com a inaugura\u00e7\u00e3o de novas e modernas instala\u00e7\u00f5es em Fam\u00f5es, Odivelas<\/strong><\/p>\n<p>Desde sempre ligada ao com\u00e9rcio de viaturas desportivas e de alta gama, a Racar \u00e9 uma empresa de refer\u00eancia neste ramo de neg\u00f3cio. \u201cCom a abertura das novas instala\u00e7\u00f5es quisemos evoluir o nosso patamar de qualidade e exig\u00eancia. Todo o edif\u00edcio foi pensado de raiz para proporcionar o melhor servi\u00e7o aos clientes. Para al\u00e9m das \u00e1reas de exposi\u00e7\u00e3o dos ve\u00edculos que est\u00e3o \u00e0 venda, foram criados v\u00e1rios espa\u00e7os oficinais totalmente equipados. Privilegiamos a \u00e9tica e a honestidade em cada neg\u00f3cio e pretendemos que cada cliente seja mais um amigo a partilhar a nossa paix\u00e3o\u201d, refere Ricardo Antunes.<\/p>\n<p>O edif\u00edcio da Racar tem quatro pisos, com cerca de mil metros quadrados de \u00e1rea cada, divididos entre setecentos metros quadrados de exposi\u00e7\u00e3o e trezentos de oficina. No r\/c funcionam a sec\u00e7\u00f5es de pintura, bate chapa e repara\u00e7\u00e3o de motores. O primeiro piso est\u00e1 ocupado com a exposi\u00e7\u00e3o dos carros desportivos e topos de gama e possui uma oficina para servi\u00e7os r\u00e1pidos e grandes repara\u00e7\u00f5es. O segundo piso est\u00e1 reservado aos carros cl\u00e1ssicos, que para al\u00e9m do espa\u00e7o de exposi\u00e7\u00e3o possui tamb\u00e9m uma oficina exclusivamente dedicada \u00e0 repara\u00e7\u00e3o, manuten\u00e7\u00e3o e restauro destes ve\u00edculos.<\/p>\n<p>\u201cO servi\u00e7o de restauro de ve\u00edculos cl\u00e1ssicos resulta da nossa paix\u00e3o pelos autom\u00f3veis e da vontade de fazer coisas diferentes mas sempre com a m\u00e1xima qualidade. O mercado de carros cl\u00e1ssicos est\u00e1 em pleno crescimento e tamb\u00e9m nesta \u00e1rea queremos ser um player de refer\u00eancia\u201d, afirma Ricardo Antunes, que acrescenta \u201cConsidero que com a evolu\u00e7\u00e3o de tanta tecnologia, as pessoas come\u00e7am a querer ter algo que lhes traga boas recorda\u00e7\u00f5es do passado. Cada vez mais n\u00f3s queremos recordar o trajeto da nossa vida, identificamo-nos com um carro igual ao que o nosso pai tinha e come\u00e7amos a olhar os cl\u00e1ssicos, n\u00e3o com carros velhos, mas com uma hist\u00f3ria agregada, capazes de repassar viv\u00eancias e recorda\u00e7\u00f5es.\u201d<\/p>\n<p>Recomendada pelo Grupo Generalli como oficina de confian\u00e7a, a Racar trabalha com todas as seguradoras, o mesmo n\u00e3o acontecendo com as gestoras de frotas devido \u00e0 reduzida margem que o neg\u00f3cio consegue dar. Na Racar o cliente pode beneficiar de alguns servi\u00e7os exclusivos, como lavagem manual, limpeza e tratamento de interiores devolvendo as cores originais dos mesmos, higieniza\u00e7\u00e3o de interiores, recupera\u00e7\u00e3o e corre\u00e7\u00e3o de pintura e polimento parcial ou integral do ve\u00edculo.<\/p>\n<p><strong>P\u00f3s-venda topo de gama<\/strong><br \/>\nA Racar vende carros topo de gama, por isso o servi\u00e7o p\u00f3s-venda tem de ser tamb\u00e9m topo de gama, como se pode confirmar pelo equipamento instalado e compet\u00eancia dos recursos humanos. Toda a \u00e1rea oficinal \u00e9 gerida por Ruben Maia, profissional do setor p\u00f3s-venda que j\u00e1 prestava servi\u00e7os para a Racar atrav\u00e9s de uma oficina pr\u00f3pria. Com a abertura das novas instala\u00e7\u00f5es, foi convidado a gerir a parte oficinal da empresa. \u201cPrestamos todos os servi\u00e7os de repara\u00e7\u00e3o e manuten\u00e7\u00e3o autom\u00f3vel, desde a mec\u00e2nica, bate-chapa, pintura, diagn\u00f3stico, montagem de pneus, equilibragem de rodas e alinhamento de dire\u00e7\u00f5es. Trabalhamos com todas as marcas, mas somos mais especialistas na BMW, Mercedes e Audi, de quem temos liga\u00e7\u00f5es \u00e0 f\u00e1brica, o que facilita as opera\u00e7\u00f5es de diagn\u00f3stico dos seus modelos\u201d, afirma Ruben Maia.<br \/>\nPara manter a excel\u00eancia no servi\u00e7o p\u00f3s-venda, Ruben Maia apenas trabalha com marcas premium, tendo como principais fornecedores a NPe\u00e7as, Sotinar para a \u00e1rea da repintura e a Auto Progresso do Pombal para os lubrificantes. \u201cS\u00e3o parcerias de longa data, que nos garantem qualidade de produto e um servi\u00e7o exemplar\u201d, refere.<\/p>\n<p>A aposta nas novas tecnologias, nomeadamente internet e redes sociais faz parte da estrat\u00e9gia de comunica\u00e7\u00e3o da Racar, tendo uma pessoa em exclusivo para gerir esta \u00e1rea. \u201cAtualizamos diariamente o nosso site e redes sociais com fotos dos carros que temos para vender e imagens das repara\u00e7\u00f5es e restauros que fazemos\u201d, afirma Ruben Maia. Embora a oficina ainda n\u00e3o esteja habilitada para dar assist\u00eancia a ve\u00edculos el\u00e9tricos, faz parte do projeto investir nesta \u00e1rea, com a cria\u00e7\u00e3o de uma box espec\u00edfica, aquisi\u00e7\u00e3o de ferramentas e forma\u00e7\u00e3o de t\u00e9cnicos.<br \/>\nA Racar tem uma forte liga\u00e7\u00e3o \u00e0 competi\u00e7\u00e3o autom\u00f3vel, participando com uma viatura no campeonato nacional de velocidade. Para al\u00e9m do retorno a n\u00edvel de imagem e notoriedade que esta participa\u00e7\u00e3o permite, a Racar pretende inovar com a presta\u00e7\u00e3o de um servi\u00e7o de assist\u00eancia completo a carros de competi\u00e7\u00e3o. \u201cA partir do pr\u00f3ximo ano vamos ter todas as condi\u00e7\u00f5es para prestar um inovador servi\u00e7o de assist\u00eancia a carros de competi\u00e7\u00e3o. Quem quiser pode entregar-nos o seu carro de competi\u00e7\u00e3o para cuidarmos de toda a parte t\u00e9cnica e log\u00edstica de transporte para os circuitos onde se realizam as corridas\u201d, refere Ruben Maia. l<\/p>\n","protected":false},"excerpt":{"rendered":"<p>A Racar nasce pela paix\u00e3o pelos&#8230;<\/p>\n","protected":false},"author":15,"featured_media":24870,"comment_status":"closed","ping_status":"closed","sticky":false,"template":"","format":"standard","meta":{"footnotes":""},"categories":[37],"tags":[2716],"class_list":["post-24875","post","type-post","status-publish","format-standard","has-post-thumbnail","hentry","category-mercado","tag-racar"],"yoast_head":"<!-- This site is optimized with the Yoast SEO plugin v27.4 - https:\/\/yoast.com\/product\/yoast-seo-wordpress\/ -->\n<title>&quot;Move-nos a paix\u00e3o pelos autom\u00f3veis&quot; - Jornal das Oficinas<\/title>\n<meta name=\"robots\" content=\"index, follow, max-snippet:-1, max-image-preview:large, max-video-preview:-1\" \/>\n<link rel=\"canonical\" href=\"https:\/\/jornaldasoficinas.com\/pt\/move-nos-a-paixao-pelos-automoveis\/\" \/>\n<meta property=\"og:locale\" content=\"pt_PT\" \/>\n<meta property=\"og:type\" content=\"article\" \/>\n<meta property=\"og:title\" content=\"&quot;Move-nos a paix\u00e3o pelos autom\u00f3veis&quot; - Jornal das Oficinas\" \/>\n<meta property=\"og:description\" content=\"A Racar nasce pela paix\u00e3o pelos...\" \/>\n<meta property=\"og:url\" content=\"https:\/\/jornaldasoficinas.com\/pt\/move-nos-a-paixao-pelos-automoveis\/\" \/>\n<meta property=\"og:site_name\" content=\"Jornal das Oficinas\" \/>\n<meta property=\"article:publisher\" content=\"https:\/\/www.facebook.com\/jornaloficinas\" \/>\n<meta property=\"article:published_time\" content=\"2021-10-27T11:00:22+00:00\" \/>\n<meta property=\"og:image\" content=\"https:\/\/jornaldasoficinas.com\/pt\/wp-content\/uploads\/2021\/09\/Racar.jpeg\" \/>\n\t<meta property=\"og:image:width\" content=\"1024\" \/>\n\t<meta property=\"og:image:height\" content=\"581\" \/>\n\t<meta property=\"og:image:type\" content=\"image\/jpeg\" \/>\n<meta name=\"author\" content=\"Reda\u00e7\u00e3o JO\" \/>\n<meta name=\"twitter:card\" content=\"summary_large_image\" \/>\n<meta name=\"twitter:creator\" content=\"@jornaloficinas\" \/>\n<meta name=\"twitter:site\" content=\"@jornaloficinas\" \/>\n<meta name=\"twitter:label1\" content=\"Escrito por\" \/>\n\t<meta name=\"twitter:data1\" content=\"Reda\u00e7\u00e3o JO\" \/>\n\t<meta name=\"twitter:label2\" content=\"Tempo estimado de leitura\" \/>\n\t<meta name=\"twitter:data2\" content=\"5 minutos\" \/>\n<script type=\"application\/ld+json\" class=\"yoast-schema-graph\">{\"@context\":\"https:\\\/\\\/schema.org\",\"@graph\":[{\"@type\":\"Article\",\"@id\":\"https:\\\/\\\/jornaldasoficinas.com\\\/pt\\\/move-nos-a-paixao-pelos-automoveis\\\/#article\",\"isPartOf\":{\"@id\":\"https:\\\/\\\/jornaldasoficinas.com\\\/pt\\\/move-nos-a-paixao-pelos-automoveis\\\/\"},\"author\":{\"name\":\"Reda\u00e7\u00e3o JO\",\"@id\":\"https:\\\/\\\/jornaldasoficinas.com\\\/pt\\\/#\\\/schema\\\/person\\\/a38eef5de2c41d9e7c9ac10141afddf3\"},\"headline\":\"&#8220;Move-nos a paix\u00e3o pelos autom\u00f3veis&#8221;\",\"datePublished\":\"2021-10-27T11:00:22+00:00\",\"mainEntityOfPage\":{\"@id\":\"https:\\\/\\\/jornaldasoficinas.com\\\/pt\\\/move-nos-a-paixao-pelos-automoveis\\\/\"},\"wordCount\":914,\"publisher\":{\"@id\":\"https:\\\/\\\/jornaldasoficinas.com\\\/pt\\\/#organization\"},\"image\":{\"@id\":\"https:\\\/\\\/jornaldasoficinas.com\\\/pt\\\/move-nos-a-paixao-pelos-automoveis\\\/#primaryimage\"},\"thumbnailUrl\":\"https:\\\/\\\/jornaldasoficinas.com\\\/pt\\\/wp-content\\\/uploads\\\/2021\\\/09\\\/Racar.jpeg\",\"keywords\":[\"Racar\"],\"articleSection\":[\"Mercado\"],\"inLanguage\":\"pt-PT\"},{\"@type\":\"WebPage\",\"@id\":\"https:\\\/\\\/jornaldasoficinas.com\\\/pt\\\/move-nos-a-paixao-pelos-automoveis\\\/\",\"url\":\"https:\\\/\\\/jornaldasoficinas.com\\\/pt\\\/move-nos-a-paixao-pelos-automoveis\\\/\",\"name\":\"\\\"Move-nos a paix\u00e3o pelos autom\u00f3veis\\\" - Jornal das Oficinas\",\"isPartOf\":{\"@id\":\"https:\\\/\\\/jornaldasoficinas.com\\\/pt\\\/#website\"},\"primaryImageOfPage\":{\"@id\":\"https:\\\/\\\/jornaldasoficinas.com\\\/pt\\\/move-nos-a-paixao-pelos-automoveis\\\/#primaryimage\"},\"image\":{\"@id\":\"https:\\\/\\\/jornaldasoficinas.com\\\/pt\\\/move-nos-a-paixao-pelos-automoveis\\\/#primaryimage\"},\"thumbnailUrl\":\"https:\\\/\\\/jornaldasoficinas.com\\\/pt\\\/wp-content\\\/uploads\\\/2021\\\/09\\\/Racar.jpeg\",\"datePublished\":\"2021-10-27T11:00:22+00:00\",\"breadcrumb\":{\"@id\":\"https:\\\/\\\/jornaldasoficinas.com\\\/pt\\\/move-nos-a-paixao-pelos-automoveis\\\/#breadcrumb\"},\"inLanguage\":\"pt-PT\",\"potentialAction\":[{\"@type\":\"ReadAction\",\"target\":[\"https:\\\/\\\/jornaldasoficinas.com\\\/pt\\\/move-nos-a-paixao-pelos-automoveis\\\/\"]}]},{\"@type\":\"ImageObject\",\"inLanguage\":\"pt-PT\",\"@id\":\"https:\\\/\\\/jornaldasoficinas.com\\\/pt\\\/move-nos-a-paixao-pelos-automoveis\\\/#primaryimage\",\"url\":\"https:\\\/\\\/jornaldasoficinas.com\\\/pt\\\/wp-content\\\/uploads\\\/2021\\\/09\\\/Racar.jpeg\",\"contentUrl\":\"https:\\\/\\\/jornaldasoficinas.com\\\/pt\\\/wp-content\\\/uploads\\\/2021\\\/09\\\/Racar.jpeg\",\"width\":1024,\"height\":581,\"caption\":\"09 - Racar\"},{\"@type\":\"BreadcrumbList\",\"@id\":\"https:\\\/\\\/jornaldasoficinas.com\\\/pt\\\/move-nos-a-paixao-pelos-automoveis\\\/#breadcrumb\",\"itemListElement\":[{\"@type\":\"ListItem\",\"position\":1,\"name\":\"In\u00edcio\",\"item\":\"https:\\\/\\\/jornaldasoficinas.com\\\/pt\\\/\"},{\"@type\":\"ListItem\",\"position\":2,\"name\":\"&#8220;Move-nos a paix\u00e3o pelos autom\u00f3veis&#8221;\"}]},{\"@type\":\"WebSite\",\"@id\":\"https:\\\/\\\/jornaldasoficinas.com\\\/pt\\\/#website\",\"url\":\"https:\\\/\\\/jornaldasoficinas.com\\\/pt\\\/\",\"name\":\"Jornal das Oficinas\",\"description\":\"Jornal independente do Aftermarket Autom\u00f3vel em Portugal\",\"publisher\":{\"@id\":\"https:\\\/\\\/jornaldasoficinas.com\\\/pt\\\/#organization\"},\"potentialAction\":[{\"@type\":\"SearchAction\",\"target\":{\"@type\":\"EntryPoint\",\"urlTemplate\":\"https:\\\/\\\/jornaldasoficinas.com\\\/pt\\\/?s={search_term_string}\"},\"query-input\":{\"@type\":\"PropertyValueSpecification\",\"valueRequired\":true,\"valueName\":\"search_term_string\"}}],\"inLanguage\":\"pt-PT\"},{\"@type\":\"Organization\",\"@id\":\"https:\\\/\\\/jornaldasoficinas.com\\\/pt\\\/#organization\",\"name\":\"Jornal das Oficinas\",\"url\":\"https:\\\/\\\/jornaldasoficinas.com\\\/pt\\\/\",\"logo\":{\"@type\":\"ImageObject\",\"inLanguage\":\"pt-PT\",\"@id\":\"https:\\\/\\\/jornaldasoficinas.com\\\/pt\\\/#\\\/schema\\\/logo\\\/image\\\/\",\"url\":\"https:\\\/\\\/jornaldasoficinas.com\\\/pt\\\/wp-content\\\/uploads\\\/logoJO-SEO.png\",\"contentUrl\":\"https:\\\/\\\/jornaldasoficinas.com\\\/pt\\\/wp-content\\\/uploads\\\/logoJO-SEO.png\",\"width\":285,\"height\":450,\"caption\":\"Jornal das Oficinas\"},\"image\":{\"@id\":\"https:\\\/\\\/jornaldasoficinas.com\\\/pt\\\/#\\\/schema\\\/logo\\\/image\\\/\"},\"sameAs\":[\"https:\\\/\\\/www.facebook.com\\\/jornaloficinas\",\"https:\\\/\\\/x.com\\\/jornaloficinas\",\"https:\\\/\\\/www.instagram.com\\\/jornal_oficinas\\\/\",\"https:\\\/\\\/www.linkedin.com\\\/company\\\/jornal-das-oficinas\\\/\",\"https:\\\/\\\/www.youtube.com\\\/channel\\\/UCbQZBqtcvV-oSQrr7RzINGg\"]},{\"@type\":\"Person\",\"@id\":\"https:\\\/\\\/jornaldasoficinas.com\\\/pt\\\/#\\\/schema\\\/person\\\/a38eef5de2c41d9e7c9ac10141afddf3\",\"name\":\"Reda\u00e7\u00e3o JO\",\"image\":{\"@type\":\"ImageObject\",\"inLanguage\":\"pt-PT\",\"@id\":\"https:\\\/\\\/secure.gravatar.com\\\/avatar\\\/71f2fa71737ad68a84fea94bc708ddac8ea5b0c4788dc2ad202f3ccb2887742f?s=96&d=wp_user_avatar&r=g\",\"url\":\"https:\\\/\\\/secure.gravatar.com\\\/avatar\\\/71f2fa71737ad68a84fea94bc708ddac8ea5b0c4788dc2ad202f3ccb2887742f?s=96&d=wp_user_avatar&r=g\",\"contentUrl\":\"https:\\\/\\\/secure.gravatar.com\\\/avatar\\\/71f2fa71737ad68a84fea94bc708ddac8ea5b0c4788dc2ad202f3ccb2887742f?s=96&d=wp_user_avatar&r=g\",\"caption\":\"Reda\u00e7\u00e3o JO\"},\"url\":\"https:\\\/\\\/jornaldasoficinas.com\\\/pt\\\/author\\\/joredacao\\\/\"}]}<\/script>\n<!-- \/ Yoast SEO plugin. -->","yoast_head_json":{"title":"\"Move-nos a paix\u00e3o pelos autom\u00f3veis\" - Jornal das Oficinas","robots":{"index":"index","follow":"follow","max-snippet":"max-snippet:-1","max-image-preview":"max-image-preview:large","max-video-preview":"max-video-preview:-1"},"canonical":"https:\/\/jornaldasoficinas.com\/pt\/move-nos-a-paixao-pelos-automoveis\/","og_locale":"pt_PT","og_type":"article","og_title":"\"Move-nos a paix\u00e3o pelos autom\u00f3veis\" - Jornal das Oficinas","og_description":"A Racar nasce pela paix\u00e3o pelos...","og_url":"https:\/\/jornaldasoficinas.com\/pt\/move-nos-a-paixao-pelos-automoveis\/","og_site_name":"Jornal das Oficinas","article_publisher":"https:\/\/www.facebook.com\/jornaloficinas","article_published_time":"2021-10-27T11:00:22+00:00","og_image":[{"width":1024,"height":581,"url":"https:\/\/jornaldasoficinas.com\/pt\/wp-content\/uploads\/2021\/09\/Racar.jpeg","type":"image\/jpeg"}],"author":"Reda\u00e7\u00e3o JO","twitter_card":"summary_large_image","twitter_creator":"@jornaloficinas","twitter_site":"@jornaloficinas","twitter_misc":{"Escrito por":"Reda\u00e7\u00e3o JO","Tempo estimado de leitura":"5 minutos"},"schema":{"@context":"https:\/\/schema.org","@graph":[{"@type":"Article","@id":"https:\/\/jornaldasoficinas.com\/pt\/move-nos-a-paixao-pelos-automoveis\/#article","isPartOf":{"@id":"https:\/\/jornaldasoficinas.com\/pt\/move-nos-a-paixao-pelos-automoveis\/"},"author":{"name":"Reda\u00e7\u00e3o JO","@id":"https:\/\/jornaldasoficinas.com\/pt\/#\/schema\/person\/a38eef5de2c41d9e7c9ac10141afddf3"},"headline":"&#8220;Move-nos a paix\u00e3o pelos autom\u00f3veis&#8221;","datePublished":"2021-10-27T11:00:22+00:00","mainEntityOfPage":{"@id":"https:\/\/jornaldasoficinas.com\/pt\/move-nos-a-paixao-pelos-automoveis\/"},"wordCount":914,"publisher":{"@id":"https:\/\/jornaldasoficinas.com\/pt\/#organization"},"image":{"@id":"https:\/\/jornaldasoficinas.com\/pt\/move-nos-a-paixao-pelos-automoveis\/#primaryimage"},"thumbnailUrl":"https:\/\/jornaldasoficinas.com\/pt\/wp-content\/uploads\/2021\/09\/Racar.jpeg","keywords":["Racar"],"articleSection":["Mercado"],"inLanguage":"pt-PT"},{"@type":"WebPage","@id":"https:\/\/jornaldasoficinas.com\/pt\/move-nos-a-paixao-pelos-automoveis\/","url":"https:\/\/jornaldasoficinas.com\/pt\/move-nos-a-paixao-pelos-automoveis\/","name":"\"Move-nos a paix\u00e3o pelos autom\u00f3veis\" - Jornal das Oficinas","isPartOf":{"@id":"https:\/\/jornaldasoficinas.com\/pt\/#website"},"primaryImageOfPage":{"@id":"https:\/\/jornaldasoficinas.com\/pt\/move-nos-a-paixao-pelos-automoveis\/#primaryimage"},"image":{"@id":"https:\/\/jornaldasoficinas.com\/pt\/move-nos-a-paixao-pelos-automoveis\/#primaryimage"},"thumbnailUrl":"https:\/\/jornaldasoficinas.com\/pt\/wp-content\/uploads\/2021\/09\/Racar.jpeg","datePublished":"2021-10-27T11:00:22+00:00","breadcrumb":{"@id":"https:\/\/jornaldasoficinas.com\/pt\/move-nos-a-paixao-pelos-automoveis\/#breadcrumb"},"inLanguage":"pt-PT","potentialAction":[{"@type":"ReadAction","target":["https:\/\/jornaldasoficinas.com\/pt\/move-nos-a-paixao-pelos-automoveis\/"]}]},{"@type":"ImageObject","inLanguage":"pt-PT","@id":"https:\/\/jornaldasoficinas.com\/pt\/move-nos-a-paixao-pelos-automoveis\/#primaryimage","url":"https:\/\/jornaldasoficinas.com\/pt\/wp-content\/uploads\/2021\/09\/Racar.jpeg","contentUrl":"https:\/\/jornaldasoficinas.com\/pt\/wp-content\/uploads\/2021\/09\/Racar.jpeg","width":1024,"height":581,"caption":"09 - Racar"},{"@type":"BreadcrumbList","@id":"https:\/\/jornaldasoficinas.com\/pt\/move-nos-a-paixao-pelos-automoveis\/#breadcrumb","itemListElement":[{"@type":"ListItem","position":1,"name":"In\u00edcio","item":"https:\/\/jornaldasoficinas.com\/pt\/"},{"@type":"ListItem","position":2,"name":"&#8220;Move-nos a paix\u00e3o pelos autom\u00f3veis&#8221;"}]},{"@type":"WebSite","@id":"https:\/\/jornaldasoficinas.com\/pt\/#website","url":"https:\/\/jornaldasoficinas.com\/pt\/","name":"Jornal das Oficinas","description":"Jornal independente do Aftermarket Autom\u00f3vel em Portugal","publisher":{"@id":"https:\/\/jornaldasoficinas.com\/pt\/#organization"},"potentialAction":[{"@type":"SearchAction","target":{"@type":"EntryPoint","urlTemplate":"https:\/\/jornaldasoficinas.com\/pt\/?s={search_term_string}"},"query-input":{"@type":"PropertyValueSpecification","valueRequired":true,"valueName":"search_term_string"}}],"inLanguage":"pt-PT"},{"@type":"Organization","@id":"https:\/\/jornaldasoficinas.com\/pt\/#organization","name":"Jornal das Oficinas","url":"https:\/\/jornaldasoficinas.com\/pt\/","logo":{"@type":"ImageObject","inLanguage":"pt-PT","@id":"https:\/\/jornaldasoficinas.com\/pt\/#\/schema\/logo\/image\/","url":"https:\/\/jornaldasoficinas.com\/pt\/wp-content\/uploads\/logoJO-SEO.png","contentUrl":"https:\/\/jornaldasoficinas.com\/pt\/wp-content\/uploads\/logoJO-SEO.png","width":285,"height":450,"caption":"Jornal das Oficinas"},"image":{"@id":"https:\/\/jornaldasoficinas.com\/pt\/#\/schema\/logo\/image\/"},"sameAs":["https:\/\/www.facebook.com\/jornaloficinas","https:\/\/x.com\/jornaloficinas","https:\/\/www.instagram.com\/jornal_oficinas\/","https:\/\/www.linkedin.com\/company\/jornal-das-oficinas\/","https:\/\/www.youtube.com\/channel\/UCbQZBqtcvV-oSQrr7RzINGg"]},{"@type":"Person","@id":"https:\/\/jornaldasoficinas.com\/pt\/#\/schema\/person\/a38eef5de2c41d9e7c9ac10141afddf3","name":"Reda\u00e7\u00e3o JO","image":{"@type":"ImageObject","inLanguage":"pt-PT","@id":"https:\/\/secure.gravatar.com\/avatar\/71f2fa71737ad68a84fea94bc708ddac8ea5b0c4788dc2ad202f3ccb2887742f?s=96&d=wp_user_avatar&r=g","url":"https:\/\/secure.gravatar.com\/avatar\/71f2fa71737ad68a84fea94bc708ddac8ea5b0c4788dc2ad202f3ccb2887742f?s=96&d=wp_user_avatar&r=g","contentUrl":"https:\/\/secure.gravatar.com\/avatar\/71f2fa71737ad68a84fea94bc708ddac8ea5b0c4788dc2ad202f3ccb2887742f?s=96&d=wp_user_avatar&r=g","caption":"Reda\u00e7\u00e3o JO"},"url":"https:\/\/jornaldasoficinas.com\/pt\/author\/joredacao\/"}]}},"_links":{"self":[{"href":"https:\/\/jornaldasoficinas.com\/pt\/wp-json\/wp\/v2\/posts\/24875","targetHints":{"allow":["GET"]}}],"collection":[{"href":"https:\/\/jornaldasoficinas.com\/pt\/wp-json\/wp\/v2\/posts"}],"about":[{"href":"https:\/\/jornaldasoficinas.com\/pt\/wp-json\/wp\/v2\/types\/post"}],"author":[{"embeddable":true,"href":"https:\/\/jornaldasoficinas.com\/pt\/wp-json\/wp\/v2\/users\/15"}],"replies":[{"embeddable":true,"href":"https:\/\/jornaldasoficinas.com\/pt\/wp-json\/wp\/v2\/comments?post=24875"}],"version-history":[{"count":0,"href":"https:\/\/jornaldasoficinas.com\/pt\/wp-json\/wp\/v2\/posts\/24875\/revisions"}],"wp:featuredmedia":[{"embeddable":true,"href":"https:\/\/jornaldasoficinas.com\/pt\/wp-json\/wp\/v2\/media\/24870"}],"wp:attachment":[{"href":"https:\/\/jornaldasoficinas.com\/pt\/wp-json\/wp\/v2\/media?parent=24875"}],"wp:term":[{"taxonomy":"category","embeddable":true,"href":"https:\/\/jornaldasoficinas.com\/pt\/wp-json\/wp\/v2\/categories?post=24875"},{"taxonomy":"post_tag","embeddable":true,"href":"https:\/\/jornaldasoficinas.com\/pt\/wp-json\/wp\/v2\/tags?post=24875"}],"curies":[{"name":"wp","href":"https:\/\/api.w.org\/{rel}","templated":true}]}}