{"id":24996,"date":"2021-11-01T14:00:19","date_gmt":"2021-11-01T14:00:19","guid":{"rendered":"https:\/\/jornaldasoficinas.com\/pt\/?p=24996"},"modified":"2021-10-29T10:16:49","modified_gmt":"2021-10-29T09:16:49","slug":"bosch-amplia-gama-alternadores-e-motores-de-arranque","status":"publish","type":"post","link":"https:\/\/jornaldasoficinas.com\/pt\/bosch-amplia-gama-alternadores-e-motores-de-arranque\/","title":{"rendered":"Bosch amplia gama alternadores e motores de arranque"},"content":{"rendered":"<p><strong><img loading=\"lazy\" decoding=\"async\" class=\"alignnone size-full wp-image-24958\" src=\"https:\/\/jornaldasoficinas.com\/pt\/wp-content\/uploads\/2021\/09\/Bosch-amplia-gama.jpg\" alt=\"09 - Bosch-amplia-gama\" width=\"1024\" height=\"581\" srcset=\"https:\/\/jornaldasoficinas.com\/pt\/wp-content\/uploads\/2021\/09\/Bosch-amplia-gama.jpg 1024w, https:\/\/jornaldasoficinas.com\/pt\/wp-content\/uploads\/2021\/09\/Bosch-amplia-gama-300x170.jpg 300w, https:\/\/jornaldasoficinas.com\/pt\/wp-content\/uploads\/2021\/09\/Bosch-amplia-gama-150x85.jpg 150w, https:\/\/jornaldasoficinas.com\/pt\/wp-content\/uploads\/2021\/09\/Bosch-amplia-gama-768x436.jpg 768w\" sizes=\"auto, (max-width: 1024px) 100vw, 1024px\" \/><\/strong><\/p>\n<p><strong>Ao longo deste ano, a <a href=\"https:\/\/www.bosch.pt\/\" target=\"_blank\" rel=\"noopener\">Bosch<\/a> Automotive Aftermarket tem vindo a ampliar a gama de alternadores e motores de arranque que faz parte do seu programa eXchange de produtos remanufacturados, que conta com 78 novas refer\u00eancias e que se prev\u00ea que continue a ser atualizado no decorrer de 2022<\/strong><\/p>\n<p>De entre todas estas novas pe\u00e7as, 17 correspondem a refer\u00eancias exclusivas para ve\u00edculos comerciais pesados, o que demonstra a aposta da empresa neste tipo de ve\u00edculos. Com esta extens\u00e3o da gama, a Bosch amplia a sua cobertura, atrav\u00e9s do programa eXchange, em mais de dois milh\u00f5es de ve\u00edculos em Portugal e Espanha.<\/p>\n<p>O programa Bosch eXchange para motores de arranque e alternadores \u00e9 uma solu\u00e7\u00e3o \u00f3tima e econ\u00f3mica para a repara\u00e7\u00e3o tanto de ve\u00edculos ligeiros como de ve\u00edculos comerciais, com a qualidade comprovada dos produtos Bosch. Os componentes inclu\u00eddos no programa eXchange est\u00e3o remanufacturados de acordo com os padr\u00f5es de qualidade das pe\u00e7as originais, tendo por isso que superar rigorosos testes de funcionalidades e de qualidade. Com isto, a Bosch assegura uma alta fiabilidade e uma longa vida \u00fatil a pre\u00e7os mais econ\u00f3micos, oferecendo a mesma garantia que com os produtos novos.<\/p>\n<p>No entanto, o Bosch eXchange n\u00e3o \u00e9 apenas uma boa op\u00e7\u00e3o na hora de reparar um ve\u00edculo, \u00e9 tamb\u00e9m uma solu\u00e7\u00e3o que respeita o meio ambiente e que demonstra o compromisso da Bosch para com a sustentabilidade. Em compara\u00e7\u00e3o com a produ\u00e7\u00e3o de pe\u00e7as novas, a remanufatura\u00e7\u00e3o requer menos material e energia, o que permite importantes poupan\u00e7as de recursos naturais e emiss\u00f5es de CO2.<\/p>\n<p>Ao remanufacturar motores de arranque e alternadores, a Bosch poupou, em 2019, cerca de 2.700 toneladas de diferentes metais, o que se traduziu num CO2 equivalente (CO\u2082e) de aproximadamente 7.400 Tm \u2013 quantidade que teria sido emitida ao produzir pe\u00e7as met\u00e1licas do zero \u2013 que n\u00e3o foi emitido para a atmosfera.<\/p>\n<p><strong>Bosch continua a contribuir para a sustentabilidade com campanha de planta\u00e7\u00e3o de \u00e1rvores<br \/>\n<\/strong>No seu compromisso com as pr\u00e1ticas comerciais sustent\u00e1veis, o programa eXchange da Bosch Automotive Aftermarket para produtos remanufacturados ajuda a poupar recursos e a proteger o meio ambiente, reduzindo as emiss\u00f5es de di\u00f3xido de carbono.<\/p>\n<p>No \u00e2mbito deste programa a Bosch lan\u00e7ou a iniciativa \u201cFloresta Bosch\u201d, com o objetivo de impulsionar a utiliza\u00e7\u00e3o de pe\u00e7as remanufacturadas e dando continuidade \u00e0 aposta na sustentabilidade, dando o exemplo atrav\u00e9s da planta\u00e7\u00e3o de \u00e1rvores.<\/p>\n<p>Esta campanha de refloresta\u00e7\u00e3o j\u00e1 arrancou em Portugal, com um ato simb\u00f3lico com a planta\u00e7\u00e3o de cerca de duas dezenas de \u00e1rvores de quatro esp\u00e9cies de \u00e1rvores: carvalho pirenaico, amieiro negro, carvalho comum e sobreiro. Este primeiros exemplares foram plantados na zona da Malveira, e v\u00e3o permitir compensar a emiss\u00e3o de cerca de 19 toneladas de CO2.<\/p>\n<p>\u201c\u00c9 para n\u00f3s muito gratificante poder traduzir esta campanha numa a\u00e7\u00e3o concreta. Come\u00e7\u00e1mos com a planta\u00e7\u00e3o de cerca de 20 \u00e1rvores, mas o objetivo \u00e9 chegar \u00e0s 100 ao longo das pr\u00f3ximas semanas. Com os produtos remanufacturados conseguimos dar um contributo muito importante para a diminui\u00e7\u00e3o das emiss\u00f5es de CO2, aliar a isso a possibilidade de ajudarmos na refloresta\u00e7\u00e3o com a planta\u00e7\u00e3o destas \u00e1rvores \u00e9 mais uma forma de ajudar o meio ambiente e de estarmos alinhados com a nossa pol\u00edtica de sustentabilidade\u201d, refere H\u00e9lder Sardinha, Product Specialist para o sul da Europa (Portugal, Espanha, It\u00e1lia e Gr\u00e9cia).<\/p>\n","protected":false},"excerpt":{"rendered":"<p>Ao longo deste ano, a Bosch&#8230;<\/p>\n","protected":false},"author":15,"featured_media":24958,"comment_status":"closed","ping_status":"closed","sticky":false,"template":"","format":"standard","meta":{"footnotes":""},"categories":[29],"tags":[123],"class_list":["post-24996","post","type-post","status-publish","format-standard","has-post-thumbnail","hentry","category-empresas","tag-bosch"],"yoast_head":"<!-- This site is optimized with the Yoast SEO plugin v27.4 - https:\/\/yoast.com\/product\/yoast-seo-wordpress\/ -->\n<title>Bosch amplia gama alternadores e motores de arranque - Jornal das Oficinas<\/title>\n<meta name=\"robots\" content=\"index, follow, max-snippet:-1, max-image-preview:large, max-video-preview:-1\" \/>\n<link rel=\"canonical\" href=\"https:\/\/jornaldasoficinas.com\/pt\/bosch-amplia-gama-alternadores-e-motores-de-arranque\/\" \/>\n<meta property=\"og:locale\" content=\"pt_PT\" \/>\n<meta property=\"og:type\" content=\"article\" \/>\n<meta property=\"og:title\" content=\"Bosch amplia gama alternadores e motores de arranque - Jornal das Oficinas\" \/>\n<meta property=\"og:description\" content=\"Ao longo deste ano, a Bosch...\" \/>\n<meta property=\"og:url\" content=\"https:\/\/jornaldasoficinas.com\/pt\/bosch-amplia-gama-alternadores-e-motores-de-arranque\/\" \/>\n<meta property=\"og:site_name\" content=\"Jornal das Oficinas\" \/>\n<meta property=\"article:publisher\" content=\"https:\/\/www.facebook.com\/jornaloficinas\" \/>\n<meta property=\"article:published_time\" content=\"2021-11-01T14:00:19+00:00\" \/>\n<meta property=\"og:image\" content=\"https:\/\/jornaldasoficinas.com\/pt\/wp-content\/uploads\/2021\/09\/Bosch-amplia-gama.jpg\" \/>\n\t<meta property=\"og:image:width\" content=\"1024\" \/>\n\t<meta property=\"og:image:height\" content=\"581\" \/>\n\t<meta property=\"og:image:type\" content=\"image\/jpeg\" \/>\n<meta name=\"author\" content=\"Reda\u00e7\u00e3o JO\" \/>\n<meta name=\"twitter:card\" content=\"summary_large_image\" \/>\n<meta name=\"twitter:creator\" content=\"@jornaloficinas\" \/>\n<meta name=\"twitter:site\" content=\"@jornaloficinas\" \/>\n<meta name=\"twitter:label1\" content=\"Escrito por\" \/>\n\t<meta name=\"twitter:data1\" content=\"Reda\u00e7\u00e3o JO\" \/>\n\t<meta name=\"twitter:label2\" content=\"Tempo estimado de leitura\" \/>\n\t<meta name=\"twitter:data2\" content=\"3 minutos\" \/>\n<script type=\"application\/ld+json\" class=\"yoast-schema-graph\">{\"@context\":\"https:\\\/\\\/schema.org\",\"@graph\":[{\"@type\":\"Article\",\"@id\":\"https:\\\/\\\/jornaldasoficinas.com\\\/pt\\\/bosch-amplia-gama-alternadores-e-motores-de-arranque\\\/#article\",\"isPartOf\":{\"@id\":\"https:\\\/\\\/jornaldasoficinas.com\\\/pt\\\/bosch-amplia-gama-alternadores-e-motores-de-arranque\\\/\"},\"author\":{\"name\":\"Reda\u00e7\u00e3o JO\",\"@id\":\"https:\\\/\\\/jornaldasoficinas.com\\\/pt\\\/#\\\/schema\\\/person\\\/a38eef5de2c41d9e7c9ac10141afddf3\"},\"headline\":\"Bosch amplia gama alternadores e motores de arranque\",\"datePublished\":\"2021-11-01T14:00:19+00:00\",\"mainEntityOfPage\":{\"@id\":\"https:\\\/\\\/jornaldasoficinas.com\\\/pt\\\/bosch-amplia-gama-alternadores-e-motores-de-arranque\\\/\"},\"wordCount\":599,\"publisher\":{\"@id\":\"https:\\\/\\\/jornaldasoficinas.com\\\/pt\\\/#organization\"},\"image\":{\"@id\":\"https:\\\/\\\/jornaldasoficinas.com\\\/pt\\\/bosch-amplia-gama-alternadores-e-motores-de-arranque\\\/#primaryimage\"},\"thumbnailUrl\":\"https:\\\/\\\/jornaldasoficinas.com\\\/pt\\\/wp-content\\\/uploads\\\/2021\\\/09\\\/Bosch-amplia-gama.jpg\",\"keywords\":[\"Bosch\"],\"articleSection\":[\"Empresas\"],\"inLanguage\":\"pt-PT\"},{\"@type\":\"WebPage\",\"@id\":\"https:\\\/\\\/jornaldasoficinas.com\\\/pt\\\/bosch-amplia-gama-alternadores-e-motores-de-arranque\\\/\",\"url\":\"https:\\\/\\\/jornaldasoficinas.com\\\/pt\\\/bosch-amplia-gama-alternadores-e-motores-de-arranque\\\/\",\"name\":\"Bosch amplia gama alternadores e motores de arranque - Jornal das Oficinas\",\"isPartOf\":{\"@id\":\"https:\\\/\\\/jornaldasoficinas.com\\\/pt\\\/#website\"},\"primaryImageOfPage\":{\"@id\":\"https:\\\/\\\/jornaldasoficinas.com\\\/pt\\\/bosch-amplia-gama-alternadores-e-motores-de-arranque\\\/#primaryimage\"},\"image\":{\"@id\":\"https:\\\/\\\/jornaldasoficinas.com\\\/pt\\\/bosch-amplia-gama-alternadores-e-motores-de-arranque\\\/#primaryimage\"},\"thumbnailUrl\":\"https:\\\/\\\/jornaldasoficinas.com\\\/pt\\\/wp-content\\\/uploads\\\/2021\\\/09\\\/Bosch-amplia-gama.jpg\",\"datePublished\":\"2021-11-01T14:00:19+00:00\",\"breadcrumb\":{\"@id\":\"https:\\\/\\\/jornaldasoficinas.com\\\/pt\\\/bosch-amplia-gama-alternadores-e-motores-de-arranque\\\/#breadcrumb\"},\"inLanguage\":\"pt-PT\",\"potentialAction\":[{\"@type\":\"ReadAction\",\"target\":[\"https:\\\/\\\/jornaldasoficinas.com\\\/pt\\\/bosch-amplia-gama-alternadores-e-motores-de-arranque\\\/\"]}]},{\"@type\":\"ImageObject\",\"inLanguage\":\"pt-PT\",\"@id\":\"https:\\\/\\\/jornaldasoficinas.com\\\/pt\\\/bosch-amplia-gama-alternadores-e-motores-de-arranque\\\/#primaryimage\",\"url\":\"https:\\\/\\\/jornaldasoficinas.com\\\/pt\\\/wp-content\\\/uploads\\\/2021\\\/09\\\/Bosch-amplia-gama.jpg\",\"contentUrl\":\"https:\\\/\\\/jornaldasoficinas.com\\\/pt\\\/wp-content\\\/uploads\\\/2021\\\/09\\\/Bosch-amplia-gama.jpg\",\"width\":1024,\"height\":581,\"caption\":\"09 - Bosch-amplia-gama\"},{\"@type\":\"BreadcrumbList\",\"@id\":\"https:\\\/\\\/jornaldasoficinas.com\\\/pt\\\/bosch-amplia-gama-alternadores-e-motores-de-arranque\\\/#breadcrumb\",\"itemListElement\":[{\"@type\":\"ListItem\",\"position\":1,\"name\":\"In\u00edcio\",\"item\":\"https:\\\/\\\/jornaldasoficinas.com\\\/pt\\\/\"},{\"@type\":\"ListItem\",\"position\":2,\"name\":\"Bosch amplia gama alternadores e motores de arranque\"}]},{\"@type\":\"WebSite\",\"@id\":\"https:\\\/\\\/jornaldasoficinas.com\\\/pt\\\/#website\",\"url\":\"https:\\\/\\\/jornaldasoficinas.com\\\/pt\\\/\",\"name\":\"Jornal das Oficinas\",\"description\":\"Jornal independente do Aftermarket Autom\u00f3vel em Portugal\",\"publisher\":{\"@id\":\"https:\\\/\\\/jornaldasoficinas.com\\\/pt\\\/#organization\"},\"potentialAction\":[{\"@type\":\"SearchAction\",\"target\":{\"@type\":\"EntryPoint\",\"urlTemplate\":\"https:\\\/\\\/jornaldasoficinas.com\\\/pt\\\/?s={search_term_string}\"},\"query-input\":{\"@type\":\"PropertyValueSpecification\",\"valueRequired\":true,\"valueName\":\"search_term_string\"}}],\"inLanguage\":\"pt-PT\"},{\"@type\":\"Organization\",\"@id\":\"https:\\\/\\\/jornaldasoficinas.com\\\/pt\\\/#organization\",\"name\":\"Jornal das Oficinas\",\"url\":\"https:\\\/\\\/jornaldasoficinas.com\\\/pt\\\/\",\"logo\":{\"@type\":\"ImageObject\",\"inLanguage\":\"pt-PT\",\"@id\":\"https:\\\/\\\/jornaldasoficinas.com\\\/pt\\\/#\\\/schema\\\/logo\\\/image\\\/\",\"url\":\"https:\\\/\\\/jornaldasoficinas.com\\\/pt\\\/wp-content\\\/uploads\\\/logoJO-SEO.png\",\"contentUrl\":\"https:\\\/\\\/jornaldasoficinas.com\\\/pt\\\/wp-content\\\/uploads\\\/logoJO-SEO.png\",\"width\":285,\"height\":450,\"caption\":\"Jornal das Oficinas\"},\"image\":{\"@id\":\"https:\\\/\\\/jornaldasoficinas.com\\\/pt\\\/#\\\/schema\\\/logo\\\/image\\\/\"},\"sameAs\":[\"https:\\\/\\\/www.facebook.com\\\/jornaloficinas\",\"https:\\\/\\\/x.com\\\/jornaloficinas\",\"https:\\\/\\\/www.instagram.com\\\/jornal_oficinas\\\/\",\"https:\\\/\\\/www.linkedin.com\\\/company\\\/jornal-das-oficinas\\\/\",\"https:\\\/\\\/www.youtube.com\\\/channel\\\/UCbQZBqtcvV-oSQrr7RzINGg\"]},{\"@type\":\"Person\",\"@id\":\"https:\\\/\\\/jornaldasoficinas.com\\\/pt\\\/#\\\/schema\\\/person\\\/a38eef5de2c41d9e7c9ac10141afddf3\",\"name\":\"Reda\u00e7\u00e3o JO\",\"image\":{\"@type\":\"ImageObject\",\"inLanguage\":\"pt-PT\",\"@id\":\"https:\\\/\\\/secure.gravatar.com\\\/avatar\\\/71f2fa71737ad68a84fea94bc708ddac8ea5b0c4788dc2ad202f3ccb2887742f?s=96&d=wp_user_avatar&r=g\",\"url\":\"https:\\\/\\\/secure.gravatar.com\\\/avatar\\\/71f2fa71737ad68a84fea94bc708ddac8ea5b0c4788dc2ad202f3ccb2887742f?s=96&d=wp_user_avatar&r=g\",\"contentUrl\":\"https:\\\/\\\/secure.gravatar.com\\\/avatar\\\/71f2fa71737ad68a84fea94bc708ddac8ea5b0c4788dc2ad202f3ccb2887742f?s=96&d=wp_user_avatar&r=g\",\"caption\":\"Reda\u00e7\u00e3o JO\"},\"url\":\"https:\\\/\\\/jornaldasoficinas.com\\\/pt\\\/author\\\/joredacao\\\/\"}]}<\/script>\n<!-- \/ Yoast SEO plugin. -->","yoast_head_json":{"title":"Bosch amplia gama alternadores e motores de arranque - Jornal das Oficinas","robots":{"index":"index","follow":"follow","max-snippet":"max-snippet:-1","max-image-preview":"max-image-preview:large","max-video-preview":"max-video-preview:-1"},"canonical":"https:\/\/jornaldasoficinas.com\/pt\/bosch-amplia-gama-alternadores-e-motores-de-arranque\/","og_locale":"pt_PT","og_type":"article","og_title":"Bosch amplia gama alternadores e motores de arranque - Jornal das Oficinas","og_description":"Ao longo deste ano, a Bosch...","og_url":"https:\/\/jornaldasoficinas.com\/pt\/bosch-amplia-gama-alternadores-e-motores-de-arranque\/","og_site_name":"Jornal das Oficinas","article_publisher":"https:\/\/www.facebook.com\/jornaloficinas","article_published_time":"2021-11-01T14:00:19+00:00","og_image":[{"width":1024,"height":581,"url":"https:\/\/jornaldasoficinas.com\/pt\/wp-content\/uploads\/2021\/09\/Bosch-amplia-gama.jpg","type":"image\/jpeg"}],"author":"Reda\u00e7\u00e3o JO","twitter_card":"summary_large_image","twitter_creator":"@jornaloficinas","twitter_site":"@jornaloficinas","twitter_misc":{"Escrito por":"Reda\u00e7\u00e3o JO","Tempo estimado de leitura":"3 minutos"},"schema":{"@context":"https:\/\/schema.org","@graph":[{"@type":"Article","@id":"https:\/\/jornaldasoficinas.com\/pt\/bosch-amplia-gama-alternadores-e-motores-de-arranque\/#article","isPartOf":{"@id":"https:\/\/jornaldasoficinas.com\/pt\/bosch-amplia-gama-alternadores-e-motores-de-arranque\/"},"author":{"name":"Reda\u00e7\u00e3o JO","@id":"https:\/\/jornaldasoficinas.com\/pt\/#\/schema\/person\/a38eef5de2c41d9e7c9ac10141afddf3"},"headline":"Bosch amplia gama alternadores e motores de arranque","datePublished":"2021-11-01T14:00:19+00:00","mainEntityOfPage":{"@id":"https:\/\/jornaldasoficinas.com\/pt\/bosch-amplia-gama-alternadores-e-motores-de-arranque\/"},"wordCount":599,"publisher":{"@id":"https:\/\/jornaldasoficinas.com\/pt\/#organization"},"image":{"@id":"https:\/\/jornaldasoficinas.com\/pt\/bosch-amplia-gama-alternadores-e-motores-de-arranque\/#primaryimage"},"thumbnailUrl":"https:\/\/jornaldasoficinas.com\/pt\/wp-content\/uploads\/2021\/09\/Bosch-amplia-gama.jpg","keywords":["Bosch"],"articleSection":["Empresas"],"inLanguage":"pt-PT"},{"@type":"WebPage","@id":"https:\/\/jornaldasoficinas.com\/pt\/bosch-amplia-gama-alternadores-e-motores-de-arranque\/","url":"https:\/\/jornaldasoficinas.com\/pt\/bosch-amplia-gama-alternadores-e-motores-de-arranque\/","name":"Bosch amplia gama alternadores e motores de arranque - Jornal das Oficinas","isPartOf":{"@id":"https:\/\/jornaldasoficinas.com\/pt\/#website"},"primaryImageOfPage":{"@id":"https:\/\/jornaldasoficinas.com\/pt\/bosch-amplia-gama-alternadores-e-motores-de-arranque\/#primaryimage"},"image":{"@id":"https:\/\/jornaldasoficinas.com\/pt\/bosch-amplia-gama-alternadores-e-motores-de-arranque\/#primaryimage"},"thumbnailUrl":"https:\/\/jornaldasoficinas.com\/pt\/wp-content\/uploads\/2021\/09\/Bosch-amplia-gama.jpg","datePublished":"2021-11-01T14:00:19+00:00","breadcrumb":{"@id":"https:\/\/jornaldasoficinas.com\/pt\/bosch-amplia-gama-alternadores-e-motores-de-arranque\/#breadcrumb"},"inLanguage":"pt-PT","potentialAction":[{"@type":"ReadAction","target":["https:\/\/jornaldasoficinas.com\/pt\/bosch-amplia-gama-alternadores-e-motores-de-arranque\/"]}]},{"@type":"ImageObject","inLanguage":"pt-PT","@id":"https:\/\/jornaldasoficinas.com\/pt\/bosch-amplia-gama-alternadores-e-motores-de-arranque\/#primaryimage","url":"https:\/\/jornaldasoficinas.com\/pt\/wp-content\/uploads\/2021\/09\/Bosch-amplia-gama.jpg","contentUrl":"https:\/\/jornaldasoficinas.com\/pt\/wp-content\/uploads\/2021\/09\/Bosch-amplia-gama.jpg","width":1024,"height":581,"caption":"09 - Bosch-amplia-gama"},{"@type":"BreadcrumbList","@id":"https:\/\/jornaldasoficinas.com\/pt\/bosch-amplia-gama-alternadores-e-motores-de-arranque\/#breadcrumb","itemListElement":[{"@type":"ListItem","position":1,"name":"In\u00edcio","item":"https:\/\/jornaldasoficinas.com\/pt\/"},{"@type":"ListItem","position":2,"name":"Bosch amplia gama alternadores e motores de arranque"}]},{"@type":"WebSite","@id":"https:\/\/jornaldasoficinas.com\/pt\/#website","url":"https:\/\/jornaldasoficinas.com\/pt\/","name":"Jornal das Oficinas","description":"Jornal independente do Aftermarket Autom\u00f3vel em Portugal","publisher":{"@id":"https:\/\/jornaldasoficinas.com\/pt\/#organization"},"potentialAction":[{"@type":"SearchAction","target":{"@type":"EntryPoint","urlTemplate":"https:\/\/jornaldasoficinas.com\/pt\/?s={search_term_string}"},"query-input":{"@type":"PropertyValueSpecification","valueRequired":true,"valueName":"search_term_string"}}],"inLanguage":"pt-PT"},{"@type":"Organization","@id":"https:\/\/jornaldasoficinas.com\/pt\/#organization","name":"Jornal das Oficinas","url":"https:\/\/jornaldasoficinas.com\/pt\/","logo":{"@type":"ImageObject","inLanguage":"pt-PT","@id":"https:\/\/jornaldasoficinas.com\/pt\/#\/schema\/logo\/image\/","url":"https:\/\/jornaldasoficinas.com\/pt\/wp-content\/uploads\/logoJO-SEO.png","contentUrl":"https:\/\/jornaldasoficinas.com\/pt\/wp-content\/uploads\/logoJO-SEO.png","width":285,"height":450,"caption":"Jornal das Oficinas"},"image":{"@id":"https:\/\/jornaldasoficinas.com\/pt\/#\/schema\/logo\/image\/"},"sameAs":["https:\/\/www.facebook.com\/jornaloficinas","https:\/\/x.com\/jornaloficinas","https:\/\/www.instagram.com\/jornal_oficinas\/","https:\/\/www.linkedin.com\/company\/jornal-das-oficinas\/","https:\/\/www.youtube.com\/channel\/UCbQZBqtcvV-oSQrr7RzINGg"]},{"@type":"Person","@id":"https:\/\/jornaldasoficinas.com\/pt\/#\/schema\/person\/a38eef5de2c41d9e7c9ac10141afddf3","name":"Reda\u00e7\u00e3o JO","image":{"@type":"ImageObject","inLanguage":"pt-PT","@id":"https:\/\/secure.gravatar.com\/avatar\/71f2fa71737ad68a84fea94bc708ddac8ea5b0c4788dc2ad202f3ccb2887742f?s=96&d=wp_user_avatar&r=g","url":"https:\/\/secure.gravatar.com\/avatar\/71f2fa71737ad68a84fea94bc708ddac8ea5b0c4788dc2ad202f3ccb2887742f?s=96&d=wp_user_avatar&r=g","contentUrl":"https:\/\/secure.gravatar.com\/avatar\/71f2fa71737ad68a84fea94bc708ddac8ea5b0c4788dc2ad202f3ccb2887742f?s=96&d=wp_user_avatar&r=g","caption":"Reda\u00e7\u00e3o JO"},"url":"https:\/\/jornaldasoficinas.com\/pt\/author\/joredacao\/"}]}},"_links":{"self":[{"href":"https:\/\/jornaldasoficinas.com\/pt\/wp-json\/wp\/v2\/posts\/24996","targetHints":{"allow":["GET"]}}],"collection":[{"href":"https:\/\/jornaldasoficinas.com\/pt\/wp-json\/wp\/v2\/posts"}],"about":[{"href":"https:\/\/jornaldasoficinas.com\/pt\/wp-json\/wp\/v2\/types\/post"}],"author":[{"embeddable":true,"href":"https:\/\/jornaldasoficinas.com\/pt\/wp-json\/wp\/v2\/users\/15"}],"replies":[{"embeddable":true,"href":"https:\/\/jornaldasoficinas.com\/pt\/wp-json\/wp\/v2\/comments?post=24996"}],"version-history":[{"count":0,"href":"https:\/\/jornaldasoficinas.com\/pt\/wp-json\/wp\/v2\/posts\/24996\/revisions"}],"wp:featuredmedia":[{"embeddable":true,"href":"https:\/\/jornaldasoficinas.com\/pt\/wp-json\/wp\/v2\/media\/24958"}],"wp:attachment":[{"href":"https:\/\/jornaldasoficinas.com\/pt\/wp-json\/wp\/v2\/media?parent=24996"}],"wp:term":[{"taxonomy":"category","embeddable":true,"href":"https:\/\/jornaldasoficinas.com\/pt\/wp-json\/wp\/v2\/categories?post=24996"},{"taxonomy":"post_tag","embeddable":true,"href":"https:\/\/jornaldasoficinas.com\/pt\/wp-json\/wp\/v2\/tags?post=24996"}],"curies":[{"name":"wp","href":"https:\/\/api.w.org\/{rel}","templated":true}]}}