{"id":25111,"date":"2021-11-04T18:00:24","date_gmt":"2021-11-04T18:00:24","guid":{"rendered":"https:\/\/jornaldasoficinas.com\/pt\/?p=25111"},"modified":"2023-07-20T16:12:48","modified_gmt":"2023-07-20T15:12:48","slug":"renault-trucks-atualiza-gamas-t-t-high-c-e-k","status":"publish","type":"post","link":"https:\/\/jornaldasoficinas.com\/pt\/renault-trucks-atualiza-gamas-t-t-high-c-e-k\/","title":{"rendered":"Renault Trucks atualiza gamas T, T High, C e K"},"content":{"rendered":"<p><strong><img loading=\"lazy\" decoding=\"async\" class=\"alignnone size-full wp-image-25083\" src=\"https:\/\/jornaldasoficinas.com\/pt\/wp-content\/uploads\/2021\/09\/Renault-Trucks-atualiza-gamas-T-T-High-C-e-K.png\" alt=\"09 - Renault-Trucks-atualiza-gamas-T-T-High-C-e-K\" width=\"1024\" height=\"581\" srcset=\"https:\/\/jornaldasoficinas.com\/pt\/wp-content\/uploads\/2021\/09\/Renault-Trucks-atualiza-gamas-T-T-High-C-e-K.png 1024w, https:\/\/jornaldasoficinas.com\/pt\/wp-content\/uploads\/2021\/09\/Renault-Trucks-atualiza-gamas-T-T-High-C-e-K-300x170.png 300w, https:\/\/jornaldasoficinas.com\/pt\/wp-content\/uploads\/2021\/09\/Renault-Trucks-atualiza-gamas-T-T-High-C-e-K-150x85.png 150w, https:\/\/jornaldasoficinas.com\/pt\/wp-content\/uploads\/2021\/09\/Renault-Trucks-atualiza-gamas-T-T-High-C-e-K-768x436.png 768w\" sizes=\"auto, (max-width: 1024px) 100vw, 1024px\" \/><\/strong><\/p>\n<p><strong>A\u00a0Renault Trucks atualizou as suas gamas T, T High, C e K em 2021 com a introdu\u00e7\u00e3o de importantes melhorias em termos de conforto a bordo, seguran\u00e7a e produtividade<\/strong><\/p>\n<p>Em 2021, a Renault Trucks mudou o design exterior dos seus ve\u00edculos, adotando um estilo mais estilizado, especialmente ao n\u00edvel dos far\u00f3is, cujo tamanho foi reduzido para aumentar a superf\u00edcie pintada da parte inferior da carro\u00e7aria. Uma nova grelha hexagonal completa o design mais moderno e elegante da gama Renault Trucks de 2021.<\/p>\n<p><strong>Maior conforto a bordo e de condu\u00e7\u00e3o<br \/>\n<\/strong>Uma nova coluna de dire\u00e7\u00e3o multidirecional<\/p>\n<p>Os ve\u00edculos est\u00e3o munidos de uma nova coluna de dire\u00e7\u00e3o ajust\u00e1vel em tr\u00eas posi\u00e7\u00f5es, com um simples pedal. Com ela, os motoristas podem encontrar a posi\u00e7\u00e3o de condu\u00e7\u00e3o mais adequada, ajustada \u00e0 sua morfologia, aos requisitos da tarefa ou \u00e0s prefer\u00eancias pessoais.<\/p>\n<p><strong>Novos bancos modulares<br \/>\n<\/strong>Uma vez que um motorista de ve\u00edculos pesados passa uma m\u00e9dia de nove horas por dia ao volante, os bancos t\u00eam de permanecer confort\u00e1veis ao longo da vida \u00fatil do ve\u00edculo e ser adequados a cada motorista. A Renault Trucks redesenhou os seus bancos, oferecendo agora uma gama modular que proporciona uma total flexibilidade em termos de ajustes, escolha de combina\u00e7\u00f5es e op\u00e7\u00f5es. Para al\u00e9m de uma vers\u00e3o em couro, o fabricante introduziu tamb\u00e9m novos tecidos, concebidos para resistirem \u00e0s muitas entradas e sa\u00eddas da cabina todos os dias.<\/p>\n<p><strong>Maior capacidade de armazenamento<br \/>\n<\/strong>As vers\u00f5es de 2021 dos modelos T, T High, C e K da Renault Trucks v\u00eam agora com novas solu\u00e7\u00f5es de armazenamento. A Renault Trucks adicionou um suporte de tablet e smartphone posicionando-os de forma a facilitar o alcance do motorista, dando acesso a v\u00e1rios dispositivos em simult\u00e2neo e permitindo o seu carregamento com duas tomadas USB-C.<\/p>\n<p>Foi tamb\u00e9m adicionada uma nova gaveta para armazenamento de documentos A4. Do lado do passageiro, os ve\u00edculos possuem dois espa\u00e7os de armazenamento com uma capacidade total de 7 litros (incluindo um espa\u00e7o refrigerado de 2 litros).<\/p>\n<p><strong>Uma \u00e1rea de repouso redesenhada &#8220;lar fora do lar&#8221;<br \/>\n<\/strong>Um cami\u00e3o n\u00e3o \u00e9 s\u00f3 uma ferramenta de trabalho para o motorista, \u00e9 tamb\u00e9m onde ele repousa e dorme. Por isso, a qualidade da cama \u00e9 fundamental. Para o seu bem-estar e uma maior longevidade do equipamento, a Renault Trucks aumentou a espessura do colch\u00e3o do beliche &#8220;Serenity&#8221; em 13% e duplicou o n\u00famero de molas para proporcionar um apoio otimizado gra\u00e7as a uma melhor distribui\u00e7\u00e3o do peso corporal.<\/p>\n<p>Como op\u00e7\u00e3o, pode ser adicionado um colch\u00e3o lav\u00e1vel com espuma de mem\u00f3ria. O colch\u00e3o est\u00e1 separado da base, permitindo a utiliza\u00e7\u00e3o de len\u00e7\u00f3is com el\u00e1stico. Para maior conveni\u00eancia, foram tamb\u00e9m adicionadas duas tomadas USB-C \u00e0 \u00e1rea do beliche para facilitar o carregamento de dispositivos eletr\u00f3nicos, mantendo-os facilmente ao alcance do motorista durante os per\u00edodos de repouso.<\/p>\n<p>Por \u00faltimo, para melhorar a qualidade do som na cabina, a Renault Trucks estabeleceu uma parceria com o fabricante franc\u00eas Focal para o fornecimento de colunas e microfones de alta qualidade.<\/p>\n<p><strong>Mais seguran\u00e7a para os motoristas, as suas cargas e os utilizadores da estrada<br \/>\n<\/strong>Os elevados n\u00edveis de seguran\u00e7a para os motoristas e os utilizadores da estrada foram sempre uma preocupa\u00e7\u00e3o central no desenvolvimento das gamas T, T High, C e K da Renault Trucks.<\/p>\n<p>Os novos T, T High e C da Renault Trucks possuem luzes LED de s\u00e9rie. Uma vez que \u00e9 mais pr\u00f3xima da luz natural, a luz LED d\u00e1 aos motoristas uma melhor perce\u00e7\u00e3o dos contrastes e das cores. Tal melhora significativamente a visibilidade \u00e0 noite e, com isso, a seguran\u00e7a.\u00a0 Outras vantagens da tecnologia LED s\u00e3o a fiabilidade e longevidade que apresentam. O tempo de vida de uma l\u00e2mpada LED \u00e9 at\u00e9 trinta vezes superior ao de uma l\u00e2mpada convencional.<\/p>\n<p>Foram tamb\u00e9m posicionadas luzes LED adicionais no interior das portas para iluminar os degraus, refor\u00e7ando a seguran\u00e7a quando o motorista entra e sai do ve\u00edculo \u00e0 noite.<\/p>\n<p>Para otimizar a seguran\u00e7a do motorista, das suas cargas e dos utilizadores da estrada, est\u00e1 tamb\u00e9m dispon\u00edvel um conjunto de op\u00e7\u00f5es que inclui um dispositivo mec\u00e2nico de bloqueio antirroubo (fecho de seguran\u00e7a das portas) e c\u00e2maras e sensores de presen\u00e7a, al\u00e9m de portas com vis\u00e3o para proporcionar uma visibilidade excelente de pe\u00f5es e ciclistas.<\/p>\n<p>Por \u00faltimo, a aplica\u00e7\u00e3o do trav\u00e3o de estacionamento em caso de emerg\u00eancia reduz o risco de movimentos inesperados do ve\u00edculo quando o motorista sai da cabina, ativando automaticamente o bloqueio das rodas para imobilizar o cami\u00e3o.<\/p>\n<p><strong>Redu\u00e7\u00e3o do consumo de combust\u00edvel e manuten\u00e7\u00e3o otimizada<br \/>\n<\/strong>Em primeiro lugar, a aerodin\u00e2mica da cabina foi melhorada em torno da grelha dianteira, tendo sido adicionadas extens\u00f5es aos arcos das rodas para melhorar o fluxo do ar.<\/p>\n<p>Em segundo lugar, os ve\u00edculos contam agora com nova tecnologia para reduzir ainda mais o consumo de combust\u00edvel. Estas incluem uma nova vers\u00e3o do sistema de controlo de velocidade Optivision e um sistema de controlo da velocidade de cruzeiro com dois modos de condu\u00e7\u00e3o selecion\u00e1veis.<\/p>\n<p>O modo &#8220;Eco on&#8221;, ativado por defeito, otimiza o consumo de combust\u00edvel ajustando a acelera\u00e7\u00e3o, as mudan\u00e7as de velocidades, o controlo de velocidade de cruzeiro e a desacelera\u00e7\u00e3o. Por seu lado, o modo &#8220;Eco off&#8221; permite aos motoristas alterarem o modo de condu\u00e7\u00e3o.\u00a0 Um indicador d\u00e1 aos motoristas informa\u00e7\u00f5es em tempo real sobre o seu estilo de condu\u00e7\u00e3o: quanto maior o n\u00famero, mais econ\u00f3mica \u00e9 a condu\u00e7\u00e3o.<\/p>\n<p>Uma nova fun\u00e7\u00e3o &#8220;Pulse and Glide&#8221; reduz ainda mais o consumo de combust\u00edvel mantendo a velocidade do ve\u00edculo em torno do ponto de ajuste do Cruise Control (+\/- 2km\/h).<\/p>\n<p>Por \u00faltimo, os novos ve\u00edculos T e T High da Renault Trucks possuem pneus da classe A de s\u00e9rie, os mais eficientes do mercado em termos de poupan\u00e7a de combust\u00edvel.<\/p>\n<p><strong>Racionaliza\u00e7\u00e3o das visitas \u00e0 oficina com os servi\u00e7os de atualiza\u00e7\u00e3o remotos<br \/>\n<\/strong>Os especialistas da rede Renault Trucks est\u00e3o dispon\u00edveis para realizar pr\u00e9-diagn\u00f3sticos, atualiza\u00e7\u00f5es de funcionalidades e ajustes remotos nos ve\u00edculos, gra\u00e7as \u00e0 tecnologia Over the Air que trazem agora incorporada. Dessa forma, reduz-se o n\u00famero de visitas \u00e0 oficina e otimizam-se os agendamentos.<\/p>\n<p>Dependendo da utiliza\u00e7\u00e3o e da quilometragem, os intervalos de mudan\u00e7a de \u00f3leo dos ve\u00edculos com os motores Euro VI de 13 litros podem ser alargados at\u00e9 150 000 km ou 18 meses, o que resulta em menores custos da manuten\u00e7\u00e3o contratados (m\u00e3o-de-obra e pe\u00e7as), otimiza\u00e7\u00e3o dos calend\u00e1rios de manuten\u00e7\u00e3o com menos paragens para assist\u00eancia e em poupan\u00e7as adicionais de combust\u00edvel.<\/p>\n","protected":false},"excerpt":{"rendered":"<p>A\u00a0Renault Trucks atualizou as suas gamas&#8230;<\/p>\n","protected":false},"author":15,"featured_media":25083,"comment_status":"closed","ping_status":"closed","sticky":false,"template":"","format":"standard","meta":{"footnotes":""},"categories":[29],"tags":[460],"class_list":["post-25111","post","type-post","status-publish","format-standard","has-post-thumbnail","hentry","category-empresas","tag-renault-trucks"],"yoast_head":"<!-- This site is optimized with the Yoast SEO plugin v27.4 - https:\/\/yoast.com\/product\/yoast-seo-wordpress\/ -->\n<title>Renault Trucks atualiza gamas T, T High, C e K - Jornal das Oficinas<\/title>\n<meta name=\"robots\" content=\"index, follow, max-snippet:-1, max-image-preview:large, max-video-preview:-1\" \/>\n<link rel=\"canonical\" href=\"https:\/\/jornaldasoficinas.com\/pt\/renault-trucks-atualiza-gamas-t-t-high-c-e-k\/\" \/>\n<meta property=\"og:locale\" content=\"pt_PT\" \/>\n<meta property=\"og:type\" content=\"article\" \/>\n<meta property=\"og:title\" content=\"Renault Trucks atualiza gamas T, T High, C e K - Jornal das Oficinas\" \/>\n<meta property=\"og:description\" content=\"A\u00a0Renault Trucks atualizou as suas gamas...\" \/>\n<meta property=\"og:url\" content=\"https:\/\/jornaldasoficinas.com\/pt\/renault-trucks-atualiza-gamas-t-t-high-c-e-k\/\" \/>\n<meta property=\"og:site_name\" content=\"Jornal das Oficinas\" \/>\n<meta property=\"article:publisher\" content=\"https:\/\/www.facebook.com\/jornaloficinas\" \/>\n<meta property=\"article:published_time\" content=\"2021-11-04T18:00:24+00:00\" \/>\n<meta property=\"article:modified_time\" content=\"2023-07-20T15:12:48+00:00\" \/>\n<meta property=\"og:image\" content=\"https:\/\/jornaldasoficinas.com\/pt\/wp-content\/uploads\/2021\/09\/Renault-Trucks-atualiza-gamas-T-T-High-C-e-K.png\" \/>\n\t<meta property=\"og:image:width\" content=\"1024\" \/>\n\t<meta property=\"og:image:height\" content=\"581\" \/>\n\t<meta property=\"og:image:type\" content=\"image\/png\" \/>\n<meta name=\"author\" content=\"Reda\u00e7\u00e3o JO\" \/>\n<meta name=\"twitter:card\" content=\"summary_large_image\" \/>\n<meta name=\"twitter:creator\" content=\"@jornaloficinas\" \/>\n<meta name=\"twitter:site\" content=\"@jornaloficinas\" \/>\n<meta name=\"twitter:label1\" content=\"Escrito por\" \/>\n\t<meta name=\"twitter:data1\" content=\"Reda\u00e7\u00e3o JO\" \/>\n\t<meta name=\"twitter:label2\" content=\"Tempo estimado de leitura\" \/>\n\t<meta name=\"twitter:data2\" content=\"6 minutos\" \/>\n<script type=\"application\/ld+json\" class=\"yoast-schema-graph\">{\"@context\":\"https:\\\/\\\/schema.org\",\"@graph\":[{\"@type\":\"Article\",\"@id\":\"https:\\\/\\\/jornaldasoficinas.com\\\/pt\\\/renault-trucks-atualiza-gamas-t-t-high-c-e-k\\\/#article\",\"isPartOf\":{\"@id\":\"https:\\\/\\\/jornaldasoficinas.com\\\/pt\\\/renault-trucks-atualiza-gamas-t-t-high-c-e-k\\\/\"},\"author\":{\"name\":\"Reda\u00e7\u00e3o JO\",\"@id\":\"https:\\\/\\\/jornaldasoficinas.com\\\/pt\\\/#\\\/schema\\\/person\\\/a38eef5de2c41d9e7c9ac10141afddf3\"},\"headline\":\"Renault Trucks atualiza gamas T, T High, C e K\",\"datePublished\":\"2021-11-04T18:00:24+00:00\",\"dateModified\":\"2023-07-20T15:12:48+00:00\",\"mainEntityOfPage\":{\"@id\":\"https:\\\/\\\/jornaldasoficinas.com\\\/pt\\\/renault-trucks-atualiza-gamas-t-t-high-c-e-k\\\/\"},\"wordCount\":1179,\"publisher\":{\"@id\":\"https:\\\/\\\/jornaldasoficinas.com\\\/pt\\\/#organization\"},\"image\":{\"@id\":\"https:\\\/\\\/jornaldasoficinas.com\\\/pt\\\/renault-trucks-atualiza-gamas-t-t-high-c-e-k\\\/#primaryimage\"},\"thumbnailUrl\":\"https:\\\/\\\/jornaldasoficinas.com\\\/pt\\\/wp-content\\\/uploads\\\/2021\\\/09\\\/Renault-Trucks-atualiza-gamas-T-T-High-C-e-K.png\",\"keywords\":[\"Renault Trucks\"],\"articleSection\":[\"Empresas\"],\"inLanguage\":\"pt-PT\"},{\"@type\":\"WebPage\",\"@id\":\"https:\\\/\\\/jornaldasoficinas.com\\\/pt\\\/renault-trucks-atualiza-gamas-t-t-high-c-e-k\\\/\",\"url\":\"https:\\\/\\\/jornaldasoficinas.com\\\/pt\\\/renault-trucks-atualiza-gamas-t-t-high-c-e-k\\\/\",\"name\":\"Renault Trucks atualiza gamas T, T High, C e K - Jornal das Oficinas\",\"isPartOf\":{\"@id\":\"https:\\\/\\\/jornaldasoficinas.com\\\/pt\\\/#website\"},\"primaryImageOfPage\":{\"@id\":\"https:\\\/\\\/jornaldasoficinas.com\\\/pt\\\/renault-trucks-atualiza-gamas-t-t-high-c-e-k\\\/#primaryimage\"},\"image\":{\"@id\":\"https:\\\/\\\/jornaldasoficinas.com\\\/pt\\\/renault-trucks-atualiza-gamas-t-t-high-c-e-k\\\/#primaryimage\"},\"thumbnailUrl\":\"https:\\\/\\\/jornaldasoficinas.com\\\/pt\\\/wp-content\\\/uploads\\\/2021\\\/09\\\/Renault-Trucks-atualiza-gamas-T-T-High-C-e-K.png\",\"datePublished\":\"2021-11-04T18:00:24+00:00\",\"dateModified\":\"2023-07-20T15:12:48+00:00\",\"breadcrumb\":{\"@id\":\"https:\\\/\\\/jornaldasoficinas.com\\\/pt\\\/renault-trucks-atualiza-gamas-t-t-high-c-e-k\\\/#breadcrumb\"},\"inLanguage\":\"pt-PT\",\"potentialAction\":[{\"@type\":\"ReadAction\",\"target\":[\"https:\\\/\\\/jornaldasoficinas.com\\\/pt\\\/renault-trucks-atualiza-gamas-t-t-high-c-e-k\\\/\"]}]},{\"@type\":\"ImageObject\",\"inLanguage\":\"pt-PT\",\"@id\":\"https:\\\/\\\/jornaldasoficinas.com\\\/pt\\\/renault-trucks-atualiza-gamas-t-t-high-c-e-k\\\/#primaryimage\",\"url\":\"https:\\\/\\\/jornaldasoficinas.com\\\/pt\\\/wp-content\\\/uploads\\\/2021\\\/09\\\/Renault-Trucks-atualiza-gamas-T-T-High-C-e-K.png\",\"contentUrl\":\"https:\\\/\\\/jornaldasoficinas.com\\\/pt\\\/wp-content\\\/uploads\\\/2021\\\/09\\\/Renault-Trucks-atualiza-gamas-T-T-High-C-e-K.png\",\"width\":1024,\"height\":581,\"caption\":\"09 - Renault-Trucks-atualiza-gamas-T-T-High-C-e-K\"},{\"@type\":\"BreadcrumbList\",\"@id\":\"https:\\\/\\\/jornaldasoficinas.com\\\/pt\\\/renault-trucks-atualiza-gamas-t-t-high-c-e-k\\\/#breadcrumb\",\"itemListElement\":[{\"@type\":\"ListItem\",\"position\":1,\"name\":\"In\u00edcio\",\"item\":\"https:\\\/\\\/jornaldasoficinas.com\\\/pt\\\/\"},{\"@type\":\"ListItem\",\"position\":2,\"name\":\"Renault Trucks atualiza gamas T, T High, C e K\"}]},{\"@type\":\"WebSite\",\"@id\":\"https:\\\/\\\/jornaldasoficinas.com\\\/pt\\\/#website\",\"url\":\"https:\\\/\\\/jornaldasoficinas.com\\\/pt\\\/\",\"name\":\"Jornal das Oficinas\",\"description\":\"Jornal independente do Aftermarket Autom\u00f3vel em Portugal\",\"publisher\":{\"@id\":\"https:\\\/\\\/jornaldasoficinas.com\\\/pt\\\/#organization\"},\"potentialAction\":[{\"@type\":\"SearchAction\",\"target\":{\"@type\":\"EntryPoint\",\"urlTemplate\":\"https:\\\/\\\/jornaldasoficinas.com\\\/pt\\\/?s={search_term_string}\"},\"query-input\":{\"@type\":\"PropertyValueSpecification\",\"valueRequired\":true,\"valueName\":\"search_term_string\"}}],\"inLanguage\":\"pt-PT\"},{\"@type\":\"Organization\",\"@id\":\"https:\\\/\\\/jornaldasoficinas.com\\\/pt\\\/#organization\",\"name\":\"Jornal das Oficinas\",\"url\":\"https:\\\/\\\/jornaldasoficinas.com\\\/pt\\\/\",\"logo\":{\"@type\":\"ImageObject\",\"inLanguage\":\"pt-PT\",\"@id\":\"https:\\\/\\\/jornaldasoficinas.com\\\/pt\\\/#\\\/schema\\\/logo\\\/image\\\/\",\"url\":\"https:\\\/\\\/jornaldasoficinas.com\\\/pt\\\/wp-content\\\/uploads\\\/logoJO-SEO.png\",\"contentUrl\":\"https:\\\/\\\/jornaldasoficinas.com\\\/pt\\\/wp-content\\\/uploads\\\/logoJO-SEO.png\",\"width\":285,\"height\":450,\"caption\":\"Jornal das Oficinas\"},\"image\":{\"@id\":\"https:\\\/\\\/jornaldasoficinas.com\\\/pt\\\/#\\\/schema\\\/logo\\\/image\\\/\"},\"sameAs\":[\"https:\\\/\\\/www.facebook.com\\\/jornaloficinas\",\"https:\\\/\\\/x.com\\\/jornaloficinas\",\"https:\\\/\\\/www.instagram.com\\\/jornal_oficinas\\\/\",\"https:\\\/\\\/www.linkedin.com\\\/company\\\/jornal-das-oficinas\\\/\",\"https:\\\/\\\/www.youtube.com\\\/channel\\\/UCbQZBqtcvV-oSQrr7RzINGg\"]},{\"@type\":\"Person\",\"@id\":\"https:\\\/\\\/jornaldasoficinas.com\\\/pt\\\/#\\\/schema\\\/person\\\/a38eef5de2c41d9e7c9ac10141afddf3\",\"name\":\"Reda\u00e7\u00e3o JO\",\"image\":{\"@type\":\"ImageObject\",\"inLanguage\":\"pt-PT\",\"@id\":\"https:\\\/\\\/secure.gravatar.com\\\/avatar\\\/71f2fa71737ad68a84fea94bc708ddac8ea5b0c4788dc2ad202f3ccb2887742f?s=96&d=wp_user_avatar&r=g\",\"url\":\"https:\\\/\\\/secure.gravatar.com\\\/avatar\\\/71f2fa71737ad68a84fea94bc708ddac8ea5b0c4788dc2ad202f3ccb2887742f?s=96&d=wp_user_avatar&r=g\",\"contentUrl\":\"https:\\\/\\\/secure.gravatar.com\\\/avatar\\\/71f2fa71737ad68a84fea94bc708ddac8ea5b0c4788dc2ad202f3ccb2887742f?s=96&d=wp_user_avatar&r=g\",\"caption\":\"Reda\u00e7\u00e3o JO\"},\"url\":\"https:\\\/\\\/jornaldasoficinas.com\\\/pt\\\/author\\\/joredacao\\\/\"}]}<\/script>\n<!-- \/ Yoast SEO plugin. -->","yoast_head_json":{"title":"Renault Trucks atualiza gamas T, T High, C e K - Jornal das Oficinas","robots":{"index":"index","follow":"follow","max-snippet":"max-snippet:-1","max-image-preview":"max-image-preview:large","max-video-preview":"max-video-preview:-1"},"canonical":"https:\/\/jornaldasoficinas.com\/pt\/renault-trucks-atualiza-gamas-t-t-high-c-e-k\/","og_locale":"pt_PT","og_type":"article","og_title":"Renault Trucks atualiza gamas T, T High, C e K - Jornal das Oficinas","og_description":"A\u00a0Renault Trucks atualizou as suas gamas...","og_url":"https:\/\/jornaldasoficinas.com\/pt\/renault-trucks-atualiza-gamas-t-t-high-c-e-k\/","og_site_name":"Jornal das Oficinas","article_publisher":"https:\/\/www.facebook.com\/jornaloficinas","article_published_time":"2021-11-04T18:00:24+00:00","article_modified_time":"2023-07-20T15:12:48+00:00","og_image":[{"width":1024,"height":581,"url":"https:\/\/jornaldasoficinas.com\/pt\/wp-content\/uploads\/2021\/09\/Renault-Trucks-atualiza-gamas-T-T-High-C-e-K.png","type":"image\/png"}],"author":"Reda\u00e7\u00e3o JO","twitter_card":"summary_large_image","twitter_creator":"@jornaloficinas","twitter_site":"@jornaloficinas","twitter_misc":{"Escrito por":"Reda\u00e7\u00e3o JO","Tempo estimado de leitura":"6 minutos"},"schema":{"@context":"https:\/\/schema.org","@graph":[{"@type":"Article","@id":"https:\/\/jornaldasoficinas.com\/pt\/renault-trucks-atualiza-gamas-t-t-high-c-e-k\/#article","isPartOf":{"@id":"https:\/\/jornaldasoficinas.com\/pt\/renault-trucks-atualiza-gamas-t-t-high-c-e-k\/"},"author":{"name":"Reda\u00e7\u00e3o JO","@id":"https:\/\/jornaldasoficinas.com\/pt\/#\/schema\/person\/a38eef5de2c41d9e7c9ac10141afddf3"},"headline":"Renault Trucks atualiza gamas T, T High, C e K","datePublished":"2021-11-04T18:00:24+00:00","dateModified":"2023-07-20T15:12:48+00:00","mainEntityOfPage":{"@id":"https:\/\/jornaldasoficinas.com\/pt\/renault-trucks-atualiza-gamas-t-t-high-c-e-k\/"},"wordCount":1179,"publisher":{"@id":"https:\/\/jornaldasoficinas.com\/pt\/#organization"},"image":{"@id":"https:\/\/jornaldasoficinas.com\/pt\/renault-trucks-atualiza-gamas-t-t-high-c-e-k\/#primaryimage"},"thumbnailUrl":"https:\/\/jornaldasoficinas.com\/pt\/wp-content\/uploads\/2021\/09\/Renault-Trucks-atualiza-gamas-T-T-High-C-e-K.png","keywords":["Renault Trucks"],"articleSection":["Empresas"],"inLanguage":"pt-PT"},{"@type":"WebPage","@id":"https:\/\/jornaldasoficinas.com\/pt\/renault-trucks-atualiza-gamas-t-t-high-c-e-k\/","url":"https:\/\/jornaldasoficinas.com\/pt\/renault-trucks-atualiza-gamas-t-t-high-c-e-k\/","name":"Renault Trucks atualiza gamas T, T High, C e K - Jornal das Oficinas","isPartOf":{"@id":"https:\/\/jornaldasoficinas.com\/pt\/#website"},"primaryImageOfPage":{"@id":"https:\/\/jornaldasoficinas.com\/pt\/renault-trucks-atualiza-gamas-t-t-high-c-e-k\/#primaryimage"},"image":{"@id":"https:\/\/jornaldasoficinas.com\/pt\/renault-trucks-atualiza-gamas-t-t-high-c-e-k\/#primaryimage"},"thumbnailUrl":"https:\/\/jornaldasoficinas.com\/pt\/wp-content\/uploads\/2021\/09\/Renault-Trucks-atualiza-gamas-T-T-High-C-e-K.png","datePublished":"2021-11-04T18:00:24+00:00","dateModified":"2023-07-20T15:12:48+00:00","breadcrumb":{"@id":"https:\/\/jornaldasoficinas.com\/pt\/renault-trucks-atualiza-gamas-t-t-high-c-e-k\/#breadcrumb"},"inLanguage":"pt-PT","potentialAction":[{"@type":"ReadAction","target":["https:\/\/jornaldasoficinas.com\/pt\/renault-trucks-atualiza-gamas-t-t-high-c-e-k\/"]}]},{"@type":"ImageObject","inLanguage":"pt-PT","@id":"https:\/\/jornaldasoficinas.com\/pt\/renault-trucks-atualiza-gamas-t-t-high-c-e-k\/#primaryimage","url":"https:\/\/jornaldasoficinas.com\/pt\/wp-content\/uploads\/2021\/09\/Renault-Trucks-atualiza-gamas-T-T-High-C-e-K.png","contentUrl":"https:\/\/jornaldasoficinas.com\/pt\/wp-content\/uploads\/2021\/09\/Renault-Trucks-atualiza-gamas-T-T-High-C-e-K.png","width":1024,"height":581,"caption":"09 - Renault-Trucks-atualiza-gamas-T-T-High-C-e-K"},{"@type":"BreadcrumbList","@id":"https:\/\/jornaldasoficinas.com\/pt\/renault-trucks-atualiza-gamas-t-t-high-c-e-k\/#breadcrumb","itemListElement":[{"@type":"ListItem","position":1,"name":"In\u00edcio","item":"https:\/\/jornaldasoficinas.com\/pt\/"},{"@type":"ListItem","position":2,"name":"Renault Trucks atualiza gamas T, T High, C e K"}]},{"@type":"WebSite","@id":"https:\/\/jornaldasoficinas.com\/pt\/#website","url":"https:\/\/jornaldasoficinas.com\/pt\/","name":"Jornal das Oficinas","description":"Jornal independente do Aftermarket Autom\u00f3vel em Portugal","publisher":{"@id":"https:\/\/jornaldasoficinas.com\/pt\/#organization"},"potentialAction":[{"@type":"SearchAction","target":{"@type":"EntryPoint","urlTemplate":"https:\/\/jornaldasoficinas.com\/pt\/?s={search_term_string}"},"query-input":{"@type":"PropertyValueSpecification","valueRequired":true,"valueName":"search_term_string"}}],"inLanguage":"pt-PT"},{"@type":"Organization","@id":"https:\/\/jornaldasoficinas.com\/pt\/#organization","name":"Jornal das Oficinas","url":"https:\/\/jornaldasoficinas.com\/pt\/","logo":{"@type":"ImageObject","inLanguage":"pt-PT","@id":"https:\/\/jornaldasoficinas.com\/pt\/#\/schema\/logo\/image\/","url":"https:\/\/jornaldasoficinas.com\/pt\/wp-content\/uploads\/logoJO-SEO.png","contentUrl":"https:\/\/jornaldasoficinas.com\/pt\/wp-content\/uploads\/logoJO-SEO.png","width":285,"height":450,"caption":"Jornal das Oficinas"},"image":{"@id":"https:\/\/jornaldasoficinas.com\/pt\/#\/schema\/logo\/image\/"},"sameAs":["https:\/\/www.facebook.com\/jornaloficinas","https:\/\/x.com\/jornaloficinas","https:\/\/www.instagram.com\/jornal_oficinas\/","https:\/\/www.linkedin.com\/company\/jornal-das-oficinas\/","https:\/\/www.youtube.com\/channel\/UCbQZBqtcvV-oSQrr7RzINGg"]},{"@type":"Person","@id":"https:\/\/jornaldasoficinas.com\/pt\/#\/schema\/person\/a38eef5de2c41d9e7c9ac10141afddf3","name":"Reda\u00e7\u00e3o JO","image":{"@type":"ImageObject","inLanguage":"pt-PT","@id":"https:\/\/secure.gravatar.com\/avatar\/71f2fa71737ad68a84fea94bc708ddac8ea5b0c4788dc2ad202f3ccb2887742f?s=96&d=wp_user_avatar&r=g","url":"https:\/\/secure.gravatar.com\/avatar\/71f2fa71737ad68a84fea94bc708ddac8ea5b0c4788dc2ad202f3ccb2887742f?s=96&d=wp_user_avatar&r=g","contentUrl":"https:\/\/secure.gravatar.com\/avatar\/71f2fa71737ad68a84fea94bc708ddac8ea5b0c4788dc2ad202f3ccb2887742f?s=96&d=wp_user_avatar&r=g","caption":"Reda\u00e7\u00e3o JO"},"url":"https:\/\/jornaldasoficinas.com\/pt\/author\/joredacao\/"}]}},"_links":{"self":[{"href":"https:\/\/jornaldasoficinas.com\/pt\/wp-json\/wp\/v2\/posts\/25111","targetHints":{"allow":["GET"]}}],"collection":[{"href":"https:\/\/jornaldasoficinas.com\/pt\/wp-json\/wp\/v2\/posts"}],"about":[{"href":"https:\/\/jornaldasoficinas.com\/pt\/wp-json\/wp\/v2\/types\/post"}],"author":[{"embeddable":true,"href":"https:\/\/jornaldasoficinas.com\/pt\/wp-json\/wp\/v2\/users\/15"}],"replies":[{"embeddable":true,"href":"https:\/\/jornaldasoficinas.com\/pt\/wp-json\/wp\/v2\/comments?post=25111"}],"version-history":[{"count":0,"href":"https:\/\/jornaldasoficinas.com\/pt\/wp-json\/wp\/v2\/posts\/25111\/revisions"}],"wp:featuredmedia":[{"embeddable":true,"href":"https:\/\/jornaldasoficinas.com\/pt\/wp-json\/wp\/v2\/media\/25083"}],"wp:attachment":[{"href":"https:\/\/jornaldasoficinas.com\/pt\/wp-json\/wp\/v2\/media?parent=25111"}],"wp:term":[{"taxonomy":"category","embeddable":true,"href":"https:\/\/jornaldasoficinas.com\/pt\/wp-json\/wp\/v2\/categories?post=25111"},{"taxonomy":"post_tag","embeddable":true,"href":"https:\/\/jornaldasoficinas.com\/pt\/wp-json\/wp\/v2\/tags?post=25111"}],"curies":[{"name":"wp","href":"https:\/\/api.w.org\/{rel}","templated":true}]}}