{"id":25304,"date":"2021-11-11T11:00:35","date_gmt":"2021-11-11T11:00:35","guid":{"rendered":"https:\/\/jornaldasoficinas.com\/pt\/?p=25304"},"modified":"2021-11-10T19:43:54","modified_gmt":"2021-11-10T19:43:54","slug":"istobal-apresenta-portico-de-lavagem-tecnologico","status":"publish","type":"post","link":"https:\/\/jornaldasoficinas.com\/pt\/istobal-apresenta-portico-de-lavagem-tecnologico\/","title":{"rendered":"Istobal apresenta p\u00f3rtico de lavagem tecnol\u00f3gico"},"content":{"rendered":"<p><img loading=\"lazy\" decoding=\"async\" class=\"alignnone size-full wp-image-25283\" src=\"https:\/\/jornaldasoficinas.com\/pt\/wp-content\/uploads\/2021\/09\/ISTOBAL-apresenta-portico.jpg\" alt=\"09 - ISTOBAL-apresenta-portico\" width=\"1024\" height=\"581\" srcset=\"https:\/\/jornaldasoficinas.com\/pt\/wp-content\/uploads\/2021\/09\/ISTOBAL-apresenta-portico.jpg 1024w, https:\/\/jornaldasoficinas.com\/pt\/wp-content\/uploads\/2021\/09\/ISTOBAL-apresenta-portico-300x170.jpg 300w, https:\/\/jornaldasoficinas.com\/pt\/wp-content\/uploads\/2021\/09\/ISTOBAL-apresenta-portico-150x85.jpg 150w, https:\/\/jornaldasoficinas.com\/pt\/wp-content\/uploads\/2021\/09\/ISTOBAL-apresenta-portico-768x436.jpg 768w\" sizes=\"auto, (max-width: 1024px) 100vw, 1024px\" \/><\/p>\n<p><strong>A <a href=\"https:\/\/pt.istobal.com\/\" target=\"_blank\" rel=\"noopener\">ISTOBAL<\/a> acaba de apresentar no seu novo showroom na sua sede principal em Val\u00eancia, o seu mais recente p\u00f3rtico de lavagem mais tecnol\u00f3gico, eficiente e inovador, a ISTOBAL M\u2019WASH4<\/strong><\/p>\n<p>O grupo lan\u00e7a para o mercado um equipamento autom\u00e1tico de alta gama que proporciona uma maior qualidade na lavagem e secagem de autom\u00f3veis, em menos tempo, com uma efici\u00eancia superior no consumo e uma experi\u00eancia de utilizador mais c\u00f4moda, divertida e segura.<\/p>\n<p>Com design inovador, desperta emo\u00e7\u00f5es no utilizador, o novo p\u00f3rtico de lavagem ISTOBAL M\u2019WASH4 se destaca pela sua excel\u00eancia e por aumentar a produtividade e rentabilidade no neg\u00f3cio da lavagem e cuidados de ve\u00edculos. Segundo destacou \u00c1lvaro Mer\u00edn, Diretor de Produto da ISTOBAL, durante a apresenta\u00e7\u00e3o \u201cA M\u2019WASH4 pressup\u00f5e um novo salto tecnol\u00f3gico para transformar o setor da lavagem e cuidados de autom\u00f3veis, atrav\u00e9s de uma tecnologia mais eficiente, intuitiva e conectada\u201d.<\/p>\n<p>Destacou ainda que \u201ceste novo p\u00f3rtico integra \u00e0 melhor tecnologia do mundo das lavagens e simboliza o nosso firme compromisso com a rentabilidade do neg\u00f3cio dos nossos clientes, com a seguran\u00e7a de quem trabalha diariamente nas estradas, com o conforto e a experi\u00eancia do utilizador e, claro, com o meio-ambiente\u201d.<\/p>\n<p><strong>Limpeza em menos tempo, com menor consumo de \u00e1gua e de qu\u00edmicos<br \/>\n<\/strong>A ISTOBAL M\u2019WASH4 proporciona uma limpeza mais efetiva e suave em todas as superf\u00edcies do ve\u00edculo, gra\u00e7as aos novos desenvolvimentos da empresa no sistema de escovas, com os quais otimiza a adapta ao perfil de qualquer autom\u00f3vel, a intensidade e os movimentos para conseguir o acabamento em menos tempo.<\/p>\n<p>Desta forma, incorpora um novo sistema de dosagem de produtos qu\u00edmicos que ajusta automaticamente a quantidade de produto \u00e0 velocidade da m\u00e1quina, com a finalidade de reduzir para metade o consumo de produtos qu\u00edmicos em ciclos combinados. Disp\u00f5e de bicos orient\u00e1veis na parte inferior para incidir em local de dif\u00edcil acesso, contando ainda com bicos superiores para oferecer uma maior cobertura em toda a superf\u00edcie do ve\u00edculo, independentemente da sua linha ou dimens\u00e3o.<\/p>\n<p>Gra\u00e7as aos avan\u00e7os, este novo p\u00f3rtico de lavagem economiza cerca de 10% de \u00e1gua nas fases de lavagem e pr\u00e9-lavagem com espuma, sem prejudicar o resultado final, com uma m\u00e9dia de economia de 7 litros de \u00e1gua por ve\u00edculo, o que equivale a economia aproximada de 70 000 litros de \u00e1gua por ano, calculando uma quantidade de 10\u00a0000 lavagem por ano.<\/p>\n<p><strong>Novo sistema de secagem girat\u00f3ria a 360 graus e mais silencioso<br \/>\n<\/strong>A ISTOBAL M\u2019WASH4 incorpora um novo sistema de secagem horizontal girat\u00f3rio 360\u00b0 que proporciona uma melhor secagem superior, at\u00e9 nos locais mais dif\u00edceis de alcan\u00e7ar. Al\u00e9m disso, possui um inovador sistema de secagem lateral, com patente pendente, que se desloca verticalmente e trabalha em diferentes posi\u00e7\u00f5es para se adaptar a qualquer tipo de ve\u00edculo (turismo, camionetas, SUV).<\/p>\n<p>O sistema de secagem da ISTOBAL M\u2019WASH4 foi desenvolvido com o objetivo de reduzir a pot\u00eancia em m\u00e9dio KW e a press\u00e3o em 2dB, sem perder efic\u00e1cia. Permite igualmente a execu\u00e7\u00e3o de programas de limpeza simples, com uma \u00fanica passagem de secagem, e oferece maior flexibilidade na configura\u00e7\u00e3o de programas de lavagem e secagem.<\/p>\n<p>Este novo p\u00f3rtico de lavagem foi projetada tamb\u00e9m para proporcionar a melhor experi\u00eancia de utiliza\u00e7\u00e3o, tanto para o utilizador final como para os operadores. \u00c9 compat\u00edvel com a Smartwash by ISTOBAL , a \u00fanica tecnologia do mercado que disp\u00f5e de instala\u00e7\u00f5es 100% ligadas para obter o m\u00e1ximo rendimento e efici\u00eancia dos equipamentos de lavagem e para transformar a experi\u00eancia do utilizador, tornando-a mais r\u00e1pida, f\u00e1cil e divertida.<\/p>\n<p>De grande confiabilidade e flexibilidade, a ISTOBAL M\u2019WASH4 facilita a sua manuten\u00e7\u00e3o, assim como o acesso e posicionamento do ve\u00edculo, contribuindo para aumentar a capacidade de lavagem, a comodidade e a seguran\u00e7a.<\/p>\n<p>O ve\u00edculo disp\u00f5e de maior espa\u00e7o para a passagem devido \u00e0 integra\u00e7\u00e3o do lava-rodas na estrutura do p\u00f3rtico de lavagem, numa posi\u00e7\u00e3o mais retra\u00edda em rela\u00e7\u00e3o \u00e0s escovas verticais, al\u00e9m de o sistema de secagem permanecer invis\u00edvel para o utilizador.<\/p>\n<p>Algumas das ferramentas destinadas a facilitar a experi\u00eancia de utiliza\u00e7\u00e3o e a visibilidade s\u00e3o os pictogramas retroiluminados, os indicadores de programas, de temperatura e tempo restante, assim como a ilumina\u00e7\u00e3o LED.<\/p>\n<p>A nova ISTOBAL M\u2019WASH4 estar\u00e1 dispon\u00edvel no mercado europeu a partir do ver\u00e3o de 2022. Este ano poder\u00e1 ser vista pela primeira vez na feira Tankstation &amp; Carwash Show, nos dias 10 e 11 de novembro, na Expo Houten, em Utrecht (Pa\u00edses Baixos).<\/p>\n","protected":false},"excerpt":{"rendered":"<p>A ISTOBAL acaba de apresentar no&#8230;<\/p>\n","protected":false},"author":15,"featured_media":25283,"comment_status":"closed","ping_status":"closed","sticky":false,"template":"","format":"standard","meta":{"footnotes":""},"categories":[6],"tags":[497],"class_list":["post-25304","post","type-post","status-publish","format-standard","has-post-thumbnail","hentry","category-equipamentos","tag-istobal"],"yoast_head":"<!-- This site is optimized with the Yoast SEO plugin v27.4 - https:\/\/yoast.com\/product\/yoast-seo-wordpress\/ -->\n<title>Istobal apresenta p\u00f3rtico de lavagem tecnol\u00f3gico - Jornal das Oficinas<\/title>\n<meta name=\"robots\" content=\"index, follow, max-snippet:-1, max-image-preview:large, max-video-preview:-1\" \/>\n<link rel=\"canonical\" href=\"https:\/\/jornaldasoficinas.com\/pt\/istobal-apresenta-portico-de-lavagem-tecnologico\/\" \/>\n<meta property=\"og:locale\" content=\"pt_PT\" \/>\n<meta property=\"og:type\" content=\"article\" \/>\n<meta property=\"og:title\" content=\"Istobal apresenta p\u00f3rtico de lavagem tecnol\u00f3gico - Jornal das Oficinas\" \/>\n<meta property=\"og:description\" content=\"A ISTOBAL acaba de apresentar no...\" \/>\n<meta property=\"og:url\" content=\"https:\/\/jornaldasoficinas.com\/pt\/istobal-apresenta-portico-de-lavagem-tecnologico\/\" \/>\n<meta property=\"og:site_name\" content=\"Jornal das Oficinas\" \/>\n<meta property=\"article:publisher\" content=\"https:\/\/www.facebook.com\/jornaloficinas\" \/>\n<meta property=\"article:published_time\" content=\"2021-11-11T11:00:35+00:00\" \/>\n<meta property=\"og:image\" content=\"https:\/\/jornaldasoficinas.com\/pt\/wp-content\/uploads\/2021\/09\/ISTOBAL-apresenta-portico.jpg\" \/>\n\t<meta property=\"og:image:width\" content=\"1024\" \/>\n\t<meta property=\"og:image:height\" content=\"581\" \/>\n\t<meta property=\"og:image:type\" content=\"image\/jpeg\" \/>\n<meta name=\"author\" content=\"Reda\u00e7\u00e3o JO\" \/>\n<meta name=\"twitter:card\" content=\"summary_large_image\" \/>\n<meta name=\"twitter:creator\" content=\"@jornaloficinas\" \/>\n<meta name=\"twitter:site\" content=\"@jornaloficinas\" \/>\n<meta name=\"twitter:label1\" content=\"Escrito por\" \/>\n\t<meta name=\"twitter:data1\" content=\"Reda\u00e7\u00e3o JO\" \/>\n\t<meta name=\"twitter:label2\" content=\"Tempo estimado de leitura\" \/>\n\t<meta name=\"twitter:data2\" content=\"4 minutos\" \/>\n<script type=\"application\/ld+json\" class=\"yoast-schema-graph\">{\"@context\":\"https:\\\/\\\/schema.org\",\"@graph\":[{\"@type\":\"Article\",\"@id\":\"https:\\\/\\\/jornaldasoficinas.com\\\/pt\\\/istobal-apresenta-portico-de-lavagem-tecnologico\\\/#article\",\"isPartOf\":{\"@id\":\"https:\\\/\\\/jornaldasoficinas.com\\\/pt\\\/istobal-apresenta-portico-de-lavagem-tecnologico\\\/\"},\"author\":{\"name\":\"Reda\u00e7\u00e3o JO\",\"@id\":\"https:\\\/\\\/jornaldasoficinas.com\\\/pt\\\/#\\\/schema\\\/person\\\/a38eef5de2c41d9e7c9ac10141afddf3\"},\"headline\":\"Istobal apresenta p\u00f3rtico de lavagem tecnol\u00f3gico\",\"datePublished\":\"2021-11-11T11:00:35+00:00\",\"mainEntityOfPage\":{\"@id\":\"https:\\\/\\\/jornaldasoficinas.com\\\/pt\\\/istobal-apresenta-portico-de-lavagem-tecnologico\\\/\"},\"wordCount\":813,\"publisher\":{\"@id\":\"https:\\\/\\\/jornaldasoficinas.com\\\/pt\\\/#organization\"},\"image\":{\"@id\":\"https:\\\/\\\/jornaldasoficinas.com\\\/pt\\\/istobal-apresenta-portico-de-lavagem-tecnologico\\\/#primaryimage\"},\"thumbnailUrl\":\"https:\\\/\\\/jornaldasoficinas.com\\\/pt\\\/wp-content\\\/uploads\\\/2021\\\/09\\\/ISTOBAL-apresenta-portico.jpg\",\"keywords\":[\"Istobal\"],\"articleSection\":[\"Equipamentos\"],\"inLanguage\":\"pt-PT\"},{\"@type\":\"WebPage\",\"@id\":\"https:\\\/\\\/jornaldasoficinas.com\\\/pt\\\/istobal-apresenta-portico-de-lavagem-tecnologico\\\/\",\"url\":\"https:\\\/\\\/jornaldasoficinas.com\\\/pt\\\/istobal-apresenta-portico-de-lavagem-tecnologico\\\/\",\"name\":\"Istobal apresenta p\u00f3rtico de lavagem tecnol\u00f3gico - Jornal das Oficinas\",\"isPartOf\":{\"@id\":\"https:\\\/\\\/jornaldasoficinas.com\\\/pt\\\/#website\"},\"primaryImageOfPage\":{\"@id\":\"https:\\\/\\\/jornaldasoficinas.com\\\/pt\\\/istobal-apresenta-portico-de-lavagem-tecnologico\\\/#primaryimage\"},\"image\":{\"@id\":\"https:\\\/\\\/jornaldasoficinas.com\\\/pt\\\/istobal-apresenta-portico-de-lavagem-tecnologico\\\/#primaryimage\"},\"thumbnailUrl\":\"https:\\\/\\\/jornaldasoficinas.com\\\/pt\\\/wp-content\\\/uploads\\\/2021\\\/09\\\/ISTOBAL-apresenta-portico.jpg\",\"datePublished\":\"2021-11-11T11:00:35+00:00\",\"breadcrumb\":{\"@id\":\"https:\\\/\\\/jornaldasoficinas.com\\\/pt\\\/istobal-apresenta-portico-de-lavagem-tecnologico\\\/#breadcrumb\"},\"inLanguage\":\"pt-PT\",\"potentialAction\":[{\"@type\":\"ReadAction\",\"target\":[\"https:\\\/\\\/jornaldasoficinas.com\\\/pt\\\/istobal-apresenta-portico-de-lavagem-tecnologico\\\/\"]}]},{\"@type\":\"ImageObject\",\"inLanguage\":\"pt-PT\",\"@id\":\"https:\\\/\\\/jornaldasoficinas.com\\\/pt\\\/istobal-apresenta-portico-de-lavagem-tecnologico\\\/#primaryimage\",\"url\":\"https:\\\/\\\/jornaldasoficinas.com\\\/pt\\\/wp-content\\\/uploads\\\/2021\\\/09\\\/ISTOBAL-apresenta-portico.jpg\",\"contentUrl\":\"https:\\\/\\\/jornaldasoficinas.com\\\/pt\\\/wp-content\\\/uploads\\\/2021\\\/09\\\/ISTOBAL-apresenta-portico.jpg\",\"width\":1024,\"height\":581,\"caption\":\"09 - ISTOBAL-apresenta-portico\"},{\"@type\":\"BreadcrumbList\",\"@id\":\"https:\\\/\\\/jornaldasoficinas.com\\\/pt\\\/istobal-apresenta-portico-de-lavagem-tecnologico\\\/#breadcrumb\",\"itemListElement\":[{\"@type\":\"ListItem\",\"position\":1,\"name\":\"In\u00edcio\",\"item\":\"https:\\\/\\\/jornaldasoficinas.com\\\/pt\\\/\"},{\"@type\":\"ListItem\",\"position\":2,\"name\":\"Istobal apresenta p\u00f3rtico de lavagem tecnol\u00f3gico\"}]},{\"@type\":\"WebSite\",\"@id\":\"https:\\\/\\\/jornaldasoficinas.com\\\/pt\\\/#website\",\"url\":\"https:\\\/\\\/jornaldasoficinas.com\\\/pt\\\/\",\"name\":\"Jornal das Oficinas\",\"description\":\"Jornal independente do Aftermarket Autom\u00f3vel em Portugal\",\"publisher\":{\"@id\":\"https:\\\/\\\/jornaldasoficinas.com\\\/pt\\\/#organization\"},\"potentialAction\":[{\"@type\":\"SearchAction\",\"target\":{\"@type\":\"EntryPoint\",\"urlTemplate\":\"https:\\\/\\\/jornaldasoficinas.com\\\/pt\\\/?s={search_term_string}\"},\"query-input\":{\"@type\":\"PropertyValueSpecification\",\"valueRequired\":true,\"valueName\":\"search_term_string\"}}],\"inLanguage\":\"pt-PT\"},{\"@type\":\"Organization\",\"@id\":\"https:\\\/\\\/jornaldasoficinas.com\\\/pt\\\/#organization\",\"name\":\"Jornal das Oficinas\",\"url\":\"https:\\\/\\\/jornaldasoficinas.com\\\/pt\\\/\",\"logo\":{\"@type\":\"ImageObject\",\"inLanguage\":\"pt-PT\",\"@id\":\"https:\\\/\\\/jornaldasoficinas.com\\\/pt\\\/#\\\/schema\\\/logo\\\/image\\\/\",\"url\":\"https:\\\/\\\/jornaldasoficinas.com\\\/pt\\\/wp-content\\\/uploads\\\/logoJO-SEO.png\",\"contentUrl\":\"https:\\\/\\\/jornaldasoficinas.com\\\/pt\\\/wp-content\\\/uploads\\\/logoJO-SEO.png\",\"width\":285,\"height\":450,\"caption\":\"Jornal das Oficinas\"},\"image\":{\"@id\":\"https:\\\/\\\/jornaldasoficinas.com\\\/pt\\\/#\\\/schema\\\/logo\\\/image\\\/\"},\"sameAs\":[\"https:\\\/\\\/www.facebook.com\\\/jornaloficinas\",\"https:\\\/\\\/x.com\\\/jornaloficinas\",\"https:\\\/\\\/www.instagram.com\\\/jornal_oficinas\\\/\",\"https:\\\/\\\/www.linkedin.com\\\/company\\\/jornal-das-oficinas\\\/\",\"https:\\\/\\\/www.youtube.com\\\/channel\\\/UCbQZBqtcvV-oSQrr7RzINGg\"]},{\"@type\":\"Person\",\"@id\":\"https:\\\/\\\/jornaldasoficinas.com\\\/pt\\\/#\\\/schema\\\/person\\\/a38eef5de2c41d9e7c9ac10141afddf3\",\"name\":\"Reda\u00e7\u00e3o JO\",\"image\":{\"@type\":\"ImageObject\",\"inLanguage\":\"pt-PT\",\"@id\":\"https:\\\/\\\/secure.gravatar.com\\\/avatar\\\/71f2fa71737ad68a84fea94bc708ddac8ea5b0c4788dc2ad202f3ccb2887742f?s=96&d=wp_user_avatar&r=g\",\"url\":\"https:\\\/\\\/secure.gravatar.com\\\/avatar\\\/71f2fa71737ad68a84fea94bc708ddac8ea5b0c4788dc2ad202f3ccb2887742f?s=96&d=wp_user_avatar&r=g\",\"contentUrl\":\"https:\\\/\\\/secure.gravatar.com\\\/avatar\\\/71f2fa71737ad68a84fea94bc708ddac8ea5b0c4788dc2ad202f3ccb2887742f?s=96&d=wp_user_avatar&r=g\",\"caption\":\"Reda\u00e7\u00e3o JO\"},\"url\":\"https:\\\/\\\/jornaldasoficinas.com\\\/pt\\\/author\\\/joredacao\\\/\"}]}<\/script>\n<!-- \/ Yoast SEO plugin. -->","yoast_head_json":{"title":"Istobal apresenta p\u00f3rtico de lavagem tecnol\u00f3gico - Jornal das Oficinas","robots":{"index":"index","follow":"follow","max-snippet":"max-snippet:-1","max-image-preview":"max-image-preview:large","max-video-preview":"max-video-preview:-1"},"canonical":"https:\/\/jornaldasoficinas.com\/pt\/istobal-apresenta-portico-de-lavagem-tecnologico\/","og_locale":"pt_PT","og_type":"article","og_title":"Istobal apresenta p\u00f3rtico de lavagem tecnol\u00f3gico - Jornal das Oficinas","og_description":"A ISTOBAL acaba de apresentar no...","og_url":"https:\/\/jornaldasoficinas.com\/pt\/istobal-apresenta-portico-de-lavagem-tecnologico\/","og_site_name":"Jornal das Oficinas","article_publisher":"https:\/\/www.facebook.com\/jornaloficinas","article_published_time":"2021-11-11T11:00:35+00:00","og_image":[{"width":1024,"height":581,"url":"https:\/\/jornaldasoficinas.com\/pt\/wp-content\/uploads\/2021\/09\/ISTOBAL-apresenta-portico.jpg","type":"image\/jpeg"}],"author":"Reda\u00e7\u00e3o JO","twitter_card":"summary_large_image","twitter_creator":"@jornaloficinas","twitter_site":"@jornaloficinas","twitter_misc":{"Escrito por":"Reda\u00e7\u00e3o JO","Tempo estimado de leitura":"4 minutos"},"schema":{"@context":"https:\/\/schema.org","@graph":[{"@type":"Article","@id":"https:\/\/jornaldasoficinas.com\/pt\/istobal-apresenta-portico-de-lavagem-tecnologico\/#article","isPartOf":{"@id":"https:\/\/jornaldasoficinas.com\/pt\/istobal-apresenta-portico-de-lavagem-tecnologico\/"},"author":{"name":"Reda\u00e7\u00e3o JO","@id":"https:\/\/jornaldasoficinas.com\/pt\/#\/schema\/person\/a38eef5de2c41d9e7c9ac10141afddf3"},"headline":"Istobal apresenta p\u00f3rtico de lavagem tecnol\u00f3gico","datePublished":"2021-11-11T11:00:35+00:00","mainEntityOfPage":{"@id":"https:\/\/jornaldasoficinas.com\/pt\/istobal-apresenta-portico-de-lavagem-tecnologico\/"},"wordCount":813,"publisher":{"@id":"https:\/\/jornaldasoficinas.com\/pt\/#organization"},"image":{"@id":"https:\/\/jornaldasoficinas.com\/pt\/istobal-apresenta-portico-de-lavagem-tecnologico\/#primaryimage"},"thumbnailUrl":"https:\/\/jornaldasoficinas.com\/pt\/wp-content\/uploads\/2021\/09\/ISTOBAL-apresenta-portico.jpg","keywords":["Istobal"],"articleSection":["Equipamentos"],"inLanguage":"pt-PT"},{"@type":"WebPage","@id":"https:\/\/jornaldasoficinas.com\/pt\/istobal-apresenta-portico-de-lavagem-tecnologico\/","url":"https:\/\/jornaldasoficinas.com\/pt\/istobal-apresenta-portico-de-lavagem-tecnologico\/","name":"Istobal apresenta p\u00f3rtico de lavagem tecnol\u00f3gico - Jornal das Oficinas","isPartOf":{"@id":"https:\/\/jornaldasoficinas.com\/pt\/#website"},"primaryImageOfPage":{"@id":"https:\/\/jornaldasoficinas.com\/pt\/istobal-apresenta-portico-de-lavagem-tecnologico\/#primaryimage"},"image":{"@id":"https:\/\/jornaldasoficinas.com\/pt\/istobal-apresenta-portico-de-lavagem-tecnologico\/#primaryimage"},"thumbnailUrl":"https:\/\/jornaldasoficinas.com\/pt\/wp-content\/uploads\/2021\/09\/ISTOBAL-apresenta-portico.jpg","datePublished":"2021-11-11T11:00:35+00:00","breadcrumb":{"@id":"https:\/\/jornaldasoficinas.com\/pt\/istobal-apresenta-portico-de-lavagem-tecnologico\/#breadcrumb"},"inLanguage":"pt-PT","potentialAction":[{"@type":"ReadAction","target":["https:\/\/jornaldasoficinas.com\/pt\/istobal-apresenta-portico-de-lavagem-tecnologico\/"]}]},{"@type":"ImageObject","inLanguage":"pt-PT","@id":"https:\/\/jornaldasoficinas.com\/pt\/istobal-apresenta-portico-de-lavagem-tecnologico\/#primaryimage","url":"https:\/\/jornaldasoficinas.com\/pt\/wp-content\/uploads\/2021\/09\/ISTOBAL-apresenta-portico.jpg","contentUrl":"https:\/\/jornaldasoficinas.com\/pt\/wp-content\/uploads\/2021\/09\/ISTOBAL-apresenta-portico.jpg","width":1024,"height":581,"caption":"09 - ISTOBAL-apresenta-portico"},{"@type":"BreadcrumbList","@id":"https:\/\/jornaldasoficinas.com\/pt\/istobal-apresenta-portico-de-lavagem-tecnologico\/#breadcrumb","itemListElement":[{"@type":"ListItem","position":1,"name":"In\u00edcio","item":"https:\/\/jornaldasoficinas.com\/pt\/"},{"@type":"ListItem","position":2,"name":"Istobal apresenta p\u00f3rtico de lavagem tecnol\u00f3gico"}]},{"@type":"WebSite","@id":"https:\/\/jornaldasoficinas.com\/pt\/#website","url":"https:\/\/jornaldasoficinas.com\/pt\/","name":"Jornal das Oficinas","description":"Jornal independente do Aftermarket Autom\u00f3vel em Portugal","publisher":{"@id":"https:\/\/jornaldasoficinas.com\/pt\/#organization"},"potentialAction":[{"@type":"SearchAction","target":{"@type":"EntryPoint","urlTemplate":"https:\/\/jornaldasoficinas.com\/pt\/?s={search_term_string}"},"query-input":{"@type":"PropertyValueSpecification","valueRequired":true,"valueName":"search_term_string"}}],"inLanguage":"pt-PT"},{"@type":"Organization","@id":"https:\/\/jornaldasoficinas.com\/pt\/#organization","name":"Jornal das Oficinas","url":"https:\/\/jornaldasoficinas.com\/pt\/","logo":{"@type":"ImageObject","inLanguage":"pt-PT","@id":"https:\/\/jornaldasoficinas.com\/pt\/#\/schema\/logo\/image\/","url":"https:\/\/jornaldasoficinas.com\/pt\/wp-content\/uploads\/logoJO-SEO.png","contentUrl":"https:\/\/jornaldasoficinas.com\/pt\/wp-content\/uploads\/logoJO-SEO.png","width":285,"height":450,"caption":"Jornal das Oficinas"},"image":{"@id":"https:\/\/jornaldasoficinas.com\/pt\/#\/schema\/logo\/image\/"},"sameAs":["https:\/\/www.facebook.com\/jornaloficinas","https:\/\/x.com\/jornaloficinas","https:\/\/www.instagram.com\/jornal_oficinas\/","https:\/\/www.linkedin.com\/company\/jornal-das-oficinas\/","https:\/\/www.youtube.com\/channel\/UCbQZBqtcvV-oSQrr7RzINGg"]},{"@type":"Person","@id":"https:\/\/jornaldasoficinas.com\/pt\/#\/schema\/person\/a38eef5de2c41d9e7c9ac10141afddf3","name":"Reda\u00e7\u00e3o JO","image":{"@type":"ImageObject","inLanguage":"pt-PT","@id":"https:\/\/secure.gravatar.com\/avatar\/71f2fa71737ad68a84fea94bc708ddac8ea5b0c4788dc2ad202f3ccb2887742f?s=96&d=wp_user_avatar&r=g","url":"https:\/\/secure.gravatar.com\/avatar\/71f2fa71737ad68a84fea94bc708ddac8ea5b0c4788dc2ad202f3ccb2887742f?s=96&d=wp_user_avatar&r=g","contentUrl":"https:\/\/secure.gravatar.com\/avatar\/71f2fa71737ad68a84fea94bc708ddac8ea5b0c4788dc2ad202f3ccb2887742f?s=96&d=wp_user_avatar&r=g","caption":"Reda\u00e7\u00e3o JO"},"url":"https:\/\/jornaldasoficinas.com\/pt\/author\/joredacao\/"}]}},"_links":{"self":[{"href":"https:\/\/jornaldasoficinas.com\/pt\/wp-json\/wp\/v2\/posts\/25304","targetHints":{"allow":["GET"]}}],"collection":[{"href":"https:\/\/jornaldasoficinas.com\/pt\/wp-json\/wp\/v2\/posts"}],"about":[{"href":"https:\/\/jornaldasoficinas.com\/pt\/wp-json\/wp\/v2\/types\/post"}],"author":[{"embeddable":true,"href":"https:\/\/jornaldasoficinas.com\/pt\/wp-json\/wp\/v2\/users\/15"}],"replies":[{"embeddable":true,"href":"https:\/\/jornaldasoficinas.com\/pt\/wp-json\/wp\/v2\/comments?post=25304"}],"version-history":[{"count":0,"href":"https:\/\/jornaldasoficinas.com\/pt\/wp-json\/wp\/v2\/posts\/25304\/revisions"}],"wp:featuredmedia":[{"embeddable":true,"href":"https:\/\/jornaldasoficinas.com\/pt\/wp-json\/wp\/v2\/media\/25283"}],"wp:attachment":[{"href":"https:\/\/jornaldasoficinas.com\/pt\/wp-json\/wp\/v2\/media?parent=25304"}],"wp:term":[{"taxonomy":"category","embeddable":true,"href":"https:\/\/jornaldasoficinas.com\/pt\/wp-json\/wp\/v2\/categories?post=25304"},{"taxonomy":"post_tag","embeddable":true,"href":"https:\/\/jornaldasoficinas.com\/pt\/wp-json\/wp\/v2\/tags?post=25304"}],"curies":[{"name":"wp","href":"https:\/\/api.w.org\/{rel}","templated":true}]}}