{"id":25459,"date":"2021-11-17T19:00:22","date_gmt":"2021-11-17T19:00:22","guid":{"rendered":"https:\/\/jornaldasoficinas.com\/pt\/?p=25459"},"modified":"2021-11-17T17:00:33","modified_gmt":"2021-11-17T17:00:33","slug":"miio-inova-na-mobilidade-eletrica-para-as-empresas","status":"publish","type":"post","link":"https:\/\/jornaldasoficinas.com\/pt\/miio-inova-na-mobilidade-eletrica-para-as-empresas\/","title":{"rendered":"Miio inova na mobilidade el\u00e9trica para as empresas"},"content":{"rendered":"<p><strong><img loading=\"lazy\" decoding=\"async\" class=\"alignnone size-full wp-image-25454\" src=\"https:\/\/jornaldasoficinas.com\/pt\/wp-content\/uploads\/2021\/09\/Miio-inova-na-mobilidade-empresas.png\" alt=\"09 - Miio-inova-na-mobilidade-empresas\" width=\"1024\" height=\"581\" srcset=\"https:\/\/jornaldasoficinas.com\/pt\/wp-content\/uploads\/2021\/09\/Miio-inova-na-mobilidade-empresas.png 1024w, https:\/\/jornaldasoficinas.com\/pt\/wp-content\/uploads\/2021\/09\/Miio-inova-na-mobilidade-empresas-300x170.png 300w, https:\/\/jornaldasoficinas.com\/pt\/wp-content\/uploads\/2021\/09\/Miio-inova-na-mobilidade-empresas-150x85.png 150w, https:\/\/jornaldasoficinas.com\/pt\/wp-content\/uploads\/2021\/09\/Miio-inova-na-mobilidade-empresas-768x436.png 768w\" sizes=\"auto, (max-width: 1024px) 100vw, 1024px\" \/><\/strong><\/p>\n<p><strong>A miio, anuncia uma nova gera\u00e7\u00e3o da mobilidade el\u00e9trica com o lan\u00e7amento do miio frotas, uma nova solu\u00e7\u00e3o de gest\u00e3o de frotas que visa trazer inova\u00e7\u00e3o a este mercado<\/strong><\/p>\n<p>A miio, empresa portuguesa que est\u00e1 a inovar na \u00e1rea da mobilidade el\u00e9trica, anuncia hoje o pr\u00e9-lan\u00e7amento da miio frotas, uma solu\u00e7\u00e3o de gest\u00e3o de frotas de ve\u00edculos el\u00e9tricos, que visa proporcionar uma nova gera\u00e7\u00e3o de mobilidade el\u00e9trica, e trazendo mais uma vez inova\u00e7\u00e3o ao setor.<\/p>\n<p>A nova solu\u00e7\u00e3o de gest\u00e3o de frotas da miio conta com um conjunto de funcionalidades que permitem otimizar toda a gest\u00e3o da frota de uma empresa, mantendo um controlo minucioso das despesas da empresa e dos consumos dos condutores, na via p\u00fablica. Entre as v\u00e1rias funcionalidades dispon\u00edveis, a miio frotas permite efetuar um controlo total de todo os cart\u00f5es de carregamento da empresa, al\u00e9m da atribui\u00e7\u00e3o de um determinado plafond ou cr\u00e9dito aos seus colaboradores, respondendo \u00e0s necessidades do mercado.<\/p>\n<p>Adicionalmente, esta nova solu\u00e7\u00e3o visa facilitar a gest\u00e3o financeira da organiza\u00e7\u00e3o, com todos os detalhes das faturas mensais, ajudando em todos os processos de contabilidade. Trata-se assim de uma experi\u00eancia 100% integrada atrav\u00e9s da aplica\u00e7\u00e3o da miio, para o condutor e para a empresa.<\/p>\n<p>\u201cO lan\u00e7amento da miio frotas \u00e9 mais um passo que damos no sentido de continuar a proporcionar inova\u00e7\u00e3o ao setor da mobilidade el\u00e9trica em Portugal. Cada vez mais as empresas integram na sua frota os ve\u00edculos el\u00e9tricos e isso traz novos desafios. Esta solu\u00e7\u00e3o vem ajudar a simplificar toda a gest\u00e3o das frotas de el\u00e9tricos, tanto para a empresa como para o colaborador\u201d, afirma Daniela Sim\u00f5es, CEO e co-fundadora da miio.<\/p>\n<p>A miio frotas j\u00e1 est\u00e1 dispon\u00edvel em pr\u00e9-lan\u00e7amento com lista de espera, e todos os interessados podem aceder a www.miio.pt para obter mais informa\u00e7\u00e3o desta nova solu\u00e7\u00e3o da miio para as empresas. Neste momento, a miio conta j\u00e1 com cerca de 3100 frotas inscritas neste servi\u00e7o.<\/p>\n<p><strong>\u00a0<\/strong><\/p>\n","protected":false},"excerpt":{"rendered":"<p>A miio, anuncia uma nova gera\u00e7\u00e3o&#8230;<\/p>\n","protected":false},"author":15,"featured_media":25454,"comment_status":"closed","ping_status":"closed","sticky":false,"template":"","format":"standard","meta":{"footnotes":""},"categories":[37],"tags":[2582],"class_list":["post-25459","post","type-post","status-publish","format-standard","has-post-thumbnail","hentry","category-mercado","tag-miio"],"yoast_head":"<!-- This site is optimized with the Yoast SEO plugin v27.4 - https:\/\/yoast.com\/product\/yoast-seo-wordpress\/ -->\n<title>Miio inova na mobilidade el\u00e9trica para as empresas - Jornal das Oficinas<\/title>\n<meta name=\"robots\" content=\"index, follow, max-snippet:-1, max-image-preview:large, max-video-preview:-1\" \/>\n<link rel=\"canonical\" href=\"https:\/\/jornaldasoficinas.com\/pt\/miio-inova-na-mobilidade-eletrica-para-as-empresas\/\" \/>\n<meta property=\"og:locale\" content=\"pt_PT\" \/>\n<meta property=\"og:type\" content=\"article\" \/>\n<meta property=\"og:title\" content=\"Miio inova na mobilidade el\u00e9trica para as empresas - Jornal das Oficinas\" \/>\n<meta property=\"og:description\" content=\"A miio, anuncia uma nova gera\u00e7\u00e3o...\" \/>\n<meta property=\"og:url\" content=\"https:\/\/jornaldasoficinas.com\/pt\/miio-inova-na-mobilidade-eletrica-para-as-empresas\/\" \/>\n<meta property=\"og:site_name\" content=\"Jornal das Oficinas\" \/>\n<meta property=\"article:publisher\" content=\"https:\/\/www.facebook.com\/jornaloficinas\" \/>\n<meta property=\"article:published_time\" content=\"2021-11-17T19:00:22+00:00\" \/>\n<meta property=\"og:image\" content=\"https:\/\/jornaldasoficinas.com\/pt\/wp-content\/uploads\/2021\/09\/Miio-inova-na-mobilidade-empresas.png\" \/>\n\t<meta property=\"og:image:width\" content=\"1024\" \/>\n\t<meta property=\"og:image:height\" content=\"581\" \/>\n\t<meta property=\"og:image:type\" content=\"image\/png\" \/>\n<meta name=\"author\" content=\"Reda\u00e7\u00e3o JO\" \/>\n<meta name=\"twitter:card\" content=\"summary_large_image\" \/>\n<meta name=\"twitter:creator\" content=\"@jornaloficinas\" \/>\n<meta name=\"twitter:site\" content=\"@jornaloficinas\" \/>\n<meta name=\"twitter:label1\" content=\"Escrito por\" \/>\n\t<meta name=\"twitter:data1\" content=\"Reda\u00e7\u00e3o JO\" \/>\n\t<meta name=\"twitter:label2\" content=\"Tempo estimado de leitura\" \/>\n\t<meta name=\"twitter:data2\" content=\"2 minutos\" \/>\n<script type=\"application\/ld+json\" class=\"yoast-schema-graph\">{\"@context\":\"https:\\\/\\\/schema.org\",\"@graph\":[{\"@type\":\"Article\",\"@id\":\"https:\\\/\\\/jornaldasoficinas.com\\\/pt\\\/miio-inova-na-mobilidade-eletrica-para-as-empresas\\\/#article\",\"isPartOf\":{\"@id\":\"https:\\\/\\\/jornaldasoficinas.com\\\/pt\\\/miio-inova-na-mobilidade-eletrica-para-as-empresas\\\/\"},\"author\":{\"name\":\"Reda\u00e7\u00e3o JO\",\"@id\":\"https:\\\/\\\/jornaldasoficinas.com\\\/pt\\\/#\\\/schema\\\/person\\\/a38eef5de2c41d9e7c9ac10141afddf3\"},\"headline\":\"Miio inova na mobilidade el\u00e9trica para as empresas\",\"datePublished\":\"2021-11-17T19:00:22+00:00\",\"mainEntityOfPage\":{\"@id\":\"https:\\\/\\\/jornaldasoficinas.com\\\/pt\\\/miio-inova-na-mobilidade-eletrica-para-as-empresas\\\/\"},\"wordCount\":371,\"publisher\":{\"@id\":\"https:\\\/\\\/jornaldasoficinas.com\\\/pt\\\/#organization\"},\"image\":{\"@id\":\"https:\\\/\\\/jornaldasoficinas.com\\\/pt\\\/miio-inova-na-mobilidade-eletrica-para-as-empresas\\\/#primaryimage\"},\"thumbnailUrl\":\"https:\\\/\\\/jornaldasoficinas.com\\\/pt\\\/wp-content\\\/uploads\\\/2021\\\/09\\\/Miio-inova-na-mobilidade-empresas.png\",\"keywords\":[\"miio\"],\"articleSection\":[\"Mercado\"],\"inLanguage\":\"pt-PT\"},{\"@type\":\"WebPage\",\"@id\":\"https:\\\/\\\/jornaldasoficinas.com\\\/pt\\\/miio-inova-na-mobilidade-eletrica-para-as-empresas\\\/\",\"url\":\"https:\\\/\\\/jornaldasoficinas.com\\\/pt\\\/miio-inova-na-mobilidade-eletrica-para-as-empresas\\\/\",\"name\":\"Miio inova na mobilidade el\u00e9trica para as empresas - Jornal das Oficinas\",\"isPartOf\":{\"@id\":\"https:\\\/\\\/jornaldasoficinas.com\\\/pt\\\/#website\"},\"primaryImageOfPage\":{\"@id\":\"https:\\\/\\\/jornaldasoficinas.com\\\/pt\\\/miio-inova-na-mobilidade-eletrica-para-as-empresas\\\/#primaryimage\"},\"image\":{\"@id\":\"https:\\\/\\\/jornaldasoficinas.com\\\/pt\\\/miio-inova-na-mobilidade-eletrica-para-as-empresas\\\/#primaryimage\"},\"thumbnailUrl\":\"https:\\\/\\\/jornaldasoficinas.com\\\/pt\\\/wp-content\\\/uploads\\\/2021\\\/09\\\/Miio-inova-na-mobilidade-empresas.png\",\"datePublished\":\"2021-11-17T19:00:22+00:00\",\"breadcrumb\":{\"@id\":\"https:\\\/\\\/jornaldasoficinas.com\\\/pt\\\/miio-inova-na-mobilidade-eletrica-para-as-empresas\\\/#breadcrumb\"},\"inLanguage\":\"pt-PT\",\"potentialAction\":[{\"@type\":\"ReadAction\",\"target\":[\"https:\\\/\\\/jornaldasoficinas.com\\\/pt\\\/miio-inova-na-mobilidade-eletrica-para-as-empresas\\\/\"]}]},{\"@type\":\"ImageObject\",\"inLanguage\":\"pt-PT\",\"@id\":\"https:\\\/\\\/jornaldasoficinas.com\\\/pt\\\/miio-inova-na-mobilidade-eletrica-para-as-empresas\\\/#primaryimage\",\"url\":\"https:\\\/\\\/jornaldasoficinas.com\\\/pt\\\/wp-content\\\/uploads\\\/2021\\\/09\\\/Miio-inova-na-mobilidade-empresas.png\",\"contentUrl\":\"https:\\\/\\\/jornaldasoficinas.com\\\/pt\\\/wp-content\\\/uploads\\\/2021\\\/09\\\/Miio-inova-na-mobilidade-empresas.png\",\"width\":1024,\"height\":581,\"caption\":\"09 - Miio-inova-na-mobilidade-empresas\"},{\"@type\":\"BreadcrumbList\",\"@id\":\"https:\\\/\\\/jornaldasoficinas.com\\\/pt\\\/miio-inova-na-mobilidade-eletrica-para-as-empresas\\\/#breadcrumb\",\"itemListElement\":[{\"@type\":\"ListItem\",\"position\":1,\"name\":\"In\u00edcio\",\"item\":\"https:\\\/\\\/jornaldasoficinas.com\\\/pt\\\/\"},{\"@type\":\"ListItem\",\"position\":2,\"name\":\"Miio inova na mobilidade el\u00e9trica para as empresas\"}]},{\"@type\":\"WebSite\",\"@id\":\"https:\\\/\\\/jornaldasoficinas.com\\\/pt\\\/#website\",\"url\":\"https:\\\/\\\/jornaldasoficinas.com\\\/pt\\\/\",\"name\":\"Jornal das Oficinas\",\"description\":\"Jornal independente do Aftermarket Autom\u00f3vel em Portugal\",\"publisher\":{\"@id\":\"https:\\\/\\\/jornaldasoficinas.com\\\/pt\\\/#organization\"},\"potentialAction\":[{\"@type\":\"SearchAction\",\"target\":{\"@type\":\"EntryPoint\",\"urlTemplate\":\"https:\\\/\\\/jornaldasoficinas.com\\\/pt\\\/?s={search_term_string}\"},\"query-input\":{\"@type\":\"PropertyValueSpecification\",\"valueRequired\":true,\"valueName\":\"search_term_string\"}}],\"inLanguage\":\"pt-PT\"},{\"@type\":\"Organization\",\"@id\":\"https:\\\/\\\/jornaldasoficinas.com\\\/pt\\\/#organization\",\"name\":\"Jornal das Oficinas\",\"url\":\"https:\\\/\\\/jornaldasoficinas.com\\\/pt\\\/\",\"logo\":{\"@type\":\"ImageObject\",\"inLanguage\":\"pt-PT\",\"@id\":\"https:\\\/\\\/jornaldasoficinas.com\\\/pt\\\/#\\\/schema\\\/logo\\\/image\\\/\",\"url\":\"https:\\\/\\\/jornaldasoficinas.com\\\/pt\\\/wp-content\\\/uploads\\\/logoJO-SEO.png\",\"contentUrl\":\"https:\\\/\\\/jornaldasoficinas.com\\\/pt\\\/wp-content\\\/uploads\\\/logoJO-SEO.png\",\"width\":285,\"height\":450,\"caption\":\"Jornal das Oficinas\"},\"image\":{\"@id\":\"https:\\\/\\\/jornaldasoficinas.com\\\/pt\\\/#\\\/schema\\\/logo\\\/image\\\/\"},\"sameAs\":[\"https:\\\/\\\/www.facebook.com\\\/jornaloficinas\",\"https:\\\/\\\/x.com\\\/jornaloficinas\",\"https:\\\/\\\/www.instagram.com\\\/jornal_oficinas\\\/\",\"https:\\\/\\\/www.linkedin.com\\\/company\\\/jornal-das-oficinas\\\/\",\"https:\\\/\\\/www.youtube.com\\\/channel\\\/UCbQZBqtcvV-oSQrr7RzINGg\"]},{\"@type\":\"Person\",\"@id\":\"https:\\\/\\\/jornaldasoficinas.com\\\/pt\\\/#\\\/schema\\\/person\\\/a38eef5de2c41d9e7c9ac10141afddf3\",\"name\":\"Reda\u00e7\u00e3o JO\",\"image\":{\"@type\":\"ImageObject\",\"inLanguage\":\"pt-PT\",\"@id\":\"https:\\\/\\\/secure.gravatar.com\\\/avatar\\\/71f2fa71737ad68a84fea94bc708ddac8ea5b0c4788dc2ad202f3ccb2887742f?s=96&d=wp_user_avatar&r=g\",\"url\":\"https:\\\/\\\/secure.gravatar.com\\\/avatar\\\/71f2fa71737ad68a84fea94bc708ddac8ea5b0c4788dc2ad202f3ccb2887742f?s=96&d=wp_user_avatar&r=g\",\"contentUrl\":\"https:\\\/\\\/secure.gravatar.com\\\/avatar\\\/71f2fa71737ad68a84fea94bc708ddac8ea5b0c4788dc2ad202f3ccb2887742f?s=96&d=wp_user_avatar&r=g\",\"caption\":\"Reda\u00e7\u00e3o JO\"},\"url\":\"https:\\\/\\\/jornaldasoficinas.com\\\/pt\\\/author\\\/joredacao\\\/\"}]}<\/script>\n<!-- \/ Yoast SEO plugin. -->","yoast_head_json":{"title":"Miio inova na mobilidade el\u00e9trica para as empresas - Jornal das Oficinas","robots":{"index":"index","follow":"follow","max-snippet":"max-snippet:-1","max-image-preview":"max-image-preview:large","max-video-preview":"max-video-preview:-1"},"canonical":"https:\/\/jornaldasoficinas.com\/pt\/miio-inova-na-mobilidade-eletrica-para-as-empresas\/","og_locale":"pt_PT","og_type":"article","og_title":"Miio inova na mobilidade el\u00e9trica para as empresas - Jornal das Oficinas","og_description":"A miio, anuncia uma nova gera\u00e7\u00e3o...","og_url":"https:\/\/jornaldasoficinas.com\/pt\/miio-inova-na-mobilidade-eletrica-para-as-empresas\/","og_site_name":"Jornal das Oficinas","article_publisher":"https:\/\/www.facebook.com\/jornaloficinas","article_published_time":"2021-11-17T19:00:22+00:00","og_image":[{"width":1024,"height":581,"url":"https:\/\/jornaldasoficinas.com\/pt\/wp-content\/uploads\/2021\/09\/Miio-inova-na-mobilidade-empresas.png","type":"image\/png"}],"author":"Reda\u00e7\u00e3o JO","twitter_card":"summary_large_image","twitter_creator":"@jornaloficinas","twitter_site":"@jornaloficinas","twitter_misc":{"Escrito por":"Reda\u00e7\u00e3o JO","Tempo estimado de leitura":"2 minutos"},"schema":{"@context":"https:\/\/schema.org","@graph":[{"@type":"Article","@id":"https:\/\/jornaldasoficinas.com\/pt\/miio-inova-na-mobilidade-eletrica-para-as-empresas\/#article","isPartOf":{"@id":"https:\/\/jornaldasoficinas.com\/pt\/miio-inova-na-mobilidade-eletrica-para-as-empresas\/"},"author":{"name":"Reda\u00e7\u00e3o JO","@id":"https:\/\/jornaldasoficinas.com\/pt\/#\/schema\/person\/a38eef5de2c41d9e7c9ac10141afddf3"},"headline":"Miio inova na mobilidade el\u00e9trica para as empresas","datePublished":"2021-11-17T19:00:22+00:00","mainEntityOfPage":{"@id":"https:\/\/jornaldasoficinas.com\/pt\/miio-inova-na-mobilidade-eletrica-para-as-empresas\/"},"wordCount":371,"publisher":{"@id":"https:\/\/jornaldasoficinas.com\/pt\/#organization"},"image":{"@id":"https:\/\/jornaldasoficinas.com\/pt\/miio-inova-na-mobilidade-eletrica-para-as-empresas\/#primaryimage"},"thumbnailUrl":"https:\/\/jornaldasoficinas.com\/pt\/wp-content\/uploads\/2021\/09\/Miio-inova-na-mobilidade-empresas.png","keywords":["miio"],"articleSection":["Mercado"],"inLanguage":"pt-PT"},{"@type":"WebPage","@id":"https:\/\/jornaldasoficinas.com\/pt\/miio-inova-na-mobilidade-eletrica-para-as-empresas\/","url":"https:\/\/jornaldasoficinas.com\/pt\/miio-inova-na-mobilidade-eletrica-para-as-empresas\/","name":"Miio inova na mobilidade el\u00e9trica para as empresas - Jornal das Oficinas","isPartOf":{"@id":"https:\/\/jornaldasoficinas.com\/pt\/#website"},"primaryImageOfPage":{"@id":"https:\/\/jornaldasoficinas.com\/pt\/miio-inova-na-mobilidade-eletrica-para-as-empresas\/#primaryimage"},"image":{"@id":"https:\/\/jornaldasoficinas.com\/pt\/miio-inova-na-mobilidade-eletrica-para-as-empresas\/#primaryimage"},"thumbnailUrl":"https:\/\/jornaldasoficinas.com\/pt\/wp-content\/uploads\/2021\/09\/Miio-inova-na-mobilidade-empresas.png","datePublished":"2021-11-17T19:00:22+00:00","breadcrumb":{"@id":"https:\/\/jornaldasoficinas.com\/pt\/miio-inova-na-mobilidade-eletrica-para-as-empresas\/#breadcrumb"},"inLanguage":"pt-PT","potentialAction":[{"@type":"ReadAction","target":["https:\/\/jornaldasoficinas.com\/pt\/miio-inova-na-mobilidade-eletrica-para-as-empresas\/"]}]},{"@type":"ImageObject","inLanguage":"pt-PT","@id":"https:\/\/jornaldasoficinas.com\/pt\/miio-inova-na-mobilidade-eletrica-para-as-empresas\/#primaryimage","url":"https:\/\/jornaldasoficinas.com\/pt\/wp-content\/uploads\/2021\/09\/Miio-inova-na-mobilidade-empresas.png","contentUrl":"https:\/\/jornaldasoficinas.com\/pt\/wp-content\/uploads\/2021\/09\/Miio-inova-na-mobilidade-empresas.png","width":1024,"height":581,"caption":"09 - Miio-inova-na-mobilidade-empresas"},{"@type":"BreadcrumbList","@id":"https:\/\/jornaldasoficinas.com\/pt\/miio-inova-na-mobilidade-eletrica-para-as-empresas\/#breadcrumb","itemListElement":[{"@type":"ListItem","position":1,"name":"In\u00edcio","item":"https:\/\/jornaldasoficinas.com\/pt\/"},{"@type":"ListItem","position":2,"name":"Miio inova na mobilidade el\u00e9trica para as empresas"}]},{"@type":"WebSite","@id":"https:\/\/jornaldasoficinas.com\/pt\/#website","url":"https:\/\/jornaldasoficinas.com\/pt\/","name":"Jornal das Oficinas","description":"Jornal independente do Aftermarket Autom\u00f3vel em Portugal","publisher":{"@id":"https:\/\/jornaldasoficinas.com\/pt\/#organization"},"potentialAction":[{"@type":"SearchAction","target":{"@type":"EntryPoint","urlTemplate":"https:\/\/jornaldasoficinas.com\/pt\/?s={search_term_string}"},"query-input":{"@type":"PropertyValueSpecification","valueRequired":true,"valueName":"search_term_string"}}],"inLanguage":"pt-PT"},{"@type":"Organization","@id":"https:\/\/jornaldasoficinas.com\/pt\/#organization","name":"Jornal das Oficinas","url":"https:\/\/jornaldasoficinas.com\/pt\/","logo":{"@type":"ImageObject","inLanguage":"pt-PT","@id":"https:\/\/jornaldasoficinas.com\/pt\/#\/schema\/logo\/image\/","url":"https:\/\/jornaldasoficinas.com\/pt\/wp-content\/uploads\/logoJO-SEO.png","contentUrl":"https:\/\/jornaldasoficinas.com\/pt\/wp-content\/uploads\/logoJO-SEO.png","width":285,"height":450,"caption":"Jornal das Oficinas"},"image":{"@id":"https:\/\/jornaldasoficinas.com\/pt\/#\/schema\/logo\/image\/"},"sameAs":["https:\/\/www.facebook.com\/jornaloficinas","https:\/\/x.com\/jornaloficinas","https:\/\/www.instagram.com\/jornal_oficinas\/","https:\/\/www.linkedin.com\/company\/jornal-das-oficinas\/","https:\/\/www.youtube.com\/channel\/UCbQZBqtcvV-oSQrr7RzINGg"]},{"@type":"Person","@id":"https:\/\/jornaldasoficinas.com\/pt\/#\/schema\/person\/a38eef5de2c41d9e7c9ac10141afddf3","name":"Reda\u00e7\u00e3o JO","image":{"@type":"ImageObject","inLanguage":"pt-PT","@id":"https:\/\/secure.gravatar.com\/avatar\/71f2fa71737ad68a84fea94bc708ddac8ea5b0c4788dc2ad202f3ccb2887742f?s=96&d=wp_user_avatar&r=g","url":"https:\/\/secure.gravatar.com\/avatar\/71f2fa71737ad68a84fea94bc708ddac8ea5b0c4788dc2ad202f3ccb2887742f?s=96&d=wp_user_avatar&r=g","contentUrl":"https:\/\/secure.gravatar.com\/avatar\/71f2fa71737ad68a84fea94bc708ddac8ea5b0c4788dc2ad202f3ccb2887742f?s=96&d=wp_user_avatar&r=g","caption":"Reda\u00e7\u00e3o JO"},"url":"https:\/\/jornaldasoficinas.com\/pt\/author\/joredacao\/"}]}},"_links":{"self":[{"href":"https:\/\/jornaldasoficinas.com\/pt\/wp-json\/wp\/v2\/posts\/25459","targetHints":{"allow":["GET"]}}],"collection":[{"href":"https:\/\/jornaldasoficinas.com\/pt\/wp-json\/wp\/v2\/posts"}],"about":[{"href":"https:\/\/jornaldasoficinas.com\/pt\/wp-json\/wp\/v2\/types\/post"}],"author":[{"embeddable":true,"href":"https:\/\/jornaldasoficinas.com\/pt\/wp-json\/wp\/v2\/users\/15"}],"replies":[{"embeddable":true,"href":"https:\/\/jornaldasoficinas.com\/pt\/wp-json\/wp\/v2\/comments?post=25459"}],"version-history":[{"count":0,"href":"https:\/\/jornaldasoficinas.com\/pt\/wp-json\/wp\/v2\/posts\/25459\/revisions"}],"wp:featuredmedia":[{"embeddable":true,"href":"https:\/\/jornaldasoficinas.com\/pt\/wp-json\/wp\/v2\/media\/25454"}],"wp:attachment":[{"href":"https:\/\/jornaldasoficinas.com\/pt\/wp-json\/wp\/v2\/media?parent=25459"}],"wp:term":[{"taxonomy":"category","embeddable":true,"href":"https:\/\/jornaldasoficinas.com\/pt\/wp-json\/wp\/v2\/categories?post=25459"},{"taxonomy":"post_tag","embeddable":true,"href":"https:\/\/jornaldasoficinas.com\/pt\/wp-json\/wp\/v2\/tags?post=25459"}],"curies":[{"name":"wp","href":"https:\/\/api.w.org\/{rel}","templated":true}]}}