{"id":25461,"date":"2021-11-17T20:00:24","date_gmt":"2021-11-17T20:00:24","guid":{"rendered":"https:\/\/jornaldasoficinas.com\/pt\/?p=25461"},"modified":"2021-11-17T16:49:23","modified_gmt":"2021-11-17T16:49:23","slug":"varta-aconselha-verificacao-da-bateria-antes-das-ferias","status":"publish","type":"post","link":"https:\/\/jornaldasoficinas.com\/pt\/varta-aconselha-verificacao-da-bateria-antes-das-ferias\/","title":{"rendered":"VARTA aconselha verifica\u00e7\u00e3o da bateria antes das f\u00e9rias"},"content":{"rendered":"<p><strong><img loading=\"lazy\" decoding=\"async\" class=\"alignnone size-full wp-image-25453\" src=\"https:\/\/jornaldasoficinas.com\/pt\/wp-content\/uploads\/2021\/09\/VARTA-aconselha-verificacao.png\" alt=\"09 - VARTA-aconselha-verificacao\" width=\"1024\" height=\"581\" srcset=\"https:\/\/jornaldasoficinas.com\/pt\/wp-content\/uploads\/2021\/09\/VARTA-aconselha-verificacao.png 1024w, https:\/\/jornaldasoficinas.com\/pt\/wp-content\/uploads\/2021\/09\/VARTA-aconselha-verificacao-300x170.png 300w, https:\/\/jornaldasoficinas.com\/pt\/wp-content\/uploads\/2021\/09\/VARTA-aconselha-verificacao-150x85.png 150w, https:\/\/jornaldasoficinas.com\/pt\/wp-content\/uploads\/2021\/09\/VARTA-aconselha-verificacao-768x436.png 768w\" sizes=\"auto, (max-width: 1024px) 100vw, 1024px\" \/><\/strong><\/p>\n<p><strong>O Natal est\u00e1 \u00e0 porta e isso significa que, para muitas pessoas, tamb\u00e9m se aproxima um per\u00edodo de f\u00e9rias. Como as desloca\u00e7\u00f5es ser\u00e3o inevit\u00e1veis, a VARTA quer recordar o qu\u00e3o importante \u00e9 a manuten\u00e7\u00e3o preventiva dos ve\u00edculos, sobretudo no inverno. \u00a0\u00a0\u00a0\u00a0\u00a0\u00a0 \u2028<\/strong><\/p>\n<p>Embora realizar uma boa manuten\u00e7\u00e3o preventiva seja imprescind\u00edvel em qualquer \u00e9poca do ano, \u00e9 nesta esta\u00e7\u00e3o que surgem mais avarias inesperadas, geralmente provocadas pelas condi\u00e7\u00f5es clim\u00e1ticas adversas. No que diz respeito \u00e0 bateria, \u00e9 mais que sabido que o frio reduz a sua capacidade de carga, assim como a sua pot\u00eancia de arranque. Portanto, quando se registam mudan\u00e7as acentuadas de temperatura, a bateria \u00e9 um dos elementos do ve\u00edculo que mais sofre, especialmente se estiver em mau estado.<\/p>\n<p>Considerando que 1\/3 das baterias verificadas nas oficinas europeias est\u00e3o em m\u00e1s condi\u00e7\u00f5es, \u00e9 imprescind\u00edvel incluir um check-up a esta pe\u00e7a em todas as revis\u00f5es ao ve\u00edculo. Do mesmo modo que se recomenda a mudan\u00e7a do \u00f3leo e a verifica\u00e7\u00e3o dos pneus e do sistema de aquecimento, tamb\u00e9m se aconselha uma examina\u00e7\u00e3o minuciosa \u00e0 bateria, de modo a evitar poss\u00edveis avarias e contratempos.<\/p>\n<p>Se n\u00e3o sabe qual \u00e9 o estado atual da sua bateria, n\u00e3o arrisque fazer-se \u00e0 estrada. Marque uma inspe\u00e7\u00e3o ao seu carro e enfrente o inverno descansado! A VARTA oferece um Programa de Teste de Baterias atrav\u00e9s do qual pode encontrar a oficina mais perto de si que realiza check-ups gratuitos \u00e0 bateria. Para aceder \u00e0 lista de oficinas, basta entrar no nosso site www.varta-automotive.pt\/pt-pt\/teste-de-bateria-gratuito e colocar o seu c\u00f3digo postal.<\/p>\n<p>Caso tenha uma oficina e queira fazer parte deste Programa VARTA, s\u00f3 tem que registrar-se gratuitamente no <a href=\"http:\/\/www.varta-automotive.pt\/pt-pt\/varta-partner-portal\/teste-as-baterias\" target=\"_blank\" rel=\"noopener\">site<\/a><\/p>\n<p>Uma em cada tr\u00eas avarias nos ve\u00edculos deve-se a problemas na bateria. Ao verificar todas as que passem pela sua oficina, poder\u00e1 detetar defeitos antes de que surjam problemas e garantir que os seus clientes ter\u00e3o umas f\u00e9rias tranquilas!<\/p>\n","protected":false},"excerpt":{"rendered":"<p>O Natal est\u00e1 \u00e0 porta e&#8230;<\/p>\n","protected":false},"author":15,"featured_media":25453,"comment_status":"closed","ping_status":"closed","sticky":false,"template":"","format":"standard","meta":{"footnotes":""},"categories":[29],"tags":[728],"class_list":["post-25461","post","type-post","status-publish","format-standard","has-post-thumbnail","hentry","category-empresas","tag-varta"],"yoast_head":"<!-- This site is optimized with the Yoast SEO plugin v27.4 - https:\/\/yoast.com\/product\/yoast-seo-wordpress\/ -->\n<title>VARTA aconselha verifica\u00e7\u00e3o da bateria antes das f\u00e9rias - Jornal das Oficinas<\/title>\n<meta name=\"robots\" content=\"index, follow, max-snippet:-1, max-image-preview:large, max-video-preview:-1\" \/>\n<link rel=\"canonical\" href=\"https:\/\/jornaldasoficinas.com\/pt\/varta-aconselha-verificacao-da-bateria-antes-das-ferias\/\" \/>\n<meta property=\"og:locale\" content=\"pt_PT\" \/>\n<meta property=\"og:type\" content=\"article\" \/>\n<meta property=\"og:title\" content=\"VARTA aconselha verifica\u00e7\u00e3o da bateria antes das f\u00e9rias - Jornal das Oficinas\" \/>\n<meta property=\"og:description\" content=\"O Natal est\u00e1 \u00e0 porta e...\" \/>\n<meta property=\"og:url\" content=\"https:\/\/jornaldasoficinas.com\/pt\/varta-aconselha-verificacao-da-bateria-antes-das-ferias\/\" \/>\n<meta property=\"og:site_name\" content=\"Jornal das Oficinas\" \/>\n<meta property=\"article:publisher\" content=\"https:\/\/www.facebook.com\/jornaloficinas\" \/>\n<meta property=\"article:published_time\" content=\"2021-11-17T20:00:24+00:00\" \/>\n<meta property=\"og:image\" content=\"https:\/\/jornaldasoficinas.com\/pt\/wp-content\/uploads\/2021\/09\/VARTA-aconselha-verificacao.png\" \/>\n\t<meta property=\"og:image:width\" content=\"1024\" \/>\n\t<meta property=\"og:image:height\" content=\"581\" \/>\n\t<meta property=\"og:image:type\" content=\"image\/png\" \/>\n<meta name=\"author\" content=\"Reda\u00e7\u00e3o JO\" \/>\n<meta name=\"twitter:card\" content=\"summary_large_image\" \/>\n<meta name=\"twitter:creator\" content=\"@jornaloficinas\" \/>\n<meta name=\"twitter:site\" content=\"@jornaloficinas\" \/>\n<meta name=\"twitter:label1\" content=\"Escrito por\" \/>\n\t<meta name=\"twitter:data1\" content=\"Reda\u00e7\u00e3o JO\" \/>\n\t<meta name=\"twitter:label2\" content=\"Tempo estimado de leitura\" \/>\n\t<meta name=\"twitter:data2\" content=\"2 minutos\" \/>\n<script type=\"application\/ld+json\" class=\"yoast-schema-graph\">{\"@context\":\"https:\\\/\\\/schema.org\",\"@graph\":[{\"@type\":\"Article\",\"@id\":\"https:\\\/\\\/jornaldasoficinas.com\\\/pt\\\/varta-aconselha-verificacao-da-bateria-antes-das-ferias\\\/#article\",\"isPartOf\":{\"@id\":\"https:\\\/\\\/jornaldasoficinas.com\\\/pt\\\/varta-aconselha-verificacao-da-bateria-antes-das-ferias\\\/\"},\"author\":{\"name\":\"Reda\u00e7\u00e3o JO\",\"@id\":\"https:\\\/\\\/jornaldasoficinas.com\\\/pt\\\/#\\\/schema\\\/person\\\/a38eef5de2c41d9e7c9ac10141afddf3\"},\"headline\":\"VARTA aconselha verifica\u00e7\u00e3o da bateria antes das f\u00e9rias\",\"datePublished\":\"2021-11-17T20:00:24+00:00\",\"mainEntityOfPage\":{\"@id\":\"https:\\\/\\\/jornaldasoficinas.com\\\/pt\\\/varta-aconselha-verificacao-da-bateria-antes-das-ferias\\\/\"},\"wordCount\":348,\"publisher\":{\"@id\":\"https:\\\/\\\/jornaldasoficinas.com\\\/pt\\\/#organization\"},\"image\":{\"@id\":\"https:\\\/\\\/jornaldasoficinas.com\\\/pt\\\/varta-aconselha-verificacao-da-bateria-antes-das-ferias\\\/#primaryimage\"},\"thumbnailUrl\":\"https:\\\/\\\/jornaldasoficinas.com\\\/pt\\\/wp-content\\\/uploads\\\/2021\\\/09\\\/VARTA-aconselha-verificacao.png\",\"keywords\":[\"VARTA\"],\"articleSection\":[\"Empresas\"],\"inLanguage\":\"pt-PT\"},{\"@type\":\"WebPage\",\"@id\":\"https:\\\/\\\/jornaldasoficinas.com\\\/pt\\\/varta-aconselha-verificacao-da-bateria-antes-das-ferias\\\/\",\"url\":\"https:\\\/\\\/jornaldasoficinas.com\\\/pt\\\/varta-aconselha-verificacao-da-bateria-antes-das-ferias\\\/\",\"name\":\"VARTA aconselha verifica\u00e7\u00e3o da bateria antes das f\u00e9rias - Jornal das Oficinas\",\"isPartOf\":{\"@id\":\"https:\\\/\\\/jornaldasoficinas.com\\\/pt\\\/#website\"},\"primaryImageOfPage\":{\"@id\":\"https:\\\/\\\/jornaldasoficinas.com\\\/pt\\\/varta-aconselha-verificacao-da-bateria-antes-das-ferias\\\/#primaryimage\"},\"image\":{\"@id\":\"https:\\\/\\\/jornaldasoficinas.com\\\/pt\\\/varta-aconselha-verificacao-da-bateria-antes-das-ferias\\\/#primaryimage\"},\"thumbnailUrl\":\"https:\\\/\\\/jornaldasoficinas.com\\\/pt\\\/wp-content\\\/uploads\\\/2021\\\/09\\\/VARTA-aconselha-verificacao.png\",\"datePublished\":\"2021-11-17T20:00:24+00:00\",\"breadcrumb\":{\"@id\":\"https:\\\/\\\/jornaldasoficinas.com\\\/pt\\\/varta-aconselha-verificacao-da-bateria-antes-das-ferias\\\/#breadcrumb\"},\"inLanguage\":\"pt-PT\",\"potentialAction\":[{\"@type\":\"ReadAction\",\"target\":[\"https:\\\/\\\/jornaldasoficinas.com\\\/pt\\\/varta-aconselha-verificacao-da-bateria-antes-das-ferias\\\/\"]}]},{\"@type\":\"ImageObject\",\"inLanguage\":\"pt-PT\",\"@id\":\"https:\\\/\\\/jornaldasoficinas.com\\\/pt\\\/varta-aconselha-verificacao-da-bateria-antes-das-ferias\\\/#primaryimage\",\"url\":\"https:\\\/\\\/jornaldasoficinas.com\\\/pt\\\/wp-content\\\/uploads\\\/2021\\\/09\\\/VARTA-aconselha-verificacao.png\",\"contentUrl\":\"https:\\\/\\\/jornaldasoficinas.com\\\/pt\\\/wp-content\\\/uploads\\\/2021\\\/09\\\/VARTA-aconselha-verificacao.png\",\"width\":1024,\"height\":581,\"caption\":\"09 - VARTA-aconselha-verificacao\"},{\"@type\":\"BreadcrumbList\",\"@id\":\"https:\\\/\\\/jornaldasoficinas.com\\\/pt\\\/varta-aconselha-verificacao-da-bateria-antes-das-ferias\\\/#breadcrumb\",\"itemListElement\":[{\"@type\":\"ListItem\",\"position\":1,\"name\":\"In\u00edcio\",\"item\":\"https:\\\/\\\/jornaldasoficinas.com\\\/pt\\\/\"},{\"@type\":\"ListItem\",\"position\":2,\"name\":\"VARTA aconselha verifica\u00e7\u00e3o da bateria antes das f\u00e9rias\"}]},{\"@type\":\"WebSite\",\"@id\":\"https:\\\/\\\/jornaldasoficinas.com\\\/pt\\\/#website\",\"url\":\"https:\\\/\\\/jornaldasoficinas.com\\\/pt\\\/\",\"name\":\"Jornal das Oficinas\",\"description\":\"Jornal independente do Aftermarket Autom\u00f3vel em Portugal\",\"publisher\":{\"@id\":\"https:\\\/\\\/jornaldasoficinas.com\\\/pt\\\/#organization\"},\"potentialAction\":[{\"@type\":\"SearchAction\",\"target\":{\"@type\":\"EntryPoint\",\"urlTemplate\":\"https:\\\/\\\/jornaldasoficinas.com\\\/pt\\\/?s={search_term_string}\"},\"query-input\":{\"@type\":\"PropertyValueSpecification\",\"valueRequired\":true,\"valueName\":\"search_term_string\"}}],\"inLanguage\":\"pt-PT\"},{\"@type\":\"Organization\",\"@id\":\"https:\\\/\\\/jornaldasoficinas.com\\\/pt\\\/#organization\",\"name\":\"Jornal das Oficinas\",\"url\":\"https:\\\/\\\/jornaldasoficinas.com\\\/pt\\\/\",\"logo\":{\"@type\":\"ImageObject\",\"inLanguage\":\"pt-PT\",\"@id\":\"https:\\\/\\\/jornaldasoficinas.com\\\/pt\\\/#\\\/schema\\\/logo\\\/image\\\/\",\"url\":\"https:\\\/\\\/jornaldasoficinas.com\\\/pt\\\/wp-content\\\/uploads\\\/logoJO-SEO.png\",\"contentUrl\":\"https:\\\/\\\/jornaldasoficinas.com\\\/pt\\\/wp-content\\\/uploads\\\/logoJO-SEO.png\",\"width\":285,\"height\":450,\"caption\":\"Jornal das Oficinas\"},\"image\":{\"@id\":\"https:\\\/\\\/jornaldasoficinas.com\\\/pt\\\/#\\\/schema\\\/logo\\\/image\\\/\"},\"sameAs\":[\"https:\\\/\\\/www.facebook.com\\\/jornaloficinas\",\"https:\\\/\\\/x.com\\\/jornaloficinas\",\"https:\\\/\\\/www.instagram.com\\\/jornal_oficinas\\\/\",\"https:\\\/\\\/www.linkedin.com\\\/company\\\/jornal-das-oficinas\\\/\",\"https:\\\/\\\/www.youtube.com\\\/channel\\\/UCbQZBqtcvV-oSQrr7RzINGg\"]},{\"@type\":\"Person\",\"@id\":\"https:\\\/\\\/jornaldasoficinas.com\\\/pt\\\/#\\\/schema\\\/person\\\/a38eef5de2c41d9e7c9ac10141afddf3\",\"name\":\"Reda\u00e7\u00e3o JO\",\"image\":{\"@type\":\"ImageObject\",\"inLanguage\":\"pt-PT\",\"@id\":\"https:\\\/\\\/secure.gravatar.com\\\/avatar\\\/71f2fa71737ad68a84fea94bc708ddac8ea5b0c4788dc2ad202f3ccb2887742f?s=96&d=wp_user_avatar&r=g\",\"url\":\"https:\\\/\\\/secure.gravatar.com\\\/avatar\\\/71f2fa71737ad68a84fea94bc708ddac8ea5b0c4788dc2ad202f3ccb2887742f?s=96&d=wp_user_avatar&r=g\",\"contentUrl\":\"https:\\\/\\\/secure.gravatar.com\\\/avatar\\\/71f2fa71737ad68a84fea94bc708ddac8ea5b0c4788dc2ad202f3ccb2887742f?s=96&d=wp_user_avatar&r=g\",\"caption\":\"Reda\u00e7\u00e3o JO\"},\"url\":\"https:\\\/\\\/jornaldasoficinas.com\\\/pt\\\/author\\\/joredacao\\\/\"}]}<\/script>\n<!-- \/ Yoast SEO plugin. -->","yoast_head_json":{"title":"VARTA aconselha verifica\u00e7\u00e3o da bateria antes das f\u00e9rias - Jornal das Oficinas","robots":{"index":"index","follow":"follow","max-snippet":"max-snippet:-1","max-image-preview":"max-image-preview:large","max-video-preview":"max-video-preview:-1"},"canonical":"https:\/\/jornaldasoficinas.com\/pt\/varta-aconselha-verificacao-da-bateria-antes-das-ferias\/","og_locale":"pt_PT","og_type":"article","og_title":"VARTA aconselha verifica\u00e7\u00e3o da bateria antes das f\u00e9rias - Jornal das Oficinas","og_description":"O Natal est\u00e1 \u00e0 porta e...","og_url":"https:\/\/jornaldasoficinas.com\/pt\/varta-aconselha-verificacao-da-bateria-antes-das-ferias\/","og_site_name":"Jornal das Oficinas","article_publisher":"https:\/\/www.facebook.com\/jornaloficinas","article_published_time":"2021-11-17T20:00:24+00:00","og_image":[{"width":1024,"height":581,"url":"https:\/\/jornaldasoficinas.com\/pt\/wp-content\/uploads\/2021\/09\/VARTA-aconselha-verificacao.png","type":"image\/png"}],"author":"Reda\u00e7\u00e3o JO","twitter_card":"summary_large_image","twitter_creator":"@jornaloficinas","twitter_site":"@jornaloficinas","twitter_misc":{"Escrito por":"Reda\u00e7\u00e3o JO","Tempo estimado de leitura":"2 minutos"},"schema":{"@context":"https:\/\/schema.org","@graph":[{"@type":"Article","@id":"https:\/\/jornaldasoficinas.com\/pt\/varta-aconselha-verificacao-da-bateria-antes-das-ferias\/#article","isPartOf":{"@id":"https:\/\/jornaldasoficinas.com\/pt\/varta-aconselha-verificacao-da-bateria-antes-das-ferias\/"},"author":{"name":"Reda\u00e7\u00e3o JO","@id":"https:\/\/jornaldasoficinas.com\/pt\/#\/schema\/person\/a38eef5de2c41d9e7c9ac10141afddf3"},"headline":"VARTA aconselha verifica\u00e7\u00e3o da bateria antes das f\u00e9rias","datePublished":"2021-11-17T20:00:24+00:00","mainEntityOfPage":{"@id":"https:\/\/jornaldasoficinas.com\/pt\/varta-aconselha-verificacao-da-bateria-antes-das-ferias\/"},"wordCount":348,"publisher":{"@id":"https:\/\/jornaldasoficinas.com\/pt\/#organization"},"image":{"@id":"https:\/\/jornaldasoficinas.com\/pt\/varta-aconselha-verificacao-da-bateria-antes-das-ferias\/#primaryimage"},"thumbnailUrl":"https:\/\/jornaldasoficinas.com\/pt\/wp-content\/uploads\/2021\/09\/VARTA-aconselha-verificacao.png","keywords":["VARTA"],"articleSection":["Empresas"],"inLanguage":"pt-PT"},{"@type":"WebPage","@id":"https:\/\/jornaldasoficinas.com\/pt\/varta-aconselha-verificacao-da-bateria-antes-das-ferias\/","url":"https:\/\/jornaldasoficinas.com\/pt\/varta-aconselha-verificacao-da-bateria-antes-das-ferias\/","name":"VARTA aconselha verifica\u00e7\u00e3o da bateria antes das f\u00e9rias - Jornal das Oficinas","isPartOf":{"@id":"https:\/\/jornaldasoficinas.com\/pt\/#website"},"primaryImageOfPage":{"@id":"https:\/\/jornaldasoficinas.com\/pt\/varta-aconselha-verificacao-da-bateria-antes-das-ferias\/#primaryimage"},"image":{"@id":"https:\/\/jornaldasoficinas.com\/pt\/varta-aconselha-verificacao-da-bateria-antes-das-ferias\/#primaryimage"},"thumbnailUrl":"https:\/\/jornaldasoficinas.com\/pt\/wp-content\/uploads\/2021\/09\/VARTA-aconselha-verificacao.png","datePublished":"2021-11-17T20:00:24+00:00","breadcrumb":{"@id":"https:\/\/jornaldasoficinas.com\/pt\/varta-aconselha-verificacao-da-bateria-antes-das-ferias\/#breadcrumb"},"inLanguage":"pt-PT","potentialAction":[{"@type":"ReadAction","target":["https:\/\/jornaldasoficinas.com\/pt\/varta-aconselha-verificacao-da-bateria-antes-das-ferias\/"]}]},{"@type":"ImageObject","inLanguage":"pt-PT","@id":"https:\/\/jornaldasoficinas.com\/pt\/varta-aconselha-verificacao-da-bateria-antes-das-ferias\/#primaryimage","url":"https:\/\/jornaldasoficinas.com\/pt\/wp-content\/uploads\/2021\/09\/VARTA-aconselha-verificacao.png","contentUrl":"https:\/\/jornaldasoficinas.com\/pt\/wp-content\/uploads\/2021\/09\/VARTA-aconselha-verificacao.png","width":1024,"height":581,"caption":"09 - VARTA-aconselha-verificacao"},{"@type":"BreadcrumbList","@id":"https:\/\/jornaldasoficinas.com\/pt\/varta-aconselha-verificacao-da-bateria-antes-das-ferias\/#breadcrumb","itemListElement":[{"@type":"ListItem","position":1,"name":"In\u00edcio","item":"https:\/\/jornaldasoficinas.com\/pt\/"},{"@type":"ListItem","position":2,"name":"VARTA aconselha verifica\u00e7\u00e3o da bateria antes das f\u00e9rias"}]},{"@type":"WebSite","@id":"https:\/\/jornaldasoficinas.com\/pt\/#website","url":"https:\/\/jornaldasoficinas.com\/pt\/","name":"Jornal das Oficinas","description":"Jornal independente do Aftermarket Autom\u00f3vel em Portugal","publisher":{"@id":"https:\/\/jornaldasoficinas.com\/pt\/#organization"},"potentialAction":[{"@type":"SearchAction","target":{"@type":"EntryPoint","urlTemplate":"https:\/\/jornaldasoficinas.com\/pt\/?s={search_term_string}"},"query-input":{"@type":"PropertyValueSpecification","valueRequired":true,"valueName":"search_term_string"}}],"inLanguage":"pt-PT"},{"@type":"Organization","@id":"https:\/\/jornaldasoficinas.com\/pt\/#organization","name":"Jornal das Oficinas","url":"https:\/\/jornaldasoficinas.com\/pt\/","logo":{"@type":"ImageObject","inLanguage":"pt-PT","@id":"https:\/\/jornaldasoficinas.com\/pt\/#\/schema\/logo\/image\/","url":"https:\/\/jornaldasoficinas.com\/pt\/wp-content\/uploads\/logoJO-SEO.png","contentUrl":"https:\/\/jornaldasoficinas.com\/pt\/wp-content\/uploads\/logoJO-SEO.png","width":285,"height":450,"caption":"Jornal das Oficinas"},"image":{"@id":"https:\/\/jornaldasoficinas.com\/pt\/#\/schema\/logo\/image\/"},"sameAs":["https:\/\/www.facebook.com\/jornaloficinas","https:\/\/x.com\/jornaloficinas","https:\/\/www.instagram.com\/jornal_oficinas\/","https:\/\/www.linkedin.com\/company\/jornal-das-oficinas\/","https:\/\/www.youtube.com\/channel\/UCbQZBqtcvV-oSQrr7RzINGg"]},{"@type":"Person","@id":"https:\/\/jornaldasoficinas.com\/pt\/#\/schema\/person\/a38eef5de2c41d9e7c9ac10141afddf3","name":"Reda\u00e7\u00e3o JO","image":{"@type":"ImageObject","inLanguage":"pt-PT","@id":"https:\/\/secure.gravatar.com\/avatar\/71f2fa71737ad68a84fea94bc708ddac8ea5b0c4788dc2ad202f3ccb2887742f?s=96&d=wp_user_avatar&r=g","url":"https:\/\/secure.gravatar.com\/avatar\/71f2fa71737ad68a84fea94bc708ddac8ea5b0c4788dc2ad202f3ccb2887742f?s=96&d=wp_user_avatar&r=g","contentUrl":"https:\/\/secure.gravatar.com\/avatar\/71f2fa71737ad68a84fea94bc708ddac8ea5b0c4788dc2ad202f3ccb2887742f?s=96&d=wp_user_avatar&r=g","caption":"Reda\u00e7\u00e3o JO"},"url":"https:\/\/jornaldasoficinas.com\/pt\/author\/joredacao\/"}]}},"_links":{"self":[{"href":"https:\/\/jornaldasoficinas.com\/pt\/wp-json\/wp\/v2\/posts\/25461","targetHints":{"allow":["GET"]}}],"collection":[{"href":"https:\/\/jornaldasoficinas.com\/pt\/wp-json\/wp\/v2\/posts"}],"about":[{"href":"https:\/\/jornaldasoficinas.com\/pt\/wp-json\/wp\/v2\/types\/post"}],"author":[{"embeddable":true,"href":"https:\/\/jornaldasoficinas.com\/pt\/wp-json\/wp\/v2\/users\/15"}],"replies":[{"embeddable":true,"href":"https:\/\/jornaldasoficinas.com\/pt\/wp-json\/wp\/v2\/comments?post=25461"}],"version-history":[{"count":0,"href":"https:\/\/jornaldasoficinas.com\/pt\/wp-json\/wp\/v2\/posts\/25461\/revisions"}],"wp:featuredmedia":[{"embeddable":true,"href":"https:\/\/jornaldasoficinas.com\/pt\/wp-json\/wp\/v2\/media\/25453"}],"wp:attachment":[{"href":"https:\/\/jornaldasoficinas.com\/pt\/wp-json\/wp\/v2\/media?parent=25461"}],"wp:term":[{"taxonomy":"category","embeddable":true,"href":"https:\/\/jornaldasoficinas.com\/pt\/wp-json\/wp\/v2\/categories?post=25461"},{"taxonomy":"post_tag","embeddable":true,"href":"https:\/\/jornaldasoficinas.com\/pt\/wp-json\/wp\/v2\/tags?post=25461"}],"curies":[{"name":"wp","href":"https:\/\/api.w.org\/{rel}","templated":true}]}}