{"id":25593,"date":"2021-11-20T19:00:18","date_gmt":"2021-11-20T19:00:18","guid":{"rendered":"https:\/\/jornaldasoficinas.com\/pt\/?p=25593"},"modified":"2023-07-19T15:48:40","modified_gmt":"2023-07-19T14:48:40","slug":"meyle-exhibition-hamburg-2021","status":"publish","type":"post","link":"https:\/\/jornaldasoficinas.com\/pt\/meyle-exhibition-hamburg-2021\/","title":{"rendered":"MEYLE Exhibition Hamburg 2021\u00a0"},"content":{"rendered":"<p><img loading=\"lazy\" decoding=\"async\" class=\"alignnone size-full wp-image-25508\" src=\"https:\/\/jornaldasoficinas.com\/pt\/wp-content\/uploads\/2021\/09\/MEYLE-Exhibition.jpeg\" alt=\"09 - MEYLE-Exhibition\" width=\"1024\" height=\"581\" srcset=\"https:\/\/jornaldasoficinas.com\/pt\/wp-content\/uploads\/2021\/09\/MEYLE-Exhibition.jpeg 1024w, https:\/\/jornaldasoficinas.com\/pt\/wp-content\/uploads\/2021\/09\/MEYLE-Exhibition-300x170.jpeg 300w, https:\/\/jornaldasoficinas.com\/pt\/wp-content\/uploads\/2021\/09\/MEYLE-Exhibition-150x85.jpeg 150w, https:\/\/jornaldasoficinas.com\/pt\/wp-content\/uploads\/2021\/09\/MEYLE-Exhibition-768x436.jpeg 768w\" sizes=\"auto, (max-width: 1024px) 100vw, 1024px\" \/><\/p>\n<p><strong>Na feira digital\u00a0MEYLE Exhibition Hamburg 2021\u00a0os especialistas em produtos e segmentos da MEYLE puderam dar as boas-vindas a cerca de 500\u00a0participantes de mais de 26\u00a0pa\u00edses<\/strong><\/p>\n<p>Em encontros individuais marcados com clientes e parceiros da MEYLE, foram discutidos temas interessantes do mundo da MEYLE. Durante quatro semanas, a feira proporcionou uma panor\u00e2mica abrangente dos temas relacionados com os produtos e com o futuro da MEYLE.<\/p>\n<p>Com a MEYLE Exhibition Hamburg 2021, a MEYLE deu continuidade \u00e0 sua orienta\u00e7\u00e3o digital e, tal como em 2020, estabeleceu um ponto de contacto digital apelativo para o aftermarket independente. \u201cEstamos fascinados com o n\u00famero de clientes e parceiros que, mais uma vez, aceitaram o nosso convite, dando-nos a oportunidade de falar exaustivamente sobre os assuntos relativos \u00e0 MEYLE\u201d, concluiu satisfeito Christian Ludwig, Vice President Sales da MEYLE AG. Com a ajuda de uma ferramenta digital de planeamento e gest\u00e3o, criada especialmente para a MEYLE Exhibition, foi poss\u00edvel efetuar encontros individuais subordinados a temas muito espec\u00edficos para cada grupo de participantes. \u201cDepois de mais de um ano de trabalho m\u00f3vel, o acesso digital e r\u00e1pido \u00e0s informa\u00e7\u00f5es no aftermarket independente continua a desempenhar um papel essencial e viabiliza uma troca de informa\u00e7\u00f5es eficiente e direcionada dentro do setor. O aperfei\u00e7oamento do nosso formato digital da feira foi a consequ\u00eancia l\u00f3gica. N\u00e3o obstante, esperamos ansiosamente poder retomar os encontros f\u00edsicos o mais rapidamente poss\u00edvel\u201d, explicou Ludwig.<\/p>\n<p>A MEYLE convenceu com um leque diversificado de temas. Para al\u00e9m de solu\u00e7\u00f5es digitais, como o DRIVER Portal ou a oferta abrangente de a\u00e7\u00f5es de forma\u00e7\u00e3o em formato digital, os especialistas em segmentos deram a conhecer in\u00fameros temas do mundo dos produtos da MEYLE.<\/p>\n<p>Com anima\u00e7\u00f5es criadas para este fim, foi poss\u00edvel ilustrar os produtos da MEYLE e transmitir conhecimentos t\u00e9cnicos relevantes. Al\u00e9m disso, pudemos apresentar novidades empolgantes na \u00e1rea da eletr\u00f3nica, como, por exemplo, a vela de incandesc\u00eancia MEYLE\u2011ORIGINAL com sensor de press\u00e3o e o cabo \u00e0 prova de infiltra\u00e7\u00e3o de \u00f3leo MEYLE\u2011ORIGINAL.<\/p>\n<p>Na \u00e1rea de chassis e dire\u00e7\u00e3o, o fabricante de Hamburgo anunciou uma amplia\u00e7\u00e3o do portf\u00f3lio do kit MEYLE com os novos e pr\u00e1ticos kits de repara\u00e7\u00e3o das mangas de eixo e das juntas esf\u00e9ricas MEYLE\u2011ORIGINAL. Da mesma forma, houve tamb\u00e9m novidades relevantes noutras categorias de produtos. Al\u00e9m disso, a MEYLE convenceu pela sua variedade de amplia\u00e7\u00f5es de gama nas \u00e1reas de motor, grupo propulsor e trav\u00f5es, oferecendo aos seus clientes do aftermarket um portf\u00f3lio ainda mais amplo e abrangente.<\/p>\n<p>Na feira digital tamb\u00e9m foram abordados temas da empresa e do seu futuro. \u201cNo aftermarket n\u00e3o interessa apenas termos pe\u00e7as e solu\u00e7\u00f5es melhores, mas tamb\u00e9m o padr\u00e3o de dados, servi\u00e7os mais fi\u00e1veis e ainda estarmos em sintonia com o cliente e trabalharmos em conjunto com o mesmo intuito\u201d, explica Ludwig. \u201cPor isso, os temas relativos \u00e0s solu\u00e7\u00f5es digitais, a\u00e7\u00f5es de forma\u00e7\u00e3o, Corporate Responsibility, gest\u00e3o da qualidade ou atividades de marketing com os clientes s\u00e3o elementos igualmente importantes para o sucesso comum.\u201d O feedback positivo dos clientes confirmou as conversas vivas sobre temas muito atuais e relevantes e refor\u00e7ou ainda mais o rumo digital da MEYLE. Portanto, tamb\u00e9m est\u00e3o previstas medidas e formatos digitais para o ano de 2022.<\/p>\n","protected":false},"excerpt":{"rendered":"<p>Na feira digital\u00a0MEYLE Exhibition Hamburg 2021\u00a0os&#8230;<\/p>\n","protected":false},"author":15,"featured_media":25508,"comment_status":"closed","ping_status":"closed","sticky":false,"template":"","format":"standard","meta":{"footnotes":""},"categories":[29],"tags":[69],"class_list":["post-25593","post","type-post","status-publish","format-standard","has-post-thumbnail","hentry","category-empresas","tag-meyle"],"yoast_head":"<!-- This site is optimized with the Yoast SEO plugin v27.4 - https:\/\/yoast.com\/product\/yoast-seo-wordpress\/ -->\n<title>MEYLE Exhibition Hamburg 2021\u00a0 - Jornal das Oficinas<\/title>\n<meta name=\"robots\" content=\"index, follow, max-snippet:-1, max-image-preview:large, max-video-preview:-1\" \/>\n<link rel=\"canonical\" href=\"https:\/\/jornaldasoficinas.com\/pt\/meyle-exhibition-hamburg-2021\/\" \/>\n<meta property=\"og:locale\" content=\"pt_PT\" \/>\n<meta property=\"og:type\" content=\"article\" \/>\n<meta property=\"og:title\" content=\"MEYLE Exhibition Hamburg 2021\u00a0 - Jornal das Oficinas\" \/>\n<meta property=\"og:description\" content=\"Na feira digital\u00a0MEYLE Exhibition Hamburg 2021\u00a0os...\" \/>\n<meta property=\"og:url\" content=\"https:\/\/jornaldasoficinas.com\/pt\/meyle-exhibition-hamburg-2021\/\" \/>\n<meta property=\"og:site_name\" content=\"Jornal das Oficinas\" \/>\n<meta property=\"article:publisher\" content=\"https:\/\/www.facebook.com\/jornaloficinas\" \/>\n<meta property=\"article:published_time\" content=\"2021-11-20T19:00:18+00:00\" \/>\n<meta property=\"article:modified_time\" content=\"2023-07-19T14:48:40+00:00\" \/>\n<meta property=\"og:image\" content=\"https:\/\/jornaldasoficinas.com\/pt\/wp-content\/uploads\/2021\/09\/MEYLE-Exhibition.jpeg\" \/>\n\t<meta property=\"og:image:width\" content=\"1024\" \/>\n\t<meta property=\"og:image:height\" content=\"581\" \/>\n\t<meta property=\"og:image:type\" content=\"image\/jpeg\" \/>\n<meta name=\"author\" content=\"Reda\u00e7\u00e3o JO\" \/>\n<meta name=\"twitter:card\" content=\"summary_large_image\" \/>\n<meta name=\"twitter:creator\" content=\"@jornaloficinas\" \/>\n<meta name=\"twitter:site\" content=\"@jornaloficinas\" \/>\n<meta name=\"twitter:label1\" content=\"Escrito por\" \/>\n\t<meta name=\"twitter:data1\" content=\"Reda\u00e7\u00e3o JO\" \/>\n\t<meta name=\"twitter:label2\" content=\"Tempo estimado de leitura\" \/>\n\t<meta name=\"twitter:data2\" content=\"3 minutos\" \/>\n<script type=\"application\/ld+json\" class=\"yoast-schema-graph\">{\"@context\":\"https:\\\/\\\/schema.org\",\"@graph\":[{\"@type\":\"Article\",\"@id\":\"https:\\\/\\\/jornaldasoficinas.com\\\/pt\\\/meyle-exhibition-hamburg-2021\\\/#article\",\"isPartOf\":{\"@id\":\"https:\\\/\\\/jornaldasoficinas.com\\\/pt\\\/meyle-exhibition-hamburg-2021\\\/\"},\"author\":{\"name\":\"Reda\u00e7\u00e3o JO\",\"@id\":\"https:\\\/\\\/jornaldasoficinas.com\\\/pt\\\/#\\\/schema\\\/person\\\/a38eef5de2c41d9e7c9ac10141afddf3\"},\"headline\":\"MEYLE Exhibition Hamburg 2021\u00a0\",\"datePublished\":\"2021-11-20T19:00:18+00:00\",\"dateModified\":\"2023-07-19T14:48:40+00:00\",\"mainEntityOfPage\":{\"@id\":\"https:\\\/\\\/jornaldasoficinas.com\\\/pt\\\/meyle-exhibition-hamburg-2021\\\/\"},\"wordCount\":578,\"publisher\":{\"@id\":\"https:\\\/\\\/jornaldasoficinas.com\\\/pt\\\/#organization\"},\"image\":{\"@id\":\"https:\\\/\\\/jornaldasoficinas.com\\\/pt\\\/meyle-exhibition-hamburg-2021\\\/#primaryimage\"},\"thumbnailUrl\":\"https:\\\/\\\/jornaldasoficinas.com\\\/pt\\\/wp-content\\\/uploads\\\/2021\\\/09\\\/MEYLE-Exhibition.jpeg\",\"keywords\":[\"MEYLE\"],\"articleSection\":[\"Empresas\"],\"inLanguage\":\"pt-PT\"},{\"@type\":\"WebPage\",\"@id\":\"https:\\\/\\\/jornaldasoficinas.com\\\/pt\\\/meyle-exhibition-hamburg-2021\\\/\",\"url\":\"https:\\\/\\\/jornaldasoficinas.com\\\/pt\\\/meyle-exhibition-hamburg-2021\\\/\",\"name\":\"MEYLE Exhibition Hamburg 2021\u00a0 - Jornal das Oficinas\",\"isPartOf\":{\"@id\":\"https:\\\/\\\/jornaldasoficinas.com\\\/pt\\\/#website\"},\"primaryImageOfPage\":{\"@id\":\"https:\\\/\\\/jornaldasoficinas.com\\\/pt\\\/meyle-exhibition-hamburg-2021\\\/#primaryimage\"},\"image\":{\"@id\":\"https:\\\/\\\/jornaldasoficinas.com\\\/pt\\\/meyle-exhibition-hamburg-2021\\\/#primaryimage\"},\"thumbnailUrl\":\"https:\\\/\\\/jornaldasoficinas.com\\\/pt\\\/wp-content\\\/uploads\\\/2021\\\/09\\\/MEYLE-Exhibition.jpeg\",\"datePublished\":\"2021-11-20T19:00:18+00:00\",\"dateModified\":\"2023-07-19T14:48:40+00:00\",\"breadcrumb\":{\"@id\":\"https:\\\/\\\/jornaldasoficinas.com\\\/pt\\\/meyle-exhibition-hamburg-2021\\\/#breadcrumb\"},\"inLanguage\":\"pt-PT\",\"potentialAction\":[{\"@type\":\"ReadAction\",\"target\":[\"https:\\\/\\\/jornaldasoficinas.com\\\/pt\\\/meyle-exhibition-hamburg-2021\\\/\"]}]},{\"@type\":\"ImageObject\",\"inLanguage\":\"pt-PT\",\"@id\":\"https:\\\/\\\/jornaldasoficinas.com\\\/pt\\\/meyle-exhibition-hamburg-2021\\\/#primaryimage\",\"url\":\"https:\\\/\\\/jornaldasoficinas.com\\\/pt\\\/wp-content\\\/uploads\\\/2021\\\/09\\\/MEYLE-Exhibition.jpeg\",\"contentUrl\":\"https:\\\/\\\/jornaldasoficinas.com\\\/pt\\\/wp-content\\\/uploads\\\/2021\\\/09\\\/MEYLE-Exhibition.jpeg\",\"width\":1024,\"height\":581,\"caption\":\"09 - MEYLE-Exhibition\"},{\"@type\":\"BreadcrumbList\",\"@id\":\"https:\\\/\\\/jornaldasoficinas.com\\\/pt\\\/meyle-exhibition-hamburg-2021\\\/#breadcrumb\",\"itemListElement\":[{\"@type\":\"ListItem\",\"position\":1,\"name\":\"In\u00edcio\",\"item\":\"https:\\\/\\\/jornaldasoficinas.com\\\/pt\\\/\"},{\"@type\":\"ListItem\",\"position\":2,\"name\":\"MEYLE Exhibition Hamburg 2021\u00a0\"}]},{\"@type\":\"WebSite\",\"@id\":\"https:\\\/\\\/jornaldasoficinas.com\\\/pt\\\/#website\",\"url\":\"https:\\\/\\\/jornaldasoficinas.com\\\/pt\\\/\",\"name\":\"Jornal das Oficinas\",\"description\":\"Jornal independente do Aftermarket Autom\u00f3vel em Portugal\",\"publisher\":{\"@id\":\"https:\\\/\\\/jornaldasoficinas.com\\\/pt\\\/#organization\"},\"potentialAction\":[{\"@type\":\"SearchAction\",\"target\":{\"@type\":\"EntryPoint\",\"urlTemplate\":\"https:\\\/\\\/jornaldasoficinas.com\\\/pt\\\/?s={search_term_string}\"},\"query-input\":{\"@type\":\"PropertyValueSpecification\",\"valueRequired\":true,\"valueName\":\"search_term_string\"}}],\"inLanguage\":\"pt-PT\"},{\"@type\":\"Organization\",\"@id\":\"https:\\\/\\\/jornaldasoficinas.com\\\/pt\\\/#organization\",\"name\":\"Jornal das Oficinas\",\"url\":\"https:\\\/\\\/jornaldasoficinas.com\\\/pt\\\/\",\"logo\":{\"@type\":\"ImageObject\",\"inLanguage\":\"pt-PT\",\"@id\":\"https:\\\/\\\/jornaldasoficinas.com\\\/pt\\\/#\\\/schema\\\/logo\\\/image\\\/\",\"url\":\"https:\\\/\\\/jornaldasoficinas.com\\\/pt\\\/wp-content\\\/uploads\\\/logoJO-SEO.png\",\"contentUrl\":\"https:\\\/\\\/jornaldasoficinas.com\\\/pt\\\/wp-content\\\/uploads\\\/logoJO-SEO.png\",\"width\":285,\"height\":450,\"caption\":\"Jornal das Oficinas\"},\"image\":{\"@id\":\"https:\\\/\\\/jornaldasoficinas.com\\\/pt\\\/#\\\/schema\\\/logo\\\/image\\\/\"},\"sameAs\":[\"https:\\\/\\\/www.facebook.com\\\/jornaloficinas\",\"https:\\\/\\\/x.com\\\/jornaloficinas\",\"https:\\\/\\\/www.instagram.com\\\/jornal_oficinas\\\/\",\"https:\\\/\\\/www.linkedin.com\\\/company\\\/jornal-das-oficinas\\\/\",\"https:\\\/\\\/www.youtube.com\\\/channel\\\/UCbQZBqtcvV-oSQrr7RzINGg\"]},{\"@type\":\"Person\",\"@id\":\"https:\\\/\\\/jornaldasoficinas.com\\\/pt\\\/#\\\/schema\\\/person\\\/a38eef5de2c41d9e7c9ac10141afddf3\",\"name\":\"Reda\u00e7\u00e3o JO\",\"image\":{\"@type\":\"ImageObject\",\"inLanguage\":\"pt-PT\",\"@id\":\"https:\\\/\\\/secure.gravatar.com\\\/avatar\\\/71f2fa71737ad68a84fea94bc708ddac8ea5b0c4788dc2ad202f3ccb2887742f?s=96&d=wp_user_avatar&r=g\",\"url\":\"https:\\\/\\\/secure.gravatar.com\\\/avatar\\\/71f2fa71737ad68a84fea94bc708ddac8ea5b0c4788dc2ad202f3ccb2887742f?s=96&d=wp_user_avatar&r=g\",\"contentUrl\":\"https:\\\/\\\/secure.gravatar.com\\\/avatar\\\/71f2fa71737ad68a84fea94bc708ddac8ea5b0c4788dc2ad202f3ccb2887742f?s=96&d=wp_user_avatar&r=g\",\"caption\":\"Reda\u00e7\u00e3o JO\"},\"url\":\"https:\\\/\\\/jornaldasoficinas.com\\\/pt\\\/author\\\/joredacao\\\/\"}]}<\/script>\n<!-- \/ Yoast SEO plugin. -->","yoast_head_json":{"title":"MEYLE Exhibition Hamburg 2021\u00a0 - Jornal das Oficinas","robots":{"index":"index","follow":"follow","max-snippet":"max-snippet:-1","max-image-preview":"max-image-preview:large","max-video-preview":"max-video-preview:-1"},"canonical":"https:\/\/jornaldasoficinas.com\/pt\/meyle-exhibition-hamburg-2021\/","og_locale":"pt_PT","og_type":"article","og_title":"MEYLE Exhibition Hamburg 2021\u00a0 - Jornal das Oficinas","og_description":"Na feira digital\u00a0MEYLE Exhibition Hamburg 2021\u00a0os...","og_url":"https:\/\/jornaldasoficinas.com\/pt\/meyle-exhibition-hamburg-2021\/","og_site_name":"Jornal das Oficinas","article_publisher":"https:\/\/www.facebook.com\/jornaloficinas","article_published_time":"2021-11-20T19:00:18+00:00","article_modified_time":"2023-07-19T14:48:40+00:00","og_image":[{"width":1024,"height":581,"url":"https:\/\/jornaldasoficinas.com\/pt\/wp-content\/uploads\/2021\/09\/MEYLE-Exhibition.jpeg","type":"image\/jpeg"}],"author":"Reda\u00e7\u00e3o JO","twitter_card":"summary_large_image","twitter_creator":"@jornaloficinas","twitter_site":"@jornaloficinas","twitter_misc":{"Escrito por":"Reda\u00e7\u00e3o JO","Tempo estimado de leitura":"3 minutos"},"schema":{"@context":"https:\/\/schema.org","@graph":[{"@type":"Article","@id":"https:\/\/jornaldasoficinas.com\/pt\/meyle-exhibition-hamburg-2021\/#article","isPartOf":{"@id":"https:\/\/jornaldasoficinas.com\/pt\/meyle-exhibition-hamburg-2021\/"},"author":{"name":"Reda\u00e7\u00e3o JO","@id":"https:\/\/jornaldasoficinas.com\/pt\/#\/schema\/person\/a38eef5de2c41d9e7c9ac10141afddf3"},"headline":"MEYLE Exhibition Hamburg 2021\u00a0","datePublished":"2021-11-20T19:00:18+00:00","dateModified":"2023-07-19T14:48:40+00:00","mainEntityOfPage":{"@id":"https:\/\/jornaldasoficinas.com\/pt\/meyle-exhibition-hamburg-2021\/"},"wordCount":578,"publisher":{"@id":"https:\/\/jornaldasoficinas.com\/pt\/#organization"},"image":{"@id":"https:\/\/jornaldasoficinas.com\/pt\/meyle-exhibition-hamburg-2021\/#primaryimage"},"thumbnailUrl":"https:\/\/jornaldasoficinas.com\/pt\/wp-content\/uploads\/2021\/09\/MEYLE-Exhibition.jpeg","keywords":["MEYLE"],"articleSection":["Empresas"],"inLanguage":"pt-PT"},{"@type":"WebPage","@id":"https:\/\/jornaldasoficinas.com\/pt\/meyle-exhibition-hamburg-2021\/","url":"https:\/\/jornaldasoficinas.com\/pt\/meyle-exhibition-hamburg-2021\/","name":"MEYLE Exhibition Hamburg 2021\u00a0 - Jornal das Oficinas","isPartOf":{"@id":"https:\/\/jornaldasoficinas.com\/pt\/#website"},"primaryImageOfPage":{"@id":"https:\/\/jornaldasoficinas.com\/pt\/meyle-exhibition-hamburg-2021\/#primaryimage"},"image":{"@id":"https:\/\/jornaldasoficinas.com\/pt\/meyle-exhibition-hamburg-2021\/#primaryimage"},"thumbnailUrl":"https:\/\/jornaldasoficinas.com\/pt\/wp-content\/uploads\/2021\/09\/MEYLE-Exhibition.jpeg","datePublished":"2021-11-20T19:00:18+00:00","dateModified":"2023-07-19T14:48:40+00:00","breadcrumb":{"@id":"https:\/\/jornaldasoficinas.com\/pt\/meyle-exhibition-hamburg-2021\/#breadcrumb"},"inLanguage":"pt-PT","potentialAction":[{"@type":"ReadAction","target":["https:\/\/jornaldasoficinas.com\/pt\/meyle-exhibition-hamburg-2021\/"]}]},{"@type":"ImageObject","inLanguage":"pt-PT","@id":"https:\/\/jornaldasoficinas.com\/pt\/meyle-exhibition-hamburg-2021\/#primaryimage","url":"https:\/\/jornaldasoficinas.com\/pt\/wp-content\/uploads\/2021\/09\/MEYLE-Exhibition.jpeg","contentUrl":"https:\/\/jornaldasoficinas.com\/pt\/wp-content\/uploads\/2021\/09\/MEYLE-Exhibition.jpeg","width":1024,"height":581,"caption":"09 - MEYLE-Exhibition"},{"@type":"BreadcrumbList","@id":"https:\/\/jornaldasoficinas.com\/pt\/meyle-exhibition-hamburg-2021\/#breadcrumb","itemListElement":[{"@type":"ListItem","position":1,"name":"In\u00edcio","item":"https:\/\/jornaldasoficinas.com\/pt\/"},{"@type":"ListItem","position":2,"name":"MEYLE Exhibition Hamburg 2021\u00a0"}]},{"@type":"WebSite","@id":"https:\/\/jornaldasoficinas.com\/pt\/#website","url":"https:\/\/jornaldasoficinas.com\/pt\/","name":"Jornal das Oficinas","description":"Jornal independente do Aftermarket Autom\u00f3vel em Portugal","publisher":{"@id":"https:\/\/jornaldasoficinas.com\/pt\/#organization"},"potentialAction":[{"@type":"SearchAction","target":{"@type":"EntryPoint","urlTemplate":"https:\/\/jornaldasoficinas.com\/pt\/?s={search_term_string}"},"query-input":{"@type":"PropertyValueSpecification","valueRequired":true,"valueName":"search_term_string"}}],"inLanguage":"pt-PT"},{"@type":"Organization","@id":"https:\/\/jornaldasoficinas.com\/pt\/#organization","name":"Jornal das Oficinas","url":"https:\/\/jornaldasoficinas.com\/pt\/","logo":{"@type":"ImageObject","inLanguage":"pt-PT","@id":"https:\/\/jornaldasoficinas.com\/pt\/#\/schema\/logo\/image\/","url":"https:\/\/jornaldasoficinas.com\/pt\/wp-content\/uploads\/logoJO-SEO.png","contentUrl":"https:\/\/jornaldasoficinas.com\/pt\/wp-content\/uploads\/logoJO-SEO.png","width":285,"height":450,"caption":"Jornal das Oficinas"},"image":{"@id":"https:\/\/jornaldasoficinas.com\/pt\/#\/schema\/logo\/image\/"},"sameAs":["https:\/\/www.facebook.com\/jornaloficinas","https:\/\/x.com\/jornaloficinas","https:\/\/www.instagram.com\/jornal_oficinas\/","https:\/\/www.linkedin.com\/company\/jornal-das-oficinas\/","https:\/\/www.youtube.com\/channel\/UCbQZBqtcvV-oSQrr7RzINGg"]},{"@type":"Person","@id":"https:\/\/jornaldasoficinas.com\/pt\/#\/schema\/person\/a38eef5de2c41d9e7c9ac10141afddf3","name":"Reda\u00e7\u00e3o JO","image":{"@type":"ImageObject","inLanguage":"pt-PT","@id":"https:\/\/secure.gravatar.com\/avatar\/71f2fa71737ad68a84fea94bc708ddac8ea5b0c4788dc2ad202f3ccb2887742f?s=96&d=wp_user_avatar&r=g","url":"https:\/\/secure.gravatar.com\/avatar\/71f2fa71737ad68a84fea94bc708ddac8ea5b0c4788dc2ad202f3ccb2887742f?s=96&d=wp_user_avatar&r=g","contentUrl":"https:\/\/secure.gravatar.com\/avatar\/71f2fa71737ad68a84fea94bc708ddac8ea5b0c4788dc2ad202f3ccb2887742f?s=96&d=wp_user_avatar&r=g","caption":"Reda\u00e7\u00e3o JO"},"url":"https:\/\/jornaldasoficinas.com\/pt\/author\/joredacao\/"}]}},"_links":{"self":[{"href":"https:\/\/jornaldasoficinas.com\/pt\/wp-json\/wp\/v2\/posts\/25593","targetHints":{"allow":["GET"]}}],"collection":[{"href":"https:\/\/jornaldasoficinas.com\/pt\/wp-json\/wp\/v2\/posts"}],"about":[{"href":"https:\/\/jornaldasoficinas.com\/pt\/wp-json\/wp\/v2\/types\/post"}],"author":[{"embeddable":true,"href":"https:\/\/jornaldasoficinas.com\/pt\/wp-json\/wp\/v2\/users\/15"}],"replies":[{"embeddable":true,"href":"https:\/\/jornaldasoficinas.com\/pt\/wp-json\/wp\/v2\/comments?post=25593"}],"version-history":[{"count":0,"href":"https:\/\/jornaldasoficinas.com\/pt\/wp-json\/wp\/v2\/posts\/25593\/revisions"}],"wp:featuredmedia":[{"embeddable":true,"href":"https:\/\/jornaldasoficinas.com\/pt\/wp-json\/wp\/v2\/media\/25508"}],"wp:attachment":[{"href":"https:\/\/jornaldasoficinas.com\/pt\/wp-json\/wp\/v2\/media?parent=25593"}],"wp:term":[{"taxonomy":"category","embeddable":true,"href":"https:\/\/jornaldasoficinas.com\/pt\/wp-json\/wp\/v2\/categories?post=25593"},{"taxonomy":"post_tag","embeddable":true,"href":"https:\/\/jornaldasoficinas.com\/pt\/wp-json\/wp\/v2\/tags?post=25593"}],"curies":[{"name":"wp","href":"https:\/\/api.w.org\/{rel}","templated":true}]}}