{"id":25599,"date":"2021-11-21T12:00:44","date_gmt":"2021-11-21T12:00:44","guid":{"rendered":"https:\/\/jornaldasoficinas.com\/pt\/?p=25599"},"modified":"2021-11-20T18:23:26","modified_gmt":"2021-11-20T18:23:26","slug":"mobi-e-lanca-concurso-publico-para-nove-hubs-carregamento","status":"publish","type":"post","link":"https:\/\/jornaldasoficinas.com\/pt\/mobi-e-lanca-concurso-publico-para-nove-hubs-carregamento\/","title":{"rendered":"MOBI.E lan\u00e7a concurso p\u00fablico para nove hubs carregamento"},"content":{"rendered":"<p><strong> <img loading=\"lazy\" decoding=\"async\" class=\"alignnone size-full wp-image-25509\" src=\"https:\/\/jornaldasoficinas.com\/pt\/wp-content\/uploads\/2021\/09\/MOBI.E-lanca-concurso.jpg\" alt=\"09 - MOBI.E-lanc\u0327a-concurso\" width=\"1024\" height=\"581\" srcset=\"https:\/\/jornaldasoficinas.com\/pt\/wp-content\/uploads\/2021\/09\/MOBI.E-lanca-concurso.jpg 1024w, https:\/\/jornaldasoficinas.com\/pt\/wp-content\/uploads\/2021\/09\/MOBI.E-lanca-concurso-300x170.jpg 300w, https:\/\/jornaldasoficinas.com\/pt\/wp-content\/uploads\/2021\/09\/MOBI.E-lanca-concurso-150x85.jpg 150w, https:\/\/jornaldasoficinas.com\/pt\/wp-content\/uploads\/2021\/09\/MOBI.E-lanca-concurso-768x436.jpg 768w\" sizes=\"auto, (max-width: 1024px) 100vw, 1024px\" \/><\/strong><\/p>\n<p><strong>A <a href=\"https:\/\/www.mobie.pt\/\" target=\"_blank\" rel=\"noopener\">MOBI.E<\/a>, S.A. acaba de lan\u00e7ar um concurso p\u00fablico internacional para a atribui\u00e7\u00e3o do direito de explora\u00e7\u00e3o de nove hubs de carregamento de ve\u00edculos el\u00e9tricos, que visa refor\u00e7ar a infraestrutura nacional de acesso p\u00fablico em 81 postos de carregamento com diferentes pot\u00eancias<\/strong><\/p>\n<p>O projeto resulta de um investimento de 1,9 milh\u00f5es de euros, integrado no Programa de Estabiliza\u00e7\u00e3o Econ\u00f3mica e Social (PEES), lan\u00e7ado pelo Governo. Os hubs integram um posto de carregamento ultrarr\u00e1pido (150 kW), tr\u00eas postos de carregamento r\u00e1pido (50 kW), cinco postos de carregamento normal (22 kW) e um posto de transforma\u00e7\u00e3o, localizados nas cidades de Almada, Braga, Coimbra, Leiria, Loul\u00e9, Loures, Matosinhos, Vila Nova de Gaia e Viseu.<\/p>\n<p>Este procedimento, cuja explora\u00e7\u00e3o dos hubs ser\u00e1 de dez anos, coube aos munic\u00edpios disponibilizar e licenciar o espa\u00e7o de instala\u00e7\u00e3o e \u00e0 MOBI.E instalar os equipamentos e as respetivas liga\u00e7\u00f5es \u00e0 rede el\u00e9trica.<\/p>\n<p>O prazo para apresenta\u00e7\u00e3o das propostas \u00e9 de 30 dias, at\u00e9 10 de dezembro, atrav\u00e9s de submiss\u00e3o na plataforma de contrata\u00e7\u00e3o p\u00fablica acinGov (<a href=\"http:\/\/www.acingov.pt\">www.acingov.pt<\/a>).<\/p>\n<p>O presidente da MOBI.E, Lu\u00eds Barroso, sublinha a import\u00e2ncia deste projeto para o\u00a0\u201crefor\u00e7o da rede de carregamento nas principais cidades do pa\u00eds, quer em n\u00famero de postos quer em pot\u00eancia, sendo um projeto piloto que ir\u00e1 colocar a oferta da rede Mobi.E num novo patamar\u201d.<\/p>\n<p>A rede Mobi.E \u00e9 composta atualmente por mais de 2.000 postos de carregamento maioritariamente situados em espa\u00e7os de acesso p\u00fablico. Trata-se de uma rede, cujo modelo se baseia na interoperabilidade e no car\u00e1ter universal de utiliza\u00e7\u00e3o.<\/p>\n","protected":false},"excerpt":{"rendered":"<p>A MOBI.E, S.A. acaba de lan\u00e7ar&#8230;<\/p>\n","protected":false},"author":15,"featured_media":25509,"comment_status":"closed","ping_status":"closed","sticky":false,"template":"","format":"standard","meta":{"footnotes":""},"categories":[37],"tags":[2382],"class_list":["post-25599","post","type-post","status-publish","format-standard","has-post-thumbnail","hentry","category-mercado","tag-mobi-e"],"yoast_head":"<!-- This site is optimized with the Yoast SEO plugin v27.4 - https:\/\/yoast.com\/product\/yoast-seo-wordpress\/ -->\n<title>MOBI.E lan\u00e7a concurso p\u00fablico para nove hubs carregamento - Jornal das Oficinas<\/title>\n<meta name=\"robots\" content=\"index, follow, max-snippet:-1, max-image-preview:large, max-video-preview:-1\" \/>\n<link rel=\"canonical\" href=\"https:\/\/jornaldasoficinas.com\/pt\/mobi-e-lanca-concurso-publico-para-nove-hubs-carregamento\/\" \/>\n<meta property=\"og:locale\" content=\"pt_PT\" \/>\n<meta property=\"og:type\" content=\"article\" \/>\n<meta property=\"og:title\" content=\"MOBI.E lan\u00e7a concurso p\u00fablico para nove hubs carregamento - Jornal das Oficinas\" \/>\n<meta property=\"og:description\" content=\"A MOBI.E, S.A. acaba de lan\u00e7ar...\" \/>\n<meta property=\"og:url\" content=\"https:\/\/jornaldasoficinas.com\/pt\/mobi-e-lanca-concurso-publico-para-nove-hubs-carregamento\/\" \/>\n<meta property=\"og:site_name\" content=\"Jornal das Oficinas\" \/>\n<meta property=\"article:publisher\" content=\"https:\/\/www.facebook.com\/jornaloficinas\" \/>\n<meta property=\"article:published_time\" content=\"2021-11-21T12:00:44+00:00\" \/>\n<meta property=\"og:image\" content=\"https:\/\/jornaldasoficinas.com\/pt\/wp-content\/uploads\/2021\/09\/MOBI.E-lanca-concurso.jpg\" \/>\n\t<meta property=\"og:image:width\" content=\"1024\" \/>\n\t<meta property=\"og:image:height\" content=\"581\" \/>\n\t<meta property=\"og:image:type\" content=\"image\/jpeg\" \/>\n<meta name=\"author\" content=\"Reda\u00e7\u00e3o JO\" \/>\n<meta name=\"twitter:card\" content=\"summary_large_image\" \/>\n<meta name=\"twitter:creator\" content=\"@jornaloficinas\" \/>\n<meta name=\"twitter:site\" content=\"@jornaloficinas\" \/>\n<meta name=\"twitter:label1\" content=\"Escrito por\" \/>\n\t<meta name=\"twitter:data1\" content=\"Reda\u00e7\u00e3o JO\" \/>\n\t<meta name=\"twitter:label2\" content=\"Tempo estimado de leitura\" \/>\n\t<meta name=\"twitter:data2\" content=\"1 minuto\" \/>\n<script type=\"application\/ld+json\" class=\"yoast-schema-graph\">{\"@context\":\"https:\\\/\\\/schema.org\",\"@graph\":[{\"@type\":\"Article\",\"@id\":\"https:\\\/\\\/jornaldasoficinas.com\\\/pt\\\/mobi-e-lanca-concurso-publico-para-nove-hubs-carregamento\\\/#article\",\"isPartOf\":{\"@id\":\"https:\\\/\\\/jornaldasoficinas.com\\\/pt\\\/mobi-e-lanca-concurso-publico-para-nove-hubs-carregamento\\\/\"},\"author\":{\"name\":\"Reda\u00e7\u00e3o JO\",\"@id\":\"https:\\\/\\\/jornaldasoficinas.com\\\/pt\\\/#\\\/schema\\\/person\\\/a38eef5de2c41d9e7c9ac10141afddf3\"},\"headline\":\"MOBI.E lan\u00e7a concurso p\u00fablico para nove hubs carregamento\",\"datePublished\":\"2021-11-21T12:00:44+00:00\",\"mainEntityOfPage\":{\"@id\":\"https:\\\/\\\/jornaldasoficinas.com\\\/pt\\\/mobi-e-lanca-concurso-publico-para-nove-hubs-carregamento\\\/\"},\"wordCount\":295,\"publisher\":{\"@id\":\"https:\\\/\\\/jornaldasoficinas.com\\\/pt\\\/#organization\"},\"image\":{\"@id\":\"https:\\\/\\\/jornaldasoficinas.com\\\/pt\\\/mobi-e-lanca-concurso-publico-para-nove-hubs-carregamento\\\/#primaryimage\"},\"thumbnailUrl\":\"https:\\\/\\\/jornaldasoficinas.com\\\/pt\\\/wp-content\\\/uploads\\\/2021\\\/09\\\/MOBI.E-lanca-concurso.jpg\",\"keywords\":[\"Mobi.E\"],\"articleSection\":[\"Mercado\"],\"inLanguage\":\"pt-PT\"},{\"@type\":\"WebPage\",\"@id\":\"https:\\\/\\\/jornaldasoficinas.com\\\/pt\\\/mobi-e-lanca-concurso-publico-para-nove-hubs-carregamento\\\/\",\"url\":\"https:\\\/\\\/jornaldasoficinas.com\\\/pt\\\/mobi-e-lanca-concurso-publico-para-nove-hubs-carregamento\\\/\",\"name\":\"MOBI.E lan\u00e7a concurso p\u00fablico para nove hubs carregamento - Jornal das Oficinas\",\"isPartOf\":{\"@id\":\"https:\\\/\\\/jornaldasoficinas.com\\\/pt\\\/#website\"},\"primaryImageOfPage\":{\"@id\":\"https:\\\/\\\/jornaldasoficinas.com\\\/pt\\\/mobi-e-lanca-concurso-publico-para-nove-hubs-carregamento\\\/#primaryimage\"},\"image\":{\"@id\":\"https:\\\/\\\/jornaldasoficinas.com\\\/pt\\\/mobi-e-lanca-concurso-publico-para-nove-hubs-carregamento\\\/#primaryimage\"},\"thumbnailUrl\":\"https:\\\/\\\/jornaldasoficinas.com\\\/pt\\\/wp-content\\\/uploads\\\/2021\\\/09\\\/MOBI.E-lanca-concurso.jpg\",\"datePublished\":\"2021-11-21T12:00:44+00:00\",\"breadcrumb\":{\"@id\":\"https:\\\/\\\/jornaldasoficinas.com\\\/pt\\\/mobi-e-lanca-concurso-publico-para-nove-hubs-carregamento\\\/#breadcrumb\"},\"inLanguage\":\"pt-PT\",\"potentialAction\":[{\"@type\":\"ReadAction\",\"target\":[\"https:\\\/\\\/jornaldasoficinas.com\\\/pt\\\/mobi-e-lanca-concurso-publico-para-nove-hubs-carregamento\\\/\"]}]},{\"@type\":\"ImageObject\",\"inLanguage\":\"pt-PT\",\"@id\":\"https:\\\/\\\/jornaldasoficinas.com\\\/pt\\\/mobi-e-lanca-concurso-publico-para-nove-hubs-carregamento\\\/#primaryimage\",\"url\":\"https:\\\/\\\/jornaldasoficinas.com\\\/pt\\\/wp-content\\\/uploads\\\/2021\\\/09\\\/MOBI.E-lanca-concurso.jpg\",\"contentUrl\":\"https:\\\/\\\/jornaldasoficinas.com\\\/pt\\\/wp-content\\\/uploads\\\/2021\\\/09\\\/MOBI.E-lanca-concurso.jpg\",\"width\":1024,\"height\":581,\"caption\":\"09 - MOBI.E-lanc\u0327a-concurso\"},{\"@type\":\"BreadcrumbList\",\"@id\":\"https:\\\/\\\/jornaldasoficinas.com\\\/pt\\\/mobi-e-lanca-concurso-publico-para-nove-hubs-carregamento\\\/#breadcrumb\",\"itemListElement\":[{\"@type\":\"ListItem\",\"position\":1,\"name\":\"In\u00edcio\",\"item\":\"https:\\\/\\\/jornaldasoficinas.com\\\/pt\\\/\"},{\"@type\":\"ListItem\",\"position\":2,\"name\":\"MOBI.E lan\u00e7a concurso p\u00fablico para nove hubs carregamento\"}]},{\"@type\":\"WebSite\",\"@id\":\"https:\\\/\\\/jornaldasoficinas.com\\\/pt\\\/#website\",\"url\":\"https:\\\/\\\/jornaldasoficinas.com\\\/pt\\\/\",\"name\":\"Jornal das Oficinas\",\"description\":\"Jornal independente do Aftermarket Autom\u00f3vel em Portugal\",\"publisher\":{\"@id\":\"https:\\\/\\\/jornaldasoficinas.com\\\/pt\\\/#organization\"},\"potentialAction\":[{\"@type\":\"SearchAction\",\"target\":{\"@type\":\"EntryPoint\",\"urlTemplate\":\"https:\\\/\\\/jornaldasoficinas.com\\\/pt\\\/?s={search_term_string}\"},\"query-input\":{\"@type\":\"PropertyValueSpecification\",\"valueRequired\":true,\"valueName\":\"search_term_string\"}}],\"inLanguage\":\"pt-PT\"},{\"@type\":\"Organization\",\"@id\":\"https:\\\/\\\/jornaldasoficinas.com\\\/pt\\\/#organization\",\"name\":\"Jornal das Oficinas\",\"url\":\"https:\\\/\\\/jornaldasoficinas.com\\\/pt\\\/\",\"logo\":{\"@type\":\"ImageObject\",\"inLanguage\":\"pt-PT\",\"@id\":\"https:\\\/\\\/jornaldasoficinas.com\\\/pt\\\/#\\\/schema\\\/logo\\\/image\\\/\",\"url\":\"https:\\\/\\\/jornaldasoficinas.com\\\/pt\\\/wp-content\\\/uploads\\\/logoJO-SEO.png\",\"contentUrl\":\"https:\\\/\\\/jornaldasoficinas.com\\\/pt\\\/wp-content\\\/uploads\\\/logoJO-SEO.png\",\"width\":285,\"height\":450,\"caption\":\"Jornal das Oficinas\"},\"image\":{\"@id\":\"https:\\\/\\\/jornaldasoficinas.com\\\/pt\\\/#\\\/schema\\\/logo\\\/image\\\/\"},\"sameAs\":[\"https:\\\/\\\/www.facebook.com\\\/jornaloficinas\",\"https:\\\/\\\/x.com\\\/jornaloficinas\",\"https:\\\/\\\/www.instagram.com\\\/jornal_oficinas\\\/\",\"https:\\\/\\\/www.linkedin.com\\\/company\\\/jornal-das-oficinas\\\/\",\"https:\\\/\\\/www.youtube.com\\\/channel\\\/UCbQZBqtcvV-oSQrr7RzINGg\"]},{\"@type\":\"Person\",\"@id\":\"https:\\\/\\\/jornaldasoficinas.com\\\/pt\\\/#\\\/schema\\\/person\\\/a38eef5de2c41d9e7c9ac10141afddf3\",\"name\":\"Reda\u00e7\u00e3o JO\",\"image\":{\"@type\":\"ImageObject\",\"inLanguage\":\"pt-PT\",\"@id\":\"https:\\\/\\\/secure.gravatar.com\\\/avatar\\\/71f2fa71737ad68a84fea94bc708ddac8ea5b0c4788dc2ad202f3ccb2887742f?s=96&d=wp_user_avatar&r=g\",\"url\":\"https:\\\/\\\/secure.gravatar.com\\\/avatar\\\/71f2fa71737ad68a84fea94bc708ddac8ea5b0c4788dc2ad202f3ccb2887742f?s=96&d=wp_user_avatar&r=g\",\"contentUrl\":\"https:\\\/\\\/secure.gravatar.com\\\/avatar\\\/71f2fa71737ad68a84fea94bc708ddac8ea5b0c4788dc2ad202f3ccb2887742f?s=96&d=wp_user_avatar&r=g\",\"caption\":\"Reda\u00e7\u00e3o JO\"},\"url\":\"https:\\\/\\\/jornaldasoficinas.com\\\/pt\\\/author\\\/joredacao\\\/\"}]}<\/script>\n<!-- \/ Yoast SEO plugin. -->","yoast_head_json":{"title":"MOBI.E lan\u00e7a concurso p\u00fablico para nove hubs carregamento - Jornal das Oficinas","robots":{"index":"index","follow":"follow","max-snippet":"max-snippet:-1","max-image-preview":"max-image-preview:large","max-video-preview":"max-video-preview:-1"},"canonical":"https:\/\/jornaldasoficinas.com\/pt\/mobi-e-lanca-concurso-publico-para-nove-hubs-carregamento\/","og_locale":"pt_PT","og_type":"article","og_title":"MOBI.E lan\u00e7a concurso p\u00fablico para nove hubs carregamento - Jornal das Oficinas","og_description":"A MOBI.E, S.A. acaba de lan\u00e7ar...","og_url":"https:\/\/jornaldasoficinas.com\/pt\/mobi-e-lanca-concurso-publico-para-nove-hubs-carregamento\/","og_site_name":"Jornal das Oficinas","article_publisher":"https:\/\/www.facebook.com\/jornaloficinas","article_published_time":"2021-11-21T12:00:44+00:00","og_image":[{"width":1024,"height":581,"url":"https:\/\/jornaldasoficinas.com\/pt\/wp-content\/uploads\/2021\/09\/MOBI.E-lanca-concurso.jpg","type":"image\/jpeg"}],"author":"Reda\u00e7\u00e3o JO","twitter_card":"summary_large_image","twitter_creator":"@jornaloficinas","twitter_site":"@jornaloficinas","twitter_misc":{"Escrito por":"Reda\u00e7\u00e3o JO","Tempo estimado de leitura":"1 minuto"},"schema":{"@context":"https:\/\/schema.org","@graph":[{"@type":"Article","@id":"https:\/\/jornaldasoficinas.com\/pt\/mobi-e-lanca-concurso-publico-para-nove-hubs-carregamento\/#article","isPartOf":{"@id":"https:\/\/jornaldasoficinas.com\/pt\/mobi-e-lanca-concurso-publico-para-nove-hubs-carregamento\/"},"author":{"name":"Reda\u00e7\u00e3o JO","@id":"https:\/\/jornaldasoficinas.com\/pt\/#\/schema\/person\/a38eef5de2c41d9e7c9ac10141afddf3"},"headline":"MOBI.E lan\u00e7a concurso p\u00fablico para nove hubs carregamento","datePublished":"2021-11-21T12:00:44+00:00","mainEntityOfPage":{"@id":"https:\/\/jornaldasoficinas.com\/pt\/mobi-e-lanca-concurso-publico-para-nove-hubs-carregamento\/"},"wordCount":295,"publisher":{"@id":"https:\/\/jornaldasoficinas.com\/pt\/#organization"},"image":{"@id":"https:\/\/jornaldasoficinas.com\/pt\/mobi-e-lanca-concurso-publico-para-nove-hubs-carregamento\/#primaryimage"},"thumbnailUrl":"https:\/\/jornaldasoficinas.com\/pt\/wp-content\/uploads\/2021\/09\/MOBI.E-lanca-concurso.jpg","keywords":["Mobi.E"],"articleSection":["Mercado"],"inLanguage":"pt-PT"},{"@type":"WebPage","@id":"https:\/\/jornaldasoficinas.com\/pt\/mobi-e-lanca-concurso-publico-para-nove-hubs-carregamento\/","url":"https:\/\/jornaldasoficinas.com\/pt\/mobi-e-lanca-concurso-publico-para-nove-hubs-carregamento\/","name":"MOBI.E lan\u00e7a concurso p\u00fablico para nove hubs carregamento - Jornal das Oficinas","isPartOf":{"@id":"https:\/\/jornaldasoficinas.com\/pt\/#website"},"primaryImageOfPage":{"@id":"https:\/\/jornaldasoficinas.com\/pt\/mobi-e-lanca-concurso-publico-para-nove-hubs-carregamento\/#primaryimage"},"image":{"@id":"https:\/\/jornaldasoficinas.com\/pt\/mobi-e-lanca-concurso-publico-para-nove-hubs-carregamento\/#primaryimage"},"thumbnailUrl":"https:\/\/jornaldasoficinas.com\/pt\/wp-content\/uploads\/2021\/09\/MOBI.E-lanca-concurso.jpg","datePublished":"2021-11-21T12:00:44+00:00","breadcrumb":{"@id":"https:\/\/jornaldasoficinas.com\/pt\/mobi-e-lanca-concurso-publico-para-nove-hubs-carregamento\/#breadcrumb"},"inLanguage":"pt-PT","potentialAction":[{"@type":"ReadAction","target":["https:\/\/jornaldasoficinas.com\/pt\/mobi-e-lanca-concurso-publico-para-nove-hubs-carregamento\/"]}]},{"@type":"ImageObject","inLanguage":"pt-PT","@id":"https:\/\/jornaldasoficinas.com\/pt\/mobi-e-lanca-concurso-publico-para-nove-hubs-carregamento\/#primaryimage","url":"https:\/\/jornaldasoficinas.com\/pt\/wp-content\/uploads\/2021\/09\/MOBI.E-lanca-concurso.jpg","contentUrl":"https:\/\/jornaldasoficinas.com\/pt\/wp-content\/uploads\/2021\/09\/MOBI.E-lanca-concurso.jpg","width":1024,"height":581,"caption":"09 - MOBI.E-lanc\u0327a-concurso"},{"@type":"BreadcrumbList","@id":"https:\/\/jornaldasoficinas.com\/pt\/mobi-e-lanca-concurso-publico-para-nove-hubs-carregamento\/#breadcrumb","itemListElement":[{"@type":"ListItem","position":1,"name":"In\u00edcio","item":"https:\/\/jornaldasoficinas.com\/pt\/"},{"@type":"ListItem","position":2,"name":"MOBI.E lan\u00e7a concurso p\u00fablico para nove hubs carregamento"}]},{"@type":"WebSite","@id":"https:\/\/jornaldasoficinas.com\/pt\/#website","url":"https:\/\/jornaldasoficinas.com\/pt\/","name":"Jornal das Oficinas","description":"Jornal independente do Aftermarket Autom\u00f3vel em Portugal","publisher":{"@id":"https:\/\/jornaldasoficinas.com\/pt\/#organization"},"potentialAction":[{"@type":"SearchAction","target":{"@type":"EntryPoint","urlTemplate":"https:\/\/jornaldasoficinas.com\/pt\/?s={search_term_string}"},"query-input":{"@type":"PropertyValueSpecification","valueRequired":true,"valueName":"search_term_string"}}],"inLanguage":"pt-PT"},{"@type":"Organization","@id":"https:\/\/jornaldasoficinas.com\/pt\/#organization","name":"Jornal das Oficinas","url":"https:\/\/jornaldasoficinas.com\/pt\/","logo":{"@type":"ImageObject","inLanguage":"pt-PT","@id":"https:\/\/jornaldasoficinas.com\/pt\/#\/schema\/logo\/image\/","url":"https:\/\/jornaldasoficinas.com\/pt\/wp-content\/uploads\/logoJO-SEO.png","contentUrl":"https:\/\/jornaldasoficinas.com\/pt\/wp-content\/uploads\/logoJO-SEO.png","width":285,"height":450,"caption":"Jornal das Oficinas"},"image":{"@id":"https:\/\/jornaldasoficinas.com\/pt\/#\/schema\/logo\/image\/"},"sameAs":["https:\/\/www.facebook.com\/jornaloficinas","https:\/\/x.com\/jornaloficinas","https:\/\/www.instagram.com\/jornal_oficinas\/","https:\/\/www.linkedin.com\/company\/jornal-das-oficinas\/","https:\/\/www.youtube.com\/channel\/UCbQZBqtcvV-oSQrr7RzINGg"]},{"@type":"Person","@id":"https:\/\/jornaldasoficinas.com\/pt\/#\/schema\/person\/a38eef5de2c41d9e7c9ac10141afddf3","name":"Reda\u00e7\u00e3o JO","image":{"@type":"ImageObject","inLanguage":"pt-PT","@id":"https:\/\/secure.gravatar.com\/avatar\/71f2fa71737ad68a84fea94bc708ddac8ea5b0c4788dc2ad202f3ccb2887742f?s=96&d=wp_user_avatar&r=g","url":"https:\/\/secure.gravatar.com\/avatar\/71f2fa71737ad68a84fea94bc708ddac8ea5b0c4788dc2ad202f3ccb2887742f?s=96&d=wp_user_avatar&r=g","contentUrl":"https:\/\/secure.gravatar.com\/avatar\/71f2fa71737ad68a84fea94bc708ddac8ea5b0c4788dc2ad202f3ccb2887742f?s=96&d=wp_user_avatar&r=g","caption":"Reda\u00e7\u00e3o JO"},"url":"https:\/\/jornaldasoficinas.com\/pt\/author\/joredacao\/"}]}},"_links":{"self":[{"href":"https:\/\/jornaldasoficinas.com\/pt\/wp-json\/wp\/v2\/posts\/25599","targetHints":{"allow":["GET"]}}],"collection":[{"href":"https:\/\/jornaldasoficinas.com\/pt\/wp-json\/wp\/v2\/posts"}],"about":[{"href":"https:\/\/jornaldasoficinas.com\/pt\/wp-json\/wp\/v2\/types\/post"}],"author":[{"embeddable":true,"href":"https:\/\/jornaldasoficinas.com\/pt\/wp-json\/wp\/v2\/users\/15"}],"replies":[{"embeddable":true,"href":"https:\/\/jornaldasoficinas.com\/pt\/wp-json\/wp\/v2\/comments?post=25599"}],"version-history":[{"count":0,"href":"https:\/\/jornaldasoficinas.com\/pt\/wp-json\/wp\/v2\/posts\/25599\/revisions"}],"wp:featuredmedia":[{"embeddable":true,"href":"https:\/\/jornaldasoficinas.com\/pt\/wp-json\/wp\/v2\/media\/25509"}],"wp:attachment":[{"href":"https:\/\/jornaldasoficinas.com\/pt\/wp-json\/wp\/v2\/media?parent=25599"}],"wp:term":[{"taxonomy":"category","embeddable":true,"href":"https:\/\/jornaldasoficinas.com\/pt\/wp-json\/wp\/v2\/categories?post=25599"},{"taxonomy":"post_tag","embeddable":true,"href":"https:\/\/jornaldasoficinas.com\/pt\/wp-json\/wp\/v2\/tags?post=25599"}],"curies":[{"name":"wp","href":"https:\/\/api.w.org\/{rel}","templated":true}]}}