{"id":25693,"date":"2021-11-25T12:00:51","date_gmt":"2021-11-25T12:00:51","guid":{"rendered":"https:\/\/jornaldasoficinas.com\/pt\/?p=25693"},"modified":"2021-11-25T09:04:24","modified_gmt":"2021-11-25T09:04:24","slug":"schaeffler-confirma-previsoes-volume-negocios-2021","status":"publish","type":"post","link":"https:\/\/jornaldasoficinas.com\/pt\/schaeffler-confirma-previsoes-volume-negocios-2021\/","title":{"rendered":"Schaeffler confirma previs\u00f5es volume neg\u00f3cios 2021"},"content":{"rendered":"<p><img loading=\"lazy\" decoding=\"async\" class=\"alignnone size-full wp-image-25686\" src=\"https:\/\/jornaldasoficinas.com\/pt\/wp-content\/uploads\/2021\/09\/Schaeffler-confirma-previsoes.jpg\" alt=\"09 - Schaeffler-confirma-previsoes\" width=\"1024\" height=\"581\" srcset=\"https:\/\/jornaldasoficinas.com\/pt\/wp-content\/uploads\/2021\/09\/Schaeffler-confirma-previsoes.jpg 1024w, https:\/\/jornaldasoficinas.com\/pt\/wp-content\/uploads\/2021\/09\/Schaeffler-confirma-previsoes-300x170.jpg 300w, https:\/\/jornaldasoficinas.com\/pt\/wp-content\/uploads\/2021\/09\/Schaeffler-confirma-previsoes-150x85.jpg 150w, https:\/\/jornaldasoficinas.com\/pt\/wp-content\/uploads\/2021\/09\/Schaeffler-confirma-previsoes-768x436.jpg 768w\" sizes=\"auto, (max-width: 1024px) 100vw, 1024px\" \/><\/p>\n<p><strong>A <a href=\"https:\/\/www.schaeffler.es\/content.schaeffler.es\/pt\/index.jsp\" target=\"_blank\" rel=\"noopener\">Schaeffler<\/a> apresentou o seu relat\u00f3rio provis\u00f3rio correspondente aos nove primeiros meses de 2021. O volume de neg\u00f3cios do Grupo Schaeffler no per\u00edodo do relat\u00f3rio ascendeu a 10.346 milh\u00f5es de euros (exerc\u00edcio anterior: 8.964 milh\u00f5es de euros)<\/strong><\/p>\n<p>O aumento de 15,9% a uma taxa de c\u00e2mbio constante deve-se principalmente \u00e0 consider\u00e1vel recupera\u00e7\u00e3o no primeiro semestre do exerc\u00edcio. No terceiro trimestre de 2021, o volume de neg\u00f3cios do Grupo Schaeffler diminuiu 3,0% a uma taxa de c\u00e2mbio constante como resultado de uma redu\u00e7\u00e3o significativa das configura\u00e7\u00f5es dos pedidos de entrega na divis\u00e3o Automotive Technologies durante este per\u00edodo. O volume de neg\u00f3cios diminuiu em todas as regi\u00f5es, exceto \u00c1sia\/Pac\u00edfico.<\/p>\n<p>Em contraste com os desenvolvimentos da divis\u00e3o Automotive Technologies, as outras duas divis\u00f5es do Grupo Schaeffler registaram um crescimento do volume de neg\u00f3cios. O volume de neg\u00f3cios das divis\u00f5es de Automotive Aftermarket e Industrial aumentou 8,7% e 15,8%, respetivamente, a uma taxa de c\u00e2mbio constante, em compara\u00e7\u00e3o com o trimestre do exerc\u00edcio anterior. O aumento dos pre\u00e7os das mat\u00e9rias-primas nos mercados de aprovisionamento, cujo impacto permaneceu limitado nos primeiros seis meses de 2021, dificultou ainda mais os resultados do terceiro trimestre de 2021, em particular os das divis\u00f5es Automotive Technologies e Industrial.<div class='yrm-content yrm-content-2 yrm-content-hide  ' id='yrm-qHJUQ' data-id='2' data-show-status='false' data-after-action='' style=\"visibility: hidden;height: 0;\">\n\t\t\t<div id='yrm-inner-content-yrm-qHJUQ' class='yrm-inner-content-wrapper yrm-cntent-2'><\/p>\n<p>Nos nove primeiros meses de 2021, o Grupo Schaeffler gerou um EBIT antes de rubricas extraordin\u00e1rias de 994 milh\u00f5es de euros (exerc\u00edcio anterior: 376 milh\u00f5es de euros). Isto representa uma margem de EBIT antes de rubricas extraordin\u00e1rias de 9,6% (exerc\u00edcio anterior: 4,2%). As raz\u00f5es da melhoria em rela\u00e7\u00e3o ao exerc\u00edcio anterior incluem as economias de escala.<\/p>\n<p>A redu\u00e7\u00e3o da margem EBIT antes de rubricas extraordin\u00e1rias no terceiro trimestre de 2021 pode ser atribu\u00edda principalmente a uma diminui\u00e7\u00e3o impulsionada pelo mercado dos volumes na divis\u00e3o de Automotive Technologies. A margem EBIT do terceiro trimestre antes de rubricas extraordin\u00e1rias diminuiu para 8,2% (mesmo per\u00edodo do exerc\u00edcio anterior: 9,5%); o EBIT antes de rubricas extraordin\u00e1rias ascendeu a 272 milh\u00f5es de euros (mesmo per\u00edodo do exerc\u00edcio anterior: 322 milh\u00f5es de euros).<\/p>\n<p>Os benef\u00edcios antes dos resultados financeiros, os benef\u00edcios (perdas) das empresas participadas segundo o m\u00e9todo da equival\u00eancia e os juros e impostos (EBIT) foram afetados positivamente em 27 milh\u00f5es de euros (exerc\u00edcio anterior: -798 milh\u00f5es de euros ) em rubricas extraordin\u00e1rias que incluem a invers\u00e3o parcial das provis\u00f5es reconhecidas para medidas estruturais ao abrigo dos subprogramas divisionais do Roadmap 2025. No entanto, os objetivos comunicados em setembro de 2020 no que respeita \u00e0 redu\u00e7\u00e3o de pessoal e \u00e0 redu\u00e7\u00e3o sustent\u00e1vel dos custos mant\u00eam-se inalterados. As negocia\u00e7\u00f5es com os representantes dos trabalhadores j\u00e1 foram conclu\u00eddas em todas as f\u00e1bricas da Alemanha afetadas, exceto em uma.<\/p>\n<p>Claus Bauer, CFO da Schaeffler AG, disse: &#8220;O Grupo Schaeffler demonstrou a sua resist\u00eancia num ambiente de mercado muito exigente durante o terceiro trimestre de 2021. Vamos manter a nossa rigorosa disciplina relativamente ao capital e aos custos\u00a0 e rever medidas adicionais para enfrentar os desafios que continuam a crescer de forma persistente no quarto trimestre, principalmente os relacionados com os pre\u00e7os dos materiais\u201d.<\/p>\n<p><strong>Diminui\u00e7\u00e3o do volume de neg\u00f3cios impulsionada pelo mercado em Automotive Technologies no terceiro trimestre<br \/>\n<\/strong>A divis\u00e3o Automotive Technologies gerou um volume de neg\u00f3cios de 6,286 milh\u00f5es de euros nos primeiros nove meses (exerc\u00edcio anterior: 5.425 milh\u00f5es de euros). O volume de neg\u00f3cios aumentou 16,1% a uma taxa de c\u00e2mbio constante, impulsionado pelos volumes, principalmente devido \u00e0 baixa base de compara\u00e7\u00e3o no primeiro semestre do exerc\u00edcio. O volume de neg\u00f3cios aumentou em todas as unidades de neg\u00f3cio e em todas as regi\u00f5es durante os primeiros nove meses, sendo a unidade de neg\u00f3cio e-Mobility a que gerou a maior taxa de crescimento a uma taxa de c\u00e2mbio constante, com 22,4%.<\/p>\n<p>No terceiro trimestre, os crescentes estrangulamentos nas cadeias de fornecimento mundiais, especialmente na dos semicondutores, reduziram significativamente os pedidos de entrega dos clientes e reduziram o volume de neg\u00f3cios em uns consider\u00e1veis 12,2% a uma taxa de c\u00e2mbio constante. As expectativas do mercado para a produ\u00e7\u00e3o de autom\u00f3veis para a totalidade do exerc\u00edcio 2021 foram consideravelmente ajustadas em baixa, particularmente durante o terceiro trimestre.<\/p>\n<p>A divis\u00e3o Automotive Technologies superou a produ\u00e7\u00e3o mundial de autom\u00f3veis numa percentagem de 6,6% durante os primeiros nove meses, aumentando as previs\u00f5es para a totalidade do exerc\u00edcio de 2% para 5%. O rendimento superior representa o n\u00famero de pontos percentuais pelos quais o crescimento da divis\u00e3o Automotive Technologies supera o crescimento da produ\u00e7\u00e3o mundial de autom\u00f3veis de passageiros e ve\u00edculos comerciais ligeiros. Este resultado deve-se aos resultados invulgarmente bons da regi\u00e3o Europa, de 10,9%.<\/p>\n<p>A divis\u00e3o registou um EBIT antes de rubricas extraordin\u00e1rias de 467 milh\u00f5es de euros (exerc\u00edcio anterior: 16 milh\u00f5es de euros) nos primeiros nove meses. A margem EBIT antes de rubricas extraordin\u00e1rias foi de 7,4% para o mesmo per\u00edodo, consideravelmente superior aos -0,3% do exerc\u00edcio anterior. A melhoria significativa da margem EBIT antes de rubricas extraordin\u00e1rias no per\u00edodo do relat\u00f3rio foi em grande parte impulsionada pelas economias de escala durante os primeiros seis meses. As medidas de redu\u00e7\u00e3o de custos que foram prorrogadas no exerc\u00edcio anterior tamb\u00e9m tiveram um impacto positivo.<\/p>\n<p><strong>Automotive Aftermarket regista um crescimento de dois d\u00edgitos do volume de neg\u00f3cios<br \/>\n<\/strong>A divis\u00e3o Automotive Aftermarket registou um volume de neg\u00f3cios de 1.411 milh\u00f5es de euros (exerc\u00edcio anterior: 1.204 milh\u00f5es de euros) no per\u00edodo do relat\u00f3rio, o que sup\u00f5e um crescimento do volume de neg\u00f3cios de 18,3% a uma taxa de c\u00e2mbio constante.<\/p>\n<p>O volume de neg\u00f3cios aumentou consideravelmente em todas as regi\u00f5es. O aumento do volume de neg\u00f3cios foi impulsionado principalmente por volumes consideravelmente mais elevados nas regi\u00f5es Europa e Am\u00e9ricas. A regi\u00e3o Greater China ampliou o seu neg\u00f3cio de com\u00e9rcio eletr\u00f3nico, o que contribui em grande parte para o crescimento da regi\u00e3o. O crescimento registado na regi\u00e3o \u00c1sia\/Pac\u00edfico deve-se principalmente \u00e0 recupera\u00e7\u00e3o do mercado de servi\u00e7os de Independent Aftermarket e Equipamentos originais na \u00cdndia, em parte devido \u00e0 baixa base de compara\u00e7\u00e3o, especialmente no segundo trimestre de 2020.<\/p>\n<p>Estes desenvolvimentos geraram um EBIT antes de rubricas extraordin\u00e1rias de 206 milh\u00f5es de euros (exerc\u00edcio anterior: 190 milh\u00f5es de euros). Isto representa uma margem de EBIT antes de rubricas extraordin\u00e1rias de 14,6% (exerc\u00edcio anterior: 15,8%). A diminui\u00e7\u00e3o em rela\u00e7\u00e3o ao exerc\u00edcio anterior deveu-se principalmente aos maiores gastos em produtos.<\/p>\n<p><strong>Aumentam o volume de neg\u00f3cios e a margem EBIT na divis\u00e3o Industrial<br \/>\n<\/strong>A divis\u00e3o Industrial registou um volume de neg\u00f3cios de 2.649 milh\u00f5es de euros (exerc\u00edcio anterior: 2.335 milh\u00f5es de euros) durante os primeiros nove meses representando um crescimento do volume de neg\u00f3cios de 14,2% a uma taxa de c\u00e2mbio constante.<\/p>\n<p>O crescimento consider\u00e1vel do volume de neg\u00f3cios durante os primeiros nove meses deveu-se principalmente ao aumento da procura nas solu\u00e7\u00f5es de energia e\u00f3lica, de transmiss\u00e3o de pot\u00eancia e de automatiza\u00e7\u00e3o industrial na regi\u00e3o Greater China. Al\u00e9m disso, a procura na Distribui\u00e7\u00e3o Industrial e a solu\u00e7\u00e3o do setor de maquinaria offroad na regi\u00e3o Europa tem registado taxas de crescimento consider\u00e1veis a partir da baixa base de compara\u00e7\u00e3o. Os mercados das outras regi\u00f5es tamb\u00e9m recuperaram consideravelmente. O crescimento na regi\u00e3o \u00c1sia\/Pac\u00edfico deveu-se principalmente ao aumento dos volumes na \u00cdndia, especialmente nas solu\u00e7\u00f5es setoriais de energia e\u00f3lica, ve\u00edculos de duas rodas e maquinaria offroad, assim como na Distribui\u00e7\u00e3o Industrial. A evolu\u00e7\u00e3o do volume de neg\u00f3cios na regi\u00e3o Am\u00e9ricas deve-se, em grande parte, ao crescimento da Distribui\u00e7\u00e3o Industrial.<\/p>\n<p>A divis\u00e3o Industrial gerou um EBIT antes de rubricas extraordin\u00e1rias de 321 milh\u00f5es de euros (exerc\u00edcio anterior: 202 milh\u00f5es de euros) durante os nove primeiros meses, o que situa a margem de EBIT antes de rubricas extraordin\u00e1rias em 12,1% (exerc\u00edcio anterior: 8,6%). A margem EBIT mais elevada antes de rubricas extraordin\u00e1rias, em compara\u00e7\u00e3o com o exerc\u00edcio anterior, foi em grande parte impulsionada pelas economias de escala. As medidas de redu\u00e7\u00e3o de custos que foram prorrogadas no exerc\u00edcio anterior tamb\u00e9m resultaram eficazes.<\/p>\n<p><strong>Forte crescimento do cash flow dispon\u00edvel<br \/>\n<\/strong>O cash flow dispon\u00edvel aumentou apesar do aumento do capital circulante como resultado do crescimento do neg\u00f3cio. O cash flow dispon\u00edvel antes de entradas e sa\u00eddas de fundos para atividades de fus\u00f5es e aquisi\u00e7\u00f5es durante os primeiros nove meses foi de 468 milh\u00f5es de euros, superando consideravelmente o n\u00edvel do exerc\u00edcio anterior (185 milh\u00f5es de euros). Os investimentos realizados em ativos corp\u00f3reos e incorp\u00f3reos durante o per\u00edodo do relat\u00f3rio situaram-se nos 482 milh\u00f5es de euros (exerc\u00edcio anterior: 481 milh\u00f5es de euros), o que representa um r\u00e1cio CAPEX de 4,7% (exerc\u00edcio anterior: 5,0%).<\/p>\n<p>Durante os primeiros nove meses de 2021, os lucros l\u00edquidos (perdas) atribu\u00edveis aos acionistas da empresa matriz antes de rubricas extraordin\u00e1rias aumentaram consideravelmente em rela\u00e7\u00e3o ao exerc\u00edcio anterior e ascenderam a 583 milh\u00f5es de euros (exerc\u00edcio anterior: 132 milh\u00f5es de euros). Os dividendos por a\u00e7\u00e3o ordin\u00e1ria sem direito a voto pelo mesmo per\u00edodo foi de 0,92 euros (exerc\u00edcio anterior: -0,79 euros). O Grupo tinha uma for\u00e7a de trabalho de 83.935 colaboradores em 30 de setembro de 2021 (30 de setembro de 2020: 83.711).<\/p>\n<p><strong>Confirmadas as previs\u00f5es para a totalidade do exerc\u00edcio sobre a margem EBIT antes de rubricas extraordin\u00e1rias e cash flow dispon\u00edvel<br \/>\n<\/strong>O Grupo Schaeffler espera gerar uma margem EBIT antes de rubricas extraordin\u00e1rias entre 8 e 9,5% em 2021. O Grupo Schaeffler prev\u00ea ainda um cash flow dispon\u00edvel antes de entradas e sa\u00eddas de fundos para atividades de fus\u00f5es e aquisi\u00e7\u00f5es de mais de 400 milh\u00f5es de euros para 2021.<\/p>\n<p>Espera-se agora um crescimento do volume de neg\u00f3cios do Grupo Schaeffler superior a 7% a uma taxa de c\u00e2mbio constante em 2021, depois de ter previsto um crescimento superior a 11% nas perspetivas publicadas a 26 de julho de 2021. Esta diminui\u00e7\u00e3o deve-se a uma redu\u00e7\u00e3o significativa no volume de mercado da produ\u00e7\u00e3o mundial de autom\u00f3veis de passageiros e ve\u00edculos comerciais ligeiros. O cen\u00e1rio base de outubro de 2021 do IHS Markit reflete atualmente um crescimento esperado de 0,3% para a totalidade do exerc\u00edcio 2021. As previs\u00f5es de crescimento da Automotive Technologies mant\u00eam-se inalteradas, entre 2 e 5%. As previs\u00f5es do mercado da divis\u00e3o Automotive Aftermarket permanecem praticamente inalteradas. As previs\u00f5es de crescimento do volume de neg\u00f3cios da divis\u00e3o Industrial aumentaram, passando de 9 para 11% e de 11 para 13%.<\/p>\n<p><strong>Centrados na sustentabilidade<br \/>\n<\/strong>O Grupo Schaeffler anunciou os seus objetivos de sustentabilidade a 26 de outubro de 2021. A partir de 2040, o Grupo operar\u00e1 como uma empresa neutra do ponto de vista clim\u00e1tico. Este objetivo abarca toda a cadeia de abastecimento e \u00e9 apoiado por objetivos ambiciosos de sustentabilidade a m\u00e9dio prazo. As pr\u00f3prias instala\u00e7\u00f5es de produ\u00e7\u00e3o da empresa j\u00e1 ser\u00e3o neutras do ponto de vista clim\u00e1tico a partir de 2030. \u2028A utiliza\u00e7\u00e3o de a\u00e7o proveniente de uma produ\u00e7\u00e3o neutra em emiss\u00f5es de carbono \u00e9 especialmente importante para este processo. A associa\u00e7\u00e3o a longo prazo com a startup sueca H2greensteel, representa um passo importante para o objetivo de uma cadeia de fornecimento da Schaeffler neutra do ponto de vista clim\u00e1tico at\u00e9 2040.<\/p>\n<p>Klaus Rosenfeld, CEO da Schaeffler AG, assinalou: &#8220;Ap\u00f3s um forte primeiro semestre do exerc\u00edcio, o Grupo Schaeffler n\u00e3o conseguiu evitar um forte abrandamento no crescimento da produ\u00e7\u00e3o mundial de autom\u00f3veis no terceiro trimestre. No entanto, a divis\u00e3o Automotive Technologies apresentou resultados s\u00f3lidos nos primeiros nove meses de 2021 e cresceu mais rapidamente do que o mercado. Os fortes resultados operacionais da divis\u00e3o Industrial e a contribui\u00e7\u00e3o positiva da divis\u00e3o Automotive Aftermarket s\u00e3o particularmente encorajadores. Os resultados do terceiro trimestre demonstram como \u00e9 essencial para n\u00f3s sermos simultaneamente fornecedores do setor automotivo e industrial.<\/p>\n<p><\/div>\n\t\t<\/div><div class='yrm-btn-wrapper yrm-btn-wrapper-2 yrm-more-button-wrapper  '\n\t\tdata-custom-more-class-name='' data-custom-less-class-name=''><span title='' data-less-title='' data-more-title='' class='yrm-toggle-expand  yrm-toggle-expand-2 ' data-rel='yrm-qHJUQ' data-more='Continue a ler' data-less='Menos texto'><span class='yrm-text-wrapper yrm-text-wrapper-custom-dimensions'><span class=\"yrm-button-text-2 yrm-button-text-span\">Continue a ler<\/span><\/span><\/span><\/div><\/p>\n","protected":false},"excerpt":{"rendered":"<p>A Schaeffler apresentou o seu relat\u00f3rio&#8230;<\/p>\n","protected":false},"author":15,"featured_media":25686,"comment_status":"closed","ping_status":"closed","sticky":false,"template":"","format":"standard","meta":{"footnotes":""},"categories":[29],"tags":[1840],"class_list":["post-25693","post","type-post","status-publish","format-standard","has-post-thumbnail","hentry","category-empresas","tag-schaeffler"],"yoast_head":"<!-- This site is optimized with the Yoast SEO plugin v27.4 - https:\/\/yoast.com\/product\/yoast-seo-wordpress\/ -->\n<title>Schaeffler confirma previs\u00f5es volume neg\u00f3cios 2021 - Jornal das Oficinas<\/title>\n<meta name=\"robots\" content=\"index, follow, max-snippet:-1, max-image-preview:large, max-video-preview:-1\" \/>\n<link rel=\"canonical\" href=\"https:\/\/jornaldasoficinas.com\/pt\/schaeffler-confirma-previsoes-volume-negocios-2021\/\" \/>\n<meta property=\"og:locale\" content=\"pt_PT\" \/>\n<meta property=\"og:type\" content=\"article\" \/>\n<meta property=\"og:title\" content=\"Schaeffler confirma previs\u00f5es volume neg\u00f3cios 2021 - Jornal das Oficinas\" \/>\n<meta property=\"og:description\" content=\"A Schaeffler apresentou o seu relat\u00f3rio...\" \/>\n<meta property=\"og:url\" content=\"https:\/\/jornaldasoficinas.com\/pt\/schaeffler-confirma-previsoes-volume-negocios-2021\/\" \/>\n<meta property=\"og:site_name\" content=\"Jornal das Oficinas\" \/>\n<meta property=\"article:publisher\" content=\"https:\/\/www.facebook.com\/jornaloficinas\" \/>\n<meta property=\"article:published_time\" content=\"2021-11-25T12:00:51+00:00\" \/>\n<meta property=\"og:image\" content=\"https:\/\/jornaldasoficinas.com\/pt\/wp-content\/uploads\/2021\/09\/Schaeffler-confirma-previsoes.jpg\" \/>\n\t<meta property=\"og:image:width\" content=\"1024\" \/>\n\t<meta property=\"og:image:height\" content=\"581\" \/>\n\t<meta property=\"og:image:type\" content=\"image\/jpeg\" \/>\n<meta name=\"author\" content=\"Reda\u00e7\u00e3o JO\" \/>\n<meta name=\"twitter:card\" content=\"summary_large_image\" \/>\n<meta name=\"twitter:creator\" content=\"@jornaloficinas\" \/>\n<meta name=\"twitter:site\" content=\"@jornaloficinas\" \/>\n<meta name=\"twitter:label1\" content=\"Escrito por\" \/>\n\t<meta name=\"twitter:data1\" content=\"Reda\u00e7\u00e3o JO\" \/>\n\t<meta name=\"twitter:label2\" content=\"Tempo estimado de leitura\" \/>\n\t<meta name=\"twitter:data2\" content=\"10 minutos\" \/>\n<script type=\"application\/ld+json\" class=\"yoast-schema-graph\">{\"@context\":\"https:\\\/\\\/schema.org\",\"@graph\":[{\"@type\":\"Article\",\"@id\":\"https:\\\/\\\/jornaldasoficinas.com\\\/pt\\\/schaeffler-confirma-previsoes-volume-negocios-2021\\\/#article\",\"isPartOf\":{\"@id\":\"https:\\\/\\\/jornaldasoficinas.com\\\/pt\\\/schaeffler-confirma-previsoes-volume-negocios-2021\\\/\"},\"author\":{\"name\":\"Reda\u00e7\u00e3o JO\",\"@id\":\"https:\\\/\\\/jornaldasoficinas.com\\\/pt\\\/#\\\/schema\\\/person\\\/a38eef5de2c41d9e7c9ac10141afddf3\"},\"headline\":\"Schaeffler confirma previs\u00f5es volume neg\u00f3cios 2021\",\"datePublished\":\"2021-11-25T12:00:51+00:00\",\"mainEntityOfPage\":{\"@id\":\"https:\\\/\\\/jornaldasoficinas.com\\\/pt\\\/schaeffler-confirma-previsoes-volume-negocios-2021\\\/\"},\"wordCount\":2074,\"publisher\":{\"@id\":\"https:\\\/\\\/jornaldasoficinas.com\\\/pt\\\/#organization\"},\"image\":{\"@id\":\"https:\\\/\\\/jornaldasoficinas.com\\\/pt\\\/schaeffler-confirma-previsoes-volume-negocios-2021\\\/#primaryimage\"},\"thumbnailUrl\":\"https:\\\/\\\/jornaldasoficinas.com\\\/pt\\\/wp-content\\\/uploads\\\/2021\\\/09\\\/Schaeffler-confirma-previsoes.jpg\",\"keywords\":[\"Schaeffler\"],\"articleSection\":[\"Empresas\"],\"inLanguage\":\"pt-PT\"},{\"@type\":\"WebPage\",\"@id\":\"https:\\\/\\\/jornaldasoficinas.com\\\/pt\\\/schaeffler-confirma-previsoes-volume-negocios-2021\\\/\",\"url\":\"https:\\\/\\\/jornaldasoficinas.com\\\/pt\\\/schaeffler-confirma-previsoes-volume-negocios-2021\\\/\",\"name\":\"Schaeffler confirma previs\u00f5es volume neg\u00f3cios 2021 - Jornal das Oficinas\",\"isPartOf\":{\"@id\":\"https:\\\/\\\/jornaldasoficinas.com\\\/pt\\\/#website\"},\"primaryImageOfPage\":{\"@id\":\"https:\\\/\\\/jornaldasoficinas.com\\\/pt\\\/schaeffler-confirma-previsoes-volume-negocios-2021\\\/#primaryimage\"},\"image\":{\"@id\":\"https:\\\/\\\/jornaldasoficinas.com\\\/pt\\\/schaeffler-confirma-previsoes-volume-negocios-2021\\\/#primaryimage\"},\"thumbnailUrl\":\"https:\\\/\\\/jornaldasoficinas.com\\\/pt\\\/wp-content\\\/uploads\\\/2021\\\/09\\\/Schaeffler-confirma-previsoes.jpg\",\"datePublished\":\"2021-11-25T12:00:51+00:00\",\"breadcrumb\":{\"@id\":\"https:\\\/\\\/jornaldasoficinas.com\\\/pt\\\/schaeffler-confirma-previsoes-volume-negocios-2021\\\/#breadcrumb\"},\"inLanguage\":\"pt-PT\",\"potentialAction\":[{\"@type\":\"ReadAction\",\"target\":[\"https:\\\/\\\/jornaldasoficinas.com\\\/pt\\\/schaeffler-confirma-previsoes-volume-negocios-2021\\\/\"]}]},{\"@type\":\"ImageObject\",\"inLanguage\":\"pt-PT\",\"@id\":\"https:\\\/\\\/jornaldasoficinas.com\\\/pt\\\/schaeffler-confirma-previsoes-volume-negocios-2021\\\/#primaryimage\",\"url\":\"https:\\\/\\\/jornaldasoficinas.com\\\/pt\\\/wp-content\\\/uploads\\\/2021\\\/09\\\/Schaeffler-confirma-previsoes.jpg\",\"contentUrl\":\"https:\\\/\\\/jornaldasoficinas.com\\\/pt\\\/wp-content\\\/uploads\\\/2021\\\/09\\\/Schaeffler-confirma-previsoes.jpg\",\"width\":1024,\"height\":581,\"caption\":\"09 - Schaeffler-confirma-previsoes\"},{\"@type\":\"BreadcrumbList\",\"@id\":\"https:\\\/\\\/jornaldasoficinas.com\\\/pt\\\/schaeffler-confirma-previsoes-volume-negocios-2021\\\/#breadcrumb\",\"itemListElement\":[{\"@type\":\"ListItem\",\"position\":1,\"name\":\"In\u00edcio\",\"item\":\"https:\\\/\\\/jornaldasoficinas.com\\\/pt\\\/\"},{\"@type\":\"ListItem\",\"position\":2,\"name\":\"Schaeffler confirma previs\u00f5es volume neg\u00f3cios 2021\"}]},{\"@type\":\"WebSite\",\"@id\":\"https:\\\/\\\/jornaldasoficinas.com\\\/pt\\\/#website\",\"url\":\"https:\\\/\\\/jornaldasoficinas.com\\\/pt\\\/\",\"name\":\"Jornal das Oficinas\",\"description\":\"Jornal independente do Aftermarket Autom\u00f3vel em Portugal\",\"publisher\":{\"@id\":\"https:\\\/\\\/jornaldasoficinas.com\\\/pt\\\/#organization\"},\"potentialAction\":[{\"@type\":\"SearchAction\",\"target\":{\"@type\":\"EntryPoint\",\"urlTemplate\":\"https:\\\/\\\/jornaldasoficinas.com\\\/pt\\\/?s={search_term_string}\"},\"query-input\":{\"@type\":\"PropertyValueSpecification\",\"valueRequired\":true,\"valueName\":\"search_term_string\"}}],\"inLanguage\":\"pt-PT\"},{\"@type\":\"Organization\",\"@id\":\"https:\\\/\\\/jornaldasoficinas.com\\\/pt\\\/#organization\",\"name\":\"Jornal das Oficinas\",\"url\":\"https:\\\/\\\/jornaldasoficinas.com\\\/pt\\\/\",\"logo\":{\"@type\":\"ImageObject\",\"inLanguage\":\"pt-PT\",\"@id\":\"https:\\\/\\\/jornaldasoficinas.com\\\/pt\\\/#\\\/schema\\\/logo\\\/image\\\/\",\"url\":\"https:\\\/\\\/jornaldasoficinas.com\\\/pt\\\/wp-content\\\/uploads\\\/logoJO-SEO.png\",\"contentUrl\":\"https:\\\/\\\/jornaldasoficinas.com\\\/pt\\\/wp-content\\\/uploads\\\/logoJO-SEO.png\",\"width\":285,\"height\":450,\"caption\":\"Jornal das Oficinas\"},\"image\":{\"@id\":\"https:\\\/\\\/jornaldasoficinas.com\\\/pt\\\/#\\\/schema\\\/logo\\\/image\\\/\"},\"sameAs\":[\"https:\\\/\\\/www.facebook.com\\\/jornaloficinas\",\"https:\\\/\\\/x.com\\\/jornaloficinas\",\"https:\\\/\\\/www.instagram.com\\\/jornal_oficinas\\\/\",\"https:\\\/\\\/www.linkedin.com\\\/company\\\/jornal-das-oficinas\\\/\",\"https:\\\/\\\/www.youtube.com\\\/channel\\\/UCbQZBqtcvV-oSQrr7RzINGg\"]},{\"@type\":\"Person\",\"@id\":\"https:\\\/\\\/jornaldasoficinas.com\\\/pt\\\/#\\\/schema\\\/person\\\/a38eef5de2c41d9e7c9ac10141afddf3\",\"name\":\"Reda\u00e7\u00e3o JO\",\"image\":{\"@type\":\"ImageObject\",\"inLanguage\":\"pt-PT\",\"@id\":\"https:\\\/\\\/secure.gravatar.com\\\/avatar\\\/71f2fa71737ad68a84fea94bc708ddac8ea5b0c4788dc2ad202f3ccb2887742f?s=96&d=wp_user_avatar&r=g\",\"url\":\"https:\\\/\\\/secure.gravatar.com\\\/avatar\\\/71f2fa71737ad68a84fea94bc708ddac8ea5b0c4788dc2ad202f3ccb2887742f?s=96&d=wp_user_avatar&r=g\",\"contentUrl\":\"https:\\\/\\\/secure.gravatar.com\\\/avatar\\\/71f2fa71737ad68a84fea94bc708ddac8ea5b0c4788dc2ad202f3ccb2887742f?s=96&d=wp_user_avatar&r=g\",\"caption\":\"Reda\u00e7\u00e3o JO\"},\"url\":\"https:\\\/\\\/jornaldasoficinas.com\\\/pt\\\/author\\\/joredacao\\\/\"}]}<\/script>\n<!-- \/ Yoast SEO plugin. -->","yoast_head_json":{"title":"Schaeffler confirma previs\u00f5es volume neg\u00f3cios 2021 - Jornal das Oficinas","robots":{"index":"index","follow":"follow","max-snippet":"max-snippet:-1","max-image-preview":"max-image-preview:large","max-video-preview":"max-video-preview:-1"},"canonical":"https:\/\/jornaldasoficinas.com\/pt\/schaeffler-confirma-previsoes-volume-negocios-2021\/","og_locale":"pt_PT","og_type":"article","og_title":"Schaeffler confirma previs\u00f5es volume neg\u00f3cios 2021 - Jornal das Oficinas","og_description":"A Schaeffler apresentou o seu relat\u00f3rio...","og_url":"https:\/\/jornaldasoficinas.com\/pt\/schaeffler-confirma-previsoes-volume-negocios-2021\/","og_site_name":"Jornal das Oficinas","article_publisher":"https:\/\/www.facebook.com\/jornaloficinas","article_published_time":"2021-11-25T12:00:51+00:00","og_image":[{"width":1024,"height":581,"url":"https:\/\/jornaldasoficinas.com\/pt\/wp-content\/uploads\/2021\/09\/Schaeffler-confirma-previsoes.jpg","type":"image\/jpeg"}],"author":"Reda\u00e7\u00e3o JO","twitter_card":"summary_large_image","twitter_creator":"@jornaloficinas","twitter_site":"@jornaloficinas","twitter_misc":{"Escrito por":"Reda\u00e7\u00e3o JO","Tempo estimado de leitura":"10 minutos"},"schema":{"@context":"https:\/\/schema.org","@graph":[{"@type":"Article","@id":"https:\/\/jornaldasoficinas.com\/pt\/schaeffler-confirma-previsoes-volume-negocios-2021\/#article","isPartOf":{"@id":"https:\/\/jornaldasoficinas.com\/pt\/schaeffler-confirma-previsoes-volume-negocios-2021\/"},"author":{"name":"Reda\u00e7\u00e3o JO","@id":"https:\/\/jornaldasoficinas.com\/pt\/#\/schema\/person\/a38eef5de2c41d9e7c9ac10141afddf3"},"headline":"Schaeffler confirma previs\u00f5es volume neg\u00f3cios 2021","datePublished":"2021-11-25T12:00:51+00:00","mainEntityOfPage":{"@id":"https:\/\/jornaldasoficinas.com\/pt\/schaeffler-confirma-previsoes-volume-negocios-2021\/"},"wordCount":2074,"publisher":{"@id":"https:\/\/jornaldasoficinas.com\/pt\/#organization"},"image":{"@id":"https:\/\/jornaldasoficinas.com\/pt\/schaeffler-confirma-previsoes-volume-negocios-2021\/#primaryimage"},"thumbnailUrl":"https:\/\/jornaldasoficinas.com\/pt\/wp-content\/uploads\/2021\/09\/Schaeffler-confirma-previsoes.jpg","keywords":["Schaeffler"],"articleSection":["Empresas"],"inLanguage":"pt-PT"},{"@type":"WebPage","@id":"https:\/\/jornaldasoficinas.com\/pt\/schaeffler-confirma-previsoes-volume-negocios-2021\/","url":"https:\/\/jornaldasoficinas.com\/pt\/schaeffler-confirma-previsoes-volume-negocios-2021\/","name":"Schaeffler confirma previs\u00f5es volume neg\u00f3cios 2021 - Jornal das Oficinas","isPartOf":{"@id":"https:\/\/jornaldasoficinas.com\/pt\/#website"},"primaryImageOfPage":{"@id":"https:\/\/jornaldasoficinas.com\/pt\/schaeffler-confirma-previsoes-volume-negocios-2021\/#primaryimage"},"image":{"@id":"https:\/\/jornaldasoficinas.com\/pt\/schaeffler-confirma-previsoes-volume-negocios-2021\/#primaryimage"},"thumbnailUrl":"https:\/\/jornaldasoficinas.com\/pt\/wp-content\/uploads\/2021\/09\/Schaeffler-confirma-previsoes.jpg","datePublished":"2021-11-25T12:00:51+00:00","breadcrumb":{"@id":"https:\/\/jornaldasoficinas.com\/pt\/schaeffler-confirma-previsoes-volume-negocios-2021\/#breadcrumb"},"inLanguage":"pt-PT","potentialAction":[{"@type":"ReadAction","target":["https:\/\/jornaldasoficinas.com\/pt\/schaeffler-confirma-previsoes-volume-negocios-2021\/"]}]},{"@type":"ImageObject","inLanguage":"pt-PT","@id":"https:\/\/jornaldasoficinas.com\/pt\/schaeffler-confirma-previsoes-volume-negocios-2021\/#primaryimage","url":"https:\/\/jornaldasoficinas.com\/pt\/wp-content\/uploads\/2021\/09\/Schaeffler-confirma-previsoes.jpg","contentUrl":"https:\/\/jornaldasoficinas.com\/pt\/wp-content\/uploads\/2021\/09\/Schaeffler-confirma-previsoes.jpg","width":1024,"height":581,"caption":"09 - Schaeffler-confirma-previsoes"},{"@type":"BreadcrumbList","@id":"https:\/\/jornaldasoficinas.com\/pt\/schaeffler-confirma-previsoes-volume-negocios-2021\/#breadcrumb","itemListElement":[{"@type":"ListItem","position":1,"name":"In\u00edcio","item":"https:\/\/jornaldasoficinas.com\/pt\/"},{"@type":"ListItem","position":2,"name":"Schaeffler confirma previs\u00f5es volume neg\u00f3cios 2021"}]},{"@type":"WebSite","@id":"https:\/\/jornaldasoficinas.com\/pt\/#website","url":"https:\/\/jornaldasoficinas.com\/pt\/","name":"Jornal das Oficinas","description":"Jornal independente do Aftermarket Autom\u00f3vel em Portugal","publisher":{"@id":"https:\/\/jornaldasoficinas.com\/pt\/#organization"},"potentialAction":[{"@type":"SearchAction","target":{"@type":"EntryPoint","urlTemplate":"https:\/\/jornaldasoficinas.com\/pt\/?s={search_term_string}"},"query-input":{"@type":"PropertyValueSpecification","valueRequired":true,"valueName":"search_term_string"}}],"inLanguage":"pt-PT"},{"@type":"Organization","@id":"https:\/\/jornaldasoficinas.com\/pt\/#organization","name":"Jornal das Oficinas","url":"https:\/\/jornaldasoficinas.com\/pt\/","logo":{"@type":"ImageObject","inLanguage":"pt-PT","@id":"https:\/\/jornaldasoficinas.com\/pt\/#\/schema\/logo\/image\/","url":"https:\/\/jornaldasoficinas.com\/pt\/wp-content\/uploads\/logoJO-SEO.png","contentUrl":"https:\/\/jornaldasoficinas.com\/pt\/wp-content\/uploads\/logoJO-SEO.png","width":285,"height":450,"caption":"Jornal das Oficinas"},"image":{"@id":"https:\/\/jornaldasoficinas.com\/pt\/#\/schema\/logo\/image\/"},"sameAs":["https:\/\/www.facebook.com\/jornaloficinas","https:\/\/x.com\/jornaloficinas","https:\/\/www.instagram.com\/jornal_oficinas\/","https:\/\/www.linkedin.com\/company\/jornal-das-oficinas\/","https:\/\/www.youtube.com\/channel\/UCbQZBqtcvV-oSQrr7RzINGg"]},{"@type":"Person","@id":"https:\/\/jornaldasoficinas.com\/pt\/#\/schema\/person\/a38eef5de2c41d9e7c9ac10141afddf3","name":"Reda\u00e7\u00e3o JO","image":{"@type":"ImageObject","inLanguage":"pt-PT","@id":"https:\/\/secure.gravatar.com\/avatar\/71f2fa71737ad68a84fea94bc708ddac8ea5b0c4788dc2ad202f3ccb2887742f?s=96&d=wp_user_avatar&r=g","url":"https:\/\/secure.gravatar.com\/avatar\/71f2fa71737ad68a84fea94bc708ddac8ea5b0c4788dc2ad202f3ccb2887742f?s=96&d=wp_user_avatar&r=g","contentUrl":"https:\/\/secure.gravatar.com\/avatar\/71f2fa71737ad68a84fea94bc708ddac8ea5b0c4788dc2ad202f3ccb2887742f?s=96&d=wp_user_avatar&r=g","caption":"Reda\u00e7\u00e3o JO"},"url":"https:\/\/jornaldasoficinas.com\/pt\/author\/joredacao\/"}]}},"_links":{"self":[{"href":"https:\/\/jornaldasoficinas.com\/pt\/wp-json\/wp\/v2\/posts\/25693","targetHints":{"allow":["GET"]}}],"collection":[{"href":"https:\/\/jornaldasoficinas.com\/pt\/wp-json\/wp\/v2\/posts"}],"about":[{"href":"https:\/\/jornaldasoficinas.com\/pt\/wp-json\/wp\/v2\/types\/post"}],"author":[{"embeddable":true,"href":"https:\/\/jornaldasoficinas.com\/pt\/wp-json\/wp\/v2\/users\/15"}],"replies":[{"embeddable":true,"href":"https:\/\/jornaldasoficinas.com\/pt\/wp-json\/wp\/v2\/comments?post=25693"}],"version-history":[{"count":0,"href":"https:\/\/jornaldasoficinas.com\/pt\/wp-json\/wp\/v2\/posts\/25693\/revisions"}],"wp:featuredmedia":[{"embeddable":true,"href":"https:\/\/jornaldasoficinas.com\/pt\/wp-json\/wp\/v2\/media\/25686"}],"wp:attachment":[{"href":"https:\/\/jornaldasoficinas.com\/pt\/wp-json\/wp\/v2\/media?parent=25693"}],"wp:term":[{"taxonomy":"category","embeddable":true,"href":"https:\/\/jornaldasoficinas.com\/pt\/wp-json\/wp\/v2\/categories?post=25693"},{"taxonomy":"post_tag","embeddable":true,"href":"https:\/\/jornaldasoficinas.com\/pt\/wp-json\/wp\/v2\/tags?post=25693"}],"curies":[{"name":"wp","href":"https:\/\/api.w.org\/{rel}","templated":true}]}}