{"id":25769,"date":"2021-11-29T12:00:31","date_gmt":"2021-11-29T12:00:31","guid":{"rendered":"https:\/\/jornaldasoficinas.com\/pt\/?p=25769"},"modified":"2023-07-20T16:12:43","modified_gmt":"2023-07-20T15:12:43","slug":"zf-lanca-novo-produto-para-frotas-de-autocarros","status":"publish","type":"post","link":"https:\/\/jornaldasoficinas.com\/pt\/zf-lanca-novo-produto-para-frotas-de-autocarros\/","title":{"rendered":"ZF lan\u00e7a novo produto para frotas de autocarros"},"content":{"rendered":"<p><img loading=\"lazy\" decoding=\"async\" class=\"size-full wp-image-25689\" src=\"https:\/\/jornaldasoficinas.com\/pt\/wp-content\/uploads\/2021\/09\/ZF-lanca-novo-produto-para-frotas-de-autocarros.jpg\" alt=\"09 - ZF-lanca-novo-produto-para-frotas-de-autocarros\" width=\"1024\" height=\"581\" srcset=\"https:\/\/jornaldasoficinas.com\/pt\/wp-content\/uploads\/2021\/09\/ZF-lanca-novo-produto-para-frotas-de-autocarros.jpg 1024w, https:\/\/jornaldasoficinas.com\/pt\/wp-content\/uploads\/2021\/09\/ZF-lanca-novo-produto-para-frotas-de-autocarros-300x170.jpg 300w, https:\/\/jornaldasoficinas.com\/pt\/wp-content\/uploads\/2021\/09\/ZF-lanca-novo-produto-para-frotas-de-autocarros-150x85.jpg 150w, https:\/\/jornaldasoficinas.com\/pt\/wp-content\/uploads\/2021\/09\/ZF-lanca-novo-produto-para-frotas-de-autocarros-768x436.jpg 768w\" sizes=\"auto, (max-width: 1024px) 100vw, 1024px\" \/><\/p>\n<p><strong>A <a href=\"https:\/\/aftermarket.zf.com\/go\/en\/zf-bus-connect\/\" target=\"_blank\" rel=\"noopener\">ZF Bus Connect<\/a> \u00e9 um novo produto que atende \u00e0s necessidades dos operadores de frotas de autocarros. Como ferramenta avan\u00e7ada de gest\u00e3o de frotas, a ZF Bus Connect permite que os operadores de autocarros de transportes p\u00fablicos ou privados aumentem e melhorem a efici\u00eancia e o desempenho das suas frotas<\/strong><\/p>\n<p>&#8211; Seguran\u00e7a: Geofencing e monitoriza\u00e7\u00e3o do comportamento do condutor para detetar situa\u00e7\u00f5es perigosas de condu\u00e7\u00e3o de autocarros de forma a prevenir acidentes e proteger contra roubos.<\/p>\n<p>&#8211; Efici\u00eancia: A avalia\u00e7\u00e3o de dados em tempo real por autocarro permite a otimiza\u00e7\u00e3o dos planos de condu\u00e7\u00e3o e de rota e melhora o consumo de combust\u00edvel.<\/p>\n<p>&#8211; Tempo de funcionamento: Dete\u00e7\u00e3o remota preditiva de danos ou desgaste de itens consum\u00edveis compat\u00edveis com configura\u00e7\u00f5es de autocarros no mundo real, bem como diagn\u00f3stico e atualiza\u00e7\u00f5es para reduzir o tempo de inatividade.<\/p>\n<p>A ZF Bus Connect \u00e9 desenvolvida para autocarros de cidade e de turismo, com motores el\u00e9tricos e de combust\u00e3o ou sistemas h\u00edbridos numa frota mista. O utilizador pode verificar todos os aspetos do ve\u00edculo, incluindo a visualiza\u00e7\u00e3o ao vivo da localiza\u00e7\u00e3o do ve\u00edculo em tempo real, observar o consumo atual de energia ou combust\u00edvel, verificar o estado da carga da bateria ou manter o estado das pe\u00e7as do ve\u00edculo, desgaste dos trav\u00f5es e outras mensagens do sistema.<\/p>\n<p>Com a ZF Bus Connect estamos a ajudar os operadores de autocarros com a sua dif\u00edcil mudan\u00e7a para frotas totalmente el\u00e9tricas&#8221;, explicou Florian Freund, respons\u00e1vel pelo desenvolvimento da ZF Bus Connect.<\/p>\n<p>Com o poder da an\u00e1lise dos dados de bordo dos ve\u00edculos, estamos a ajudar os operadores a gerir a sua frota de forma eficiente, reduzindo o consumo de energia ou de combust\u00edvel e dando, ao mesmo tempo, uma vis\u00e3o clara da pegada de CO2 da frota&#8221;<\/p>\n<p><strong>Tudo numa oferta \u00fanica: um sistema, tr\u00eas \u00e1reas<br \/>\n<\/strong>A solu\u00e7\u00e3o digital ZF Bus Connect cobre tr\u00eas \u00e1reas: A Unidade de Bordo no ve\u00edculo, a nuvem e o portal online para an\u00e1lise de dados. Os operadores de frotas t\u00eam a possibilidade de adquirir esta solu\u00e7\u00e3o tudo-em-um da ZF como um pacote ou de se ligarem \u00e0 solu\u00e7\u00e3o de nuvem com a sua pr\u00f3pria Unidade de Bordo compat\u00edvel e acederem \u00e0 informa\u00e7\u00e3o atrav\u00e9s do portal como uma solu\u00e7\u00e3o de terceiros.<\/p>\n<p><strong>Tecnologias estabelecidas para novos mercados<br \/>\n<\/strong>Com base no know-how da atual solu\u00e7\u00e3o de conetividade de autocarros ZF que apoia mais de 10.000 autocarros em todo o mundo, a ZF desenvolveu a solu\u00e7\u00e3o digital ZF Bus Connect. At\u00e9 \u00e0 data, cinco frotas converteram-se \u00e0 nova gera\u00e7\u00e3o da solu\u00e7\u00e3o. A solu\u00e7\u00e3o foi desenvolvida no Data Venture Accelerator do Grupo ZF, que \u00e9 um centro mundial para neg\u00f3cios digitais integrado na investiga\u00e7\u00e3o e desenvolvimento global da ZF. Foi criado para apoiar e acelerar o desenvolvimento de produtos cujas ideias e conceitos provaram com sucesso o seu valor acrescentado e viabilidade tecnol\u00f3gica &#8211; desde as descobertas iniciais at\u00e9 aos produtos e servi\u00e7os digitais maduros.<\/p>\n","protected":false},"excerpt":{"rendered":"<p>A ZF Bus Connect \u00e9 um&#8230;<\/p>\n","protected":false},"author":15,"featured_media":25689,"comment_status":"closed","ping_status":"closed","sticky":false,"template":"","format":"standard","meta":{"footnotes":""},"categories":[29],"tags":[181],"class_list":["post-25769","post","type-post","status-publish","format-standard","has-post-thumbnail","hentry","category-empresas","tag-zf-aftermarket"],"yoast_head":"<!-- This site is optimized with the Yoast SEO plugin v27.4 - https:\/\/yoast.com\/product\/yoast-seo-wordpress\/ -->\n<title>ZF lan\u00e7a novo produto para frotas de autocarros - Jornal das Oficinas<\/title>\n<meta name=\"robots\" content=\"index, follow, max-snippet:-1, max-image-preview:large, max-video-preview:-1\" \/>\n<link rel=\"canonical\" href=\"https:\/\/jornaldasoficinas.com\/pt\/zf-lanca-novo-produto-para-frotas-de-autocarros\/\" \/>\n<meta property=\"og:locale\" content=\"pt_PT\" \/>\n<meta property=\"og:type\" content=\"article\" \/>\n<meta property=\"og:title\" content=\"ZF lan\u00e7a novo produto para frotas de autocarros - Jornal das Oficinas\" \/>\n<meta property=\"og:description\" content=\"A ZF Bus Connect \u00e9 um...\" \/>\n<meta property=\"og:url\" content=\"https:\/\/jornaldasoficinas.com\/pt\/zf-lanca-novo-produto-para-frotas-de-autocarros\/\" \/>\n<meta property=\"og:site_name\" content=\"Jornal das Oficinas\" \/>\n<meta property=\"article:publisher\" content=\"https:\/\/www.facebook.com\/jornaloficinas\" \/>\n<meta property=\"article:published_time\" content=\"2021-11-29T12:00:31+00:00\" \/>\n<meta property=\"article:modified_time\" content=\"2023-07-20T15:12:43+00:00\" \/>\n<meta property=\"og:image\" content=\"https:\/\/jornaldasoficinas.com\/pt\/wp-content\/uploads\/2021\/09\/ZF-lanca-novo-produto-para-frotas-de-autocarros.jpg\" \/>\n\t<meta property=\"og:image:width\" content=\"1024\" \/>\n\t<meta property=\"og:image:height\" content=\"581\" \/>\n\t<meta property=\"og:image:type\" content=\"image\/jpeg\" \/>\n<meta name=\"author\" content=\"Reda\u00e7\u00e3o JO\" \/>\n<meta name=\"twitter:card\" content=\"summary_large_image\" \/>\n<meta name=\"twitter:creator\" content=\"@jornaloficinas\" \/>\n<meta name=\"twitter:site\" content=\"@jornaloficinas\" \/>\n<meta name=\"twitter:label1\" content=\"Escrito por\" \/>\n\t<meta name=\"twitter:data1\" content=\"Reda\u00e7\u00e3o JO\" \/>\n\t<meta name=\"twitter:label2\" content=\"Tempo estimado de leitura\" \/>\n\t<meta name=\"twitter:data2\" content=\"3 minutos\" \/>\n<script type=\"application\/ld+json\" class=\"yoast-schema-graph\">{\"@context\":\"https:\\\/\\\/schema.org\",\"@graph\":[{\"@type\":\"Article\",\"@id\":\"https:\\\/\\\/jornaldasoficinas.com\\\/pt\\\/zf-lanca-novo-produto-para-frotas-de-autocarros\\\/#article\",\"isPartOf\":{\"@id\":\"https:\\\/\\\/jornaldasoficinas.com\\\/pt\\\/zf-lanca-novo-produto-para-frotas-de-autocarros\\\/\"},\"author\":{\"name\":\"Reda\u00e7\u00e3o JO\",\"@id\":\"https:\\\/\\\/jornaldasoficinas.com\\\/pt\\\/#\\\/schema\\\/person\\\/a38eef5de2c41d9e7c9ac10141afddf3\"},\"headline\":\"ZF lan\u00e7a novo produto para frotas de autocarros\",\"datePublished\":\"2021-11-29T12:00:31+00:00\",\"dateModified\":\"2023-07-20T15:12:43+00:00\",\"mainEntityOfPage\":{\"@id\":\"https:\\\/\\\/jornaldasoficinas.com\\\/pt\\\/zf-lanca-novo-produto-para-frotas-de-autocarros\\\/\"},\"wordCount\":540,\"publisher\":{\"@id\":\"https:\\\/\\\/jornaldasoficinas.com\\\/pt\\\/#organization\"},\"image\":{\"@id\":\"https:\\\/\\\/jornaldasoficinas.com\\\/pt\\\/zf-lanca-novo-produto-para-frotas-de-autocarros\\\/#primaryimage\"},\"thumbnailUrl\":\"https:\\\/\\\/jornaldasoficinas.com\\\/pt\\\/wp-content\\\/uploads\\\/2021\\\/09\\\/ZF-lanca-novo-produto-para-frotas-de-autocarros.jpg\",\"keywords\":[\"ZF Aftermarket\"],\"articleSection\":[\"Empresas\"],\"inLanguage\":\"pt-PT\"},{\"@type\":\"WebPage\",\"@id\":\"https:\\\/\\\/jornaldasoficinas.com\\\/pt\\\/zf-lanca-novo-produto-para-frotas-de-autocarros\\\/\",\"url\":\"https:\\\/\\\/jornaldasoficinas.com\\\/pt\\\/zf-lanca-novo-produto-para-frotas-de-autocarros\\\/\",\"name\":\"ZF lan\u00e7a novo produto para frotas de autocarros - Jornal das Oficinas\",\"isPartOf\":{\"@id\":\"https:\\\/\\\/jornaldasoficinas.com\\\/pt\\\/#website\"},\"primaryImageOfPage\":{\"@id\":\"https:\\\/\\\/jornaldasoficinas.com\\\/pt\\\/zf-lanca-novo-produto-para-frotas-de-autocarros\\\/#primaryimage\"},\"image\":{\"@id\":\"https:\\\/\\\/jornaldasoficinas.com\\\/pt\\\/zf-lanca-novo-produto-para-frotas-de-autocarros\\\/#primaryimage\"},\"thumbnailUrl\":\"https:\\\/\\\/jornaldasoficinas.com\\\/pt\\\/wp-content\\\/uploads\\\/2021\\\/09\\\/ZF-lanca-novo-produto-para-frotas-de-autocarros.jpg\",\"datePublished\":\"2021-11-29T12:00:31+00:00\",\"dateModified\":\"2023-07-20T15:12:43+00:00\",\"breadcrumb\":{\"@id\":\"https:\\\/\\\/jornaldasoficinas.com\\\/pt\\\/zf-lanca-novo-produto-para-frotas-de-autocarros\\\/#breadcrumb\"},\"inLanguage\":\"pt-PT\",\"potentialAction\":[{\"@type\":\"ReadAction\",\"target\":[\"https:\\\/\\\/jornaldasoficinas.com\\\/pt\\\/zf-lanca-novo-produto-para-frotas-de-autocarros\\\/\"]}]},{\"@type\":\"ImageObject\",\"inLanguage\":\"pt-PT\",\"@id\":\"https:\\\/\\\/jornaldasoficinas.com\\\/pt\\\/zf-lanca-novo-produto-para-frotas-de-autocarros\\\/#primaryimage\",\"url\":\"https:\\\/\\\/jornaldasoficinas.com\\\/pt\\\/wp-content\\\/uploads\\\/2021\\\/09\\\/ZF-lanca-novo-produto-para-frotas-de-autocarros.jpg\",\"contentUrl\":\"https:\\\/\\\/jornaldasoficinas.com\\\/pt\\\/wp-content\\\/uploads\\\/2021\\\/09\\\/ZF-lanca-novo-produto-para-frotas-de-autocarros.jpg\",\"width\":1024,\"height\":581,\"caption\":\"ZF Bus Connect is a fleet management tool that enables public transport or private bus operators to enhance and improve efficiency and performance of their fleets.\"},{\"@type\":\"BreadcrumbList\",\"@id\":\"https:\\\/\\\/jornaldasoficinas.com\\\/pt\\\/zf-lanca-novo-produto-para-frotas-de-autocarros\\\/#breadcrumb\",\"itemListElement\":[{\"@type\":\"ListItem\",\"position\":1,\"name\":\"In\u00edcio\",\"item\":\"https:\\\/\\\/jornaldasoficinas.com\\\/pt\\\/\"},{\"@type\":\"ListItem\",\"position\":2,\"name\":\"ZF lan\u00e7a novo produto para frotas de autocarros\"}]},{\"@type\":\"WebSite\",\"@id\":\"https:\\\/\\\/jornaldasoficinas.com\\\/pt\\\/#website\",\"url\":\"https:\\\/\\\/jornaldasoficinas.com\\\/pt\\\/\",\"name\":\"Jornal das Oficinas\",\"description\":\"Jornal independente do Aftermarket Autom\u00f3vel em Portugal\",\"publisher\":{\"@id\":\"https:\\\/\\\/jornaldasoficinas.com\\\/pt\\\/#organization\"},\"potentialAction\":[{\"@type\":\"SearchAction\",\"target\":{\"@type\":\"EntryPoint\",\"urlTemplate\":\"https:\\\/\\\/jornaldasoficinas.com\\\/pt\\\/?s={search_term_string}\"},\"query-input\":{\"@type\":\"PropertyValueSpecification\",\"valueRequired\":true,\"valueName\":\"search_term_string\"}}],\"inLanguage\":\"pt-PT\"},{\"@type\":\"Organization\",\"@id\":\"https:\\\/\\\/jornaldasoficinas.com\\\/pt\\\/#organization\",\"name\":\"Jornal das Oficinas\",\"url\":\"https:\\\/\\\/jornaldasoficinas.com\\\/pt\\\/\",\"logo\":{\"@type\":\"ImageObject\",\"inLanguage\":\"pt-PT\",\"@id\":\"https:\\\/\\\/jornaldasoficinas.com\\\/pt\\\/#\\\/schema\\\/logo\\\/image\\\/\",\"url\":\"https:\\\/\\\/jornaldasoficinas.com\\\/pt\\\/wp-content\\\/uploads\\\/logoJO-SEO.png\",\"contentUrl\":\"https:\\\/\\\/jornaldasoficinas.com\\\/pt\\\/wp-content\\\/uploads\\\/logoJO-SEO.png\",\"width\":285,\"height\":450,\"caption\":\"Jornal das Oficinas\"},\"image\":{\"@id\":\"https:\\\/\\\/jornaldasoficinas.com\\\/pt\\\/#\\\/schema\\\/logo\\\/image\\\/\"},\"sameAs\":[\"https:\\\/\\\/www.facebook.com\\\/jornaloficinas\",\"https:\\\/\\\/x.com\\\/jornaloficinas\",\"https:\\\/\\\/www.instagram.com\\\/jornal_oficinas\\\/\",\"https:\\\/\\\/www.linkedin.com\\\/company\\\/jornal-das-oficinas\\\/\",\"https:\\\/\\\/www.youtube.com\\\/channel\\\/UCbQZBqtcvV-oSQrr7RzINGg\"]},{\"@type\":\"Person\",\"@id\":\"https:\\\/\\\/jornaldasoficinas.com\\\/pt\\\/#\\\/schema\\\/person\\\/a38eef5de2c41d9e7c9ac10141afddf3\",\"name\":\"Reda\u00e7\u00e3o JO\",\"image\":{\"@type\":\"ImageObject\",\"inLanguage\":\"pt-PT\",\"@id\":\"https:\\\/\\\/secure.gravatar.com\\\/avatar\\\/71f2fa71737ad68a84fea94bc708ddac8ea5b0c4788dc2ad202f3ccb2887742f?s=96&d=wp_user_avatar&r=g\",\"url\":\"https:\\\/\\\/secure.gravatar.com\\\/avatar\\\/71f2fa71737ad68a84fea94bc708ddac8ea5b0c4788dc2ad202f3ccb2887742f?s=96&d=wp_user_avatar&r=g\",\"contentUrl\":\"https:\\\/\\\/secure.gravatar.com\\\/avatar\\\/71f2fa71737ad68a84fea94bc708ddac8ea5b0c4788dc2ad202f3ccb2887742f?s=96&d=wp_user_avatar&r=g\",\"caption\":\"Reda\u00e7\u00e3o JO\"},\"url\":\"https:\\\/\\\/jornaldasoficinas.com\\\/pt\\\/author\\\/joredacao\\\/\"}]}<\/script>\n<!-- \/ Yoast SEO plugin. -->","yoast_head_json":{"title":"ZF lan\u00e7a novo produto para frotas de autocarros - Jornal das Oficinas","robots":{"index":"index","follow":"follow","max-snippet":"max-snippet:-1","max-image-preview":"max-image-preview:large","max-video-preview":"max-video-preview:-1"},"canonical":"https:\/\/jornaldasoficinas.com\/pt\/zf-lanca-novo-produto-para-frotas-de-autocarros\/","og_locale":"pt_PT","og_type":"article","og_title":"ZF lan\u00e7a novo produto para frotas de autocarros - Jornal das Oficinas","og_description":"A ZF Bus Connect \u00e9 um...","og_url":"https:\/\/jornaldasoficinas.com\/pt\/zf-lanca-novo-produto-para-frotas-de-autocarros\/","og_site_name":"Jornal das Oficinas","article_publisher":"https:\/\/www.facebook.com\/jornaloficinas","article_published_time":"2021-11-29T12:00:31+00:00","article_modified_time":"2023-07-20T15:12:43+00:00","og_image":[{"width":1024,"height":581,"url":"https:\/\/jornaldasoficinas.com\/pt\/wp-content\/uploads\/2021\/09\/ZF-lanca-novo-produto-para-frotas-de-autocarros.jpg","type":"image\/jpeg"}],"author":"Reda\u00e7\u00e3o JO","twitter_card":"summary_large_image","twitter_creator":"@jornaloficinas","twitter_site":"@jornaloficinas","twitter_misc":{"Escrito por":"Reda\u00e7\u00e3o JO","Tempo estimado de leitura":"3 minutos"},"schema":{"@context":"https:\/\/schema.org","@graph":[{"@type":"Article","@id":"https:\/\/jornaldasoficinas.com\/pt\/zf-lanca-novo-produto-para-frotas-de-autocarros\/#article","isPartOf":{"@id":"https:\/\/jornaldasoficinas.com\/pt\/zf-lanca-novo-produto-para-frotas-de-autocarros\/"},"author":{"name":"Reda\u00e7\u00e3o JO","@id":"https:\/\/jornaldasoficinas.com\/pt\/#\/schema\/person\/a38eef5de2c41d9e7c9ac10141afddf3"},"headline":"ZF lan\u00e7a novo produto para frotas de autocarros","datePublished":"2021-11-29T12:00:31+00:00","dateModified":"2023-07-20T15:12:43+00:00","mainEntityOfPage":{"@id":"https:\/\/jornaldasoficinas.com\/pt\/zf-lanca-novo-produto-para-frotas-de-autocarros\/"},"wordCount":540,"publisher":{"@id":"https:\/\/jornaldasoficinas.com\/pt\/#organization"},"image":{"@id":"https:\/\/jornaldasoficinas.com\/pt\/zf-lanca-novo-produto-para-frotas-de-autocarros\/#primaryimage"},"thumbnailUrl":"https:\/\/jornaldasoficinas.com\/pt\/wp-content\/uploads\/2021\/09\/ZF-lanca-novo-produto-para-frotas-de-autocarros.jpg","keywords":["ZF Aftermarket"],"articleSection":["Empresas"],"inLanguage":"pt-PT"},{"@type":"WebPage","@id":"https:\/\/jornaldasoficinas.com\/pt\/zf-lanca-novo-produto-para-frotas-de-autocarros\/","url":"https:\/\/jornaldasoficinas.com\/pt\/zf-lanca-novo-produto-para-frotas-de-autocarros\/","name":"ZF lan\u00e7a novo produto para frotas de autocarros - Jornal das Oficinas","isPartOf":{"@id":"https:\/\/jornaldasoficinas.com\/pt\/#website"},"primaryImageOfPage":{"@id":"https:\/\/jornaldasoficinas.com\/pt\/zf-lanca-novo-produto-para-frotas-de-autocarros\/#primaryimage"},"image":{"@id":"https:\/\/jornaldasoficinas.com\/pt\/zf-lanca-novo-produto-para-frotas-de-autocarros\/#primaryimage"},"thumbnailUrl":"https:\/\/jornaldasoficinas.com\/pt\/wp-content\/uploads\/2021\/09\/ZF-lanca-novo-produto-para-frotas-de-autocarros.jpg","datePublished":"2021-11-29T12:00:31+00:00","dateModified":"2023-07-20T15:12:43+00:00","breadcrumb":{"@id":"https:\/\/jornaldasoficinas.com\/pt\/zf-lanca-novo-produto-para-frotas-de-autocarros\/#breadcrumb"},"inLanguage":"pt-PT","potentialAction":[{"@type":"ReadAction","target":["https:\/\/jornaldasoficinas.com\/pt\/zf-lanca-novo-produto-para-frotas-de-autocarros\/"]}]},{"@type":"ImageObject","inLanguage":"pt-PT","@id":"https:\/\/jornaldasoficinas.com\/pt\/zf-lanca-novo-produto-para-frotas-de-autocarros\/#primaryimage","url":"https:\/\/jornaldasoficinas.com\/pt\/wp-content\/uploads\/2021\/09\/ZF-lanca-novo-produto-para-frotas-de-autocarros.jpg","contentUrl":"https:\/\/jornaldasoficinas.com\/pt\/wp-content\/uploads\/2021\/09\/ZF-lanca-novo-produto-para-frotas-de-autocarros.jpg","width":1024,"height":581,"caption":"ZF Bus Connect is a fleet management tool that enables public transport or private bus operators to enhance and improve efficiency and performance of their fleets."},{"@type":"BreadcrumbList","@id":"https:\/\/jornaldasoficinas.com\/pt\/zf-lanca-novo-produto-para-frotas-de-autocarros\/#breadcrumb","itemListElement":[{"@type":"ListItem","position":1,"name":"In\u00edcio","item":"https:\/\/jornaldasoficinas.com\/pt\/"},{"@type":"ListItem","position":2,"name":"ZF lan\u00e7a novo produto para frotas de autocarros"}]},{"@type":"WebSite","@id":"https:\/\/jornaldasoficinas.com\/pt\/#website","url":"https:\/\/jornaldasoficinas.com\/pt\/","name":"Jornal das Oficinas","description":"Jornal independente do Aftermarket Autom\u00f3vel em Portugal","publisher":{"@id":"https:\/\/jornaldasoficinas.com\/pt\/#organization"},"potentialAction":[{"@type":"SearchAction","target":{"@type":"EntryPoint","urlTemplate":"https:\/\/jornaldasoficinas.com\/pt\/?s={search_term_string}"},"query-input":{"@type":"PropertyValueSpecification","valueRequired":true,"valueName":"search_term_string"}}],"inLanguage":"pt-PT"},{"@type":"Organization","@id":"https:\/\/jornaldasoficinas.com\/pt\/#organization","name":"Jornal das Oficinas","url":"https:\/\/jornaldasoficinas.com\/pt\/","logo":{"@type":"ImageObject","inLanguage":"pt-PT","@id":"https:\/\/jornaldasoficinas.com\/pt\/#\/schema\/logo\/image\/","url":"https:\/\/jornaldasoficinas.com\/pt\/wp-content\/uploads\/logoJO-SEO.png","contentUrl":"https:\/\/jornaldasoficinas.com\/pt\/wp-content\/uploads\/logoJO-SEO.png","width":285,"height":450,"caption":"Jornal das Oficinas"},"image":{"@id":"https:\/\/jornaldasoficinas.com\/pt\/#\/schema\/logo\/image\/"},"sameAs":["https:\/\/www.facebook.com\/jornaloficinas","https:\/\/x.com\/jornaloficinas","https:\/\/www.instagram.com\/jornal_oficinas\/","https:\/\/www.linkedin.com\/company\/jornal-das-oficinas\/","https:\/\/www.youtube.com\/channel\/UCbQZBqtcvV-oSQrr7RzINGg"]},{"@type":"Person","@id":"https:\/\/jornaldasoficinas.com\/pt\/#\/schema\/person\/a38eef5de2c41d9e7c9ac10141afddf3","name":"Reda\u00e7\u00e3o JO","image":{"@type":"ImageObject","inLanguage":"pt-PT","@id":"https:\/\/secure.gravatar.com\/avatar\/71f2fa71737ad68a84fea94bc708ddac8ea5b0c4788dc2ad202f3ccb2887742f?s=96&d=wp_user_avatar&r=g","url":"https:\/\/secure.gravatar.com\/avatar\/71f2fa71737ad68a84fea94bc708ddac8ea5b0c4788dc2ad202f3ccb2887742f?s=96&d=wp_user_avatar&r=g","contentUrl":"https:\/\/secure.gravatar.com\/avatar\/71f2fa71737ad68a84fea94bc708ddac8ea5b0c4788dc2ad202f3ccb2887742f?s=96&d=wp_user_avatar&r=g","caption":"Reda\u00e7\u00e3o JO"},"url":"https:\/\/jornaldasoficinas.com\/pt\/author\/joredacao\/"}]}},"_links":{"self":[{"href":"https:\/\/jornaldasoficinas.com\/pt\/wp-json\/wp\/v2\/posts\/25769","targetHints":{"allow":["GET"]}}],"collection":[{"href":"https:\/\/jornaldasoficinas.com\/pt\/wp-json\/wp\/v2\/posts"}],"about":[{"href":"https:\/\/jornaldasoficinas.com\/pt\/wp-json\/wp\/v2\/types\/post"}],"author":[{"embeddable":true,"href":"https:\/\/jornaldasoficinas.com\/pt\/wp-json\/wp\/v2\/users\/15"}],"replies":[{"embeddable":true,"href":"https:\/\/jornaldasoficinas.com\/pt\/wp-json\/wp\/v2\/comments?post=25769"}],"version-history":[{"count":0,"href":"https:\/\/jornaldasoficinas.com\/pt\/wp-json\/wp\/v2\/posts\/25769\/revisions"}],"wp:featuredmedia":[{"embeddable":true,"href":"https:\/\/jornaldasoficinas.com\/pt\/wp-json\/wp\/v2\/media\/25689"}],"wp:attachment":[{"href":"https:\/\/jornaldasoficinas.com\/pt\/wp-json\/wp\/v2\/media?parent=25769"}],"wp:term":[{"taxonomy":"category","embeddable":true,"href":"https:\/\/jornaldasoficinas.com\/pt\/wp-json\/wp\/v2\/categories?post=25769"},{"taxonomy":"post_tag","embeddable":true,"href":"https:\/\/jornaldasoficinas.com\/pt\/wp-json\/wp\/v2\/tags?post=25769"}],"curies":[{"name":"wp","href":"https:\/\/api.w.org\/{rel}","templated":true}]}}