{"id":25825,"date":"2021-12-01T16:00:17","date_gmt":"2021-12-01T16:00:17","guid":{"rendered":"https:\/\/jornaldasoficinas.com\/pt\/?p=25825"},"modified":"2021-12-01T09:52:44","modified_gmt":"2021-12-01T09:52:44","slug":"diamantino-perpetua-foco-no-plano-estrategico","status":"publish","type":"post","link":"https:\/\/jornaldasoficinas.com\/pt\/diamantino-perpetua-foco-no-plano-estrategico\/","title":{"rendered":"Diamantino Perp\u00e9tua: Foco no plano estrat\u00e9gico!"},"content":{"rendered":"<p><img loading=\"lazy\" decoding=\"async\" class=\"alignnone size-full wp-image-25819\" src=\"https:\/\/jornaldasoficinas.com\/pt\/wp-content\/uploads\/2021\/12\/diamantino-perpetua.jpeg\" alt=\"12 - diamantino-perpetua\" width=\"1024\" height=\"581\" srcset=\"https:\/\/jornaldasoficinas.com\/pt\/wp-content\/uploads\/2021\/12\/diamantino-perpetua.jpeg 1024w, https:\/\/jornaldasoficinas.com\/pt\/wp-content\/uploads\/2021\/12\/diamantino-perpetua-300x170.jpeg 300w, https:\/\/jornaldasoficinas.com\/pt\/wp-content\/uploads\/2021\/12\/diamantino-perpetua-150x85.jpeg 150w, https:\/\/jornaldasoficinas.com\/pt\/wp-content\/uploads\/2021\/12\/diamantino-perpetua-768x436.jpeg 768w\" sizes=\"auto, (max-width: 1024px) 100vw, 1024px\" \/><\/p>\n<p><strong>O grupo <a href=\"https:\/\/www.diamantino.eu\/\" target=\"_blank\" rel=\"noopener\">Diamantino Perp\u00e9tua<\/a> teve origem h\u00e1 quase 25 anos, dedicado ao com\u00e9rcio de pe\u00e7as novas, usadas e recondicionadas exclusivamente para pesados Scania. Hoje est\u00e1 presente <\/strong><strong>em Portugal, Fran\u00e7a e no Paraguai e atravessa um dos melhores momentos da sua hist\u00f3ria, com a empresa a alcan\u00e7ar o seu melhor desempenho econ\u00f3mico em 2020, em plena pandemia<\/strong><\/p>\n<p>Corria o ano de 2001 quando foi formada a sociedade Diamantino Perp\u00e9tua e Filhos Lda., depois de quatro anos de atividade em nome individual. Diamantino de Jesus Perp\u00e9tua, desde sempre ligado ao mundo Scania, tinha at\u00e9 ent\u00e3o trabalhado apenas por conta de outrem, quando o filho, Hugo Perp\u00e9tua, completou 18 anos e o desafiou a lan\u00e7ar-se por conta pr\u00f3pria. A empresa arrancou num pequeno estabelecimento em Condeixa e seis meses depois j\u00e1 estava em Leiria. A mudan\u00e7a para as atuais instala\u00e7\u00f5es coincidiu com a forma\u00e7\u00e3o da sociedade, que foi crescendo paulatinamente, tornando-se um conjunto de empresas atualmente presente em tr\u00eas pa\u00edses: Portugal, Fran\u00e7a e Paraguai. Hoje, o fundador Diamantino Perp\u00e9tua j\u00e1 se encontra afastado das lides profissionais h\u00e1 mais de uma d\u00e9cada, sendo o filho, em conjunto com o genro, Filipe Pinheiro, a assumirem as fun\u00e7\u00f5es de administradores da empresa.<\/p>\n<p><strong>Expans\u00e3o internacional<\/strong><br \/>\nLicenciada para o abate de ve\u00edculos pesados em fim de vida, a Diamantino Perp\u00e9tua desmantela e recicla dezenas de cami\u00f5es todos os anos. As pe\u00e7as extra\u00eddas destes cami\u00f5es s\u00e3o analisadas por t\u00e9cnicos e, se corresponderem aos padr\u00f5es de qualidade, s\u00e3o disponibilizadas para o mercado uma segunda vez, prolongando assim o seu ciclo de vida. Esta l\u00f3gica de economia circular resulta num neg\u00f3cio sustent\u00e1vel e financeiramente muito vi\u00e1vel para quem pretende comprar pe\u00e7as usadas, pelo que rapidamente a empresa evoluiu e passou de comprar e desmantelar cami\u00f5es para chegar \u00e0 exporta\u00e7\u00e3o. Em 2010, o volume de neg\u00f3cios em Fran\u00e7a passou a justificar a abertura da empresa em Toulouse e, em 2014, no Paraguai, onde j\u00e1 t\u00eam duas localiza\u00e7\u00f5es e perspetivam abrir uma terceira a curto prazo.<\/p>\n<p>Efetivamente, trata-se de um grupo apenas enquanto conjunto de empresas, pois cada uma delas est\u00e1 radicada no seu respetivo pa\u00eds e conta com um regime jur\u00eddico pr\u00f3prio, partilhando os mesmos s\u00f3cios: a fam\u00edlia Perp\u00e9tua. As pe\u00e7as que a Diamantino Perp\u00e9tua reconstr\u00f3i s\u00e3o de cami\u00f5es com uma m\u00e9dia de idades a rondar os 8\/10 anos, sendo que para o Paraguai andam perto dos 20 anos. Para os administradores, Hugo Perp\u00e9tua e Filipe Pinheiro, a empresa ir\u00e1 continuar presente no Paraguai, referindo que em cinco anos conquistaram 6 mil clientes neste pa\u00eds, a comprar diariamente. Portugal continua a ser a \u00abcasa m\u00e3e\u00bb, de onde os produtos s\u00e3o remetidos em contentores ou em cami\u00e3o e neste momento, o principal entrave ao crescimento \u00e9 mesmo a falta disponibilidade log\u00edstica e os custos de transporte: \u201cAs datas de expedi\u00e7\u00e3o de contentores s\u00e3o incertas e o custo subiu de quatro mil d\u00f3lares para 16 mil d\u00f3lares, por contentor\u201d, explicam os respons\u00e1veis.<\/p>\n<p>Em Portugal trabalham 50 colaboradores na DP, sendo 80 no total do grupo. Atualmente, 75% do volume de neg\u00f3cios \u00e9 para exporta\u00e7\u00e3o, dos quais 50% segue para as empresas do grupo e 25% para o resto do mundo. Os restantes 25% s\u00e3o vendas nacionais. A administra\u00e7\u00e3o comenta que \u201cj\u00e1 export\u00e1mos ou exportamos para todos os continentes do mundo. Anualmente, em m\u00e9dia, exportamos para 20\/30 pa\u00edses diferentes e todos os anos conseguimos faz\u00ea-lo para novas geografias\u201d.<\/p>\n<p>Para ler todo o artigo clique <a href=\"https:\/\/www.yumpu.com\/pt\/document\/read\/66010465\/jornal-das-oficinas-192\/40\" target=\"_blank\" rel=\"noopener\">aqui<\/a>.<\/p>\n","protected":false},"excerpt":{"rendered":"<p>O grupo Diamantino Perp\u00e9tua teve origem&#8230;<\/p>\n","protected":false},"author":15,"featured_media":25819,"comment_status":"closed","ping_status":"closed","sticky":false,"template":"","format":"standard","meta":{"footnotes":""},"categories":[29],"tags":[2736],"class_list":["post-25825","post","type-post","status-publish","format-standard","has-post-thumbnail","hentry","category-empresas","tag-diamantino-perpetua"],"yoast_head":"<!-- This site is optimized with the Yoast SEO plugin v27.5 - https:\/\/yoast.com\/product\/yoast-seo-wordpress\/ -->\n<title>Diamantino Perp\u00e9tua: Foco no plano estrat\u00e9gico! - Jornal das Oficinas<\/title>\n<meta name=\"robots\" content=\"index, follow, max-snippet:-1, max-image-preview:large, max-video-preview:-1\" \/>\n<link rel=\"canonical\" href=\"https:\/\/jornaldasoficinas.com\/pt\/diamantino-perpetua-foco-no-plano-estrategico\/\" \/>\n<meta property=\"og:locale\" content=\"pt_PT\" \/>\n<meta property=\"og:type\" content=\"article\" \/>\n<meta property=\"og:title\" content=\"Diamantino Perp\u00e9tua: Foco no plano estrat\u00e9gico! - Jornal das Oficinas\" \/>\n<meta property=\"og:description\" content=\"O grupo Diamantino Perp\u00e9tua teve origem...\" \/>\n<meta property=\"og:url\" content=\"https:\/\/jornaldasoficinas.com\/pt\/diamantino-perpetua-foco-no-plano-estrategico\/\" \/>\n<meta property=\"og:site_name\" content=\"Jornal das Oficinas\" \/>\n<meta property=\"article:publisher\" content=\"https:\/\/www.facebook.com\/jornaloficinas\" \/>\n<meta property=\"article:published_time\" content=\"2021-12-01T16:00:17+00:00\" \/>\n<meta property=\"og:image\" content=\"https:\/\/jornaldasoficinas.com\/pt\/wp-content\/uploads\/2021\/12\/diamantino-perpetua.jpeg\" \/>\n\t<meta property=\"og:image:width\" content=\"1024\" \/>\n\t<meta property=\"og:image:height\" content=\"581\" \/>\n\t<meta property=\"og:image:type\" content=\"image\/jpeg\" \/>\n<meta name=\"author\" content=\"Reda\u00e7\u00e3o JO\" \/>\n<meta name=\"twitter:card\" content=\"summary_large_image\" \/>\n<meta name=\"twitter:creator\" content=\"@jornaloficinas\" \/>\n<meta name=\"twitter:site\" content=\"@jornaloficinas\" \/>\n<meta name=\"twitter:label1\" content=\"Escrito por\" \/>\n\t<meta name=\"twitter:data1\" content=\"Reda\u00e7\u00e3o JO\" \/>\n\t<meta name=\"twitter:label2\" content=\"Tempo estimado de leitura\" \/>\n\t<meta name=\"twitter:data2\" content=\"3 minutos\" \/>\n<script type=\"application\/ld+json\" class=\"yoast-schema-graph\">{\"@context\":\"https:\\\/\\\/schema.org\",\"@graph\":[{\"@type\":\"Article\",\"@id\":\"https:\\\/\\\/jornaldasoficinas.com\\\/pt\\\/diamantino-perpetua-foco-no-plano-estrategico\\\/#article\",\"isPartOf\":{\"@id\":\"https:\\\/\\\/jornaldasoficinas.com\\\/pt\\\/diamantino-perpetua-foco-no-plano-estrategico\\\/\"},\"author\":{\"name\":\"Reda\u00e7\u00e3o JO\",\"@id\":\"https:\\\/\\\/jornaldasoficinas.com\\\/pt\\\/#\\\/schema\\\/person\\\/a38eef5de2c41d9e7c9ac10141afddf3\"},\"headline\":\"Diamantino Perp\u00e9tua: Foco no plano estrat\u00e9gico!\",\"datePublished\":\"2021-12-01T16:00:17+00:00\",\"mainEntityOfPage\":{\"@id\":\"https:\\\/\\\/jornaldasoficinas.com\\\/pt\\\/diamantino-perpetua-foco-no-plano-estrategico\\\/\"},\"wordCount\":623,\"publisher\":{\"@id\":\"https:\\\/\\\/jornaldasoficinas.com\\\/pt\\\/#organization\"},\"image\":{\"@id\":\"https:\\\/\\\/jornaldasoficinas.com\\\/pt\\\/diamantino-perpetua-foco-no-plano-estrategico\\\/#primaryimage\"},\"thumbnailUrl\":\"https:\\\/\\\/jornaldasoficinas.com\\\/pt\\\/wp-content\\\/uploads\\\/2021\\\/12\\\/diamantino-perpetua.jpeg\",\"keywords\":[\"Diamantino Perp\u00e9tua\"],\"articleSection\":[\"Empresas\"],\"inLanguage\":\"pt-PT\"},{\"@type\":\"WebPage\",\"@id\":\"https:\\\/\\\/jornaldasoficinas.com\\\/pt\\\/diamantino-perpetua-foco-no-plano-estrategico\\\/\",\"url\":\"https:\\\/\\\/jornaldasoficinas.com\\\/pt\\\/diamantino-perpetua-foco-no-plano-estrategico\\\/\",\"name\":\"Diamantino Perp\u00e9tua: Foco no plano estrat\u00e9gico! - Jornal das Oficinas\",\"isPartOf\":{\"@id\":\"https:\\\/\\\/jornaldasoficinas.com\\\/pt\\\/#website\"},\"primaryImageOfPage\":{\"@id\":\"https:\\\/\\\/jornaldasoficinas.com\\\/pt\\\/diamantino-perpetua-foco-no-plano-estrategico\\\/#primaryimage\"},\"image\":{\"@id\":\"https:\\\/\\\/jornaldasoficinas.com\\\/pt\\\/diamantino-perpetua-foco-no-plano-estrategico\\\/#primaryimage\"},\"thumbnailUrl\":\"https:\\\/\\\/jornaldasoficinas.com\\\/pt\\\/wp-content\\\/uploads\\\/2021\\\/12\\\/diamantino-perpetua.jpeg\",\"datePublished\":\"2021-12-01T16:00:17+00:00\",\"breadcrumb\":{\"@id\":\"https:\\\/\\\/jornaldasoficinas.com\\\/pt\\\/diamantino-perpetua-foco-no-plano-estrategico\\\/#breadcrumb\"},\"inLanguage\":\"pt-PT\",\"potentialAction\":[{\"@type\":\"ReadAction\",\"target\":[\"https:\\\/\\\/jornaldasoficinas.com\\\/pt\\\/diamantino-perpetua-foco-no-plano-estrategico\\\/\"]}]},{\"@type\":\"ImageObject\",\"inLanguage\":\"pt-PT\",\"@id\":\"https:\\\/\\\/jornaldasoficinas.com\\\/pt\\\/diamantino-perpetua-foco-no-plano-estrategico\\\/#primaryimage\",\"url\":\"https:\\\/\\\/jornaldasoficinas.com\\\/pt\\\/wp-content\\\/uploads\\\/2021\\\/12\\\/diamantino-perpetua.jpeg\",\"contentUrl\":\"https:\\\/\\\/jornaldasoficinas.com\\\/pt\\\/wp-content\\\/uploads\\\/2021\\\/12\\\/diamantino-perpetua.jpeg\",\"width\":1024,\"height\":581,\"caption\":\"12 - diamantino-perpetua\"},{\"@type\":\"BreadcrumbList\",\"@id\":\"https:\\\/\\\/jornaldasoficinas.com\\\/pt\\\/diamantino-perpetua-foco-no-plano-estrategico\\\/#breadcrumb\",\"itemListElement\":[{\"@type\":\"ListItem\",\"position\":1,\"name\":\"In\u00edcio\",\"item\":\"https:\\\/\\\/jornaldasoficinas.com\\\/pt\\\/\"},{\"@type\":\"ListItem\",\"position\":2,\"name\":\"Diamantino Perp\u00e9tua: Foco no plano estrat\u00e9gico!\"}]},{\"@type\":\"WebSite\",\"@id\":\"https:\\\/\\\/jornaldasoficinas.com\\\/pt\\\/#website\",\"url\":\"https:\\\/\\\/jornaldasoficinas.com\\\/pt\\\/\",\"name\":\"Jornal das Oficinas\",\"description\":\"Jornal independente do Aftermarket Autom\u00f3vel em Portugal\",\"publisher\":{\"@id\":\"https:\\\/\\\/jornaldasoficinas.com\\\/pt\\\/#organization\"},\"potentialAction\":[{\"@type\":\"SearchAction\",\"target\":{\"@type\":\"EntryPoint\",\"urlTemplate\":\"https:\\\/\\\/jornaldasoficinas.com\\\/pt\\\/?s={search_term_string}\"},\"query-input\":{\"@type\":\"PropertyValueSpecification\",\"valueRequired\":true,\"valueName\":\"search_term_string\"}}],\"inLanguage\":\"pt-PT\"},{\"@type\":\"Organization\",\"@id\":\"https:\\\/\\\/jornaldasoficinas.com\\\/pt\\\/#organization\",\"name\":\"Jornal das Oficinas\",\"url\":\"https:\\\/\\\/jornaldasoficinas.com\\\/pt\\\/\",\"logo\":{\"@type\":\"ImageObject\",\"inLanguage\":\"pt-PT\",\"@id\":\"https:\\\/\\\/jornaldasoficinas.com\\\/pt\\\/#\\\/schema\\\/logo\\\/image\\\/\",\"url\":\"https:\\\/\\\/jornaldasoficinas.com\\\/pt\\\/wp-content\\\/uploads\\\/logoJO-SEO.png\",\"contentUrl\":\"https:\\\/\\\/jornaldasoficinas.com\\\/pt\\\/wp-content\\\/uploads\\\/logoJO-SEO.png\",\"width\":285,\"height\":450,\"caption\":\"Jornal das Oficinas\"},\"image\":{\"@id\":\"https:\\\/\\\/jornaldasoficinas.com\\\/pt\\\/#\\\/schema\\\/logo\\\/image\\\/\"},\"sameAs\":[\"https:\\\/\\\/www.facebook.com\\\/jornaloficinas\",\"https:\\\/\\\/x.com\\\/jornaloficinas\",\"https:\\\/\\\/www.instagram.com\\\/jornal_oficinas\\\/\",\"https:\\\/\\\/www.linkedin.com\\\/company\\\/jornal-das-oficinas\\\/\",\"https:\\\/\\\/www.youtube.com\\\/channel\\\/UCbQZBqtcvV-oSQrr7RzINGg\"]},{\"@type\":\"Person\",\"@id\":\"https:\\\/\\\/jornaldasoficinas.com\\\/pt\\\/#\\\/schema\\\/person\\\/a38eef5de2c41d9e7c9ac10141afddf3\",\"name\":\"Reda\u00e7\u00e3o JO\",\"image\":{\"@type\":\"ImageObject\",\"inLanguage\":\"pt-PT\",\"@id\":\"https:\\\/\\\/secure.gravatar.com\\\/avatar\\\/71f2fa71737ad68a84fea94bc708ddac8ea5b0c4788dc2ad202f3ccb2887742f?s=96&d=wp_user_avatar&r=g\",\"url\":\"https:\\\/\\\/secure.gravatar.com\\\/avatar\\\/71f2fa71737ad68a84fea94bc708ddac8ea5b0c4788dc2ad202f3ccb2887742f?s=96&d=wp_user_avatar&r=g\",\"contentUrl\":\"https:\\\/\\\/secure.gravatar.com\\\/avatar\\\/71f2fa71737ad68a84fea94bc708ddac8ea5b0c4788dc2ad202f3ccb2887742f?s=96&d=wp_user_avatar&r=g\",\"caption\":\"Reda\u00e7\u00e3o JO\"},\"url\":\"https:\\\/\\\/jornaldasoficinas.com\\\/pt\\\/author\\\/joredacao\\\/\"}]}<\/script>\n<!-- \/ Yoast SEO plugin. -->","yoast_head_json":{"title":"Diamantino Perp\u00e9tua: Foco no plano estrat\u00e9gico! - Jornal das Oficinas","robots":{"index":"index","follow":"follow","max-snippet":"max-snippet:-1","max-image-preview":"max-image-preview:large","max-video-preview":"max-video-preview:-1"},"canonical":"https:\/\/jornaldasoficinas.com\/pt\/diamantino-perpetua-foco-no-plano-estrategico\/","og_locale":"pt_PT","og_type":"article","og_title":"Diamantino Perp\u00e9tua: Foco no plano estrat\u00e9gico! - Jornal das Oficinas","og_description":"O grupo Diamantino Perp\u00e9tua teve origem...","og_url":"https:\/\/jornaldasoficinas.com\/pt\/diamantino-perpetua-foco-no-plano-estrategico\/","og_site_name":"Jornal das Oficinas","article_publisher":"https:\/\/www.facebook.com\/jornaloficinas","article_published_time":"2021-12-01T16:00:17+00:00","og_image":[{"width":1024,"height":581,"url":"https:\/\/jornaldasoficinas.com\/pt\/wp-content\/uploads\/2021\/12\/diamantino-perpetua.jpeg","type":"image\/jpeg"}],"author":"Reda\u00e7\u00e3o JO","twitter_card":"summary_large_image","twitter_creator":"@jornaloficinas","twitter_site":"@jornaloficinas","twitter_misc":{"Escrito por":"Reda\u00e7\u00e3o JO","Tempo estimado de leitura":"3 minutos"},"schema":{"@context":"https:\/\/schema.org","@graph":[{"@type":"Article","@id":"https:\/\/jornaldasoficinas.com\/pt\/diamantino-perpetua-foco-no-plano-estrategico\/#article","isPartOf":{"@id":"https:\/\/jornaldasoficinas.com\/pt\/diamantino-perpetua-foco-no-plano-estrategico\/"},"author":{"name":"Reda\u00e7\u00e3o JO","@id":"https:\/\/jornaldasoficinas.com\/pt\/#\/schema\/person\/a38eef5de2c41d9e7c9ac10141afddf3"},"headline":"Diamantino Perp\u00e9tua: Foco no plano estrat\u00e9gico!","datePublished":"2021-12-01T16:00:17+00:00","mainEntityOfPage":{"@id":"https:\/\/jornaldasoficinas.com\/pt\/diamantino-perpetua-foco-no-plano-estrategico\/"},"wordCount":623,"publisher":{"@id":"https:\/\/jornaldasoficinas.com\/pt\/#organization"},"image":{"@id":"https:\/\/jornaldasoficinas.com\/pt\/diamantino-perpetua-foco-no-plano-estrategico\/#primaryimage"},"thumbnailUrl":"https:\/\/jornaldasoficinas.com\/pt\/wp-content\/uploads\/2021\/12\/diamantino-perpetua.jpeg","keywords":["Diamantino Perp\u00e9tua"],"articleSection":["Empresas"],"inLanguage":"pt-PT"},{"@type":"WebPage","@id":"https:\/\/jornaldasoficinas.com\/pt\/diamantino-perpetua-foco-no-plano-estrategico\/","url":"https:\/\/jornaldasoficinas.com\/pt\/diamantino-perpetua-foco-no-plano-estrategico\/","name":"Diamantino Perp\u00e9tua: Foco no plano estrat\u00e9gico! - Jornal das Oficinas","isPartOf":{"@id":"https:\/\/jornaldasoficinas.com\/pt\/#website"},"primaryImageOfPage":{"@id":"https:\/\/jornaldasoficinas.com\/pt\/diamantino-perpetua-foco-no-plano-estrategico\/#primaryimage"},"image":{"@id":"https:\/\/jornaldasoficinas.com\/pt\/diamantino-perpetua-foco-no-plano-estrategico\/#primaryimage"},"thumbnailUrl":"https:\/\/jornaldasoficinas.com\/pt\/wp-content\/uploads\/2021\/12\/diamantino-perpetua.jpeg","datePublished":"2021-12-01T16:00:17+00:00","breadcrumb":{"@id":"https:\/\/jornaldasoficinas.com\/pt\/diamantino-perpetua-foco-no-plano-estrategico\/#breadcrumb"},"inLanguage":"pt-PT","potentialAction":[{"@type":"ReadAction","target":["https:\/\/jornaldasoficinas.com\/pt\/diamantino-perpetua-foco-no-plano-estrategico\/"]}]},{"@type":"ImageObject","inLanguage":"pt-PT","@id":"https:\/\/jornaldasoficinas.com\/pt\/diamantino-perpetua-foco-no-plano-estrategico\/#primaryimage","url":"https:\/\/jornaldasoficinas.com\/pt\/wp-content\/uploads\/2021\/12\/diamantino-perpetua.jpeg","contentUrl":"https:\/\/jornaldasoficinas.com\/pt\/wp-content\/uploads\/2021\/12\/diamantino-perpetua.jpeg","width":1024,"height":581,"caption":"12 - diamantino-perpetua"},{"@type":"BreadcrumbList","@id":"https:\/\/jornaldasoficinas.com\/pt\/diamantino-perpetua-foco-no-plano-estrategico\/#breadcrumb","itemListElement":[{"@type":"ListItem","position":1,"name":"In\u00edcio","item":"https:\/\/jornaldasoficinas.com\/pt\/"},{"@type":"ListItem","position":2,"name":"Diamantino Perp\u00e9tua: Foco no plano estrat\u00e9gico!"}]},{"@type":"WebSite","@id":"https:\/\/jornaldasoficinas.com\/pt\/#website","url":"https:\/\/jornaldasoficinas.com\/pt\/","name":"Jornal das Oficinas","description":"Jornal independente do Aftermarket Autom\u00f3vel em Portugal","publisher":{"@id":"https:\/\/jornaldasoficinas.com\/pt\/#organization"},"potentialAction":[{"@type":"SearchAction","target":{"@type":"EntryPoint","urlTemplate":"https:\/\/jornaldasoficinas.com\/pt\/?s={search_term_string}"},"query-input":{"@type":"PropertyValueSpecification","valueRequired":true,"valueName":"search_term_string"}}],"inLanguage":"pt-PT"},{"@type":"Organization","@id":"https:\/\/jornaldasoficinas.com\/pt\/#organization","name":"Jornal das Oficinas","url":"https:\/\/jornaldasoficinas.com\/pt\/","logo":{"@type":"ImageObject","inLanguage":"pt-PT","@id":"https:\/\/jornaldasoficinas.com\/pt\/#\/schema\/logo\/image\/","url":"https:\/\/jornaldasoficinas.com\/pt\/wp-content\/uploads\/logoJO-SEO.png","contentUrl":"https:\/\/jornaldasoficinas.com\/pt\/wp-content\/uploads\/logoJO-SEO.png","width":285,"height":450,"caption":"Jornal das Oficinas"},"image":{"@id":"https:\/\/jornaldasoficinas.com\/pt\/#\/schema\/logo\/image\/"},"sameAs":["https:\/\/www.facebook.com\/jornaloficinas","https:\/\/x.com\/jornaloficinas","https:\/\/www.instagram.com\/jornal_oficinas\/","https:\/\/www.linkedin.com\/company\/jornal-das-oficinas\/","https:\/\/www.youtube.com\/channel\/UCbQZBqtcvV-oSQrr7RzINGg"]},{"@type":"Person","@id":"https:\/\/jornaldasoficinas.com\/pt\/#\/schema\/person\/a38eef5de2c41d9e7c9ac10141afddf3","name":"Reda\u00e7\u00e3o JO","image":{"@type":"ImageObject","inLanguage":"pt-PT","@id":"https:\/\/secure.gravatar.com\/avatar\/71f2fa71737ad68a84fea94bc708ddac8ea5b0c4788dc2ad202f3ccb2887742f?s=96&d=wp_user_avatar&r=g","url":"https:\/\/secure.gravatar.com\/avatar\/71f2fa71737ad68a84fea94bc708ddac8ea5b0c4788dc2ad202f3ccb2887742f?s=96&d=wp_user_avatar&r=g","contentUrl":"https:\/\/secure.gravatar.com\/avatar\/71f2fa71737ad68a84fea94bc708ddac8ea5b0c4788dc2ad202f3ccb2887742f?s=96&d=wp_user_avatar&r=g","caption":"Reda\u00e7\u00e3o JO"},"url":"https:\/\/jornaldasoficinas.com\/pt\/author\/joredacao\/"}]}},"_links":{"self":[{"href":"https:\/\/jornaldasoficinas.com\/pt\/wp-json\/wp\/v2\/posts\/25825","targetHints":{"allow":["GET"]}}],"collection":[{"href":"https:\/\/jornaldasoficinas.com\/pt\/wp-json\/wp\/v2\/posts"}],"about":[{"href":"https:\/\/jornaldasoficinas.com\/pt\/wp-json\/wp\/v2\/types\/post"}],"author":[{"embeddable":true,"href":"https:\/\/jornaldasoficinas.com\/pt\/wp-json\/wp\/v2\/users\/15"}],"replies":[{"embeddable":true,"href":"https:\/\/jornaldasoficinas.com\/pt\/wp-json\/wp\/v2\/comments?post=25825"}],"version-history":[{"count":0,"href":"https:\/\/jornaldasoficinas.com\/pt\/wp-json\/wp\/v2\/posts\/25825\/revisions"}],"wp:featuredmedia":[{"embeddable":true,"href":"https:\/\/jornaldasoficinas.com\/pt\/wp-json\/wp\/v2\/media\/25819"}],"wp:attachment":[{"href":"https:\/\/jornaldasoficinas.com\/pt\/wp-json\/wp\/v2\/media?parent=25825"}],"wp:term":[{"taxonomy":"category","embeddable":true,"href":"https:\/\/jornaldasoficinas.com\/pt\/wp-json\/wp\/v2\/categories?post=25825"},{"taxonomy":"post_tag","embeddable":true,"href":"https:\/\/jornaldasoficinas.com\/pt\/wp-json\/wp\/v2\/tags?post=25825"}],"curies":[{"name":"wp","href":"https:\/\/api.w.org\/{rel}","templated":true}]}}