{"id":25952,"date":"2021-12-07T16:00:48","date_gmt":"2021-12-07T16:00:48","guid":{"rendered":"https:\/\/jornaldasoficinas.com\/pt\/?p=25952"},"modified":"2021-12-06T16:56:46","modified_gmt":"2021-12-06T16:56:46","slug":"mann-humel-equipa-carrinha-eletrica-mercedes-benz","status":"publish","type":"post","link":"https:\/\/jornaldasoficinas.com\/pt\/mann-humel-equipa-carrinha-eletrica-mercedes-benz\/","title":{"rendered":"MANN + HUMEL equipa carrinha El\u00e9trica Mercedes Benz"},"content":{"rendered":"<p><strong><img loading=\"lazy\" decoding=\"async\" class=\"alignnone size-full wp-image-25941\" src=\"https:\/\/jornaldasoficinas.com\/pt\/wp-content\/uploads\/2021\/12\/MANN-HUMEL-equipa-carrinha.jpg\" alt=\"12 - MANN-HUMEL-equipa-carrinha\" width=\"1024\" height=\"581\" srcset=\"https:\/\/jornaldasoficinas.com\/pt\/wp-content\/uploads\/2021\/12\/MANN-HUMEL-equipa-carrinha.jpg 1024w, https:\/\/jornaldasoficinas.com\/pt\/wp-content\/uploads\/2021\/12\/MANN-HUMEL-equipa-carrinha-300x170.jpg 300w, https:\/\/jornaldasoficinas.com\/pt\/wp-content\/uploads\/2021\/12\/MANN-HUMEL-equipa-carrinha-150x85.jpg 150w, https:\/\/jornaldasoficinas.com\/pt\/wp-content\/uploads\/2021\/12\/MANN-HUMEL-equipa-carrinha-768x436.jpg 768w\" sizes=\"auto, (max-width: 1024px) 100vw, 1024px\" \/><\/strong><\/p>\n<p><strong>MANN + HUMEL Fine Dust Eater, incorporado no carro-conceito Mercedes Benz Sustaineer, \u00e9 mais um passo em dire\u00e7\u00e3o \u00e0 mobilidade sustent\u00e1vel<\/strong><\/p>\n<p>Com a incorpora\u00e7\u00e3o deste modelo de filtros, em conjunto com outros componentes concebidos para reduzir as emiss\u00f5es de part\u00edculas, este prot\u00f3tipo de carrinha el\u00e9trica Mercedes foi concebido para poder reduzir o seu impacto no ambiente e na sa\u00fade.<\/p>\n<p>Apresentando o Fine Dust Eater, este prot\u00f3tipo de ve\u00edculo comercial incorpora um sistema de purifica\u00e7\u00e3o de ar. Em outras palavras, n\u00e3o s\u00f3 possui um sistema de filtragem avan\u00e7ado para o habit\u00e1culo, mas tamb\u00e9m adiciona um segundo sistema de filtragem do ar externo na parte inferior do ve\u00edculo.<\/p>\n<p>O resultado \u00e9 que, ao dar a partida, o ve\u00edculo limpa o ar por onde circula, por meio de um sistema de filtragem capaz de reter part\u00edculas e poluentes, garantindo que cada movimento sirva para limpar o ar que nos rodeia.<\/p>\n<p>Desta forma, os filtros Fine Dust Eater tornam poss\u00edvel compensar as emiss\u00f5es de part\u00edculas PM10 em mais de 50 por cento.<\/p>\n<p>O filtro ativo integrado na frente do ve\u00edculo separa as part\u00edculas do ambiente, o que melhora significativamente a qualidade do ar. Por outro lado, um sistema de controle inteligente dependente da velocidade do ventilador de entrada garante a m\u00e1xima efici\u00eancia.<\/p>\n<p>O segundo sistema de filtragem, localizado na parte inferior da carroceria do ve\u00edculo, filtra as part\u00edculas que rodopiam na estrada durante a condu\u00e7\u00e3o, garantindo a m\u00e1xima filtragem gra\u00e7as a um design que visa otimizar o fluxo.<\/p>\n<p>Durante todo o tempo de carregamento, o ventilador de admiss\u00e3o permite filtrar ativamente o p\u00f3 fino do ambiente, e a efic\u00e1cia da filtra\u00e7\u00e3o aumenta quanto maior for a concentra\u00e7\u00e3o de part\u00edculas, o que significa que, em \u00e1reas urbanas com altos n\u00edveis de polui\u00e7\u00e3o e grande quantidade de part\u00edculas , eles podem ser filtrados com efic\u00e1cia.<\/p>\n<p>&nbsp;<\/p>\n","protected":false},"excerpt":{"rendered":"<p>MANN + HUMEL Fine Dust Eater,&#8230;<\/p>\n","protected":false},"author":15,"featured_media":25941,"comment_status":"closed","ping_status":"closed","sticky":false,"template":"","format":"standard","meta":{"footnotes":""},"categories":[29],"tags":[2737],"class_list":["post-25952","post","type-post","status-publish","format-standard","has-post-thumbnail","hentry","category-empresas","tag-mann-humel"],"yoast_head":"<!-- This site is optimized with the Yoast SEO plugin v27.4 - https:\/\/yoast.com\/product\/yoast-seo-wordpress\/ -->\n<title>MANN + HUMEL equipa carrinha El\u00e9trica Mercedes Benz - Jornal das Oficinas<\/title>\n<meta name=\"robots\" content=\"index, follow, max-snippet:-1, max-image-preview:large, max-video-preview:-1\" \/>\n<link rel=\"canonical\" href=\"https:\/\/jornaldasoficinas.com\/pt\/mann-humel-equipa-carrinha-eletrica-mercedes-benz\/\" \/>\n<meta property=\"og:locale\" content=\"pt_PT\" \/>\n<meta property=\"og:type\" content=\"article\" \/>\n<meta property=\"og:title\" content=\"MANN + HUMEL equipa carrinha El\u00e9trica Mercedes Benz - Jornal das Oficinas\" \/>\n<meta property=\"og:description\" content=\"MANN + HUMEL Fine Dust Eater,...\" \/>\n<meta property=\"og:url\" content=\"https:\/\/jornaldasoficinas.com\/pt\/mann-humel-equipa-carrinha-eletrica-mercedes-benz\/\" \/>\n<meta property=\"og:site_name\" content=\"Jornal das Oficinas\" \/>\n<meta property=\"article:publisher\" content=\"https:\/\/www.facebook.com\/jornaloficinas\" \/>\n<meta property=\"article:published_time\" content=\"2021-12-07T16:00:48+00:00\" \/>\n<meta property=\"og:image\" content=\"https:\/\/jornaldasoficinas.com\/pt\/wp-content\/uploads\/2021\/12\/MANN-HUMEL-equipa-carrinha.jpg\" \/>\n\t<meta property=\"og:image:width\" content=\"1024\" \/>\n\t<meta property=\"og:image:height\" content=\"581\" \/>\n\t<meta property=\"og:image:type\" content=\"image\/jpeg\" \/>\n<meta name=\"author\" content=\"Reda\u00e7\u00e3o JO\" \/>\n<meta name=\"twitter:card\" content=\"summary_large_image\" \/>\n<meta name=\"twitter:creator\" content=\"@jornaloficinas\" \/>\n<meta name=\"twitter:site\" content=\"@jornaloficinas\" \/>\n<meta name=\"twitter:label1\" content=\"Escrito por\" \/>\n\t<meta name=\"twitter:data1\" content=\"Reda\u00e7\u00e3o JO\" \/>\n\t<meta name=\"twitter:label2\" content=\"Tempo estimado de leitura\" \/>\n\t<meta name=\"twitter:data2\" content=\"2 minutos\" \/>\n<script type=\"application\/ld+json\" class=\"yoast-schema-graph\">{\"@context\":\"https:\\\/\\\/schema.org\",\"@graph\":[{\"@type\":\"Article\",\"@id\":\"https:\\\/\\\/jornaldasoficinas.com\\\/pt\\\/mann-humel-equipa-carrinha-eletrica-mercedes-benz\\\/#article\",\"isPartOf\":{\"@id\":\"https:\\\/\\\/jornaldasoficinas.com\\\/pt\\\/mann-humel-equipa-carrinha-eletrica-mercedes-benz\\\/\"},\"author\":{\"name\":\"Reda\u00e7\u00e3o JO\",\"@id\":\"https:\\\/\\\/jornaldasoficinas.com\\\/pt\\\/#\\\/schema\\\/person\\\/a38eef5de2c41d9e7c9ac10141afddf3\"},\"headline\":\"MANN + HUMEL equipa carrinha El\u00e9trica Mercedes Benz\",\"datePublished\":\"2021-12-07T16:00:48+00:00\",\"mainEntityOfPage\":{\"@id\":\"https:\\\/\\\/jornaldasoficinas.com\\\/pt\\\/mann-humel-equipa-carrinha-eletrica-mercedes-benz\\\/\"},\"wordCount\":341,\"publisher\":{\"@id\":\"https:\\\/\\\/jornaldasoficinas.com\\\/pt\\\/#organization\"},\"image\":{\"@id\":\"https:\\\/\\\/jornaldasoficinas.com\\\/pt\\\/mann-humel-equipa-carrinha-eletrica-mercedes-benz\\\/#primaryimage\"},\"thumbnailUrl\":\"https:\\\/\\\/jornaldasoficinas.com\\\/pt\\\/wp-content\\\/uploads\\\/2021\\\/12\\\/MANN-HUMEL-equipa-carrinha.jpg\",\"keywords\":[\"MANN + HUMEL\"],\"articleSection\":[\"Empresas\"],\"inLanguage\":\"pt-PT\"},{\"@type\":\"WebPage\",\"@id\":\"https:\\\/\\\/jornaldasoficinas.com\\\/pt\\\/mann-humel-equipa-carrinha-eletrica-mercedes-benz\\\/\",\"url\":\"https:\\\/\\\/jornaldasoficinas.com\\\/pt\\\/mann-humel-equipa-carrinha-eletrica-mercedes-benz\\\/\",\"name\":\"MANN + HUMEL equipa carrinha El\u00e9trica Mercedes Benz - Jornal das Oficinas\",\"isPartOf\":{\"@id\":\"https:\\\/\\\/jornaldasoficinas.com\\\/pt\\\/#website\"},\"primaryImageOfPage\":{\"@id\":\"https:\\\/\\\/jornaldasoficinas.com\\\/pt\\\/mann-humel-equipa-carrinha-eletrica-mercedes-benz\\\/#primaryimage\"},\"image\":{\"@id\":\"https:\\\/\\\/jornaldasoficinas.com\\\/pt\\\/mann-humel-equipa-carrinha-eletrica-mercedes-benz\\\/#primaryimage\"},\"thumbnailUrl\":\"https:\\\/\\\/jornaldasoficinas.com\\\/pt\\\/wp-content\\\/uploads\\\/2021\\\/12\\\/MANN-HUMEL-equipa-carrinha.jpg\",\"datePublished\":\"2021-12-07T16:00:48+00:00\",\"breadcrumb\":{\"@id\":\"https:\\\/\\\/jornaldasoficinas.com\\\/pt\\\/mann-humel-equipa-carrinha-eletrica-mercedes-benz\\\/#breadcrumb\"},\"inLanguage\":\"pt-PT\",\"potentialAction\":[{\"@type\":\"ReadAction\",\"target\":[\"https:\\\/\\\/jornaldasoficinas.com\\\/pt\\\/mann-humel-equipa-carrinha-eletrica-mercedes-benz\\\/\"]}]},{\"@type\":\"ImageObject\",\"inLanguage\":\"pt-PT\",\"@id\":\"https:\\\/\\\/jornaldasoficinas.com\\\/pt\\\/mann-humel-equipa-carrinha-eletrica-mercedes-benz\\\/#primaryimage\",\"url\":\"https:\\\/\\\/jornaldasoficinas.com\\\/pt\\\/wp-content\\\/uploads\\\/2021\\\/12\\\/MANN-HUMEL-equipa-carrinha.jpg\",\"contentUrl\":\"https:\\\/\\\/jornaldasoficinas.com\\\/pt\\\/wp-content\\\/uploads\\\/2021\\\/12\\\/MANN-HUMEL-equipa-carrinha.jpg\",\"width\":1024,\"height\":581,\"caption\":\"12 - MANN-HUMEL-equipa-carrinha\"},{\"@type\":\"BreadcrumbList\",\"@id\":\"https:\\\/\\\/jornaldasoficinas.com\\\/pt\\\/mann-humel-equipa-carrinha-eletrica-mercedes-benz\\\/#breadcrumb\",\"itemListElement\":[{\"@type\":\"ListItem\",\"position\":1,\"name\":\"In\u00edcio\",\"item\":\"https:\\\/\\\/jornaldasoficinas.com\\\/pt\\\/\"},{\"@type\":\"ListItem\",\"position\":2,\"name\":\"MANN + HUMEL equipa carrinha El\u00e9trica Mercedes Benz\"}]},{\"@type\":\"WebSite\",\"@id\":\"https:\\\/\\\/jornaldasoficinas.com\\\/pt\\\/#website\",\"url\":\"https:\\\/\\\/jornaldasoficinas.com\\\/pt\\\/\",\"name\":\"Jornal das Oficinas\",\"description\":\"Jornal independente do Aftermarket Autom\u00f3vel em Portugal\",\"publisher\":{\"@id\":\"https:\\\/\\\/jornaldasoficinas.com\\\/pt\\\/#organization\"},\"potentialAction\":[{\"@type\":\"SearchAction\",\"target\":{\"@type\":\"EntryPoint\",\"urlTemplate\":\"https:\\\/\\\/jornaldasoficinas.com\\\/pt\\\/?s={search_term_string}\"},\"query-input\":{\"@type\":\"PropertyValueSpecification\",\"valueRequired\":true,\"valueName\":\"search_term_string\"}}],\"inLanguage\":\"pt-PT\"},{\"@type\":\"Organization\",\"@id\":\"https:\\\/\\\/jornaldasoficinas.com\\\/pt\\\/#organization\",\"name\":\"Jornal das Oficinas\",\"url\":\"https:\\\/\\\/jornaldasoficinas.com\\\/pt\\\/\",\"logo\":{\"@type\":\"ImageObject\",\"inLanguage\":\"pt-PT\",\"@id\":\"https:\\\/\\\/jornaldasoficinas.com\\\/pt\\\/#\\\/schema\\\/logo\\\/image\\\/\",\"url\":\"https:\\\/\\\/jornaldasoficinas.com\\\/pt\\\/wp-content\\\/uploads\\\/logoJO-SEO.png\",\"contentUrl\":\"https:\\\/\\\/jornaldasoficinas.com\\\/pt\\\/wp-content\\\/uploads\\\/logoJO-SEO.png\",\"width\":285,\"height\":450,\"caption\":\"Jornal das Oficinas\"},\"image\":{\"@id\":\"https:\\\/\\\/jornaldasoficinas.com\\\/pt\\\/#\\\/schema\\\/logo\\\/image\\\/\"},\"sameAs\":[\"https:\\\/\\\/www.facebook.com\\\/jornaloficinas\",\"https:\\\/\\\/x.com\\\/jornaloficinas\",\"https:\\\/\\\/www.instagram.com\\\/jornal_oficinas\\\/\",\"https:\\\/\\\/www.linkedin.com\\\/company\\\/jornal-das-oficinas\\\/\",\"https:\\\/\\\/www.youtube.com\\\/channel\\\/UCbQZBqtcvV-oSQrr7RzINGg\"]},{\"@type\":\"Person\",\"@id\":\"https:\\\/\\\/jornaldasoficinas.com\\\/pt\\\/#\\\/schema\\\/person\\\/a38eef5de2c41d9e7c9ac10141afddf3\",\"name\":\"Reda\u00e7\u00e3o JO\",\"image\":{\"@type\":\"ImageObject\",\"inLanguage\":\"pt-PT\",\"@id\":\"https:\\\/\\\/secure.gravatar.com\\\/avatar\\\/71f2fa71737ad68a84fea94bc708ddac8ea5b0c4788dc2ad202f3ccb2887742f?s=96&d=wp_user_avatar&r=g\",\"url\":\"https:\\\/\\\/secure.gravatar.com\\\/avatar\\\/71f2fa71737ad68a84fea94bc708ddac8ea5b0c4788dc2ad202f3ccb2887742f?s=96&d=wp_user_avatar&r=g\",\"contentUrl\":\"https:\\\/\\\/secure.gravatar.com\\\/avatar\\\/71f2fa71737ad68a84fea94bc708ddac8ea5b0c4788dc2ad202f3ccb2887742f?s=96&d=wp_user_avatar&r=g\",\"caption\":\"Reda\u00e7\u00e3o JO\"},\"url\":\"https:\\\/\\\/jornaldasoficinas.com\\\/pt\\\/author\\\/joredacao\\\/\"}]}<\/script>\n<!-- \/ Yoast SEO plugin. -->","yoast_head_json":{"title":"MANN + HUMEL equipa carrinha El\u00e9trica Mercedes Benz - Jornal das Oficinas","robots":{"index":"index","follow":"follow","max-snippet":"max-snippet:-1","max-image-preview":"max-image-preview:large","max-video-preview":"max-video-preview:-1"},"canonical":"https:\/\/jornaldasoficinas.com\/pt\/mann-humel-equipa-carrinha-eletrica-mercedes-benz\/","og_locale":"pt_PT","og_type":"article","og_title":"MANN + HUMEL equipa carrinha El\u00e9trica Mercedes Benz - Jornal das Oficinas","og_description":"MANN + HUMEL Fine Dust Eater,...","og_url":"https:\/\/jornaldasoficinas.com\/pt\/mann-humel-equipa-carrinha-eletrica-mercedes-benz\/","og_site_name":"Jornal das Oficinas","article_publisher":"https:\/\/www.facebook.com\/jornaloficinas","article_published_time":"2021-12-07T16:00:48+00:00","og_image":[{"width":1024,"height":581,"url":"https:\/\/jornaldasoficinas.com\/pt\/wp-content\/uploads\/2021\/12\/MANN-HUMEL-equipa-carrinha.jpg","type":"image\/jpeg"}],"author":"Reda\u00e7\u00e3o JO","twitter_card":"summary_large_image","twitter_creator":"@jornaloficinas","twitter_site":"@jornaloficinas","twitter_misc":{"Escrito por":"Reda\u00e7\u00e3o JO","Tempo estimado de leitura":"2 minutos"},"schema":{"@context":"https:\/\/schema.org","@graph":[{"@type":"Article","@id":"https:\/\/jornaldasoficinas.com\/pt\/mann-humel-equipa-carrinha-eletrica-mercedes-benz\/#article","isPartOf":{"@id":"https:\/\/jornaldasoficinas.com\/pt\/mann-humel-equipa-carrinha-eletrica-mercedes-benz\/"},"author":{"name":"Reda\u00e7\u00e3o JO","@id":"https:\/\/jornaldasoficinas.com\/pt\/#\/schema\/person\/a38eef5de2c41d9e7c9ac10141afddf3"},"headline":"MANN + HUMEL equipa carrinha El\u00e9trica Mercedes Benz","datePublished":"2021-12-07T16:00:48+00:00","mainEntityOfPage":{"@id":"https:\/\/jornaldasoficinas.com\/pt\/mann-humel-equipa-carrinha-eletrica-mercedes-benz\/"},"wordCount":341,"publisher":{"@id":"https:\/\/jornaldasoficinas.com\/pt\/#organization"},"image":{"@id":"https:\/\/jornaldasoficinas.com\/pt\/mann-humel-equipa-carrinha-eletrica-mercedes-benz\/#primaryimage"},"thumbnailUrl":"https:\/\/jornaldasoficinas.com\/pt\/wp-content\/uploads\/2021\/12\/MANN-HUMEL-equipa-carrinha.jpg","keywords":["MANN + HUMEL"],"articleSection":["Empresas"],"inLanguage":"pt-PT"},{"@type":"WebPage","@id":"https:\/\/jornaldasoficinas.com\/pt\/mann-humel-equipa-carrinha-eletrica-mercedes-benz\/","url":"https:\/\/jornaldasoficinas.com\/pt\/mann-humel-equipa-carrinha-eletrica-mercedes-benz\/","name":"MANN + HUMEL equipa carrinha El\u00e9trica Mercedes Benz - Jornal das Oficinas","isPartOf":{"@id":"https:\/\/jornaldasoficinas.com\/pt\/#website"},"primaryImageOfPage":{"@id":"https:\/\/jornaldasoficinas.com\/pt\/mann-humel-equipa-carrinha-eletrica-mercedes-benz\/#primaryimage"},"image":{"@id":"https:\/\/jornaldasoficinas.com\/pt\/mann-humel-equipa-carrinha-eletrica-mercedes-benz\/#primaryimage"},"thumbnailUrl":"https:\/\/jornaldasoficinas.com\/pt\/wp-content\/uploads\/2021\/12\/MANN-HUMEL-equipa-carrinha.jpg","datePublished":"2021-12-07T16:00:48+00:00","breadcrumb":{"@id":"https:\/\/jornaldasoficinas.com\/pt\/mann-humel-equipa-carrinha-eletrica-mercedes-benz\/#breadcrumb"},"inLanguage":"pt-PT","potentialAction":[{"@type":"ReadAction","target":["https:\/\/jornaldasoficinas.com\/pt\/mann-humel-equipa-carrinha-eletrica-mercedes-benz\/"]}]},{"@type":"ImageObject","inLanguage":"pt-PT","@id":"https:\/\/jornaldasoficinas.com\/pt\/mann-humel-equipa-carrinha-eletrica-mercedes-benz\/#primaryimage","url":"https:\/\/jornaldasoficinas.com\/pt\/wp-content\/uploads\/2021\/12\/MANN-HUMEL-equipa-carrinha.jpg","contentUrl":"https:\/\/jornaldasoficinas.com\/pt\/wp-content\/uploads\/2021\/12\/MANN-HUMEL-equipa-carrinha.jpg","width":1024,"height":581,"caption":"12 - MANN-HUMEL-equipa-carrinha"},{"@type":"BreadcrumbList","@id":"https:\/\/jornaldasoficinas.com\/pt\/mann-humel-equipa-carrinha-eletrica-mercedes-benz\/#breadcrumb","itemListElement":[{"@type":"ListItem","position":1,"name":"In\u00edcio","item":"https:\/\/jornaldasoficinas.com\/pt\/"},{"@type":"ListItem","position":2,"name":"MANN + HUMEL equipa carrinha El\u00e9trica Mercedes Benz"}]},{"@type":"WebSite","@id":"https:\/\/jornaldasoficinas.com\/pt\/#website","url":"https:\/\/jornaldasoficinas.com\/pt\/","name":"Jornal das Oficinas","description":"Jornal independente do Aftermarket Autom\u00f3vel em Portugal","publisher":{"@id":"https:\/\/jornaldasoficinas.com\/pt\/#organization"},"potentialAction":[{"@type":"SearchAction","target":{"@type":"EntryPoint","urlTemplate":"https:\/\/jornaldasoficinas.com\/pt\/?s={search_term_string}"},"query-input":{"@type":"PropertyValueSpecification","valueRequired":true,"valueName":"search_term_string"}}],"inLanguage":"pt-PT"},{"@type":"Organization","@id":"https:\/\/jornaldasoficinas.com\/pt\/#organization","name":"Jornal das Oficinas","url":"https:\/\/jornaldasoficinas.com\/pt\/","logo":{"@type":"ImageObject","inLanguage":"pt-PT","@id":"https:\/\/jornaldasoficinas.com\/pt\/#\/schema\/logo\/image\/","url":"https:\/\/jornaldasoficinas.com\/pt\/wp-content\/uploads\/logoJO-SEO.png","contentUrl":"https:\/\/jornaldasoficinas.com\/pt\/wp-content\/uploads\/logoJO-SEO.png","width":285,"height":450,"caption":"Jornal das Oficinas"},"image":{"@id":"https:\/\/jornaldasoficinas.com\/pt\/#\/schema\/logo\/image\/"},"sameAs":["https:\/\/www.facebook.com\/jornaloficinas","https:\/\/x.com\/jornaloficinas","https:\/\/www.instagram.com\/jornal_oficinas\/","https:\/\/www.linkedin.com\/company\/jornal-das-oficinas\/","https:\/\/www.youtube.com\/channel\/UCbQZBqtcvV-oSQrr7RzINGg"]},{"@type":"Person","@id":"https:\/\/jornaldasoficinas.com\/pt\/#\/schema\/person\/a38eef5de2c41d9e7c9ac10141afddf3","name":"Reda\u00e7\u00e3o JO","image":{"@type":"ImageObject","inLanguage":"pt-PT","@id":"https:\/\/secure.gravatar.com\/avatar\/71f2fa71737ad68a84fea94bc708ddac8ea5b0c4788dc2ad202f3ccb2887742f?s=96&d=wp_user_avatar&r=g","url":"https:\/\/secure.gravatar.com\/avatar\/71f2fa71737ad68a84fea94bc708ddac8ea5b0c4788dc2ad202f3ccb2887742f?s=96&d=wp_user_avatar&r=g","contentUrl":"https:\/\/secure.gravatar.com\/avatar\/71f2fa71737ad68a84fea94bc708ddac8ea5b0c4788dc2ad202f3ccb2887742f?s=96&d=wp_user_avatar&r=g","caption":"Reda\u00e7\u00e3o JO"},"url":"https:\/\/jornaldasoficinas.com\/pt\/author\/joredacao\/"}]}},"_links":{"self":[{"href":"https:\/\/jornaldasoficinas.com\/pt\/wp-json\/wp\/v2\/posts\/25952","targetHints":{"allow":["GET"]}}],"collection":[{"href":"https:\/\/jornaldasoficinas.com\/pt\/wp-json\/wp\/v2\/posts"}],"about":[{"href":"https:\/\/jornaldasoficinas.com\/pt\/wp-json\/wp\/v2\/types\/post"}],"author":[{"embeddable":true,"href":"https:\/\/jornaldasoficinas.com\/pt\/wp-json\/wp\/v2\/users\/15"}],"replies":[{"embeddable":true,"href":"https:\/\/jornaldasoficinas.com\/pt\/wp-json\/wp\/v2\/comments?post=25952"}],"version-history":[{"count":0,"href":"https:\/\/jornaldasoficinas.com\/pt\/wp-json\/wp\/v2\/posts\/25952\/revisions"}],"wp:featuredmedia":[{"embeddable":true,"href":"https:\/\/jornaldasoficinas.com\/pt\/wp-json\/wp\/v2\/media\/25941"}],"wp:attachment":[{"href":"https:\/\/jornaldasoficinas.com\/pt\/wp-json\/wp\/v2\/media?parent=25952"}],"wp:term":[{"taxonomy":"category","embeddable":true,"href":"https:\/\/jornaldasoficinas.com\/pt\/wp-json\/wp\/v2\/categories?post=25952"},{"taxonomy":"post_tag","embeddable":true,"href":"https:\/\/jornaldasoficinas.com\/pt\/wp-json\/wp\/v2\/tags?post=25952"}],"curies":[{"name":"wp","href":"https:\/\/api.w.org\/{rel}","templated":true}]}}