{"id":25995,"date":"2021-12-08T10:00:27","date_gmt":"2021-12-08T10:00:27","guid":{"rendered":"https:\/\/jornaldasoficinas.com\/pt\/?p=25995"},"modified":"2021-12-06T18:06:45","modified_gmt":"2021-12-06T18:06:45","slug":"marelli-alcancara-neutralidade-de-carbono-ate-2030","status":"publish","type":"post","link":"https:\/\/jornaldasoficinas.com\/pt\/marelli-alcancara-neutralidade-de-carbono-ate-2030\/","title":{"rendered":"Marelli alcan\u00e7ar\u00e1 neutralidade de carbono at\u00e9 2030"},"content":{"rendered":"<p><strong> <img loading=\"lazy\" decoding=\"async\" class=\"alignnone size-full wp-image-25997\" src=\"https:\/\/jornaldasoficinas.com\/pt\/wp-content\/uploads\/2021\/12\/Marelli-alcancara-neutralidade-de-carbono-ate-2030.jpg\" alt=\"12 - Marelli-alcancara-neutralidade-de-carbono-ate-2030\" width=\"1024\" height=\"581\" srcset=\"https:\/\/jornaldasoficinas.com\/pt\/wp-content\/uploads\/2021\/12\/Marelli-alcancara-neutralidade-de-carbono-ate-2030.jpg 1024w, https:\/\/jornaldasoficinas.com\/pt\/wp-content\/uploads\/2021\/12\/Marelli-alcancara-neutralidade-de-carbono-ate-2030-300x170.jpg 300w, https:\/\/jornaldasoficinas.com\/pt\/wp-content\/uploads\/2021\/12\/Marelli-alcancara-neutralidade-de-carbono-ate-2030-150x85.jpg 150w, https:\/\/jornaldasoficinas.com\/pt\/wp-content\/uploads\/2021\/12\/Marelli-alcancara-neutralidade-de-carbono-ate-2030-768x436.jpg 768w\" sizes=\"auto, (max-width: 1024px) 100vw, 1024px\" \/><\/strong><\/p>\n<p><strong>A Marelli, acaba de anunciar o seu compromisso de alcan\u00e7ar a neutralidade de carbono nas suas opera\u00e7\u00f5es at\u00e9 2030<\/strong><\/p>\n<p>A meta, que \u00e9 uma parte fundamental do compromisso mais amplo da empresa e a transi\u00e7\u00e3o para a constru\u00e7\u00e3o de um neg\u00f3cio sustent\u00e1vel, ser\u00e1 alcan\u00e7ada atrav\u00e9s de um conjunto de medidas diversas que visam minimizar o consumo de energia, garantindo a utiliza\u00e7\u00e3o en\u00e9rgica renov\u00e1vel e neutralizar as restantes emiss\u00f5es inevit\u00e1veis.<\/p>\n<p>Al\u00e9m das metas ambientais e de redu\u00e7\u00e3o de CO2 que a empresa estabeleceu na sua estrat\u00e9gia de m\u00e9dio prazo, esta nova etapa define um objetivo mais ambicioso e planos espec\u00edficos para alcan\u00e7\u00e1-lo. Estas a\u00e7\u00f5es ir\u00e3o reduzir as emiss\u00f5es de gases de efeito estufa de fontes diretas de propriedade ou controladas diretamente pela empresa, tamb\u00e9m como as emiss\u00f5es indiretas da energia adquirida e utilizada pela organiza\u00e7\u00e3o.<\/p>\n<p>Dinesh Paliwal, CEO da Marelli, afirma: \u201cA ind\u00fastria automotiva tem um papel fundamental na cria\u00e7\u00e3o de um mundo mais limpo e verde. Al\u00e9m da nossa fun\u00e7\u00e3o como um fornecedor de tecnologias que permitem a transi\u00e7\u00e3o respons\u00e1vel para a eletrifica\u00e7\u00e3o no geral, este investimento significativo para atingir a neutralidade operacional total de carbono \u00e9 um marco para construir uma Marelli mais forte e sustent\u00e1vel\u201d.<\/p>\n<p>Beda Bolzenius, presidente e CEO da Marelli, declarou: \u201c Este \u00e9 um primeiro passo para a Marelli na defini\u00e7\u00e3o de planos firmes para reduzir as nossas emiss\u00f5es de carbono global. O nosso pr\u00f3ximo passo ser\u00e1 definir objetivos e medidas claras em rela\u00e7\u00e3o \u00e0s\u00a0 emiss\u00f5es indiretas, que inclui trabalhar com fornecedores e clientes, bem como internamente, nos nossos pr\u00f3prios produtos e processos de fabrica\u00e7\u00e3o. Temos um longo caminho para seguir, mas os investimentos anunciados hoje s\u00e3o um passo importante \u00e0 frente\u201d.<\/p>\n<p>Primeiro, a Marelli alcan\u00e7ar\u00e1 essa meta reduzindo o consumo de energia e as emiss\u00f5es relacionadas com a aplica\u00e7\u00e3o cont\u00ednua do &#8220;Monozukuri de Efici\u00eancia Energ\u00e9tica&#8221;. O \u201cMonozukuri de Efici\u00eancia Energ\u00e9tica\u201d foi introduzido nos \u00faltimos anos e consiste numa s\u00e9rie de estrat\u00e9gias e atividades voltadas diretamente para a redu\u00e7\u00e3o do uso de energia nas f\u00e1bricas, incluindo a introdu\u00e7\u00e3o de equipamentos de alta efici\u00eancia e economia de energia, bem como atividades de melhoria, como a racionaliza\u00e7\u00e3o das linhas de opera\u00e7\u00e3o nos centros de produ\u00e7\u00e3o. Dentro desse fluxo de atividades, mais a\u00e7\u00f5es ser\u00e3o realizadas para minimizar o consumo de energia nas nossas instala\u00e7\u00f5es, com foco na melhoria do uso eficiente dos servi\u00e7os p\u00fablicos, nos nossos processos, com a introdu\u00e7\u00e3o de novos equipamentos e maquin\u00e1rios, ainda mais eficiente\u201d.<\/p>\n<p>\u201cOutra parte importante da estrat\u00e9gia \u00e9 o compromisso de garantir que 100% da energia utilizada nas opera\u00e7\u00f5es vem de fontes renov\u00e1veis \u200b\u200bou \u00e9 neutralizada por meio de Cr\u00e9ditos de carbono certificados: a \u00eanfase ser\u00e1 colocada na energia fotovoltaica e e\u00f3lica. A energia renov\u00e1vel ser\u00e1 autogerada, atrav\u00e9s do desenvolvimento de sistemas no local, ou adquirido atrav\u00e9s de contratos certificados espec\u00edficos, como acordos de compra de energia e contratos de fornecimento verde\u201d, concluiu Beda Bolzenius.<\/p>\n","protected":false},"excerpt":{"rendered":"<p>A Marelli, acaba de anunciar o&#8230;<\/p>\n","protected":false},"author":15,"featured_media":25997,"comment_status":"closed","ping_status":"closed","sticky":false,"template":"","format":"standard","meta":{"footnotes":""},"categories":[29],"tags":[2618],"class_list":["post-25995","post","type-post","status-publish","format-standard","has-post-thumbnail","hentry","category-empresas","tag-marelli"],"yoast_head":"<!-- This site is optimized with the Yoast SEO plugin v27.4 - https:\/\/yoast.com\/product\/yoast-seo-wordpress\/ -->\n<title>Marelli alcan\u00e7ar\u00e1 neutralidade de carbono at\u00e9 2030 - Jornal das Oficinas<\/title>\n<meta name=\"robots\" content=\"index, follow, max-snippet:-1, max-image-preview:large, max-video-preview:-1\" \/>\n<link rel=\"canonical\" href=\"https:\/\/jornaldasoficinas.com\/pt\/marelli-alcancara-neutralidade-de-carbono-ate-2030\/\" \/>\n<meta property=\"og:locale\" content=\"pt_PT\" \/>\n<meta property=\"og:type\" content=\"article\" \/>\n<meta property=\"og:title\" content=\"Marelli alcan\u00e7ar\u00e1 neutralidade de carbono at\u00e9 2030 - Jornal das Oficinas\" \/>\n<meta property=\"og:description\" content=\"A Marelli, acaba de anunciar o...\" \/>\n<meta property=\"og:url\" content=\"https:\/\/jornaldasoficinas.com\/pt\/marelli-alcancara-neutralidade-de-carbono-ate-2030\/\" \/>\n<meta property=\"og:site_name\" content=\"Jornal das Oficinas\" \/>\n<meta property=\"article:publisher\" content=\"https:\/\/www.facebook.com\/jornaloficinas\" \/>\n<meta property=\"article:published_time\" content=\"2021-12-08T10:00:27+00:00\" \/>\n<meta property=\"og:image\" content=\"https:\/\/jornaldasoficinas.com\/pt\/wp-content\/uploads\/2021\/12\/Marelli-alcancara-neutralidade-de-carbono-ate-2030.jpg\" \/>\n\t<meta property=\"og:image:width\" content=\"1024\" \/>\n\t<meta property=\"og:image:height\" content=\"581\" \/>\n\t<meta property=\"og:image:type\" content=\"image\/jpeg\" \/>\n<meta name=\"author\" content=\"Reda\u00e7\u00e3o JO\" \/>\n<meta name=\"twitter:card\" content=\"summary_large_image\" \/>\n<meta name=\"twitter:creator\" content=\"@jornaloficinas\" \/>\n<meta name=\"twitter:site\" content=\"@jornaloficinas\" \/>\n<meta name=\"twitter:label1\" content=\"Escrito por\" \/>\n\t<meta name=\"twitter:data1\" content=\"Reda\u00e7\u00e3o JO\" \/>\n\t<meta name=\"twitter:label2\" content=\"Tempo estimado de leitura\" \/>\n\t<meta name=\"twitter:data2\" content=\"3 minutos\" \/>\n<script type=\"application\/ld+json\" class=\"yoast-schema-graph\">{\"@context\":\"https:\\\/\\\/schema.org\",\"@graph\":[{\"@type\":\"Article\",\"@id\":\"https:\\\/\\\/jornaldasoficinas.com\\\/pt\\\/marelli-alcancara-neutralidade-de-carbono-ate-2030\\\/#article\",\"isPartOf\":{\"@id\":\"https:\\\/\\\/jornaldasoficinas.com\\\/pt\\\/marelli-alcancara-neutralidade-de-carbono-ate-2030\\\/\"},\"author\":{\"name\":\"Reda\u00e7\u00e3o JO\",\"@id\":\"https:\\\/\\\/jornaldasoficinas.com\\\/pt\\\/#\\\/schema\\\/person\\\/a38eef5de2c41d9e7c9ac10141afddf3\"},\"headline\":\"Marelli alcan\u00e7ar\u00e1 neutralidade de carbono at\u00e9 2030\",\"datePublished\":\"2021-12-08T10:00:27+00:00\",\"mainEntityOfPage\":{\"@id\":\"https:\\\/\\\/jornaldasoficinas.com\\\/pt\\\/marelli-alcancara-neutralidade-de-carbono-ate-2030\\\/\"},\"wordCount\":545,\"publisher\":{\"@id\":\"https:\\\/\\\/jornaldasoficinas.com\\\/pt\\\/#organization\"},\"image\":{\"@id\":\"https:\\\/\\\/jornaldasoficinas.com\\\/pt\\\/marelli-alcancara-neutralidade-de-carbono-ate-2030\\\/#primaryimage\"},\"thumbnailUrl\":\"https:\\\/\\\/jornaldasoficinas.com\\\/pt\\\/wp-content\\\/uploads\\\/2021\\\/12\\\/Marelli-alcancara-neutralidade-de-carbono-ate-2030.jpg\",\"keywords\":[\"Marelli\"],\"articleSection\":[\"Empresas\"],\"inLanguage\":\"pt-PT\"},{\"@type\":\"WebPage\",\"@id\":\"https:\\\/\\\/jornaldasoficinas.com\\\/pt\\\/marelli-alcancara-neutralidade-de-carbono-ate-2030\\\/\",\"url\":\"https:\\\/\\\/jornaldasoficinas.com\\\/pt\\\/marelli-alcancara-neutralidade-de-carbono-ate-2030\\\/\",\"name\":\"Marelli alcan\u00e7ar\u00e1 neutralidade de carbono at\u00e9 2030 - Jornal das Oficinas\",\"isPartOf\":{\"@id\":\"https:\\\/\\\/jornaldasoficinas.com\\\/pt\\\/#website\"},\"primaryImageOfPage\":{\"@id\":\"https:\\\/\\\/jornaldasoficinas.com\\\/pt\\\/marelli-alcancara-neutralidade-de-carbono-ate-2030\\\/#primaryimage\"},\"image\":{\"@id\":\"https:\\\/\\\/jornaldasoficinas.com\\\/pt\\\/marelli-alcancara-neutralidade-de-carbono-ate-2030\\\/#primaryimage\"},\"thumbnailUrl\":\"https:\\\/\\\/jornaldasoficinas.com\\\/pt\\\/wp-content\\\/uploads\\\/2021\\\/12\\\/Marelli-alcancara-neutralidade-de-carbono-ate-2030.jpg\",\"datePublished\":\"2021-12-08T10:00:27+00:00\",\"breadcrumb\":{\"@id\":\"https:\\\/\\\/jornaldasoficinas.com\\\/pt\\\/marelli-alcancara-neutralidade-de-carbono-ate-2030\\\/#breadcrumb\"},\"inLanguage\":\"pt-PT\",\"potentialAction\":[{\"@type\":\"ReadAction\",\"target\":[\"https:\\\/\\\/jornaldasoficinas.com\\\/pt\\\/marelli-alcancara-neutralidade-de-carbono-ate-2030\\\/\"]}]},{\"@type\":\"ImageObject\",\"inLanguage\":\"pt-PT\",\"@id\":\"https:\\\/\\\/jornaldasoficinas.com\\\/pt\\\/marelli-alcancara-neutralidade-de-carbono-ate-2030\\\/#primaryimage\",\"url\":\"https:\\\/\\\/jornaldasoficinas.com\\\/pt\\\/wp-content\\\/uploads\\\/2021\\\/12\\\/Marelli-alcancara-neutralidade-de-carbono-ate-2030.jpg\",\"contentUrl\":\"https:\\\/\\\/jornaldasoficinas.com\\\/pt\\\/wp-content\\\/uploads\\\/2021\\\/12\\\/Marelli-alcancara-neutralidade-de-carbono-ate-2030.jpg\",\"width\":1024,\"height\":581,\"caption\":\"12 - Marelli-alcancara-neutralidade-de-carbono-ate-2030\"},{\"@type\":\"BreadcrumbList\",\"@id\":\"https:\\\/\\\/jornaldasoficinas.com\\\/pt\\\/marelli-alcancara-neutralidade-de-carbono-ate-2030\\\/#breadcrumb\",\"itemListElement\":[{\"@type\":\"ListItem\",\"position\":1,\"name\":\"In\u00edcio\",\"item\":\"https:\\\/\\\/jornaldasoficinas.com\\\/pt\\\/\"},{\"@type\":\"ListItem\",\"position\":2,\"name\":\"Marelli alcan\u00e7ar\u00e1 neutralidade de carbono at\u00e9 2030\"}]},{\"@type\":\"WebSite\",\"@id\":\"https:\\\/\\\/jornaldasoficinas.com\\\/pt\\\/#website\",\"url\":\"https:\\\/\\\/jornaldasoficinas.com\\\/pt\\\/\",\"name\":\"Jornal das Oficinas\",\"description\":\"Jornal independente do Aftermarket Autom\u00f3vel em Portugal\",\"publisher\":{\"@id\":\"https:\\\/\\\/jornaldasoficinas.com\\\/pt\\\/#organization\"},\"potentialAction\":[{\"@type\":\"SearchAction\",\"target\":{\"@type\":\"EntryPoint\",\"urlTemplate\":\"https:\\\/\\\/jornaldasoficinas.com\\\/pt\\\/?s={search_term_string}\"},\"query-input\":{\"@type\":\"PropertyValueSpecification\",\"valueRequired\":true,\"valueName\":\"search_term_string\"}}],\"inLanguage\":\"pt-PT\"},{\"@type\":\"Organization\",\"@id\":\"https:\\\/\\\/jornaldasoficinas.com\\\/pt\\\/#organization\",\"name\":\"Jornal das Oficinas\",\"url\":\"https:\\\/\\\/jornaldasoficinas.com\\\/pt\\\/\",\"logo\":{\"@type\":\"ImageObject\",\"inLanguage\":\"pt-PT\",\"@id\":\"https:\\\/\\\/jornaldasoficinas.com\\\/pt\\\/#\\\/schema\\\/logo\\\/image\\\/\",\"url\":\"https:\\\/\\\/jornaldasoficinas.com\\\/pt\\\/wp-content\\\/uploads\\\/logoJO-SEO.png\",\"contentUrl\":\"https:\\\/\\\/jornaldasoficinas.com\\\/pt\\\/wp-content\\\/uploads\\\/logoJO-SEO.png\",\"width\":285,\"height\":450,\"caption\":\"Jornal das Oficinas\"},\"image\":{\"@id\":\"https:\\\/\\\/jornaldasoficinas.com\\\/pt\\\/#\\\/schema\\\/logo\\\/image\\\/\"},\"sameAs\":[\"https:\\\/\\\/www.facebook.com\\\/jornaloficinas\",\"https:\\\/\\\/x.com\\\/jornaloficinas\",\"https:\\\/\\\/www.instagram.com\\\/jornal_oficinas\\\/\",\"https:\\\/\\\/www.linkedin.com\\\/company\\\/jornal-das-oficinas\\\/\",\"https:\\\/\\\/www.youtube.com\\\/channel\\\/UCbQZBqtcvV-oSQrr7RzINGg\"]},{\"@type\":\"Person\",\"@id\":\"https:\\\/\\\/jornaldasoficinas.com\\\/pt\\\/#\\\/schema\\\/person\\\/a38eef5de2c41d9e7c9ac10141afddf3\",\"name\":\"Reda\u00e7\u00e3o JO\",\"image\":{\"@type\":\"ImageObject\",\"inLanguage\":\"pt-PT\",\"@id\":\"https:\\\/\\\/secure.gravatar.com\\\/avatar\\\/71f2fa71737ad68a84fea94bc708ddac8ea5b0c4788dc2ad202f3ccb2887742f?s=96&d=wp_user_avatar&r=g\",\"url\":\"https:\\\/\\\/secure.gravatar.com\\\/avatar\\\/71f2fa71737ad68a84fea94bc708ddac8ea5b0c4788dc2ad202f3ccb2887742f?s=96&d=wp_user_avatar&r=g\",\"contentUrl\":\"https:\\\/\\\/secure.gravatar.com\\\/avatar\\\/71f2fa71737ad68a84fea94bc708ddac8ea5b0c4788dc2ad202f3ccb2887742f?s=96&d=wp_user_avatar&r=g\",\"caption\":\"Reda\u00e7\u00e3o JO\"},\"url\":\"https:\\\/\\\/jornaldasoficinas.com\\\/pt\\\/author\\\/joredacao\\\/\"}]}<\/script>\n<!-- \/ Yoast SEO plugin. -->","yoast_head_json":{"title":"Marelli alcan\u00e7ar\u00e1 neutralidade de carbono at\u00e9 2030 - Jornal das Oficinas","robots":{"index":"index","follow":"follow","max-snippet":"max-snippet:-1","max-image-preview":"max-image-preview:large","max-video-preview":"max-video-preview:-1"},"canonical":"https:\/\/jornaldasoficinas.com\/pt\/marelli-alcancara-neutralidade-de-carbono-ate-2030\/","og_locale":"pt_PT","og_type":"article","og_title":"Marelli alcan\u00e7ar\u00e1 neutralidade de carbono at\u00e9 2030 - Jornal das Oficinas","og_description":"A Marelli, acaba de anunciar o...","og_url":"https:\/\/jornaldasoficinas.com\/pt\/marelli-alcancara-neutralidade-de-carbono-ate-2030\/","og_site_name":"Jornal das Oficinas","article_publisher":"https:\/\/www.facebook.com\/jornaloficinas","article_published_time":"2021-12-08T10:00:27+00:00","og_image":[{"width":1024,"height":581,"url":"https:\/\/jornaldasoficinas.com\/pt\/wp-content\/uploads\/2021\/12\/Marelli-alcancara-neutralidade-de-carbono-ate-2030.jpg","type":"image\/jpeg"}],"author":"Reda\u00e7\u00e3o JO","twitter_card":"summary_large_image","twitter_creator":"@jornaloficinas","twitter_site":"@jornaloficinas","twitter_misc":{"Escrito por":"Reda\u00e7\u00e3o JO","Tempo estimado de leitura":"3 minutos"},"schema":{"@context":"https:\/\/schema.org","@graph":[{"@type":"Article","@id":"https:\/\/jornaldasoficinas.com\/pt\/marelli-alcancara-neutralidade-de-carbono-ate-2030\/#article","isPartOf":{"@id":"https:\/\/jornaldasoficinas.com\/pt\/marelli-alcancara-neutralidade-de-carbono-ate-2030\/"},"author":{"name":"Reda\u00e7\u00e3o JO","@id":"https:\/\/jornaldasoficinas.com\/pt\/#\/schema\/person\/a38eef5de2c41d9e7c9ac10141afddf3"},"headline":"Marelli alcan\u00e7ar\u00e1 neutralidade de carbono at\u00e9 2030","datePublished":"2021-12-08T10:00:27+00:00","mainEntityOfPage":{"@id":"https:\/\/jornaldasoficinas.com\/pt\/marelli-alcancara-neutralidade-de-carbono-ate-2030\/"},"wordCount":545,"publisher":{"@id":"https:\/\/jornaldasoficinas.com\/pt\/#organization"},"image":{"@id":"https:\/\/jornaldasoficinas.com\/pt\/marelli-alcancara-neutralidade-de-carbono-ate-2030\/#primaryimage"},"thumbnailUrl":"https:\/\/jornaldasoficinas.com\/pt\/wp-content\/uploads\/2021\/12\/Marelli-alcancara-neutralidade-de-carbono-ate-2030.jpg","keywords":["Marelli"],"articleSection":["Empresas"],"inLanguage":"pt-PT"},{"@type":"WebPage","@id":"https:\/\/jornaldasoficinas.com\/pt\/marelli-alcancara-neutralidade-de-carbono-ate-2030\/","url":"https:\/\/jornaldasoficinas.com\/pt\/marelli-alcancara-neutralidade-de-carbono-ate-2030\/","name":"Marelli alcan\u00e7ar\u00e1 neutralidade de carbono at\u00e9 2030 - Jornal das Oficinas","isPartOf":{"@id":"https:\/\/jornaldasoficinas.com\/pt\/#website"},"primaryImageOfPage":{"@id":"https:\/\/jornaldasoficinas.com\/pt\/marelli-alcancara-neutralidade-de-carbono-ate-2030\/#primaryimage"},"image":{"@id":"https:\/\/jornaldasoficinas.com\/pt\/marelli-alcancara-neutralidade-de-carbono-ate-2030\/#primaryimage"},"thumbnailUrl":"https:\/\/jornaldasoficinas.com\/pt\/wp-content\/uploads\/2021\/12\/Marelli-alcancara-neutralidade-de-carbono-ate-2030.jpg","datePublished":"2021-12-08T10:00:27+00:00","breadcrumb":{"@id":"https:\/\/jornaldasoficinas.com\/pt\/marelli-alcancara-neutralidade-de-carbono-ate-2030\/#breadcrumb"},"inLanguage":"pt-PT","potentialAction":[{"@type":"ReadAction","target":["https:\/\/jornaldasoficinas.com\/pt\/marelli-alcancara-neutralidade-de-carbono-ate-2030\/"]}]},{"@type":"ImageObject","inLanguage":"pt-PT","@id":"https:\/\/jornaldasoficinas.com\/pt\/marelli-alcancara-neutralidade-de-carbono-ate-2030\/#primaryimage","url":"https:\/\/jornaldasoficinas.com\/pt\/wp-content\/uploads\/2021\/12\/Marelli-alcancara-neutralidade-de-carbono-ate-2030.jpg","contentUrl":"https:\/\/jornaldasoficinas.com\/pt\/wp-content\/uploads\/2021\/12\/Marelli-alcancara-neutralidade-de-carbono-ate-2030.jpg","width":1024,"height":581,"caption":"12 - Marelli-alcancara-neutralidade-de-carbono-ate-2030"},{"@type":"BreadcrumbList","@id":"https:\/\/jornaldasoficinas.com\/pt\/marelli-alcancara-neutralidade-de-carbono-ate-2030\/#breadcrumb","itemListElement":[{"@type":"ListItem","position":1,"name":"In\u00edcio","item":"https:\/\/jornaldasoficinas.com\/pt\/"},{"@type":"ListItem","position":2,"name":"Marelli alcan\u00e7ar\u00e1 neutralidade de carbono at\u00e9 2030"}]},{"@type":"WebSite","@id":"https:\/\/jornaldasoficinas.com\/pt\/#website","url":"https:\/\/jornaldasoficinas.com\/pt\/","name":"Jornal das Oficinas","description":"Jornal independente do Aftermarket Autom\u00f3vel em Portugal","publisher":{"@id":"https:\/\/jornaldasoficinas.com\/pt\/#organization"},"potentialAction":[{"@type":"SearchAction","target":{"@type":"EntryPoint","urlTemplate":"https:\/\/jornaldasoficinas.com\/pt\/?s={search_term_string}"},"query-input":{"@type":"PropertyValueSpecification","valueRequired":true,"valueName":"search_term_string"}}],"inLanguage":"pt-PT"},{"@type":"Organization","@id":"https:\/\/jornaldasoficinas.com\/pt\/#organization","name":"Jornal das Oficinas","url":"https:\/\/jornaldasoficinas.com\/pt\/","logo":{"@type":"ImageObject","inLanguage":"pt-PT","@id":"https:\/\/jornaldasoficinas.com\/pt\/#\/schema\/logo\/image\/","url":"https:\/\/jornaldasoficinas.com\/pt\/wp-content\/uploads\/logoJO-SEO.png","contentUrl":"https:\/\/jornaldasoficinas.com\/pt\/wp-content\/uploads\/logoJO-SEO.png","width":285,"height":450,"caption":"Jornal das Oficinas"},"image":{"@id":"https:\/\/jornaldasoficinas.com\/pt\/#\/schema\/logo\/image\/"},"sameAs":["https:\/\/www.facebook.com\/jornaloficinas","https:\/\/x.com\/jornaloficinas","https:\/\/www.instagram.com\/jornal_oficinas\/","https:\/\/www.linkedin.com\/company\/jornal-das-oficinas\/","https:\/\/www.youtube.com\/channel\/UCbQZBqtcvV-oSQrr7RzINGg"]},{"@type":"Person","@id":"https:\/\/jornaldasoficinas.com\/pt\/#\/schema\/person\/a38eef5de2c41d9e7c9ac10141afddf3","name":"Reda\u00e7\u00e3o JO","image":{"@type":"ImageObject","inLanguage":"pt-PT","@id":"https:\/\/secure.gravatar.com\/avatar\/71f2fa71737ad68a84fea94bc708ddac8ea5b0c4788dc2ad202f3ccb2887742f?s=96&d=wp_user_avatar&r=g","url":"https:\/\/secure.gravatar.com\/avatar\/71f2fa71737ad68a84fea94bc708ddac8ea5b0c4788dc2ad202f3ccb2887742f?s=96&d=wp_user_avatar&r=g","contentUrl":"https:\/\/secure.gravatar.com\/avatar\/71f2fa71737ad68a84fea94bc708ddac8ea5b0c4788dc2ad202f3ccb2887742f?s=96&d=wp_user_avatar&r=g","caption":"Reda\u00e7\u00e3o JO"},"url":"https:\/\/jornaldasoficinas.com\/pt\/author\/joredacao\/"}]}},"_links":{"self":[{"href":"https:\/\/jornaldasoficinas.com\/pt\/wp-json\/wp\/v2\/posts\/25995","targetHints":{"allow":["GET"]}}],"collection":[{"href":"https:\/\/jornaldasoficinas.com\/pt\/wp-json\/wp\/v2\/posts"}],"about":[{"href":"https:\/\/jornaldasoficinas.com\/pt\/wp-json\/wp\/v2\/types\/post"}],"author":[{"embeddable":true,"href":"https:\/\/jornaldasoficinas.com\/pt\/wp-json\/wp\/v2\/users\/15"}],"replies":[{"embeddable":true,"href":"https:\/\/jornaldasoficinas.com\/pt\/wp-json\/wp\/v2\/comments?post=25995"}],"version-history":[{"count":0,"href":"https:\/\/jornaldasoficinas.com\/pt\/wp-json\/wp\/v2\/posts\/25995\/revisions"}],"wp:featuredmedia":[{"embeddable":true,"href":"https:\/\/jornaldasoficinas.com\/pt\/wp-json\/wp\/v2\/media\/25997"}],"wp:attachment":[{"href":"https:\/\/jornaldasoficinas.com\/pt\/wp-json\/wp\/v2\/media?parent=25995"}],"wp:term":[{"taxonomy":"category","embeddable":true,"href":"https:\/\/jornaldasoficinas.com\/pt\/wp-json\/wp\/v2\/categories?post=25995"},{"taxonomy":"post_tag","embeddable":true,"href":"https:\/\/jornaldasoficinas.com\/pt\/wp-json\/wp\/v2\/tags?post=25995"}],"curies":[{"name":"wp","href":"https:\/\/api.w.org\/{rel}","templated":true}]}}