{"id":26116,"date":"2021-12-13T12:00:53","date_gmt":"2021-12-13T12:00:53","guid":{"rendered":"https:\/\/jornaldasoficinas.com\/pt\/?p=26116"},"modified":"2021-12-12T10:49:53","modified_gmt":"2021-12-12T10:49:53","slug":"sonax-conquista-quarto-premio-marca-do-seculo","status":"publish","type":"post","link":"https:\/\/jornaldasoficinas.com\/pt\/sonax-conquista-quarto-premio-marca-do-seculo\/","title":{"rendered":"Sonax conquista quarto pr\u00e9mio &#8216;Marca do S\u00e9culo&#8217;"},"content":{"rendered":"<p><img loading=\"lazy\" decoding=\"async\" class=\"alignnone size-full wp-image-26117\" src=\"https:\/\/jornaldasoficinas.com\/pt\/wp-content\/uploads\/2021\/12\/Sonax-conquista-quarto1.png\" alt=\"12 - Sonax-conquista-quarto1\" width=\"1024\" height=\"581\" srcset=\"https:\/\/jornaldasoficinas.com\/pt\/wp-content\/uploads\/2021\/12\/Sonax-conquista-quarto1.png 1024w, https:\/\/jornaldasoficinas.com\/pt\/wp-content\/uploads\/2021\/12\/Sonax-conquista-quarto1-300x170.png 300w, https:\/\/jornaldasoficinas.com\/pt\/wp-content\/uploads\/2021\/12\/Sonax-conquista-quarto1-150x85.png 150w, https:\/\/jornaldasoficinas.com\/pt\/wp-content\/uploads\/2021\/12\/Sonax-conquista-quarto1-768x436.png 768w\" sizes=\"auto, (max-width: 1024px) 100vw, 1024px\" \/><\/p>\n<p><strong>A <a href=\"https:\/\/sonax.pt\/\" target=\"_blank\" rel=\"noopener\">SONAX<\/a> \u00e9 mais uma vez distinguida como &#8220;Marca do S\u00e9culo&#8221; na categoria de cuidado autom\u00f3vel. O que come\u00e7ou como um livro ilustrado de alta qualidade, tornou-se num pr\u00e9mio not\u00e1vel que distingue as 200 marcas alem\u00e3s mais not\u00e1veis<\/strong><\/p>\n<p>Liderado pelo editor Dr. Florian Langenscheidt, um j\u00fari de especialistas de renome nomeou a marca SONAX para se juntar \u00e0 &#8220;primeira liga de marcas alem\u00e3s&#8221; pela quarta vez, na sequ\u00eancia de pr\u00e9mios anteriores desde 2013<\/p>\n<p>Manfred Hoffmann, Director Geral e accionista da SONAX GmbH, explica em entrevista porque \u00e9 que o pr\u00e9mio \u00e9 t\u00e3o significativo &#8220;O pr\u00e9mio e o convite para juntar a SONAX a este grupo selecionado de marcas not\u00e1veis \u00e9 uma grande honra e deixa-nos muito orgulhosos. O pr\u00e9mio \u00e9 altamente significativo: sublinha as qualidades de destaque da marca SONAX e a grande reputa\u00e7\u00e3o dos nossos produtos de uma forma \u00fanica.&#8221;<\/p>\n<p><strong>Na sua opini\u00e3o, quais os fatores de sucesso que foram cruciais para que a SONAX fosse nomeada uma marca do s\u00e9culo?<br \/>\n<\/strong>Manfred Hoffmann: &#8220;Quando os clientes votam em n\u00f3s, \u00e9 sin\u00f3nimo de que confiam na marca e nas experi\u00eancias positivas que t\u00eam tido com os nossos produtos. Portanto, a nossa promessa de qualidade Made in Germany, continuidade, fiabilidade e um elevado n\u00edvel de foco no cliente est\u00e3o no topo da nossa lista. Estes e outros factores de sucesso t\u00eam constitu\u00eddo o ADN SONAX desde a concep\u00e7\u00e3o da marca em 1950 e formam a base de um desenvolvimento da marca no qual investimos muito, especialmente no \u00faltimo s\u00e9culo desde a d\u00e9cada de 1980 e agora no actual mil\u00e9nio. E temos sido bem sucedidos a este respeito, como sublinha a nossa inclus\u00e3o pelo j\u00fari liderado pelo Dr. Florian Langenscheidt.&#8221;<\/p>\n<p><strong>Como se tem desenvolvido a imagem da marca SONAX ao longo das d\u00e9cadas?<br \/>\n<\/strong>Manfred Hoffmann: &#8220;No in\u00edcio, SONAX era apenas o nome de um simples polish de autom\u00f3veis; mais tarde veio o primeiro produto de limpeza interior chamado &#8220;Unirein&#8221; e o \u00f3leo MoS2. Em meados da d\u00e9cada de 1970, avan\u00e7\u00e1mos com a expans\u00e3o da gama de produtos e, desde 1984, constru\u00edmos propositadamente a marca SONAX com o log\u00f3tipo actual em letras vermelhas grandes como uma marca premium para autom\u00f3veis. A nossa expans\u00e3o internacional tamb\u00e9m teve lugar durante este per\u00edodo.&#8221;<\/p>\n<p><strong>Os produtos SONAX est\u00e3o representados em todos os continentes?<br \/>\n<\/strong>Manfred Hoffmann: &#8220;\u00c9 isso mesmo, e estamos encantados com isto. A memor\u00e1vel imagem de marca, publicidade e actividades de patroc\u00ednio tamb\u00e9m ajudaram a elevar o perfil da empresa a um n\u00edvel internacional. A SONAX \u00e9 agora sin\u00f3nimo em todo o mundo de produtos de alta qualidade para o cuidado de ve\u00edculos. A marca est\u00e1 agora presente em mais de 100 pa\u00edses em todo o mundo. A quota de exporta\u00e7\u00e3o cresceu para mais de 43 por cento. Como empresa de m\u00e9dia dimens\u00e3o, estamos particularmente orgulhosos do facto de a nossa gama de produtos de alto desempenho &#8220;Made in Germany&#8221; ter uma grande reputa\u00e7\u00e3o a n\u00edvel mundial. Clientes em toda a Europa, bem como no M\u00e9dio Oriente, Am\u00e9rica e \u00c1sia confiam na nossa experi\u00eancia e beneficiam do valor acrescentado proporcionado pelos nossos produtos.&#8221;<\/p>\n<p><strong>Ser\u00e1 que o conhecimento e valor acrescentado est\u00e3o intimamente ligados aos elevados padr\u00f5es de qualidade?<br \/>\n<\/strong>Manfred Hoffmann: &#8220;Definitivamente. \u00c9 por isso que nos mantemos teimosamente fi\u00e9is aos nossos padr\u00f5es de qualidade e nos esfor\u00e7amos permanentemente pela inova\u00e7\u00e3o. S\u00f3 atingindo o mais alto n\u00edvel de satisfa\u00e7\u00e3o do cliente podemos provar repetidamente que a marca SONAX representa melhores produtos e \u00e9, por isso, uma das &#8220;Marcas do S\u00e9culo&#8221;.<\/p>\n<p><strong>O que podem os clientes e parceiros esperar da marca SONAX e da empresa nos pr\u00f3ximos anos?<br \/>\n<\/strong>Manfred Hoffmann: &#8220;Estamos a conduzir desenvolvimentos nas \u00e1reas mais importantes do cuidado autom\u00f3vel, n\u00e3o s\u00f3 para manter a nossa posi\u00e7\u00e3o de lideran\u00e7a, mas tamb\u00e9m para a alargar. A ess\u00eancia da marca SONAX \u00e9 tamb\u00e9m caracterizada por um esfor\u00e7o de lideran\u00e7a de mercado &#8211; e para fazer justi\u00e7a a isto, estamos a expandir nos arredores da nossa sede em Neuburg an der Donau com nova capacidade log\u00edstica e novas instala\u00e7\u00f5es de produ\u00e7\u00e3o, com um volume de investimento de mais de 40 milh\u00f5es de euros at\u00e9 \u00e0 data. \u00c9 assim que estamos a estabelecer o rumo para que a marca SONAX continue a desempenhar um papel de lideran\u00e7a no futuro.\u201d<\/p>\n<p><strong>Como completaria a seguinte frase? Sonax \u00e9 a marca do s\u00e9culo porque&#8230;<br \/>\n<\/strong>Manfred Hoffmann: &#8220;&#8230;mereceu-o com 70 anos de desempenho estelar.&#8221;<\/p>\n<p><strong>Sobre as &#8220;Marcas do s\u00e9culo&#8221;<br \/>\n<\/strong>A 20\u00aa edi\u00e7\u00e3o do livro &#8220;Marcas do S\u00e9culo&#8221; celebrar\u00e1 o seu lan\u00e7amento a 10 de Fevereiro de 2022 em Berlim. Desde o in\u00edcio de 2018, as &#8220;Normas Alem\u00e3s&#8221; s\u00e3o publicadas pelo grupo editorial &#8220;Die ZEIT&#8221;.<\/p>\n<p>As &#8220;Marcas do S\u00e9culo&#8221; t\u00eam uma hist\u00f3ria \u00fanica e ganharam a confian\u00e7a dos seus clientes, em alguns casos ao longo de d\u00e9cadas. \u00a0Gostamos de honrar estas marcas de sucesso e contar as suas hist\u00f3rias&#8221;, diz Kai Wutte, Directora Geral da Tempus Corporate GmbH, que produz o livro da marca.<\/p>\n<p>Para o relan\u00e7amento das &#8220;Marcas do S\u00e9culo&#8221;, foi implementado um procedimento de selec\u00e7\u00e3o transparente que garante \u00e0s marcas seleccionadas a posi\u00e7\u00e3o \u00fanica de &#8220;Marca do S\u00e9culo&#8221; numa categoria de produto espec\u00edfica, baseada em tr\u00eas fases de avalia\u00e7\u00e3o. &#8220;Com tantos pr\u00e9mios agora a competir uns com os outros, estou especialmente orgulhoso do facto de o estarmos a fazer de forma pr\u00f3-activa e gratuita&#8221;, explica o Dr. Florian Langenscheidt.<\/p>\n","protected":false},"excerpt":{"rendered":"<p>A SONAX \u00e9 mais uma vez&#8230;<\/p>\n","protected":false},"author":15,"featured_media":26117,"comment_status":"closed","ping_status":"closed","sticky":false,"template":"","format":"standard","meta":{"footnotes":""},"categories":[2],"tags":[1670],"class_list":["post-26116","post","type-post","status-publish","format-standard","has-post-thumbnail","hentry","category-repintura","tag-sonax"],"yoast_head":"<!-- This site is optimized with the Yoast SEO plugin v27.4 - https:\/\/yoast.com\/product\/yoast-seo-wordpress\/ -->\n<title>Sonax conquista quarto pr\u00e9mio &#039;Marca do S\u00e9culo&#039; - Jornal das Oficinas<\/title>\n<meta name=\"robots\" content=\"index, follow, max-snippet:-1, max-image-preview:large, max-video-preview:-1\" \/>\n<link rel=\"canonical\" href=\"https:\/\/jornaldasoficinas.com\/pt\/sonax-conquista-quarto-premio-marca-do-seculo\/\" \/>\n<meta property=\"og:locale\" content=\"pt_PT\" \/>\n<meta property=\"og:type\" content=\"article\" \/>\n<meta property=\"og:title\" content=\"Sonax conquista quarto pr\u00e9mio &#039;Marca do S\u00e9culo&#039; - Jornal das Oficinas\" \/>\n<meta property=\"og:description\" content=\"A SONAX \u00e9 mais uma vez...\" \/>\n<meta property=\"og:url\" content=\"https:\/\/jornaldasoficinas.com\/pt\/sonax-conquista-quarto-premio-marca-do-seculo\/\" \/>\n<meta property=\"og:site_name\" content=\"Jornal das Oficinas\" \/>\n<meta property=\"article:publisher\" content=\"https:\/\/www.facebook.com\/jornaloficinas\" \/>\n<meta property=\"article:published_time\" content=\"2021-12-13T12:00:53+00:00\" \/>\n<meta property=\"og:image\" content=\"https:\/\/jornaldasoficinas.com\/pt\/wp-content\/uploads\/2021\/12\/Sonax-conquista-quarto1.png\" \/>\n\t<meta property=\"og:image:width\" content=\"1024\" \/>\n\t<meta property=\"og:image:height\" content=\"581\" \/>\n\t<meta property=\"og:image:type\" content=\"image\/png\" \/>\n<meta name=\"author\" content=\"Reda\u00e7\u00e3o JO\" \/>\n<meta name=\"twitter:card\" content=\"summary_large_image\" \/>\n<meta name=\"twitter:creator\" content=\"@jornaloficinas\" \/>\n<meta name=\"twitter:site\" content=\"@jornaloficinas\" \/>\n<meta name=\"twitter:label1\" content=\"Escrito por\" \/>\n\t<meta name=\"twitter:data1\" content=\"Reda\u00e7\u00e3o JO\" \/>\n\t<meta name=\"twitter:label2\" content=\"Tempo estimado de leitura\" \/>\n\t<meta name=\"twitter:data2\" content=\"5 minutos\" \/>\n<script type=\"application\/ld+json\" class=\"yoast-schema-graph\">{\"@context\":\"https:\\\/\\\/schema.org\",\"@graph\":[{\"@type\":\"Article\",\"@id\":\"https:\\\/\\\/jornaldasoficinas.com\\\/pt\\\/sonax-conquista-quarto-premio-marca-do-seculo\\\/#article\",\"isPartOf\":{\"@id\":\"https:\\\/\\\/jornaldasoficinas.com\\\/pt\\\/sonax-conquista-quarto-premio-marca-do-seculo\\\/\"},\"author\":{\"name\":\"Reda\u00e7\u00e3o JO\",\"@id\":\"https:\\\/\\\/jornaldasoficinas.com\\\/pt\\\/#\\\/schema\\\/person\\\/a38eef5de2c41d9e7c9ac10141afddf3\"},\"headline\":\"Sonax conquista quarto pr\u00e9mio &#8216;Marca do S\u00e9culo&#8217;\",\"datePublished\":\"2021-12-13T12:00:53+00:00\",\"mainEntityOfPage\":{\"@id\":\"https:\\\/\\\/jornaldasoficinas.com\\\/pt\\\/sonax-conquista-quarto-premio-marca-do-seculo\\\/\"},\"wordCount\":965,\"publisher\":{\"@id\":\"https:\\\/\\\/jornaldasoficinas.com\\\/pt\\\/#organization\"},\"image\":{\"@id\":\"https:\\\/\\\/jornaldasoficinas.com\\\/pt\\\/sonax-conquista-quarto-premio-marca-do-seculo\\\/#primaryimage\"},\"thumbnailUrl\":\"https:\\\/\\\/jornaldasoficinas.com\\\/pt\\\/wp-content\\\/uploads\\\/2021\\\/12\\\/Sonax-conquista-quarto1.png\",\"keywords\":[\"SONAX\"],\"articleSection\":[\"Repintura\"],\"inLanguage\":\"pt-PT\"},{\"@type\":\"WebPage\",\"@id\":\"https:\\\/\\\/jornaldasoficinas.com\\\/pt\\\/sonax-conquista-quarto-premio-marca-do-seculo\\\/\",\"url\":\"https:\\\/\\\/jornaldasoficinas.com\\\/pt\\\/sonax-conquista-quarto-premio-marca-do-seculo\\\/\",\"name\":\"Sonax conquista quarto pr\u00e9mio 'Marca do S\u00e9culo' - Jornal das Oficinas\",\"isPartOf\":{\"@id\":\"https:\\\/\\\/jornaldasoficinas.com\\\/pt\\\/#website\"},\"primaryImageOfPage\":{\"@id\":\"https:\\\/\\\/jornaldasoficinas.com\\\/pt\\\/sonax-conquista-quarto-premio-marca-do-seculo\\\/#primaryimage\"},\"image\":{\"@id\":\"https:\\\/\\\/jornaldasoficinas.com\\\/pt\\\/sonax-conquista-quarto-premio-marca-do-seculo\\\/#primaryimage\"},\"thumbnailUrl\":\"https:\\\/\\\/jornaldasoficinas.com\\\/pt\\\/wp-content\\\/uploads\\\/2021\\\/12\\\/Sonax-conquista-quarto1.png\",\"datePublished\":\"2021-12-13T12:00:53+00:00\",\"breadcrumb\":{\"@id\":\"https:\\\/\\\/jornaldasoficinas.com\\\/pt\\\/sonax-conquista-quarto-premio-marca-do-seculo\\\/#breadcrumb\"},\"inLanguage\":\"pt-PT\",\"potentialAction\":[{\"@type\":\"ReadAction\",\"target\":[\"https:\\\/\\\/jornaldasoficinas.com\\\/pt\\\/sonax-conquista-quarto-premio-marca-do-seculo\\\/\"]}]},{\"@type\":\"ImageObject\",\"inLanguage\":\"pt-PT\",\"@id\":\"https:\\\/\\\/jornaldasoficinas.com\\\/pt\\\/sonax-conquista-quarto-premio-marca-do-seculo\\\/#primaryimage\",\"url\":\"https:\\\/\\\/jornaldasoficinas.com\\\/pt\\\/wp-content\\\/uploads\\\/2021\\\/12\\\/Sonax-conquista-quarto1.png\",\"contentUrl\":\"https:\\\/\\\/jornaldasoficinas.com\\\/pt\\\/wp-content\\\/uploads\\\/2021\\\/12\\\/Sonax-conquista-quarto1.png\",\"width\":1024,\"height\":581,\"caption\":\"12 - Sonax-conquista-quarto1\"},{\"@type\":\"BreadcrumbList\",\"@id\":\"https:\\\/\\\/jornaldasoficinas.com\\\/pt\\\/sonax-conquista-quarto-premio-marca-do-seculo\\\/#breadcrumb\",\"itemListElement\":[{\"@type\":\"ListItem\",\"position\":1,\"name\":\"In\u00edcio\",\"item\":\"https:\\\/\\\/jornaldasoficinas.com\\\/pt\\\/\"},{\"@type\":\"ListItem\",\"position\":2,\"name\":\"Sonax conquista quarto pr\u00e9mio &#8216;Marca do S\u00e9culo&#8217;\"}]},{\"@type\":\"WebSite\",\"@id\":\"https:\\\/\\\/jornaldasoficinas.com\\\/pt\\\/#website\",\"url\":\"https:\\\/\\\/jornaldasoficinas.com\\\/pt\\\/\",\"name\":\"Jornal das Oficinas\",\"description\":\"Jornal independente do Aftermarket Autom\u00f3vel em Portugal\",\"publisher\":{\"@id\":\"https:\\\/\\\/jornaldasoficinas.com\\\/pt\\\/#organization\"},\"potentialAction\":[{\"@type\":\"SearchAction\",\"target\":{\"@type\":\"EntryPoint\",\"urlTemplate\":\"https:\\\/\\\/jornaldasoficinas.com\\\/pt\\\/?s={search_term_string}\"},\"query-input\":{\"@type\":\"PropertyValueSpecification\",\"valueRequired\":true,\"valueName\":\"search_term_string\"}}],\"inLanguage\":\"pt-PT\"},{\"@type\":\"Organization\",\"@id\":\"https:\\\/\\\/jornaldasoficinas.com\\\/pt\\\/#organization\",\"name\":\"Jornal das Oficinas\",\"url\":\"https:\\\/\\\/jornaldasoficinas.com\\\/pt\\\/\",\"logo\":{\"@type\":\"ImageObject\",\"inLanguage\":\"pt-PT\",\"@id\":\"https:\\\/\\\/jornaldasoficinas.com\\\/pt\\\/#\\\/schema\\\/logo\\\/image\\\/\",\"url\":\"https:\\\/\\\/jornaldasoficinas.com\\\/pt\\\/wp-content\\\/uploads\\\/logoJO-SEO.png\",\"contentUrl\":\"https:\\\/\\\/jornaldasoficinas.com\\\/pt\\\/wp-content\\\/uploads\\\/logoJO-SEO.png\",\"width\":285,\"height\":450,\"caption\":\"Jornal das Oficinas\"},\"image\":{\"@id\":\"https:\\\/\\\/jornaldasoficinas.com\\\/pt\\\/#\\\/schema\\\/logo\\\/image\\\/\"},\"sameAs\":[\"https:\\\/\\\/www.facebook.com\\\/jornaloficinas\",\"https:\\\/\\\/x.com\\\/jornaloficinas\",\"https:\\\/\\\/www.instagram.com\\\/jornal_oficinas\\\/\",\"https:\\\/\\\/www.linkedin.com\\\/company\\\/jornal-das-oficinas\\\/\",\"https:\\\/\\\/www.youtube.com\\\/channel\\\/UCbQZBqtcvV-oSQrr7RzINGg\"]},{\"@type\":\"Person\",\"@id\":\"https:\\\/\\\/jornaldasoficinas.com\\\/pt\\\/#\\\/schema\\\/person\\\/a38eef5de2c41d9e7c9ac10141afddf3\",\"name\":\"Reda\u00e7\u00e3o JO\",\"image\":{\"@type\":\"ImageObject\",\"inLanguage\":\"pt-PT\",\"@id\":\"https:\\\/\\\/secure.gravatar.com\\\/avatar\\\/71f2fa71737ad68a84fea94bc708ddac8ea5b0c4788dc2ad202f3ccb2887742f?s=96&d=wp_user_avatar&r=g\",\"url\":\"https:\\\/\\\/secure.gravatar.com\\\/avatar\\\/71f2fa71737ad68a84fea94bc708ddac8ea5b0c4788dc2ad202f3ccb2887742f?s=96&d=wp_user_avatar&r=g\",\"contentUrl\":\"https:\\\/\\\/secure.gravatar.com\\\/avatar\\\/71f2fa71737ad68a84fea94bc708ddac8ea5b0c4788dc2ad202f3ccb2887742f?s=96&d=wp_user_avatar&r=g\",\"caption\":\"Reda\u00e7\u00e3o JO\"},\"url\":\"https:\\\/\\\/jornaldasoficinas.com\\\/pt\\\/author\\\/joredacao\\\/\"}]}<\/script>\n<!-- \/ Yoast SEO plugin. -->","yoast_head_json":{"title":"Sonax conquista quarto pr\u00e9mio 'Marca do S\u00e9culo' - Jornal das Oficinas","robots":{"index":"index","follow":"follow","max-snippet":"max-snippet:-1","max-image-preview":"max-image-preview:large","max-video-preview":"max-video-preview:-1"},"canonical":"https:\/\/jornaldasoficinas.com\/pt\/sonax-conquista-quarto-premio-marca-do-seculo\/","og_locale":"pt_PT","og_type":"article","og_title":"Sonax conquista quarto pr\u00e9mio 'Marca do S\u00e9culo' - Jornal das Oficinas","og_description":"A SONAX \u00e9 mais uma vez...","og_url":"https:\/\/jornaldasoficinas.com\/pt\/sonax-conquista-quarto-premio-marca-do-seculo\/","og_site_name":"Jornal das Oficinas","article_publisher":"https:\/\/www.facebook.com\/jornaloficinas","article_published_time":"2021-12-13T12:00:53+00:00","og_image":[{"width":1024,"height":581,"url":"https:\/\/jornaldasoficinas.com\/pt\/wp-content\/uploads\/2021\/12\/Sonax-conquista-quarto1.png","type":"image\/png"}],"author":"Reda\u00e7\u00e3o JO","twitter_card":"summary_large_image","twitter_creator":"@jornaloficinas","twitter_site":"@jornaloficinas","twitter_misc":{"Escrito por":"Reda\u00e7\u00e3o JO","Tempo estimado de leitura":"5 minutos"},"schema":{"@context":"https:\/\/schema.org","@graph":[{"@type":"Article","@id":"https:\/\/jornaldasoficinas.com\/pt\/sonax-conquista-quarto-premio-marca-do-seculo\/#article","isPartOf":{"@id":"https:\/\/jornaldasoficinas.com\/pt\/sonax-conquista-quarto-premio-marca-do-seculo\/"},"author":{"name":"Reda\u00e7\u00e3o JO","@id":"https:\/\/jornaldasoficinas.com\/pt\/#\/schema\/person\/a38eef5de2c41d9e7c9ac10141afddf3"},"headline":"Sonax conquista quarto pr\u00e9mio &#8216;Marca do S\u00e9culo&#8217;","datePublished":"2021-12-13T12:00:53+00:00","mainEntityOfPage":{"@id":"https:\/\/jornaldasoficinas.com\/pt\/sonax-conquista-quarto-premio-marca-do-seculo\/"},"wordCount":965,"publisher":{"@id":"https:\/\/jornaldasoficinas.com\/pt\/#organization"},"image":{"@id":"https:\/\/jornaldasoficinas.com\/pt\/sonax-conquista-quarto-premio-marca-do-seculo\/#primaryimage"},"thumbnailUrl":"https:\/\/jornaldasoficinas.com\/pt\/wp-content\/uploads\/2021\/12\/Sonax-conquista-quarto1.png","keywords":["SONAX"],"articleSection":["Repintura"],"inLanguage":"pt-PT"},{"@type":"WebPage","@id":"https:\/\/jornaldasoficinas.com\/pt\/sonax-conquista-quarto-premio-marca-do-seculo\/","url":"https:\/\/jornaldasoficinas.com\/pt\/sonax-conquista-quarto-premio-marca-do-seculo\/","name":"Sonax conquista quarto pr\u00e9mio 'Marca do S\u00e9culo' - Jornal das Oficinas","isPartOf":{"@id":"https:\/\/jornaldasoficinas.com\/pt\/#website"},"primaryImageOfPage":{"@id":"https:\/\/jornaldasoficinas.com\/pt\/sonax-conquista-quarto-premio-marca-do-seculo\/#primaryimage"},"image":{"@id":"https:\/\/jornaldasoficinas.com\/pt\/sonax-conquista-quarto-premio-marca-do-seculo\/#primaryimage"},"thumbnailUrl":"https:\/\/jornaldasoficinas.com\/pt\/wp-content\/uploads\/2021\/12\/Sonax-conquista-quarto1.png","datePublished":"2021-12-13T12:00:53+00:00","breadcrumb":{"@id":"https:\/\/jornaldasoficinas.com\/pt\/sonax-conquista-quarto-premio-marca-do-seculo\/#breadcrumb"},"inLanguage":"pt-PT","potentialAction":[{"@type":"ReadAction","target":["https:\/\/jornaldasoficinas.com\/pt\/sonax-conquista-quarto-premio-marca-do-seculo\/"]}]},{"@type":"ImageObject","inLanguage":"pt-PT","@id":"https:\/\/jornaldasoficinas.com\/pt\/sonax-conquista-quarto-premio-marca-do-seculo\/#primaryimage","url":"https:\/\/jornaldasoficinas.com\/pt\/wp-content\/uploads\/2021\/12\/Sonax-conquista-quarto1.png","contentUrl":"https:\/\/jornaldasoficinas.com\/pt\/wp-content\/uploads\/2021\/12\/Sonax-conquista-quarto1.png","width":1024,"height":581,"caption":"12 - Sonax-conquista-quarto1"},{"@type":"BreadcrumbList","@id":"https:\/\/jornaldasoficinas.com\/pt\/sonax-conquista-quarto-premio-marca-do-seculo\/#breadcrumb","itemListElement":[{"@type":"ListItem","position":1,"name":"In\u00edcio","item":"https:\/\/jornaldasoficinas.com\/pt\/"},{"@type":"ListItem","position":2,"name":"Sonax conquista quarto pr\u00e9mio &#8216;Marca do S\u00e9culo&#8217;"}]},{"@type":"WebSite","@id":"https:\/\/jornaldasoficinas.com\/pt\/#website","url":"https:\/\/jornaldasoficinas.com\/pt\/","name":"Jornal das Oficinas","description":"Jornal independente do Aftermarket Autom\u00f3vel em Portugal","publisher":{"@id":"https:\/\/jornaldasoficinas.com\/pt\/#organization"},"potentialAction":[{"@type":"SearchAction","target":{"@type":"EntryPoint","urlTemplate":"https:\/\/jornaldasoficinas.com\/pt\/?s={search_term_string}"},"query-input":{"@type":"PropertyValueSpecification","valueRequired":true,"valueName":"search_term_string"}}],"inLanguage":"pt-PT"},{"@type":"Organization","@id":"https:\/\/jornaldasoficinas.com\/pt\/#organization","name":"Jornal das Oficinas","url":"https:\/\/jornaldasoficinas.com\/pt\/","logo":{"@type":"ImageObject","inLanguage":"pt-PT","@id":"https:\/\/jornaldasoficinas.com\/pt\/#\/schema\/logo\/image\/","url":"https:\/\/jornaldasoficinas.com\/pt\/wp-content\/uploads\/logoJO-SEO.png","contentUrl":"https:\/\/jornaldasoficinas.com\/pt\/wp-content\/uploads\/logoJO-SEO.png","width":285,"height":450,"caption":"Jornal das Oficinas"},"image":{"@id":"https:\/\/jornaldasoficinas.com\/pt\/#\/schema\/logo\/image\/"},"sameAs":["https:\/\/www.facebook.com\/jornaloficinas","https:\/\/x.com\/jornaloficinas","https:\/\/www.instagram.com\/jornal_oficinas\/","https:\/\/www.linkedin.com\/company\/jornal-das-oficinas\/","https:\/\/www.youtube.com\/channel\/UCbQZBqtcvV-oSQrr7RzINGg"]},{"@type":"Person","@id":"https:\/\/jornaldasoficinas.com\/pt\/#\/schema\/person\/a38eef5de2c41d9e7c9ac10141afddf3","name":"Reda\u00e7\u00e3o JO","image":{"@type":"ImageObject","inLanguage":"pt-PT","@id":"https:\/\/secure.gravatar.com\/avatar\/71f2fa71737ad68a84fea94bc708ddac8ea5b0c4788dc2ad202f3ccb2887742f?s=96&d=wp_user_avatar&r=g","url":"https:\/\/secure.gravatar.com\/avatar\/71f2fa71737ad68a84fea94bc708ddac8ea5b0c4788dc2ad202f3ccb2887742f?s=96&d=wp_user_avatar&r=g","contentUrl":"https:\/\/secure.gravatar.com\/avatar\/71f2fa71737ad68a84fea94bc708ddac8ea5b0c4788dc2ad202f3ccb2887742f?s=96&d=wp_user_avatar&r=g","caption":"Reda\u00e7\u00e3o JO"},"url":"https:\/\/jornaldasoficinas.com\/pt\/author\/joredacao\/"}]}},"_links":{"self":[{"href":"https:\/\/jornaldasoficinas.com\/pt\/wp-json\/wp\/v2\/posts\/26116","targetHints":{"allow":["GET"]}}],"collection":[{"href":"https:\/\/jornaldasoficinas.com\/pt\/wp-json\/wp\/v2\/posts"}],"about":[{"href":"https:\/\/jornaldasoficinas.com\/pt\/wp-json\/wp\/v2\/types\/post"}],"author":[{"embeddable":true,"href":"https:\/\/jornaldasoficinas.com\/pt\/wp-json\/wp\/v2\/users\/15"}],"replies":[{"embeddable":true,"href":"https:\/\/jornaldasoficinas.com\/pt\/wp-json\/wp\/v2\/comments?post=26116"}],"version-history":[{"count":0,"href":"https:\/\/jornaldasoficinas.com\/pt\/wp-json\/wp\/v2\/posts\/26116\/revisions"}],"wp:featuredmedia":[{"embeddable":true,"href":"https:\/\/jornaldasoficinas.com\/pt\/wp-json\/wp\/v2\/media\/26117"}],"wp:attachment":[{"href":"https:\/\/jornaldasoficinas.com\/pt\/wp-json\/wp\/v2\/media?parent=26116"}],"wp:term":[{"taxonomy":"category","embeddable":true,"href":"https:\/\/jornaldasoficinas.com\/pt\/wp-json\/wp\/v2\/categories?post=26116"},{"taxonomy":"post_tag","embeddable":true,"href":"https:\/\/jornaldasoficinas.com\/pt\/wp-json\/wp\/v2\/tags?post=26116"}],"curies":[{"name":"wp","href":"https:\/\/api.w.org\/{rel}","templated":true}]}}