{"id":26123,"date":"2021-12-13T18:00:27","date_gmt":"2021-12-13T18:00:27","guid":{"rendered":"https:\/\/jornaldasoficinas.com\/pt\/?p=26123"},"modified":"2021-12-12T10:59:31","modified_gmt":"2021-12-12T10:59:31","slug":"cepsa-e-redexis-lancam-rede-global-de-energia-fotovoltaica","status":"publish","type":"post","link":"https:\/\/jornaldasoficinas.com\/pt\/cepsa-e-redexis-lancam-rede-global-de-energia-fotovoltaica\/","title":{"rendered":"Cepsa e Redexis lan\u00e7am rede global de energia fotovoltaica"},"content":{"rendered":"<p><strong><img loading=\"lazy\" decoding=\"async\" class=\"alignnone size-full wp-image-26072\" src=\"https:\/\/jornaldasoficinas.com\/pt\/wp-content\/uploads\/2021\/12\/Cepsa-e-Redexis-lancam.jpg\" alt=\"12 - Cepsa-e-Redexis-lancam\" width=\"1024\" height=\"581\" srcset=\"https:\/\/jornaldasoficinas.com\/pt\/wp-content\/uploads\/2021\/12\/Cepsa-e-Redexis-lancam.jpg 1024w, https:\/\/jornaldasoficinas.com\/pt\/wp-content\/uploads\/2021\/12\/Cepsa-e-Redexis-lancam-300x170.jpg 300w, https:\/\/jornaldasoficinas.com\/pt\/wp-content\/uploads\/2021\/12\/Cepsa-e-Redexis-lancam-150x85.jpg 150w, https:\/\/jornaldasoficinas.com\/pt\/wp-content\/uploads\/2021\/12\/Cepsa-e-Redexis-lancam-768x436.jpg 768w\" sizes=\"auto, (max-width: 1024px) 100vw, 1024px\" \/><\/strong><\/p>\n<p><strong>A <a href=\"https:\/\/pt.cepsa.com\/pt\/particular\" target=\"_blank\" rel=\"noopener\">Cepsa<\/a> e <a href=\"https:\/\/www.redexis.es\/\" target=\"_blank\" rel=\"noopener\">Redexis<\/a> lan\u00e7am a primeira rede global de energia fotovoltaica em postos de abastecimento na Europa. O objetivo das duas empresas \u00e9 concluir a instala\u00e7\u00e3o de pain\u00e9is solares em todos os postos de abastecimento da rede Cepsa em Portugal e Espanha em dois anos<\/strong><\/p>\n<p>A Redexis e a Cepsa j\u00e1 come\u00e7aram a criar, na Europa, a primeira rede global de postos de abastecimento geradores de energia renov\u00e1vel. O plano das empresas prev\u00ea a conclus\u00e3o da instala\u00e7\u00e3o de pain\u00e9is fotovoltaicos em toda a rede de postos Cepsa em Portugal e Espanha at\u00e9 2023. Atualmente, estes pain\u00e9is j\u00e1 se encontram instalados em 75 postos e as empresas pretendem terminar 2021 com mais de 200 instala\u00e7\u00f5es fotovoltaicas executadas.<\/p>\n<p>Para a realiza\u00e7\u00e3o deste projeto, ser\u00e3o utilizados mais de 40.000 pain\u00e9is fotovoltaicos de alta tecnologia, com uma capacidade de produ\u00e7\u00e3o de mais de 32.800 MWh por ano, o equivalente ao consumo anual de energia de 11.000 habita\u00e7\u00f5es. A gera\u00e7\u00e3o dessa energia renov\u00e1vel evitar\u00e1 a emiss\u00e3o anual de 11.500 toneladas de CO2, o que equivale ao plantio de 6.000 \u00e1rvores, contribuindo assim para os Objetivos de Desenvolvimento Sustent\u00e1vel 7 (energia limpa e acess\u00edvel) e 13 (a\u00e7\u00e3o clim\u00e1tica).<\/p>\n<p>Durante a cerim\u00f3nia de assinatura do acordo, Pierre-Yves Sachet, director comercial da Cepsa, destacou: \u201cO objetivo da Cepsa \u00e9 acelerar a transi\u00e7\u00e3o energ\u00e9tica, tanto nas nossas opera\u00e7\u00f5es como nas solu\u00e7\u00f5es energ\u00e9ticas que oferecemos aos nossos clientes. O facto da nossa rede de postos de abastecimento se converter na primeira rede completa na Europa a gerar energia renov\u00e1vel \u00e9 um grande passo nessa dire\u00e7\u00e3o e um sinal claro para os nossos clientes de que a nossa transi\u00e7\u00e3o est\u00e1 em curso.&#8221;<\/p>\n<p>Por sua vez, Cristina \u00c1vila, CEO da Redexis, destacou: \u201cNa Redexis temos o prazer de assinar este acordo com a Cepsa porque nos permite dar um salto muito significativo na nossa atividade solar fotovoltaica. Esta alian\u00e7a estrat\u00e9gica com a Cepsa ajuda-nos a refor\u00e7ar o nosso compromisso com as energias renov\u00e1veis e a transi\u00e7\u00e3o energ\u00e9tica, reduzindo as emiss\u00f5es e promovendo uma atividade limpa e sustent\u00e1vel\u201d.<\/p>\n<p>Os pain\u00e9is servir\u00e3o para abastecer os postos da Cepsa durante o dia, e o excedente ser\u00e1 canalizado para a rede de distribui\u00e7\u00e3o, otimizando assim a efici\u00eancia energ\u00e9tica global das instala\u00e7\u00f5es e permitindo o consumo de eletricidade 100% renov\u00e1vel na rede de postos da Cepsa.<\/p>\n<p>A Cepsa opera a segunda maior rede de esta\u00e7\u00f5es da Pen\u00ednsula Ib\u00e9rica, com mais de 1.800 postos, localizados estrategicamente, tanto em \u00e1reas urbanas como nos principais corredores e n\u00f3s vi\u00e1rios, onde oferece solu\u00e7\u00f5es multienerg\u00e9ticas e outros servi\u00e7os complementares para clientes profissionais e particulares. A empresa est\u00e1 a trabalhar num plano profundo para operar uma mudan\u00e7a verde em todos os seus neg\u00f3cios e tornar-se uma refer\u00eancia na transi\u00e7\u00e3o energ\u00e9tica, onde as energias renov\u00e1veis ter\u00e3o um papel importante.<\/p>\n<p>A Redexis fica encarregue da instala\u00e7\u00e3o, coloca\u00e7\u00e3o em funcionamento e manuten\u00e7\u00e3o dos pain\u00e9is. Desta forma, promove uma aposta nas energias renov\u00e1veis que j\u00e1 impulsiona h\u00e1 mais de tr\u00eas anos e em que desenvolve solu\u00e7\u00f5es em instala\u00e7\u00f5es solares fotovoltaicas para habita\u00e7\u00f5es, empresas e ind\u00fastrias, promovendo assim o autoconsumo e a energia sustent\u00e1vel em todo o territ\u00f3rio nacional, apoiando-se na sua ampla presen\u00e7a geogr\u00e1fica e rede de colaboradores para alargar a sua atual oferta de instala\u00e7\u00f5es energ\u00e9ticas no \u00e2mbito do autoconsumo solar.<\/p>\n<p>A Redexis j\u00e1 opera mais de 1.200 kWp de capacidade de energia solar fotovoltaica, com um total de 50 projetos solares em Espanha. Atualmente tem cerca de 3.300 kWp em constru\u00e7\u00e3o em diferentes fases de desenvolvimento em todos os tipos de setores como ind\u00fastria, servi\u00e7os, distribui\u00e7\u00e3o ou mercado dom\u00e9stico. A expectativa da empresa passa por fechar 2021 com mais de 9.000 kWp de capacidade de energia solar fotovoltaica em opera\u00e7\u00e3o, o que significa evitar 3.375 toneladas de CO2 por ano em emiss\u00f5es e a economia no consumo de energia el\u00e9trica.<\/p>\n<p>Link para v\u00eddeo sobre esta parceria <a href=\"https:\/\/we.tl\/t-az9PW3gzub\" target=\"_blank\" rel=\"noopener\"><strong>aqui<\/strong><\/a><\/p>\n","protected":false},"excerpt":{"rendered":"<p>A Cepsa e Redexis lan\u00e7am a&#8230;<\/p>\n","protected":false},"author":15,"featured_media":26072,"comment_status":"closed","ping_status":"closed","sticky":false,"template":"","format":"standard","meta":{"footnotes":""},"categories":[29],"tags":[199,2740],"class_list":["post-26123","post","type-post","status-publish","format-standard","has-post-thumbnail","hentry","category-empresas","tag-cepsa","tag-redexis"],"yoast_head":"<!-- This site is optimized with the Yoast SEO plugin v27.4 - https:\/\/yoast.com\/product\/yoast-seo-wordpress\/ -->\n<title>Cepsa e Redexis lan\u00e7am rede global de energia fotovoltaica - Jornal das Oficinas<\/title>\n<meta name=\"robots\" content=\"index, follow, max-snippet:-1, max-image-preview:large, max-video-preview:-1\" \/>\n<link rel=\"canonical\" href=\"https:\/\/jornaldasoficinas.com\/pt\/cepsa-e-redexis-lancam-rede-global-de-energia-fotovoltaica\/\" \/>\n<meta property=\"og:locale\" content=\"pt_PT\" \/>\n<meta property=\"og:type\" content=\"article\" \/>\n<meta property=\"og:title\" content=\"Cepsa e Redexis lan\u00e7am rede global de energia fotovoltaica - Jornal das Oficinas\" \/>\n<meta property=\"og:description\" content=\"A Cepsa e Redexis lan\u00e7am a...\" \/>\n<meta property=\"og:url\" content=\"https:\/\/jornaldasoficinas.com\/pt\/cepsa-e-redexis-lancam-rede-global-de-energia-fotovoltaica\/\" \/>\n<meta property=\"og:site_name\" content=\"Jornal das Oficinas\" \/>\n<meta property=\"article:publisher\" content=\"https:\/\/www.facebook.com\/jornaloficinas\" \/>\n<meta property=\"article:published_time\" content=\"2021-12-13T18:00:27+00:00\" \/>\n<meta property=\"og:image\" content=\"https:\/\/jornaldasoficinas.com\/pt\/wp-content\/uploads\/2021\/12\/Cepsa-e-Redexis-lancam.jpg\" \/>\n\t<meta property=\"og:image:width\" content=\"1024\" \/>\n\t<meta property=\"og:image:height\" content=\"581\" \/>\n\t<meta property=\"og:image:type\" content=\"image\/jpeg\" \/>\n<meta name=\"author\" content=\"Reda\u00e7\u00e3o JO\" \/>\n<meta name=\"twitter:card\" content=\"summary_large_image\" \/>\n<meta name=\"twitter:creator\" content=\"@jornaloficinas\" \/>\n<meta name=\"twitter:site\" content=\"@jornaloficinas\" \/>\n<meta name=\"twitter:label1\" content=\"Escrito por\" \/>\n\t<meta name=\"twitter:data1\" content=\"Reda\u00e7\u00e3o JO\" \/>\n\t<meta name=\"twitter:label2\" content=\"Tempo estimado de leitura\" \/>\n\t<meta name=\"twitter:data2\" content=\"3 minutos\" \/>\n<script type=\"application\/ld+json\" class=\"yoast-schema-graph\">{\"@context\":\"https:\\\/\\\/schema.org\",\"@graph\":[{\"@type\":\"Article\",\"@id\":\"https:\\\/\\\/jornaldasoficinas.com\\\/pt\\\/cepsa-e-redexis-lancam-rede-global-de-energia-fotovoltaica\\\/#article\",\"isPartOf\":{\"@id\":\"https:\\\/\\\/jornaldasoficinas.com\\\/pt\\\/cepsa-e-redexis-lancam-rede-global-de-energia-fotovoltaica\\\/\"},\"author\":{\"name\":\"Reda\u00e7\u00e3o JO\",\"@id\":\"https:\\\/\\\/jornaldasoficinas.com\\\/pt\\\/#\\\/schema\\\/person\\\/a38eef5de2c41d9e7c9ac10141afddf3\"},\"headline\":\"Cepsa e Redexis lan\u00e7am rede global de energia fotovoltaica\",\"datePublished\":\"2021-12-13T18:00:27+00:00\",\"mainEntityOfPage\":{\"@id\":\"https:\\\/\\\/jornaldasoficinas.com\\\/pt\\\/cepsa-e-redexis-lancam-rede-global-de-energia-fotovoltaica\\\/\"},\"wordCount\":707,\"publisher\":{\"@id\":\"https:\\\/\\\/jornaldasoficinas.com\\\/pt\\\/#organization\"},\"image\":{\"@id\":\"https:\\\/\\\/jornaldasoficinas.com\\\/pt\\\/cepsa-e-redexis-lancam-rede-global-de-energia-fotovoltaica\\\/#primaryimage\"},\"thumbnailUrl\":\"https:\\\/\\\/jornaldasoficinas.com\\\/pt\\\/wp-content\\\/uploads\\\/2021\\\/12\\\/Cepsa-e-Redexis-lancam.jpg\",\"keywords\":[\"Cepsa\",\"Redexis\"],\"articleSection\":[\"Empresas\"],\"inLanguage\":\"pt-PT\"},{\"@type\":\"WebPage\",\"@id\":\"https:\\\/\\\/jornaldasoficinas.com\\\/pt\\\/cepsa-e-redexis-lancam-rede-global-de-energia-fotovoltaica\\\/\",\"url\":\"https:\\\/\\\/jornaldasoficinas.com\\\/pt\\\/cepsa-e-redexis-lancam-rede-global-de-energia-fotovoltaica\\\/\",\"name\":\"Cepsa e Redexis lan\u00e7am rede global de energia fotovoltaica - Jornal das Oficinas\",\"isPartOf\":{\"@id\":\"https:\\\/\\\/jornaldasoficinas.com\\\/pt\\\/#website\"},\"primaryImageOfPage\":{\"@id\":\"https:\\\/\\\/jornaldasoficinas.com\\\/pt\\\/cepsa-e-redexis-lancam-rede-global-de-energia-fotovoltaica\\\/#primaryimage\"},\"image\":{\"@id\":\"https:\\\/\\\/jornaldasoficinas.com\\\/pt\\\/cepsa-e-redexis-lancam-rede-global-de-energia-fotovoltaica\\\/#primaryimage\"},\"thumbnailUrl\":\"https:\\\/\\\/jornaldasoficinas.com\\\/pt\\\/wp-content\\\/uploads\\\/2021\\\/12\\\/Cepsa-e-Redexis-lancam.jpg\",\"datePublished\":\"2021-12-13T18:00:27+00:00\",\"breadcrumb\":{\"@id\":\"https:\\\/\\\/jornaldasoficinas.com\\\/pt\\\/cepsa-e-redexis-lancam-rede-global-de-energia-fotovoltaica\\\/#breadcrumb\"},\"inLanguage\":\"pt-PT\",\"potentialAction\":[{\"@type\":\"ReadAction\",\"target\":[\"https:\\\/\\\/jornaldasoficinas.com\\\/pt\\\/cepsa-e-redexis-lancam-rede-global-de-energia-fotovoltaica\\\/\"]}]},{\"@type\":\"ImageObject\",\"inLanguage\":\"pt-PT\",\"@id\":\"https:\\\/\\\/jornaldasoficinas.com\\\/pt\\\/cepsa-e-redexis-lancam-rede-global-de-energia-fotovoltaica\\\/#primaryimage\",\"url\":\"https:\\\/\\\/jornaldasoficinas.com\\\/pt\\\/wp-content\\\/uploads\\\/2021\\\/12\\\/Cepsa-e-Redexis-lancam.jpg\",\"contentUrl\":\"https:\\\/\\\/jornaldasoficinas.com\\\/pt\\\/wp-content\\\/uploads\\\/2021\\\/12\\\/Cepsa-e-Redexis-lancam.jpg\",\"width\":1024,\"height\":581,\"caption\":\"12 - Cepsa-e-Redexis-lancam\"},{\"@type\":\"BreadcrumbList\",\"@id\":\"https:\\\/\\\/jornaldasoficinas.com\\\/pt\\\/cepsa-e-redexis-lancam-rede-global-de-energia-fotovoltaica\\\/#breadcrumb\",\"itemListElement\":[{\"@type\":\"ListItem\",\"position\":1,\"name\":\"In\u00edcio\",\"item\":\"https:\\\/\\\/jornaldasoficinas.com\\\/pt\\\/\"},{\"@type\":\"ListItem\",\"position\":2,\"name\":\"Cepsa e Redexis lan\u00e7am rede global de energia fotovoltaica\"}]},{\"@type\":\"WebSite\",\"@id\":\"https:\\\/\\\/jornaldasoficinas.com\\\/pt\\\/#website\",\"url\":\"https:\\\/\\\/jornaldasoficinas.com\\\/pt\\\/\",\"name\":\"Jornal das Oficinas\",\"description\":\"Jornal independente do Aftermarket Autom\u00f3vel em Portugal\",\"publisher\":{\"@id\":\"https:\\\/\\\/jornaldasoficinas.com\\\/pt\\\/#organization\"},\"potentialAction\":[{\"@type\":\"SearchAction\",\"target\":{\"@type\":\"EntryPoint\",\"urlTemplate\":\"https:\\\/\\\/jornaldasoficinas.com\\\/pt\\\/?s={search_term_string}\"},\"query-input\":{\"@type\":\"PropertyValueSpecification\",\"valueRequired\":true,\"valueName\":\"search_term_string\"}}],\"inLanguage\":\"pt-PT\"},{\"@type\":\"Organization\",\"@id\":\"https:\\\/\\\/jornaldasoficinas.com\\\/pt\\\/#organization\",\"name\":\"Jornal das Oficinas\",\"url\":\"https:\\\/\\\/jornaldasoficinas.com\\\/pt\\\/\",\"logo\":{\"@type\":\"ImageObject\",\"inLanguage\":\"pt-PT\",\"@id\":\"https:\\\/\\\/jornaldasoficinas.com\\\/pt\\\/#\\\/schema\\\/logo\\\/image\\\/\",\"url\":\"https:\\\/\\\/jornaldasoficinas.com\\\/pt\\\/wp-content\\\/uploads\\\/logoJO-SEO.png\",\"contentUrl\":\"https:\\\/\\\/jornaldasoficinas.com\\\/pt\\\/wp-content\\\/uploads\\\/logoJO-SEO.png\",\"width\":285,\"height\":450,\"caption\":\"Jornal das Oficinas\"},\"image\":{\"@id\":\"https:\\\/\\\/jornaldasoficinas.com\\\/pt\\\/#\\\/schema\\\/logo\\\/image\\\/\"},\"sameAs\":[\"https:\\\/\\\/www.facebook.com\\\/jornaloficinas\",\"https:\\\/\\\/x.com\\\/jornaloficinas\",\"https:\\\/\\\/www.instagram.com\\\/jornal_oficinas\\\/\",\"https:\\\/\\\/www.linkedin.com\\\/company\\\/jornal-das-oficinas\\\/\",\"https:\\\/\\\/www.youtube.com\\\/channel\\\/UCbQZBqtcvV-oSQrr7RzINGg\"]},{\"@type\":\"Person\",\"@id\":\"https:\\\/\\\/jornaldasoficinas.com\\\/pt\\\/#\\\/schema\\\/person\\\/a38eef5de2c41d9e7c9ac10141afddf3\",\"name\":\"Reda\u00e7\u00e3o JO\",\"image\":{\"@type\":\"ImageObject\",\"inLanguage\":\"pt-PT\",\"@id\":\"https:\\\/\\\/secure.gravatar.com\\\/avatar\\\/71f2fa71737ad68a84fea94bc708ddac8ea5b0c4788dc2ad202f3ccb2887742f?s=96&d=wp_user_avatar&r=g\",\"url\":\"https:\\\/\\\/secure.gravatar.com\\\/avatar\\\/71f2fa71737ad68a84fea94bc708ddac8ea5b0c4788dc2ad202f3ccb2887742f?s=96&d=wp_user_avatar&r=g\",\"contentUrl\":\"https:\\\/\\\/secure.gravatar.com\\\/avatar\\\/71f2fa71737ad68a84fea94bc708ddac8ea5b0c4788dc2ad202f3ccb2887742f?s=96&d=wp_user_avatar&r=g\",\"caption\":\"Reda\u00e7\u00e3o JO\"},\"url\":\"https:\\\/\\\/jornaldasoficinas.com\\\/pt\\\/author\\\/joredacao\\\/\"}]}<\/script>\n<!-- \/ Yoast SEO plugin. -->","yoast_head_json":{"title":"Cepsa e Redexis lan\u00e7am rede global de energia fotovoltaica - Jornal das Oficinas","robots":{"index":"index","follow":"follow","max-snippet":"max-snippet:-1","max-image-preview":"max-image-preview:large","max-video-preview":"max-video-preview:-1"},"canonical":"https:\/\/jornaldasoficinas.com\/pt\/cepsa-e-redexis-lancam-rede-global-de-energia-fotovoltaica\/","og_locale":"pt_PT","og_type":"article","og_title":"Cepsa e Redexis lan\u00e7am rede global de energia fotovoltaica - Jornal das Oficinas","og_description":"A Cepsa e Redexis lan\u00e7am a...","og_url":"https:\/\/jornaldasoficinas.com\/pt\/cepsa-e-redexis-lancam-rede-global-de-energia-fotovoltaica\/","og_site_name":"Jornal das Oficinas","article_publisher":"https:\/\/www.facebook.com\/jornaloficinas","article_published_time":"2021-12-13T18:00:27+00:00","og_image":[{"width":1024,"height":581,"url":"https:\/\/jornaldasoficinas.com\/pt\/wp-content\/uploads\/2021\/12\/Cepsa-e-Redexis-lancam.jpg","type":"image\/jpeg"}],"author":"Reda\u00e7\u00e3o JO","twitter_card":"summary_large_image","twitter_creator":"@jornaloficinas","twitter_site":"@jornaloficinas","twitter_misc":{"Escrito por":"Reda\u00e7\u00e3o JO","Tempo estimado de leitura":"3 minutos"},"schema":{"@context":"https:\/\/schema.org","@graph":[{"@type":"Article","@id":"https:\/\/jornaldasoficinas.com\/pt\/cepsa-e-redexis-lancam-rede-global-de-energia-fotovoltaica\/#article","isPartOf":{"@id":"https:\/\/jornaldasoficinas.com\/pt\/cepsa-e-redexis-lancam-rede-global-de-energia-fotovoltaica\/"},"author":{"name":"Reda\u00e7\u00e3o JO","@id":"https:\/\/jornaldasoficinas.com\/pt\/#\/schema\/person\/a38eef5de2c41d9e7c9ac10141afddf3"},"headline":"Cepsa e Redexis lan\u00e7am rede global de energia fotovoltaica","datePublished":"2021-12-13T18:00:27+00:00","mainEntityOfPage":{"@id":"https:\/\/jornaldasoficinas.com\/pt\/cepsa-e-redexis-lancam-rede-global-de-energia-fotovoltaica\/"},"wordCount":707,"publisher":{"@id":"https:\/\/jornaldasoficinas.com\/pt\/#organization"},"image":{"@id":"https:\/\/jornaldasoficinas.com\/pt\/cepsa-e-redexis-lancam-rede-global-de-energia-fotovoltaica\/#primaryimage"},"thumbnailUrl":"https:\/\/jornaldasoficinas.com\/pt\/wp-content\/uploads\/2021\/12\/Cepsa-e-Redexis-lancam.jpg","keywords":["Cepsa","Redexis"],"articleSection":["Empresas"],"inLanguage":"pt-PT"},{"@type":"WebPage","@id":"https:\/\/jornaldasoficinas.com\/pt\/cepsa-e-redexis-lancam-rede-global-de-energia-fotovoltaica\/","url":"https:\/\/jornaldasoficinas.com\/pt\/cepsa-e-redexis-lancam-rede-global-de-energia-fotovoltaica\/","name":"Cepsa e Redexis lan\u00e7am rede global de energia fotovoltaica - Jornal das Oficinas","isPartOf":{"@id":"https:\/\/jornaldasoficinas.com\/pt\/#website"},"primaryImageOfPage":{"@id":"https:\/\/jornaldasoficinas.com\/pt\/cepsa-e-redexis-lancam-rede-global-de-energia-fotovoltaica\/#primaryimage"},"image":{"@id":"https:\/\/jornaldasoficinas.com\/pt\/cepsa-e-redexis-lancam-rede-global-de-energia-fotovoltaica\/#primaryimage"},"thumbnailUrl":"https:\/\/jornaldasoficinas.com\/pt\/wp-content\/uploads\/2021\/12\/Cepsa-e-Redexis-lancam.jpg","datePublished":"2021-12-13T18:00:27+00:00","breadcrumb":{"@id":"https:\/\/jornaldasoficinas.com\/pt\/cepsa-e-redexis-lancam-rede-global-de-energia-fotovoltaica\/#breadcrumb"},"inLanguage":"pt-PT","potentialAction":[{"@type":"ReadAction","target":["https:\/\/jornaldasoficinas.com\/pt\/cepsa-e-redexis-lancam-rede-global-de-energia-fotovoltaica\/"]}]},{"@type":"ImageObject","inLanguage":"pt-PT","@id":"https:\/\/jornaldasoficinas.com\/pt\/cepsa-e-redexis-lancam-rede-global-de-energia-fotovoltaica\/#primaryimage","url":"https:\/\/jornaldasoficinas.com\/pt\/wp-content\/uploads\/2021\/12\/Cepsa-e-Redexis-lancam.jpg","contentUrl":"https:\/\/jornaldasoficinas.com\/pt\/wp-content\/uploads\/2021\/12\/Cepsa-e-Redexis-lancam.jpg","width":1024,"height":581,"caption":"12 - Cepsa-e-Redexis-lancam"},{"@type":"BreadcrumbList","@id":"https:\/\/jornaldasoficinas.com\/pt\/cepsa-e-redexis-lancam-rede-global-de-energia-fotovoltaica\/#breadcrumb","itemListElement":[{"@type":"ListItem","position":1,"name":"In\u00edcio","item":"https:\/\/jornaldasoficinas.com\/pt\/"},{"@type":"ListItem","position":2,"name":"Cepsa e Redexis lan\u00e7am rede global de energia fotovoltaica"}]},{"@type":"WebSite","@id":"https:\/\/jornaldasoficinas.com\/pt\/#website","url":"https:\/\/jornaldasoficinas.com\/pt\/","name":"Jornal das Oficinas","description":"Jornal independente do Aftermarket Autom\u00f3vel em Portugal","publisher":{"@id":"https:\/\/jornaldasoficinas.com\/pt\/#organization"},"potentialAction":[{"@type":"SearchAction","target":{"@type":"EntryPoint","urlTemplate":"https:\/\/jornaldasoficinas.com\/pt\/?s={search_term_string}"},"query-input":{"@type":"PropertyValueSpecification","valueRequired":true,"valueName":"search_term_string"}}],"inLanguage":"pt-PT"},{"@type":"Organization","@id":"https:\/\/jornaldasoficinas.com\/pt\/#organization","name":"Jornal das Oficinas","url":"https:\/\/jornaldasoficinas.com\/pt\/","logo":{"@type":"ImageObject","inLanguage":"pt-PT","@id":"https:\/\/jornaldasoficinas.com\/pt\/#\/schema\/logo\/image\/","url":"https:\/\/jornaldasoficinas.com\/pt\/wp-content\/uploads\/logoJO-SEO.png","contentUrl":"https:\/\/jornaldasoficinas.com\/pt\/wp-content\/uploads\/logoJO-SEO.png","width":285,"height":450,"caption":"Jornal das Oficinas"},"image":{"@id":"https:\/\/jornaldasoficinas.com\/pt\/#\/schema\/logo\/image\/"},"sameAs":["https:\/\/www.facebook.com\/jornaloficinas","https:\/\/x.com\/jornaloficinas","https:\/\/www.instagram.com\/jornal_oficinas\/","https:\/\/www.linkedin.com\/company\/jornal-das-oficinas\/","https:\/\/www.youtube.com\/channel\/UCbQZBqtcvV-oSQrr7RzINGg"]},{"@type":"Person","@id":"https:\/\/jornaldasoficinas.com\/pt\/#\/schema\/person\/a38eef5de2c41d9e7c9ac10141afddf3","name":"Reda\u00e7\u00e3o JO","image":{"@type":"ImageObject","inLanguage":"pt-PT","@id":"https:\/\/secure.gravatar.com\/avatar\/71f2fa71737ad68a84fea94bc708ddac8ea5b0c4788dc2ad202f3ccb2887742f?s=96&d=wp_user_avatar&r=g","url":"https:\/\/secure.gravatar.com\/avatar\/71f2fa71737ad68a84fea94bc708ddac8ea5b0c4788dc2ad202f3ccb2887742f?s=96&d=wp_user_avatar&r=g","contentUrl":"https:\/\/secure.gravatar.com\/avatar\/71f2fa71737ad68a84fea94bc708ddac8ea5b0c4788dc2ad202f3ccb2887742f?s=96&d=wp_user_avatar&r=g","caption":"Reda\u00e7\u00e3o JO"},"url":"https:\/\/jornaldasoficinas.com\/pt\/author\/joredacao\/"}]}},"_links":{"self":[{"href":"https:\/\/jornaldasoficinas.com\/pt\/wp-json\/wp\/v2\/posts\/26123","targetHints":{"allow":["GET"]}}],"collection":[{"href":"https:\/\/jornaldasoficinas.com\/pt\/wp-json\/wp\/v2\/posts"}],"about":[{"href":"https:\/\/jornaldasoficinas.com\/pt\/wp-json\/wp\/v2\/types\/post"}],"author":[{"embeddable":true,"href":"https:\/\/jornaldasoficinas.com\/pt\/wp-json\/wp\/v2\/users\/15"}],"replies":[{"embeddable":true,"href":"https:\/\/jornaldasoficinas.com\/pt\/wp-json\/wp\/v2\/comments?post=26123"}],"version-history":[{"count":0,"href":"https:\/\/jornaldasoficinas.com\/pt\/wp-json\/wp\/v2\/posts\/26123\/revisions"}],"wp:featuredmedia":[{"embeddable":true,"href":"https:\/\/jornaldasoficinas.com\/pt\/wp-json\/wp\/v2\/media\/26072"}],"wp:attachment":[{"href":"https:\/\/jornaldasoficinas.com\/pt\/wp-json\/wp\/v2\/media?parent=26123"}],"wp:term":[{"taxonomy":"category","embeddable":true,"href":"https:\/\/jornaldasoficinas.com\/pt\/wp-json\/wp\/v2\/categories?post=26123"},{"taxonomy":"post_tag","embeddable":true,"href":"https:\/\/jornaldasoficinas.com\/pt\/wp-json\/wp\/v2\/tags?post=26123"}],"curies":[{"name":"wp","href":"https:\/\/api.w.org\/{rel}","templated":true}]}}