{"id":26244,"date":"2021-12-18T12:00:25","date_gmt":"2021-12-18T12:00:25","guid":{"rendered":"https:\/\/jornaldasoficinas.com\/pt\/?p=26244"},"modified":"2021-12-18T08:50:39","modified_gmt":"2021-12-18T08:50:39","slug":"my-fleet-da-leaseplan-tem-nova-area-de-pedidos","status":"publish","type":"post","link":"https:\/\/jornaldasoficinas.com\/pt\/my-fleet-da-leaseplan-tem-nova-area-de-pedidos\/","title":{"rendered":"\u201cMy Fleet\u201d da LeasePlan tem nova \u00e1rea de pedidos"},"content":{"rendered":"<p><img loading=\"lazy\" decoding=\"async\" class=\"alignnone size-full wp-image-26233\" src=\"https:\/\/jornaldasoficinas.com\/pt\/wp-content\/uploads\/2021\/12\/my-fleet-da-lease-plan.png\" alt=\"12 - my-fleet-da-lease-plan\" width=\"1024\" height=\"581\" srcset=\"https:\/\/jornaldasoficinas.com\/pt\/wp-content\/uploads\/2021\/12\/my-fleet-da-lease-plan.png 1024w, https:\/\/jornaldasoficinas.com\/pt\/wp-content\/uploads\/2021\/12\/my-fleet-da-lease-plan-300x170.png 300w, https:\/\/jornaldasoficinas.com\/pt\/wp-content\/uploads\/2021\/12\/my-fleet-da-lease-plan-150x85.png 150w, https:\/\/jornaldasoficinas.com\/pt\/wp-content\/uploads\/2021\/12\/my-fleet-da-lease-plan-768x436.png 768w\" sizes=\"auto, (max-width: 1024px) 100vw, 1024px\" \/><\/p>\n<p><strong>A <a href=\"https:\/\/www.leaseplan.com\/pt-pt\/\" target=\"_blank\" rel=\"noopener\">LeasePlan<\/a>, lan\u00e7ou em 2020 o\u00a0My Fleet, uma ferramenta de gest\u00e3o de frota completamente renovada, mais intuitiva e\u00a0user friendly, para\u00a0reporting online\u00a0da frota, que simplifica a gest\u00e3o e d\u00e1 aos clientes maior autonomia e controlo sobre os dados da sua frota. Este ano, a LeasePlan apostou na implementa\u00e7\u00e3o de uma nova funcionalidade do portal My Fleet &#8211; a\u00a0\u00e1rea de\u00a0Pedidos<\/strong><\/p>\n<p>A nova funcionalidade \u201cMy Fleet\u201d prev\u00ea uma clara aposta no\u00a0self service, consistindo num grupo de formul\u00e1rios de contacto que o gestor de frota pode usar para efetuar diversos pedidos &#8211; como pedir segunda-via de faturas, alterar o condutor habitual, pedir custo de rescis\u00e3o antecipada, aderir \u00e0 fatura\u00e7\u00e3o eletr\u00f3nica, associar\u00a0Purchase Order\u00a0\u00e0 fatura\u00e7\u00e3o, transferir ve\u00edculos entre centros de custos, solicitar um ve\u00edculo de substitui\u00e7\u00e3o e a sua devolu\u00e7\u00e3o ou participar um sinistro.<\/p>\n<p>A \u00e1rea de pedidos do portal My Fleet tem tamb\u00e9m como vantagens estar dispon\u00edvel 24h, permitindo que os pedidos sejam feitos a qualquer hora e dia, a rapidez, a liberdade de escolha, a privacidade e estar dispon\u00edvel em qualquer momento e em qualquer lugar, sem necessidade de instalar um\u00a0software. Desta forma, os clientes ganham mais um canal de comunica\u00e7\u00e3o com a LeasePlan Portugal.<\/p>\n<p>\u201cCom esta nova funcionalidade\u00a0My Fleet,\u00a0a LeasePlan\u00a0continua a refor\u00e7ar a estrat\u00e9gia de disponibiliza\u00e7\u00e3o de informa\u00e7\u00e3o e acesso r\u00e1pido aos seus clientes, cada vez com mais simplicidade. Num contexto econ\u00f3mico onde o tempo \u00e9 precioso e a agiliza\u00e7\u00e3o de processos \u00e9 vital, esta nova funcionalidade vem permitir aos Gestores, sem gastos de tempos de contactos, otimizar os procedimentos de gest\u00e3o das suas frotas.\u201d refere Ricardo Silva, Diretor Comercial da LeasePlan.<\/p>\n<p>Veja o v\u00eddeo <a href=\"https:\/\/www.youtube.com\/watch?v=LTFGpMZeCy4\" target=\"_blank\" rel=\"noopener\"><strong>aqui<\/strong><\/a><\/p>\n","protected":false},"excerpt":{"rendered":"<p>A LeasePlan, lan\u00e7ou em 2020 o\u00a0My&#8230;<\/p>\n","protected":false},"author":15,"featured_media":26233,"comment_status":"closed","ping_status":"closed","sticky":false,"template":"","format":"standard","meta":{"footnotes":""},"categories":[37],"tags":[519],"class_list":["post-26244","post","type-post","status-publish","format-standard","has-post-thumbnail","hentry","category-mercado","tag-leaseplan"],"yoast_head":"<!-- This site is optimized with the Yoast SEO plugin v27.4 - https:\/\/yoast.com\/product\/yoast-seo-wordpress\/ -->\n<title>\u201cMy Fleet\u201d da LeasePlan tem nova \u00e1rea de pedidos - Jornal das Oficinas<\/title>\n<meta name=\"robots\" content=\"index, follow, max-snippet:-1, max-image-preview:large, max-video-preview:-1\" \/>\n<link rel=\"canonical\" href=\"https:\/\/jornaldasoficinas.com\/pt\/my-fleet-da-leaseplan-tem-nova-area-de-pedidos\/\" \/>\n<meta property=\"og:locale\" content=\"pt_PT\" \/>\n<meta property=\"og:type\" content=\"article\" \/>\n<meta property=\"og:title\" content=\"\u201cMy Fleet\u201d da LeasePlan tem nova \u00e1rea de pedidos - Jornal das Oficinas\" \/>\n<meta property=\"og:description\" content=\"A LeasePlan, lan\u00e7ou em 2020 o\u00a0My...\" \/>\n<meta property=\"og:url\" content=\"https:\/\/jornaldasoficinas.com\/pt\/my-fleet-da-leaseplan-tem-nova-area-de-pedidos\/\" \/>\n<meta property=\"og:site_name\" content=\"Jornal das Oficinas\" \/>\n<meta property=\"article:publisher\" content=\"https:\/\/www.facebook.com\/jornaloficinas\" \/>\n<meta property=\"article:published_time\" content=\"2021-12-18T12:00:25+00:00\" \/>\n<meta property=\"og:image\" content=\"https:\/\/jornaldasoficinas.com\/pt\/wp-content\/uploads\/2021\/12\/my-fleet-da-lease-plan.png\" \/>\n\t<meta property=\"og:image:width\" content=\"1024\" \/>\n\t<meta property=\"og:image:height\" content=\"581\" \/>\n\t<meta property=\"og:image:type\" content=\"image\/png\" \/>\n<meta name=\"author\" content=\"Reda\u00e7\u00e3o JO\" \/>\n<meta name=\"twitter:card\" content=\"summary_large_image\" \/>\n<meta name=\"twitter:creator\" content=\"@jornaloficinas\" \/>\n<meta name=\"twitter:site\" content=\"@jornaloficinas\" \/>\n<meta name=\"twitter:label1\" content=\"Escrito por\" \/>\n\t<meta name=\"twitter:data1\" content=\"Reda\u00e7\u00e3o JO\" \/>\n\t<meta name=\"twitter:label2\" content=\"Tempo estimado de leitura\" \/>\n\t<meta name=\"twitter:data2\" content=\"1 minuto\" \/>\n<script type=\"application\/ld+json\" class=\"yoast-schema-graph\">{\"@context\":\"https:\\\/\\\/schema.org\",\"@graph\":[{\"@type\":\"Article\",\"@id\":\"https:\\\/\\\/jornaldasoficinas.com\\\/pt\\\/my-fleet-da-leaseplan-tem-nova-area-de-pedidos\\\/#article\",\"isPartOf\":{\"@id\":\"https:\\\/\\\/jornaldasoficinas.com\\\/pt\\\/my-fleet-da-leaseplan-tem-nova-area-de-pedidos\\\/\"},\"author\":{\"name\":\"Reda\u00e7\u00e3o JO\",\"@id\":\"https:\\\/\\\/jornaldasoficinas.com\\\/pt\\\/#\\\/schema\\\/person\\\/a38eef5de2c41d9e7c9ac10141afddf3\"},\"headline\":\"\u201cMy Fleet\u201d da LeasePlan tem nova \u00e1rea de pedidos\",\"datePublished\":\"2021-12-18T12:00:25+00:00\",\"mainEntityOfPage\":{\"@id\":\"https:\\\/\\\/jornaldasoficinas.com\\\/pt\\\/my-fleet-da-leaseplan-tem-nova-area-de-pedidos\\\/\"},\"wordCount\":306,\"publisher\":{\"@id\":\"https:\\\/\\\/jornaldasoficinas.com\\\/pt\\\/#organization\"},\"image\":{\"@id\":\"https:\\\/\\\/jornaldasoficinas.com\\\/pt\\\/my-fleet-da-leaseplan-tem-nova-area-de-pedidos\\\/#primaryimage\"},\"thumbnailUrl\":\"https:\\\/\\\/jornaldasoficinas.com\\\/pt\\\/wp-content\\\/uploads\\\/2021\\\/12\\\/my-fleet-da-lease-plan.png\",\"keywords\":[\"LeasePlan\"],\"articleSection\":[\"Mercado\"],\"inLanguage\":\"pt-PT\"},{\"@type\":\"WebPage\",\"@id\":\"https:\\\/\\\/jornaldasoficinas.com\\\/pt\\\/my-fleet-da-leaseplan-tem-nova-area-de-pedidos\\\/\",\"url\":\"https:\\\/\\\/jornaldasoficinas.com\\\/pt\\\/my-fleet-da-leaseplan-tem-nova-area-de-pedidos\\\/\",\"name\":\"\u201cMy Fleet\u201d da LeasePlan tem nova \u00e1rea de pedidos - Jornal das Oficinas\",\"isPartOf\":{\"@id\":\"https:\\\/\\\/jornaldasoficinas.com\\\/pt\\\/#website\"},\"primaryImageOfPage\":{\"@id\":\"https:\\\/\\\/jornaldasoficinas.com\\\/pt\\\/my-fleet-da-leaseplan-tem-nova-area-de-pedidos\\\/#primaryimage\"},\"image\":{\"@id\":\"https:\\\/\\\/jornaldasoficinas.com\\\/pt\\\/my-fleet-da-leaseplan-tem-nova-area-de-pedidos\\\/#primaryimage\"},\"thumbnailUrl\":\"https:\\\/\\\/jornaldasoficinas.com\\\/pt\\\/wp-content\\\/uploads\\\/2021\\\/12\\\/my-fleet-da-lease-plan.png\",\"datePublished\":\"2021-12-18T12:00:25+00:00\",\"breadcrumb\":{\"@id\":\"https:\\\/\\\/jornaldasoficinas.com\\\/pt\\\/my-fleet-da-leaseplan-tem-nova-area-de-pedidos\\\/#breadcrumb\"},\"inLanguage\":\"pt-PT\",\"potentialAction\":[{\"@type\":\"ReadAction\",\"target\":[\"https:\\\/\\\/jornaldasoficinas.com\\\/pt\\\/my-fleet-da-leaseplan-tem-nova-area-de-pedidos\\\/\"]}]},{\"@type\":\"ImageObject\",\"inLanguage\":\"pt-PT\",\"@id\":\"https:\\\/\\\/jornaldasoficinas.com\\\/pt\\\/my-fleet-da-leaseplan-tem-nova-area-de-pedidos\\\/#primaryimage\",\"url\":\"https:\\\/\\\/jornaldasoficinas.com\\\/pt\\\/wp-content\\\/uploads\\\/2021\\\/12\\\/my-fleet-da-lease-plan.png\",\"contentUrl\":\"https:\\\/\\\/jornaldasoficinas.com\\\/pt\\\/wp-content\\\/uploads\\\/2021\\\/12\\\/my-fleet-da-lease-plan.png\",\"width\":1024,\"height\":581,\"caption\":\"12 - my-fleet-da-lease-plan\"},{\"@type\":\"BreadcrumbList\",\"@id\":\"https:\\\/\\\/jornaldasoficinas.com\\\/pt\\\/my-fleet-da-leaseplan-tem-nova-area-de-pedidos\\\/#breadcrumb\",\"itemListElement\":[{\"@type\":\"ListItem\",\"position\":1,\"name\":\"In\u00edcio\",\"item\":\"https:\\\/\\\/jornaldasoficinas.com\\\/pt\\\/\"},{\"@type\":\"ListItem\",\"position\":2,\"name\":\"\u201cMy Fleet\u201d da LeasePlan tem nova \u00e1rea de pedidos\"}]},{\"@type\":\"WebSite\",\"@id\":\"https:\\\/\\\/jornaldasoficinas.com\\\/pt\\\/#website\",\"url\":\"https:\\\/\\\/jornaldasoficinas.com\\\/pt\\\/\",\"name\":\"Jornal das Oficinas\",\"description\":\"Jornal independente do Aftermarket Autom\u00f3vel em Portugal\",\"publisher\":{\"@id\":\"https:\\\/\\\/jornaldasoficinas.com\\\/pt\\\/#organization\"},\"potentialAction\":[{\"@type\":\"SearchAction\",\"target\":{\"@type\":\"EntryPoint\",\"urlTemplate\":\"https:\\\/\\\/jornaldasoficinas.com\\\/pt\\\/?s={search_term_string}\"},\"query-input\":{\"@type\":\"PropertyValueSpecification\",\"valueRequired\":true,\"valueName\":\"search_term_string\"}}],\"inLanguage\":\"pt-PT\"},{\"@type\":\"Organization\",\"@id\":\"https:\\\/\\\/jornaldasoficinas.com\\\/pt\\\/#organization\",\"name\":\"Jornal das Oficinas\",\"url\":\"https:\\\/\\\/jornaldasoficinas.com\\\/pt\\\/\",\"logo\":{\"@type\":\"ImageObject\",\"inLanguage\":\"pt-PT\",\"@id\":\"https:\\\/\\\/jornaldasoficinas.com\\\/pt\\\/#\\\/schema\\\/logo\\\/image\\\/\",\"url\":\"https:\\\/\\\/jornaldasoficinas.com\\\/pt\\\/wp-content\\\/uploads\\\/logoJO-SEO.png\",\"contentUrl\":\"https:\\\/\\\/jornaldasoficinas.com\\\/pt\\\/wp-content\\\/uploads\\\/logoJO-SEO.png\",\"width\":285,\"height\":450,\"caption\":\"Jornal das Oficinas\"},\"image\":{\"@id\":\"https:\\\/\\\/jornaldasoficinas.com\\\/pt\\\/#\\\/schema\\\/logo\\\/image\\\/\"},\"sameAs\":[\"https:\\\/\\\/www.facebook.com\\\/jornaloficinas\",\"https:\\\/\\\/x.com\\\/jornaloficinas\",\"https:\\\/\\\/www.instagram.com\\\/jornal_oficinas\\\/\",\"https:\\\/\\\/www.linkedin.com\\\/company\\\/jornal-das-oficinas\\\/\",\"https:\\\/\\\/www.youtube.com\\\/channel\\\/UCbQZBqtcvV-oSQrr7RzINGg\"]},{\"@type\":\"Person\",\"@id\":\"https:\\\/\\\/jornaldasoficinas.com\\\/pt\\\/#\\\/schema\\\/person\\\/a38eef5de2c41d9e7c9ac10141afddf3\",\"name\":\"Reda\u00e7\u00e3o JO\",\"image\":{\"@type\":\"ImageObject\",\"inLanguage\":\"pt-PT\",\"@id\":\"https:\\\/\\\/secure.gravatar.com\\\/avatar\\\/71f2fa71737ad68a84fea94bc708ddac8ea5b0c4788dc2ad202f3ccb2887742f?s=96&d=wp_user_avatar&r=g\",\"url\":\"https:\\\/\\\/secure.gravatar.com\\\/avatar\\\/71f2fa71737ad68a84fea94bc708ddac8ea5b0c4788dc2ad202f3ccb2887742f?s=96&d=wp_user_avatar&r=g\",\"contentUrl\":\"https:\\\/\\\/secure.gravatar.com\\\/avatar\\\/71f2fa71737ad68a84fea94bc708ddac8ea5b0c4788dc2ad202f3ccb2887742f?s=96&d=wp_user_avatar&r=g\",\"caption\":\"Reda\u00e7\u00e3o JO\"},\"url\":\"https:\\\/\\\/jornaldasoficinas.com\\\/pt\\\/author\\\/joredacao\\\/\"}]}<\/script>\n<!-- \/ Yoast SEO plugin. -->","yoast_head_json":{"title":"\u201cMy Fleet\u201d da LeasePlan tem nova \u00e1rea de pedidos - Jornal das Oficinas","robots":{"index":"index","follow":"follow","max-snippet":"max-snippet:-1","max-image-preview":"max-image-preview:large","max-video-preview":"max-video-preview:-1"},"canonical":"https:\/\/jornaldasoficinas.com\/pt\/my-fleet-da-leaseplan-tem-nova-area-de-pedidos\/","og_locale":"pt_PT","og_type":"article","og_title":"\u201cMy Fleet\u201d da LeasePlan tem nova \u00e1rea de pedidos - Jornal das Oficinas","og_description":"A LeasePlan, lan\u00e7ou em 2020 o\u00a0My...","og_url":"https:\/\/jornaldasoficinas.com\/pt\/my-fleet-da-leaseplan-tem-nova-area-de-pedidos\/","og_site_name":"Jornal das Oficinas","article_publisher":"https:\/\/www.facebook.com\/jornaloficinas","article_published_time":"2021-12-18T12:00:25+00:00","og_image":[{"width":1024,"height":581,"url":"https:\/\/jornaldasoficinas.com\/pt\/wp-content\/uploads\/2021\/12\/my-fleet-da-lease-plan.png","type":"image\/png"}],"author":"Reda\u00e7\u00e3o JO","twitter_card":"summary_large_image","twitter_creator":"@jornaloficinas","twitter_site":"@jornaloficinas","twitter_misc":{"Escrito por":"Reda\u00e7\u00e3o JO","Tempo estimado de leitura":"1 minuto"},"schema":{"@context":"https:\/\/schema.org","@graph":[{"@type":"Article","@id":"https:\/\/jornaldasoficinas.com\/pt\/my-fleet-da-leaseplan-tem-nova-area-de-pedidos\/#article","isPartOf":{"@id":"https:\/\/jornaldasoficinas.com\/pt\/my-fleet-da-leaseplan-tem-nova-area-de-pedidos\/"},"author":{"name":"Reda\u00e7\u00e3o JO","@id":"https:\/\/jornaldasoficinas.com\/pt\/#\/schema\/person\/a38eef5de2c41d9e7c9ac10141afddf3"},"headline":"\u201cMy Fleet\u201d da LeasePlan tem nova \u00e1rea de pedidos","datePublished":"2021-12-18T12:00:25+00:00","mainEntityOfPage":{"@id":"https:\/\/jornaldasoficinas.com\/pt\/my-fleet-da-leaseplan-tem-nova-area-de-pedidos\/"},"wordCount":306,"publisher":{"@id":"https:\/\/jornaldasoficinas.com\/pt\/#organization"},"image":{"@id":"https:\/\/jornaldasoficinas.com\/pt\/my-fleet-da-leaseplan-tem-nova-area-de-pedidos\/#primaryimage"},"thumbnailUrl":"https:\/\/jornaldasoficinas.com\/pt\/wp-content\/uploads\/2021\/12\/my-fleet-da-lease-plan.png","keywords":["LeasePlan"],"articleSection":["Mercado"],"inLanguage":"pt-PT"},{"@type":"WebPage","@id":"https:\/\/jornaldasoficinas.com\/pt\/my-fleet-da-leaseplan-tem-nova-area-de-pedidos\/","url":"https:\/\/jornaldasoficinas.com\/pt\/my-fleet-da-leaseplan-tem-nova-area-de-pedidos\/","name":"\u201cMy Fleet\u201d da LeasePlan tem nova \u00e1rea de pedidos - Jornal das Oficinas","isPartOf":{"@id":"https:\/\/jornaldasoficinas.com\/pt\/#website"},"primaryImageOfPage":{"@id":"https:\/\/jornaldasoficinas.com\/pt\/my-fleet-da-leaseplan-tem-nova-area-de-pedidos\/#primaryimage"},"image":{"@id":"https:\/\/jornaldasoficinas.com\/pt\/my-fleet-da-leaseplan-tem-nova-area-de-pedidos\/#primaryimage"},"thumbnailUrl":"https:\/\/jornaldasoficinas.com\/pt\/wp-content\/uploads\/2021\/12\/my-fleet-da-lease-plan.png","datePublished":"2021-12-18T12:00:25+00:00","breadcrumb":{"@id":"https:\/\/jornaldasoficinas.com\/pt\/my-fleet-da-leaseplan-tem-nova-area-de-pedidos\/#breadcrumb"},"inLanguage":"pt-PT","potentialAction":[{"@type":"ReadAction","target":["https:\/\/jornaldasoficinas.com\/pt\/my-fleet-da-leaseplan-tem-nova-area-de-pedidos\/"]}]},{"@type":"ImageObject","inLanguage":"pt-PT","@id":"https:\/\/jornaldasoficinas.com\/pt\/my-fleet-da-leaseplan-tem-nova-area-de-pedidos\/#primaryimage","url":"https:\/\/jornaldasoficinas.com\/pt\/wp-content\/uploads\/2021\/12\/my-fleet-da-lease-plan.png","contentUrl":"https:\/\/jornaldasoficinas.com\/pt\/wp-content\/uploads\/2021\/12\/my-fleet-da-lease-plan.png","width":1024,"height":581,"caption":"12 - my-fleet-da-lease-plan"},{"@type":"BreadcrumbList","@id":"https:\/\/jornaldasoficinas.com\/pt\/my-fleet-da-leaseplan-tem-nova-area-de-pedidos\/#breadcrumb","itemListElement":[{"@type":"ListItem","position":1,"name":"In\u00edcio","item":"https:\/\/jornaldasoficinas.com\/pt\/"},{"@type":"ListItem","position":2,"name":"\u201cMy Fleet\u201d da LeasePlan tem nova \u00e1rea de pedidos"}]},{"@type":"WebSite","@id":"https:\/\/jornaldasoficinas.com\/pt\/#website","url":"https:\/\/jornaldasoficinas.com\/pt\/","name":"Jornal das Oficinas","description":"Jornal independente do Aftermarket Autom\u00f3vel em Portugal","publisher":{"@id":"https:\/\/jornaldasoficinas.com\/pt\/#organization"},"potentialAction":[{"@type":"SearchAction","target":{"@type":"EntryPoint","urlTemplate":"https:\/\/jornaldasoficinas.com\/pt\/?s={search_term_string}"},"query-input":{"@type":"PropertyValueSpecification","valueRequired":true,"valueName":"search_term_string"}}],"inLanguage":"pt-PT"},{"@type":"Organization","@id":"https:\/\/jornaldasoficinas.com\/pt\/#organization","name":"Jornal das Oficinas","url":"https:\/\/jornaldasoficinas.com\/pt\/","logo":{"@type":"ImageObject","inLanguage":"pt-PT","@id":"https:\/\/jornaldasoficinas.com\/pt\/#\/schema\/logo\/image\/","url":"https:\/\/jornaldasoficinas.com\/pt\/wp-content\/uploads\/logoJO-SEO.png","contentUrl":"https:\/\/jornaldasoficinas.com\/pt\/wp-content\/uploads\/logoJO-SEO.png","width":285,"height":450,"caption":"Jornal das Oficinas"},"image":{"@id":"https:\/\/jornaldasoficinas.com\/pt\/#\/schema\/logo\/image\/"},"sameAs":["https:\/\/www.facebook.com\/jornaloficinas","https:\/\/x.com\/jornaloficinas","https:\/\/www.instagram.com\/jornal_oficinas\/","https:\/\/www.linkedin.com\/company\/jornal-das-oficinas\/","https:\/\/www.youtube.com\/channel\/UCbQZBqtcvV-oSQrr7RzINGg"]},{"@type":"Person","@id":"https:\/\/jornaldasoficinas.com\/pt\/#\/schema\/person\/a38eef5de2c41d9e7c9ac10141afddf3","name":"Reda\u00e7\u00e3o JO","image":{"@type":"ImageObject","inLanguage":"pt-PT","@id":"https:\/\/secure.gravatar.com\/avatar\/71f2fa71737ad68a84fea94bc708ddac8ea5b0c4788dc2ad202f3ccb2887742f?s=96&d=wp_user_avatar&r=g","url":"https:\/\/secure.gravatar.com\/avatar\/71f2fa71737ad68a84fea94bc708ddac8ea5b0c4788dc2ad202f3ccb2887742f?s=96&d=wp_user_avatar&r=g","contentUrl":"https:\/\/secure.gravatar.com\/avatar\/71f2fa71737ad68a84fea94bc708ddac8ea5b0c4788dc2ad202f3ccb2887742f?s=96&d=wp_user_avatar&r=g","caption":"Reda\u00e7\u00e3o JO"},"url":"https:\/\/jornaldasoficinas.com\/pt\/author\/joredacao\/"}]}},"_links":{"self":[{"href":"https:\/\/jornaldasoficinas.com\/pt\/wp-json\/wp\/v2\/posts\/26244","targetHints":{"allow":["GET"]}}],"collection":[{"href":"https:\/\/jornaldasoficinas.com\/pt\/wp-json\/wp\/v2\/posts"}],"about":[{"href":"https:\/\/jornaldasoficinas.com\/pt\/wp-json\/wp\/v2\/types\/post"}],"author":[{"embeddable":true,"href":"https:\/\/jornaldasoficinas.com\/pt\/wp-json\/wp\/v2\/users\/15"}],"replies":[{"embeddable":true,"href":"https:\/\/jornaldasoficinas.com\/pt\/wp-json\/wp\/v2\/comments?post=26244"}],"version-history":[{"count":0,"href":"https:\/\/jornaldasoficinas.com\/pt\/wp-json\/wp\/v2\/posts\/26244\/revisions"}],"wp:featuredmedia":[{"embeddable":true,"href":"https:\/\/jornaldasoficinas.com\/pt\/wp-json\/wp\/v2\/media\/26233"}],"wp:attachment":[{"href":"https:\/\/jornaldasoficinas.com\/pt\/wp-json\/wp\/v2\/media?parent=26244"}],"wp:term":[{"taxonomy":"category","embeddable":true,"href":"https:\/\/jornaldasoficinas.com\/pt\/wp-json\/wp\/v2\/categories?post=26244"},{"taxonomy":"post_tag","embeddable":true,"href":"https:\/\/jornaldasoficinas.com\/pt\/wp-json\/wp\/v2\/tags?post=26244"}],"curies":[{"name":"wp","href":"https:\/\/api.w.org\/{rel}","templated":true}]}}