{"id":26281,"date":"2021-12-19T15:00:48","date_gmt":"2021-12-19T15:00:48","guid":{"rendered":"https:\/\/jornaldasoficinas.com\/pt\/?p=26281"},"modified":"2021-12-19T14:40:14","modified_gmt":"2021-12-19T14:40:14","slug":"repsol-apoia-isidre-esteve-no-regresso-ao-dakar-2022-2","status":"publish","type":"post","link":"https:\/\/jornaldasoficinas.com\/pt\/repsol-apoia-isidre-esteve-no-regresso-ao-dakar-2022-2\/","title":{"rendered":"Repsol apoia Isidre Esteve no regresso ao Dakar 2022"},"content":{"rendered":"<p><strong><img loading=\"lazy\" decoding=\"async\" class=\"alignnone size-full wp-image-26236\" src=\"https:\/\/jornaldasoficinas.com\/pt\/wp-content\/uploads\/2021\/12\/Repsol-apoia-Isidre-Esteve.png\" alt=\"12 - Repsol-apoia-Isidre-Esteve\" width=\"1024\" height=\"581\" srcset=\"https:\/\/jornaldasoficinas.com\/pt\/wp-content\/uploads\/2021\/12\/Repsol-apoia-Isidre-Esteve.png 1024w, https:\/\/jornaldasoficinas.com\/pt\/wp-content\/uploads\/2021\/12\/Repsol-apoia-Isidre-Esteve-300x170.png 300w, https:\/\/jornaldasoficinas.com\/pt\/wp-content\/uploads\/2021\/12\/Repsol-apoia-Isidre-Esteve-150x85.png 150w, https:\/\/jornaldasoficinas.com\/pt\/wp-content\/uploads\/2021\/12\/Repsol-apoia-Isidre-Esteve-768x436.png 768w\" sizes=\"auto, (max-width: 1024px) 100vw, 1024px\" \/><\/strong><\/p>\n<p><strong>Isidre Esteve volta \u00e0 carga para disputar a sua 17\u00aa edi\u00e7\u00e3o, a s\u00e9tima de carro, no Rally Dakar 2022. O piloto da Repsol Rally Team estabeleceu como objetivo melhorar o desempenho da \u00faltima edi\u00e7\u00e3o de 2021, onde conseguiu terminar em 28\u00ba da geral apesar a dificilmente ter tempo para pr\u00e9-testar seu novo Toyota Hilux Overdrive devido \u00e0 pandemia<\/strong><\/p>\n<p>A tenacidade e perseveran\u00e7a de Isidre Esteve levaram-no a trabalhar intensamente ao longo de 2021 com o seu co-piloto, Txema Villalobos. Correu na Baja Arag\u00f3n, onde conquistou o 13\u00ba lugar, e no Rally do Marrocos, onde terminou em 11\u00ba geral e 8\u00ba entre os carros T1, para afinar o Toyota Hilux.<\/p>\n<p>\u201cTenho a sorte de ter um projeto como o nosso, em que a cada ano damos um passo \u00e0 frente para sermos mais competitivos. Temos uma equipa formid\u00e1vel que nos permite ter um calend\u00e1rio desportivo para nos prepararmos para o Dakar, trabalharmos com o carro todos os dias e assim podermos ser mais r\u00e1pidos e consistentes \u201d, afirma Isidre Esteve.<\/p>\n<p>Acrescentando ainda \u201cO objetivo \u00e9 ir ao Dakar 2022 para competir e estar cada vez mais perto dos melhores. Sabendo que o rali mudou muito nos \u00faltimos dois anos e que tem cada vez mais carros e pilotos competitivos, sinto-me agora muito mais r\u00e1pido e confiante do que h\u00e1 12 meses, depois do grande trabalho que fizemos ao longo do ano. Acho que se no dia 14 de janeiro consegu\u00edssemos estar entre os 20 primeiros, seria um bom resultado para n\u00f3s. Obviamente, se pudermos estar mais perto dos 15 primeiros, tanto melhor; isso seria algo extraordin\u00e1rio \u201d.<\/p>\n<p>Uma das principais novidades do projeto Repsol Rally Team para o Dakar 2022 \u00e9 a utiliza\u00e7\u00e3o de combust\u00edvel com baixas emiss\u00f5es. A nova f\u00f3rmula desenvolvida pelo Repsol Technology Lab &#8211; um importante centro de investiga\u00e7\u00e3o com 240 cientistas e investigadores &#8211; tem 50% de biocombust\u00edvel, em que na fabrica\u00e7\u00e3o o CO2 fica retido da atmosfera, o que significa que as emiss\u00f5es de carbono s\u00e3o notavelmente inferiores \u00e0s de um combust\u00edvel normal; tudo isso sem prejudicar o desempenho do 4&#215;4 de Isidre Esteve.<\/p>\n<p>\u201cEstamos a viver um momento de muitas mudan\u00e7as no mundo da competi\u00e7\u00e3o e na ind\u00fastria automotiva em geral, e o Dakar j\u00e1 anunciou a sua mudan\u00e7a de paradigma para o futuro. Queremos estar nessa mudan\u00e7a tamb\u00e9m. A nossa aposta para o futuro imediato \u00e9 o novo combust\u00edvel Repsol, que j\u00e1 test\u00e1mos em Marrocos, onde os resultados foram espetaculares. Assim, durante o Dakar, vamos us\u00e1-lo novamente para continuar a coleta de dados. O objetivo final \u00e9 us\u00e1-lo continuamente at\u00e9 o final de 2022 \u201d, destaca Esteve sobre o novo combust\u00edvel de baixa emiss\u00e3o.<\/p>\n<p>O piloto ilerdense, que ter\u00e1 mais uma vez os comandos adaptados preparados pelo Guidosimplex e a almofada inteligente Nubolo como elementos fundamentais do seu dia a dia, chega com otimismo para a sua s\u00e9tima participa\u00e7\u00e3o no carro, depois de ter lutado pelos 20 primeiros no O Dakar 2021, antes de uma quebra do diferencial para dois dias \u00e0 conclus\u00e3o, rebaixou-o para a 28\u00aa posi\u00e7\u00e3o final. Os seus bons resultados na Baja Arag\u00f3n 2021 e no Rali de Marrocos no passado m\u00eas de outubro levam-no a enfrentar a sua 17\u00aa edi\u00e7\u00e3o de forma positiva, a segunda ao volante do Toyota Hilux Overdrive.<\/p>\n<p>O Dakar 2022 ter\u00e1 um pr\u00f3logo (1\u00ba de janeiro) e 12 etapas, al\u00e9m de um dia de descanso, que ser\u00e1 disputado at\u00e9 o dia 14 do mesmo m\u00eas. Os organizadores desenharam um percurso marcadamente diferente das edi\u00e7\u00f5es anteriores no pa\u00eds que contar\u00e1 com uma boa dose de areia e 8.177 km de corridas (dos quais 4.258 ser\u00e3o cronometrados).<\/p>\n<p>\u201cDesta vez, 70% do percurso \u00e9 novo e, embora seja verdade que havia muita expectativa em descer at\u00e9 o Bairro Vazio [deserto de 650.000 km2 no sul do pa\u00eds], conhe\u00e7o o David Castera e toda a sua equipa e n\u00e3o acho que haja menos dificuldade em n\u00e3o ir l\u00e1. Vai ser um Dakar exigente ao n\u00edvel desportivo, com muito mais areia do que no ano passado, o que nos vai castigar menos em termos de exig\u00eancias de pneus, pois temos as rodas pequenas em compara\u00e7\u00e3o com as maiores do T1 + \u201d, conclui Esteve.<\/p>\n","protected":false},"excerpt":{"rendered":"<p>Isidre Esteve volta \u00e0 carga para&#8230;<\/p>\n","protected":false},"author":15,"featured_media":26236,"comment_status":"closed","ping_status":"closed","sticky":false,"template":"","format":"standard","meta":{"footnotes":""},"categories":[29],"tags":[46],"class_list":["post-26281","post","type-post","status-publish","format-standard","has-post-thumbnail","hentry","category-empresas","tag-repsol"],"yoast_head":"<!-- This site is optimized with the Yoast SEO plugin v27.4 - https:\/\/yoast.com\/product\/yoast-seo-wordpress\/ -->\n<title>Repsol apoia Isidre Esteve no regresso ao Dakar 2022 - Jornal das Oficinas<\/title>\n<meta name=\"robots\" content=\"index, follow, max-snippet:-1, max-image-preview:large, max-video-preview:-1\" \/>\n<link rel=\"canonical\" href=\"https:\/\/jornaldasoficinas.com\/pt\/repsol-apoia-isidre-esteve-no-regresso-ao-dakar-2022-2\/\" \/>\n<meta property=\"og:locale\" content=\"pt_PT\" \/>\n<meta property=\"og:type\" content=\"article\" \/>\n<meta property=\"og:title\" content=\"Repsol apoia Isidre Esteve no regresso ao Dakar 2022 - Jornal das Oficinas\" \/>\n<meta property=\"og:description\" content=\"Isidre Esteve volta \u00e0 carga para...\" \/>\n<meta property=\"og:url\" content=\"https:\/\/jornaldasoficinas.com\/pt\/repsol-apoia-isidre-esteve-no-regresso-ao-dakar-2022-2\/\" \/>\n<meta property=\"og:site_name\" content=\"Jornal das Oficinas\" \/>\n<meta property=\"article:publisher\" content=\"https:\/\/www.facebook.com\/jornaloficinas\" \/>\n<meta property=\"article:published_time\" content=\"2021-12-19T15:00:48+00:00\" \/>\n<meta property=\"og:image\" content=\"https:\/\/jornaldasoficinas.com\/pt\/wp-content\/uploads\/2021\/12\/Repsol-apoia-Isidre-Esteve.png\" \/>\n\t<meta property=\"og:image:width\" content=\"1024\" \/>\n\t<meta property=\"og:image:height\" content=\"581\" \/>\n\t<meta property=\"og:image:type\" content=\"image\/png\" \/>\n<meta name=\"author\" content=\"Reda\u00e7\u00e3o JO\" \/>\n<meta name=\"twitter:card\" content=\"summary_large_image\" \/>\n<meta name=\"twitter:creator\" content=\"@jornaloficinas\" \/>\n<meta name=\"twitter:site\" content=\"@jornaloficinas\" \/>\n<meta name=\"twitter:label1\" content=\"Escrito por\" \/>\n\t<meta name=\"twitter:data1\" content=\"Reda\u00e7\u00e3o JO\" \/>\n\t<meta name=\"twitter:label2\" content=\"Tempo estimado de leitura\" \/>\n\t<meta name=\"twitter:data2\" content=\"4 minutos\" \/>\n<script type=\"application\/ld+json\" class=\"yoast-schema-graph\">{\"@context\":\"https:\\\/\\\/schema.org\",\"@graph\":[{\"@type\":\"Article\",\"@id\":\"https:\\\/\\\/jornaldasoficinas.com\\\/pt\\\/repsol-apoia-isidre-esteve-no-regresso-ao-dakar-2022-2\\\/#article\",\"isPartOf\":{\"@id\":\"https:\\\/\\\/jornaldasoficinas.com\\\/pt\\\/repsol-apoia-isidre-esteve-no-regresso-ao-dakar-2022-2\\\/\"},\"author\":{\"name\":\"Reda\u00e7\u00e3o JO\",\"@id\":\"https:\\\/\\\/jornaldasoficinas.com\\\/pt\\\/#\\\/schema\\\/person\\\/a38eef5de2c41d9e7c9ac10141afddf3\"},\"headline\":\"Repsol apoia Isidre Esteve no regresso ao Dakar 2022\",\"datePublished\":\"2021-12-19T15:00:48+00:00\",\"mainEntityOfPage\":{\"@id\":\"https:\\\/\\\/jornaldasoficinas.com\\\/pt\\\/repsol-apoia-isidre-esteve-no-regresso-ao-dakar-2022-2\\\/\"},\"wordCount\":712,\"publisher\":{\"@id\":\"https:\\\/\\\/jornaldasoficinas.com\\\/pt\\\/#organization\"},\"image\":{\"@id\":\"https:\\\/\\\/jornaldasoficinas.com\\\/pt\\\/repsol-apoia-isidre-esteve-no-regresso-ao-dakar-2022-2\\\/#primaryimage\"},\"thumbnailUrl\":\"https:\\\/\\\/jornaldasoficinas.com\\\/pt\\\/wp-content\\\/uploads\\\/2021\\\/12\\\/Repsol-apoia-Isidre-Esteve.png\",\"keywords\":[\"Repsol\"],\"articleSection\":[\"Empresas\"],\"inLanguage\":\"pt-PT\"},{\"@type\":\"WebPage\",\"@id\":\"https:\\\/\\\/jornaldasoficinas.com\\\/pt\\\/repsol-apoia-isidre-esteve-no-regresso-ao-dakar-2022-2\\\/\",\"url\":\"https:\\\/\\\/jornaldasoficinas.com\\\/pt\\\/repsol-apoia-isidre-esteve-no-regresso-ao-dakar-2022-2\\\/\",\"name\":\"Repsol apoia Isidre Esteve no regresso ao Dakar 2022 - Jornal das Oficinas\",\"isPartOf\":{\"@id\":\"https:\\\/\\\/jornaldasoficinas.com\\\/pt\\\/#website\"},\"primaryImageOfPage\":{\"@id\":\"https:\\\/\\\/jornaldasoficinas.com\\\/pt\\\/repsol-apoia-isidre-esteve-no-regresso-ao-dakar-2022-2\\\/#primaryimage\"},\"image\":{\"@id\":\"https:\\\/\\\/jornaldasoficinas.com\\\/pt\\\/repsol-apoia-isidre-esteve-no-regresso-ao-dakar-2022-2\\\/#primaryimage\"},\"thumbnailUrl\":\"https:\\\/\\\/jornaldasoficinas.com\\\/pt\\\/wp-content\\\/uploads\\\/2021\\\/12\\\/Repsol-apoia-Isidre-Esteve.png\",\"datePublished\":\"2021-12-19T15:00:48+00:00\",\"breadcrumb\":{\"@id\":\"https:\\\/\\\/jornaldasoficinas.com\\\/pt\\\/repsol-apoia-isidre-esteve-no-regresso-ao-dakar-2022-2\\\/#breadcrumb\"},\"inLanguage\":\"pt-PT\",\"potentialAction\":[{\"@type\":\"ReadAction\",\"target\":[\"https:\\\/\\\/jornaldasoficinas.com\\\/pt\\\/repsol-apoia-isidre-esteve-no-regresso-ao-dakar-2022-2\\\/\"]}]},{\"@type\":\"ImageObject\",\"inLanguage\":\"pt-PT\",\"@id\":\"https:\\\/\\\/jornaldasoficinas.com\\\/pt\\\/repsol-apoia-isidre-esteve-no-regresso-ao-dakar-2022-2\\\/#primaryimage\",\"url\":\"https:\\\/\\\/jornaldasoficinas.com\\\/pt\\\/wp-content\\\/uploads\\\/2021\\\/12\\\/Repsol-apoia-Isidre-Esteve.png\",\"contentUrl\":\"https:\\\/\\\/jornaldasoficinas.com\\\/pt\\\/wp-content\\\/uploads\\\/2021\\\/12\\\/Repsol-apoia-Isidre-Esteve.png\",\"width\":1024,\"height\":581,\"caption\":\"12 - Repsol-apoia-Isidre-Esteve\"},{\"@type\":\"BreadcrumbList\",\"@id\":\"https:\\\/\\\/jornaldasoficinas.com\\\/pt\\\/repsol-apoia-isidre-esteve-no-regresso-ao-dakar-2022-2\\\/#breadcrumb\",\"itemListElement\":[{\"@type\":\"ListItem\",\"position\":1,\"name\":\"In\u00edcio\",\"item\":\"https:\\\/\\\/jornaldasoficinas.com\\\/pt\\\/\"},{\"@type\":\"ListItem\",\"position\":2,\"name\":\"Repsol apoia Isidre Esteve no regresso ao Dakar 2022\"}]},{\"@type\":\"WebSite\",\"@id\":\"https:\\\/\\\/jornaldasoficinas.com\\\/pt\\\/#website\",\"url\":\"https:\\\/\\\/jornaldasoficinas.com\\\/pt\\\/\",\"name\":\"Jornal das Oficinas\",\"description\":\"Jornal independente do Aftermarket Autom\u00f3vel em Portugal\",\"publisher\":{\"@id\":\"https:\\\/\\\/jornaldasoficinas.com\\\/pt\\\/#organization\"},\"potentialAction\":[{\"@type\":\"SearchAction\",\"target\":{\"@type\":\"EntryPoint\",\"urlTemplate\":\"https:\\\/\\\/jornaldasoficinas.com\\\/pt\\\/?s={search_term_string}\"},\"query-input\":{\"@type\":\"PropertyValueSpecification\",\"valueRequired\":true,\"valueName\":\"search_term_string\"}}],\"inLanguage\":\"pt-PT\"},{\"@type\":\"Organization\",\"@id\":\"https:\\\/\\\/jornaldasoficinas.com\\\/pt\\\/#organization\",\"name\":\"Jornal das Oficinas\",\"url\":\"https:\\\/\\\/jornaldasoficinas.com\\\/pt\\\/\",\"logo\":{\"@type\":\"ImageObject\",\"inLanguage\":\"pt-PT\",\"@id\":\"https:\\\/\\\/jornaldasoficinas.com\\\/pt\\\/#\\\/schema\\\/logo\\\/image\\\/\",\"url\":\"https:\\\/\\\/jornaldasoficinas.com\\\/pt\\\/wp-content\\\/uploads\\\/logoJO-SEO.png\",\"contentUrl\":\"https:\\\/\\\/jornaldasoficinas.com\\\/pt\\\/wp-content\\\/uploads\\\/logoJO-SEO.png\",\"width\":285,\"height\":450,\"caption\":\"Jornal das Oficinas\"},\"image\":{\"@id\":\"https:\\\/\\\/jornaldasoficinas.com\\\/pt\\\/#\\\/schema\\\/logo\\\/image\\\/\"},\"sameAs\":[\"https:\\\/\\\/www.facebook.com\\\/jornaloficinas\",\"https:\\\/\\\/x.com\\\/jornaloficinas\",\"https:\\\/\\\/www.instagram.com\\\/jornal_oficinas\\\/\",\"https:\\\/\\\/www.linkedin.com\\\/company\\\/jornal-das-oficinas\\\/\",\"https:\\\/\\\/www.youtube.com\\\/channel\\\/UCbQZBqtcvV-oSQrr7RzINGg\"]},{\"@type\":\"Person\",\"@id\":\"https:\\\/\\\/jornaldasoficinas.com\\\/pt\\\/#\\\/schema\\\/person\\\/a38eef5de2c41d9e7c9ac10141afddf3\",\"name\":\"Reda\u00e7\u00e3o JO\",\"image\":{\"@type\":\"ImageObject\",\"inLanguage\":\"pt-PT\",\"@id\":\"https:\\\/\\\/secure.gravatar.com\\\/avatar\\\/71f2fa71737ad68a84fea94bc708ddac8ea5b0c4788dc2ad202f3ccb2887742f?s=96&d=wp_user_avatar&r=g\",\"url\":\"https:\\\/\\\/secure.gravatar.com\\\/avatar\\\/71f2fa71737ad68a84fea94bc708ddac8ea5b0c4788dc2ad202f3ccb2887742f?s=96&d=wp_user_avatar&r=g\",\"contentUrl\":\"https:\\\/\\\/secure.gravatar.com\\\/avatar\\\/71f2fa71737ad68a84fea94bc708ddac8ea5b0c4788dc2ad202f3ccb2887742f?s=96&d=wp_user_avatar&r=g\",\"caption\":\"Reda\u00e7\u00e3o JO\"},\"url\":\"https:\\\/\\\/jornaldasoficinas.com\\\/pt\\\/author\\\/joredacao\\\/\"}]}<\/script>\n<!-- \/ Yoast SEO plugin. -->","yoast_head_json":{"title":"Repsol apoia Isidre Esteve no regresso ao Dakar 2022 - Jornal das Oficinas","robots":{"index":"index","follow":"follow","max-snippet":"max-snippet:-1","max-image-preview":"max-image-preview:large","max-video-preview":"max-video-preview:-1"},"canonical":"https:\/\/jornaldasoficinas.com\/pt\/repsol-apoia-isidre-esteve-no-regresso-ao-dakar-2022-2\/","og_locale":"pt_PT","og_type":"article","og_title":"Repsol apoia Isidre Esteve no regresso ao Dakar 2022 - Jornal das Oficinas","og_description":"Isidre Esteve volta \u00e0 carga para...","og_url":"https:\/\/jornaldasoficinas.com\/pt\/repsol-apoia-isidre-esteve-no-regresso-ao-dakar-2022-2\/","og_site_name":"Jornal das Oficinas","article_publisher":"https:\/\/www.facebook.com\/jornaloficinas","article_published_time":"2021-12-19T15:00:48+00:00","og_image":[{"width":1024,"height":581,"url":"https:\/\/jornaldasoficinas.com\/pt\/wp-content\/uploads\/2021\/12\/Repsol-apoia-Isidre-Esteve.png","type":"image\/png"}],"author":"Reda\u00e7\u00e3o JO","twitter_card":"summary_large_image","twitter_creator":"@jornaloficinas","twitter_site":"@jornaloficinas","twitter_misc":{"Escrito por":"Reda\u00e7\u00e3o JO","Tempo estimado de leitura":"4 minutos"},"schema":{"@context":"https:\/\/schema.org","@graph":[{"@type":"Article","@id":"https:\/\/jornaldasoficinas.com\/pt\/repsol-apoia-isidre-esteve-no-regresso-ao-dakar-2022-2\/#article","isPartOf":{"@id":"https:\/\/jornaldasoficinas.com\/pt\/repsol-apoia-isidre-esteve-no-regresso-ao-dakar-2022-2\/"},"author":{"name":"Reda\u00e7\u00e3o JO","@id":"https:\/\/jornaldasoficinas.com\/pt\/#\/schema\/person\/a38eef5de2c41d9e7c9ac10141afddf3"},"headline":"Repsol apoia Isidre Esteve no regresso ao Dakar 2022","datePublished":"2021-12-19T15:00:48+00:00","mainEntityOfPage":{"@id":"https:\/\/jornaldasoficinas.com\/pt\/repsol-apoia-isidre-esteve-no-regresso-ao-dakar-2022-2\/"},"wordCount":712,"publisher":{"@id":"https:\/\/jornaldasoficinas.com\/pt\/#organization"},"image":{"@id":"https:\/\/jornaldasoficinas.com\/pt\/repsol-apoia-isidre-esteve-no-regresso-ao-dakar-2022-2\/#primaryimage"},"thumbnailUrl":"https:\/\/jornaldasoficinas.com\/pt\/wp-content\/uploads\/2021\/12\/Repsol-apoia-Isidre-Esteve.png","keywords":["Repsol"],"articleSection":["Empresas"],"inLanguage":"pt-PT"},{"@type":"WebPage","@id":"https:\/\/jornaldasoficinas.com\/pt\/repsol-apoia-isidre-esteve-no-regresso-ao-dakar-2022-2\/","url":"https:\/\/jornaldasoficinas.com\/pt\/repsol-apoia-isidre-esteve-no-regresso-ao-dakar-2022-2\/","name":"Repsol apoia Isidre Esteve no regresso ao Dakar 2022 - Jornal das Oficinas","isPartOf":{"@id":"https:\/\/jornaldasoficinas.com\/pt\/#website"},"primaryImageOfPage":{"@id":"https:\/\/jornaldasoficinas.com\/pt\/repsol-apoia-isidre-esteve-no-regresso-ao-dakar-2022-2\/#primaryimage"},"image":{"@id":"https:\/\/jornaldasoficinas.com\/pt\/repsol-apoia-isidre-esteve-no-regresso-ao-dakar-2022-2\/#primaryimage"},"thumbnailUrl":"https:\/\/jornaldasoficinas.com\/pt\/wp-content\/uploads\/2021\/12\/Repsol-apoia-Isidre-Esteve.png","datePublished":"2021-12-19T15:00:48+00:00","breadcrumb":{"@id":"https:\/\/jornaldasoficinas.com\/pt\/repsol-apoia-isidre-esteve-no-regresso-ao-dakar-2022-2\/#breadcrumb"},"inLanguage":"pt-PT","potentialAction":[{"@type":"ReadAction","target":["https:\/\/jornaldasoficinas.com\/pt\/repsol-apoia-isidre-esteve-no-regresso-ao-dakar-2022-2\/"]}]},{"@type":"ImageObject","inLanguage":"pt-PT","@id":"https:\/\/jornaldasoficinas.com\/pt\/repsol-apoia-isidre-esteve-no-regresso-ao-dakar-2022-2\/#primaryimage","url":"https:\/\/jornaldasoficinas.com\/pt\/wp-content\/uploads\/2021\/12\/Repsol-apoia-Isidre-Esteve.png","contentUrl":"https:\/\/jornaldasoficinas.com\/pt\/wp-content\/uploads\/2021\/12\/Repsol-apoia-Isidre-Esteve.png","width":1024,"height":581,"caption":"12 - Repsol-apoia-Isidre-Esteve"},{"@type":"BreadcrumbList","@id":"https:\/\/jornaldasoficinas.com\/pt\/repsol-apoia-isidre-esteve-no-regresso-ao-dakar-2022-2\/#breadcrumb","itemListElement":[{"@type":"ListItem","position":1,"name":"In\u00edcio","item":"https:\/\/jornaldasoficinas.com\/pt\/"},{"@type":"ListItem","position":2,"name":"Repsol apoia Isidre Esteve no regresso ao Dakar 2022"}]},{"@type":"WebSite","@id":"https:\/\/jornaldasoficinas.com\/pt\/#website","url":"https:\/\/jornaldasoficinas.com\/pt\/","name":"Jornal das Oficinas","description":"Jornal independente do Aftermarket Autom\u00f3vel em Portugal","publisher":{"@id":"https:\/\/jornaldasoficinas.com\/pt\/#organization"},"potentialAction":[{"@type":"SearchAction","target":{"@type":"EntryPoint","urlTemplate":"https:\/\/jornaldasoficinas.com\/pt\/?s={search_term_string}"},"query-input":{"@type":"PropertyValueSpecification","valueRequired":true,"valueName":"search_term_string"}}],"inLanguage":"pt-PT"},{"@type":"Organization","@id":"https:\/\/jornaldasoficinas.com\/pt\/#organization","name":"Jornal das Oficinas","url":"https:\/\/jornaldasoficinas.com\/pt\/","logo":{"@type":"ImageObject","inLanguage":"pt-PT","@id":"https:\/\/jornaldasoficinas.com\/pt\/#\/schema\/logo\/image\/","url":"https:\/\/jornaldasoficinas.com\/pt\/wp-content\/uploads\/logoJO-SEO.png","contentUrl":"https:\/\/jornaldasoficinas.com\/pt\/wp-content\/uploads\/logoJO-SEO.png","width":285,"height":450,"caption":"Jornal das Oficinas"},"image":{"@id":"https:\/\/jornaldasoficinas.com\/pt\/#\/schema\/logo\/image\/"},"sameAs":["https:\/\/www.facebook.com\/jornaloficinas","https:\/\/x.com\/jornaloficinas","https:\/\/www.instagram.com\/jornal_oficinas\/","https:\/\/www.linkedin.com\/company\/jornal-das-oficinas\/","https:\/\/www.youtube.com\/channel\/UCbQZBqtcvV-oSQrr7RzINGg"]},{"@type":"Person","@id":"https:\/\/jornaldasoficinas.com\/pt\/#\/schema\/person\/a38eef5de2c41d9e7c9ac10141afddf3","name":"Reda\u00e7\u00e3o JO","image":{"@type":"ImageObject","inLanguage":"pt-PT","@id":"https:\/\/secure.gravatar.com\/avatar\/71f2fa71737ad68a84fea94bc708ddac8ea5b0c4788dc2ad202f3ccb2887742f?s=96&d=wp_user_avatar&r=g","url":"https:\/\/secure.gravatar.com\/avatar\/71f2fa71737ad68a84fea94bc708ddac8ea5b0c4788dc2ad202f3ccb2887742f?s=96&d=wp_user_avatar&r=g","contentUrl":"https:\/\/secure.gravatar.com\/avatar\/71f2fa71737ad68a84fea94bc708ddac8ea5b0c4788dc2ad202f3ccb2887742f?s=96&d=wp_user_avatar&r=g","caption":"Reda\u00e7\u00e3o JO"},"url":"https:\/\/jornaldasoficinas.com\/pt\/author\/joredacao\/"}]}},"_links":{"self":[{"href":"https:\/\/jornaldasoficinas.com\/pt\/wp-json\/wp\/v2\/posts\/26281","targetHints":{"allow":["GET"]}}],"collection":[{"href":"https:\/\/jornaldasoficinas.com\/pt\/wp-json\/wp\/v2\/posts"}],"about":[{"href":"https:\/\/jornaldasoficinas.com\/pt\/wp-json\/wp\/v2\/types\/post"}],"author":[{"embeddable":true,"href":"https:\/\/jornaldasoficinas.com\/pt\/wp-json\/wp\/v2\/users\/15"}],"replies":[{"embeddable":true,"href":"https:\/\/jornaldasoficinas.com\/pt\/wp-json\/wp\/v2\/comments?post=26281"}],"version-history":[{"count":0,"href":"https:\/\/jornaldasoficinas.com\/pt\/wp-json\/wp\/v2\/posts\/26281\/revisions"}],"wp:featuredmedia":[{"embeddable":true,"href":"https:\/\/jornaldasoficinas.com\/pt\/wp-json\/wp\/v2\/media\/26236"}],"wp:attachment":[{"href":"https:\/\/jornaldasoficinas.com\/pt\/wp-json\/wp\/v2\/media?parent=26281"}],"wp:term":[{"taxonomy":"category","embeddable":true,"href":"https:\/\/jornaldasoficinas.com\/pt\/wp-json\/wp\/v2\/categories?post=26281"},{"taxonomy":"post_tag","embeddable":true,"href":"https:\/\/jornaldasoficinas.com\/pt\/wp-json\/wp\/v2\/tags?post=26281"}],"curies":[{"name":"wp","href":"https:\/\/api.w.org\/{rel}","templated":true}]}}