{"id":26358,"date":"2021-12-24T12:00:44","date_gmt":"2021-12-24T12:00:44","guid":{"rendered":"https:\/\/jornaldasoficinas.com\/pt\/?p=26358"},"modified":"2021-12-23T08:57:58","modified_gmt":"2021-12-23T08:57:58","slug":"mobi-e-inaugura-carregamento-de-veiculos-eletricos-em-leiria","status":"publish","type":"post","link":"https:\/\/jornaldasoficinas.com\/pt\/mobi-e-inaugura-carregamento-de-veiculos-eletricos-em-leiria\/","title":{"rendered":"MOBI.E inaugura carregamento de ve\u00edculos el\u00e9tricos em Leiria"},"content":{"rendered":"<p><strong><img loading=\"lazy\" decoding=\"async\" class=\"alignnone size-full wp-image-26343\" src=\"https:\/\/jornaldasoficinas.com\/pt\/wp-content\/uploads\/2021\/12\/MOBI.E-inaugura-carregamento.jpeg\" alt=\"12 - MOBI.E-inaugura-carregamento\" width=\"1024\" height=\"581\" srcset=\"https:\/\/jornaldasoficinas.com\/pt\/wp-content\/uploads\/2021\/12\/MOBI.E-inaugura-carregamento.jpeg 1024w, https:\/\/jornaldasoficinas.com\/pt\/wp-content\/uploads\/2021\/12\/MOBI.E-inaugura-carregamento-300x170.jpeg 300w, https:\/\/jornaldasoficinas.com\/pt\/wp-content\/uploads\/2021\/12\/MOBI.E-inaugura-carregamento-150x85.jpeg 150w, https:\/\/jornaldasoficinas.com\/pt\/wp-content\/uploads\/2021\/12\/MOBI.E-inaugura-carregamento-768x436.jpeg 768w\" sizes=\"auto, (max-width: 1024px) 100vw, 1024px\" \/><\/strong><\/p>\n<p><strong>A <a href=\"https:\/\/www.mobie.pt\/\" target=\"_blank\" rel=\"noopener\">MOBI.E<\/a>, S.A. acaba de inaugurar, em Leiria, o primeiro\u00a0hub\u00a0de carregamento para ve\u00edculos el\u00e9tricos, refor\u00e7ando a infraestrutura nacional de acesso p\u00fablico<\/strong><\/p>\n<p>O Secret\u00e1rio de Estado da Mobilidade, Eduardo Pinheiro, real\u00e7a que \u201ca mobilidade el\u00e9trica \u00e9 fundamental para a redu\u00e7\u00e3o de emiss\u00f5es de gases com efeito de estufa, em grande parte respons\u00e1veis pelas altera\u00e7\u00f5es clim\u00e1ticas que j\u00e1 sentimos. O Governo vai continuar a apoiar as medidas que permitam acelerar a ado\u00e7\u00e3o de ve\u00edculos el\u00e9tricos em detrimento de ve\u00edculos poluentes, assim como outras medidas relacionadas com o transporte p\u00fablico e a mobilidade ativa. Continuaremos a trabalhar para assegurar um crescimento da rede p\u00fablica de carregamento no territ\u00f3rio nacional, que d\u00ea resposta ao crescente n\u00famero de ve\u00edculos el\u00e9tricos em circula\u00e7\u00e3o no nosso pa\u00eds nos pr\u00f3ximos anos. S\u00f3 dando resposta \u00e0s necessidades dos utilizadores continuaremos na vanguarda da descarboniza\u00e7\u00e3o da mobilidade.\u201d<\/p>\n<p>Este\u00a0hub\u00a0de carregamento de ve\u00edculos el\u00e9tricos, em Leiria, \u00e9 o primeiro de um total de nove\u00a0hubs, que resulta de um investimento de cerca de 2 milh\u00f5es de euros, integrado no Programa de Estabiliza\u00e7\u00e3o Econ\u00f3mica e Social (PEES), lan\u00e7ado pelo Governo e com financiamento do Fundo Ambiental. Al\u00e9m de Leiria, ser\u00e3o tamb\u00e9m contempladas com um\u00a0hub\u00a0igual as cidades de Almada, Coimbra, Guimar\u00e3es, Loul\u00e9, Loures, Matosinhos, Vila Nova de Gaia e Viseu.<\/p>\n<p>Cada\u00a0hub\u00a0\u00e9 constitu\u00eddo por um posto de carregamento ultrarr\u00e1pido (150 kW), tr\u00eas postos de carregamento r\u00e1pido (50 kW), cinco postos de carregamento normal (22 kW) e um posto de transforma\u00e7\u00e3o, permitindo o carregamento simult\u00e2neo de 18 ve\u00edculos.<\/p>\n<p>O presidente da MOBI.E, Lu\u00eds Barroso, refere a import\u00e2ncia deste projeto:\u00a0\u201cTrata-se de um piloto que vem dar um sinal ao mercado de como poder\u00e1 evoluir a resposta da rede Mobi.E, em zonas de maior procura, como os grandes centros urbanos. O n\u00famero crescente de utilizadores poder\u00e1 encontrar mais facilmente, no mesmo local, um carregador dispon\u00edvel, mais ou menos r\u00e1pido, de acordo com a sua necessidade do momento\u201d.<\/p>\n<p>A rede Mobi.E \u00e9 composta atualmente por mais de 2.300 postos de carregamento e 4.800 tomadas, maioritariamente situados em espa\u00e7os de acesso p\u00fablico. Trata-se de uma rede, cujo modelo se baseia na interoperabilidade e no car\u00e1ter universal de utiliza\u00e7\u00e3o.<\/p>\n","protected":false},"excerpt":{"rendered":"<p>A MOBI.E, S.A. acaba de inaugurar,&#8230;<\/p>\n","protected":false},"author":15,"featured_media":26343,"comment_status":"closed","ping_status":"closed","sticky":false,"template":"","format":"standard","meta":{"footnotes":""},"categories":[37],"tags":[2382],"class_list":["post-26358","post","type-post","status-publish","format-standard","has-post-thumbnail","hentry","category-mercado","tag-mobi-e"],"yoast_head":"<!-- This site is optimized with the Yoast SEO plugin v27.4 - https:\/\/yoast.com\/product\/yoast-seo-wordpress\/ -->\n<title>MOBI.E inaugura carregamento de ve\u00edculos el\u00e9tricos em Leiria - Jornal das Oficinas<\/title>\n<meta name=\"robots\" content=\"index, follow, max-snippet:-1, max-image-preview:large, max-video-preview:-1\" \/>\n<link rel=\"canonical\" href=\"https:\/\/jornaldasoficinas.com\/pt\/mobi-e-inaugura-carregamento-de-veiculos-eletricos-em-leiria\/\" \/>\n<meta property=\"og:locale\" content=\"pt_PT\" \/>\n<meta property=\"og:type\" content=\"article\" \/>\n<meta property=\"og:title\" content=\"MOBI.E inaugura carregamento de ve\u00edculos el\u00e9tricos em Leiria - Jornal das Oficinas\" \/>\n<meta property=\"og:description\" content=\"A MOBI.E, S.A. acaba de inaugurar,...\" \/>\n<meta property=\"og:url\" content=\"https:\/\/jornaldasoficinas.com\/pt\/mobi-e-inaugura-carregamento-de-veiculos-eletricos-em-leiria\/\" \/>\n<meta property=\"og:site_name\" content=\"Jornal das Oficinas\" \/>\n<meta property=\"article:publisher\" content=\"https:\/\/www.facebook.com\/jornaloficinas\" \/>\n<meta property=\"article:published_time\" content=\"2021-12-24T12:00:44+00:00\" \/>\n<meta property=\"og:image\" content=\"https:\/\/jornaldasoficinas.com\/pt\/wp-content\/uploads\/2021\/12\/MOBI.E-inaugura-carregamento.jpeg\" \/>\n\t<meta property=\"og:image:width\" content=\"1024\" \/>\n\t<meta property=\"og:image:height\" content=\"581\" \/>\n\t<meta property=\"og:image:type\" content=\"image\/jpeg\" \/>\n<meta name=\"author\" content=\"Reda\u00e7\u00e3o JO\" \/>\n<meta name=\"twitter:card\" content=\"summary_large_image\" \/>\n<meta name=\"twitter:creator\" content=\"@jornaloficinas\" \/>\n<meta name=\"twitter:site\" content=\"@jornaloficinas\" \/>\n<meta name=\"twitter:label1\" content=\"Escrito por\" \/>\n\t<meta name=\"twitter:data1\" content=\"Reda\u00e7\u00e3o JO\" \/>\n\t<meta name=\"twitter:label2\" content=\"Tempo estimado de leitura\" \/>\n\t<meta name=\"twitter:data2\" content=\"2 minutos\" \/>\n<script type=\"application\/ld+json\" class=\"yoast-schema-graph\">{\"@context\":\"https:\\\/\\\/schema.org\",\"@graph\":[{\"@type\":\"Article\",\"@id\":\"https:\\\/\\\/jornaldasoficinas.com\\\/pt\\\/mobi-e-inaugura-carregamento-de-veiculos-eletricos-em-leiria\\\/#article\",\"isPartOf\":{\"@id\":\"https:\\\/\\\/jornaldasoficinas.com\\\/pt\\\/mobi-e-inaugura-carregamento-de-veiculos-eletricos-em-leiria\\\/\"},\"author\":{\"name\":\"Reda\u00e7\u00e3o JO\",\"@id\":\"https:\\\/\\\/jornaldasoficinas.com\\\/pt\\\/#\\\/schema\\\/person\\\/a38eef5de2c41d9e7c9ac10141afddf3\"},\"headline\":\"MOBI.E inaugura carregamento de ve\u00edculos el\u00e9tricos em Leiria\",\"datePublished\":\"2021-12-24T12:00:44+00:00\",\"mainEntityOfPage\":{\"@id\":\"https:\\\/\\\/jornaldasoficinas.com\\\/pt\\\/mobi-e-inaugura-carregamento-de-veiculos-eletricos-em-leiria\\\/\"},\"wordCount\":414,\"publisher\":{\"@id\":\"https:\\\/\\\/jornaldasoficinas.com\\\/pt\\\/#organization\"},\"image\":{\"@id\":\"https:\\\/\\\/jornaldasoficinas.com\\\/pt\\\/mobi-e-inaugura-carregamento-de-veiculos-eletricos-em-leiria\\\/#primaryimage\"},\"thumbnailUrl\":\"https:\\\/\\\/jornaldasoficinas.com\\\/pt\\\/wp-content\\\/uploads\\\/2021\\\/12\\\/MOBI.E-inaugura-carregamento.jpeg\",\"keywords\":[\"Mobi.E\"],\"articleSection\":[\"Mercado\"],\"inLanguage\":\"pt-PT\"},{\"@type\":\"WebPage\",\"@id\":\"https:\\\/\\\/jornaldasoficinas.com\\\/pt\\\/mobi-e-inaugura-carregamento-de-veiculos-eletricos-em-leiria\\\/\",\"url\":\"https:\\\/\\\/jornaldasoficinas.com\\\/pt\\\/mobi-e-inaugura-carregamento-de-veiculos-eletricos-em-leiria\\\/\",\"name\":\"MOBI.E inaugura carregamento de ve\u00edculos el\u00e9tricos em Leiria - Jornal das Oficinas\",\"isPartOf\":{\"@id\":\"https:\\\/\\\/jornaldasoficinas.com\\\/pt\\\/#website\"},\"primaryImageOfPage\":{\"@id\":\"https:\\\/\\\/jornaldasoficinas.com\\\/pt\\\/mobi-e-inaugura-carregamento-de-veiculos-eletricos-em-leiria\\\/#primaryimage\"},\"image\":{\"@id\":\"https:\\\/\\\/jornaldasoficinas.com\\\/pt\\\/mobi-e-inaugura-carregamento-de-veiculos-eletricos-em-leiria\\\/#primaryimage\"},\"thumbnailUrl\":\"https:\\\/\\\/jornaldasoficinas.com\\\/pt\\\/wp-content\\\/uploads\\\/2021\\\/12\\\/MOBI.E-inaugura-carregamento.jpeg\",\"datePublished\":\"2021-12-24T12:00:44+00:00\",\"breadcrumb\":{\"@id\":\"https:\\\/\\\/jornaldasoficinas.com\\\/pt\\\/mobi-e-inaugura-carregamento-de-veiculos-eletricos-em-leiria\\\/#breadcrumb\"},\"inLanguage\":\"pt-PT\",\"potentialAction\":[{\"@type\":\"ReadAction\",\"target\":[\"https:\\\/\\\/jornaldasoficinas.com\\\/pt\\\/mobi-e-inaugura-carregamento-de-veiculos-eletricos-em-leiria\\\/\"]}]},{\"@type\":\"ImageObject\",\"inLanguage\":\"pt-PT\",\"@id\":\"https:\\\/\\\/jornaldasoficinas.com\\\/pt\\\/mobi-e-inaugura-carregamento-de-veiculos-eletricos-em-leiria\\\/#primaryimage\",\"url\":\"https:\\\/\\\/jornaldasoficinas.com\\\/pt\\\/wp-content\\\/uploads\\\/2021\\\/12\\\/MOBI.E-inaugura-carregamento.jpeg\",\"contentUrl\":\"https:\\\/\\\/jornaldasoficinas.com\\\/pt\\\/wp-content\\\/uploads\\\/2021\\\/12\\\/MOBI.E-inaugura-carregamento.jpeg\",\"width\":1024,\"height\":581,\"caption\":\"12 - MOBI.E-inaugura-carregamento\"},{\"@type\":\"BreadcrumbList\",\"@id\":\"https:\\\/\\\/jornaldasoficinas.com\\\/pt\\\/mobi-e-inaugura-carregamento-de-veiculos-eletricos-em-leiria\\\/#breadcrumb\",\"itemListElement\":[{\"@type\":\"ListItem\",\"position\":1,\"name\":\"In\u00edcio\",\"item\":\"https:\\\/\\\/jornaldasoficinas.com\\\/pt\\\/\"},{\"@type\":\"ListItem\",\"position\":2,\"name\":\"MOBI.E inaugura carregamento de ve\u00edculos el\u00e9tricos em Leiria\"}]},{\"@type\":\"WebSite\",\"@id\":\"https:\\\/\\\/jornaldasoficinas.com\\\/pt\\\/#website\",\"url\":\"https:\\\/\\\/jornaldasoficinas.com\\\/pt\\\/\",\"name\":\"Jornal das Oficinas\",\"description\":\"Jornal independente do Aftermarket Autom\u00f3vel em Portugal\",\"publisher\":{\"@id\":\"https:\\\/\\\/jornaldasoficinas.com\\\/pt\\\/#organization\"},\"potentialAction\":[{\"@type\":\"SearchAction\",\"target\":{\"@type\":\"EntryPoint\",\"urlTemplate\":\"https:\\\/\\\/jornaldasoficinas.com\\\/pt\\\/?s={search_term_string}\"},\"query-input\":{\"@type\":\"PropertyValueSpecification\",\"valueRequired\":true,\"valueName\":\"search_term_string\"}}],\"inLanguage\":\"pt-PT\"},{\"@type\":\"Organization\",\"@id\":\"https:\\\/\\\/jornaldasoficinas.com\\\/pt\\\/#organization\",\"name\":\"Jornal das Oficinas\",\"url\":\"https:\\\/\\\/jornaldasoficinas.com\\\/pt\\\/\",\"logo\":{\"@type\":\"ImageObject\",\"inLanguage\":\"pt-PT\",\"@id\":\"https:\\\/\\\/jornaldasoficinas.com\\\/pt\\\/#\\\/schema\\\/logo\\\/image\\\/\",\"url\":\"https:\\\/\\\/jornaldasoficinas.com\\\/pt\\\/wp-content\\\/uploads\\\/logoJO-SEO.png\",\"contentUrl\":\"https:\\\/\\\/jornaldasoficinas.com\\\/pt\\\/wp-content\\\/uploads\\\/logoJO-SEO.png\",\"width\":285,\"height\":450,\"caption\":\"Jornal das Oficinas\"},\"image\":{\"@id\":\"https:\\\/\\\/jornaldasoficinas.com\\\/pt\\\/#\\\/schema\\\/logo\\\/image\\\/\"},\"sameAs\":[\"https:\\\/\\\/www.facebook.com\\\/jornaloficinas\",\"https:\\\/\\\/x.com\\\/jornaloficinas\",\"https:\\\/\\\/www.instagram.com\\\/jornal_oficinas\\\/\",\"https:\\\/\\\/www.linkedin.com\\\/company\\\/jornal-das-oficinas\\\/\",\"https:\\\/\\\/www.youtube.com\\\/channel\\\/UCbQZBqtcvV-oSQrr7RzINGg\"]},{\"@type\":\"Person\",\"@id\":\"https:\\\/\\\/jornaldasoficinas.com\\\/pt\\\/#\\\/schema\\\/person\\\/a38eef5de2c41d9e7c9ac10141afddf3\",\"name\":\"Reda\u00e7\u00e3o JO\",\"image\":{\"@type\":\"ImageObject\",\"inLanguage\":\"pt-PT\",\"@id\":\"https:\\\/\\\/secure.gravatar.com\\\/avatar\\\/71f2fa71737ad68a84fea94bc708ddac8ea5b0c4788dc2ad202f3ccb2887742f?s=96&d=wp_user_avatar&r=g\",\"url\":\"https:\\\/\\\/secure.gravatar.com\\\/avatar\\\/71f2fa71737ad68a84fea94bc708ddac8ea5b0c4788dc2ad202f3ccb2887742f?s=96&d=wp_user_avatar&r=g\",\"contentUrl\":\"https:\\\/\\\/secure.gravatar.com\\\/avatar\\\/71f2fa71737ad68a84fea94bc708ddac8ea5b0c4788dc2ad202f3ccb2887742f?s=96&d=wp_user_avatar&r=g\",\"caption\":\"Reda\u00e7\u00e3o JO\"},\"url\":\"https:\\\/\\\/jornaldasoficinas.com\\\/pt\\\/author\\\/joredacao\\\/\"}]}<\/script>\n<!-- \/ Yoast SEO plugin. -->","yoast_head_json":{"title":"MOBI.E inaugura carregamento de ve\u00edculos el\u00e9tricos em Leiria - Jornal das Oficinas","robots":{"index":"index","follow":"follow","max-snippet":"max-snippet:-1","max-image-preview":"max-image-preview:large","max-video-preview":"max-video-preview:-1"},"canonical":"https:\/\/jornaldasoficinas.com\/pt\/mobi-e-inaugura-carregamento-de-veiculos-eletricos-em-leiria\/","og_locale":"pt_PT","og_type":"article","og_title":"MOBI.E inaugura carregamento de ve\u00edculos el\u00e9tricos em Leiria - Jornal das Oficinas","og_description":"A MOBI.E, S.A. acaba de inaugurar,...","og_url":"https:\/\/jornaldasoficinas.com\/pt\/mobi-e-inaugura-carregamento-de-veiculos-eletricos-em-leiria\/","og_site_name":"Jornal das Oficinas","article_publisher":"https:\/\/www.facebook.com\/jornaloficinas","article_published_time":"2021-12-24T12:00:44+00:00","og_image":[{"width":1024,"height":581,"url":"https:\/\/jornaldasoficinas.com\/pt\/wp-content\/uploads\/2021\/12\/MOBI.E-inaugura-carregamento.jpeg","type":"image\/jpeg"}],"author":"Reda\u00e7\u00e3o JO","twitter_card":"summary_large_image","twitter_creator":"@jornaloficinas","twitter_site":"@jornaloficinas","twitter_misc":{"Escrito por":"Reda\u00e7\u00e3o JO","Tempo estimado de leitura":"2 minutos"},"schema":{"@context":"https:\/\/schema.org","@graph":[{"@type":"Article","@id":"https:\/\/jornaldasoficinas.com\/pt\/mobi-e-inaugura-carregamento-de-veiculos-eletricos-em-leiria\/#article","isPartOf":{"@id":"https:\/\/jornaldasoficinas.com\/pt\/mobi-e-inaugura-carregamento-de-veiculos-eletricos-em-leiria\/"},"author":{"name":"Reda\u00e7\u00e3o JO","@id":"https:\/\/jornaldasoficinas.com\/pt\/#\/schema\/person\/a38eef5de2c41d9e7c9ac10141afddf3"},"headline":"MOBI.E inaugura carregamento de ve\u00edculos el\u00e9tricos em Leiria","datePublished":"2021-12-24T12:00:44+00:00","mainEntityOfPage":{"@id":"https:\/\/jornaldasoficinas.com\/pt\/mobi-e-inaugura-carregamento-de-veiculos-eletricos-em-leiria\/"},"wordCount":414,"publisher":{"@id":"https:\/\/jornaldasoficinas.com\/pt\/#organization"},"image":{"@id":"https:\/\/jornaldasoficinas.com\/pt\/mobi-e-inaugura-carregamento-de-veiculos-eletricos-em-leiria\/#primaryimage"},"thumbnailUrl":"https:\/\/jornaldasoficinas.com\/pt\/wp-content\/uploads\/2021\/12\/MOBI.E-inaugura-carregamento.jpeg","keywords":["Mobi.E"],"articleSection":["Mercado"],"inLanguage":"pt-PT"},{"@type":"WebPage","@id":"https:\/\/jornaldasoficinas.com\/pt\/mobi-e-inaugura-carregamento-de-veiculos-eletricos-em-leiria\/","url":"https:\/\/jornaldasoficinas.com\/pt\/mobi-e-inaugura-carregamento-de-veiculos-eletricos-em-leiria\/","name":"MOBI.E inaugura carregamento de ve\u00edculos el\u00e9tricos em Leiria - Jornal das Oficinas","isPartOf":{"@id":"https:\/\/jornaldasoficinas.com\/pt\/#website"},"primaryImageOfPage":{"@id":"https:\/\/jornaldasoficinas.com\/pt\/mobi-e-inaugura-carregamento-de-veiculos-eletricos-em-leiria\/#primaryimage"},"image":{"@id":"https:\/\/jornaldasoficinas.com\/pt\/mobi-e-inaugura-carregamento-de-veiculos-eletricos-em-leiria\/#primaryimage"},"thumbnailUrl":"https:\/\/jornaldasoficinas.com\/pt\/wp-content\/uploads\/2021\/12\/MOBI.E-inaugura-carregamento.jpeg","datePublished":"2021-12-24T12:00:44+00:00","breadcrumb":{"@id":"https:\/\/jornaldasoficinas.com\/pt\/mobi-e-inaugura-carregamento-de-veiculos-eletricos-em-leiria\/#breadcrumb"},"inLanguage":"pt-PT","potentialAction":[{"@type":"ReadAction","target":["https:\/\/jornaldasoficinas.com\/pt\/mobi-e-inaugura-carregamento-de-veiculos-eletricos-em-leiria\/"]}]},{"@type":"ImageObject","inLanguage":"pt-PT","@id":"https:\/\/jornaldasoficinas.com\/pt\/mobi-e-inaugura-carregamento-de-veiculos-eletricos-em-leiria\/#primaryimage","url":"https:\/\/jornaldasoficinas.com\/pt\/wp-content\/uploads\/2021\/12\/MOBI.E-inaugura-carregamento.jpeg","contentUrl":"https:\/\/jornaldasoficinas.com\/pt\/wp-content\/uploads\/2021\/12\/MOBI.E-inaugura-carregamento.jpeg","width":1024,"height":581,"caption":"12 - MOBI.E-inaugura-carregamento"},{"@type":"BreadcrumbList","@id":"https:\/\/jornaldasoficinas.com\/pt\/mobi-e-inaugura-carregamento-de-veiculos-eletricos-em-leiria\/#breadcrumb","itemListElement":[{"@type":"ListItem","position":1,"name":"In\u00edcio","item":"https:\/\/jornaldasoficinas.com\/pt\/"},{"@type":"ListItem","position":2,"name":"MOBI.E inaugura carregamento de ve\u00edculos el\u00e9tricos em Leiria"}]},{"@type":"WebSite","@id":"https:\/\/jornaldasoficinas.com\/pt\/#website","url":"https:\/\/jornaldasoficinas.com\/pt\/","name":"Jornal das Oficinas","description":"Jornal independente do Aftermarket Autom\u00f3vel em Portugal","publisher":{"@id":"https:\/\/jornaldasoficinas.com\/pt\/#organization"},"potentialAction":[{"@type":"SearchAction","target":{"@type":"EntryPoint","urlTemplate":"https:\/\/jornaldasoficinas.com\/pt\/?s={search_term_string}"},"query-input":{"@type":"PropertyValueSpecification","valueRequired":true,"valueName":"search_term_string"}}],"inLanguage":"pt-PT"},{"@type":"Organization","@id":"https:\/\/jornaldasoficinas.com\/pt\/#organization","name":"Jornal das Oficinas","url":"https:\/\/jornaldasoficinas.com\/pt\/","logo":{"@type":"ImageObject","inLanguage":"pt-PT","@id":"https:\/\/jornaldasoficinas.com\/pt\/#\/schema\/logo\/image\/","url":"https:\/\/jornaldasoficinas.com\/pt\/wp-content\/uploads\/logoJO-SEO.png","contentUrl":"https:\/\/jornaldasoficinas.com\/pt\/wp-content\/uploads\/logoJO-SEO.png","width":285,"height":450,"caption":"Jornal das Oficinas"},"image":{"@id":"https:\/\/jornaldasoficinas.com\/pt\/#\/schema\/logo\/image\/"},"sameAs":["https:\/\/www.facebook.com\/jornaloficinas","https:\/\/x.com\/jornaloficinas","https:\/\/www.instagram.com\/jornal_oficinas\/","https:\/\/www.linkedin.com\/company\/jornal-das-oficinas\/","https:\/\/www.youtube.com\/channel\/UCbQZBqtcvV-oSQrr7RzINGg"]},{"@type":"Person","@id":"https:\/\/jornaldasoficinas.com\/pt\/#\/schema\/person\/a38eef5de2c41d9e7c9ac10141afddf3","name":"Reda\u00e7\u00e3o JO","image":{"@type":"ImageObject","inLanguage":"pt-PT","@id":"https:\/\/secure.gravatar.com\/avatar\/71f2fa71737ad68a84fea94bc708ddac8ea5b0c4788dc2ad202f3ccb2887742f?s=96&d=wp_user_avatar&r=g","url":"https:\/\/secure.gravatar.com\/avatar\/71f2fa71737ad68a84fea94bc708ddac8ea5b0c4788dc2ad202f3ccb2887742f?s=96&d=wp_user_avatar&r=g","contentUrl":"https:\/\/secure.gravatar.com\/avatar\/71f2fa71737ad68a84fea94bc708ddac8ea5b0c4788dc2ad202f3ccb2887742f?s=96&d=wp_user_avatar&r=g","caption":"Reda\u00e7\u00e3o JO"},"url":"https:\/\/jornaldasoficinas.com\/pt\/author\/joredacao\/"}]}},"_links":{"self":[{"href":"https:\/\/jornaldasoficinas.com\/pt\/wp-json\/wp\/v2\/posts\/26358","targetHints":{"allow":["GET"]}}],"collection":[{"href":"https:\/\/jornaldasoficinas.com\/pt\/wp-json\/wp\/v2\/posts"}],"about":[{"href":"https:\/\/jornaldasoficinas.com\/pt\/wp-json\/wp\/v2\/types\/post"}],"author":[{"embeddable":true,"href":"https:\/\/jornaldasoficinas.com\/pt\/wp-json\/wp\/v2\/users\/15"}],"replies":[{"embeddable":true,"href":"https:\/\/jornaldasoficinas.com\/pt\/wp-json\/wp\/v2\/comments?post=26358"}],"version-history":[{"count":0,"href":"https:\/\/jornaldasoficinas.com\/pt\/wp-json\/wp\/v2\/posts\/26358\/revisions"}],"wp:featuredmedia":[{"embeddable":true,"href":"https:\/\/jornaldasoficinas.com\/pt\/wp-json\/wp\/v2\/media\/26343"}],"wp:attachment":[{"href":"https:\/\/jornaldasoficinas.com\/pt\/wp-json\/wp\/v2\/media?parent=26358"}],"wp:term":[{"taxonomy":"category","embeddable":true,"href":"https:\/\/jornaldasoficinas.com\/pt\/wp-json\/wp\/v2\/categories?post=26358"},{"taxonomy":"post_tag","embeddable":true,"href":"https:\/\/jornaldasoficinas.com\/pt\/wp-json\/wp\/v2\/tags?post=26358"}],"curies":[{"name":"wp","href":"https:\/\/api.w.org\/{rel}","templated":true}]}}