{"id":26383,"date":"2021-12-28T16:00:07","date_gmt":"2021-12-28T16:00:07","guid":{"rendered":"https:\/\/jornaldasoficinas.com\/pt\/?p=26383"},"modified":"2021-12-28T08:47:49","modified_gmt":"2021-12-28T08:47:49","slug":"mario-patrao-participa-no-dakar-2022","status":"publish","type":"post","link":"https:\/\/jornaldasoficinas.com\/pt\/mario-patrao-participa-no-dakar-2022\/","title":{"rendered":"M\u00e1rio Patr\u00e3o participa no Dakar 2022"},"content":{"rendered":"<p><strong><img loading=\"lazy\" decoding=\"async\" class=\"alignnone size-full wp-image-26376\" src=\"https:\/\/jornaldasoficinas.com\/pt\/wp-content\/uploads\/2021\/12\/Mario-Patrao-participa-no-Dakar-2022.png\" alt=\"12 - Mario-Patrao-participa-no-Dakar-2022\" width=\"1024\" height=\"581\" srcset=\"https:\/\/jornaldasoficinas.com\/pt\/wp-content\/uploads\/2021\/12\/Mario-Patrao-participa-no-Dakar-2022.png 1024w, https:\/\/jornaldasoficinas.com\/pt\/wp-content\/uploads\/2021\/12\/Mario-Patrao-participa-no-Dakar-2022-300x170.png 300w, https:\/\/jornaldasoficinas.com\/pt\/wp-content\/uploads\/2021\/12\/Mario-Patrao-participa-no-Dakar-2022-150x85.png 150w, https:\/\/jornaldasoficinas.com\/pt\/wp-content\/uploads\/2021\/12\/Mario-Patrao-participa-no-Dakar-2022-768x436.png 768w\" sizes=\"auto, (max-width: 1024px) 100vw, 1024px\" \/><\/strong><\/p>\n<p><strong>M\u00e1rio Patr\u00e3o, o piloto portugu\u00eas que participar\u00e1 no rali mais duro do mundo, vai participar sem qualquer tipo de assist\u00eancia Motul, patrocinador pela quinta vez consecutiva do Dakar<\/strong><\/p>\n<p>A verdadeira ess\u00eancia do Dakar v\u00ea-se na aventura que os participantes do Original by Motul, a categoria mais extrema deste duro rali, ir\u00e3o experimentar. Os pilotos n\u00e3o t\u00eam qualquer assist\u00eancia e t\u00eam de lidar com as adversidades etapa ap\u00f3s etapa por si pr\u00f3prios. Entre os corajosos pilotos que participam nesta categoria est\u00e1 o portugu\u00eas M\u00e1rio Patr\u00e3o, que participar\u00e1 no seu oitavo Dakar este ano.<\/p>\n<p>Patr\u00e3o \u00e9 um piloto altamente talentoso com quatro medalhas de ouro nos ISDE e a maior cole\u00e7\u00e3o de t\u00edtulos nacionais para um piloto portugu\u00eas: 27, incluindo a coroa nacional de rally raid em 2020 e 2021.<\/p>\n<p>Desde que regressou ap\u00f3s les\u00e3o no f\u00e9mur, M\u00e1rio Patr\u00e3o mostrou uma forma impressionante, com novas vit\u00f3rias no Campeonato Europeu de Bajas e no Desert Challenge de T\u00fanez. Mostrou que poderia conseguir lidar com o tipo de desafios que enfrentar\u00e1 no Original by Motul no Dakar de 2016, quando foi o melhor da classe da maratona no 13\u00ba lugar da geral.<\/p>\n<p>Os participantes na categoria Original by Motul enfrentam as condi\u00e7\u00f5es mais extremas e lutam contra as dificuldades de manuten\u00e7\u00e3o das suas pr\u00f3prias motos. \u201cParticipei noutros formatos da prova e sempre admirei estes pilotos, por isso estou aqui pronto para este grande desafio\u201d diz M\u00e1rio Patr\u00e3o.<\/p>\n<p>Depois de oito edi\u00e7\u00f5es do Dakar no curr\u00edculo, o portugu\u00eas afirmou: \u201cEstou muito confiante de que vou conseguir fazer uma boa corrida. O meu principal objetivo \u00e9 terminar a corrida e o segundo \u00e9 lutar por uma boa posi\u00e7\u00e3o, os cinco primeiros ser\u00e3o o meu objetivo. Fiz o meu trabalho de casa e espero que seja suficiente para os objetivos a que me propus\u201d.<\/p>\n<p>A Motul apoia esta categoria atrav\u00e9s dos seus produtos e de todo o apoio log\u00edstico para que o acampamento Original by Motul esteja dispon\u00edvel etapa ap\u00f3s etapa e tamb\u00e9m fornece o Laborat\u00f3rio Motul Racing. Para M\u00e1rio Patr\u00e3o: \u201cTer produtos Motul \u00e9 sem d\u00favida um valor acrescentado para os pilotos e para as nossas m\u00e1quinas\u201d.<\/p>\n","protected":false},"excerpt":{"rendered":"<p>M\u00e1rio Patr\u00e3o, o piloto portugu\u00eas que&#8230;<\/p>\n","protected":false},"author":15,"featured_media":26376,"comment_status":"closed","ping_status":"closed","sticky":false,"template":"","format":"standard","meta":{"footnotes":""},"categories":[29],"tags":[196],"class_list":["post-26383","post","type-post","status-publish","format-standard","has-post-thumbnail","hentry","category-empresas","tag-motul"],"yoast_head":"<!-- This site is optimized with the Yoast SEO plugin v27.4 - https:\/\/yoast.com\/product\/yoast-seo-wordpress\/ -->\n<title>M\u00e1rio Patr\u00e3o participa no Dakar 2022 - Jornal das Oficinas<\/title>\n<meta name=\"robots\" content=\"index, follow, max-snippet:-1, max-image-preview:large, max-video-preview:-1\" \/>\n<link rel=\"canonical\" href=\"https:\/\/jornaldasoficinas.com\/pt\/mario-patrao-participa-no-dakar-2022\/\" \/>\n<meta property=\"og:locale\" content=\"pt_PT\" \/>\n<meta property=\"og:type\" content=\"article\" \/>\n<meta property=\"og:title\" content=\"M\u00e1rio Patr\u00e3o participa no Dakar 2022 - Jornal das Oficinas\" \/>\n<meta property=\"og:description\" content=\"M\u00e1rio Patr\u00e3o, o piloto portugu\u00eas que...\" \/>\n<meta property=\"og:url\" content=\"https:\/\/jornaldasoficinas.com\/pt\/mario-patrao-participa-no-dakar-2022\/\" \/>\n<meta property=\"og:site_name\" content=\"Jornal das Oficinas\" \/>\n<meta property=\"article:publisher\" content=\"https:\/\/www.facebook.com\/jornaloficinas\" \/>\n<meta property=\"article:published_time\" content=\"2021-12-28T16:00:07+00:00\" \/>\n<meta property=\"og:image\" content=\"https:\/\/jornaldasoficinas.com\/pt\/wp-content\/uploads\/2021\/12\/Mario-Patrao-participa-no-Dakar-2022.png\" \/>\n\t<meta property=\"og:image:width\" content=\"1024\" \/>\n\t<meta property=\"og:image:height\" content=\"581\" \/>\n\t<meta property=\"og:image:type\" content=\"image\/png\" \/>\n<meta name=\"author\" content=\"Reda\u00e7\u00e3o JO\" \/>\n<meta name=\"twitter:card\" content=\"summary_large_image\" \/>\n<meta name=\"twitter:creator\" content=\"@jornaloficinas\" \/>\n<meta name=\"twitter:site\" content=\"@jornaloficinas\" \/>\n<meta name=\"twitter:label1\" content=\"Escrito por\" \/>\n\t<meta name=\"twitter:data1\" content=\"Reda\u00e7\u00e3o JO\" \/>\n\t<meta name=\"twitter:label2\" content=\"Tempo estimado de leitura\" \/>\n\t<meta name=\"twitter:data2\" content=\"2 minutos\" \/>\n<script type=\"application\/ld+json\" class=\"yoast-schema-graph\">{\"@context\":\"https:\\\/\\\/schema.org\",\"@graph\":[{\"@type\":\"Article\",\"@id\":\"https:\\\/\\\/jornaldasoficinas.com\\\/pt\\\/mario-patrao-participa-no-dakar-2022\\\/#article\",\"isPartOf\":{\"@id\":\"https:\\\/\\\/jornaldasoficinas.com\\\/pt\\\/mario-patrao-participa-no-dakar-2022\\\/\"},\"author\":{\"name\":\"Reda\u00e7\u00e3o JO\",\"@id\":\"https:\\\/\\\/jornaldasoficinas.com\\\/pt\\\/#\\\/schema\\\/person\\\/a38eef5de2c41d9e7c9ac10141afddf3\"},\"headline\":\"M\u00e1rio Patr\u00e3o participa no Dakar 2022\",\"datePublished\":\"2021-12-28T16:00:07+00:00\",\"mainEntityOfPage\":{\"@id\":\"https:\\\/\\\/jornaldasoficinas.com\\\/pt\\\/mario-patrao-participa-no-dakar-2022\\\/\"},\"wordCount\":396,\"publisher\":{\"@id\":\"https:\\\/\\\/jornaldasoficinas.com\\\/pt\\\/#organization\"},\"image\":{\"@id\":\"https:\\\/\\\/jornaldasoficinas.com\\\/pt\\\/mario-patrao-participa-no-dakar-2022\\\/#primaryimage\"},\"thumbnailUrl\":\"https:\\\/\\\/jornaldasoficinas.com\\\/pt\\\/wp-content\\\/uploads\\\/2021\\\/12\\\/Mario-Patrao-participa-no-Dakar-2022.png\",\"keywords\":[\"Motul\"],\"articleSection\":[\"Empresas\"],\"inLanguage\":\"pt-PT\"},{\"@type\":\"WebPage\",\"@id\":\"https:\\\/\\\/jornaldasoficinas.com\\\/pt\\\/mario-patrao-participa-no-dakar-2022\\\/\",\"url\":\"https:\\\/\\\/jornaldasoficinas.com\\\/pt\\\/mario-patrao-participa-no-dakar-2022\\\/\",\"name\":\"M\u00e1rio Patr\u00e3o participa no Dakar 2022 - Jornal das Oficinas\",\"isPartOf\":{\"@id\":\"https:\\\/\\\/jornaldasoficinas.com\\\/pt\\\/#website\"},\"primaryImageOfPage\":{\"@id\":\"https:\\\/\\\/jornaldasoficinas.com\\\/pt\\\/mario-patrao-participa-no-dakar-2022\\\/#primaryimage\"},\"image\":{\"@id\":\"https:\\\/\\\/jornaldasoficinas.com\\\/pt\\\/mario-patrao-participa-no-dakar-2022\\\/#primaryimage\"},\"thumbnailUrl\":\"https:\\\/\\\/jornaldasoficinas.com\\\/pt\\\/wp-content\\\/uploads\\\/2021\\\/12\\\/Mario-Patrao-participa-no-Dakar-2022.png\",\"datePublished\":\"2021-12-28T16:00:07+00:00\",\"breadcrumb\":{\"@id\":\"https:\\\/\\\/jornaldasoficinas.com\\\/pt\\\/mario-patrao-participa-no-dakar-2022\\\/#breadcrumb\"},\"inLanguage\":\"pt-PT\",\"potentialAction\":[{\"@type\":\"ReadAction\",\"target\":[\"https:\\\/\\\/jornaldasoficinas.com\\\/pt\\\/mario-patrao-participa-no-dakar-2022\\\/\"]}]},{\"@type\":\"ImageObject\",\"inLanguage\":\"pt-PT\",\"@id\":\"https:\\\/\\\/jornaldasoficinas.com\\\/pt\\\/mario-patrao-participa-no-dakar-2022\\\/#primaryimage\",\"url\":\"https:\\\/\\\/jornaldasoficinas.com\\\/pt\\\/wp-content\\\/uploads\\\/2021\\\/12\\\/Mario-Patrao-participa-no-Dakar-2022.png\",\"contentUrl\":\"https:\\\/\\\/jornaldasoficinas.com\\\/pt\\\/wp-content\\\/uploads\\\/2021\\\/12\\\/Mario-Patrao-participa-no-Dakar-2022.png\",\"width\":1024,\"height\":581,\"caption\":\"12 - Mario-Patrao-participa-no-Dakar-2022\"},{\"@type\":\"BreadcrumbList\",\"@id\":\"https:\\\/\\\/jornaldasoficinas.com\\\/pt\\\/mario-patrao-participa-no-dakar-2022\\\/#breadcrumb\",\"itemListElement\":[{\"@type\":\"ListItem\",\"position\":1,\"name\":\"In\u00edcio\",\"item\":\"https:\\\/\\\/jornaldasoficinas.com\\\/pt\\\/\"},{\"@type\":\"ListItem\",\"position\":2,\"name\":\"M\u00e1rio Patr\u00e3o participa no Dakar 2022\"}]},{\"@type\":\"WebSite\",\"@id\":\"https:\\\/\\\/jornaldasoficinas.com\\\/pt\\\/#website\",\"url\":\"https:\\\/\\\/jornaldasoficinas.com\\\/pt\\\/\",\"name\":\"Jornal das Oficinas\",\"description\":\"Jornal independente do Aftermarket Autom\u00f3vel em Portugal\",\"publisher\":{\"@id\":\"https:\\\/\\\/jornaldasoficinas.com\\\/pt\\\/#organization\"},\"potentialAction\":[{\"@type\":\"SearchAction\",\"target\":{\"@type\":\"EntryPoint\",\"urlTemplate\":\"https:\\\/\\\/jornaldasoficinas.com\\\/pt\\\/?s={search_term_string}\"},\"query-input\":{\"@type\":\"PropertyValueSpecification\",\"valueRequired\":true,\"valueName\":\"search_term_string\"}}],\"inLanguage\":\"pt-PT\"},{\"@type\":\"Organization\",\"@id\":\"https:\\\/\\\/jornaldasoficinas.com\\\/pt\\\/#organization\",\"name\":\"Jornal das Oficinas\",\"url\":\"https:\\\/\\\/jornaldasoficinas.com\\\/pt\\\/\",\"logo\":{\"@type\":\"ImageObject\",\"inLanguage\":\"pt-PT\",\"@id\":\"https:\\\/\\\/jornaldasoficinas.com\\\/pt\\\/#\\\/schema\\\/logo\\\/image\\\/\",\"url\":\"https:\\\/\\\/jornaldasoficinas.com\\\/pt\\\/wp-content\\\/uploads\\\/logoJO-SEO.png\",\"contentUrl\":\"https:\\\/\\\/jornaldasoficinas.com\\\/pt\\\/wp-content\\\/uploads\\\/logoJO-SEO.png\",\"width\":285,\"height\":450,\"caption\":\"Jornal das Oficinas\"},\"image\":{\"@id\":\"https:\\\/\\\/jornaldasoficinas.com\\\/pt\\\/#\\\/schema\\\/logo\\\/image\\\/\"},\"sameAs\":[\"https:\\\/\\\/www.facebook.com\\\/jornaloficinas\",\"https:\\\/\\\/x.com\\\/jornaloficinas\",\"https:\\\/\\\/www.instagram.com\\\/jornal_oficinas\\\/\",\"https:\\\/\\\/www.linkedin.com\\\/company\\\/jornal-das-oficinas\\\/\",\"https:\\\/\\\/www.youtube.com\\\/channel\\\/UCbQZBqtcvV-oSQrr7RzINGg\"]},{\"@type\":\"Person\",\"@id\":\"https:\\\/\\\/jornaldasoficinas.com\\\/pt\\\/#\\\/schema\\\/person\\\/a38eef5de2c41d9e7c9ac10141afddf3\",\"name\":\"Reda\u00e7\u00e3o JO\",\"image\":{\"@type\":\"ImageObject\",\"inLanguage\":\"pt-PT\",\"@id\":\"https:\\\/\\\/secure.gravatar.com\\\/avatar\\\/71f2fa71737ad68a84fea94bc708ddac8ea5b0c4788dc2ad202f3ccb2887742f?s=96&d=wp_user_avatar&r=g\",\"url\":\"https:\\\/\\\/secure.gravatar.com\\\/avatar\\\/71f2fa71737ad68a84fea94bc708ddac8ea5b0c4788dc2ad202f3ccb2887742f?s=96&d=wp_user_avatar&r=g\",\"contentUrl\":\"https:\\\/\\\/secure.gravatar.com\\\/avatar\\\/71f2fa71737ad68a84fea94bc708ddac8ea5b0c4788dc2ad202f3ccb2887742f?s=96&d=wp_user_avatar&r=g\",\"caption\":\"Reda\u00e7\u00e3o JO\"},\"url\":\"https:\\\/\\\/jornaldasoficinas.com\\\/pt\\\/author\\\/joredacao\\\/\"}]}<\/script>\n<!-- \/ Yoast SEO plugin. -->","yoast_head_json":{"title":"M\u00e1rio Patr\u00e3o participa no Dakar 2022 - Jornal das Oficinas","robots":{"index":"index","follow":"follow","max-snippet":"max-snippet:-1","max-image-preview":"max-image-preview:large","max-video-preview":"max-video-preview:-1"},"canonical":"https:\/\/jornaldasoficinas.com\/pt\/mario-patrao-participa-no-dakar-2022\/","og_locale":"pt_PT","og_type":"article","og_title":"M\u00e1rio Patr\u00e3o participa no Dakar 2022 - Jornal das Oficinas","og_description":"M\u00e1rio Patr\u00e3o, o piloto portugu\u00eas que...","og_url":"https:\/\/jornaldasoficinas.com\/pt\/mario-patrao-participa-no-dakar-2022\/","og_site_name":"Jornal das Oficinas","article_publisher":"https:\/\/www.facebook.com\/jornaloficinas","article_published_time":"2021-12-28T16:00:07+00:00","og_image":[{"width":1024,"height":581,"url":"https:\/\/jornaldasoficinas.com\/pt\/wp-content\/uploads\/2021\/12\/Mario-Patrao-participa-no-Dakar-2022.png","type":"image\/png"}],"author":"Reda\u00e7\u00e3o JO","twitter_card":"summary_large_image","twitter_creator":"@jornaloficinas","twitter_site":"@jornaloficinas","twitter_misc":{"Escrito por":"Reda\u00e7\u00e3o JO","Tempo estimado de leitura":"2 minutos"},"schema":{"@context":"https:\/\/schema.org","@graph":[{"@type":"Article","@id":"https:\/\/jornaldasoficinas.com\/pt\/mario-patrao-participa-no-dakar-2022\/#article","isPartOf":{"@id":"https:\/\/jornaldasoficinas.com\/pt\/mario-patrao-participa-no-dakar-2022\/"},"author":{"name":"Reda\u00e7\u00e3o JO","@id":"https:\/\/jornaldasoficinas.com\/pt\/#\/schema\/person\/a38eef5de2c41d9e7c9ac10141afddf3"},"headline":"M\u00e1rio Patr\u00e3o participa no Dakar 2022","datePublished":"2021-12-28T16:00:07+00:00","mainEntityOfPage":{"@id":"https:\/\/jornaldasoficinas.com\/pt\/mario-patrao-participa-no-dakar-2022\/"},"wordCount":396,"publisher":{"@id":"https:\/\/jornaldasoficinas.com\/pt\/#organization"},"image":{"@id":"https:\/\/jornaldasoficinas.com\/pt\/mario-patrao-participa-no-dakar-2022\/#primaryimage"},"thumbnailUrl":"https:\/\/jornaldasoficinas.com\/pt\/wp-content\/uploads\/2021\/12\/Mario-Patrao-participa-no-Dakar-2022.png","keywords":["Motul"],"articleSection":["Empresas"],"inLanguage":"pt-PT"},{"@type":"WebPage","@id":"https:\/\/jornaldasoficinas.com\/pt\/mario-patrao-participa-no-dakar-2022\/","url":"https:\/\/jornaldasoficinas.com\/pt\/mario-patrao-participa-no-dakar-2022\/","name":"M\u00e1rio Patr\u00e3o participa no Dakar 2022 - Jornal das Oficinas","isPartOf":{"@id":"https:\/\/jornaldasoficinas.com\/pt\/#website"},"primaryImageOfPage":{"@id":"https:\/\/jornaldasoficinas.com\/pt\/mario-patrao-participa-no-dakar-2022\/#primaryimage"},"image":{"@id":"https:\/\/jornaldasoficinas.com\/pt\/mario-patrao-participa-no-dakar-2022\/#primaryimage"},"thumbnailUrl":"https:\/\/jornaldasoficinas.com\/pt\/wp-content\/uploads\/2021\/12\/Mario-Patrao-participa-no-Dakar-2022.png","datePublished":"2021-12-28T16:00:07+00:00","breadcrumb":{"@id":"https:\/\/jornaldasoficinas.com\/pt\/mario-patrao-participa-no-dakar-2022\/#breadcrumb"},"inLanguage":"pt-PT","potentialAction":[{"@type":"ReadAction","target":["https:\/\/jornaldasoficinas.com\/pt\/mario-patrao-participa-no-dakar-2022\/"]}]},{"@type":"ImageObject","inLanguage":"pt-PT","@id":"https:\/\/jornaldasoficinas.com\/pt\/mario-patrao-participa-no-dakar-2022\/#primaryimage","url":"https:\/\/jornaldasoficinas.com\/pt\/wp-content\/uploads\/2021\/12\/Mario-Patrao-participa-no-Dakar-2022.png","contentUrl":"https:\/\/jornaldasoficinas.com\/pt\/wp-content\/uploads\/2021\/12\/Mario-Patrao-participa-no-Dakar-2022.png","width":1024,"height":581,"caption":"12 - Mario-Patrao-participa-no-Dakar-2022"},{"@type":"BreadcrumbList","@id":"https:\/\/jornaldasoficinas.com\/pt\/mario-patrao-participa-no-dakar-2022\/#breadcrumb","itemListElement":[{"@type":"ListItem","position":1,"name":"In\u00edcio","item":"https:\/\/jornaldasoficinas.com\/pt\/"},{"@type":"ListItem","position":2,"name":"M\u00e1rio Patr\u00e3o participa no Dakar 2022"}]},{"@type":"WebSite","@id":"https:\/\/jornaldasoficinas.com\/pt\/#website","url":"https:\/\/jornaldasoficinas.com\/pt\/","name":"Jornal das Oficinas","description":"Jornal independente do Aftermarket Autom\u00f3vel em Portugal","publisher":{"@id":"https:\/\/jornaldasoficinas.com\/pt\/#organization"},"potentialAction":[{"@type":"SearchAction","target":{"@type":"EntryPoint","urlTemplate":"https:\/\/jornaldasoficinas.com\/pt\/?s={search_term_string}"},"query-input":{"@type":"PropertyValueSpecification","valueRequired":true,"valueName":"search_term_string"}}],"inLanguage":"pt-PT"},{"@type":"Organization","@id":"https:\/\/jornaldasoficinas.com\/pt\/#organization","name":"Jornal das Oficinas","url":"https:\/\/jornaldasoficinas.com\/pt\/","logo":{"@type":"ImageObject","inLanguage":"pt-PT","@id":"https:\/\/jornaldasoficinas.com\/pt\/#\/schema\/logo\/image\/","url":"https:\/\/jornaldasoficinas.com\/pt\/wp-content\/uploads\/logoJO-SEO.png","contentUrl":"https:\/\/jornaldasoficinas.com\/pt\/wp-content\/uploads\/logoJO-SEO.png","width":285,"height":450,"caption":"Jornal das Oficinas"},"image":{"@id":"https:\/\/jornaldasoficinas.com\/pt\/#\/schema\/logo\/image\/"},"sameAs":["https:\/\/www.facebook.com\/jornaloficinas","https:\/\/x.com\/jornaloficinas","https:\/\/www.instagram.com\/jornal_oficinas\/","https:\/\/www.linkedin.com\/company\/jornal-das-oficinas\/","https:\/\/www.youtube.com\/channel\/UCbQZBqtcvV-oSQrr7RzINGg"]},{"@type":"Person","@id":"https:\/\/jornaldasoficinas.com\/pt\/#\/schema\/person\/a38eef5de2c41d9e7c9ac10141afddf3","name":"Reda\u00e7\u00e3o JO","image":{"@type":"ImageObject","inLanguage":"pt-PT","@id":"https:\/\/secure.gravatar.com\/avatar\/71f2fa71737ad68a84fea94bc708ddac8ea5b0c4788dc2ad202f3ccb2887742f?s=96&d=wp_user_avatar&r=g","url":"https:\/\/secure.gravatar.com\/avatar\/71f2fa71737ad68a84fea94bc708ddac8ea5b0c4788dc2ad202f3ccb2887742f?s=96&d=wp_user_avatar&r=g","contentUrl":"https:\/\/secure.gravatar.com\/avatar\/71f2fa71737ad68a84fea94bc708ddac8ea5b0c4788dc2ad202f3ccb2887742f?s=96&d=wp_user_avatar&r=g","caption":"Reda\u00e7\u00e3o JO"},"url":"https:\/\/jornaldasoficinas.com\/pt\/author\/joredacao\/"}]}},"_links":{"self":[{"href":"https:\/\/jornaldasoficinas.com\/pt\/wp-json\/wp\/v2\/posts\/26383","targetHints":{"allow":["GET"]}}],"collection":[{"href":"https:\/\/jornaldasoficinas.com\/pt\/wp-json\/wp\/v2\/posts"}],"about":[{"href":"https:\/\/jornaldasoficinas.com\/pt\/wp-json\/wp\/v2\/types\/post"}],"author":[{"embeddable":true,"href":"https:\/\/jornaldasoficinas.com\/pt\/wp-json\/wp\/v2\/users\/15"}],"replies":[{"embeddable":true,"href":"https:\/\/jornaldasoficinas.com\/pt\/wp-json\/wp\/v2\/comments?post=26383"}],"version-history":[{"count":0,"href":"https:\/\/jornaldasoficinas.com\/pt\/wp-json\/wp\/v2\/posts\/26383\/revisions"}],"wp:featuredmedia":[{"embeddable":true,"href":"https:\/\/jornaldasoficinas.com\/pt\/wp-json\/wp\/v2\/media\/26376"}],"wp:attachment":[{"href":"https:\/\/jornaldasoficinas.com\/pt\/wp-json\/wp\/v2\/media?parent=26383"}],"wp:term":[{"taxonomy":"category","embeddable":true,"href":"https:\/\/jornaldasoficinas.com\/pt\/wp-json\/wp\/v2\/categories?post=26383"},{"taxonomy":"post_tag","embeddable":true,"href":"https:\/\/jornaldasoficinas.com\/pt\/wp-json\/wp\/v2\/tags?post=26383"}],"curies":[{"name":"wp","href":"https:\/\/api.w.org\/{rel}","templated":true}]}}