{"id":26392,"date":"2021-12-29T20:00:08","date_gmt":"2021-12-29T20:00:08","guid":{"rendered":"https:\/\/jornaldasoficinas.com\/pt\/?p=26392"},"modified":"2022-02-11T08:06:14","modified_gmt":"2022-02-11T08:06:14","slug":"jornal-das-oficinas-de-janeiro-ja-esta-online","status":"publish","type":"post","link":"https:\/\/jornaldasoficinas.com\/pt\/jornal-das-oficinas-de-janeiro-ja-esta-online\/","title":{"rendered":"Jornal das Oficinas de Janeiro j\u00e1 est\u00e1 online"},"content":{"rendered":"<p><img loading=\"lazy\" decoding=\"async\" class=\"alignnone size-full wp-image-26397\" src=\"https:\/\/jornaldasoficinas.com\/pt\/wp-content\/uploads\/2021\/12\/jo193Janeiro22.png\" alt=\"12 - jo193Janeiro22\" width=\"1024\" height=\"581\" srcset=\"https:\/\/jornaldasoficinas.com\/pt\/wp-content\/uploads\/2021\/12\/jo193Janeiro22.png 1024w, https:\/\/jornaldasoficinas.com\/pt\/wp-content\/uploads\/2021\/12\/jo193Janeiro22-300x170.png 300w, https:\/\/jornaldasoficinas.com\/pt\/wp-content\/uploads\/2021\/12\/jo193Janeiro22-150x85.png 150w, https:\/\/jornaldasoficinas.com\/pt\/wp-content\/uploads\/2021\/12\/jo193Janeiro22-768x436.png 768w\" sizes=\"auto, (max-width: 1024px) 100vw, 1024px\" \/><\/p>\n<p><strong>Nesta primeira edi\u00e7\u00e3o do ano, o tema do artigo de destaque \u00e9 \u201cTend\u00eancias de Mercado\u201d. Apesar de ser prematuro falar do que ser\u00e1 este ano 2022, j\u00e1 que tudo depender\u00e1 da evolu\u00e7\u00e3o da pandemia e do seu impacto macroecon\u00f3mico, se conseguirmos controlar a vaga pand\u00e9mica, a recupera\u00e7\u00e3o econ\u00f3mica poder\u00e1 ser relativamente r\u00e1pida, mas se n\u00e3o for poss\u00edvel controlar a pandemia, 2022 ser\u00e1 um ano extremamente complicado com quebras do consumo privado muito acentuadas e uma recess\u00e3o inevit\u00e1vel<\/strong><\/p>\n<p>Publicamos nesta edi\u00e7\u00e3o o primeiro artigo da Campanha \u201c<a href=\"https:\/\/en.reuseaftermarket.com\/\" target=\"_blank\" rel=\"noopener\">Reuse Aftermarket<\/a>\u201d, dedicada \u00e0 Economia Circular, que tem vindo a ser apresentada como um conceito operacional no caminho para a mudan\u00e7a de paradigma, tendo em vista enfrentar os problemas ambientais e sociais decorrentes da globaliza\u00e7\u00e3o dos mercados e do atual modelo econ\u00f3mico baseado numa economia linear de \u201cextra\u00e7\u00e3o, produ\u00e7\u00e3o e elimina\u00e7\u00e3o\u201d.<\/p>\n<p>As empresas em destaque s\u00e3o a BGA e <a href=\"https:\/\/www.visoparts.com\/\" target=\"_blank\" rel=\"noopener\">Visoparts<\/a>. Com mais de 90 anos de fabrico de pe\u00e7as OE, a BGA \u00e9 a divis\u00e3o de aftermarket do British Gaskets Group (4BG), constitu\u00eddo em 1929. Juntos, a BGA e o Grupo 4BG representam 10 f\u00e1bricas que produzem anualmente mais de 28 milh\u00f5es de artigos para uma vasta gama de ind\u00fastrias, incluindo a Autom\u00f3vel, Aeroespacial, Defesa, Eletrodom\u00e9sticos, Mar\u00edtima, Petroqu\u00edmica e Ferrovi\u00e1ria, para citar algumas.<\/p>\n<p>Ligada ao setor de distribui\u00e7\u00e3o de pe\u00e7as para pesados h\u00e1 dezassete anos, a Visoparts deu em 2021 um passo h\u00e1 muito desejado: mudou de instala\u00e7\u00f5es. Com cerca de 2.100 metros quadrados de \u00e1rea total e 1.700 metros quadrados de armazenagem, o novo edif\u00edcio da Visoparts apresenta uma imagem mais moderna e at\u00e9 futurista.<\/p>\n<p>Na se\u00e7\u00e3o entrevistas s\u00e3o v\u00e1rias as personalidades entrevistadas, designadamente:<\/p>\n<p>&#8211; Jordi Brunet Garcia, secret\u00e1rio geral da <a href=\"https:\/\/www.egea-association.eu\/\" target=\"_blank\" rel=\"noopener\">EGEA<\/a><\/p>\n<p>&#8211; Lu\u00eds Vieira e Manuel Monteiro, fundadores da <a href=\"https:\/\/www.b-parts.com\/\" target=\"_blank\" rel=\"noopener\">B-Parts<\/a><\/p>\n<p>&#8211; Rodrigo Cabral, fundador e CEO da <a href=\"https:\/\/techone.com.br\/\" target=\"_blank\" rel=\"noopener\">Tech One<\/a><\/p>\n<p>&#8211; Telmo Sim\u00f5es, administrador da <a href=\"https:\/\/travocar.com\/\" target=\"_blank\" rel=\"noopener\">Travocar<\/a><\/p>\n<p>Contamos tamb\u00e9m com os artigos de opini\u00e3o de Andr\u00e9 Castro Pinheiro, Diretor Divis\u00e3o Autom\u00f3vel da <a href=\"https:\/\/www.fuchs.com\/pt\/pt\/\" target=\"_blank\" rel=\"noopener\">FUCHS<\/a> Lubrificantes; e Helder Valadas Sardinha, <a href=\"https:\/\/www.bosch.pt\/\" target=\"_blank\" rel=\"noopener\">Bosch<\/a> Product Specialist Rotating Machines Iberia e Europe South.<\/p>\n<p>Na se\u00e7\u00e3o dedicada ao produto apreentamos a gama <a href=\"https:\/\/www.motul.com\/es\/pt\" target=\"_blank\" rel=\"noopener\">Motul<\/a> Car Care, que \u00e9 composta por 17 produtos e acess\u00f3rios para limpar e cuidar tanto o exterior como o interior do autom\u00f3vel, incluindo produtos para eliminar arranh\u00f5es ou reparar furos.<\/p>\n<p>A T\u00e9cnica &amp; Servi\u00e7o desta edi\u00e7\u00e3o \u00e9 sobre \u201cPe\u00e7as substitui\u00e7\u00e3o na peritagem autom\u00f3vel\u201d. Conhecer o mercado das pe\u00e7as de substitui\u00e7\u00e3o do autom\u00f3vel (fabricantes, distribui\u00e7\u00e3o, qualidade, servi\u00e7o, garantia, pre\u00e7o\u2026), permite ao perito de seguros de autom\u00f3veis escolher o processo de trabalho mais eficiente e a pe\u00e7a mais adequada para a repara\u00e7\u00e3o.<\/p>\n<p>Fechamos a edi\u00e7\u00e3o como o artigo \u201cComo atrair clientes do sexo feminino\u201d. Tradicionalmente, o p\u00f3s-venda autom\u00f3vel foi dominado por homens, mas isto est\u00e1 a mudar e agora as oficinas devem fazer o esfor\u00e7o de atrair clientes do sexo feminino.<\/p>\n<p>Boa leitura<\/p>\n<p><iframe loading=\"lazy\" src=\"https:\/\/www.yumpu.com\/pt\/embed\/view\/HAqgOXlB05WfGu7R\" width=\"620px\" height=\"528px\" frameborder=\"0\" allowfullscreen=\"allowfullscreen\"><\/iframe><\/p>\n","protected":false},"excerpt":{"rendered":"<p>Nesta primeira edi\u00e7\u00e3o do ano, o&#8230;<\/p>\n","protected":false},"author":15,"featured_media":26397,"comment_status":"closed","ping_status":"closed","sticky":false,"template":"","format":"standard","meta":{"footnotes":""},"categories":[411],"tags":[2750,2139,123,2749,277,2748,196,2743,2751,2752,76],"class_list":["post-26392","post","type-post","status-publish","format-standard","has-post-thumbnail","hentry","category-edicoes-jo","tag-b-parts","tag-bga","tag-bosch","tag-egea","tag-fuchs","tag-grupo-4bg","tag-motul","tag-reuse-aftermarket","tag-tech-one","tag-travocar","tag-visoparts"],"yoast_head":"<!-- This site is optimized with the Yoast SEO plugin v27.5 - https:\/\/yoast.com\/product\/yoast-seo-wordpress\/ -->\n<title>Jornal das Oficinas de Janeiro j\u00e1 est\u00e1 online - Jornal das Oficinas<\/title>\n<meta name=\"robots\" content=\"index, follow, max-snippet:-1, max-image-preview:large, max-video-preview:-1\" \/>\n<link rel=\"canonical\" href=\"https:\/\/jornaldasoficinas.com\/pt\/jornal-das-oficinas-de-janeiro-ja-esta-online\/\" \/>\n<meta property=\"og:locale\" content=\"pt_PT\" \/>\n<meta property=\"og:type\" content=\"article\" \/>\n<meta property=\"og:title\" content=\"Jornal das Oficinas de Janeiro j\u00e1 est\u00e1 online - Jornal das Oficinas\" \/>\n<meta property=\"og:description\" content=\"Nesta primeira edi\u00e7\u00e3o do ano, o...\" \/>\n<meta property=\"og:url\" content=\"https:\/\/jornaldasoficinas.com\/pt\/jornal-das-oficinas-de-janeiro-ja-esta-online\/\" \/>\n<meta property=\"og:site_name\" content=\"Jornal das Oficinas\" \/>\n<meta property=\"article:publisher\" content=\"https:\/\/www.facebook.com\/jornaloficinas\" \/>\n<meta property=\"article:published_time\" content=\"2021-12-29T20:00:08+00:00\" \/>\n<meta property=\"article:modified_time\" content=\"2022-02-11T08:06:14+00:00\" \/>\n<meta property=\"og:image\" content=\"https:\/\/jornaldasoficinas.com\/pt\/wp-content\/uploads\/2021\/12\/jo193Janeiro22.png\" \/>\n\t<meta property=\"og:image:width\" content=\"1024\" \/>\n\t<meta property=\"og:image:height\" content=\"581\" \/>\n\t<meta property=\"og:image:type\" content=\"image\/png\" \/>\n<meta name=\"author\" content=\"Reda\u00e7\u00e3o JO\" \/>\n<meta name=\"twitter:card\" content=\"summary_large_image\" \/>\n<meta name=\"twitter:creator\" content=\"@jornaloficinas\" \/>\n<meta name=\"twitter:site\" content=\"@jornaloficinas\" \/>\n<meta name=\"twitter:label1\" content=\"Escrito por\" \/>\n\t<meta name=\"twitter:data1\" content=\"Reda\u00e7\u00e3o JO\" \/>\n\t<meta name=\"twitter:label2\" content=\"Tempo estimado de leitura\" \/>\n\t<meta name=\"twitter:data2\" content=\"3 minutos\" \/>\n<script type=\"application\/ld+json\" class=\"yoast-schema-graph\">{\"@context\":\"https:\\\/\\\/schema.org\",\"@graph\":[{\"@type\":\"Article\",\"@id\":\"https:\\\/\\\/jornaldasoficinas.com\\\/pt\\\/jornal-das-oficinas-de-janeiro-ja-esta-online\\\/#article\",\"isPartOf\":{\"@id\":\"https:\\\/\\\/jornaldasoficinas.com\\\/pt\\\/jornal-das-oficinas-de-janeiro-ja-esta-online\\\/\"},\"author\":{\"name\":\"Reda\u00e7\u00e3o JO\",\"@id\":\"https:\\\/\\\/jornaldasoficinas.com\\\/pt\\\/#\\\/schema\\\/person\\\/a38eef5de2c41d9e7c9ac10141afddf3\"},\"headline\":\"Jornal das Oficinas de Janeiro j\u00e1 est\u00e1 online\",\"datePublished\":\"2021-12-29T20:00:08+00:00\",\"dateModified\":\"2022-02-11T08:06:14+00:00\",\"mainEntityOfPage\":{\"@id\":\"https:\\\/\\\/jornaldasoficinas.com\\\/pt\\\/jornal-das-oficinas-de-janeiro-ja-esta-online\\\/\"},\"wordCount\":523,\"publisher\":{\"@id\":\"https:\\\/\\\/jornaldasoficinas.com\\\/pt\\\/#organization\"},\"image\":{\"@id\":\"https:\\\/\\\/jornaldasoficinas.com\\\/pt\\\/jornal-das-oficinas-de-janeiro-ja-esta-online\\\/#primaryimage\"},\"thumbnailUrl\":\"https:\\\/\\\/jornaldasoficinas.com\\\/pt\\\/wp-content\\\/uploads\\\/2021\\\/12\\\/jo193Janeiro22.png\",\"keywords\":[\"B-Parts\",\"BGA\",\"Bosch\",\"EGEA\",\"Fuchs\",\"Grupo 4BG\",\"Motul\",\"REUSE AFTERMARKET\",\"Tech One\",\"Travocar\",\"Visoparts\"],\"articleSection\":[\"Edi\u00e7\u00f5es JO\"],\"inLanguage\":\"pt-PT\"},{\"@type\":\"WebPage\",\"@id\":\"https:\\\/\\\/jornaldasoficinas.com\\\/pt\\\/jornal-das-oficinas-de-janeiro-ja-esta-online\\\/\",\"url\":\"https:\\\/\\\/jornaldasoficinas.com\\\/pt\\\/jornal-das-oficinas-de-janeiro-ja-esta-online\\\/\",\"name\":\"Jornal das Oficinas de Janeiro j\u00e1 est\u00e1 online - Jornal das Oficinas\",\"isPartOf\":{\"@id\":\"https:\\\/\\\/jornaldasoficinas.com\\\/pt\\\/#website\"},\"primaryImageOfPage\":{\"@id\":\"https:\\\/\\\/jornaldasoficinas.com\\\/pt\\\/jornal-das-oficinas-de-janeiro-ja-esta-online\\\/#primaryimage\"},\"image\":{\"@id\":\"https:\\\/\\\/jornaldasoficinas.com\\\/pt\\\/jornal-das-oficinas-de-janeiro-ja-esta-online\\\/#primaryimage\"},\"thumbnailUrl\":\"https:\\\/\\\/jornaldasoficinas.com\\\/pt\\\/wp-content\\\/uploads\\\/2021\\\/12\\\/jo193Janeiro22.png\",\"datePublished\":\"2021-12-29T20:00:08+00:00\",\"dateModified\":\"2022-02-11T08:06:14+00:00\",\"breadcrumb\":{\"@id\":\"https:\\\/\\\/jornaldasoficinas.com\\\/pt\\\/jornal-das-oficinas-de-janeiro-ja-esta-online\\\/#breadcrumb\"},\"inLanguage\":\"pt-PT\",\"potentialAction\":[{\"@type\":\"ReadAction\",\"target\":[\"https:\\\/\\\/jornaldasoficinas.com\\\/pt\\\/jornal-das-oficinas-de-janeiro-ja-esta-online\\\/\"]}]},{\"@type\":\"ImageObject\",\"inLanguage\":\"pt-PT\",\"@id\":\"https:\\\/\\\/jornaldasoficinas.com\\\/pt\\\/jornal-das-oficinas-de-janeiro-ja-esta-online\\\/#primaryimage\",\"url\":\"https:\\\/\\\/jornaldasoficinas.com\\\/pt\\\/wp-content\\\/uploads\\\/2021\\\/12\\\/jo193Janeiro22.png\",\"contentUrl\":\"https:\\\/\\\/jornaldasoficinas.com\\\/pt\\\/wp-content\\\/uploads\\\/2021\\\/12\\\/jo193Janeiro22.png\",\"width\":1024,\"height\":581,\"caption\":\"12 - jo193Janeiro22\"},{\"@type\":\"BreadcrumbList\",\"@id\":\"https:\\\/\\\/jornaldasoficinas.com\\\/pt\\\/jornal-das-oficinas-de-janeiro-ja-esta-online\\\/#breadcrumb\",\"itemListElement\":[{\"@type\":\"ListItem\",\"position\":1,\"name\":\"In\u00edcio\",\"item\":\"https:\\\/\\\/jornaldasoficinas.com\\\/pt\\\/\"},{\"@type\":\"ListItem\",\"position\":2,\"name\":\"Jornal das Oficinas de Janeiro j\u00e1 est\u00e1 online\"}]},{\"@type\":\"WebSite\",\"@id\":\"https:\\\/\\\/jornaldasoficinas.com\\\/pt\\\/#website\",\"url\":\"https:\\\/\\\/jornaldasoficinas.com\\\/pt\\\/\",\"name\":\"Jornal das Oficinas\",\"description\":\"Jornal independente do Aftermarket Autom\u00f3vel em Portugal\",\"publisher\":{\"@id\":\"https:\\\/\\\/jornaldasoficinas.com\\\/pt\\\/#organization\"},\"potentialAction\":[{\"@type\":\"SearchAction\",\"target\":{\"@type\":\"EntryPoint\",\"urlTemplate\":\"https:\\\/\\\/jornaldasoficinas.com\\\/pt\\\/?s={search_term_string}\"},\"query-input\":{\"@type\":\"PropertyValueSpecification\",\"valueRequired\":true,\"valueName\":\"search_term_string\"}}],\"inLanguage\":\"pt-PT\"},{\"@type\":\"Organization\",\"@id\":\"https:\\\/\\\/jornaldasoficinas.com\\\/pt\\\/#organization\",\"name\":\"Jornal das Oficinas\",\"url\":\"https:\\\/\\\/jornaldasoficinas.com\\\/pt\\\/\",\"logo\":{\"@type\":\"ImageObject\",\"inLanguage\":\"pt-PT\",\"@id\":\"https:\\\/\\\/jornaldasoficinas.com\\\/pt\\\/#\\\/schema\\\/logo\\\/image\\\/\",\"url\":\"https:\\\/\\\/jornaldasoficinas.com\\\/pt\\\/wp-content\\\/uploads\\\/logoJO-SEO.png\",\"contentUrl\":\"https:\\\/\\\/jornaldasoficinas.com\\\/pt\\\/wp-content\\\/uploads\\\/logoJO-SEO.png\",\"width\":285,\"height\":450,\"caption\":\"Jornal das Oficinas\"},\"image\":{\"@id\":\"https:\\\/\\\/jornaldasoficinas.com\\\/pt\\\/#\\\/schema\\\/logo\\\/image\\\/\"},\"sameAs\":[\"https:\\\/\\\/www.facebook.com\\\/jornaloficinas\",\"https:\\\/\\\/x.com\\\/jornaloficinas\",\"https:\\\/\\\/www.instagram.com\\\/jornal_oficinas\\\/\",\"https:\\\/\\\/www.linkedin.com\\\/company\\\/jornal-das-oficinas\\\/\",\"https:\\\/\\\/www.youtube.com\\\/channel\\\/UCbQZBqtcvV-oSQrr7RzINGg\"]},{\"@type\":\"Person\",\"@id\":\"https:\\\/\\\/jornaldasoficinas.com\\\/pt\\\/#\\\/schema\\\/person\\\/a38eef5de2c41d9e7c9ac10141afddf3\",\"name\":\"Reda\u00e7\u00e3o JO\",\"image\":{\"@type\":\"ImageObject\",\"inLanguage\":\"pt-PT\",\"@id\":\"https:\\\/\\\/secure.gravatar.com\\\/avatar\\\/71f2fa71737ad68a84fea94bc708ddac8ea5b0c4788dc2ad202f3ccb2887742f?s=96&d=wp_user_avatar&r=g\",\"url\":\"https:\\\/\\\/secure.gravatar.com\\\/avatar\\\/71f2fa71737ad68a84fea94bc708ddac8ea5b0c4788dc2ad202f3ccb2887742f?s=96&d=wp_user_avatar&r=g\",\"contentUrl\":\"https:\\\/\\\/secure.gravatar.com\\\/avatar\\\/71f2fa71737ad68a84fea94bc708ddac8ea5b0c4788dc2ad202f3ccb2887742f?s=96&d=wp_user_avatar&r=g\",\"caption\":\"Reda\u00e7\u00e3o JO\"},\"url\":\"https:\\\/\\\/jornaldasoficinas.com\\\/pt\\\/author\\\/joredacao\\\/\"}]}<\/script>\n<!-- \/ Yoast SEO plugin. -->","yoast_head_json":{"title":"Jornal das Oficinas de Janeiro j\u00e1 est\u00e1 online - Jornal das Oficinas","robots":{"index":"index","follow":"follow","max-snippet":"max-snippet:-1","max-image-preview":"max-image-preview:large","max-video-preview":"max-video-preview:-1"},"canonical":"https:\/\/jornaldasoficinas.com\/pt\/jornal-das-oficinas-de-janeiro-ja-esta-online\/","og_locale":"pt_PT","og_type":"article","og_title":"Jornal das Oficinas de Janeiro j\u00e1 est\u00e1 online - Jornal das Oficinas","og_description":"Nesta primeira edi\u00e7\u00e3o do ano, o...","og_url":"https:\/\/jornaldasoficinas.com\/pt\/jornal-das-oficinas-de-janeiro-ja-esta-online\/","og_site_name":"Jornal das Oficinas","article_publisher":"https:\/\/www.facebook.com\/jornaloficinas","article_published_time":"2021-12-29T20:00:08+00:00","article_modified_time":"2022-02-11T08:06:14+00:00","og_image":[{"width":1024,"height":581,"url":"https:\/\/jornaldasoficinas.com\/pt\/wp-content\/uploads\/2021\/12\/jo193Janeiro22.png","type":"image\/png"}],"author":"Reda\u00e7\u00e3o JO","twitter_card":"summary_large_image","twitter_creator":"@jornaloficinas","twitter_site":"@jornaloficinas","twitter_misc":{"Escrito por":"Reda\u00e7\u00e3o JO","Tempo estimado de leitura":"3 minutos"},"schema":{"@context":"https:\/\/schema.org","@graph":[{"@type":"Article","@id":"https:\/\/jornaldasoficinas.com\/pt\/jornal-das-oficinas-de-janeiro-ja-esta-online\/#article","isPartOf":{"@id":"https:\/\/jornaldasoficinas.com\/pt\/jornal-das-oficinas-de-janeiro-ja-esta-online\/"},"author":{"name":"Reda\u00e7\u00e3o JO","@id":"https:\/\/jornaldasoficinas.com\/pt\/#\/schema\/person\/a38eef5de2c41d9e7c9ac10141afddf3"},"headline":"Jornal das Oficinas de Janeiro j\u00e1 est\u00e1 online","datePublished":"2021-12-29T20:00:08+00:00","dateModified":"2022-02-11T08:06:14+00:00","mainEntityOfPage":{"@id":"https:\/\/jornaldasoficinas.com\/pt\/jornal-das-oficinas-de-janeiro-ja-esta-online\/"},"wordCount":523,"publisher":{"@id":"https:\/\/jornaldasoficinas.com\/pt\/#organization"},"image":{"@id":"https:\/\/jornaldasoficinas.com\/pt\/jornal-das-oficinas-de-janeiro-ja-esta-online\/#primaryimage"},"thumbnailUrl":"https:\/\/jornaldasoficinas.com\/pt\/wp-content\/uploads\/2021\/12\/jo193Janeiro22.png","keywords":["B-Parts","BGA","Bosch","EGEA","Fuchs","Grupo 4BG","Motul","REUSE AFTERMARKET","Tech One","Travocar","Visoparts"],"articleSection":["Edi\u00e7\u00f5es JO"],"inLanguage":"pt-PT"},{"@type":"WebPage","@id":"https:\/\/jornaldasoficinas.com\/pt\/jornal-das-oficinas-de-janeiro-ja-esta-online\/","url":"https:\/\/jornaldasoficinas.com\/pt\/jornal-das-oficinas-de-janeiro-ja-esta-online\/","name":"Jornal das Oficinas de Janeiro j\u00e1 est\u00e1 online - Jornal das Oficinas","isPartOf":{"@id":"https:\/\/jornaldasoficinas.com\/pt\/#website"},"primaryImageOfPage":{"@id":"https:\/\/jornaldasoficinas.com\/pt\/jornal-das-oficinas-de-janeiro-ja-esta-online\/#primaryimage"},"image":{"@id":"https:\/\/jornaldasoficinas.com\/pt\/jornal-das-oficinas-de-janeiro-ja-esta-online\/#primaryimage"},"thumbnailUrl":"https:\/\/jornaldasoficinas.com\/pt\/wp-content\/uploads\/2021\/12\/jo193Janeiro22.png","datePublished":"2021-12-29T20:00:08+00:00","dateModified":"2022-02-11T08:06:14+00:00","breadcrumb":{"@id":"https:\/\/jornaldasoficinas.com\/pt\/jornal-das-oficinas-de-janeiro-ja-esta-online\/#breadcrumb"},"inLanguage":"pt-PT","potentialAction":[{"@type":"ReadAction","target":["https:\/\/jornaldasoficinas.com\/pt\/jornal-das-oficinas-de-janeiro-ja-esta-online\/"]}]},{"@type":"ImageObject","inLanguage":"pt-PT","@id":"https:\/\/jornaldasoficinas.com\/pt\/jornal-das-oficinas-de-janeiro-ja-esta-online\/#primaryimage","url":"https:\/\/jornaldasoficinas.com\/pt\/wp-content\/uploads\/2021\/12\/jo193Janeiro22.png","contentUrl":"https:\/\/jornaldasoficinas.com\/pt\/wp-content\/uploads\/2021\/12\/jo193Janeiro22.png","width":1024,"height":581,"caption":"12 - jo193Janeiro22"},{"@type":"BreadcrumbList","@id":"https:\/\/jornaldasoficinas.com\/pt\/jornal-das-oficinas-de-janeiro-ja-esta-online\/#breadcrumb","itemListElement":[{"@type":"ListItem","position":1,"name":"In\u00edcio","item":"https:\/\/jornaldasoficinas.com\/pt\/"},{"@type":"ListItem","position":2,"name":"Jornal das Oficinas de Janeiro j\u00e1 est\u00e1 online"}]},{"@type":"WebSite","@id":"https:\/\/jornaldasoficinas.com\/pt\/#website","url":"https:\/\/jornaldasoficinas.com\/pt\/","name":"Jornal das Oficinas","description":"Jornal independente do Aftermarket Autom\u00f3vel em Portugal","publisher":{"@id":"https:\/\/jornaldasoficinas.com\/pt\/#organization"},"potentialAction":[{"@type":"SearchAction","target":{"@type":"EntryPoint","urlTemplate":"https:\/\/jornaldasoficinas.com\/pt\/?s={search_term_string}"},"query-input":{"@type":"PropertyValueSpecification","valueRequired":true,"valueName":"search_term_string"}}],"inLanguage":"pt-PT"},{"@type":"Organization","@id":"https:\/\/jornaldasoficinas.com\/pt\/#organization","name":"Jornal das Oficinas","url":"https:\/\/jornaldasoficinas.com\/pt\/","logo":{"@type":"ImageObject","inLanguage":"pt-PT","@id":"https:\/\/jornaldasoficinas.com\/pt\/#\/schema\/logo\/image\/","url":"https:\/\/jornaldasoficinas.com\/pt\/wp-content\/uploads\/logoJO-SEO.png","contentUrl":"https:\/\/jornaldasoficinas.com\/pt\/wp-content\/uploads\/logoJO-SEO.png","width":285,"height":450,"caption":"Jornal das Oficinas"},"image":{"@id":"https:\/\/jornaldasoficinas.com\/pt\/#\/schema\/logo\/image\/"},"sameAs":["https:\/\/www.facebook.com\/jornaloficinas","https:\/\/x.com\/jornaloficinas","https:\/\/www.instagram.com\/jornal_oficinas\/","https:\/\/www.linkedin.com\/company\/jornal-das-oficinas\/","https:\/\/www.youtube.com\/channel\/UCbQZBqtcvV-oSQrr7RzINGg"]},{"@type":"Person","@id":"https:\/\/jornaldasoficinas.com\/pt\/#\/schema\/person\/a38eef5de2c41d9e7c9ac10141afddf3","name":"Reda\u00e7\u00e3o JO","image":{"@type":"ImageObject","inLanguage":"pt-PT","@id":"https:\/\/secure.gravatar.com\/avatar\/71f2fa71737ad68a84fea94bc708ddac8ea5b0c4788dc2ad202f3ccb2887742f?s=96&d=wp_user_avatar&r=g","url":"https:\/\/secure.gravatar.com\/avatar\/71f2fa71737ad68a84fea94bc708ddac8ea5b0c4788dc2ad202f3ccb2887742f?s=96&d=wp_user_avatar&r=g","contentUrl":"https:\/\/secure.gravatar.com\/avatar\/71f2fa71737ad68a84fea94bc708ddac8ea5b0c4788dc2ad202f3ccb2887742f?s=96&d=wp_user_avatar&r=g","caption":"Reda\u00e7\u00e3o JO"},"url":"https:\/\/jornaldasoficinas.com\/pt\/author\/joredacao\/"}]}},"_links":{"self":[{"href":"https:\/\/jornaldasoficinas.com\/pt\/wp-json\/wp\/v2\/posts\/26392","targetHints":{"allow":["GET"]}}],"collection":[{"href":"https:\/\/jornaldasoficinas.com\/pt\/wp-json\/wp\/v2\/posts"}],"about":[{"href":"https:\/\/jornaldasoficinas.com\/pt\/wp-json\/wp\/v2\/types\/post"}],"author":[{"embeddable":true,"href":"https:\/\/jornaldasoficinas.com\/pt\/wp-json\/wp\/v2\/users\/15"}],"replies":[{"embeddable":true,"href":"https:\/\/jornaldasoficinas.com\/pt\/wp-json\/wp\/v2\/comments?post=26392"}],"version-history":[{"count":0,"href":"https:\/\/jornaldasoficinas.com\/pt\/wp-json\/wp\/v2\/posts\/26392\/revisions"}],"wp:featuredmedia":[{"embeddable":true,"href":"https:\/\/jornaldasoficinas.com\/pt\/wp-json\/wp\/v2\/media\/26397"}],"wp:attachment":[{"href":"https:\/\/jornaldasoficinas.com\/pt\/wp-json\/wp\/v2\/media?parent=26392"}],"wp:term":[{"taxonomy":"category","embeddable":true,"href":"https:\/\/jornaldasoficinas.com\/pt\/wp-json\/wp\/v2\/categories?post=26392"},{"taxonomy":"post_tag","embeddable":true,"href":"https:\/\/jornaldasoficinas.com\/pt\/wp-json\/wp\/v2\/tags?post=26392"}],"curies":[{"name":"wp","href":"https:\/\/api.w.org\/{rel}","templated":true}]}}