{"id":26432,"date":"2022-01-01T16:00:11","date_gmt":"2022-01-01T16:00:11","guid":{"rendered":"https:\/\/jornaldasoficinas.com\/pt\/?p=26432"},"modified":"2022-01-01T10:13:11","modified_gmt":"2022-01-01T10:13:11","slug":"faturas-tem-de-ter-codigo-qr-ja-a-partir-de-janeiro","status":"publish","type":"post","link":"https:\/\/jornaldasoficinas.com\/pt\/faturas-tem-de-ter-codigo-qr-ja-a-partir-de-janeiro\/","title":{"rendered":"Faturas t\u00eam de ter C\u00f3digo QR j\u00e1 a partir de janeiro"},"content":{"rendered":"<p><strong><img loading=\"lazy\" decoding=\"async\" class=\"alignnone size-full wp-image-26415\" src=\"https:\/\/jornaldasoficinas.com\/pt\/wp-content\/uploads\/2022\/01\/Faturas-tem-de-ter.png\" alt=\"01 - Faturas-tem-de-ter\" width=\"1024\" height=\"581\" srcset=\"https:\/\/jornaldasoficinas.com\/pt\/wp-content\/uploads\/2022\/01\/Faturas-tem-de-ter.png 1024w, https:\/\/jornaldasoficinas.com\/pt\/wp-content\/uploads\/2022\/01\/Faturas-tem-de-ter-300x170.png 300w, https:\/\/jornaldasoficinas.com\/pt\/wp-content\/uploads\/2022\/01\/Faturas-tem-de-ter-150x85.png 150w, https:\/\/jornaldasoficinas.com\/pt\/wp-content\/uploads\/2022\/01\/Faturas-tem-de-ter-768x436.png 768w\" sizes=\"auto, (max-width: 1024px) 100vw, 1024px\" \/><\/strong><\/p>\n<p><strong>O Governo decidiu n\u00e3o adiar mais a medida que obriga todas as faturas a virem com um C\u00f3digo QR j\u00e1 a partir do in\u00edcio do pr\u00f3ximo ano. Os contribuintes poder\u00e3o comunicar assim eles pr\u00f3prios as faturas \u00e0s Finan\u00e7as atrav\u00e9s da app e-fatura, mas ter\u00e3o de continuar, para j\u00e1, a pedir a fatura com NIF.<\/strong><\/p>\n<p>Depois da <a href=\"https:\/\/invoicexpress.com\/blog\/facturas-qr-code-adiado-2022\" target=\"_blank\" rel=\"noopener\">medida ter sido adiada<\/a> o ano passado, devido aos efeitos da pandemia, a <a href=\"https:\/\/invoicexpress.com\/blog\/facturas-qr-code-atcud-irs-2022\" target=\"_blank\" rel=\"noopener\"><strong>introdu\u00e7\u00e3o do C\u00f3digo QR<\/strong><\/a> nas faturas vai mesmo passar a ser obrigat\u00f3ria j\u00e1 a partir do dia 1 de janeiro de 2022.<\/p>\n<p><strong>O que \u00e9 o C\u00f3digo QR?<br \/>\n<\/strong>O C\u00f3digo QR, ou <a href=\"https:\/\/pt.wikipedia.org\/wiki\/C%C3%B3digo_QR\" target=\"_blank\" rel=\"noopener\">QR Code<\/a>, \u00e9 uma esp\u00e9cie de c\u00f3digo de barras, neste caso um c\u00f3digo bidimensional ao qual se pode fazer um scan com um smartphone para acedermos a um URL. Neste caso da emiss\u00e3o em faturas o c\u00f3digo ir\u00e1 comunicar a fatura ao portal e-factura.<\/p>\n<p><strong>O C\u00f3digo QR e as Finan\u00e7as<br \/>\n<\/strong>H\u00e1 muitas empresas que j\u00e1 emitem as suas faturas com C\u00f3digo QR. A medida j\u00e1 era opcional. O programa de fatura\u00e7\u00e3o InvoiceXpress, por exemplo, foi um dos primeiros softwares de fatura\u00e7\u00e3o certificados a <a href=\"https:\/\/invoicexpress.com\/faqs\/codigo-qr\/desactivar-activar-codigo-qr\" target=\"_blank\" rel=\"noopener\"><strong>disponibilizar esta op\u00e7\u00e3o<\/strong><\/a> aos seus clientes.<\/p>\n<p>A diferen\u00e7a \u00e9 que a partir do in\u00edcio do pr\u00f3ximo ano a introdu\u00e7\u00e3o do C\u00f3digo QR nas faturas passa a ser obrigat\u00f3ria.<\/p>\n<p>Contudo, ao longo de 2022 os contribuintes s\u00f3 conseguir\u00e3o comunicar as faturas com C\u00f3digo QR que j\u00e1 tenham um NIF associado (poder\u00e3o faz\u00ea-lo atrav\u00e9s da <a href=\"https:\/\/invoicexpress.com\/blog\/app-efatura-codigo-qr-autoridade-tributaria\" target=\"_blank\" rel=\"noopener\">app e-fatura<\/a>, por exemplo, sempre que verificarem que a fatura n\u00e3o aparece no portal das finan\u00e7as, ou simplesmente porque querem ter essa iniciativa para estar seguros de que a fatura \u00e9 de facto comunicada \u00e0 Autoridade Tribut\u00e1ria).<\/p>\n<p>Comunicar faturas sem NIF atrav\u00e9s da leitura do C\u00f3digo QR presente na fatura s\u00f3 ser\u00e1 poss\u00edvel em 2023, quando os documentos fiscalmente relevantes tamb\u00e9m possu\u00edrem o ATCUD &#8211; o chamado C\u00f3digo \u00danico do Documento, uma obriga\u00e7\u00e3o fiscal <a href=\"https:\/\/invoicexpress.com\/blog\/novas-regras-faturacao-2022\" target=\"_blank\" rel=\"noopener\">recentemente adiada<\/a> pelo Governo para o ano de 2023<\/p>\n<p><strong>C\u00f3digos QR em faturas e o InvoiceXpress<br \/>\n<\/strong>O InvoiceXpress \u00e9 um software de fatura\u00e7\u00e3o certificado pela Autoridade Tribut\u00e1ria, e, como tal, est\u00e1 sempre a par de todas as altera\u00e7\u00f5es exigidas por este Organismo P\u00fablico.<\/p>\n<p>Para ajudar todos os clientes a se adaptarem a esta funcionalidade, o <a href=\"https:\/\/invoicexpress.com\/\" target=\"_blank\" rel=\"noopener\">InvoiceXpress<\/a> disponibilizou a introdu\u00e7\u00e3o do C\u00f3digo QR nas faturas logo em dezembro de 2020, ainda como configura\u00e7\u00e3o opcional (n\u00e3o sendo na altura obrigat\u00f3ria) no menu Configura\u00e7\u00f5es &#8211; Personaliza\u00e7\u00e3o de Documentos.<\/p>\n<p>A partir do dia 1 de janeiro de 2022 esta funcionalidade passar\u00e1 a estar obrigatoriamente ativa para todas as contas.<\/p>\n<p><em><strong>Por: Miguel Coelho<\/strong><\/em><\/p>\n","protected":false},"excerpt":{"rendered":"<p>O Governo decidiu n\u00e3o adiar mais&#8230;<\/p>\n","protected":false},"author":15,"featured_media":26415,"comment_status":"closed","ping_status":"closed","sticky":false,"template":"","format":"standard","meta":{"footnotes":""},"categories":[37],"tags":[],"class_list":["post-26432","post","type-post","status-publish","format-standard","has-post-thumbnail","hentry","category-mercado"],"yoast_head":"<!-- This site is optimized with the Yoast SEO plugin v27.5 - https:\/\/yoast.com\/product\/yoast-seo-wordpress\/ -->\n<title>Faturas t\u00eam de ter C\u00f3digo QR j\u00e1 a partir de janeiro - Jornal das Oficinas<\/title>\n<meta name=\"robots\" content=\"index, follow, max-snippet:-1, max-image-preview:large, max-video-preview:-1\" \/>\n<link rel=\"canonical\" href=\"https:\/\/jornaldasoficinas.com\/pt\/faturas-tem-de-ter-codigo-qr-ja-a-partir-de-janeiro\/\" \/>\n<meta property=\"og:locale\" content=\"pt_PT\" \/>\n<meta property=\"og:type\" content=\"article\" \/>\n<meta property=\"og:title\" content=\"Faturas t\u00eam de ter C\u00f3digo QR j\u00e1 a partir de janeiro - Jornal das Oficinas\" \/>\n<meta property=\"og:description\" content=\"O Governo decidiu n\u00e3o adiar mais...\" \/>\n<meta property=\"og:url\" content=\"https:\/\/jornaldasoficinas.com\/pt\/faturas-tem-de-ter-codigo-qr-ja-a-partir-de-janeiro\/\" \/>\n<meta property=\"og:site_name\" content=\"Jornal das Oficinas\" \/>\n<meta property=\"article:publisher\" content=\"https:\/\/www.facebook.com\/jornaloficinas\" \/>\n<meta property=\"article:published_time\" content=\"2022-01-01T16:00:11+00:00\" \/>\n<meta property=\"og:image\" content=\"https:\/\/jornaldasoficinas.com\/pt\/wp-content\/uploads\/2022\/01\/Faturas-tem-de-ter.png\" \/>\n\t<meta property=\"og:image:width\" content=\"1024\" \/>\n\t<meta property=\"og:image:height\" content=\"581\" \/>\n\t<meta property=\"og:image:type\" content=\"image\/png\" \/>\n<meta name=\"author\" content=\"Reda\u00e7\u00e3o JO\" \/>\n<meta name=\"twitter:card\" content=\"summary_large_image\" \/>\n<meta name=\"twitter:creator\" content=\"@jornaloficinas\" \/>\n<meta name=\"twitter:site\" content=\"@jornaloficinas\" \/>\n<meta name=\"twitter:label1\" content=\"Escrito por\" \/>\n\t<meta name=\"twitter:data1\" content=\"Reda\u00e7\u00e3o JO\" \/>\n\t<meta name=\"twitter:label2\" content=\"Tempo estimado de leitura\" \/>\n\t<meta name=\"twitter:data2\" content=\"2 minutos\" \/>\n<script type=\"application\/ld+json\" class=\"yoast-schema-graph\">{\"@context\":\"https:\\\/\\\/schema.org\",\"@graph\":[{\"@type\":\"Article\",\"@id\":\"https:\\\/\\\/jornaldasoficinas.com\\\/pt\\\/faturas-tem-de-ter-codigo-qr-ja-a-partir-de-janeiro\\\/#article\",\"isPartOf\":{\"@id\":\"https:\\\/\\\/jornaldasoficinas.com\\\/pt\\\/faturas-tem-de-ter-codigo-qr-ja-a-partir-de-janeiro\\\/\"},\"author\":{\"name\":\"Reda\u00e7\u00e3o JO\",\"@id\":\"https:\\\/\\\/jornaldasoficinas.com\\\/pt\\\/#\\\/schema\\\/person\\\/a38eef5de2c41d9e7c9ac10141afddf3\"},\"headline\":\"Faturas t\u00eam de ter C\u00f3digo QR j\u00e1 a partir de janeiro\",\"datePublished\":\"2022-01-01T16:00:11+00:00\",\"mainEntityOfPage\":{\"@id\":\"https:\\\/\\\/jornaldasoficinas.com\\\/pt\\\/faturas-tem-de-ter-codigo-qr-ja-a-partir-de-janeiro\\\/\"},\"wordCount\":476,\"publisher\":{\"@id\":\"https:\\\/\\\/jornaldasoficinas.com\\\/pt\\\/#organization\"},\"image\":{\"@id\":\"https:\\\/\\\/jornaldasoficinas.com\\\/pt\\\/faturas-tem-de-ter-codigo-qr-ja-a-partir-de-janeiro\\\/#primaryimage\"},\"thumbnailUrl\":\"https:\\\/\\\/jornaldasoficinas.com\\\/pt\\\/wp-content\\\/uploads\\\/2022\\\/01\\\/Faturas-tem-de-ter.png\",\"articleSection\":[\"Mercado\"],\"inLanguage\":\"pt-PT\"},{\"@type\":\"WebPage\",\"@id\":\"https:\\\/\\\/jornaldasoficinas.com\\\/pt\\\/faturas-tem-de-ter-codigo-qr-ja-a-partir-de-janeiro\\\/\",\"url\":\"https:\\\/\\\/jornaldasoficinas.com\\\/pt\\\/faturas-tem-de-ter-codigo-qr-ja-a-partir-de-janeiro\\\/\",\"name\":\"Faturas t\u00eam de ter C\u00f3digo QR j\u00e1 a partir de janeiro - Jornal das Oficinas\",\"isPartOf\":{\"@id\":\"https:\\\/\\\/jornaldasoficinas.com\\\/pt\\\/#website\"},\"primaryImageOfPage\":{\"@id\":\"https:\\\/\\\/jornaldasoficinas.com\\\/pt\\\/faturas-tem-de-ter-codigo-qr-ja-a-partir-de-janeiro\\\/#primaryimage\"},\"image\":{\"@id\":\"https:\\\/\\\/jornaldasoficinas.com\\\/pt\\\/faturas-tem-de-ter-codigo-qr-ja-a-partir-de-janeiro\\\/#primaryimage\"},\"thumbnailUrl\":\"https:\\\/\\\/jornaldasoficinas.com\\\/pt\\\/wp-content\\\/uploads\\\/2022\\\/01\\\/Faturas-tem-de-ter.png\",\"datePublished\":\"2022-01-01T16:00:11+00:00\",\"breadcrumb\":{\"@id\":\"https:\\\/\\\/jornaldasoficinas.com\\\/pt\\\/faturas-tem-de-ter-codigo-qr-ja-a-partir-de-janeiro\\\/#breadcrumb\"},\"inLanguage\":\"pt-PT\",\"potentialAction\":[{\"@type\":\"ReadAction\",\"target\":[\"https:\\\/\\\/jornaldasoficinas.com\\\/pt\\\/faturas-tem-de-ter-codigo-qr-ja-a-partir-de-janeiro\\\/\"]}]},{\"@type\":\"ImageObject\",\"inLanguage\":\"pt-PT\",\"@id\":\"https:\\\/\\\/jornaldasoficinas.com\\\/pt\\\/faturas-tem-de-ter-codigo-qr-ja-a-partir-de-janeiro\\\/#primaryimage\",\"url\":\"https:\\\/\\\/jornaldasoficinas.com\\\/pt\\\/wp-content\\\/uploads\\\/2022\\\/01\\\/Faturas-tem-de-ter.png\",\"contentUrl\":\"https:\\\/\\\/jornaldasoficinas.com\\\/pt\\\/wp-content\\\/uploads\\\/2022\\\/01\\\/Faturas-tem-de-ter.png\",\"width\":1024,\"height\":581,\"caption\":\"01 - Faturas-tem-de-ter\"},{\"@type\":\"BreadcrumbList\",\"@id\":\"https:\\\/\\\/jornaldasoficinas.com\\\/pt\\\/faturas-tem-de-ter-codigo-qr-ja-a-partir-de-janeiro\\\/#breadcrumb\",\"itemListElement\":[{\"@type\":\"ListItem\",\"position\":1,\"name\":\"In\u00edcio\",\"item\":\"https:\\\/\\\/jornaldasoficinas.com\\\/pt\\\/\"},{\"@type\":\"ListItem\",\"position\":2,\"name\":\"Faturas t\u00eam de ter C\u00f3digo QR j\u00e1 a partir de janeiro\"}]},{\"@type\":\"WebSite\",\"@id\":\"https:\\\/\\\/jornaldasoficinas.com\\\/pt\\\/#website\",\"url\":\"https:\\\/\\\/jornaldasoficinas.com\\\/pt\\\/\",\"name\":\"Jornal das Oficinas\",\"description\":\"Jornal independente do Aftermarket Autom\u00f3vel em Portugal\",\"publisher\":{\"@id\":\"https:\\\/\\\/jornaldasoficinas.com\\\/pt\\\/#organization\"},\"potentialAction\":[{\"@type\":\"SearchAction\",\"target\":{\"@type\":\"EntryPoint\",\"urlTemplate\":\"https:\\\/\\\/jornaldasoficinas.com\\\/pt\\\/?s={search_term_string}\"},\"query-input\":{\"@type\":\"PropertyValueSpecification\",\"valueRequired\":true,\"valueName\":\"search_term_string\"}}],\"inLanguage\":\"pt-PT\"},{\"@type\":\"Organization\",\"@id\":\"https:\\\/\\\/jornaldasoficinas.com\\\/pt\\\/#organization\",\"name\":\"Jornal das Oficinas\",\"url\":\"https:\\\/\\\/jornaldasoficinas.com\\\/pt\\\/\",\"logo\":{\"@type\":\"ImageObject\",\"inLanguage\":\"pt-PT\",\"@id\":\"https:\\\/\\\/jornaldasoficinas.com\\\/pt\\\/#\\\/schema\\\/logo\\\/image\\\/\",\"url\":\"https:\\\/\\\/jornaldasoficinas.com\\\/pt\\\/wp-content\\\/uploads\\\/logoJO-SEO.png\",\"contentUrl\":\"https:\\\/\\\/jornaldasoficinas.com\\\/pt\\\/wp-content\\\/uploads\\\/logoJO-SEO.png\",\"width\":285,\"height\":450,\"caption\":\"Jornal das Oficinas\"},\"image\":{\"@id\":\"https:\\\/\\\/jornaldasoficinas.com\\\/pt\\\/#\\\/schema\\\/logo\\\/image\\\/\"},\"sameAs\":[\"https:\\\/\\\/www.facebook.com\\\/jornaloficinas\",\"https:\\\/\\\/x.com\\\/jornaloficinas\",\"https:\\\/\\\/www.instagram.com\\\/jornal_oficinas\\\/\",\"https:\\\/\\\/www.linkedin.com\\\/company\\\/jornal-das-oficinas\\\/\",\"https:\\\/\\\/www.youtube.com\\\/channel\\\/UCbQZBqtcvV-oSQrr7RzINGg\"]},{\"@type\":\"Person\",\"@id\":\"https:\\\/\\\/jornaldasoficinas.com\\\/pt\\\/#\\\/schema\\\/person\\\/a38eef5de2c41d9e7c9ac10141afddf3\",\"name\":\"Reda\u00e7\u00e3o JO\",\"image\":{\"@type\":\"ImageObject\",\"inLanguage\":\"pt-PT\",\"@id\":\"https:\\\/\\\/secure.gravatar.com\\\/avatar\\\/71f2fa71737ad68a84fea94bc708ddac8ea5b0c4788dc2ad202f3ccb2887742f?s=96&d=wp_user_avatar&r=g\",\"url\":\"https:\\\/\\\/secure.gravatar.com\\\/avatar\\\/71f2fa71737ad68a84fea94bc708ddac8ea5b0c4788dc2ad202f3ccb2887742f?s=96&d=wp_user_avatar&r=g\",\"contentUrl\":\"https:\\\/\\\/secure.gravatar.com\\\/avatar\\\/71f2fa71737ad68a84fea94bc708ddac8ea5b0c4788dc2ad202f3ccb2887742f?s=96&d=wp_user_avatar&r=g\",\"caption\":\"Reda\u00e7\u00e3o JO\"},\"url\":\"https:\\\/\\\/jornaldasoficinas.com\\\/pt\\\/author\\\/joredacao\\\/\"}]}<\/script>\n<!-- \/ Yoast SEO plugin. -->","yoast_head_json":{"title":"Faturas t\u00eam de ter C\u00f3digo QR j\u00e1 a partir de janeiro - Jornal das Oficinas","robots":{"index":"index","follow":"follow","max-snippet":"max-snippet:-1","max-image-preview":"max-image-preview:large","max-video-preview":"max-video-preview:-1"},"canonical":"https:\/\/jornaldasoficinas.com\/pt\/faturas-tem-de-ter-codigo-qr-ja-a-partir-de-janeiro\/","og_locale":"pt_PT","og_type":"article","og_title":"Faturas t\u00eam de ter C\u00f3digo QR j\u00e1 a partir de janeiro - Jornal das Oficinas","og_description":"O Governo decidiu n\u00e3o adiar mais...","og_url":"https:\/\/jornaldasoficinas.com\/pt\/faturas-tem-de-ter-codigo-qr-ja-a-partir-de-janeiro\/","og_site_name":"Jornal das Oficinas","article_publisher":"https:\/\/www.facebook.com\/jornaloficinas","article_published_time":"2022-01-01T16:00:11+00:00","og_image":[{"width":1024,"height":581,"url":"https:\/\/jornaldasoficinas.com\/pt\/wp-content\/uploads\/2022\/01\/Faturas-tem-de-ter.png","type":"image\/png"}],"author":"Reda\u00e7\u00e3o JO","twitter_card":"summary_large_image","twitter_creator":"@jornaloficinas","twitter_site":"@jornaloficinas","twitter_misc":{"Escrito por":"Reda\u00e7\u00e3o JO","Tempo estimado de leitura":"2 minutos"},"schema":{"@context":"https:\/\/schema.org","@graph":[{"@type":"Article","@id":"https:\/\/jornaldasoficinas.com\/pt\/faturas-tem-de-ter-codigo-qr-ja-a-partir-de-janeiro\/#article","isPartOf":{"@id":"https:\/\/jornaldasoficinas.com\/pt\/faturas-tem-de-ter-codigo-qr-ja-a-partir-de-janeiro\/"},"author":{"name":"Reda\u00e7\u00e3o JO","@id":"https:\/\/jornaldasoficinas.com\/pt\/#\/schema\/person\/a38eef5de2c41d9e7c9ac10141afddf3"},"headline":"Faturas t\u00eam de ter C\u00f3digo QR j\u00e1 a partir de janeiro","datePublished":"2022-01-01T16:00:11+00:00","mainEntityOfPage":{"@id":"https:\/\/jornaldasoficinas.com\/pt\/faturas-tem-de-ter-codigo-qr-ja-a-partir-de-janeiro\/"},"wordCount":476,"publisher":{"@id":"https:\/\/jornaldasoficinas.com\/pt\/#organization"},"image":{"@id":"https:\/\/jornaldasoficinas.com\/pt\/faturas-tem-de-ter-codigo-qr-ja-a-partir-de-janeiro\/#primaryimage"},"thumbnailUrl":"https:\/\/jornaldasoficinas.com\/pt\/wp-content\/uploads\/2022\/01\/Faturas-tem-de-ter.png","articleSection":["Mercado"],"inLanguage":"pt-PT"},{"@type":"WebPage","@id":"https:\/\/jornaldasoficinas.com\/pt\/faturas-tem-de-ter-codigo-qr-ja-a-partir-de-janeiro\/","url":"https:\/\/jornaldasoficinas.com\/pt\/faturas-tem-de-ter-codigo-qr-ja-a-partir-de-janeiro\/","name":"Faturas t\u00eam de ter C\u00f3digo QR j\u00e1 a partir de janeiro - Jornal das Oficinas","isPartOf":{"@id":"https:\/\/jornaldasoficinas.com\/pt\/#website"},"primaryImageOfPage":{"@id":"https:\/\/jornaldasoficinas.com\/pt\/faturas-tem-de-ter-codigo-qr-ja-a-partir-de-janeiro\/#primaryimage"},"image":{"@id":"https:\/\/jornaldasoficinas.com\/pt\/faturas-tem-de-ter-codigo-qr-ja-a-partir-de-janeiro\/#primaryimage"},"thumbnailUrl":"https:\/\/jornaldasoficinas.com\/pt\/wp-content\/uploads\/2022\/01\/Faturas-tem-de-ter.png","datePublished":"2022-01-01T16:00:11+00:00","breadcrumb":{"@id":"https:\/\/jornaldasoficinas.com\/pt\/faturas-tem-de-ter-codigo-qr-ja-a-partir-de-janeiro\/#breadcrumb"},"inLanguage":"pt-PT","potentialAction":[{"@type":"ReadAction","target":["https:\/\/jornaldasoficinas.com\/pt\/faturas-tem-de-ter-codigo-qr-ja-a-partir-de-janeiro\/"]}]},{"@type":"ImageObject","inLanguage":"pt-PT","@id":"https:\/\/jornaldasoficinas.com\/pt\/faturas-tem-de-ter-codigo-qr-ja-a-partir-de-janeiro\/#primaryimage","url":"https:\/\/jornaldasoficinas.com\/pt\/wp-content\/uploads\/2022\/01\/Faturas-tem-de-ter.png","contentUrl":"https:\/\/jornaldasoficinas.com\/pt\/wp-content\/uploads\/2022\/01\/Faturas-tem-de-ter.png","width":1024,"height":581,"caption":"01 - Faturas-tem-de-ter"},{"@type":"BreadcrumbList","@id":"https:\/\/jornaldasoficinas.com\/pt\/faturas-tem-de-ter-codigo-qr-ja-a-partir-de-janeiro\/#breadcrumb","itemListElement":[{"@type":"ListItem","position":1,"name":"In\u00edcio","item":"https:\/\/jornaldasoficinas.com\/pt\/"},{"@type":"ListItem","position":2,"name":"Faturas t\u00eam de ter C\u00f3digo QR j\u00e1 a partir de janeiro"}]},{"@type":"WebSite","@id":"https:\/\/jornaldasoficinas.com\/pt\/#website","url":"https:\/\/jornaldasoficinas.com\/pt\/","name":"Jornal das Oficinas","description":"Jornal independente do Aftermarket Autom\u00f3vel em Portugal","publisher":{"@id":"https:\/\/jornaldasoficinas.com\/pt\/#organization"},"potentialAction":[{"@type":"SearchAction","target":{"@type":"EntryPoint","urlTemplate":"https:\/\/jornaldasoficinas.com\/pt\/?s={search_term_string}"},"query-input":{"@type":"PropertyValueSpecification","valueRequired":true,"valueName":"search_term_string"}}],"inLanguage":"pt-PT"},{"@type":"Organization","@id":"https:\/\/jornaldasoficinas.com\/pt\/#organization","name":"Jornal das Oficinas","url":"https:\/\/jornaldasoficinas.com\/pt\/","logo":{"@type":"ImageObject","inLanguage":"pt-PT","@id":"https:\/\/jornaldasoficinas.com\/pt\/#\/schema\/logo\/image\/","url":"https:\/\/jornaldasoficinas.com\/pt\/wp-content\/uploads\/logoJO-SEO.png","contentUrl":"https:\/\/jornaldasoficinas.com\/pt\/wp-content\/uploads\/logoJO-SEO.png","width":285,"height":450,"caption":"Jornal das Oficinas"},"image":{"@id":"https:\/\/jornaldasoficinas.com\/pt\/#\/schema\/logo\/image\/"},"sameAs":["https:\/\/www.facebook.com\/jornaloficinas","https:\/\/x.com\/jornaloficinas","https:\/\/www.instagram.com\/jornal_oficinas\/","https:\/\/www.linkedin.com\/company\/jornal-das-oficinas\/","https:\/\/www.youtube.com\/channel\/UCbQZBqtcvV-oSQrr7RzINGg"]},{"@type":"Person","@id":"https:\/\/jornaldasoficinas.com\/pt\/#\/schema\/person\/a38eef5de2c41d9e7c9ac10141afddf3","name":"Reda\u00e7\u00e3o JO","image":{"@type":"ImageObject","inLanguage":"pt-PT","@id":"https:\/\/secure.gravatar.com\/avatar\/71f2fa71737ad68a84fea94bc708ddac8ea5b0c4788dc2ad202f3ccb2887742f?s=96&d=wp_user_avatar&r=g","url":"https:\/\/secure.gravatar.com\/avatar\/71f2fa71737ad68a84fea94bc708ddac8ea5b0c4788dc2ad202f3ccb2887742f?s=96&d=wp_user_avatar&r=g","contentUrl":"https:\/\/secure.gravatar.com\/avatar\/71f2fa71737ad68a84fea94bc708ddac8ea5b0c4788dc2ad202f3ccb2887742f?s=96&d=wp_user_avatar&r=g","caption":"Reda\u00e7\u00e3o JO"},"url":"https:\/\/jornaldasoficinas.com\/pt\/author\/joredacao\/"}]}},"_links":{"self":[{"href":"https:\/\/jornaldasoficinas.com\/pt\/wp-json\/wp\/v2\/posts\/26432","targetHints":{"allow":["GET"]}}],"collection":[{"href":"https:\/\/jornaldasoficinas.com\/pt\/wp-json\/wp\/v2\/posts"}],"about":[{"href":"https:\/\/jornaldasoficinas.com\/pt\/wp-json\/wp\/v2\/types\/post"}],"author":[{"embeddable":true,"href":"https:\/\/jornaldasoficinas.com\/pt\/wp-json\/wp\/v2\/users\/15"}],"replies":[{"embeddable":true,"href":"https:\/\/jornaldasoficinas.com\/pt\/wp-json\/wp\/v2\/comments?post=26432"}],"version-history":[{"count":0,"href":"https:\/\/jornaldasoficinas.com\/pt\/wp-json\/wp\/v2\/posts\/26432\/revisions"}],"wp:featuredmedia":[{"embeddable":true,"href":"https:\/\/jornaldasoficinas.com\/pt\/wp-json\/wp\/v2\/media\/26415"}],"wp:attachment":[{"href":"https:\/\/jornaldasoficinas.com\/pt\/wp-json\/wp\/v2\/media?parent=26432"}],"wp:term":[{"taxonomy":"category","embeddable":true,"href":"https:\/\/jornaldasoficinas.com\/pt\/wp-json\/wp\/v2\/categories?post=26432"},{"taxonomy":"post_tag","embeddable":true,"href":"https:\/\/jornaldasoficinas.com\/pt\/wp-json\/wp\/v2\/tags?post=26432"}],"curies":[{"name":"wp","href":"https:\/\/api.w.org\/{rel}","templated":true}]}}