{"id":26438,"date":"2022-01-01T18:00:17","date_gmt":"2022-01-01T18:00:17","guid":{"rendered":"https:\/\/jornaldasoficinas.com\/pt\/?p=26438"},"modified":"2022-01-01T10:11:06","modified_gmt":"2022-01-01T10:11:06","slug":"2022-traz-novas-regras-no-teletrabalho","status":"publish","type":"post","link":"https:\/\/jornaldasoficinas.com\/pt\/2022-traz-novas-regras-no-teletrabalho\/","title":{"rendered":"2022 traz novas regras no teletrabalho"},"content":{"rendered":"<p><strong><img loading=\"lazy\" decoding=\"async\" class=\"alignnone size-full wp-image-26413\" src=\"https:\/\/jornaldasoficinas.com\/pt\/wp-content\/uploads\/2022\/01\/2022-traz-novas.png\" alt=\"01 - 2022-traz-novas\" width=\"1024\" height=\"581\" srcset=\"https:\/\/jornaldasoficinas.com\/pt\/wp-content\/uploads\/2022\/01\/2022-traz-novas.png 1024w, https:\/\/jornaldasoficinas.com\/pt\/wp-content\/uploads\/2022\/01\/2022-traz-novas-300x170.png 300w, https:\/\/jornaldasoficinas.com\/pt\/wp-content\/uploads\/2022\/01\/2022-traz-novas-150x85.png 150w, https:\/\/jornaldasoficinas.com\/pt\/wp-content\/uploads\/2022\/01\/2022-traz-novas-768x436.png 768w\" sizes=\"auto, (max-width: 1024px) 100vw, 1024px\" \/><\/strong><\/p>\n<p><strong>A mais recente legisla\u00e7\u00e3o para o regime de teletrabalho entra em vigor a 1 de janeiro de 2022. Al\u00e9m da obrigatoriedade implementada para o per\u00edodo p\u00f3s festas \u2014 que come\u00e7a \u00e0s 00h00 de 25 de dezembro e se prolonga at\u00e9 9 de janeiro \u2014 existem novos detalhes que deve conhecer e estar alerta. Escrevemos este artigo para que n\u00e3o se perca nas novidades<\/strong><\/p>\n<p>Comecemos pelo princ\u00edpio, como mandam as mais b\u00e1sicas normas da narrativa cl\u00e1ssica: entre os dias <a href=\"https:\/\/www.jornaldenegocios.pt\/economia\/emprego\/detalhe\/teletrabalho-sera-obrigatorio-a-partir-de-25-de-dezembro\" target=\"_blank\" rel=\"noopener\">25 de dezembro e 9 de janeiro de 2022<\/a> o teletrabalho \u00e9 obrigat\u00f3rio. Trata-se de uma delibera\u00e7\u00e3o do Governo e n\u00e3o de um consenso por parte das empresas. Em suma, durante este per\u00edodo, n\u00e3o existe plano B: desde que a sua atividade profissional assim o permita, \u00e9 em casa que deve trabalhar.<\/p>\n<p>Por\u00e9m, em cima desta delibera\u00e7\u00e3o do Executivo \u2014 e doravante \u2014 novas regras erguem-se neste contexto laboral em que o teletrabalho \u00e9, por for\u00e7a da pandemia, o novo normal. A 6 de dezembro foi publicada em Di\u00e1rio da Rep\u00fablica a <a href=\"https:\/\/dre.pt\/dre\/detalhe\/lei\/83-2021-175397114\" target=\"_blank\" rel=\"noopener\">lei n\u00ba 83\/2021<\/a>, que vem alterar algumas normas com base nas propostas dos partidos, aprovadas no parlamento. Vejamos quais s\u00e3o.<\/p>\n<p><strong>Teletrabalho em 2022: o que muda, verdadeiramente?<br \/>\n<\/strong>Em primeira inst\u00e2ncia \u00e9 importante referir que o regime de <a href=\"https:\/\/invoicexpress.com\/blog\/guia-sobrevivencia-empresas-teletrabalho-facturacao-online\" target=\"_blank\" rel=\"noopener\">teletrabalho<\/a> depende sempre de um acordo escrito. Este pode constar no contrato de trabalho inicial ou ser aut\u00f3nomo. Neste acordo entre partes, deve, ent\u00e3o, ficar definido um regime de perman\u00eancia total ou apenas parcial \u2014 com per\u00edodos de trabalho presencial.<\/p>\n<p>Tamb\u00e9m \u00e9 relevante esclarecer os diferentes pontos de vista no que diz respeito \u00e0 proposta de acordo de teletrabalho: se esta partir do empregador, a recusa do trabalhador dispensa fundamenta\u00e7\u00e3o e tamb\u00e9m n\u00e3o pode ser motivo de despedimento ou de qualquer outra san\u00e7\u00e3o.<\/p>\n<p>Em sentido contr\u00e1rio, segundo o diploma, se a proposta for endere\u00e7ada pelo trabalhador apenas pode ser recusada pelo empregador por escrito e com indica\u00e7\u00e3o do fundamento da recusa.<\/p>\n<p>Este acordo tem igualmente duas vertentes: dura\u00e7\u00e3o determinada ou indeterminada. Nesta \u00faltima, qualquer das partes pode faz\u00ea-lo cessar mediante comunica\u00e7\u00e3o por escrito, produzindo efeitos no 60\u00ba dia posterior \u00e0 sua reda\u00e7\u00e3o, retomando, depois, o regime presencial normal, sem preju\u00edzo de quaisquer direitos para o trabalhador.<\/p>\n<p>Nos casos em que o acordo do regime de teletrabalho for determinado, este n\u00e3o poder\u00e1 exceder os seis meses de dura\u00e7\u00e3o, sendo que a sua renova\u00e7\u00e3o \u00e9 autom\u00e1tica por iguais per\u00edodos caso nenhuma das partes \u2014 empregador e trabalhador \u2014 declarar, por escrito, at\u00e9 15 dias antes do seu t\u00e9rmino, que n\u00e3o pretende a renova\u00e7\u00e3o daquele sistema de colabora\u00e7\u00e3o.<\/p>\n<p><strong>Teletrabalho para pais com filhos at\u00e9 aos 8 anos<br \/>\n<\/strong>A altera\u00e7\u00e3o mais medi\u00e1tica, chamemos-lhe assim, tem que ver com o alargamento do teletrabalho para pais com filhos at\u00e9 aos 8 anos \u2014 antes, era apenas at\u00e9 aos 3. Esta mudan\u00e7a, sublinhe-se, n\u00e3o necessita de acordo com o empregador desde que seja exercido por ambos os progenitores em per\u00edodos sucessivos de igual dura\u00e7\u00e3o at\u00e9 a um m\u00e1ximo de 12 meses.<\/p>\n<p>Ainda sobre esta medida, mais dois detalhes: exclui os trabalhadores das microempresas\u00a0 \u2014 com menos de 10 funcion\u00e1rios \u2014 e abrange as fam\u00edlias monoparentais ou situa\u00e7\u00f5es em que apenas um dos progenitores, de forma comprovada, re\u00fana condi\u00e7\u00f5es para o exerc\u00edcio da atividade em regime de teletrabalho.<\/p>\n<p><strong>\u00a0<\/strong><strong>Luz e Internet? Sim, contam como despesas<br \/>\n<\/strong>Abordamos agora as despesas adicionais do teletrabalho, tema at\u00e9 \u00e0 data ausente do texto inscrito em Di\u00e1rio da Rep\u00fablica, embora a sua discuss\u00e3o viesse a ganhar cada vez mais eco.<\/p>\n<p>Assim, a nova legisla\u00e7\u00e3o explica que os empregadores est\u00e3o obrigados a custear as despesas adicionais a que este regime obriga: os acr\u00e9scimos nos custos energ\u00e9ticos e de Internet\u00a0 \u2014 que deve ter uma velocidade compat\u00edvel com as necessidades laborais \u2014 est\u00e3o, portanto, abrangidos a partir do dia 1 de janeiro de 2022.<\/p>\n<p>Nota ainda para o facto de estas despesas serem consideradas, para efeitos fiscais, custos para as empresas.<\/p>\n<p><strong>Proibidos contactos fora de horas. Mas h\u00e1 exce\u00e7\u00f5es.<br \/>\n<\/strong>\u00c9 outra das novidades do texto que, a partir de agora, rege as normas do teletrabalho. Citando a lei, \u201co empregador tem o dever de se abster de contactar o trabalhador durante o per\u00edodo de descanso\u201d, estando apenas previstas exce\u00e7\u00f5es que os legisladores identificam como \u201csitua\u00e7\u00f5es de for\u00e7a maior\u201d. Importante lembrar que a viola\u00e7\u00e3o deste ponto significa uma contraordena\u00e7\u00e3o grave.<\/p>\n<p>Por outro lado, e para diminuir o isolamento do trabalhador, os empregadores dever\u00e3o promover contactos presenciais entre as chefias e os que estejam em regime de teletrabalho com intervalos n\u00e3o superiores a dois meses.<\/p>\n<p>Uma medida que \u00e9, digamos, positiva de forma a <a href=\"https:\/\/invoicexpress.com\/blog\/dicas-melhorar-cultura-empresarial-teletrabalho\" target=\"_blank\" rel=\"noopener\">n\u00e3o suprimir la\u00e7os e rotinas<\/a> que qualquer empresa, da maior \u00e0 mais pequena, necessita entre os seus recursos humanos.<\/p>\n<p>Agora que j\u00e1 sabe tudo o que precisa sobre o novo regime do teletrabalho, pode come\u00e7ar a organizar a sua empresa para o que a\u00ed vem \u2014 que n\u00e3o \u00e9 pouco!<\/p>\n<p>Para mais informa\u00e7\u00e3o clique <a href=\"https:\/\/invoicexpress.com\/\" target=\"_blank\" rel=\"noopener\"><strong>aqui<\/strong><\/a><\/p>\n<p><em><strong>Por <\/strong><strong>\u00c2ngelo Delgado<\/strong><\/em><\/p>\n","protected":false},"excerpt":{"rendered":"<p>A mais recente legisla\u00e7\u00e3o para o&#8230;<\/p>\n","protected":false},"author":15,"featured_media":26413,"comment_status":"closed","ping_status":"closed","sticky":false,"template":"","format":"standard","meta":{"footnotes":""},"categories":[37],"tags":[],"class_list":["post-26438","post","type-post","status-publish","format-standard","has-post-thumbnail","hentry","category-mercado"],"yoast_head":"<!-- This site is optimized with the Yoast SEO plugin v27.5 - https:\/\/yoast.com\/product\/yoast-seo-wordpress\/ -->\n<title>2022 traz novas regras no teletrabalho - Jornal das Oficinas<\/title>\n<meta name=\"robots\" content=\"index, follow, max-snippet:-1, max-image-preview:large, max-video-preview:-1\" \/>\n<link rel=\"canonical\" href=\"https:\/\/jornaldasoficinas.com\/pt\/2022-traz-novas-regras-no-teletrabalho\/\" \/>\n<meta property=\"og:locale\" content=\"pt_PT\" \/>\n<meta property=\"og:type\" content=\"article\" \/>\n<meta property=\"og:title\" content=\"2022 traz novas regras no teletrabalho - Jornal das Oficinas\" \/>\n<meta property=\"og:description\" content=\"A mais recente legisla\u00e7\u00e3o para o...\" \/>\n<meta property=\"og:url\" content=\"https:\/\/jornaldasoficinas.com\/pt\/2022-traz-novas-regras-no-teletrabalho\/\" \/>\n<meta property=\"og:site_name\" content=\"Jornal das Oficinas\" \/>\n<meta property=\"article:publisher\" content=\"https:\/\/www.facebook.com\/jornaloficinas\" \/>\n<meta property=\"article:published_time\" content=\"2022-01-01T18:00:17+00:00\" \/>\n<meta property=\"og:image\" content=\"https:\/\/jornaldasoficinas.com\/pt\/wp-content\/uploads\/2022\/01\/2022-traz-novas.png\" \/>\n\t<meta property=\"og:image:width\" content=\"1024\" \/>\n\t<meta property=\"og:image:height\" content=\"581\" \/>\n\t<meta property=\"og:image:type\" content=\"image\/png\" \/>\n<meta name=\"author\" content=\"Reda\u00e7\u00e3o JO\" \/>\n<meta name=\"twitter:card\" content=\"summary_large_image\" \/>\n<meta name=\"twitter:creator\" content=\"@jornaloficinas\" \/>\n<meta name=\"twitter:site\" content=\"@jornaloficinas\" \/>\n<meta name=\"twitter:label1\" content=\"Escrito por\" \/>\n\t<meta name=\"twitter:data1\" content=\"Reda\u00e7\u00e3o JO\" \/>\n\t<meta name=\"twitter:label2\" content=\"Tempo estimado de leitura\" \/>\n\t<meta name=\"twitter:data2\" content=\"4 minutos\" \/>\n<script type=\"application\/ld+json\" class=\"yoast-schema-graph\">{\"@context\":\"https:\\\/\\\/schema.org\",\"@graph\":[{\"@type\":\"Article\",\"@id\":\"https:\\\/\\\/jornaldasoficinas.com\\\/pt\\\/2022-traz-novas-regras-no-teletrabalho\\\/#article\",\"isPartOf\":{\"@id\":\"https:\\\/\\\/jornaldasoficinas.com\\\/pt\\\/2022-traz-novas-regras-no-teletrabalho\\\/\"},\"author\":{\"name\":\"Reda\u00e7\u00e3o JO\",\"@id\":\"https:\\\/\\\/jornaldasoficinas.com\\\/pt\\\/#\\\/schema\\\/person\\\/a38eef5de2c41d9e7c9ac10141afddf3\"},\"headline\":\"2022 traz novas regras no teletrabalho\",\"datePublished\":\"2022-01-01T18:00:17+00:00\",\"mainEntityOfPage\":{\"@id\":\"https:\\\/\\\/jornaldasoficinas.com\\\/pt\\\/2022-traz-novas-regras-no-teletrabalho\\\/\"},\"wordCount\":855,\"publisher\":{\"@id\":\"https:\\\/\\\/jornaldasoficinas.com\\\/pt\\\/#organization\"},\"image\":{\"@id\":\"https:\\\/\\\/jornaldasoficinas.com\\\/pt\\\/2022-traz-novas-regras-no-teletrabalho\\\/#primaryimage\"},\"thumbnailUrl\":\"https:\\\/\\\/jornaldasoficinas.com\\\/pt\\\/wp-content\\\/uploads\\\/2022\\\/01\\\/2022-traz-novas.png\",\"articleSection\":[\"Mercado\"],\"inLanguage\":\"pt-PT\"},{\"@type\":\"WebPage\",\"@id\":\"https:\\\/\\\/jornaldasoficinas.com\\\/pt\\\/2022-traz-novas-regras-no-teletrabalho\\\/\",\"url\":\"https:\\\/\\\/jornaldasoficinas.com\\\/pt\\\/2022-traz-novas-regras-no-teletrabalho\\\/\",\"name\":\"2022 traz novas regras no teletrabalho - Jornal das Oficinas\",\"isPartOf\":{\"@id\":\"https:\\\/\\\/jornaldasoficinas.com\\\/pt\\\/#website\"},\"primaryImageOfPage\":{\"@id\":\"https:\\\/\\\/jornaldasoficinas.com\\\/pt\\\/2022-traz-novas-regras-no-teletrabalho\\\/#primaryimage\"},\"image\":{\"@id\":\"https:\\\/\\\/jornaldasoficinas.com\\\/pt\\\/2022-traz-novas-regras-no-teletrabalho\\\/#primaryimage\"},\"thumbnailUrl\":\"https:\\\/\\\/jornaldasoficinas.com\\\/pt\\\/wp-content\\\/uploads\\\/2022\\\/01\\\/2022-traz-novas.png\",\"datePublished\":\"2022-01-01T18:00:17+00:00\",\"breadcrumb\":{\"@id\":\"https:\\\/\\\/jornaldasoficinas.com\\\/pt\\\/2022-traz-novas-regras-no-teletrabalho\\\/#breadcrumb\"},\"inLanguage\":\"pt-PT\",\"potentialAction\":[{\"@type\":\"ReadAction\",\"target\":[\"https:\\\/\\\/jornaldasoficinas.com\\\/pt\\\/2022-traz-novas-regras-no-teletrabalho\\\/\"]}]},{\"@type\":\"ImageObject\",\"inLanguage\":\"pt-PT\",\"@id\":\"https:\\\/\\\/jornaldasoficinas.com\\\/pt\\\/2022-traz-novas-regras-no-teletrabalho\\\/#primaryimage\",\"url\":\"https:\\\/\\\/jornaldasoficinas.com\\\/pt\\\/wp-content\\\/uploads\\\/2022\\\/01\\\/2022-traz-novas.png\",\"contentUrl\":\"https:\\\/\\\/jornaldasoficinas.com\\\/pt\\\/wp-content\\\/uploads\\\/2022\\\/01\\\/2022-traz-novas.png\",\"width\":1024,\"height\":581,\"caption\":\"01 - 2022-traz-novas\"},{\"@type\":\"BreadcrumbList\",\"@id\":\"https:\\\/\\\/jornaldasoficinas.com\\\/pt\\\/2022-traz-novas-regras-no-teletrabalho\\\/#breadcrumb\",\"itemListElement\":[{\"@type\":\"ListItem\",\"position\":1,\"name\":\"In\u00edcio\",\"item\":\"https:\\\/\\\/jornaldasoficinas.com\\\/pt\\\/\"},{\"@type\":\"ListItem\",\"position\":2,\"name\":\"2022 traz novas regras no teletrabalho\"}]},{\"@type\":\"WebSite\",\"@id\":\"https:\\\/\\\/jornaldasoficinas.com\\\/pt\\\/#website\",\"url\":\"https:\\\/\\\/jornaldasoficinas.com\\\/pt\\\/\",\"name\":\"Jornal das Oficinas\",\"description\":\"Jornal independente do Aftermarket Autom\u00f3vel em Portugal\",\"publisher\":{\"@id\":\"https:\\\/\\\/jornaldasoficinas.com\\\/pt\\\/#organization\"},\"potentialAction\":[{\"@type\":\"SearchAction\",\"target\":{\"@type\":\"EntryPoint\",\"urlTemplate\":\"https:\\\/\\\/jornaldasoficinas.com\\\/pt\\\/?s={search_term_string}\"},\"query-input\":{\"@type\":\"PropertyValueSpecification\",\"valueRequired\":true,\"valueName\":\"search_term_string\"}}],\"inLanguage\":\"pt-PT\"},{\"@type\":\"Organization\",\"@id\":\"https:\\\/\\\/jornaldasoficinas.com\\\/pt\\\/#organization\",\"name\":\"Jornal das Oficinas\",\"url\":\"https:\\\/\\\/jornaldasoficinas.com\\\/pt\\\/\",\"logo\":{\"@type\":\"ImageObject\",\"inLanguage\":\"pt-PT\",\"@id\":\"https:\\\/\\\/jornaldasoficinas.com\\\/pt\\\/#\\\/schema\\\/logo\\\/image\\\/\",\"url\":\"https:\\\/\\\/jornaldasoficinas.com\\\/pt\\\/wp-content\\\/uploads\\\/logoJO-SEO.png\",\"contentUrl\":\"https:\\\/\\\/jornaldasoficinas.com\\\/pt\\\/wp-content\\\/uploads\\\/logoJO-SEO.png\",\"width\":285,\"height\":450,\"caption\":\"Jornal das Oficinas\"},\"image\":{\"@id\":\"https:\\\/\\\/jornaldasoficinas.com\\\/pt\\\/#\\\/schema\\\/logo\\\/image\\\/\"},\"sameAs\":[\"https:\\\/\\\/www.facebook.com\\\/jornaloficinas\",\"https:\\\/\\\/x.com\\\/jornaloficinas\",\"https:\\\/\\\/www.instagram.com\\\/jornal_oficinas\\\/\",\"https:\\\/\\\/www.linkedin.com\\\/company\\\/jornal-das-oficinas\\\/\",\"https:\\\/\\\/www.youtube.com\\\/channel\\\/UCbQZBqtcvV-oSQrr7RzINGg\"]},{\"@type\":\"Person\",\"@id\":\"https:\\\/\\\/jornaldasoficinas.com\\\/pt\\\/#\\\/schema\\\/person\\\/a38eef5de2c41d9e7c9ac10141afddf3\",\"name\":\"Reda\u00e7\u00e3o JO\",\"image\":{\"@type\":\"ImageObject\",\"inLanguage\":\"pt-PT\",\"@id\":\"https:\\\/\\\/secure.gravatar.com\\\/avatar\\\/71f2fa71737ad68a84fea94bc708ddac8ea5b0c4788dc2ad202f3ccb2887742f?s=96&d=wp_user_avatar&r=g\",\"url\":\"https:\\\/\\\/secure.gravatar.com\\\/avatar\\\/71f2fa71737ad68a84fea94bc708ddac8ea5b0c4788dc2ad202f3ccb2887742f?s=96&d=wp_user_avatar&r=g\",\"contentUrl\":\"https:\\\/\\\/secure.gravatar.com\\\/avatar\\\/71f2fa71737ad68a84fea94bc708ddac8ea5b0c4788dc2ad202f3ccb2887742f?s=96&d=wp_user_avatar&r=g\",\"caption\":\"Reda\u00e7\u00e3o JO\"},\"url\":\"https:\\\/\\\/jornaldasoficinas.com\\\/pt\\\/author\\\/joredacao\\\/\"}]}<\/script>\n<!-- \/ Yoast SEO plugin. -->","yoast_head_json":{"title":"2022 traz novas regras no teletrabalho - Jornal das Oficinas","robots":{"index":"index","follow":"follow","max-snippet":"max-snippet:-1","max-image-preview":"max-image-preview:large","max-video-preview":"max-video-preview:-1"},"canonical":"https:\/\/jornaldasoficinas.com\/pt\/2022-traz-novas-regras-no-teletrabalho\/","og_locale":"pt_PT","og_type":"article","og_title":"2022 traz novas regras no teletrabalho - Jornal das Oficinas","og_description":"A mais recente legisla\u00e7\u00e3o para o...","og_url":"https:\/\/jornaldasoficinas.com\/pt\/2022-traz-novas-regras-no-teletrabalho\/","og_site_name":"Jornal das Oficinas","article_publisher":"https:\/\/www.facebook.com\/jornaloficinas","article_published_time":"2022-01-01T18:00:17+00:00","og_image":[{"width":1024,"height":581,"url":"https:\/\/jornaldasoficinas.com\/pt\/wp-content\/uploads\/2022\/01\/2022-traz-novas.png","type":"image\/png"}],"author":"Reda\u00e7\u00e3o JO","twitter_card":"summary_large_image","twitter_creator":"@jornaloficinas","twitter_site":"@jornaloficinas","twitter_misc":{"Escrito por":"Reda\u00e7\u00e3o JO","Tempo estimado de leitura":"4 minutos"},"schema":{"@context":"https:\/\/schema.org","@graph":[{"@type":"Article","@id":"https:\/\/jornaldasoficinas.com\/pt\/2022-traz-novas-regras-no-teletrabalho\/#article","isPartOf":{"@id":"https:\/\/jornaldasoficinas.com\/pt\/2022-traz-novas-regras-no-teletrabalho\/"},"author":{"name":"Reda\u00e7\u00e3o JO","@id":"https:\/\/jornaldasoficinas.com\/pt\/#\/schema\/person\/a38eef5de2c41d9e7c9ac10141afddf3"},"headline":"2022 traz novas regras no teletrabalho","datePublished":"2022-01-01T18:00:17+00:00","mainEntityOfPage":{"@id":"https:\/\/jornaldasoficinas.com\/pt\/2022-traz-novas-regras-no-teletrabalho\/"},"wordCount":855,"publisher":{"@id":"https:\/\/jornaldasoficinas.com\/pt\/#organization"},"image":{"@id":"https:\/\/jornaldasoficinas.com\/pt\/2022-traz-novas-regras-no-teletrabalho\/#primaryimage"},"thumbnailUrl":"https:\/\/jornaldasoficinas.com\/pt\/wp-content\/uploads\/2022\/01\/2022-traz-novas.png","articleSection":["Mercado"],"inLanguage":"pt-PT"},{"@type":"WebPage","@id":"https:\/\/jornaldasoficinas.com\/pt\/2022-traz-novas-regras-no-teletrabalho\/","url":"https:\/\/jornaldasoficinas.com\/pt\/2022-traz-novas-regras-no-teletrabalho\/","name":"2022 traz novas regras no teletrabalho - Jornal das Oficinas","isPartOf":{"@id":"https:\/\/jornaldasoficinas.com\/pt\/#website"},"primaryImageOfPage":{"@id":"https:\/\/jornaldasoficinas.com\/pt\/2022-traz-novas-regras-no-teletrabalho\/#primaryimage"},"image":{"@id":"https:\/\/jornaldasoficinas.com\/pt\/2022-traz-novas-regras-no-teletrabalho\/#primaryimage"},"thumbnailUrl":"https:\/\/jornaldasoficinas.com\/pt\/wp-content\/uploads\/2022\/01\/2022-traz-novas.png","datePublished":"2022-01-01T18:00:17+00:00","breadcrumb":{"@id":"https:\/\/jornaldasoficinas.com\/pt\/2022-traz-novas-regras-no-teletrabalho\/#breadcrumb"},"inLanguage":"pt-PT","potentialAction":[{"@type":"ReadAction","target":["https:\/\/jornaldasoficinas.com\/pt\/2022-traz-novas-regras-no-teletrabalho\/"]}]},{"@type":"ImageObject","inLanguage":"pt-PT","@id":"https:\/\/jornaldasoficinas.com\/pt\/2022-traz-novas-regras-no-teletrabalho\/#primaryimage","url":"https:\/\/jornaldasoficinas.com\/pt\/wp-content\/uploads\/2022\/01\/2022-traz-novas.png","contentUrl":"https:\/\/jornaldasoficinas.com\/pt\/wp-content\/uploads\/2022\/01\/2022-traz-novas.png","width":1024,"height":581,"caption":"01 - 2022-traz-novas"},{"@type":"BreadcrumbList","@id":"https:\/\/jornaldasoficinas.com\/pt\/2022-traz-novas-regras-no-teletrabalho\/#breadcrumb","itemListElement":[{"@type":"ListItem","position":1,"name":"In\u00edcio","item":"https:\/\/jornaldasoficinas.com\/pt\/"},{"@type":"ListItem","position":2,"name":"2022 traz novas regras no teletrabalho"}]},{"@type":"WebSite","@id":"https:\/\/jornaldasoficinas.com\/pt\/#website","url":"https:\/\/jornaldasoficinas.com\/pt\/","name":"Jornal das Oficinas","description":"Jornal independente do Aftermarket Autom\u00f3vel em Portugal","publisher":{"@id":"https:\/\/jornaldasoficinas.com\/pt\/#organization"},"potentialAction":[{"@type":"SearchAction","target":{"@type":"EntryPoint","urlTemplate":"https:\/\/jornaldasoficinas.com\/pt\/?s={search_term_string}"},"query-input":{"@type":"PropertyValueSpecification","valueRequired":true,"valueName":"search_term_string"}}],"inLanguage":"pt-PT"},{"@type":"Organization","@id":"https:\/\/jornaldasoficinas.com\/pt\/#organization","name":"Jornal das Oficinas","url":"https:\/\/jornaldasoficinas.com\/pt\/","logo":{"@type":"ImageObject","inLanguage":"pt-PT","@id":"https:\/\/jornaldasoficinas.com\/pt\/#\/schema\/logo\/image\/","url":"https:\/\/jornaldasoficinas.com\/pt\/wp-content\/uploads\/logoJO-SEO.png","contentUrl":"https:\/\/jornaldasoficinas.com\/pt\/wp-content\/uploads\/logoJO-SEO.png","width":285,"height":450,"caption":"Jornal das Oficinas"},"image":{"@id":"https:\/\/jornaldasoficinas.com\/pt\/#\/schema\/logo\/image\/"},"sameAs":["https:\/\/www.facebook.com\/jornaloficinas","https:\/\/x.com\/jornaloficinas","https:\/\/www.instagram.com\/jornal_oficinas\/","https:\/\/www.linkedin.com\/company\/jornal-das-oficinas\/","https:\/\/www.youtube.com\/channel\/UCbQZBqtcvV-oSQrr7RzINGg"]},{"@type":"Person","@id":"https:\/\/jornaldasoficinas.com\/pt\/#\/schema\/person\/a38eef5de2c41d9e7c9ac10141afddf3","name":"Reda\u00e7\u00e3o JO","image":{"@type":"ImageObject","inLanguage":"pt-PT","@id":"https:\/\/secure.gravatar.com\/avatar\/71f2fa71737ad68a84fea94bc708ddac8ea5b0c4788dc2ad202f3ccb2887742f?s=96&d=wp_user_avatar&r=g","url":"https:\/\/secure.gravatar.com\/avatar\/71f2fa71737ad68a84fea94bc708ddac8ea5b0c4788dc2ad202f3ccb2887742f?s=96&d=wp_user_avatar&r=g","contentUrl":"https:\/\/secure.gravatar.com\/avatar\/71f2fa71737ad68a84fea94bc708ddac8ea5b0c4788dc2ad202f3ccb2887742f?s=96&d=wp_user_avatar&r=g","caption":"Reda\u00e7\u00e3o JO"},"url":"https:\/\/jornaldasoficinas.com\/pt\/author\/joredacao\/"}]}},"_links":{"self":[{"href":"https:\/\/jornaldasoficinas.com\/pt\/wp-json\/wp\/v2\/posts\/26438","targetHints":{"allow":["GET"]}}],"collection":[{"href":"https:\/\/jornaldasoficinas.com\/pt\/wp-json\/wp\/v2\/posts"}],"about":[{"href":"https:\/\/jornaldasoficinas.com\/pt\/wp-json\/wp\/v2\/types\/post"}],"author":[{"embeddable":true,"href":"https:\/\/jornaldasoficinas.com\/pt\/wp-json\/wp\/v2\/users\/15"}],"replies":[{"embeddable":true,"href":"https:\/\/jornaldasoficinas.com\/pt\/wp-json\/wp\/v2\/comments?post=26438"}],"version-history":[{"count":0,"href":"https:\/\/jornaldasoficinas.com\/pt\/wp-json\/wp\/v2\/posts\/26438\/revisions"}],"wp:featuredmedia":[{"embeddable":true,"href":"https:\/\/jornaldasoficinas.com\/pt\/wp-json\/wp\/v2\/media\/26413"}],"wp:attachment":[{"href":"https:\/\/jornaldasoficinas.com\/pt\/wp-json\/wp\/v2\/media?parent=26438"}],"wp:term":[{"taxonomy":"category","embeddable":true,"href":"https:\/\/jornaldasoficinas.com\/pt\/wp-json\/wp\/v2\/categories?post=26438"},{"taxonomy":"post_tag","embeddable":true,"href":"https:\/\/jornaldasoficinas.com\/pt\/wp-json\/wp\/v2\/tags?post=26438"}],"curies":[{"name":"wp","href":"https:\/\/api.w.org\/{rel}","templated":true}]}}