{"id":26496,"date":"2022-01-05T19:00:17","date_gmt":"2022-01-05T19:00:17","guid":{"rendered":"https:\/\/jornaldasoficinas.com\/pt\/?p=26496"},"modified":"2022-01-05T17:16:49","modified_gmt":"2022-01-05T17:16:49","slug":"eficiencia-e-uma-das-palavras-mais-importantes-no-nosso-negocio-rodrigo-cabral-tech-one","status":"publish","type":"post","link":"https:\/\/jornaldasoficinas.com\/pt\/eficiencia-e-uma-das-palavras-mais-importantes-no-nosso-negocio-rodrigo-cabral-tech-one\/","title":{"rendered":"&#8220;Efici\u00eancia \u00e9 uma das palavras mais importantes no nosso neg\u00f3cio&#8221;, Rodrigo Cabral, Tech One"},"content":{"rendered":"<p><img loading=\"lazy\" decoding=\"async\" class=\"alignnone size-full wp-image-26513\" src=\"https:\/\/jornaldasoficinas.com\/pt\/wp-content\/uploads\/2022\/01\/TechOnesem-logo1.jpeg\" alt=\"01 - TechOnesem-logo1\" width=\"1024\" height=\"581\" srcset=\"https:\/\/jornaldasoficinas.com\/pt\/wp-content\/uploads\/2022\/01\/TechOnesem-logo1.jpeg 1024w, https:\/\/jornaldasoficinas.com\/pt\/wp-content\/uploads\/2022\/01\/TechOnesem-logo1-300x170.jpeg 300w, https:\/\/jornaldasoficinas.com\/pt\/wp-content\/uploads\/2022\/01\/TechOnesem-logo1-150x85.jpeg 150w, https:\/\/jornaldasoficinas.com\/pt\/wp-content\/uploads\/2022\/01\/TechOnesem-logo1-768x436.jpeg 768w\" sizes=\"auto, (max-width: 1024px) 100vw, 1024px\" \/><\/p>\n<p><strong>Fundada h\u00e1 15 anos no Brasil, a <a href=\"https:\/\/techone.com.br\/\" target=\"_blank\" rel=\"noopener\">Tech One<\/a> depressa se cimentou como uma refer\u00eancia no fabrico de pe\u00e7as e acess\u00f3rios para autom\u00f3veis na Am\u00e9rica Latina. Hoje \u00e9 uma empresa global, com quatro laborat\u00f3rios e mais de 40 f\u00e1bricas espalhadas pelo mundo e o fundador, Rodrigo Cabral, garante que \u00e9 a efici\u00eancia que lhes possibilita ter qualidade premium a pre\u00e7os competitivos<\/strong><\/p>\n<p>Em mar\u00e7o de 2020 a Tech One chegou a Portugal e \u00e9 daqui que pretende fazer a ponte com o resto da Europa, atrav\u00e9s da Tech One European Division. O Jornal das Oficinas foi saber mais sobre a hist\u00f3ria desta empresa e os objetivos para a implementa\u00e7\u00e3o do neg\u00f3cio no velho continente.<\/p>\n<p>Criado no seio de uma fam\u00edlia com um antigo rela\u00e7\u00f5es p\u00fablicas na General Motors, Rodrigo Cabral conta que desde sempre foi \u201cum amante de carros\u201d. Formado em economia, n\u00e3o hesitou em lan\u00e7ar-se no neg\u00f3cio das pe\u00e7as quando surgiu a oportunidade de come\u00e7ar a comprar e vender l\u00e2mpadas para autom\u00f3veis e, em pouco tempo, estava a contratar uma f\u00e1brica para produzir os seus pr\u00f3prios produtos para a empresa, importando diretamente para o Brasil. Das l\u00e2mpadas X\u00e9non expandiu para as super brancas e depois para as LED, at\u00e9 que come\u00e7ou a diversificar as linhas de produto, que hoje v\u00e3o muito al\u00e9m da ilumina\u00e7\u00e3o, passando por acess\u00f3rios multim\u00e9dia, sinaliza\u00e7\u00e3o, ferramentas, substitui\u00e7\u00e3o e ainda \u00e1udio e v\u00eddeo para carros, cami\u00f5es e motociclos. \u201cTivemos que nos adaptar e reinventar. Atualmente, temos mais de 1.200 produtos em linha\u201d, revela o CEO da empresa que vende tr\u00eas marcas distintas: A Tech One, enquanto marca premium e onde se integram os produtos tecnol\u00f3gicos mais inovadores e avan\u00e7ados, a Code, mais competitiva e agressiva em termos de pre\u00e7o, e a Svart, dedicada ao \u00e1udio. No total s\u00e3o 32 linhas de produto ativas e outras dez em desenvolvimento.<\/p>\n<p>Para l\u00ear todo o artigo clique <a href=\"https:\/\/www.yumpu.com\/pt\/document\/read\/66122945\/jornal-das-oficinas-193\/34\" target=\"_blank\" rel=\"noopener\">aqui<\/a>.<\/p>\n","protected":false},"excerpt":{"rendered":"<p>Fundada h\u00e1 15 anos no Brasil,&#8230;<\/p>\n","protected":false},"author":15,"featured_media":26513,"comment_status":"closed","ping_status":"closed","sticky":false,"template":"","format":"standard","meta":{"footnotes":""},"categories":[38],"tags":[2751],"class_list":["post-26496","post","type-post","status-publish","format-standard","has-post-thumbnail","hentry","category-entrevistas","tag-tech-one"],"yoast_head":"<!-- This site is optimized with the Yoast SEO plugin v27.4 - https:\/\/yoast.com\/product\/yoast-seo-wordpress\/ -->\n<title>&quot;Efici\u00eancia \u00e9 uma das palavras mais importantes no nosso neg\u00f3cio&quot;, Rodrigo Cabral, Tech One - Jornal das Oficinas<\/title>\n<meta name=\"robots\" content=\"index, follow, max-snippet:-1, max-image-preview:large, max-video-preview:-1\" \/>\n<link rel=\"canonical\" href=\"https:\/\/jornaldasoficinas.com\/pt\/eficiencia-e-uma-das-palavras-mais-importantes-no-nosso-negocio-rodrigo-cabral-tech-one\/\" \/>\n<meta property=\"og:locale\" content=\"pt_PT\" \/>\n<meta property=\"og:type\" content=\"article\" \/>\n<meta property=\"og:title\" content=\"&quot;Efici\u00eancia \u00e9 uma das palavras mais importantes no nosso neg\u00f3cio&quot;, Rodrigo Cabral, Tech One - Jornal das Oficinas\" \/>\n<meta property=\"og:description\" content=\"Fundada h\u00e1 15 anos no Brasil,...\" \/>\n<meta property=\"og:url\" content=\"https:\/\/jornaldasoficinas.com\/pt\/eficiencia-e-uma-das-palavras-mais-importantes-no-nosso-negocio-rodrigo-cabral-tech-one\/\" \/>\n<meta property=\"og:site_name\" content=\"Jornal das Oficinas\" \/>\n<meta property=\"article:publisher\" content=\"https:\/\/www.facebook.com\/jornaloficinas\" \/>\n<meta property=\"article:published_time\" content=\"2022-01-05T19:00:17+00:00\" \/>\n<meta property=\"og:image\" content=\"https:\/\/jornaldasoficinas.com\/pt\/wp-content\/uploads\/2022\/01\/TechOnesem-logo1.jpeg\" \/>\n\t<meta property=\"og:image:width\" content=\"1024\" \/>\n\t<meta property=\"og:image:height\" content=\"581\" \/>\n\t<meta property=\"og:image:type\" content=\"image\/jpeg\" \/>\n<meta name=\"author\" content=\"Reda\u00e7\u00e3o JO\" \/>\n<meta name=\"twitter:card\" content=\"summary_large_image\" \/>\n<meta name=\"twitter:creator\" content=\"@jornaloficinas\" \/>\n<meta name=\"twitter:site\" content=\"@jornaloficinas\" \/>\n<meta name=\"twitter:label1\" content=\"Escrito por\" \/>\n\t<meta name=\"twitter:data1\" content=\"Reda\u00e7\u00e3o JO\" \/>\n\t<meta name=\"twitter:label2\" content=\"Tempo estimado de leitura\" \/>\n\t<meta name=\"twitter:data2\" content=\"2 minutos\" \/>\n<script type=\"application\/ld+json\" class=\"yoast-schema-graph\">{\"@context\":\"https:\\\/\\\/schema.org\",\"@graph\":[{\"@type\":\"Article\",\"@id\":\"https:\\\/\\\/jornaldasoficinas.com\\\/pt\\\/eficiencia-e-uma-das-palavras-mais-importantes-no-nosso-negocio-rodrigo-cabral-tech-one\\\/#article\",\"isPartOf\":{\"@id\":\"https:\\\/\\\/jornaldasoficinas.com\\\/pt\\\/eficiencia-e-uma-das-palavras-mais-importantes-no-nosso-negocio-rodrigo-cabral-tech-one\\\/\"},\"author\":{\"name\":\"Reda\u00e7\u00e3o JO\",\"@id\":\"https:\\\/\\\/jornaldasoficinas.com\\\/pt\\\/#\\\/schema\\\/person\\\/a38eef5de2c41d9e7c9ac10141afddf3\"},\"headline\":\"&#8220;Efici\u00eancia \u00e9 uma das palavras mais importantes no nosso neg\u00f3cio&#8221;, Rodrigo Cabral, Tech One\",\"datePublished\":\"2022-01-05T19:00:17+00:00\",\"mainEntityOfPage\":{\"@id\":\"https:\\\/\\\/jornaldasoficinas.com\\\/pt\\\/eficiencia-e-uma-das-palavras-mais-importantes-no-nosso-negocio-rodrigo-cabral-tech-one\\\/\"},\"wordCount\":359,\"publisher\":{\"@id\":\"https:\\\/\\\/jornaldasoficinas.com\\\/pt\\\/#organization\"},\"image\":{\"@id\":\"https:\\\/\\\/jornaldasoficinas.com\\\/pt\\\/eficiencia-e-uma-das-palavras-mais-importantes-no-nosso-negocio-rodrigo-cabral-tech-one\\\/#primaryimage\"},\"thumbnailUrl\":\"https:\\\/\\\/jornaldasoficinas.com\\\/pt\\\/wp-content\\\/uploads\\\/2022\\\/01\\\/TechOnesem-logo1.jpeg\",\"keywords\":[\"Tech One\"],\"articleSection\":[\"Entrevistas\"],\"inLanguage\":\"pt-PT\"},{\"@type\":\"WebPage\",\"@id\":\"https:\\\/\\\/jornaldasoficinas.com\\\/pt\\\/eficiencia-e-uma-das-palavras-mais-importantes-no-nosso-negocio-rodrigo-cabral-tech-one\\\/\",\"url\":\"https:\\\/\\\/jornaldasoficinas.com\\\/pt\\\/eficiencia-e-uma-das-palavras-mais-importantes-no-nosso-negocio-rodrigo-cabral-tech-one\\\/\",\"name\":\"\\\"Efici\u00eancia \u00e9 uma das palavras mais importantes no nosso neg\u00f3cio\\\", Rodrigo Cabral, Tech One - Jornal das Oficinas\",\"isPartOf\":{\"@id\":\"https:\\\/\\\/jornaldasoficinas.com\\\/pt\\\/#website\"},\"primaryImageOfPage\":{\"@id\":\"https:\\\/\\\/jornaldasoficinas.com\\\/pt\\\/eficiencia-e-uma-das-palavras-mais-importantes-no-nosso-negocio-rodrigo-cabral-tech-one\\\/#primaryimage\"},\"image\":{\"@id\":\"https:\\\/\\\/jornaldasoficinas.com\\\/pt\\\/eficiencia-e-uma-das-palavras-mais-importantes-no-nosso-negocio-rodrigo-cabral-tech-one\\\/#primaryimage\"},\"thumbnailUrl\":\"https:\\\/\\\/jornaldasoficinas.com\\\/pt\\\/wp-content\\\/uploads\\\/2022\\\/01\\\/TechOnesem-logo1.jpeg\",\"datePublished\":\"2022-01-05T19:00:17+00:00\",\"breadcrumb\":{\"@id\":\"https:\\\/\\\/jornaldasoficinas.com\\\/pt\\\/eficiencia-e-uma-das-palavras-mais-importantes-no-nosso-negocio-rodrigo-cabral-tech-one\\\/#breadcrumb\"},\"inLanguage\":\"pt-PT\",\"potentialAction\":[{\"@type\":\"ReadAction\",\"target\":[\"https:\\\/\\\/jornaldasoficinas.com\\\/pt\\\/eficiencia-e-uma-das-palavras-mais-importantes-no-nosso-negocio-rodrigo-cabral-tech-one\\\/\"]}]},{\"@type\":\"ImageObject\",\"inLanguage\":\"pt-PT\",\"@id\":\"https:\\\/\\\/jornaldasoficinas.com\\\/pt\\\/eficiencia-e-uma-das-palavras-mais-importantes-no-nosso-negocio-rodrigo-cabral-tech-one\\\/#primaryimage\",\"url\":\"https:\\\/\\\/jornaldasoficinas.com\\\/pt\\\/wp-content\\\/uploads\\\/2022\\\/01\\\/TechOnesem-logo1.jpeg\",\"contentUrl\":\"https:\\\/\\\/jornaldasoficinas.com\\\/pt\\\/wp-content\\\/uploads\\\/2022\\\/01\\\/TechOnesem-logo1.jpeg\",\"width\":1024,\"height\":581,\"caption\":\"01 - TechOnesem-logo1\"},{\"@type\":\"BreadcrumbList\",\"@id\":\"https:\\\/\\\/jornaldasoficinas.com\\\/pt\\\/eficiencia-e-uma-das-palavras-mais-importantes-no-nosso-negocio-rodrigo-cabral-tech-one\\\/#breadcrumb\",\"itemListElement\":[{\"@type\":\"ListItem\",\"position\":1,\"name\":\"In\u00edcio\",\"item\":\"https:\\\/\\\/jornaldasoficinas.com\\\/pt\\\/\"},{\"@type\":\"ListItem\",\"position\":2,\"name\":\"&#8220;Efici\u00eancia \u00e9 uma das palavras mais importantes no nosso neg\u00f3cio&#8221;, Rodrigo Cabral, Tech One\"}]},{\"@type\":\"WebSite\",\"@id\":\"https:\\\/\\\/jornaldasoficinas.com\\\/pt\\\/#website\",\"url\":\"https:\\\/\\\/jornaldasoficinas.com\\\/pt\\\/\",\"name\":\"Jornal das Oficinas\",\"description\":\"Jornal independente do Aftermarket Autom\u00f3vel em Portugal\",\"publisher\":{\"@id\":\"https:\\\/\\\/jornaldasoficinas.com\\\/pt\\\/#organization\"},\"potentialAction\":[{\"@type\":\"SearchAction\",\"target\":{\"@type\":\"EntryPoint\",\"urlTemplate\":\"https:\\\/\\\/jornaldasoficinas.com\\\/pt\\\/?s={search_term_string}\"},\"query-input\":{\"@type\":\"PropertyValueSpecification\",\"valueRequired\":true,\"valueName\":\"search_term_string\"}}],\"inLanguage\":\"pt-PT\"},{\"@type\":\"Organization\",\"@id\":\"https:\\\/\\\/jornaldasoficinas.com\\\/pt\\\/#organization\",\"name\":\"Jornal das Oficinas\",\"url\":\"https:\\\/\\\/jornaldasoficinas.com\\\/pt\\\/\",\"logo\":{\"@type\":\"ImageObject\",\"inLanguage\":\"pt-PT\",\"@id\":\"https:\\\/\\\/jornaldasoficinas.com\\\/pt\\\/#\\\/schema\\\/logo\\\/image\\\/\",\"url\":\"https:\\\/\\\/jornaldasoficinas.com\\\/pt\\\/wp-content\\\/uploads\\\/logoJO-SEO.png\",\"contentUrl\":\"https:\\\/\\\/jornaldasoficinas.com\\\/pt\\\/wp-content\\\/uploads\\\/logoJO-SEO.png\",\"width\":285,\"height\":450,\"caption\":\"Jornal das Oficinas\"},\"image\":{\"@id\":\"https:\\\/\\\/jornaldasoficinas.com\\\/pt\\\/#\\\/schema\\\/logo\\\/image\\\/\"},\"sameAs\":[\"https:\\\/\\\/www.facebook.com\\\/jornaloficinas\",\"https:\\\/\\\/x.com\\\/jornaloficinas\",\"https:\\\/\\\/www.instagram.com\\\/jornal_oficinas\\\/\",\"https:\\\/\\\/www.linkedin.com\\\/company\\\/jornal-das-oficinas\\\/\",\"https:\\\/\\\/www.youtube.com\\\/channel\\\/UCbQZBqtcvV-oSQrr7RzINGg\"]},{\"@type\":\"Person\",\"@id\":\"https:\\\/\\\/jornaldasoficinas.com\\\/pt\\\/#\\\/schema\\\/person\\\/a38eef5de2c41d9e7c9ac10141afddf3\",\"name\":\"Reda\u00e7\u00e3o JO\",\"image\":{\"@type\":\"ImageObject\",\"inLanguage\":\"pt-PT\",\"@id\":\"https:\\\/\\\/secure.gravatar.com\\\/avatar\\\/71f2fa71737ad68a84fea94bc708ddac8ea5b0c4788dc2ad202f3ccb2887742f?s=96&d=wp_user_avatar&r=g\",\"url\":\"https:\\\/\\\/secure.gravatar.com\\\/avatar\\\/71f2fa71737ad68a84fea94bc708ddac8ea5b0c4788dc2ad202f3ccb2887742f?s=96&d=wp_user_avatar&r=g\",\"contentUrl\":\"https:\\\/\\\/secure.gravatar.com\\\/avatar\\\/71f2fa71737ad68a84fea94bc708ddac8ea5b0c4788dc2ad202f3ccb2887742f?s=96&d=wp_user_avatar&r=g\",\"caption\":\"Reda\u00e7\u00e3o JO\"},\"url\":\"https:\\\/\\\/jornaldasoficinas.com\\\/pt\\\/author\\\/joredacao\\\/\"}]}<\/script>\n<!-- \/ Yoast SEO plugin. -->","yoast_head_json":{"title":"\"Efici\u00eancia \u00e9 uma das palavras mais importantes no nosso neg\u00f3cio\", Rodrigo Cabral, Tech One - Jornal das Oficinas","robots":{"index":"index","follow":"follow","max-snippet":"max-snippet:-1","max-image-preview":"max-image-preview:large","max-video-preview":"max-video-preview:-1"},"canonical":"https:\/\/jornaldasoficinas.com\/pt\/eficiencia-e-uma-das-palavras-mais-importantes-no-nosso-negocio-rodrigo-cabral-tech-one\/","og_locale":"pt_PT","og_type":"article","og_title":"\"Efici\u00eancia \u00e9 uma das palavras mais importantes no nosso neg\u00f3cio\", Rodrigo Cabral, Tech One - Jornal das Oficinas","og_description":"Fundada h\u00e1 15 anos no Brasil,...","og_url":"https:\/\/jornaldasoficinas.com\/pt\/eficiencia-e-uma-das-palavras-mais-importantes-no-nosso-negocio-rodrigo-cabral-tech-one\/","og_site_name":"Jornal das Oficinas","article_publisher":"https:\/\/www.facebook.com\/jornaloficinas","article_published_time":"2022-01-05T19:00:17+00:00","og_image":[{"width":1024,"height":581,"url":"https:\/\/jornaldasoficinas.com\/pt\/wp-content\/uploads\/2022\/01\/TechOnesem-logo1.jpeg","type":"image\/jpeg"}],"author":"Reda\u00e7\u00e3o JO","twitter_card":"summary_large_image","twitter_creator":"@jornaloficinas","twitter_site":"@jornaloficinas","twitter_misc":{"Escrito por":"Reda\u00e7\u00e3o JO","Tempo estimado de leitura":"2 minutos"},"schema":{"@context":"https:\/\/schema.org","@graph":[{"@type":"Article","@id":"https:\/\/jornaldasoficinas.com\/pt\/eficiencia-e-uma-das-palavras-mais-importantes-no-nosso-negocio-rodrigo-cabral-tech-one\/#article","isPartOf":{"@id":"https:\/\/jornaldasoficinas.com\/pt\/eficiencia-e-uma-das-palavras-mais-importantes-no-nosso-negocio-rodrigo-cabral-tech-one\/"},"author":{"name":"Reda\u00e7\u00e3o JO","@id":"https:\/\/jornaldasoficinas.com\/pt\/#\/schema\/person\/a38eef5de2c41d9e7c9ac10141afddf3"},"headline":"&#8220;Efici\u00eancia \u00e9 uma das palavras mais importantes no nosso neg\u00f3cio&#8221;, Rodrigo Cabral, Tech One","datePublished":"2022-01-05T19:00:17+00:00","mainEntityOfPage":{"@id":"https:\/\/jornaldasoficinas.com\/pt\/eficiencia-e-uma-das-palavras-mais-importantes-no-nosso-negocio-rodrigo-cabral-tech-one\/"},"wordCount":359,"publisher":{"@id":"https:\/\/jornaldasoficinas.com\/pt\/#organization"},"image":{"@id":"https:\/\/jornaldasoficinas.com\/pt\/eficiencia-e-uma-das-palavras-mais-importantes-no-nosso-negocio-rodrigo-cabral-tech-one\/#primaryimage"},"thumbnailUrl":"https:\/\/jornaldasoficinas.com\/pt\/wp-content\/uploads\/2022\/01\/TechOnesem-logo1.jpeg","keywords":["Tech One"],"articleSection":["Entrevistas"],"inLanguage":"pt-PT"},{"@type":"WebPage","@id":"https:\/\/jornaldasoficinas.com\/pt\/eficiencia-e-uma-das-palavras-mais-importantes-no-nosso-negocio-rodrigo-cabral-tech-one\/","url":"https:\/\/jornaldasoficinas.com\/pt\/eficiencia-e-uma-das-palavras-mais-importantes-no-nosso-negocio-rodrigo-cabral-tech-one\/","name":"\"Efici\u00eancia \u00e9 uma das palavras mais importantes no nosso neg\u00f3cio\", Rodrigo Cabral, Tech One - Jornal das Oficinas","isPartOf":{"@id":"https:\/\/jornaldasoficinas.com\/pt\/#website"},"primaryImageOfPage":{"@id":"https:\/\/jornaldasoficinas.com\/pt\/eficiencia-e-uma-das-palavras-mais-importantes-no-nosso-negocio-rodrigo-cabral-tech-one\/#primaryimage"},"image":{"@id":"https:\/\/jornaldasoficinas.com\/pt\/eficiencia-e-uma-das-palavras-mais-importantes-no-nosso-negocio-rodrigo-cabral-tech-one\/#primaryimage"},"thumbnailUrl":"https:\/\/jornaldasoficinas.com\/pt\/wp-content\/uploads\/2022\/01\/TechOnesem-logo1.jpeg","datePublished":"2022-01-05T19:00:17+00:00","breadcrumb":{"@id":"https:\/\/jornaldasoficinas.com\/pt\/eficiencia-e-uma-das-palavras-mais-importantes-no-nosso-negocio-rodrigo-cabral-tech-one\/#breadcrumb"},"inLanguage":"pt-PT","potentialAction":[{"@type":"ReadAction","target":["https:\/\/jornaldasoficinas.com\/pt\/eficiencia-e-uma-das-palavras-mais-importantes-no-nosso-negocio-rodrigo-cabral-tech-one\/"]}]},{"@type":"ImageObject","inLanguage":"pt-PT","@id":"https:\/\/jornaldasoficinas.com\/pt\/eficiencia-e-uma-das-palavras-mais-importantes-no-nosso-negocio-rodrigo-cabral-tech-one\/#primaryimage","url":"https:\/\/jornaldasoficinas.com\/pt\/wp-content\/uploads\/2022\/01\/TechOnesem-logo1.jpeg","contentUrl":"https:\/\/jornaldasoficinas.com\/pt\/wp-content\/uploads\/2022\/01\/TechOnesem-logo1.jpeg","width":1024,"height":581,"caption":"01 - TechOnesem-logo1"},{"@type":"BreadcrumbList","@id":"https:\/\/jornaldasoficinas.com\/pt\/eficiencia-e-uma-das-palavras-mais-importantes-no-nosso-negocio-rodrigo-cabral-tech-one\/#breadcrumb","itemListElement":[{"@type":"ListItem","position":1,"name":"In\u00edcio","item":"https:\/\/jornaldasoficinas.com\/pt\/"},{"@type":"ListItem","position":2,"name":"&#8220;Efici\u00eancia \u00e9 uma das palavras mais importantes no nosso neg\u00f3cio&#8221;, Rodrigo Cabral, Tech One"}]},{"@type":"WebSite","@id":"https:\/\/jornaldasoficinas.com\/pt\/#website","url":"https:\/\/jornaldasoficinas.com\/pt\/","name":"Jornal das Oficinas","description":"Jornal independente do Aftermarket Autom\u00f3vel em Portugal","publisher":{"@id":"https:\/\/jornaldasoficinas.com\/pt\/#organization"},"potentialAction":[{"@type":"SearchAction","target":{"@type":"EntryPoint","urlTemplate":"https:\/\/jornaldasoficinas.com\/pt\/?s={search_term_string}"},"query-input":{"@type":"PropertyValueSpecification","valueRequired":true,"valueName":"search_term_string"}}],"inLanguage":"pt-PT"},{"@type":"Organization","@id":"https:\/\/jornaldasoficinas.com\/pt\/#organization","name":"Jornal das Oficinas","url":"https:\/\/jornaldasoficinas.com\/pt\/","logo":{"@type":"ImageObject","inLanguage":"pt-PT","@id":"https:\/\/jornaldasoficinas.com\/pt\/#\/schema\/logo\/image\/","url":"https:\/\/jornaldasoficinas.com\/pt\/wp-content\/uploads\/logoJO-SEO.png","contentUrl":"https:\/\/jornaldasoficinas.com\/pt\/wp-content\/uploads\/logoJO-SEO.png","width":285,"height":450,"caption":"Jornal das Oficinas"},"image":{"@id":"https:\/\/jornaldasoficinas.com\/pt\/#\/schema\/logo\/image\/"},"sameAs":["https:\/\/www.facebook.com\/jornaloficinas","https:\/\/x.com\/jornaloficinas","https:\/\/www.instagram.com\/jornal_oficinas\/","https:\/\/www.linkedin.com\/company\/jornal-das-oficinas\/","https:\/\/www.youtube.com\/channel\/UCbQZBqtcvV-oSQrr7RzINGg"]},{"@type":"Person","@id":"https:\/\/jornaldasoficinas.com\/pt\/#\/schema\/person\/a38eef5de2c41d9e7c9ac10141afddf3","name":"Reda\u00e7\u00e3o JO","image":{"@type":"ImageObject","inLanguage":"pt-PT","@id":"https:\/\/secure.gravatar.com\/avatar\/71f2fa71737ad68a84fea94bc708ddac8ea5b0c4788dc2ad202f3ccb2887742f?s=96&d=wp_user_avatar&r=g","url":"https:\/\/secure.gravatar.com\/avatar\/71f2fa71737ad68a84fea94bc708ddac8ea5b0c4788dc2ad202f3ccb2887742f?s=96&d=wp_user_avatar&r=g","contentUrl":"https:\/\/secure.gravatar.com\/avatar\/71f2fa71737ad68a84fea94bc708ddac8ea5b0c4788dc2ad202f3ccb2887742f?s=96&d=wp_user_avatar&r=g","caption":"Reda\u00e7\u00e3o JO"},"url":"https:\/\/jornaldasoficinas.com\/pt\/author\/joredacao\/"}]}},"_links":{"self":[{"href":"https:\/\/jornaldasoficinas.com\/pt\/wp-json\/wp\/v2\/posts\/26496","targetHints":{"allow":["GET"]}}],"collection":[{"href":"https:\/\/jornaldasoficinas.com\/pt\/wp-json\/wp\/v2\/posts"}],"about":[{"href":"https:\/\/jornaldasoficinas.com\/pt\/wp-json\/wp\/v2\/types\/post"}],"author":[{"embeddable":true,"href":"https:\/\/jornaldasoficinas.com\/pt\/wp-json\/wp\/v2\/users\/15"}],"replies":[{"embeddable":true,"href":"https:\/\/jornaldasoficinas.com\/pt\/wp-json\/wp\/v2\/comments?post=26496"}],"version-history":[{"count":0,"href":"https:\/\/jornaldasoficinas.com\/pt\/wp-json\/wp\/v2\/posts\/26496\/revisions"}],"wp:featuredmedia":[{"embeddable":true,"href":"https:\/\/jornaldasoficinas.com\/pt\/wp-json\/wp\/v2\/media\/26513"}],"wp:attachment":[{"href":"https:\/\/jornaldasoficinas.com\/pt\/wp-json\/wp\/v2\/media?parent=26496"}],"wp:term":[{"taxonomy":"category","embeddable":true,"href":"https:\/\/jornaldasoficinas.com\/pt\/wp-json\/wp\/v2\/categories?post=26496"},{"taxonomy":"post_tag","embeddable":true,"href":"https:\/\/jornaldasoficinas.com\/pt\/wp-json\/wp\/v2\/tags?post=26496"}],"curies":[{"name":"wp","href":"https:\/\/api.w.org\/{rel}","templated":true}]}}