{"id":26547,"date":"2022-01-09T19:00:28","date_gmt":"2022-01-09T19:00:28","guid":{"rendered":"https:\/\/jornaldasoficinas.com\/pt\/?p=26547"},"modified":"2022-01-08T09:38:30","modified_gmt":"2022-01-08T09:38:30","slug":"temos-de-ser-criativos-e-colocar-a-adaptacao-como-prioridade-joaquim-candeias-bilstein-group","status":"publish","type":"post","link":"https:\/\/jornaldasoficinas.com\/pt\/temos-de-ser-criativos-e-colocar-a-adaptacao-como-prioridade-joaquim-candeias-bilstein-group\/","title":{"rendered":"\u201cTemos de ser criativos e colocar a adapta\u00e7\u00e3o como prioridade\u201d, Joaquim Candeias, bilstein group"},"content":{"rendered":"<p><strong><img loading=\"lazy\" decoding=\"async\" class=\"alignnone size-full wp-image-26559\" src=\"https:\/\/jornaldasoficinas.com\/pt\/wp-content\/uploads\/2022\/01\/Candeias.jpeg\" alt=\"01 - Candeias\" width=\"1024\" height=\"581\" srcset=\"https:\/\/jornaldasoficinas.com\/pt\/wp-content\/uploads\/2022\/01\/Candeias.jpeg 1024w, https:\/\/jornaldasoficinas.com\/pt\/wp-content\/uploads\/2022\/01\/Candeias-300x170.jpeg 300w, https:\/\/jornaldasoficinas.com\/pt\/wp-content\/uploads\/2022\/01\/Candeias-150x85.jpeg 150w, https:\/\/jornaldasoficinas.com\/pt\/wp-content\/uploads\/2022\/01\/Candeias-768x436.jpeg 768w\" sizes=\"auto, (max-width: 1024px) 100vw, 1024px\" \/><\/strong><\/p>\n<p><strong>\u00a0O <a href=\"https:\/\/www.bilsteingroup.com\/pt\/\" target=\"_blank\" rel=\"noopener\">bilstein group<\/a> n\u00e3o para de crescer, se em 2020 expandiram fisicamente a sua capacidade log\u00edstica, em 2021 cresceram como empresa internacional ao serem premiados pela TEMOT International GmbH na \u00e1rea de melhor fornecedor em \u201cCadeia de Distribui\u00e7\u00e3o\u201d<\/strong><\/p>\n<p>Joaquim Candeias, diretor geral, explicou qual o segredo para conquistar um pr\u00e9mio de t\u00e3o elevada import\u00e2ncia \u201cImporta refor\u00e7ar que s\u00f3 foi poss\u00edvel gra\u00e7as a um dos aspetos mais valiosos que temos: o trabalho em equipa. Num ano t\u00e3o desafiante para todos soube bem este reconhecimento\u201d.<\/p>\n<p>Com uma equipa unida, Joaquim Candeias acredita que por este motivo e pela \u201ccapacidade de adapta\u00e7\u00e3o e flexibilidade na organiza\u00e7\u00e3o\u201d foi poss\u00edvel atravessar a pandemia de Covid-19 com \u00eaxito. Ainda assim, o diretor geral n\u00e3o quis deixar de refor\u00e7ar \u201cPercebemos que, apesar de um cen\u00e1rio por vezes t\u00e3o desanimador, sentimos que a nossa estrutura era, e \u00e9, t\u00e3o forte que permitiu manter aspetos como o servi\u00e7o ao cliente, e n\u00e3o s\u00f3, quase intoc\u00e1veis, o que nos foi trazendo tamb\u00e9m alguma confian\u00e7a em cada passo dado ou decis\u00e3o tomada. Quando temos a certeza que os alicerces s\u00e3o resistentes e que existe prontid\u00e3o para reagir, conseguimos estar mais confiantes e esperan\u00e7osos\u201d, real\u00e7ou.<\/p>\n<p><strong>As marcas febi, SWAG e Blue Print j\u00e1 est\u00e3o dispon\u00edveis, em nome pr\u00f3prio, na rede social Facebook e YouTube. Considera importante utilizar estas novas ferramentas digitais para a promo\u00e7\u00e3o e divulga\u00e7\u00e3o das marcas do grupo?<br \/>\n<\/strong>Para n\u00f3s, tornou-se absolutamente essencial porque \u00e9 um canal 100% controlado por n\u00f3s e que nos facilita uma comunica\u00e7\u00e3o mais pr\u00f3xima, espont\u00e2nea, direta e a qualquer momento. A escolha de duas redes sociais diferentes permite-nos a partilha de conte\u00fados diferentes e o discurso diferente para p\u00fablicos, tamb\u00e9m eles, diferentes.<\/p>\n<p><strong>Como o bilstein group tem conseguido minimizar o impacto negativo das devolu\u00e7\u00f5es?<br \/>\n<\/strong>Felizmente este \u00e9 um tema que n\u00e3o nos toca dessa forma, uma vez que temos procedimentos pr\u00f3prios e justos, tanto para a empresa como para os nossos clientes, e que j\u00e1 se encontram implementados h\u00e1 largos anos. Para n\u00f3s, o tema devolu\u00e7\u00f5es \u00e9 algo que se transformou, desde cedo, numa medida win-win.<\/p>\n<p><strong>Que efeitos est\u00e1 a ter na vossa atividade a dificuldade de abastecimento de pe\u00e7as junto dos vossos fornecedores?<br \/>\n<\/strong>Tal como tem vindo a afetar outros fornecedores, no nosso caso, os custos de mat\u00e9ria-prima e de transportes internacionais tem vindo a subir em flecha, significando naturalmente uma contrariedade. Contudo, e tal como temos vindo a transmitir noutras ocasi\u00f5es, n\u00e3o somos feitos de dificuldades nem nos deixamos tomar por elas. Assim, quando estas surgem, arrega\u00e7amos as mangas e tentamos perceber o que podemos fazer para que um obst\u00e1culo seja facilmente transpon\u00edvel e transformado numa aprendizagem. Nesta situa\u00e7\u00e3o t\u00e3o espec\u00edfica, tivemos de nos adaptar e, de certa forma, de aceitar a nova realidade. Mas, felizmente n\u00e3o podemos afirmar que estamos a sentir efeitos profundos porque o bilstein group desde a primeira hora que se focou na sua capacidade log\u00edstica, garantindo hoje valor de order-fill semelhantes ao per\u00edodo pr\u00e9-pandemia.<\/p>\n<p><strong>Que alternativas foram levadas \u00e0 pr\u00e1tica para compensar essas dificuldades?<br \/>\n<\/strong>De modo a que os nossos clientes mantivessem os elevados n\u00edveis de satisfa\u00e7\u00e3o, opt\u00e1mos por aumentar o nosso investimento em stock. Al\u00e9m disso, procur\u00e1mos alternativas de abastecimento, para garantir a continua\u00e7\u00e3o do servi\u00e7o atual. A nossa prioridade ser\u00e1 sempre a qualidade do servi\u00e7o e dos componentes que oferecermos aos nossos clientes.<\/p>\n<p><strong>Conseguir ter acesso a produtos premium a pre\u00e7os aceit\u00e1veis \u00e9 um dos principais receios para o futuro. Considera que os pre\u00e7os das pe\u00e7as v\u00e3o aumentar nos pr\u00f3ximos tempos?<br \/>\n<\/strong>\u00c9 importante que a an\u00e1lise aos chamados produtos premium seja ponderada e se tenham em considera\u00e7\u00e3o determinados fatores. Nos \u00faltimos anos, n\u00e3o s\u00f3 o aftermarket tem evolu\u00eddo, mas tamb\u00e9m a pr\u00f3pria constru\u00e7\u00e3o de ve\u00edculos, o que faz com que as pe\u00e7as sejam cada vez mais t\u00e9cnicas e complexas. Isto conduz, invariavelmente, a um custo superior das mesmas.<\/p>\n<p><strong>A perda de margem na comercializa\u00e7\u00e3o das pe\u00e7as est\u00e1 a criar dificuldades \u00e0s empresas de distribui\u00e7\u00e3o. Como se pode alterar esta situa\u00e7\u00e3o?<br \/>\n<\/strong>A capacidade de adapta\u00e7\u00e3o \u00e9, muitas vezes, a resposta para tantas barreiras e dificuldades. Nesta n\u00e3o \u00e9 exce\u00e7\u00e3o. Quanto nos deparamos com problemas, tais como, a perda de margens, temos de ser criativos e colocar a adapta\u00e7\u00e3o acima de qualquer prioridade. Devemos isso aos clientes e ao mercado. E claro, tentando minimizar esse impacto com ofertas id\u00eanticas e com valores justos e adequados ao momento e \u00e0 conjetura.<\/p>\n<p><strong>Com o endurecimento da legisla\u00e7\u00e3o em mat\u00e9ria da &#8220;seguran\u00e7a dos componentes&#8221;, a homologa\u00e7\u00e3o de pe\u00e7as de substitui\u00e7\u00e3o pode aumentar, designadamente para o sistema ADAS. Considera que esta situa\u00e7\u00e3o pode condicionar a atividade dos distribuidores de pe\u00e7as aftermarket?<br \/>\n<\/strong>Naturalmente que, caso isso aconte\u00e7a, vamos assistir a v\u00e1rias diferen\u00e7as e \u00e0 institui\u00e7\u00e3o de processos diferentes daqueles a que est\u00e1vamos habituados. Contudo, \u00e9 prov\u00e1vel que seja introduzido ainda mais rigor e profissionalismo num setor que j\u00e1 tem estas caracter\u00edsticas. Quando a qualidade faz parte do ADN de uma marca ou de um grupo, o endurecimento da legisla\u00e7\u00e3o deve ser visto como um refor\u00e7o dessa mesma qualidade e n\u00e3o como uma condicionante.<\/p>\n<p><strong>A base do neg\u00f3cio p\u00f3s-venda autom\u00f3vel \u00e9 o acesso \u00e0 informa\u00e7\u00e3o e aos dados. Como est\u00e1 o bilstein group a adaptar-se e esta nova realidade?<br \/>\n<\/strong>Atrav\u00e9s de uma estrat\u00e9gia vision\u00e1ria e com os olhos postos no futuro e no mercado, o bilstein group tem-se caracterizado pela visibilidade e notoriedade com que consegue atuar. Temos uma organiza\u00e7\u00e3o que contempla a pesquisa e desenvolvimento, onde as novas tecnologias digitais est\u00e3o na primeira linha, afim de garantir que as nossas pe\u00e7as estar\u00e3o vis\u00edveis no futuro, tal como hoje. Oferecendo produtos de qualidade atrav\u00e9s de um servi\u00e7o ao cliente de excel\u00eancia, n\u00e3o temos d\u00favidas de que estaremos sempre mais perto do consumidor.<\/p>\n<p><strong>Como vai ser no futuro a conviv\u00eancia entre as marcas de origem e as de aftermarket?<br \/>\n<\/strong>A forma acertada de ver e olhar para essa nova possibilidade passa por pensar em complementaridade acima de competitividade. N\u00e3o se trata de sabermos quem vai ganhar a maior fatia ou quem se vai destacar. A relev\u00e2ncia passa por olhar para um aftermarket em conjunto, onde existe espa\u00e7o para todos os players e estes est\u00e3o no mesmo patamar. Esta \u00e9 uma das lutas da FIGIEFA.<\/p>\n<p><strong>Considera que a concentra\u00e7\u00e3o do neg\u00f3cio da distribui\u00e7\u00e3o de pe\u00e7as vai continuar na Europa e em particular no nosso pa\u00eds? Quais as vantagens e inconvenientes da concentra\u00e7\u00e3o do neg\u00f3cio de pe\u00e7as?<br \/>\n<\/strong>As tend\u00eancias de mercado s\u00e3o elementos que sofrem v\u00e1rias muta\u00e7\u00f5es e altera\u00e7\u00f5es ao longo do tempo. Acreditamos que \u00e9 um ciclo natural e que, certamente, se ir\u00e1 manter por mais algum tempo, pois as novas tecnologias e perfis de neg\u00f3cio, assim o obrigam. N\u00e3o significa que traga obrigatoriamente vantagens ou inconvenientes, podendo ser apenas mais uma particularidade do aftermarket.<\/p>\n<p><strong>Estamos a assistir a uma polariza\u00e7\u00e3o do parque, com um aumento dos ve\u00edculos mais recentes (at\u00e9 5 anos) e dos mais antigos (mais de 10 anos), enquanto o parque de ve\u00edculos dos 5 a 9 anos est\u00e1 a diminuir. Que efeitos esta situa\u00e7\u00e3o est\u00e1 a causar no com\u00e9rcio de pe\u00e7as?<br \/>\n<\/strong>No nosso caso, n\u00e3o est\u00e1 a causar qualquer efeito, seja ele positivo ou negativo. No bilstein group desenvolvemos pe\u00e7as para ve\u00edculos com 3 meses de idade, mas salvaguardamos sempre stock de pe\u00e7as para ve\u00edculos bastante mais antigos. Desta forma, e pela abrang\u00eancia que introduzimos no mercado, estas situa\u00e7\u00f5es n\u00e3o nos afetam. Acompanhamos as tend\u00eancias e fazemos os ajustes necess\u00e1rios, se for caso disso. As necessidades do mercado s\u00e3o tamb\u00e9m o nosso farol.<\/p>\n<p><strong>Os ve\u00edculos el\u00e9tricos requerem menos manuten\u00e7\u00e3o do que os ve\u00edculos a combust\u00e3o. Como o bilstein group est\u00e1 a preparar-se para compensar as perdas de fatura\u00e7\u00e3o que estes ve\u00edculos v\u00e3o originar?<br \/>\n<\/strong>Novamente, \u00e9 importante encarar estas tend\u00eancias com algum bom senso, de modo a que nos inteiremos das caracter\u00edsticas gerais e espec\u00edficas que estas acarretam. Os ve\u00edculos el\u00e9tricos ou eletrificados podem efetivamente requerer menos manuten\u00e7\u00e3o, mas ao mesmo tempo, v\u00e3o utilizar componentes muito mais complexos, com custos mais elevados, o que acaba por devolver as referidas compensa\u00e7\u00f5es.<\/p>\n<p><strong>Quais ser\u00e3o as maiores amea\u00e7as, e por outro lado, quais ser\u00e3o as maiores oportunidades de toda esta evolu\u00e7\u00e3o do neg\u00f3cio aftermarket?<br \/>\n<\/strong>As amea\u00e7as s\u00f3 s\u00e3o perigosas ou danosas para quem n\u00e3o quer evoluir. Lembramo-nos, muitas vezes, que as amea\u00e7as nos apresentam imensos desafios e, sem d\u00favida que, apesar de poderem trazer dissabores, s\u00e3o sempre as melhores formas de aprender e de crescer. As oportunidades, para aqueles que estejam dispon\u00edveis e abertos \u00e0 mudan\u00e7a, \u00e0 inova\u00e7\u00e3o e adapta\u00e7\u00e3o do seu neg\u00f3cio, sem d\u00favida que v\u00e3o traduzir-se em frutos mais tarde.<\/p>\n<p><strong>Tendo em conta a sua experi\u00eancia no setor da distribui\u00e7\u00e3o de pe\u00e7as, que an\u00e1lise faz do mercado de distribui\u00e7\u00e3o de pe\u00e7as autom\u00f3vel em Portugal e como v\u00ea o futuro dos canais aftermarket e de pe\u00e7as originais?<br \/>\n<\/strong>Apesar das mudan\u00e7as constantes que este setor atravessa, fazendo com que seja de uma capacidade de adapta\u00e7\u00e3o imensa e tamb\u00e9m bastante resistente a altera\u00e7\u00f5es externas, acreditamos que no futuro pode haver apenas um canal de distribui\u00e7\u00e3o, onde coabitam todos.<\/p>\n","protected":false},"excerpt":{"rendered":"<p>\u00a0O bilstein group n\u00e3o para de&#8230;<\/p>\n","protected":false},"author":15,"featured_media":26559,"comment_status":"closed","ping_status":"closed","sticky":false,"template":"","format":"standard","meta":{"footnotes":""},"categories":[38],"tags":[627],"class_list":["post-26547","post","type-post","status-publish","format-standard","has-post-thumbnail","hentry","category-entrevistas","tag-bilstein-group"],"yoast_head":"<!-- This site is optimized with the Yoast SEO plugin v27.4 - https:\/\/yoast.com\/product\/yoast-seo-wordpress\/ -->\n<title>\u201cTemos de ser criativos e colocar a adapta\u00e7\u00e3o como prioridade\u201d, Joaquim Candeias, bilstein group - Jornal das Oficinas<\/title>\n<meta name=\"robots\" content=\"index, follow, max-snippet:-1, max-image-preview:large, max-video-preview:-1\" \/>\n<link rel=\"canonical\" href=\"https:\/\/jornaldasoficinas.com\/pt\/temos-de-ser-criativos-e-colocar-a-adaptacao-como-prioridade-joaquim-candeias-bilstein-group\/\" \/>\n<meta property=\"og:locale\" content=\"pt_PT\" \/>\n<meta property=\"og:type\" content=\"article\" \/>\n<meta property=\"og:title\" content=\"\u201cTemos de ser criativos e colocar a adapta\u00e7\u00e3o como prioridade\u201d, Joaquim Candeias, bilstein group - Jornal das Oficinas\" \/>\n<meta property=\"og:description\" content=\"\u00a0O bilstein group n\u00e3o para de...\" \/>\n<meta property=\"og:url\" content=\"https:\/\/jornaldasoficinas.com\/pt\/temos-de-ser-criativos-e-colocar-a-adaptacao-como-prioridade-joaquim-candeias-bilstein-group\/\" \/>\n<meta property=\"og:site_name\" content=\"Jornal das Oficinas\" \/>\n<meta property=\"article:publisher\" content=\"https:\/\/www.facebook.com\/jornaloficinas\" \/>\n<meta property=\"article:published_time\" content=\"2022-01-09T19:00:28+00:00\" \/>\n<meta property=\"og:image\" content=\"https:\/\/jornaldasoficinas.com\/pt\/wp-content\/uploads\/2022\/01\/Candeias.jpeg\" \/>\n\t<meta property=\"og:image:width\" content=\"1024\" \/>\n\t<meta property=\"og:image:height\" content=\"581\" \/>\n\t<meta property=\"og:image:type\" content=\"image\/jpeg\" \/>\n<meta name=\"author\" content=\"Reda\u00e7\u00e3o JO\" \/>\n<meta name=\"twitter:card\" content=\"summary_large_image\" \/>\n<meta name=\"twitter:creator\" content=\"@jornaloficinas\" \/>\n<meta name=\"twitter:site\" content=\"@jornaloficinas\" \/>\n<meta name=\"twitter:label1\" content=\"Escrito por\" \/>\n\t<meta name=\"twitter:data1\" content=\"Reda\u00e7\u00e3o JO\" \/>\n\t<meta name=\"twitter:label2\" content=\"Tempo estimado de leitura\" \/>\n\t<meta name=\"twitter:data2\" content=\"8 minutos\" \/>\n<script type=\"application\/ld+json\" class=\"yoast-schema-graph\">{\"@context\":\"https:\\\/\\\/schema.org\",\"@graph\":[{\"@type\":\"Article\",\"@id\":\"https:\\\/\\\/jornaldasoficinas.com\\\/pt\\\/temos-de-ser-criativos-e-colocar-a-adaptacao-como-prioridade-joaquim-candeias-bilstein-group\\\/#article\",\"isPartOf\":{\"@id\":\"https:\\\/\\\/jornaldasoficinas.com\\\/pt\\\/temos-de-ser-criativos-e-colocar-a-adaptacao-como-prioridade-joaquim-candeias-bilstein-group\\\/\"},\"author\":{\"name\":\"Reda\u00e7\u00e3o JO\",\"@id\":\"https:\\\/\\\/jornaldasoficinas.com\\\/pt\\\/#\\\/schema\\\/person\\\/a38eef5de2c41d9e7c9ac10141afddf3\"},\"headline\":\"\u201cTemos de ser criativos e colocar a adapta\u00e7\u00e3o como prioridade\u201d, Joaquim Candeias, bilstein group\",\"datePublished\":\"2022-01-09T19:00:28+00:00\",\"mainEntityOfPage\":{\"@id\":\"https:\\\/\\\/jornaldasoficinas.com\\\/pt\\\/temos-de-ser-criativos-e-colocar-a-adaptacao-como-prioridade-joaquim-candeias-bilstein-group\\\/\"},\"wordCount\":1683,\"publisher\":{\"@id\":\"https:\\\/\\\/jornaldasoficinas.com\\\/pt\\\/#organization\"},\"image\":{\"@id\":\"https:\\\/\\\/jornaldasoficinas.com\\\/pt\\\/temos-de-ser-criativos-e-colocar-a-adaptacao-como-prioridade-joaquim-candeias-bilstein-group\\\/#primaryimage\"},\"thumbnailUrl\":\"https:\\\/\\\/jornaldasoficinas.com\\\/pt\\\/wp-content\\\/uploads\\\/2022\\\/01\\\/Candeias.jpeg\",\"keywords\":[\"bilstein group\"],\"articleSection\":[\"Entrevistas\"],\"inLanguage\":\"pt-PT\"},{\"@type\":\"WebPage\",\"@id\":\"https:\\\/\\\/jornaldasoficinas.com\\\/pt\\\/temos-de-ser-criativos-e-colocar-a-adaptacao-como-prioridade-joaquim-candeias-bilstein-group\\\/\",\"url\":\"https:\\\/\\\/jornaldasoficinas.com\\\/pt\\\/temos-de-ser-criativos-e-colocar-a-adaptacao-como-prioridade-joaquim-candeias-bilstein-group\\\/\",\"name\":\"\u201cTemos de ser criativos e colocar a adapta\u00e7\u00e3o como prioridade\u201d, Joaquim Candeias, bilstein group - Jornal das Oficinas\",\"isPartOf\":{\"@id\":\"https:\\\/\\\/jornaldasoficinas.com\\\/pt\\\/#website\"},\"primaryImageOfPage\":{\"@id\":\"https:\\\/\\\/jornaldasoficinas.com\\\/pt\\\/temos-de-ser-criativos-e-colocar-a-adaptacao-como-prioridade-joaquim-candeias-bilstein-group\\\/#primaryimage\"},\"image\":{\"@id\":\"https:\\\/\\\/jornaldasoficinas.com\\\/pt\\\/temos-de-ser-criativos-e-colocar-a-adaptacao-como-prioridade-joaquim-candeias-bilstein-group\\\/#primaryimage\"},\"thumbnailUrl\":\"https:\\\/\\\/jornaldasoficinas.com\\\/pt\\\/wp-content\\\/uploads\\\/2022\\\/01\\\/Candeias.jpeg\",\"datePublished\":\"2022-01-09T19:00:28+00:00\",\"breadcrumb\":{\"@id\":\"https:\\\/\\\/jornaldasoficinas.com\\\/pt\\\/temos-de-ser-criativos-e-colocar-a-adaptacao-como-prioridade-joaquim-candeias-bilstein-group\\\/#breadcrumb\"},\"inLanguage\":\"pt-PT\",\"potentialAction\":[{\"@type\":\"ReadAction\",\"target\":[\"https:\\\/\\\/jornaldasoficinas.com\\\/pt\\\/temos-de-ser-criativos-e-colocar-a-adaptacao-como-prioridade-joaquim-candeias-bilstein-group\\\/\"]}]},{\"@type\":\"ImageObject\",\"inLanguage\":\"pt-PT\",\"@id\":\"https:\\\/\\\/jornaldasoficinas.com\\\/pt\\\/temos-de-ser-criativos-e-colocar-a-adaptacao-como-prioridade-joaquim-candeias-bilstein-group\\\/#primaryimage\",\"url\":\"https:\\\/\\\/jornaldasoficinas.com\\\/pt\\\/wp-content\\\/uploads\\\/2022\\\/01\\\/Candeias.jpeg\",\"contentUrl\":\"https:\\\/\\\/jornaldasoficinas.com\\\/pt\\\/wp-content\\\/uploads\\\/2022\\\/01\\\/Candeias.jpeg\",\"width\":1024,\"height\":581,\"caption\":\"01 - Candeias\"},{\"@type\":\"BreadcrumbList\",\"@id\":\"https:\\\/\\\/jornaldasoficinas.com\\\/pt\\\/temos-de-ser-criativos-e-colocar-a-adaptacao-como-prioridade-joaquim-candeias-bilstein-group\\\/#breadcrumb\",\"itemListElement\":[{\"@type\":\"ListItem\",\"position\":1,\"name\":\"In\u00edcio\",\"item\":\"https:\\\/\\\/jornaldasoficinas.com\\\/pt\\\/\"},{\"@type\":\"ListItem\",\"position\":2,\"name\":\"\u201cTemos de ser criativos e colocar a adapta\u00e7\u00e3o como prioridade\u201d, Joaquim Candeias, bilstein group\"}]},{\"@type\":\"WebSite\",\"@id\":\"https:\\\/\\\/jornaldasoficinas.com\\\/pt\\\/#website\",\"url\":\"https:\\\/\\\/jornaldasoficinas.com\\\/pt\\\/\",\"name\":\"Jornal das Oficinas\",\"description\":\"Jornal independente do Aftermarket Autom\u00f3vel em Portugal\",\"publisher\":{\"@id\":\"https:\\\/\\\/jornaldasoficinas.com\\\/pt\\\/#organization\"},\"potentialAction\":[{\"@type\":\"SearchAction\",\"target\":{\"@type\":\"EntryPoint\",\"urlTemplate\":\"https:\\\/\\\/jornaldasoficinas.com\\\/pt\\\/?s={search_term_string}\"},\"query-input\":{\"@type\":\"PropertyValueSpecification\",\"valueRequired\":true,\"valueName\":\"search_term_string\"}}],\"inLanguage\":\"pt-PT\"},{\"@type\":\"Organization\",\"@id\":\"https:\\\/\\\/jornaldasoficinas.com\\\/pt\\\/#organization\",\"name\":\"Jornal das Oficinas\",\"url\":\"https:\\\/\\\/jornaldasoficinas.com\\\/pt\\\/\",\"logo\":{\"@type\":\"ImageObject\",\"inLanguage\":\"pt-PT\",\"@id\":\"https:\\\/\\\/jornaldasoficinas.com\\\/pt\\\/#\\\/schema\\\/logo\\\/image\\\/\",\"url\":\"https:\\\/\\\/jornaldasoficinas.com\\\/pt\\\/wp-content\\\/uploads\\\/logoJO-SEO.png\",\"contentUrl\":\"https:\\\/\\\/jornaldasoficinas.com\\\/pt\\\/wp-content\\\/uploads\\\/logoJO-SEO.png\",\"width\":285,\"height\":450,\"caption\":\"Jornal das Oficinas\"},\"image\":{\"@id\":\"https:\\\/\\\/jornaldasoficinas.com\\\/pt\\\/#\\\/schema\\\/logo\\\/image\\\/\"},\"sameAs\":[\"https:\\\/\\\/www.facebook.com\\\/jornaloficinas\",\"https:\\\/\\\/x.com\\\/jornaloficinas\",\"https:\\\/\\\/www.instagram.com\\\/jornal_oficinas\\\/\",\"https:\\\/\\\/www.linkedin.com\\\/company\\\/jornal-das-oficinas\\\/\",\"https:\\\/\\\/www.youtube.com\\\/channel\\\/UCbQZBqtcvV-oSQrr7RzINGg\"]},{\"@type\":\"Person\",\"@id\":\"https:\\\/\\\/jornaldasoficinas.com\\\/pt\\\/#\\\/schema\\\/person\\\/a38eef5de2c41d9e7c9ac10141afddf3\",\"name\":\"Reda\u00e7\u00e3o JO\",\"image\":{\"@type\":\"ImageObject\",\"inLanguage\":\"pt-PT\",\"@id\":\"https:\\\/\\\/secure.gravatar.com\\\/avatar\\\/71f2fa71737ad68a84fea94bc708ddac8ea5b0c4788dc2ad202f3ccb2887742f?s=96&d=wp_user_avatar&r=g\",\"url\":\"https:\\\/\\\/secure.gravatar.com\\\/avatar\\\/71f2fa71737ad68a84fea94bc708ddac8ea5b0c4788dc2ad202f3ccb2887742f?s=96&d=wp_user_avatar&r=g\",\"contentUrl\":\"https:\\\/\\\/secure.gravatar.com\\\/avatar\\\/71f2fa71737ad68a84fea94bc708ddac8ea5b0c4788dc2ad202f3ccb2887742f?s=96&d=wp_user_avatar&r=g\",\"caption\":\"Reda\u00e7\u00e3o JO\"},\"url\":\"https:\\\/\\\/jornaldasoficinas.com\\\/pt\\\/author\\\/joredacao\\\/\"}]}<\/script>\n<!-- \/ Yoast SEO plugin. -->","yoast_head_json":{"title":"\u201cTemos de ser criativos e colocar a adapta\u00e7\u00e3o como prioridade\u201d, Joaquim Candeias, bilstein group - Jornal das Oficinas","robots":{"index":"index","follow":"follow","max-snippet":"max-snippet:-1","max-image-preview":"max-image-preview:large","max-video-preview":"max-video-preview:-1"},"canonical":"https:\/\/jornaldasoficinas.com\/pt\/temos-de-ser-criativos-e-colocar-a-adaptacao-como-prioridade-joaquim-candeias-bilstein-group\/","og_locale":"pt_PT","og_type":"article","og_title":"\u201cTemos de ser criativos e colocar a adapta\u00e7\u00e3o como prioridade\u201d, Joaquim Candeias, bilstein group - Jornal das Oficinas","og_description":"\u00a0O bilstein group n\u00e3o para de...","og_url":"https:\/\/jornaldasoficinas.com\/pt\/temos-de-ser-criativos-e-colocar-a-adaptacao-como-prioridade-joaquim-candeias-bilstein-group\/","og_site_name":"Jornal das Oficinas","article_publisher":"https:\/\/www.facebook.com\/jornaloficinas","article_published_time":"2022-01-09T19:00:28+00:00","og_image":[{"width":1024,"height":581,"url":"https:\/\/jornaldasoficinas.com\/pt\/wp-content\/uploads\/2022\/01\/Candeias.jpeg","type":"image\/jpeg"}],"author":"Reda\u00e7\u00e3o JO","twitter_card":"summary_large_image","twitter_creator":"@jornaloficinas","twitter_site":"@jornaloficinas","twitter_misc":{"Escrito por":"Reda\u00e7\u00e3o JO","Tempo estimado de leitura":"8 minutos"},"schema":{"@context":"https:\/\/schema.org","@graph":[{"@type":"Article","@id":"https:\/\/jornaldasoficinas.com\/pt\/temos-de-ser-criativos-e-colocar-a-adaptacao-como-prioridade-joaquim-candeias-bilstein-group\/#article","isPartOf":{"@id":"https:\/\/jornaldasoficinas.com\/pt\/temos-de-ser-criativos-e-colocar-a-adaptacao-como-prioridade-joaquim-candeias-bilstein-group\/"},"author":{"name":"Reda\u00e7\u00e3o JO","@id":"https:\/\/jornaldasoficinas.com\/pt\/#\/schema\/person\/a38eef5de2c41d9e7c9ac10141afddf3"},"headline":"\u201cTemos de ser criativos e colocar a adapta\u00e7\u00e3o como prioridade\u201d, Joaquim Candeias, bilstein group","datePublished":"2022-01-09T19:00:28+00:00","mainEntityOfPage":{"@id":"https:\/\/jornaldasoficinas.com\/pt\/temos-de-ser-criativos-e-colocar-a-adaptacao-como-prioridade-joaquim-candeias-bilstein-group\/"},"wordCount":1683,"publisher":{"@id":"https:\/\/jornaldasoficinas.com\/pt\/#organization"},"image":{"@id":"https:\/\/jornaldasoficinas.com\/pt\/temos-de-ser-criativos-e-colocar-a-adaptacao-como-prioridade-joaquim-candeias-bilstein-group\/#primaryimage"},"thumbnailUrl":"https:\/\/jornaldasoficinas.com\/pt\/wp-content\/uploads\/2022\/01\/Candeias.jpeg","keywords":["bilstein group"],"articleSection":["Entrevistas"],"inLanguage":"pt-PT"},{"@type":"WebPage","@id":"https:\/\/jornaldasoficinas.com\/pt\/temos-de-ser-criativos-e-colocar-a-adaptacao-como-prioridade-joaquim-candeias-bilstein-group\/","url":"https:\/\/jornaldasoficinas.com\/pt\/temos-de-ser-criativos-e-colocar-a-adaptacao-como-prioridade-joaquim-candeias-bilstein-group\/","name":"\u201cTemos de ser criativos e colocar a adapta\u00e7\u00e3o como prioridade\u201d, Joaquim Candeias, bilstein group - Jornal das Oficinas","isPartOf":{"@id":"https:\/\/jornaldasoficinas.com\/pt\/#website"},"primaryImageOfPage":{"@id":"https:\/\/jornaldasoficinas.com\/pt\/temos-de-ser-criativos-e-colocar-a-adaptacao-como-prioridade-joaquim-candeias-bilstein-group\/#primaryimage"},"image":{"@id":"https:\/\/jornaldasoficinas.com\/pt\/temos-de-ser-criativos-e-colocar-a-adaptacao-como-prioridade-joaquim-candeias-bilstein-group\/#primaryimage"},"thumbnailUrl":"https:\/\/jornaldasoficinas.com\/pt\/wp-content\/uploads\/2022\/01\/Candeias.jpeg","datePublished":"2022-01-09T19:00:28+00:00","breadcrumb":{"@id":"https:\/\/jornaldasoficinas.com\/pt\/temos-de-ser-criativos-e-colocar-a-adaptacao-como-prioridade-joaquim-candeias-bilstein-group\/#breadcrumb"},"inLanguage":"pt-PT","potentialAction":[{"@type":"ReadAction","target":["https:\/\/jornaldasoficinas.com\/pt\/temos-de-ser-criativos-e-colocar-a-adaptacao-como-prioridade-joaquim-candeias-bilstein-group\/"]}]},{"@type":"ImageObject","inLanguage":"pt-PT","@id":"https:\/\/jornaldasoficinas.com\/pt\/temos-de-ser-criativos-e-colocar-a-adaptacao-como-prioridade-joaquim-candeias-bilstein-group\/#primaryimage","url":"https:\/\/jornaldasoficinas.com\/pt\/wp-content\/uploads\/2022\/01\/Candeias.jpeg","contentUrl":"https:\/\/jornaldasoficinas.com\/pt\/wp-content\/uploads\/2022\/01\/Candeias.jpeg","width":1024,"height":581,"caption":"01 - Candeias"},{"@type":"BreadcrumbList","@id":"https:\/\/jornaldasoficinas.com\/pt\/temos-de-ser-criativos-e-colocar-a-adaptacao-como-prioridade-joaquim-candeias-bilstein-group\/#breadcrumb","itemListElement":[{"@type":"ListItem","position":1,"name":"In\u00edcio","item":"https:\/\/jornaldasoficinas.com\/pt\/"},{"@type":"ListItem","position":2,"name":"\u201cTemos de ser criativos e colocar a adapta\u00e7\u00e3o como prioridade\u201d, Joaquim Candeias, bilstein group"}]},{"@type":"WebSite","@id":"https:\/\/jornaldasoficinas.com\/pt\/#website","url":"https:\/\/jornaldasoficinas.com\/pt\/","name":"Jornal das Oficinas","description":"Jornal independente do Aftermarket Autom\u00f3vel em Portugal","publisher":{"@id":"https:\/\/jornaldasoficinas.com\/pt\/#organization"},"potentialAction":[{"@type":"SearchAction","target":{"@type":"EntryPoint","urlTemplate":"https:\/\/jornaldasoficinas.com\/pt\/?s={search_term_string}"},"query-input":{"@type":"PropertyValueSpecification","valueRequired":true,"valueName":"search_term_string"}}],"inLanguage":"pt-PT"},{"@type":"Organization","@id":"https:\/\/jornaldasoficinas.com\/pt\/#organization","name":"Jornal das Oficinas","url":"https:\/\/jornaldasoficinas.com\/pt\/","logo":{"@type":"ImageObject","inLanguage":"pt-PT","@id":"https:\/\/jornaldasoficinas.com\/pt\/#\/schema\/logo\/image\/","url":"https:\/\/jornaldasoficinas.com\/pt\/wp-content\/uploads\/logoJO-SEO.png","contentUrl":"https:\/\/jornaldasoficinas.com\/pt\/wp-content\/uploads\/logoJO-SEO.png","width":285,"height":450,"caption":"Jornal das Oficinas"},"image":{"@id":"https:\/\/jornaldasoficinas.com\/pt\/#\/schema\/logo\/image\/"},"sameAs":["https:\/\/www.facebook.com\/jornaloficinas","https:\/\/x.com\/jornaloficinas","https:\/\/www.instagram.com\/jornal_oficinas\/","https:\/\/www.linkedin.com\/company\/jornal-das-oficinas\/","https:\/\/www.youtube.com\/channel\/UCbQZBqtcvV-oSQrr7RzINGg"]},{"@type":"Person","@id":"https:\/\/jornaldasoficinas.com\/pt\/#\/schema\/person\/a38eef5de2c41d9e7c9ac10141afddf3","name":"Reda\u00e7\u00e3o JO","image":{"@type":"ImageObject","inLanguage":"pt-PT","@id":"https:\/\/secure.gravatar.com\/avatar\/71f2fa71737ad68a84fea94bc708ddac8ea5b0c4788dc2ad202f3ccb2887742f?s=96&d=wp_user_avatar&r=g","url":"https:\/\/secure.gravatar.com\/avatar\/71f2fa71737ad68a84fea94bc708ddac8ea5b0c4788dc2ad202f3ccb2887742f?s=96&d=wp_user_avatar&r=g","contentUrl":"https:\/\/secure.gravatar.com\/avatar\/71f2fa71737ad68a84fea94bc708ddac8ea5b0c4788dc2ad202f3ccb2887742f?s=96&d=wp_user_avatar&r=g","caption":"Reda\u00e7\u00e3o JO"},"url":"https:\/\/jornaldasoficinas.com\/pt\/author\/joredacao\/"}]}},"_links":{"self":[{"href":"https:\/\/jornaldasoficinas.com\/pt\/wp-json\/wp\/v2\/posts\/26547","targetHints":{"allow":["GET"]}}],"collection":[{"href":"https:\/\/jornaldasoficinas.com\/pt\/wp-json\/wp\/v2\/posts"}],"about":[{"href":"https:\/\/jornaldasoficinas.com\/pt\/wp-json\/wp\/v2\/types\/post"}],"author":[{"embeddable":true,"href":"https:\/\/jornaldasoficinas.com\/pt\/wp-json\/wp\/v2\/users\/15"}],"replies":[{"embeddable":true,"href":"https:\/\/jornaldasoficinas.com\/pt\/wp-json\/wp\/v2\/comments?post=26547"}],"version-history":[{"count":0,"href":"https:\/\/jornaldasoficinas.com\/pt\/wp-json\/wp\/v2\/posts\/26547\/revisions"}],"wp:featuredmedia":[{"embeddable":true,"href":"https:\/\/jornaldasoficinas.com\/pt\/wp-json\/wp\/v2\/media\/26559"}],"wp:attachment":[{"href":"https:\/\/jornaldasoficinas.com\/pt\/wp-json\/wp\/v2\/media?parent=26547"}],"wp:term":[{"taxonomy":"category","embeddable":true,"href":"https:\/\/jornaldasoficinas.com\/pt\/wp-json\/wp\/v2\/categories?post=26547"},{"taxonomy":"post_tag","embeddable":true,"href":"https:\/\/jornaldasoficinas.com\/pt\/wp-json\/wp\/v2\/tags?post=26547"}],"curies":[{"name":"wp","href":"https:\/\/api.w.org\/{rel}","templated":true}]}}