{"id":26620,"date":"2022-01-12T14:00:29","date_gmt":"2022-01-12T14:00:29","guid":{"rendered":"https:\/\/jornaldasoficinas.com\/pt\/?p=26620"},"modified":"2022-01-12T10:36:18","modified_gmt":"2022-01-12T10:36:18","slug":"quem-nao-perceber-o-caminho-a-seguir-corre-o-risco-de-desaparecer-jorge-costa-mf-pinto","status":"publish","type":"post","link":"https:\/\/jornaldasoficinas.com\/pt\/quem-nao-perceber-o-caminho-a-seguir-corre-o-risco-de-desaparecer-jorge-costa-mf-pinto\/","title":{"rendered":"\u201cQuem n\u00e3o perceber o caminho a seguir corre o risco de desaparecer\u201d, Jorge Costa, MF Pinto"},"content":{"rendered":"<p><img loading=\"lazy\" decoding=\"async\" class=\"alignnone size-full wp-image-26619\" src=\"https:\/\/jornaldasoficinas.com\/pt\/wp-content\/uploads\/2022\/01\/MFPinto.jpeg\" alt=\"01 - MFPinto\" width=\"1024\" height=\"581\" srcset=\"https:\/\/jornaldasoficinas.com\/pt\/wp-content\/uploads\/2022\/01\/MFPinto.jpeg 1024w, https:\/\/jornaldasoficinas.com\/pt\/wp-content\/uploads\/2022\/01\/MFPinto-300x170.jpeg 300w, https:\/\/jornaldasoficinas.com\/pt\/wp-content\/uploads\/2022\/01\/MFPinto-150x85.jpeg 150w, https:\/\/jornaldasoficinas.com\/pt\/wp-content\/uploads\/2022\/01\/MFPinto-768x436.jpeg 768w\" sizes=\"auto, (max-width: 1024px) 100vw, 1024px\" \/><\/p>\n<p><strong>A <a href=\"https:\/\/mfpinto.com\/\" target=\"_blank\" rel=\"noopener\">MF Pinto<\/a>, cuja principal \u00e1rea de neg\u00f3cio s\u00e3o os turbos e respetivos componentes (assim como os equipamentos de repara\u00e7\u00e3o, calibra\u00e7\u00e3o e forma\u00e7\u00e3o), remodelou em 2020 as instala\u00e7\u00f5es na Abrunheira, contando agora com 2.000 m2 de capacidade de armazenamento e uma melhoria do servi\u00e7o prestado.<\/strong><\/p>\n<p>Foi criada uma \u00e1rea t\u00e9cnica para responder com maior celeridade \u00e0s garantias, o que incrementou \u201ca capacidade de resposta e a qualidade do servi\u00e7o\u201d, conta Jorge Costa, diretor geral da MF Pinto, para quem a loja na Maia tamb\u00e9m \u00e9 \u201cuma aposta ganha\u201d.<\/p>\n<p>Apesar da conjuntura dif\u00edcil, a exporta\u00e7\u00e3o est\u00e1 atualmente a funcionar em linha com 2019, e a MF Pinto est\u00e1 ainda presente em Espanha com a Diesel Turbo Systems, que produz a marca DTS, \u201ccom um balan\u00e7o claramente positivo\u201d, pois permite otimizar recursos e aproveitar as sinergias que decorrem, por exemplo, do processo de importa\u00e7\u00e3o comum, em certas marcas.<\/p>\n<p>A empresa tem vindo a diversificar o portef\u00f3lio de marcas e linhas de produto e para 2022 est\u00e1 prevista a incorpora\u00e7\u00e3o de tr\u00eas novas gamas de produtos para \u201calavancar o neg\u00f3cio no mercado portugu\u00eas\u201d, adianta o diretor geral.<\/p>\n<p>Desde h\u00e1 dois anos que a empresa iniciou uma estrat\u00e9gia de diversifica\u00e7\u00e3o de gamas que n\u00e3o dependam do tipo de motor, para compensar eventuais perdas de fatura\u00e7\u00e3o que os ve\u00edculos el\u00e9tricos possam originar e \u201cest\u00e1 a dar resultados. Encaramos a eletrifica\u00e7\u00e3o como um desafio, pois quem n\u00e3o perceber o caminho a seguir corre o risco de desaparecer\u201d, defende.<div class='yrm-content yrm-content-2 yrm-content-hide  ' id='yrm-iIjnf' data-id='2' data-show-status='false' data-after-action='' style=\"visibility: hidden;height: 0;\">\n\t\t\t<div id='yrm-inner-content-yrm-iIjnf' class='yrm-inner-content-wrapper yrm-cntent-2'><\/p>\n<p><strong>Os turbos e respetivos componentes, assim como os equipamentos para repara\u00e7\u00e3o de turbos continuam a ser o neg\u00f3cio principal da MF Pinto?<\/strong><strong><br \/>\n<\/strong>\u00c9 uma das \u00e1reas principais do nosso neg\u00f3cio, onde conseguimos oferecer equipamentos de repara\u00e7\u00e3o e calibra\u00e7\u00e3o, forma\u00e7\u00e3o e fornecimento de todos os componentes necess\u00e1rios \u00e0 repara\u00e7\u00e3o de um Turbo.<\/p>\n<p><strong>Como est\u00e1 a funcionar a vossa atividade de exporta\u00e7\u00e3o? Foi afetada pelos condicionalismos da pandemia?<br \/>\n<\/strong>A exporta\u00e7\u00e3o est\u00e1 em linha com 2019, estamos satisfeitos com o desempenho do nosso departamento, apesar de toda a conjuntura pand\u00e9mica dif\u00edcil.<\/p>\n<p><strong>Est\u00e3o presentes em Espanha com a Diesel Turbo Systems, que produz a marca DTS. Que balan\u00e7o faz desta parceria?<\/strong><br \/>\nO balan\u00e7o \u00e9 claramente positivo, a DTS \u00e9 j\u00e1 uma marca com forte presen\u00e7a na pen\u00ednsula Ib\u00e9rica, esta parceria permite-nos otimizar recursos e aproveitar as sinergias que decorrem por exemplo do processo de importa\u00e7\u00e3o comum, em certas marcas.<\/p>\n<p><strong>Nos \u00faltimos anos a MF Pinto em diversificado o seu portf\u00f3lio de marcas e linhas de produto. Qual o objetivo desta aposta na diversifica\u00e7\u00e3o de marcas e linhas de produto e quais as mais recentes incorpora\u00e7\u00f5es e novidades na vossa oferta para o mercado?<br \/>\n<\/strong>A diversifica\u00e7\u00e3o permitiu-nos complementar os produtos que tradicionalmente os clientes associam \u00e0 empresa, que s\u00e3o Diesel e Turbos. Iremos apresentar em 2022\u00a0 tr\u00eas novas gamas de produtos que consideramos importantes e que nos v\u00e3o permitir alavancar o neg\u00f3cio no mercado Portugu\u00eas.<\/p>\n<p><strong>Ao final de dois anos de pandemia, os efeitos da crise para o neg\u00f3cio da MF Pinto foram piores ou menores do que esperavam?<br \/>\n<\/strong>Foram consideravelmente menores do que esper\u00e1vamos.<\/p>\n<p><strong>Quais os grandes ensinamentos que a pandemia trouxe para a MF Pinto, a n\u00edvel da gest\u00e3o, estrat\u00e9gias comerciais e presta\u00e7\u00e3o de servi\u00e7os?<br \/>\n<\/strong>As empresas t\u00eam que ser din\u00e2micas e r\u00e1pidas a ajustarem-se a novas realidades. Essa flexibilidade \u00e9 essencial \u00e0 sobreviv\u00eancia do neg\u00f3cio, como todos tivemos que desenvolver por exemplo todos os canais digitais.<\/p>\n<p><strong>Como a MF Pinto tem conseguido minimizar o impacto das devolu\u00e7\u00f5es a n\u00edvel de custos e recursos humanos afetos \u00e0 gest\u00e3o dessas devolu\u00e7\u00f5es?<br \/>\n<\/strong>As devolu\u00e7\u00f5es podem ser facilmente um problema no nosso sector. H\u00e1 que haver regras bem definidas sendo essencial manter os clientes bem informados sobre o procedimento a ter. Neste cap\u00edtulo seguimos uma pol\u00edtica bastante rigorosa.<\/p>\n<p><strong>Decorrente de toda esta situa\u00e7\u00e3o pand\u00e9mica, os fornecedores est\u00e3o a ter falhas de stock com alguma relev\u00e2ncia. Que efeitos est\u00e1 a ter na vossa atividade a dificuldade de abastecimento de pe\u00e7as junto dos vossos fornecedores?<br \/>\n<\/strong>Penso que \u00e9 um problema transversal \u00e0 maioria das empresas fornecedoras, falta de mat\u00e9ria prima, atrasos no transporte para s\u00f3 enumerar alguns. No nosso caso tivemos e ainda temos nalguns casos ruturas de stock que tent\u00e1mos minimizar refor\u00e7ando os n\u00edveis de stock.<\/p>\n<p><strong>\u00a0<\/strong><strong>Considera que os pre\u00e7os das pe\u00e7as v\u00e3o aumentar nos pr\u00f3ximos tempos?<br \/>\n<\/strong>Penso que \u00e9 inevit\u00e1vel, a tend\u00eancia \u00e9 claramente essa.<\/p>\n<p><strong>A perda de margem na comercializa\u00e7\u00e3o das pe\u00e7as est\u00e1 a criar dificuldades \u00e0s empresas de distribui\u00e7\u00e3o. Como se pode alterar esta situa\u00e7\u00e3o?<br \/>\n<\/strong>Esse \u00e9 um dos grandes desafios do Aftermarket nacional e quem n\u00e3o perceber isso vai ter grandes dificuldades. H\u00e1 empresas que trabalham para Rappel, com margens que muitas vezes n\u00e3o sustentam sequer a estrutura. S\u00f3 uma gest\u00e3o rigorosa poder\u00e1 salvar muitas empresas.<\/p>\n<p><strong>\u00a0<\/strong><strong>Os fabricantes de autom\u00f3veis est\u00e3o cada vez mais ativos no mercado p\u00f3s-venda. Como vai ser no futuro a conviv\u00eancia entre as marcas de origem e as de aftermarket?<br \/>\n<\/strong>Penso que haver\u00e1 uma coabita\u00e7\u00e3o pac\u00edfica e regulamentada, onde todos possam ganhar.<\/p>\n<p><strong>A concentra\u00e7\u00e3o do neg\u00f3cio da distribui\u00e7\u00e3o de pe\u00e7as \u00e9 uma realidade. Considera que esta tend\u00eancia vai continuar na Europa e em particular no nosso pa\u00eds?<br \/>\n<\/strong>Os tempos recentes t\u00eam nos dito que h\u00e1 de facto uma tend\u00eancia de concentra\u00e7\u00e3o do neg\u00f3cio, em Portugal tamb\u00e9m. As empresas querem ganhar escala, ter acesso a outros cat\u00e1logos e juntam-se em grupos que s\u00e3o centrais de compras internacionais. Na minha opini\u00e3o, como em tudo, h\u00e1 vantagens mas tamb\u00e9m inconvenientes.<\/p>\n<p><strong>Os ve\u00edculos el\u00e9tricos requerem menos manuten\u00e7\u00e3o do que os ve\u00edculos a combust\u00e3o. Como a MF Pinto est\u00e1 a preparar-se para compensar as perdas de fatura\u00e7\u00e3o que estes ve\u00edculos v\u00e3o originar?<br \/>\n<\/strong><strong>\u00a0<\/strong>A nossa estrat\u00e9gia iniciada h\u00e1 2 anos de diversifica\u00e7\u00e3o de gamas de produtos que n\u00e3o dependam do tipo de motor est\u00e1 a dar os seus resultados. Estamos atentos a toda esta mudan\u00e7a de paradigma na ind\u00fastria autom\u00f3vel e encaramos a eletrifica\u00e7\u00e3o como um desafio.<\/p>\n<p><strong>Quais ser\u00e3o as maiores amea\u00e7as e, por outro lado, quais ser\u00e3o as maiores oportunidades de toda esta evolu\u00e7\u00e3o do neg\u00f3cio aftermarket?<br \/>\n<\/strong>Tem que haver for\u00e7osamente um ajuste das empresas \u00e0 nova realidade, quem n\u00e3o perceber o caminho a seguir corre o risco de desaparecer.<\/p>\n<p><strong>Que an\u00e1lise faz do mercado de distribui\u00e7\u00e3o de pe\u00e7as autom\u00f3vel em Portugal e como v\u00ea o futuro dos canais aftermarket e de pe\u00e7as originais?<br \/>\n<\/strong>Vejo o mercado Portugu\u00eas muito saturado, maduro, onde h\u00e1 demasiada oferta e concorr\u00eancia tendo em conta o seu tamanho, \u00e9 um mercado muito limitado.\u00a0 H\u00e1 poucas empresas portuguesas que olham para outros mercados, penso que cada vez mais temos que olhar para fora do nosso ret\u00e2ngulo. No nosso caso \u00e9 na exporta\u00e7\u00e3o onde contamos continuar a crescer.<\/p>\n<p><strong>\u00a0<\/strong><strong>Considera que os canais de distribui\u00e7\u00e3o tradicional v\u00e3o manter-se: Fabricantes \u2013 Distribuidores \u2013 Retalhistas \u2013 Oficinas?<br \/>\n<\/strong>Penso que se ir\u00e3o manter assim por mais alguns anos, n\u00e3o vejo a curto prazo que essa cadeia se altere significativamente.<\/p>\n<p><\/div>\n\t\t<\/div><div class='yrm-btn-wrapper yrm-btn-wrapper-2 yrm-more-button-wrapper  '\n\t\tdata-custom-more-class-name='' data-custom-less-class-name=''><span title='' data-less-title='' data-more-title='' class='yrm-toggle-expand  yrm-toggle-expand-2 ' data-rel='yrm-iIjnf' data-more='Continue a ler' data-less='Menos texto'><span class='yrm-text-wrapper yrm-text-wrapper-custom-dimensions'><span class=\"yrm-button-text-2 yrm-button-text-span\">Continue a ler<\/span><\/span><\/span><\/div><\/p>\n<p>&nbsp;<\/p>\n","protected":false},"excerpt":{"rendered":"<p>A MF Pinto, cuja principal \u00e1rea&#8230;<\/p>\n","protected":false},"author":15,"featured_media":26619,"comment_status":"closed","ping_status":"closed","sticky":false,"template":"","format":"standard","meta":{"footnotes":""},"categories":[38],"tags":[1990],"class_list":["post-26620","post","type-post","status-publish","format-standard","has-post-thumbnail","hentry","category-entrevistas","tag-mf-pinto"],"yoast_head":"<!-- This site is optimized with the Yoast SEO plugin v27.4 - https:\/\/yoast.com\/product\/yoast-seo-wordpress\/ -->\n<title>\u201cQuem n\u00e3o perceber o caminho a seguir corre o risco de desaparecer\u201d, Jorge Costa, MF Pinto - Jornal das Oficinas<\/title>\n<meta name=\"robots\" content=\"index, follow, max-snippet:-1, max-image-preview:large, max-video-preview:-1\" \/>\n<link rel=\"canonical\" href=\"https:\/\/jornaldasoficinas.com\/pt\/quem-nao-perceber-o-caminho-a-seguir-corre-o-risco-de-desaparecer-jorge-costa-mf-pinto\/\" \/>\n<meta property=\"og:locale\" content=\"pt_PT\" \/>\n<meta property=\"og:type\" content=\"article\" \/>\n<meta property=\"og:title\" content=\"\u201cQuem n\u00e3o perceber o caminho a seguir corre o risco de desaparecer\u201d, Jorge Costa, MF Pinto - Jornal das Oficinas\" \/>\n<meta property=\"og:description\" content=\"A MF Pinto, cuja principal \u00e1rea...\" \/>\n<meta property=\"og:url\" content=\"https:\/\/jornaldasoficinas.com\/pt\/quem-nao-perceber-o-caminho-a-seguir-corre-o-risco-de-desaparecer-jorge-costa-mf-pinto\/\" \/>\n<meta property=\"og:site_name\" content=\"Jornal das Oficinas\" \/>\n<meta property=\"article:publisher\" content=\"https:\/\/www.facebook.com\/jornaloficinas\" \/>\n<meta property=\"article:published_time\" content=\"2022-01-12T14:00:29+00:00\" \/>\n<meta property=\"og:image\" content=\"https:\/\/jornaldasoficinas.com\/pt\/wp-content\/uploads\/2022\/01\/MFPinto.jpeg\" \/>\n\t<meta property=\"og:image:width\" content=\"1024\" \/>\n\t<meta property=\"og:image:height\" content=\"581\" \/>\n\t<meta property=\"og:image:type\" content=\"image\/jpeg\" \/>\n<meta name=\"author\" content=\"Reda\u00e7\u00e3o JO\" \/>\n<meta name=\"twitter:card\" content=\"summary_large_image\" \/>\n<meta name=\"twitter:creator\" content=\"@jornaloficinas\" \/>\n<meta name=\"twitter:site\" content=\"@jornaloficinas\" \/>\n<meta name=\"twitter:label1\" content=\"Escrito por\" \/>\n\t<meta name=\"twitter:data1\" content=\"Reda\u00e7\u00e3o JO\" \/>\n\t<meta name=\"twitter:label2\" content=\"Tempo estimado de leitura\" \/>\n\t<meta name=\"twitter:data2\" content=\"7 minutos\" \/>\n<script type=\"application\/ld+json\" class=\"yoast-schema-graph\">{\"@context\":\"https:\\\/\\\/schema.org\",\"@graph\":[{\"@type\":\"Article\",\"@id\":\"https:\\\/\\\/jornaldasoficinas.com\\\/pt\\\/quem-nao-perceber-o-caminho-a-seguir-corre-o-risco-de-desaparecer-jorge-costa-mf-pinto\\\/#article\",\"isPartOf\":{\"@id\":\"https:\\\/\\\/jornaldasoficinas.com\\\/pt\\\/quem-nao-perceber-o-caminho-a-seguir-corre-o-risco-de-desaparecer-jorge-costa-mf-pinto\\\/\"},\"author\":{\"name\":\"Reda\u00e7\u00e3o JO\",\"@id\":\"https:\\\/\\\/jornaldasoficinas.com\\\/pt\\\/#\\\/schema\\\/person\\\/a38eef5de2c41d9e7c9ac10141afddf3\"},\"headline\":\"\u201cQuem n\u00e3o perceber o caminho a seguir corre o risco de desaparecer\u201d, Jorge Costa, MF Pinto\",\"datePublished\":\"2022-01-12T14:00:29+00:00\",\"mainEntityOfPage\":{\"@id\":\"https:\\\/\\\/jornaldasoficinas.com\\\/pt\\\/quem-nao-perceber-o-caminho-a-seguir-corre-o-risco-de-desaparecer-jorge-costa-mf-pinto\\\/\"},\"wordCount\":1273,\"publisher\":{\"@id\":\"https:\\\/\\\/jornaldasoficinas.com\\\/pt\\\/#organization\"},\"image\":{\"@id\":\"https:\\\/\\\/jornaldasoficinas.com\\\/pt\\\/quem-nao-perceber-o-caminho-a-seguir-corre-o-risco-de-desaparecer-jorge-costa-mf-pinto\\\/#primaryimage\"},\"thumbnailUrl\":\"https:\\\/\\\/jornaldasoficinas.com\\\/pt\\\/wp-content\\\/uploads\\\/2022\\\/01\\\/MFPinto.jpeg\",\"keywords\":[\"MF Pinto\"],\"articleSection\":[\"Entrevistas\"],\"inLanguage\":\"pt-PT\"},{\"@type\":\"WebPage\",\"@id\":\"https:\\\/\\\/jornaldasoficinas.com\\\/pt\\\/quem-nao-perceber-o-caminho-a-seguir-corre-o-risco-de-desaparecer-jorge-costa-mf-pinto\\\/\",\"url\":\"https:\\\/\\\/jornaldasoficinas.com\\\/pt\\\/quem-nao-perceber-o-caminho-a-seguir-corre-o-risco-de-desaparecer-jorge-costa-mf-pinto\\\/\",\"name\":\"\u201cQuem n\u00e3o perceber o caminho a seguir corre o risco de desaparecer\u201d, Jorge Costa, MF Pinto - Jornal das Oficinas\",\"isPartOf\":{\"@id\":\"https:\\\/\\\/jornaldasoficinas.com\\\/pt\\\/#website\"},\"primaryImageOfPage\":{\"@id\":\"https:\\\/\\\/jornaldasoficinas.com\\\/pt\\\/quem-nao-perceber-o-caminho-a-seguir-corre-o-risco-de-desaparecer-jorge-costa-mf-pinto\\\/#primaryimage\"},\"image\":{\"@id\":\"https:\\\/\\\/jornaldasoficinas.com\\\/pt\\\/quem-nao-perceber-o-caminho-a-seguir-corre-o-risco-de-desaparecer-jorge-costa-mf-pinto\\\/#primaryimage\"},\"thumbnailUrl\":\"https:\\\/\\\/jornaldasoficinas.com\\\/pt\\\/wp-content\\\/uploads\\\/2022\\\/01\\\/MFPinto.jpeg\",\"datePublished\":\"2022-01-12T14:00:29+00:00\",\"breadcrumb\":{\"@id\":\"https:\\\/\\\/jornaldasoficinas.com\\\/pt\\\/quem-nao-perceber-o-caminho-a-seguir-corre-o-risco-de-desaparecer-jorge-costa-mf-pinto\\\/#breadcrumb\"},\"inLanguage\":\"pt-PT\",\"potentialAction\":[{\"@type\":\"ReadAction\",\"target\":[\"https:\\\/\\\/jornaldasoficinas.com\\\/pt\\\/quem-nao-perceber-o-caminho-a-seguir-corre-o-risco-de-desaparecer-jorge-costa-mf-pinto\\\/\"]}]},{\"@type\":\"ImageObject\",\"inLanguage\":\"pt-PT\",\"@id\":\"https:\\\/\\\/jornaldasoficinas.com\\\/pt\\\/quem-nao-perceber-o-caminho-a-seguir-corre-o-risco-de-desaparecer-jorge-costa-mf-pinto\\\/#primaryimage\",\"url\":\"https:\\\/\\\/jornaldasoficinas.com\\\/pt\\\/wp-content\\\/uploads\\\/2022\\\/01\\\/MFPinto.jpeg\",\"contentUrl\":\"https:\\\/\\\/jornaldasoficinas.com\\\/pt\\\/wp-content\\\/uploads\\\/2022\\\/01\\\/MFPinto.jpeg\",\"width\":1024,\"height\":581,\"caption\":\"01 - MFPinto\"},{\"@type\":\"BreadcrumbList\",\"@id\":\"https:\\\/\\\/jornaldasoficinas.com\\\/pt\\\/quem-nao-perceber-o-caminho-a-seguir-corre-o-risco-de-desaparecer-jorge-costa-mf-pinto\\\/#breadcrumb\",\"itemListElement\":[{\"@type\":\"ListItem\",\"position\":1,\"name\":\"In\u00edcio\",\"item\":\"https:\\\/\\\/jornaldasoficinas.com\\\/pt\\\/\"},{\"@type\":\"ListItem\",\"position\":2,\"name\":\"\u201cQuem n\u00e3o perceber o caminho a seguir corre o risco de desaparecer\u201d, Jorge Costa, MF Pinto\"}]},{\"@type\":\"WebSite\",\"@id\":\"https:\\\/\\\/jornaldasoficinas.com\\\/pt\\\/#website\",\"url\":\"https:\\\/\\\/jornaldasoficinas.com\\\/pt\\\/\",\"name\":\"Jornal das Oficinas\",\"description\":\"Jornal independente do Aftermarket Autom\u00f3vel em Portugal\",\"publisher\":{\"@id\":\"https:\\\/\\\/jornaldasoficinas.com\\\/pt\\\/#organization\"},\"potentialAction\":[{\"@type\":\"SearchAction\",\"target\":{\"@type\":\"EntryPoint\",\"urlTemplate\":\"https:\\\/\\\/jornaldasoficinas.com\\\/pt\\\/?s={search_term_string}\"},\"query-input\":{\"@type\":\"PropertyValueSpecification\",\"valueRequired\":true,\"valueName\":\"search_term_string\"}}],\"inLanguage\":\"pt-PT\"},{\"@type\":\"Organization\",\"@id\":\"https:\\\/\\\/jornaldasoficinas.com\\\/pt\\\/#organization\",\"name\":\"Jornal das Oficinas\",\"url\":\"https:\\\/\\\/jornaldasoficinas.com\\\/pt\\\/\",\"logo\":{\"@type\":\"ImageObject\",\"inLanguage\":\"pt-PT\",\"@id\":\"https:\\\/\\\/jornaldasoficinas.com\\\/pt\\\/#\\\/schema\\\/logo\\\/image\\\/\",\"url\":\"https:\\\/\\\/jornaldasoficinas.com\\\/pt\\\/wp-content\\\/uploads\\\/logoJO-SEO.png\",\"contentUrl\":\"https:\\\/\\\/jornaldasoficinas.com\\\/pt\\\/wp-content\\\/uploads\\\/logoJO-SEO.png\",\"width\":285,\"height\":450,\"caption\":\"Jornal das Oficinas\"},\"image\":{\"@id\":\"https:\\\/\\\/jornaldasoficinas.com\\\/pt\\\/#\\\/schema\\\/logo\\\/image\\\/\"},\"sameAs\":[\"https:\\\/\\\/www.facebook.com\\\/jornaloficinas\",\"https:\\\/\\\/x.com\\\/jornaloficinas\",\"https:\\\/\\\/www.instagram.com\\\/jornal_oficinas\\\/\",\"https:\\\/\\\/www.linkedin.com\\\/company\\\/jornal-das-oficinas\\\/\",\"https:\\\/\\\/www.youtube.com\\\/channel\\\/UCbQZBqtcvV-oSQrr7RzINGg\"]},{\"@type\":\"Person\",\"@id\":\"https:\\\/\\\/jornaldasoficinas.com\\\/pt\\\/#\\\/schema\\\/person\\\/a38eef5de2c41d9e7c9ac10141afddf3\",\"name\":\"Reda\u00e7\u00e3o JO\",\"image\":{\"@type\":\"ImageObject\",\"inLanguage\":\"pt-PT\",\"@id\":\"https:\\\/\\\/secure.gravatar.com\\\/avatar\\\/71f2fa71737ad68a84fea94bc708ddac8ea5b0c4788dc2ad202f3ccb2887742f?s=96&d=wp_user_avatar&r=g\",\"url\":\"https:\\\/\\\/secure.gravatar.com\\\/avatar\\\/71f2fa71737ad68a84fea94bc708ddac8ea5b0c4788dc2ad202f3ccb2887742f?s=96&d=wp_user_avatar&r=g\",\"contentUrl\":\"https:\\\/\\\/secure.gravatar.com\\\/avatar\\\/71f2fa71737ad68a84fea94bc708ddac8ea5b0c4788dc2ad202f3ccb2887742f?s=96&d=wp_user_avatar&r=g\",\"caption\":\"Reda\u00e7\u00e3o JO\"},\"url\":\"https:\\\/\\\/jornaldasoficinas.com\\\/pt\\\/author\\\/joredacao\\\/\"}]}<\/script>\n<!-- \/ Yoast SEO plugin. -->","yoast_head_json":{"title":"\u201cQuem n\u00e3o perceber o caminho a seguir corre o risco de desaparecer\u201d, Jorge Costa, MF Pinto - Jornal das Oficinas","robots":{"index":"index","follow":"follow","max-snippet":"max-snippet:-1","max-image-preview":"max-image-preview:large","max-video-preview":"max-video-preview:-1"},"canonical":"https:\/\/jornaldasoficinas.com\/pt\/quem-nao-perceber-o-caminho-a-seguir-corre-o-risco-de-desaparecer-jorge-costa-mf-pinto\/","og_locale":"pt_PT","og_type":"article","og_title":"\u201cQuem n\u00e3o perceber o caminho a seguir corre o risco de desaparecer\u201d, Jorge Costa, MF Pinto - Jornal das Oficinas","og_description":"A MF Pinto, cuja principal \u00e1rea...","og_url":"https:\/\/jornaldasoficinas.com\/pt\/quem-nao-perceber-o-caminho-a-seguir-corre-o-risco-de-desaparecer-jorge-costa-mf-pinto\/","og_site_name":"Jornal das Oficinas","article_publisher":"https:\/\/www.facebook.com\/jornaloficinas","article_published_time":"2022-01-12T14:00:29+00:00","og_image":[{"width":1024,"height":581,"url":"https:\/\/jornaldasoficinas.com\/pt\/wp-content\/uploads\/2022\/01\/MFPinto.jpeg","type":"image\/jpeg"}],"author":"Reda\u00e7\u00e3o JO","twitter_card":"summary_large_image","twitter_creator":"@jornaloficinas","twitter_site":"@jornaloficinas","twitter_misc":{"Escrito por":"Reda\u00e7\u00e3o JO","Tempo estimado de leitura":"7 minutos"},"schema":{"@context":"https:\/\/schema.org","@graph":[{"@type":"Article","@id":"https:\/\/jornaldasoficinas.com\/pt\/quem-nao-perceber-o-caminho-a-seguir-corre-o-risco-de-desaparecer-jorge-costa-mf-pinto\/#article","isPartOf":{"@id":"https:\/\/jornaldasoficinas.com\/pt\/quem-nao-perceber-o-caminho-a-seguir-corre-o-risco-de-desaparecer-jorge-costa-mf-pinto\/"},"author":{"name":"Reda\u00e7\u00e3o JO","@id":"https:\/\/jornaldasoficinas.com\/pt\/#\/schema\/person\/a38eef5de2c41d9e7c9ac10141afddf3"},"headline":"\u201cQuem n\u00e3o perceber o caminho a seguir corre o risco de desaparecer\u201d, Jorge Costa, MF Pinto","datePublished":"2022-01-12T14:00:29+00:00","mainEntityOfPage":{"@id":"https:\/\/jornaldasoficinas.com\/pt\/quem-nao-perceber-o-caminho-a-seguir-corre-o-risco-de-desaparecer-jorge-costa-mf-pinto\/"},"wordCount":1273,"publisher":{"@id":"https:\/\/jornaldasoficinas.com\/pt\/#organization"},"image":{"@id":"https:\/\/jornaldasoficinas.com\/pt\/quem-nao-perceber-o-caminho-a-seguir-corre-o-risco-de-desaparecer-jorge-costa-mf-pinto\/#primaryimage"},"thumbnailUrl":"https:\/\/jornaldasoficinas.com\/pt\/wp-content\/uploads\/2022\/01\/MFPinto.jpeg","keywords":["MF Pinto"],"articleSection":["Entrevistas"],"inLanguage":"pt-PT"},{"@type":"WebPage","@id":"https:\/\/jornaldasoficinas.com\/pt\/quem-nao-perceber-o-caminho-a-seguir-corre-o-risco-de-desaparecer-jorge-costa-mf-pinto\/","url":"https:\/\/jornaldasoficinas.com\/pt\/quem-nao-perceber-o-caminho-a-seguir-corre-o-risco-de-desaparecer-jorge-costa-mf-pinto\/","name":"\u201cQuem n\u00e3o perceber o caminho a seguir corre o risco de desaparecer\u201d, Jorge Costa, MF Pinto - Jornal das Oficinas","isPartOf":{"@id":"https:\/\/jornaldasoficinas.com\/pt\/#website"},"primaryImageOfPage":{"@id":"https:\/\/jornaldasoficinas.com\/pt\/quem-nao-perceber-o-caminho-a-seguir-corre-o-risco-de-desaparecer-jorge-costa-mf-pinto\/#primaryimage"},"image":{"@id":"https:\/\/jornaldasoficinas.com\/pt\/quem-nao-perceber-o-caminho-a-seguir-corre-o-risco-de-desaparecer-jorge-costa-mf-pinto\/#primaryimage"},"thumbnailUrl":"https:\/\/jornaldasoficinas.com\/pt\/wp-content\/uploads\/2022\/01\/MFPinto.jpeg","datePublished":"2022-01-12T14:00:29+00:00","breadcrumb":{"@id":"https:\/\/jornaldasoficinas.com\/pt\/quem-nao-perceber-o-caminho-a-seguir-corre-o-risco-de-desaparecer-jorge-costa-mf-pinto\/#breadcrumb"},"inLanguage":"pt-PT","potentialAction":[{"@type":"ReadAction","target":["https:\/\/jornaldasoficinas.com\/pt\/quem-nao-perceber-o-caminho-a-seguir-corre-o-risco-de-desaparecer-jorge-costa-mf-pinto\/"]}]},{"@type":"ImageObject","inLanguage":"pt-PT","@id":"https:\/\/jornaldasoficinas.com\/pt\/quem-nao-perceber-o-caminho-a-seguir-corre-o-risco-de-desaparecer-jorge-costa-mf-pinto\/#primaryimage","url":"https:\/\/jornaldasoficinas.com\/pt\/wp-content\/uploads\/2022\/01\/MFPinto.jpeg","contentUrl":"https:\/\/jornaldasoficinas.com\/pt\/wp-content\/uploads\/2022\/01\/MFPinto.jpeg","width":1024,"height":581,"caption":"01 - MFPinto"},{"@type":"BreadcrumbList","@id":"https:\/\/jornaldasoficinas.com\/pt\/quem-nao-perceber-o-caminho-a-seguir-corre-o-risco-de-desaparecer-jorge-costa-mf-pinto\/#breadcrumb","itemListElement":[{"@type":"ListItem","position":1,"name":"In\u00edcio","item":"https:\/\/jornaldasoficinas.com\/pt\/"},{"@type":"ListItem","position":2,"name":"\u201cQuem n\u00e3o perceber o caminho a seguir corre o risco de desaparecer\u201d, Jorge Costa, MF Pinto"}]},{"@type":"WebSite","@id":"https:\/\/jornaldasoficinas.com\/pt\/#website","url":"https:\/\/jornaldasoficinas.com\/pt\/","name":"Jornal das Oficinas","description":"Jornal independente do Aftermarket Autom\u00f3vel em Portugal","publisher":{"@id":"https:\/\/jornaldasoficinas.com\/pt\/#organization"},"potentialAction":[{"@type":"SearchAction","target":{"@type":"EntryPoint","urlTemplate":"https:\/\/jornaldasoficinas.com\/pt\/?s={search_term_string}"},"query-input":{"@type":"PropertyValueSpecification","valueRequired":true,"valueName":"search_term_string"}}],"inLanguage":"pt-PT"},{"@type":"Organization","@id":"https:\/\/jornaldasoficinas.com\/pt\/#organization","name":"Jornal das Oficinas","url":"https:\/\/jornaldasoficinas.com\/pt\/","logo":{"@type":"ImageObject","inLanguage":"pt-PT","@id":"https:\/\/jornaldasoficinas.com\/pt\/#\/schema\/logo\/image\/","url":"https:\/\/jornaldasoficinas.com\/pt\/wp-content\/uploads\/logoJO-SEO.png","contentUrl":"https:\/\/jornaldasoficinas.com\/pt\/wp-content\/uploads\/logoJO-SEO.png","width":285,"height":450,"caption":"Jornal das Oficinas"},"image":{"@id":"https:\/\/jornaldasoficinas.com\/pt\/#\/schema\/logo\/image\/"},"sameAs":["https:\/\/www.facebook.com\/jornaloficinas","https:\/\/x.com\/jornaloficinas","https:\/\/www.instagram.com\/jornal_oficinas\/","https:\/\/www.linkedin.com\/company\/jornal-das-oficinas\/","https:\/\/www.youtube.com\/channel\/UCbQZBqtcvV-oSQrr7RzINGg"]},{"@type":"Person","@id":"https:\/\/jornaldasoficinas.com\/pt\/#\/schema\/person\/a38eef5de2c41d9e7c9ac10141afddf3","name":"Reda\u00e7\u00e3o JO","image":{"@type":"ImageObject","inLanguage":"pt-PT","@id":"https:\/\/secure.gravatar.com\/avatar\/71f2fa71737ad68a84fea94bc708ddac8ea5b0c4788dc2ad202f3ccb2887742f?s=96&d=wp_user_avatar&r=g","url":"https:\/\/secure.gravatar.com\/avatar\/71f2fa71737ad68a84fea94bc708ddac8ea5b0c4788dc2ad202f3ccb2887742f?s=96&d=wp_user_avatar&r=g","contentUrl":"https:\/\/secure.gravatar.com\/avatar\/71f2fa71737ad68a84fea94bc708ddac8ea5b0c4788dc2ad202f3ccb2887742f?s=96&d=wp_user_avatar&r=g","caption":"Reda\u00e7\u00e3o JO"},"url":"https:\/\/jornaldasoficinas.com\/pt\/author\/joredacao\/"}]}},"_links":{"self":[{"href":"https:\/\/jornaldasoficinas.com\/pt\/wp-json\/wp\/v2\/posts\/26620","targetHints":{"allow":["GET"]}}],"collection":[{"href":"https:\/\/jornaldasoficinas.com\/pt\/wp-json\/wp\/v2\/posts"}],"about":[{"href":"https:\/\/jornaldasoficinas.com\/pt\/wp-json\/wp\/v2\/types\/post"}],"author":[{"embeddable":true,"href":"https:\/\/jornaldasoficinas.com\/pt\/wp-json\/wp\/v2\/users\/15"}],"replies":[{"embeddable":true,"href":"https:\/\/jornaldasoficinas.com\/pt\/wp-json\/wp\/v2\/comments?post=26620"}],"version-history":[{"count":0,"href":"https:\/\/jornaldasoficinas.com\/pt\/wp-json\/wp\/v2\/posts\/26620\/revisions"}],"wp:featuredmedia":[{"embeddable":true,"href":"https:\/\/jornaldasoficinas.com\/pt\/wp-json\/wp\/v2\/media\/26619"}],"wp:attachment":[{"href":"https:\/\/jornaldasoficinas.com\/pt\/wp-json\/wp\/v2\/media?parent=26620"}],"wp:term":[{"taxonomy":"category","embeddable":true,"href":"https:\/\/jornaldasoficinas.com\/pt\/wp-json\/wp\/v2\/categories?post=26620"},{"taxonomy":"post_tag","embeddable":true,"href":"https:\/\/jornaldasoficinas.com\/pt\/wp-json\/wp\/v2\/tags?post=26620"}],"curies":[{"name":"wp","href":"https:\/\/api.w.org\/{rel}","templated":true}]}}