{"id":26622,"date":"2022-01-12T16:00:21","date_gmt":"2022-01-12T16:00:21","guid":{"rendered":"https:\/\/jornaldasoficinas.com\/pt\/?p=26622"},"modified":"2022-01-12T10:45:57","modified_gmt":"2022-01-12T10:45:57","slug":"concentracao-do-negocio","status":"publish","type":"post","link":"https:\/\/jornaldasoficinas.com\/pt\/concentracao-do-negocio\/","title":{"rendered":"Concentra\u00e7\u00e3o do neg\u00f3cio"},"content":{"rendered":"<p><strong><img loading=\"lazy\" decoding=\"async\" class=\"alignnone size-full wp-image-26617\" src=\"https:\/\/jornaldasoficinas.com\/pt\/wp-content\/uploads\/2022\/01\/Concentracao-no-negocio.jpeg\" alt=\"01 - Concentracao-no-negocio\" width=\"1024\" height=\"581\" srcset=\"https:\/\/jornaldasoficinas.com\/pt\/wp-content\/uploads\/2022\/01\/Concentracao-no-negocio.jpeg 1024w, https:\/\/jornaldasoficinas.com\/pt\/wp-content\/uploads\/2022\/01\/Concentracao-no-negocio-300x170.jpeg 300w, https:\/\/jornaldasoficinas.com\/pt\/wp-content\/uploads\/2022\/01\/Concentracao-no-negocio-150x85.jpeg 150w, https:\/\/jornaldasoficinas.com\/pt\/wp-content\/uploads\/2022\/01\/Concentracao-no-negocio-768x436.jpeg 768w\" sizes=\"auto, (max-width: 1024px) 100vw, 1024px\" \/><\/strong><\/p>\n<p><strong>Uma concentra\u00e7\u00e3o de neg\u00f3cio, seja em que setor for, obriga as empresas a diferenciarem\u00ad\u2011se. \u00c9 necess\u00e1rio que haja uma proposta de valor que seja compreendida pelos clientes, e esse deve ser o grande objetivo: oferecer qualidade a pre\u00e7os competitivos, no tempo certo e respeitando as regras do mercado.<\/strong><\/p>\n<p>A concentra\u00e7\u00e3o do neg\u00f3cio da distribui\u00e7\u00e3o de pe\u00e7as tem vindo a ser feita faz j\u00e1 mais de uma d\u00e9cada e continuar\u00e1 a seguir o seu caminho. A dimens\u00e3o de grandes grupos de distribui\u00e7\u00e3o s\u00e3o muito interessantes, mas tamb\u00e9m t\u00eam os seus desafios que uma PME pode contornar, como a decis\u00e3o r\u00e1pida e o empres\u00e1rio que est\u00e1 diariamente no neg\u00f3cio, conhecendo a sua equipa e os seus clientes.<\/p>\n<p>A necessidade de abranger mais clientes no mercado, ou at\u00e9 mesmo, explorar novos mercados, faz com que os distribuidores unam esfor\u00e7os sob uma marca \u00fanica que partilha os mesmos interesses. \u00c9 mais f\u00e1cil atuar no mercado enquanto uma rede do que enquanto players individuais. Este fen\u00f3meno verifica\u00ad\u2011se h\u00e1 muito no conceito de rede de oficinas. A principal vantagem deste modelo \u00e9 o concertar de pre\u00e7os entre distribuidores, que permite uma maior reten\u00e7\u00e3o de margem e uma viabilidade de neg\u00f3cio maior. Do ponto de vista das oficinas e casas de pe\u00e7as mostra\u00ad\u2011se uma desvantagem pois quanto menos distribuidores no mercado, menor o seu poder negocial. No entanto um distribuidor mais robusto, significa um n\u00edvel de servi\u00e7o melhor, o que significa maior rapidez na aquisi\u00e7\u00e3o do material, menos tempo por repara\u00e7\u00e3o, mais repara\u00e7\u00f5es e consequentemente mais fatura\u00e7\u00e3o.<\/p>\n<p>A Europa genericamente est\u00e1 mais avan\u00e7ada neste processo de concentra\u00e7\u00e3o, mas Portugal ir\u00e1 aproximar\u00ad\u2011se desta realidade a par e passo. O benef\u00edcio de economias de escala das grandes estruturas que possam permitir em \u00faltima inst\u00e2ncia um pre\u00e7o mais favor\u00e1vel para o cliente final, imprimem necessariamente maior profissionalismo ao sector com processos e crit\u00e9rios comerciais bem estabelecidos. No reverso da medalha as grandes estruturas deixam de conseguir um enfoque regional que acompanhe as especificidades de cada mercado e t\u00eam uma resposta menos rica em nichos de mercado que estruturas mais pequenas d\u00e3o import\u00e2ncia.<br \/>\nO fen\u00f3meno da concentra\u00e7\u00e3o est\u00e1 em marcha e v\u00e3o continuar a aparecer Novos Grupos e a desenvolverem\u00ad\u2011se os atuais. Havendo pr\u00f3s e contras, \u00e9 algo inevit\u00e1vel. Como vantagens, eventualmente aumenta\u00ad\u2011se a margem de negocia\u00e7\u00e3o, o poder de compra, a oferta para os clientes torna\u00ad\u2011se maior e mais diversificada, entre outros benef\u00edcios\u2026<\/p>\n<p>Em Portugal j\u00e1 se verificaram alguns fen\u00f3menos de concentra\u00e7\u00e3o ao n\u00edvel dos distribuidores e tem sido not\u00f3rio o crescimento dos grupos de retalhistas que, dessa forma, tentam ganhos de escala para os seus neg\u00f3cios. Se os ganhos de escala fruto do crescimento s\u00e3o uma realidade, a verdade \u00e9 que, tornando\u00ad\u2011se grandes demais, estas entidades poder\u00e3o perder rapidez e agilidade na rela\u00e7\u00e3o com o mercado e, consequentemente desperdi\u00e7ar boas oportunidades de neg\u00f3cio.<\/p>\n<p>A tend\u00eancia de concentra\u00e7\u00e3o ir\u00e1 continuar, e no nosso pa\u00eds passar\u00e1 pela iberiza\u00e7\u00e3o da distribui\u00e7\u00e3o. Normalmente a concentra\u00e7\u00e3o dita a lei do mais forte, e estas estruturas maiores conseguem mais efici\u00eancia na distribui\u00e7\u00e3o e otimiza\u00e7\u00e3o da compra, o que vai provocar mais press\u00e3o sobre o pre\u00e7o. Quem n\u00e3o tiver capacidade de ombrear com estas estruturas, vai sucumbir.<\/p>\n","protected":false},"excerpt":{"rendered":"<p>Uma concentra\u00e7\u00e3o de neg\u00f3cio, seja em&#8230;<\/p>\n","protected":false},"author":15,"featured_media":26617,"comment_status":"closed","ping_status":"closed","sticky":false,"template":"","format":"standard","meta":{"footnotes":""},"categories":[37],"tags":[],"class_list":["post-26622","post","type-post","status-publish","format-standard","has-post-thumbnail","hentry","category-mercado"],"yoast_head":"<!-- This site is optimized with the Yoast SEO plugin v27.4 - https:\/\/yoast.com\/product\/yoast-seo-wordpress\/ -->\n<title>Concentra\u00e7\u00e3o do neg\u00f3cio - Jornal das Oficinas<\/title>\n<meta name=\"robots\" content=\"index, follow, max-snippet:-1, max-image-preview:large, max-video-preview:-1\" \/>\n<link rel=\"canonical\" href=\"https:\/\/jornaldasoficinas.com\/pt\/concentracao-do-negocio\/\" \/>\n<meta property=\"og:locale\" content=\"pt_PT\" \/>\n<meta property=\"og:type\" content=\"article\" \/>\n<meta property=\"og:title\" content=\"Concentra\u00e7\u00e3o do neg\u00f3cio - Jornal das Oficinas\" \/>\n<meta property=\"og:description\" content=\"Uma concentra\u00e7\u00e3o de neg\u00f3cio, seja em...\" \/>\n<meta property=\"og:url\" content=\"https:\/\/jornaldasoficinas.com\/pt\/concentracao-do-negocio\/\" \/>\n<meta property=\"og:site_name\" content=\"Jornal das Oficinas\" \/>\n<meta property=\"article:publisher\" content=\"https:\/\/www.facebook.com\/jornaloficinas\" \/>\n<meta property=\"article:published_time\" content=\"2022-01-12T16:00:21+00:00\" \/>\n<meta property=\"og:image\" content=\"https:\/\/jornaldasoficinas.com\/pt\/wp-content\/uploads\/2022\/01\/Concentracao-no-negocio.jpeg\" \/>\n\t<meta property=\"og:image:width\" content=\"1024\" \/>\n\t<meta property=\"og:image:height\" content=\"581\" \/>\n\t<meta property=\"og:image:type\" content=\"image\/jpeg\" \/>\n<meta name=\"author\" content=\"Reda\u00e7\u00e3o JO\" \/>\n<meta name=\"twitter:card\" content=\"summary_large_image\" \/>\n<meta name=\"twitter:creator\" content=\"@jornaloficinas\" \/>\n<meta name=\"twitter:site\" content=\"@jornaloficinas\" \/>\n<meta name=\"twitter:label1\" content=\"Escrito por\" \/>\n\t<meta name=\"twitter:data1\" content=\"Reda\u00e7\u00e3o JO\" \/>\n\t<meta name=\"twitter:label2\" content=\"Tempo estimado de leitura\" \/>\n\t<meta name=\"twitter:data2\" content=\"3 minutos\" \/>\n<script type=\"application\/ld+json\" class=\"yoast-schema-graph\">{\"@context\":\"https:\\\/\\\/schema.org\",\"@graph\":[{\"@type\":\"Article\",\"@id\":\"https:\\\/\\\/jornaldasoficinas.com\\\/pt\\\/concentracao-do-negocio\\\/#article\",\"isPartOf\":{\"@id\":\"https:\\\/\\\/jornaldasoficinas.com\\\/pt\\\/concentracao-do-negocio\\\/\"},\"author\":{\"name\":\"Reda\u00e7\u00e3o JO\",\"@id\":\"https:\\\/\\\/jornaldasoficinas.com\\\/pt\\\/#\\\/schema\\\/person\\\/a38eef5de2c41d9e7c9ac10141afddf3\"},\"headline\":\"Concentra\u00e7\u00e3o do neg\u00f3cio\",\"datePublished\":\"2022-01-12T16:00:21+00:00\",\"mainEntityOfPage\":{\"@id\":\"https:\\\/\\\/jornaldasoficinas.com\\\/pt\\\/concentracao-do-negocio\\\/\"},\"wordCount\":599,\"publisher\":{\"@id\":\"https:\\\/\\\/jornaldasoficinas.com\\\/pt\\\/#organization\"},\"image\":{\"@id\":\"https:\\\/\\\/jornaldasoficinas.com\\\/pt\\\/concentracao-do-negocio\\\/#primaryimage\"},\"thumbnailUrl\":\"https:\\\/\\\/jornaldasoficinas.com\\\/pt\\\/wp-content\\\/uploads\\\/2022\\\/01\\\/Concentracao-no-negocio.jpeg\",\"articleSection\":[\"Mercado\"],\"inLanguage\":\"pt-PT\"},{\"@type\":\"WebPage\",\"@id\":\"https:\\\/\\\/jornaldasoficinas.com\\\/pt\\\/concentracao-do-negocio\\\/\",\"url\":\"https:\\\/\\\/jornaldasoficinas.com\\\/pt\\\/concentracao-do-negocio\\\/\",\"name\":\"Concentra\u00e7\u00e3o do neg\u00f3cio - Jornal das Oficinas\",\"isPartOf\":{\"@id\":\"https:\\\/\\\/jornaldasoficinas.com\\\/pt\\\/#website\"},\"primaryImageOfPage\":{\"@id\":\"https:\\\/\\\/jornaldasoficinas.com\\\/pt\\\/concentracao-do-negocio\\\/#primaryimage\"},\"image\":{\"@id\":\"https:\\\/\\\/jornaldasoficinas.com\\\/pt\\\/concentracao-do-negocio\\\/#primaryimage\"},\"thumbnailUrl\":\"https:\\\/\\\/jornaldasoficinas.com\\\/pt\\\/wp-content\\\/uploads\\\/2022\\\/01\\\/Concentracao-no-negocio.jpeg\",\"datePublished\":\"2022-01-12T16:00:21+00:00\",\"breadcrumb\":{\"@id\":\"https:\\\/\\\/jornaldasoficinas.com\\\/pt\\\/concentracao-do-negocio\\\/#breadcrumb\"},\"inLanguage\":\"pt-PT\",\"potentialAction\":[{\"@type\":\"ReadAction\",\"target\":[\"https:\\\/\\\/jornaldasoficinas.com\\\/pt\\\/concentracao-do-negocio\\\/\"]}]},{\"@type\":\"ImageObject\",\"inLanguage\":\"pt-PT\",\"@id\":\"https:\\\/\\\/jornaldasoficinas.com\\\/pt\\\/concentracao-do-negocio\\\/#primaryimage\",\"url\":\"https:\\\/\\\/jornaldasoficinas.com\\\/pt\\\/wp-content\\\/uploads\\\/2022\\\/01\\\/Concentracao-no-negocio.jpeg\",\"contentUrl\":\"https:\\\/\\\/jornaldasoficinas.com\\\/pt\\\/wp-content\\\/uploads\\\/2022\\\/01\\\/Concentracao-no-negocio.jpeg\",\"width\":1024,\"height\":581,\"caption\":\"01 - Concentracao-no-negocio\"},{\"@type\":\"BreadcrumbList\",\"@id\":\"https:\\\/\\\/jornaldasoficinas.com\\\/pt\\\/concentracao-do-negocio\\\/#breadcrumb\",\"itemListElement\":[{\"@type\":\"ListItem\",\"position\":1,\"name\":\"In\u00edcio\",\"item\":\"https:\\\/\\\/jornaldasoficinas.com\\\/pt\\\/\"},{\"@type\":\"ListItem\",\"position\":2,\"name\":\"Concentra\u00e7\u00e3o do neg\u00f3cio\"}]},{\"@type\":\"WebSite\",\"@id\":\"https:\\\/\\\/jornaldasoficinas.com\\\/pt\\\/#website\",\"url\":\"https:\\\/\\\/jornaldasoficinas.com\\\/pt\\\/\",\"name\":\"Jornal das Oficinas\",\"description\":\"Jornal independente do Aftermarket Autom\u00f3vel em Portugal\",\"publisher\":{\"@id\":\"https:\\\/\\\/jornaldasoficinas.com\\\/pt\\\/#organization\"},\"potentialAction\":[{\"@type\":\"SearchAction\",\"target\":{\"@type\":\"EntryPoint\",\"urlTemplate\":\"https:\\\/\\\/jornaldasoficinas.com\\\/pt\\\/?s={search_term_string}\"},\"query-input\":{\"@type\":\"PropertyValueSpecification\",\"valueRequired\":true,\"valueName\":\"search_term_string\"}}],\"inLanguage\":\"pt-PT\"},{\"@type\":\"Organization\",\"@id\":\"https:\\\/\\\/jornaldasoficinas.com\\\/pt\\\/#organization\",\"name\":\"Jornal das Oficinas\",\"url\":\"https:\\\/\\\/jornaldasoficinas.com\\\/pt\\\/\",\"logo\":{\"@type\":\"ImageObject\",\"inLanguage\":\"pt-PT\",\"@id\":\"https:\\\/\\\/jornaldasoficinas.com\\\/pt\\\/#\\\/schema\\\/logo\\\/image\\\/\",\"url\":\"https:\\\/\\\/jornaldasoficinas.com\\\/pt\\\/wp-content\\\/uploads\\\/logoJO-SEO.png\",\"contentUrl\":\"https:\\\/\\\/jornaldasoficinas.com\\\/pt\\\/wp-content\\\/uploads\\\/logoJO-SEO.png\",\"width\":285,\"height\":450,\"caption\":\"Jornal das Oficinas\"},\"image\":{\"@id\":\"https:\\\/\\\/jornaldasoficinas.com\\\/pt\\\/#\\\/schema\\\/logo\\\/image\\\/\"},\"sameAs\":[\"https:\\\/\\\/www.facebook.com\\\/jornaloficinas\",\"https:\\\/\\\/x.com\\\/jornaloficinas\",\"https:\\\/\\\/www.instagram.com\\\/jornal_oficinas\\\/\",\"https:\\\/\\\/www.linkedin.com\\\/company\\\/jornal-das-oficinas\\\/\",\"https:\\\/\\\/www.youtube.com\\\/channel\\\/UCbQZBqtcvV-oSQrr7RzINGg\"]},{\"@type\":\"Person\",\"@id\":\"https:\\\/\\\/jornaldasoficinas.com\\\/pt\\\/#\\\/schema\\\/person\\\/a38eef5de2c41d9e7c9ac10141afddf3\",\"name\":\"Reda\u00e7\u00e3o JO\",\"image\":{\"@type\":\"ImageObject\",\"inLanguage\":\"pt-PT\",\"@id\":\"https:\\\/\\\/secure.gravatar.com\\\/avatar\\\/71f2fa71737ad68a84fea94bc708ddac8ea5b0c4788dc2ad202f3ccb2887742f?s=96&d=wp_user_avatar&r=g\",\"url\":\"https:\\\/\\\/secure.gravatar.com\\\/avatar\\\/71f2fa71737ad68a84fea94bc708ddac8ea5b0c4788dc2ad202f3ccb2887742f?s=96&d=wp_user_avatar&r=g\",\"contentUrl\":\"https:\\\/\\\/secure.gravatar.com\\\/avatar\\\/71f2fa71737ad68a84fea94bc708ddac8ea5b0c4788dc2ad202f3ccb2887742f?s=96&d=wp_user_avatar&r=g\",\"caption\":\"Reda\u00e7\u00e3o JO\"},\"url\":\"https:\\\/\\\/jornaldasoficinas.com\\\/pt\\\/author\\\/joredacao\\\/\"}]}<\/script>\n<!-- \/ Yoast SEO plugin. -->","yoast_head_json":{"title":"Concentra\u00e7\u00e3o do neg\u00f3cio - Jornal das Oficinas","robots":{"index":"index","follow":"follow","max-snippet":"max-snippet:-1","max-image-preview":"max-image-preview:large","max-video-preview":"max-video-preview:-1"},"canonical":"https:\/\/jornaldasoficinas.com\/pt\/concentracao-do-negocio\/","og_locale":"pt_PT","og_type":"article","og_title":"Concentra\u00e7\u00e3o do neg\u00f3cio - Jornal das Oficinas","og_description":"Uma concentra\u00e7\u00e3o de neg\u00f3cio, seja em...","og_url":"https:\/\/jornaldasoficinas.com\/pt\/concentracao-do-negocio\/","og_site_name":"Jornal das Oficinas","article_publisher":"https:\/\/www.facebook.com\/jornaloficinas","article_published_time":"2022-01-12T16:00:21+00:00","og_image":[{"width":1024,"height":581,"url":"https:\/\/jornaldasoficinas.com\/pt\/wp-content\/uploads\/2022\/01\/Concentracao-no-negocio.jpeg","type":"image\/jpeg"}],"author":"Reda\u00e7\u00e3o JO","twitter_card":"summary_large_image","twitter_creator":"@jornaloficinas","twitter_site":"@jornaloficinas","twitter_misc":{"Escrito por":"Reda\u00e7\u00e3o JO","Tempo estimado de leitura":"3 minutos"},"schema":{"@context":"https:\/\/schema.org","@graph":[{"@type":"Article","@id":"https:\/\/jornaldasoficinas.com\/pt\/concentracao-do-negocio\/#article","isPartOf":{"@id":"https:\/\/jornaldasoficinas.com\/pt\/concentracao-do-negocio\/"},"author":{"name":"Reda\u00e7\u00e3o JO","@id":"https:\/\/jornaldasoficinas.com\/pt\/#\/schema\/person\/a38eef5de2c41d9e7c9ac10141afddf3"},"headline":"Concentra\u00e7\u00e3o do neg\u00f3cio","datePublished":"2022-01-12T16:00:21+00:00","mainEntityOfPage":{"@id":"https:\/\/jornaldasoficinas.com\/pt\/concentracao-do-negocio\/"},"wordCount":599,"publisher":{"@id":"https:\/\/jornaldasoficinas.com\/pt\/#organization"},"image":{"@id":"https:\/\/jornaldasoficinas.com\/pt\/concentracao-do-negocio\/#primaryimage"},"thumbnailUrl":"https:\/\/jornaldasoficinas.com\/pt\/wp-content\/uploads\/2022\/01\/Concentracao-no-negocio.jpeg","articleSection":["Mercado"],"inLanguage":"pt-PT"},{"@type":"WebPage","@id":"https:\/\/jornaldasoficinas.com\/pt\/concentracao-do-negocio\/","url":"https:\/\/jornaldasoficinas.com\/pt\/concentracao-do-negocio\/","name":"Concentra\u00e7\u00e3o do neg\u00f3cio - Jornal das Oficinas","isPartOf":{"@id":"https:\/\/jornaldasoficinas.com\/pt\/#website"},"primaryImageOfPage":{"@id":"https:\/\/jornaldasoficinas.com\/pt\/concentracao-do-negocio\/#primaryimage"},"image":{"@id":"https:\/\/jornaldasoficinas.com\/pt\/concentracao-do-negocio\/#primaryimage"},"thumbnailUrl":"https:\/\/jornaldasoficinas.com\/pt\/wp-content\/uploads\/2022\/01\/Concentracao-no-negocio.jpeg","datePublished":"2022-01-12T16:00:21+00:00","breadcrumb":{"@id":"https:\/\/jornaldasoficinas.com\/pt\/concentracao-do-negocio\/#breadcrumb"},"inLanguage":"pt-PT","potentialAction":[{"@type":"ReadAction","target":["https:\/\/jornaldasoficinas.com\/pt\/concentracao-do-negocio\/"]}]},{"@type":"ImageObject","inLanguage":"pt-PT","@id":"https:\/\/jornaldasoficinas.com\/pt\/concentracao-do-negocio\/#primaryimage","url":"https:\/\/jornaldasoficinas.com\/pt\/wp-content\/uploads\/2022\/01\/Concentracao-no-negocio.jpeg","contentUrl":"https:\/\/jornaldasoficinas.com\/pt\/wp-content\/uploads\/2022\/01\/Concentracao-no-negocio.jpeg","width":1024,"height":581,"caption":"01 - Concentracao-no-negocio"},{"@type":"BreadcrumbList","@id":"https:\/\/jornaldasoficinas.com\/pt\/concentracao-do-negocio\/#breadcrumb","itemListElement":[{"@type":"ListItem","position":1,"name":"In\u00edcio","item":"https:\/\/jornaldasoficinas.com\/pt\/"},{"@type":"ListItem","position":2,"name":"Concentra\u00e7\u00e3o do neg\u00f3cio"}]},{"@type":"WebSite","@id":"https:\/\/jornaldasoficinas.com\/pt\/#website","url":"https:\/\/jornaldasoficinas.com\/pt\/","name":"Jornal das Oficinas","description":"Jornal independente do Aftermarket Autom\u00f3vel em Portugal","publisher":{"@id":"https:\/\/jornaldasoficinas.com\/pt\/#organization"},"potentialAction":[{"@type":"SearchAction","target":{"@type":"EntryPoint","urlTemplate":"https:\/\/jornaldasoficinas.com\/pt\/?s={search_term_string}"},"query-input":{"@type":"PropertyValueSpecification","valueRequired":true,"valueName":"search_term_string"}}],"inLanguage":"pt-PT"},{"@type":"Organization","@id":"https:\/\/jornaldasoficinas.com\/pt\/#organization","name":"Jornal das Oficinas","url":"https:\/\/jornaldasoficinas.com\/pt\/","logo":{"@type":"ImageObject","inLanguage":"pt-PT","@id":"https:\/\/jornaldasoficinas.com\/pt\/#\/schema\/logo\/image\/","url":"https:\/\/jornaldasoficinas.com\/pt\/wp-content\/uploads\/logoJO-SEO.png","contentUrl":"https:\/\/jornaldasoficinas.com\/pt\/wp-content\/uploads\/logoJO-SEO.png","width":285,"height":450,"caption":"Jornal das Oficinas"},"image":{"@id":"https:\/\/jornaldasoficinas.com\/pt\/#\/schema\/logo\/image\/"},"sameAs":["https:\/\/www.facebook.com\/jornaloficinas","https:\/\/x.com\/jornaloficinas","https:\/\/www.instagram.com\/jornal_oficinas\/","https:\/\/www.linkedin.com\/company\/jornal-das-oficinas\/","https:\/\/www.youtube.com\/channel\/UCbQZBqtcvV-oSQrr7RzINGg"]},{"@type":"Person","@id":"https:\/\/jornaldasoficinas.com\/pt\/#\/schema\/person\/a38eef5de2c41d9e7c9ac10141afddf3","name":"Reda\u00e7\u00e3o JO","image":{"@type":"ImageObject","inLanguage":"pt-PT","@id":"https:\/\/secure.gravatar.com\/avatar\/71f2fa71737ad68a84fea94bc708ddac8ea5b0c4788dc2ad202f3ccb2887742f?s=96&d=wp_user_avatar&r=g","url":"https:\/\/secure.gravatar.com\/avatar\/71f2fa71737ad68a84fea94bc708ddac8ea5b0c4788dc2ad202f3ccb2887742f?s=96&d=wp_user_avatar&r=g","contentUrl":"https:\/\/secure.gravatar.com\/avatar\/71f2fa71737ad68a84fea94bc708ddac8ea5b0c4788dc2ad202f3ccb2887742f?s=96&d=wp_user_avatar&r=g","caption":"Reda\u00e7\u00e3o JO"},"url":"https:\/\/jornaldasoficinas.com\/pt\/author\/joredacao\/"}]}},"_links":{"self":[{"href":"https:\/\/jornaldasoficinas.com\/pt\/wp-json\/wp\/v2\/posts\/26622","targetHints":{"allow":["GET"]}}],"collection":[{"href":"https:\/\/jornaldasoficinas.com\/pt\/wp-json\/wp\/v2\/posts"}],"about":[{"href":"https:\/\/jornaldasoficinas.com\/pt\/wp-json\/wp\/v2\/types\/post"}],"author":[{"embeddable":true,"href":"https:\/\/jornaldasoficinas.com\/pt\/wp-json\/wp\/v2\/users\/15"}],"replies":[{"embeddable":true,"href":"https:\/\/jornaldasoficinas.com\/pt\/wp-json\/wp\/v2\/comments?post=26622"}],"version-history":[{"count":0,"href":"https:\/\/jornaldasoficinas.com\/pt\/wp-json\/wp\/v2\/posts\/26622\/revisions"}],"wp:featuredmedia":[{"embeddable":true,"href":"https:\/\/jornaldasoficinas.com\/pt\/wp-json\/wp\/v2\/media\/26617"}],"wp:attachment":[{"href":"https:\/\/jornaldasoficinas.com\/pt\/wp-json\/wp\/v2\/media?parent=26622"}],"wp:term":[{"taxonomy":"category","embeddable":true,"href":"https:\/\/jornaldasoficinas.com\/pt\/wp-json\/wp\/v2\/categories?post=26622"},{"taxonomy":"post_tag","embeddable":true,"href":"https:\/\/jornaldasoficinas.com\/pt\/wp-json\/wp\/v2\/tags?post=26622"}],"curies":[{"name":"wp","href":"https:\/\/api.w.org\/{rel}","templated":true}]}}