{"id":26624,"date":"2022-01-12T18:00:19","date_gmt":"2022-01-12T18:00:19","guid":{"rendered":"https:\/\/jornaldasoficinas.com\/pt\/?p=26624"},"modified":"2022-01-12T10:56:31","modified_gmt":"2022-01-12T10:56:31","slug":"estamos-ca-para-durar-e-para-crescer-telmo-simoes-travocar","status":"publish","type":"post","link":"https:\/\/jornaldasoficinas.com\/pt\/estamos-ca-para-durar-e-para-crescer-telmo-simoes-travocar\/","title":{"rendered":"Estamos c\u00e1 para durar e para crescer, Travocar"},"content":{"rendered":"<p><strong><img loading=\"lazy\" decoding=\"async\" class=\"alignnone size-full wp-image-26618\" src=\"https:\/\/jornaldasoficinas.com\/pt\/wp-content\/uploads\/2022\/01\/Telmo-Simoes.jpeg\" alt=\"01 - Telmo-Simoes\" width=\"1024\" height=\"581\" srcset=\"https:\/\/jornaldasoficinas.com\/pt\/wp-content\/uploads\/2022\/01\/Telmo-Simoes.jpeg 1024w, https:\/\/jornaldasoficinas.com\/pt\/wp-content\/uploads\/2022\/01\/Telmo-Simoes-300x170.jpeg 300w, https:\/\/jornaldasoficinas.com\/pt\/wp-content\/uploads\/2022\/01\/Telmo-Simoes-150x85.jpeg 150w, https:\/\/jornaldasoficinas.com\/pt\/wp-content\/uploads\/2022\/01\/Telmo-Simoes-768x436.jpeg 768w\" sizes=\"auto, (max-width: 1024px) 100vw, 1024px\" \/><\/strong><\/p>\n<p><strong>A comemorar 40 anos, a Travocar est\u00e1 mais forte do que nunca e entra em 2022 com muito sonhos e projetos na manga. O Jornal das Oficinas foi at\u00e9 \u00c1gueda, \u00e0 casa-m\u00e3e da empresa, saber mais sobre a hist\u00f3ria deste especialista na comercializa\u00e7\u00e3o de lubrificantes na \u00e1rea da ind\u00fastria, setor auto e agr\u00edcola, que tem uma rela\u00e7\u00e3o privilegiada como embaixador oficial da marca Castrol<\/strong><\/p>\n<p>Em \u00c1gueda, \u00e9 Telmo Sim\u00f5es, filho do fundador Armando Correia Sim\u00f5es, quem nos recebe e recorda os primeiros tempos da Travocar, quando ele pr\u00f3prio era apenas \u201cum mi\u00fado\u201d. Nessa altura, os ver\u00f5es eram passados na \u00abAuto Recreio\u00bb, a esta\u00e7\u00e3o de servi\u00e7o do pai, onde, durante as f\u00e9rias tinha como miss\u00e3o \u201csecar os carros para n\u00e3o mancharem, porque n\u00e3o me deixavam lavar\u201d. Aproveitava os \u2013 ent\u00e3o espor\u00e1dicos \u2013 aumentos do pre\u00e7o da gasolina para ir l\u00e1 \u201cganhar uma gorjeta, quando os clientes atestavam os carros\u201d e assim cresceu, a ajudar naquele que era o neg\u00f3cio do pai. J\u00e1 com uma vis\u00e3o empreendedora, Armando Correia Sim\u00f5es adquiriu a casa em frente \u00e0 esta\u00e7\u00e3o de servi\u00e7o e n\u00e3o hesitou em \u201cagarrar na ideia\u201d quando a BP o desafiou a montar o neg\u00f3cio dos lubrificantes. Assim nascia a Travocar, em agosto de 1981.<\/p>\n<p>Foi nessas antigas instala\u00e7\u00f5es que a empresa come\u00e7ou a ser montada, com o quintal a servir para \u201carrumar tambores, que eram rebolados no ch\u00e3o. T\u00ednhamos uma rampa e coloc\u00e1vamo-los na pick-up, depois descarregavam-se com a ajuda de umas cunhas ou com pneus\u201d lembra, saudoso, as mem\u00f3rias que j\u00e1 l\u00e1 v\u00e3o. As caracter\u00edsticas da regi\u00e3o onde est\u00e3o inseridos em muito contribu\u00edram para o sucesso da empresa, que se alavancou com o fornecimento direto de lubrificantes \u00e0s oficinas e ind\u00fastrias do concelho, como \u201ca f\u00e1brica das motos FAMEL, aqui mesmo em frente, as f\u00e1bricas de bicicletas ou de ferragens. Come\u00e7\u00e1mos a vender para o auto, que era o mais f\u00e1cil, para as oficinas e depois come\u00e7\u00e1mos a vender para a ind\u00fastria aqui \u00e0 volta\u201d, conta. Ao mesmo tempo que a Travocar crescia, a BP crescia igualmente na zona norte do pa\u00eds, e foi dando \u00e0 empresa novas val\u00eancias. Quando a BP faz a joint-venture com a Mobil, \u201cn\u00f3s, por m\u00e9rito, fomos os privilegiados que ficaram como distribuidor da Mobil e ainda crescemos mais\u201d, explica Telmo Sim\u00f5es. Quando a joint-venture terminou, a BP compra a Castrol e a Travocar assume a distribui\u00e7\u00e3o desta marca, sempre ao ritmo daquela que n\u00e3o sendo uma marca de distribui\u00e7\u00e3o exclusiva, sempre foi o contrato mais importante que a empresa teve ao longo destes anos.<\/p>\n<p>A dada altura, contudo, o n\u00famero de distribuidores da BP tornou-se excedent\u00e1rio e foi a Travocar que assumiu a zona de Aveiro e de Albergaria. \u201cDe 150 distribuidores passaram a 50 e, em 2015, a BP fez uma revolu\u00e7\u00e3o e ficaram apenas distribuidores. E n\u00f3s fomos um dos cinco escolhidos\u201d, revela, com orgulho de quem sabe que foi suado e merecido. Desde ent\u00e3o come\u00e7aram, a cinco, a fazer um projeto ib\u00e9rico \u201ce fomos desenvolvendo o neg\u00f3cio. Nesta fase estamos num projeto a tr\u00eas (porque houve tr\u00eas que se juntaram num s\u00f3), mas o mercado \u00e9 que n\u00e3o cresceu e, nos pr\u00f3ximos anos, a tend\u00eancia \u00e9 mingar\u201d, considera o administrador.<\/p>\n<p>Para ler todo o artigo clique <a href=\"https:\/\/www.yumpu.com\/pt\/document\/read\/66122945\/jornal-das-oficinas-193\/38\" target=\"_blank\" rel=\"noopener\">aqui<\/a>.<\/p>\n","protected":false},"excerpt":{"rendered":"<p>A comemorar 40 anos, a Travocar&#8230;<\/p>\n","protected":false},"author":15,"featured_media":26618,"comment_status":"closed","ping_status":"closed","sticky":false,"template":"","format":"standard","meta":{"footnotes":""},"categories":[29],"tags":[2752],"class_list":["post-26624","post","type-post","status-publish","format-standard","has-post-thumbnail","hentry","category-empresas","tag-travocar"],"yoast_head":"<!-- This site is optimized with the Yoast SEO plugin v27.4 - https:\/\/yoast.com\/product\/yoast-seo-wordpress\/ -->\n<title>Estamos c\u00e1 para durar e para crescer, Travocar - Jornal das Oficinas<\/title>\n<meta name=\"robots\" content=\"index, follow, max-snippet:-1, max-image-preview:large, max-video-preview:-1\" \/>\n<link rel=\"canonical\" href=\"https:\/\/jornaldasoficinas.com\/pt\/estamos-ca-para-durar-e-para-crescer-telmo-simoes-travocar\/\" \/>\n<meta property=\"og:locale\" content=\"pt_PT\" \/>\n<meta property=\"og:type\" content=\"article\" \/>\n<meta property=\"og:title\" content=\"Estamos c\u00e1 para durar e para crescer, Travocar - Jornal das Oficinas\" \/>\n<meta property=\"og:description\" content=\"A comemorar 40 anos, a Travocar...\" \/>\n<meta property=\"og:url\" content=\"https:\/\/jornaldasoficinas.com\/pt\/estamos-ca-para-durar-e-para-crescer-telmo-simoes-travocar\/\" \/>\n<meta property=\"og:site_name\" content=\"Jornal das Oficinas\" \/>\n<meta property=\"article:publisher\" content=\"https:\/\/www.facebook.com\/jornaloficinas\" \/>\n<meta property=\"article:published_time\" content=\"2022-01-12T18:00:19+00:00\" \/>\n<meta property=\"og:image\" content=\"https:\/\/jornaldasoficinas.com\/pt\/wp-content\/uploads\/2022\/01\/Telmo-Simoes.jpeg\" \/>\n\t<meta property=\"og:image:width\" content=\"1024\" \/>\n\t<meta property=\"og:image:height\" content=\"581\" \/>\n\t<meta property=\"og:image:type\" content=\"image\/jpeg\" \/>\n<meta name=\"author\" content=\"Reda\u00e7\u00e3o JO\" \/>\n<meta name=\"twitter:card\" content=\"summary_large_image\" \/>\n<meta name=\"twitter:creator\" content=\"@jornaloficinas\" \/>\n<meta name=\"twitter:site\" content=\"@jornaloficinas\" \/>\n<meta name=\"twitter:label1\" content=\"Escrito por\" \/>\n\t<meta name=\"twitter:data1\" content=\"Reda\u00e7\u00e3o JO\" \/>\n\t<meta name=\"twitter:label2\" content=\"Tempo estimado de leitura\" \/>\n\t<meta name=\"twitter:data2\" content=\"3 minutos\" \/>\n<script type=\"application\/ld+json\" class=\"yoast-schema-graph\">{\"@context\":\"https:\\\/\\\/schema.org\",\"@graph\":[{\"@type\":\"Article\",\"@id\":\"https:\\\/\\\/jornaldasoficinas.com\\\/pt\\\/estamos-ca-para-durar-e-para-crescer-telmo-simoes-travocar\\\/#article\",\"isPartOf\":{\"@id\":\"https:\\\/\\\/jornaldasoficinas.com\\\/pt\\\/estamos-ca-para-durar-e-para-crescer-telmo-simoes-travocar\\\/\"},\"author\":{\"name\":\"Reda\u00e7\u00e3o JO\",\"@id\":\"https:\\\/\\\/jornaldasoficinas.com\\\/pt\\\/#\\\/schema\\\/person\\\/a38eef5de2c41d9e7c9ac10141afddf3\"},\"headline\":\"Estamos c\u00e1 para durar e para crescer, Travocar\",\"datePublished\":\"2022-01-12T18:00:19+00:00\",\"mainEntityOfPage\":{\"@id\":\"https:\\\/\\\/jornaldasoficinas.com\\\/pt\\\/estamos-ca-para-durar-e-para-crescer-telmo-simoes-travocar\\\/\"},\"wordCount\":595,\"publisher\":{\"@id\":\"https:\\\/\\\/jornaldasoficinas.com\\\/pt\\\/#organization\"},\"image\":{\"@id\":\"https:\\\/\\\/jornaldasoficinas.com\\\/pt\\\/estamos-ca-para-durar-e-para-crescer-telmo-simoes-travocar\\\/#primaryimage\"},\"thumbnailUrl\":\"https:\\\/\\\/jornaldasoficinas.com\\\/pt\\\/wp-content\\\/uploads\\\/2022\\\/01\\\/Telmo-Simoes.jpeg\",\"keywords\":[\"Travocar\"],\"articleSection\":[\"Empresas\"],\"inLanguage\":\"pt-PT\"},{\"@type\":\"WebPage\",\"@id\":\"https:\\\/\\\/jornaldasoficinas.com\\\/pt\\\/estamos-ca-para-durar-e-para-crescer-telmo-simoes-travocar\\\/\",\"url\":\"https:\\\/\\\/jornaldasoficinas.com\\\/pt\\\/estamos-ca-para-durar-e-para-crescer-telmo-simoes-travocar\\\/\",\"name\":\"Estamos c\u00e1 para durar e para crescer, Travocar - Jornal das Oficinas\",\"isPartOf\":{\"@id\":\"https:\\\/\\\/jornaldasoficinas.com\\\/pt\\\/#website\"},\"primaryImageOfPage\":{\"@id\":\"https:\\\/\\\/jornaldasoficinas.com\\\/pt\\\/estamos-ca-para-durar-e-para-crescer-telmo-simoes-travocar\\\/#primaryimage\"},\"image\":{\"@id\":\"https:\\\/\\\/jornaldasoficinas.com\\\/pt\\\/estamos-ca-para-durar-e-para-crescer-telmo-simoes-travocar\\\/#primaryimage\"},\"thumbnailUrl\":\"https:\\\/\\\/jornaldasoficinas.com\\\/pt\\\/wp-content\\\/uploads\\\/2022\\\/01\\\/Telmo-Simoes.jpeg\",\"datePublished\":\"2022-01-12T18:00:19+00:00\",\"breadcrumb\":{\"@id\":\"https:\\\/\\\/jornaldasoficinas.com\\\/pt\\\/estamos-ca-para-durar-e-para-crescer-telmo-simoes-travocar\\\/#breadcrumb\"},\"inLanguage\":\"pt-PT\",\"potentialAction\":[{\"@type\":\"ReadAction\",\"target\":[\"https:\\\/\\\/jornaldasoficinas.com\\\/pt\\\/estamos-ca-para-durar-e-para-crescer-telmo-simoes-travocar\\\/\"]}]},{\"@type\":\"ImageObject\",\"inLanguage\":\"pt-PT\",\"@id\":\"https:\\\/\\\/jornaldasoficinas.com\\\/pt\\\/estamos-ca-para-durar-e-para-crescer-telmo-simoes-travocar\\\/#primaryimage\",\"url\":\"https:\\\/\\\/jornaldasoficinas.com\\\/pt\\\/wp-content\\\/uploads\\\/2022\\\/01\\\/Telmo-Simoes.jpeg\",\"contentUrl\":\"https:\\\/\\\/jornaldasoficinas.com\\\/pt\\\/wp-content\\\/uploads\\\/2022\\\/01\\\/Telmo-Simoes.jpeg\",\"width\":1024,\"height\":581,\"caption\":\"01 - Telmo-Simoes\"},{\"@type\":\"BreadcrumbList\",\"@id\":\"https:\\\/\\\/jornaldasoficinas.com\\\/pt\\\/estamos-ca-para-durar-e-para-crescer-telmo-simoes-travocar\\\/#breadcrumb\",\"itemListElement\":[{\"@type\":\"ListItem\",\"position\":1,\"name\":\"In\u00edcio\",\"item\":\"https:\\\/\\\/jornaldasoficinas.com\\\/pt\\\/\"},{\"@type\":\"ListItem\",\"position\":2,\"name\":\"Estamos c\u00e1 para durar e para crescer, Travocar\"}]},{\"@type\":\"WebSite\",\"@id\":\"https:\\\/\\\/jornaldasoficinas.com\\\/pt\\\/#website\",\"url\":\"https:\\\/\\\/jornaldasoficinas.com\\\/pt\\\/\",\"name\":\"Jornal das Oficinas\",\"description\":\"Jornal independente do Aftermarket Autom\u00f3vel em Portugal\",\"publisher\":{\"@id\":\"https:\\\/\\\/jornaldasoficinas.com\\\/pt\\\/#organization\"},\"potentialAction\":[{\"@type\":\"SearchAction\",\"target\":{\"@type\":\"EntryPoint\",\"urlTemplate\":\"https:\\\/\\\/jornaldasoficinas.com\\\/pt\\\/?s={search_term_string}\"},\"query-input\":{\"@type\":\"PropertyValueSpecification\",\"valueRequired\":true,\"valueName\":\"search_term_string\"}}],\"inLanguage\":\"pt-PT\"},{\"@type\":\"Organization\",\"@id\":\"https:\\\/\\\/jornaldasoficinas.com\\\/pt\\\/#organization\",\"name\":\"Jornal das Oficinas\",\"url\":\"https:\\\/\\\/jornaldasoficinas.com\\\/pt\\\/\",\"logo\":{\"@type\":\"ImageObject\",\"inLanguage\":\"pt-PT\",\"@id\":\"https:\\\/\\\/jornaldasoficinas.com\\\/pt\\\/#\\\/schema\\\/logo\\\/image\\\/\",\"url\":\"https:\\\/\\\/jornaldasoficinas.com\\\/pt\\\/wp-content\\\/uploads\\\/logoJO-SEO.png\",\"contentUrl\":\"https:\\\/\\\/jornaldasoficinas.com\\\/pt\\\/wp-content\\\/uploads\\\/logoJO-SEO.png\",\"width\":285,\"height\":450,\"caption\":\"Jornal das Oficinas\"},\"image\":{\"@id\":\"https:\\\/\\\/jornaldasoficinas.com\\\/pt\\\/#\\\/schema\\\/logo\\\/image\\\/\"},\"sameAs\":[\"https:\\\/\\\/www.facebook.com\\\/jornaloficinas\",\"https:\\\/\\\/x.com\\\/jornaloficinas\",\"https:\\\/\\\/www.instagram.com\\\/jornal_oficinas\\\/\",\"https:\\\/\\\/www.linkedin.com\\\/company\\\/jornal-das-oficinas\\\/\",\"https:\\\/\\\/www.youtube.com\\\/channel\\\/UCbQZBqtcvV-oSQrr7RzINGg\"]},{\"@type\":\"Person\",\"@id\":\"https:\\\/\\\/jornaldasoficinas.com\\\/pt\\\/#\\\/schema\\\/person\\\/a38eef5de2c41d9e7c9ac10141afddf3\",\"name\":\"Reda\u00e7\u00e3o JO\",\"image\":{\"@type\":\"ImageObject\",\"inLanguage\":\"pt-PT\",\"@id\":\"https:\\\/\\\/secure.gravatar.com\\\/avatar\\\/71f2fa71737ad68a84fea94bc708ddac8ea5b0c4788dc2ad202f3ccb2887742f?s=96&d=wp_user_avatar&r=g\",\"url\":\"https:\\\/\\\/secure.gravatar.com\\\/avatar\\\/71f2fa71737ad68a84fea94bc708ddac8ea5b0c4788dc2ad202f3ccb2887742f?s=96&d=wp_user_avatar&r=g\",\"contentUrl\":\"https:\\\/\\\/secure.gravatar.com\\\/avatar\\\/71f2fa71737ad68a84fea94bc708ddac8ea5b0c4788dc2ad202f3ccb2887742f?s=96&d=wp_user_avatar&r=g\",\"caption\":\"Reda\u00e7\u00e3o JO\"},\"url\":\"https:\\\/\\\/jornaldasoficinas.com\\\/pt\\\/author\\\/joredacao\\\/\"}]}<\/script>\n<!-- \/ Yoast SEO plugin. -->","yoast_head_json":{"title":"Estamos c\u00e1 para durar e para crescer, Travocar - Jornal das Oficinas","robots":{"index":"index","follow":"follow","max-snippet":"max-snippet:-1","max-image-preview":"max-image-preview:large","max-video-preview":"max-video-preview:-1"},"canonical":"https:\/\/jornaldasoficinas.com\/pt\/estamos-ca-para-durar-e-para-crescer-telmo-simoes-travocar\/","og_locale":"pt_PT","og_type":"article","og_title":"Estamos c\u00e1 para durar e para crescer, Travocar - Jornal das Oficinas","og_description":"A comemorar 40 anos, a Travocar...","og_url":"https:\/\/jornaldasoficinas.com\/pt\/estamos-ca-para-durar-e-para-crescer-telmo-simoes-travocar\/","og_site_name":"Jornal das Oficinas","article_publisher":"https:\/\/www.facebook.com\/jornaloficinas","article_published_time":"2022-01-12T18:00:19+00:00","og_image":[{"width":1024,"height":581,"url":"https:\/\/jornaldasoficinas.com\/pt\/wp-content\/uploads\/2022\/01\/Telmo-Simoes.jpeg","type":"image\/jpeg"}],"author":"Reda\u00e7\u00e3o JO","twitter_card":"summary_large_image","twitter_creator":"@jornaloficinas","twitter_site":"@jornaloficinas","twitter_misc":{"Escrito por":"Reda\u00e7\u00e3o JO","Tempo estimado de leitura":"3 minutos"},"schema":{"@context":"https:\/\/schema.org","@graph":[{"@type":"Article","@id":"https:\/\/jornaldasoficinas.com\/pt\/estamos-ca-para-durar-e-para-crescer-telmo-simoes-travocar\/#article","isPartOf":{"@id":"https:\/\/jornaldasoficinas.com\/pt\/estamos-ca-para-durar-e-para-crescer-telmo-simoes-travocar\/"},"author":{"name":"Reda\u00e7\u00e3o JO","@id":"https:\/\/jornaldasoficinas.com\/pt\/#\/schema\/person\/a38eef5de2c41d9e7c9ac10141afddf3"},"headline":"Estamos c\u00e1 para durar e para crescer, Travocar","datePublished":"2022-01-12T18:00:19+00:00","mainEntityOfPage":{"@id":"https:\/\/jornaldasoficinas.com\/pt\/estamos-ca-para-durar-e-para-crescer-telmo-simoes-travocar\/"},"wordCount":595,"publisher":{"@id":"https:\/\/jornaldasoficinas.com\/pt\/#organization"},"image":{"@id":"https:\/\/jornaldasoficinas.com\/pt\/estamos-ca-para-durar-e-para-crescer-telmo-simoes-travocar\/#primaryimage"},"thumbnailUrl":"https:\/\/jornaldasoficinas.com\/pt\/wp-content\/uploads\/2022\/01\/Telmo-Simoes.jpeg","keywords":["Travocar"],"articleSection":["Empresas"],"inLanguage":"pt-PT"},{"@type":"WebPage","@id":"https:\/\/jornaldasoficinas.com\/pt\/estamos-ca-para-durar-e-para-crescer-telmo-simoes-travocar\/","url":"https:\/\/jornaldasoficinas.com\/pt\/estamos-ca-para-durar-e-para-crescer-telmo-simoes-travocar\/","name":"Estamos c\u00e1 para durar e para crescer, Travocar - Jornal das Oficinas","isPartOf":{"@id":"https:\/\/jornaldasoficinas.com\/pt\/#website"},"primaryImageOfPage":{"@id":"https:\/\/jornaldasoficinas.com\/pt\/estamos-ca-para-durar-e-para-crescer-telmo-simoes-travocar\/#primaryimage"},"image":{"@id":"https:\/\/jornaldasoficinas.com\/pt\/estamos-ca-para-durar-e-para-crescer-telmo-simoes-travocar\/#primaryimage"},"thumbnailUrl":"https:\/\/jornaldasoficinas.com\/pt\/wp-content\/uploads\/2022\/01\/Telmo-Simoes.jpeg","datePublished":"2022-01-12T18:00:19+00:00","breadcrumb":{"@id":"https:\/\/jornaldasoficinas.com\/pt\/estamos-ca-para-durar-e-para-crescer-telmo-simoes-travocar\/#breadcrumb"},"inLanguage":"pt-PT","potentialAction":[{"@type":"ReadAction","target":["https:\/\/jornaldasoficinas.com\/pt\/estamos-ca-para-durar-e-para-crescer-telmo-simoes-travocar\/"]}]},{"@type":"ImageObject","inLanguage":"pt-PT","@id":"https:\/\/jornaldasoficinas.com\/pt\/estamos-ca-para-durar-e-para-crescer-telmo-simoes-travocar\/#primaryimage","url":"https:\/\/jornaldasoficinas.com\/pt\/wp-content\/uploads\/2022\/01\/Telmo-Simoes.jpeg","contentUrl":"https:\/\/jornaldasoficinas.com\/pt\/wp-content\/uploads\/2022\/01\/Telmo-Simoes.jpeg","width":1024,"height":581,"caption":"01 - Telmo-Simoes"},{"@type":"BreadcrumbList","@id":"https:\/\/jornaldasoficinas.com\/pt\/estamos-ca-para-durar-e-para-crescer-telmo-simoes-travocar\/#breadcrumb","itemListElement":[{"@type":"ListItem","position":1,"name":"In\u00edcio","item":"https:\/\/jornaldasoficinas.com\/pt\/"},{"@type":"ListItem","position":2,"name":"Estamos c\u00e1 para durar e para crescer, Travocar"}]},{"@type":"WebSite","@id":"https:\/\/jornaldasoficinas.com\/pt\/#website","url":"https:\/\/jornaldasoficinas.com\/pt\/","name":"Jornal das Oficinas","description":"Jornal independente do Aftermarket Autom\u00f3vel em Portugal","publisher":{"@id":"https:\/\/jornaldasoficinas.com\/pt\/#organization"},"potentialAction":[{"@type":"SearchAction","target":{"@type":"EntryPoint","urlTemplate":"https:\/\/jornaldasoficinas.com\/pt\/?s={search_term_string}"},"query-input":{"@type":"PropertyValueSpecification","valueRequired":true,"valueName":"search_term_string"}}],"inLanguage":"pt-PT"},{"@type":"Organization","@id":"https:\/\/jornaldasoficinas.com\/pt\/#organization","name":"Jornal das Oficinas","url":"https:\/\/jornaldasoficinas.com\/pt\/","logo":{"@type":"ImageObject","inLanguage":"pt-PT","@id":"https:\/\/jornaldasoficinas.com\/pt\/#\/schema\/logo\/image\/","url":"https:\/\/jornaldasoficinas.com\/pt\/wp-content\/uploads\/logoJO-SEO.png","contentUrl":"https:\/\/jornaldasoficinas.com\/pt\/wp-content\/uploads\/logoJO-SEO.png","width":285,"height":450,"caption":"Jornal das Oficinas"},"image":{"@id":"https:\/\/jornaldasoficinas.com\/pt\/#\/schema\/logo\/image\/"},"sameAs":["https:\/\/www.facebook.com\/jornaloficinas","https:\/\/x.com\/jornaloficinas","https:\/\/www.instagram.com\/jornal_oficinas\/","https:\/\/www.linkedin.com\/company\/jornal-das-oficinas\/","https:\/\/www.youtube.com\/channel\/UCbQZBqtcvV-oSQrr7RzINGg"]},{"@type":"Person","@id":"https:\/\/jornaldasoficinas.com\/pt\/#\/schema\/person\/a38eef5de2c41d9e7c9ac10141afddf3","name":"Reda\u00e7\u00e3o JO","image":{"@type":"ImageObject","inLanguage":"pt-PT","@id":"https:\/\/secure.gravatar.com\/avatar\/71f2fa71737ad68a84fea94bc708ddac8ea5b0c4788dc2ad202f3ccb2887742f?s=96&d=wp_user_avatar&r=g","url":"https:\/\/secure.gravatar.com\/avatar\/71f2fa71737ad68a84fea94bc708ddac8ea5b0c4788dc2ad202f3ccb2887742f?s=96&d=wp_user_avatar&r=g","contentUrl":"https:\/\/secure.gravatar.com\/avatar\/71f2fa71737ad68a84fea94bc708ddac8ea5b0c4788dc2ad202f3ccb2887742f?s=96&d=wp_user_avatar&r=g","caption":"Reda\u00e7\u00e3o JO"},"url":"https:\/\/jornaldasoficinas.com\/pt\/author\/joredacao\/"}]}},"_links":{"self":[{"href":"https:\/\/jornaldasoficinas.com\/pt\/wp-json\/wp\/v2\/posts\/26624","targetHints":{"allow":["GET"]}}],"collection":[{"href":"https:\/\/jornaldasoficinas.com\/pt\/wp-json\/wp\/v2\/posts"}],"about":[{"href":"https:\/\/jornaldasoficinas.com\/pt\/wp-json\/wp\/v2\/types\/post"}],"author":[{"embeddable":true,"href":"https:\/\/jornaldasoficinas.com\/pt\/wp-json\/wp\/v2\/users\/15"}],"replies":[{"embeddable":true,"href":"https:\/\/jornaldasoficinas.com\/pt\/wp-json\/wp\/v2\/comments?post=26624"}],"version-history":[{"count":0,"href":"https:\/\/jornaldasoficinas.com\/pt\/wp-json\/wp\/v2\/posts\/26624\/revisions"}],"wp:featuredmedia":[{"embeddable":true,"href":"https:\/\/jornaldasoficinas.com\/pt\/wp-json\/wp\/v2\/media\/26618"}],"wp:attachment":[{"href":"https:\/\/jornaldasoficinas.com\/pt\/wp-json\/wp\/v2\/media?parent=26624"}],"wp:term":[{"taxonomy":"category","embeddable":true,"href":"https:\/\/jornaldasoficinas.com\/pt\/wp-json\/wp\/v2\/categories?post=26624"},{"taxonomy":"post_tag","embeddable":true,"href":"https:\/\/jornaldasoficinas.com\/pt\/wp-json\/wp\/v2\/tags?post=26624"}],"curies":[{"name":"wp","href":"https:\/\/api.w.org\/{rel}","templated":true}]}}