{"id":26628,"date":"2022-01-13T10:00:18","date_gmt":"2022-01-13T10:00:18","guid":{"rendered":"https:\/\/jornaldasoficinas.com\/pt\/?p=26628"},"modified":"2022-01-12T11:31:58","modified_gmt":"2022-01-12T11:31:58","slug":"rheinmetall-aposta-na-e-mobilidade-e-energia-verde","status":"publish","type":"post","link":"https:\/\/jornaldasoficinas.com\/pt\/rheinmetall-aposta-na-e-mobilidade-e-energia-verde\/","title":{"rendered":"Rheinmetall aposta na e-mobilidade e energia verde"},"content":{"rendered":"<p><img loading=\"lazy\" decoding=\"async\" class=\"alignnone size-full wp-image-26629\" src=\"https:\/\/jornaldasoficinas.com\/pt\/wp-content\/uploads\/2022\/01\/Rheinmetall-aposta.jpg\" alt=\"01 - Rheinmetall-aposta\" width=\"1024\" height=\"581\" srcset=\"https:\/\/jornaldasoficinas.com\/pt\/wp-content\/uploads\/2022\/01\/Rheinmetall-aposta.jpg 1024w, https:\/\/jornaldasoficinas.com\/pt\/wp-content\/uploads\/2022\/01\/Rheinmetall-aposta-300x170.jpg 300w, https:\/\/jornaldasoficinas.com\/pt\/wp-content\/uploads\/2022\/01\/Rheinmetall-aposta-150x85.jpg 150w, https:\/\/jornaldasoficinas.com\/pt\/wp-content\/uploads\/2022\/01\/Rheinmetall-aposta-768x436.jpg 768w\" sizes=\"auto, (max-width: 1024px) 100vw, 1024px\" \/><\/p>\n<p><strong>Como parte da sua estrat\u00e9gia de eletrifica\u00e7\u00e3o, a empresa tecnol\u00f3gica Rheinmetall, sediada em Dusseldorf, est\u00e1 a criar uma empresa comum com a americana PolyCharge America, Inc., para produzir, desenvolver e comercializar condensadores DC-link<\/strong><\/p>\n<p>Subjacente a este movimento est\u00e1 o objetivo do Grupo de ganhar uma posi\u00e7\u00e3o mais forte nos mercados em r\u00e1pido crescimento da electromobilidade e aplica\u00e7\u00f5es industriais, bem como aceder a subsistemas e componentes necess\u00e1rios para a fabrica\u00e7\u00e3o de produtos inovadores no futuro.<\/p>\n<p>Conhecida como Rheinmetall PolyCharge GmbH, a nova empresa comum \u00e9 maioritariamente detida pela Rheinmetall (75%). A restante participa\u00e7\u00e3o de 25% \u00e9 detida pela PolyCharge. Nesta constela\u00e7\u00e3o, a Rheinmetall est\u00e1 a responder \u00e0 crescente procura de componentes de e-mobilidade e energia verde, especialmente no sector das pe\u00e7as para autom\u00f3veis, mas tamb\u00e9m dos seus clientes militares.<\/p>\n<p>No sistema Rheinmetall PowerPack para ve\u00edculos el\u00e9ctricos, agora em desenvolvimento, os condensadores DC-link avan\u00e7ados da PolyCharge desempenham um papel importante. Devido \u00e0 sua maior efici\u00eancia e alcance, a Rheinmetall v\u00ea um forte potencial de mercado e possibilidades de crescimento para a nova solu\u00e7\u00e3o PowerPack.<\/p>\n<p>Nesta estreita parceria operacional com a PolyCharge, a empresa comum ter\u00e1 direitos exclusivos para produzir e comercializar condensadores NanoLam na Europa.<\/p>\n<p>Para sustentar a sua estreita coopera\u00e7\u00e3o com a PolyCharge, a Rheinmetall assumiu simultaneamente uma quota de aproximadamente 13% na empresa de Tucson, sediada no Arizona. Ambas as partes concordaram em n\u00e3o divulgar as dimens\u00f5es financeiras da transac\u00e7\u00e3o.<\/p>\n<p>&#8220;A funda\u00e7\u00e3o desta empresa comum marca mais um passo importante na nossa estrat\u00e9gia de transforma\u00e7\u00e3o, permitindo-nos oferecer aos nossos clientes do sector autom\u00f3vel e industrial tecnologia de electrifica\u00e7\u00e3o de topo \u00e0 medida que avan\u00e7amos&#8221;, declarou Rene Gansauge, chefe executivo da divis\u00e3o Sensores e Actuadores da Rheinmetall. &#8220;A tecnologia NanoLam avan\u00e7ada permite-nos oferecer um produto substancialmente mais pequeno e mais leve do que as solu\u00e7\u00f5es convencionais, e que pode funcionar a temperaturas mais elevadas. Esta \u00e9 uma clara vantagem tecnol\u00f3gica, assegurando que a Rheinmetall PolyCharge est\u00e1 bem posicionada para satisfazer a crescente procura destas tecnologias&#8221;.<\/p>\n<p>&#8220;A diversifica\u00e7\u00e3o da base de fabrico da PolyCharge \u00e9 crucial \u00e0 medida que fazemos a transi\u00e7\u00e3o para a produ\u00e7\u00e3o de grandes volumes de condensadores NanoLam para os mercados autom\u00f3vel, aeroespacial e industrial&#8221;, disse Steven Yializis, chefe de opera\u00e7\u00f5es da PolyCharge America. &#8220;A profundidade t\u00e9cnica da Rheinmetall, os seus conhecimentos de aplica\u00e7\u00e3o, e a sua forte presen\u00e7a na Europa fazem dela um parceiro ideal, permitindo uma r\u00e1pida expans\u00e3o neste importante e crescente mercado&#8221;, acrescentou o Sr. Yializis.<\/p>\n<p>No futuro, as atividades da empresa conjunta maiorit\u00e1ria ser\u00e3o domiciliadas na divis\u00e3o de sensores e atuadores da Rheinmetall, que lidera a estrat\u00e9gia de eletrifica\u00e7\u00e3o da empresa e implementa agora desenvolvimentos avan\u00e7ados no dom\u00ednio industrial e &#8220;Beyond Automotive&#8221;.<\/p>\n","protected":false},"excerpt":{"rendered":"<p>Como parte da sua estrat\u00e9gia de&#8230;<\/p>\n","protected":false},"author":15,"featured_media":26629,"comment_status":"closed","ping_status":"closed","sticky":false,"template":"","format":"standard","meta":{"footnotes":""},"categories":[29],"tags":[911],"class_list":["post-26628","post","type-post","status-publish","format-standard","has-post-thumbnail","hentry","category-empresas","tag-rheinmetall"],"yoast_head":"<!-- This site is optimized with the Yoast SEO plugin v27.4 - https:\/\/yoast.com\/product\/yoast-seo-wordpress\/ -->\n<title>Rheinmetall aposta na e-mobilidade e energia verde - Jornal das Oficinas<\/title>\n<meta name=\"robots\" content=\"index, follow, max-snippet:-1, max-image-preview:large, max-video-preview:-1\" \/>\n<link rel=\"canonical\" href=\"https:\/\/jornaldasoficinas.com\/pt\/rheinmetall-aposta-na-e-mobilidade-e-energia-verde\/\" \/>\n<meta property=\"og:locale\" content=\"pt_PT\" \/>\n<meta property=\"og:type\" content=\"article\" \/>\n<meta property=\"og:title\" content=\"Rheinmetall aposta na e-mobilidade e energia verde - Jornal das Oficinas\" \/>\n<meta property=\"og:description\" content=\"Como parte da sua estrat\u00e9gia de...\" \/>\n<meta property=\"og:url\" content=\"https:\/\/jornaldasoficinas.com\/pt\/rheinmetall-aposta-na-e-mobilidade-e-energia-verde\/\" \/>\n<meta property=\"og:site_name\" content=\"Jornal das Oficinas\" \/>\n<meta property=\"article:publisher\" content=\"https:\/\/www.facebook.com\/jornaloficinas\" \/>\n<meta property=\"article:published_time\" content=\"2022-01-13T10:00:18+00:00\" \/>\n<meta property=\"og:image\" content=\"https:\/\/jornaldasoficinas.com\/pt\/wp-content\/uploads\/2022\/01\/Rheinmetall-aposta.jpg\" \/>\n\t<meta property=\"og:image:width\" content=\"1024\" \/>\n\t<meta property=\"og:image:height\" content=\"581\" \/>\n\t<meta property=\"og:image:type\" content=\"image\/jpeg\" \/>\n<meta name=\"author\" content=\"Reda\u00e7\u00e3o JO\" \/>\n<meta name=\"twitter:card\" content=\"summary_large_image\" \/>\n<meta name=\"twitter:creator\" content=\"@jornaloficinas\" \/>\n<meta name=\"twitter:site\" content=\"@jornaloficinas\" \/>\n<meta name=\"twitter:label1\" content=\"Escrito por\" \/>\n\t<meta name=\"twitter:data1\" content=\"Reda\u00e7\u00e3o JO\" \/>\n\t<meta name=\"twitter:label2\" content=\"Tempo estimado de leitura\" \/>\n\t<meta name=\"twitter:data2\" content=\"2 minutos\" \/>\n<script type=\"application\/ld+json\" class=\"yoast-schema-graph\">{\"@context\":\"https:\\\/\\\/schema.org\",\"@graph\":[{\"@type\":\"Article\",\"@id\":\"https:\\\/\\\/jornaldasoficinas.com\\\/pt\\\/rheinmetall-aposta-na-e-mobilidade-e-energia-verde\\\/#article\",\"isPartOf\":{\"@id\":\"https:\\\/\\\/jornaldasoficinas.com\\\/pt\\\/rheinmetall-aposta-na-e-mobilidade-e-energia-verde\\\/\"},\"author\":{\"name\":\"Reda\u00e7\u00e3o JO\",\"@id\":\"https:\\\/\\\/jornaldasoficinas.com\\\/pt\\\/#\\\/schema\\\/person\\\/a38eef5de2c41d9e7c9ac10141afddf3\"},\"headline\":\"Rheinmetall aposta na e-mobilidade e energia verde\",\"datePublished\":\"2022-01-13T10:00:18+00:00\",\"mainEntityOfPage\":{\"@id\":\"https:\\\/\\\/jornaldasoficinas.com\\\/pt\\\/rheinmetall-aposta-na-e-mobilidade-e-energia-verde\\\/\"},\"wordCount\":482,\"publisher\":{\"@id\":\"https:\\\/\\\/jornaldasoficinas.com\\\/pt\\\/#organization\"},\"image\":{\"@id\":\"https:\\\/\\\/jornaldasoficinas.com\\\/pt\\\/rheinmetall-aposta-na-e-mobilidade-e-energia-verde\\\/#primaryimage\"},\"thumbnailUrl\":\"https:\\\/\\\/jornaldasoficinas.com\\\/pt\\\/wp-content\\\/uploads\\\/2022\\\/01\\\/Rheinmetall-aposta.jpg\",\"keywords\":[\"Rheinmetall\"],\"articleSection\":[\"Empresas\"],\"inLanguage\":\"pt-PT\"},{\"@type\":\"WebPage\",\"@id\":\"https:\\\/\\\/jornaldasoficinas.com\\\/pt\\\/rheinmetall-aposta-na-e-mobilidade-e-energia-verde\\\/\",\"url\":\"https:\\\/\\\/jornaldasoficinas.com\\\/pt\\\/rheinmetall-aposta-na-e-mobilidade-e-energia-verde\\\/\",\"name\":\"Rheinmetall aposta na e-mobilidade e energia verde - Jornal das Oficinas\",\"isPartOf\":{\"@id\":\"https:\\\/\\\/jornaldasoficinas.com\\\/pt\\\/#website\"},\"primaryImageOfPage\":{\"@id\":\"https:\\\/\\\/jornaldasoficinas.com\\\/pt\\\/rheinmetall-aposta-na-e-mobilidade-e-energia-verde\\\/#primaryimage\"},\"image\":{\"@id\":\"https:\\\/\\\/jornaldasoficinas.com\\\/pt\\\/rheinmetall-aposta-na-e-mobilidade-e-energia-verde\\\/#primaryimage\"},\"thumbnailUrl\":\"https:\\\/\\\/jornaldasoficinas.com\\\/pt\\\/wp-content\\\/uploads\\\/2022\\\/01\\\/Rheinmetall-aposta.jpg\",\"datePublished\":\"2022-01-13T10:00:18+00:00\",\"breadcrumb\":{\"@id\":\"https:\\\/\\\/jornaldasoficinas.com\\\/pt\\\/rheinmetall-aposta-na-e-mobilidade-e-energia-verde\\\/#breadcrumb\"},\"inLanguage\":\"pt-PT\",\"potentialAction\":[{\"@type\":\"ReadAction\",\"target\":[\"https:\\\/\\\/jornaldasoficinas.com\\\/pt\\\/rheinmetall-aposta-na-e-mobilidade-e-energia-verde\\\/\"]}]},{\"@type\":\"ImageObject\",\"inLanguage\":\"pt-PT\",\"@id\":\"https:\\\/\\\/jornaldasoficinas.com\\\/pt\\\/rheinmetall-aposta-na-e-mobilidade-e-energia-verde\\\/#primaryimage\",\"url\":\"https:\\\/\\\/jornaldasoficinas.com\\\/pt\\\/wp-content\\\/uploads\\\/2022\\\/01\\\/Rheinmetall-aposta.jpg\",\"contentUrl\":\"https:\\\/\\\/jornaldasoficinas.com\\\/pt\\\/wp-content\\\/uploads\\\/2022\\\/01\\\/Rheinmetall-aposta.jpg\",\"width\":1024,\"height\":581,\"caption\":\"01 - Rheinmetall-aposta\"},{\"@type\":\"BreadcrumbList\",\"@id\":\"https:\\\/\\\/jornaldasoficinas.com\\\/pt\\\/rheinmetall-aposta-na-e-mobilidade-e-energia-verde\\\/#breadcrumb\",\"itemListElement\":[{\"@type\":\"ListItem\",\"position\":1,\"name\":\"In\u00edcio\",\"item\":\"https:\\\/\\\/jornaldasoficinas.com\\\/pt\\\/\"},{\"@type\":\"ListItem\",\"position\":2,\"name\":\"Rheinmetall aposta na e-mobilidade e energia verde\"}]},{\"@type\":\"WebSite\",\"@id\":\"https:\\\/\\\/jornaldasoficinas.com\\\/pt\\\/#website\",\"url\":\"https:\\\/\\\/jornaldasoficinas.com\\\/pt\\\/\",\"name\":\"Jornal das Oficinas\",\"description\":\"Jornal independente do Aftermarket Autom\u00f3vel em Portugal\",\"publisher\":{\"@id\":\"https:\\\/\\\/jornaldasoficinas.com\\\/pt\\\/#organization\"},\"potentialAction\":[{\"@type\":\"SearchAction\",\"target\":{\"@type\":\"EntryPoint\",\"urlTemplate\":\"https:\\\/\\\/jornaldasoficinas.com\\\/pt\\\/?s={search_term_string}\"},\"query-input\":{\"@type\":\"PropertyValueSpecification\",\"valueRequired\":true,\"valueName\":\"search_term_string\"}}],\"inLanguage\":\"pt-PT\"},{\"@type\":\"Organization\",\"@id\":\"https:\\\/\\\/jornaldasoficinas.com\\\/pt\\\/#organization\",\"name\":\"Jornal das Oficinas\",\"url\":\"https:\\\/\\\/jornaldasoficinas.com\\\/pt\\\/\",\"logo\":{\"@type\":\"ImageObject\",\"inLanguage\":\"pt-PT\",\"@id\":\"https:\\\/\\\/jornaldasoficinas.com\\\/pt\\\/#\\\/schema\\\/logo\\\/image\\\/\",\"url\":\"https:\\\/\\\/jornaldasoficinas.com\\\/pt\\\/wp-content\\\/uploads\\\/logoJO-SEO.png\",\"contentUrl\":\"https:\\\/\\\/jornaldasoficinas.com\\\/pt\\\/wp-content\\\/uploads\\\/logoJO-SEO.png\",\"width\":285,\"height\":450,\"caption\":\"Jornal das Oficinas\"},\"image\":{\"@id\":\"https:\\\/\\\/jornaldasoficinas.com\\\/pt\\\/#\\\/schema\\\/logo\\\/image\\\/\"},\"sameAs\":[\"https:\\\/\\\/www.facebook.com\\\/jornaloficinas\",\"https:\\\/\\\/x.com\\\/jornaloficinas\",\"https:\\\/\\\/www.instagram.com\\\/jornal_oficinas\\\/\",\"https:\\\/\\\/www.linkedin.com\\\/company\\\/jornal-das-oficinas\\\/\",\"https:\\\/\\\/www.youtube.com\\\/channel\\\/UCbQZBqtcvV-oSQrr7RzINGg\"]},{\"@type\":\"Person\",\"@id\":\"https:\\\/\\\/jornaldasoficinas.com\\\/pt\\\/#\\\/schema\\\/person\\\/a38eef5de2c41d9e7c9ac10141afddf3\",\"name\":\"Reda\u00e7\u00e3o JO\",\"image\":{\"@type\":\"ImageObject\",\"inLanguage\":\"pt-PT\",\"@id\":\"https:\\\/\\\/secure.gravatar.com\\\/avatar\\\/71f2fa71737ad68a84fea94bc708ddac8ea5b0c4788dc2ad202f3ccb2887742f?s=96&d=wp_user_avatar&r=g\",\"url\":\"https:\\\/\\\/secure.gravatar.com\\\/avatar\\\/71f2fa71737ad68a84fea94bc708ddac8ea5b0c4788dc2ad202f3ccb2887742f?s=96&d=wp_user_avatar&r=g\",\"contentUrl\":\"https:\\\/\\\/secure.gravatar.com\\\/avatar\\\/71f2fa71737ad68a84fea94bc708ddac8ea5b0c4788dc2ad202f3ccb2887742f?s=96&d=wp_user_avatar&r=g\",\"caption\":\"Reda\u00e7\u00e3o JO\"},\"url\":\"https:\\\/\\\/jornaldasoficinas.com\\\/pt\\\/author\\\/joredacao\\\/\"}]}<\/script>\n<!-- \/ Yoast SEO plugin. -->","yoast_head_json":{"title":"Rheinmetall aposta na e-mobilidade e energia verde - Jornal das Oficinas","robots":{"index":"index","follow":"follow","max-snippet":"max-snippet:-1","max-image-preview":"max-image-preview:large","max-video-preview":"max-video-preview:-1"},"canonical":"https:\/\/jornaldasoficinas.com\/pt\/rheinmetall-aposta-na-e-mobilidade-e-energia-verde\/","og_locale":"pt_PT","og_type":"article","og_title":"Rheinmetall aposta na e-mobilidade e energia verde - Jornal das Oficinas","og_description":"Como parte da sua estrat\u00e9gia de...","og_url":"https:\/\/jornaldasoficinas.com\/pt\/rheinmetall-aposta-na-e-mobilidade-e-energia-verde\/","og_site_name":"Jornal das Oficinas","article_publisher":"https:\/\/www.facebook.com\/jornaloficinas","article_published_time":"2022-01-13T10:00:18+00:00","og_image":[{"width":1024,"height":581,"url":"https:\/\/jornaldasoficinas.com\/pt\/wp-content\/uploads\/2022\/01\/Rheinmetall-aposta.jpg","type":"image\/jpeg"}],"author":"Reda\u00e7\u00e3o JO","twitter_card":"summary_large_image","twitter_creator":"@jornaloficinas","twitter_site":"@jornaloficinas","twitter_misc":{"Escrito por":"Reda\u00e7\u00e3o JO","Tempo estimado de leitura":"2 minutos"},"schema":{"@context":"https:\/\/schema.org","@graph":[{"@type":"Article","@id":"https:\/\/jornaldasoficinas.com\/pt\/rheinmetall-aposta-na-e-mobilidade-e-energia-verde\/#article","isPartOf":{"@id":"https:\/\/jornaldasoficinas.com\/pt\/rheinmetall-aposta-na-e-mobilidade-e-energia-verde\/"},"author":{"name":"Reda\u00e7\u00e3o JO","@id":"https:\/\/jornaldasoficinas.com\/pt\/#\/schema\/person\/a38eef5de2c41d9e7c9ac10141afddf3"},"headline":"Rheinmetall aposta na e-mobilidade e energia verde","datePublished":"2022-01-13T10:00:18+00:00","mainEntityOfPage":{"@id":"https:\/\/jornaldasoficinas.com\/pt\/rheinmetall-aposta-na-e-mobilidade-e-energia-verde\/"},"wordCount":482,"publisher":{"@id":"https:\/\/jornaldasoficinas.com\/pt\/#organization"},"image":{"@id":"https:\/\/jornaldasoficinas.com\/pt\/rheinmetall-aposta-na-e-mobilidade-e-energia-verde\/#primaryimage"},"thumbnailUrl":"https:\/\/jornaldasoficinas.com\/pt\/wp-content\/uploads\/2022\/01\/Rheinmetall-aposta.jpg","keywords":["Rheinmetall"],"articleSection":["Empresas"],"inLanguage":"pt-PT"},{"@type":"WebPage","@id":"https:\/\/jornaldasoficinas.com\/pt\/rheinmetall-aposta-na-e-mobilidade-e-energia-verde\/","url":"https:\/\/jornaldasoficinas.com\/pt\/rheinmetall-aposta-na-e-mobilidade-e-energia-verde\/","name":"Rheinmetall aposta na e-mobilidade e energia verde - Jornal das Oficinas","isPartOf":{"@id":"https:\/\/jornaldasoficinas.com\/pt\/#website"},"primaryImageOfPage":{"@id":"https:\/\/jornaldasoficinas.com\/pt\/rheinmetall-aposta-na-e-mobilidade-e-energia-verde\/#primaryimage"},"image":{"@id":"https:\/\/jornaldasoficinas.com\/pt\/rheinmetall-aposta-na-e-mobilidade-e-energia-verde\/#primaryimage"},"thumbnailUrl":"https:\/\/jornaldasoficinas.com\/pt\/wp-content\/uploads\/2022\/01\/Rheinmetall-aposta.jpg","datePublished":"2022-01-13T10:00:18+00:00","breadcrumb":{"@id":"https:\/\/jornaldasoficinas.com\/pt\/rheinmetall-aposta-na-e-mobilidade-e-energia-verde\/#breadcrumb"},"inLanguage":"pt-PT","potentialAction":[{"@type":"ReadAction","target":["https:\/\/jornaldasoficinas.com\/pt\/rheinmetall-aposta-na-e-mobilidade-e-energia-verde\/"]}]},{"@type":"ImageObject","inLanguage":"pt-PT","@id":"https:\/\/jornaldasoficinas.com\/pt\/rheinmetall-aposta-na-e-mobilidade-e-energia-verde\/#primaryimage","url":"https:\/\/jornaldasoficinas.com\/pt\/wp-content\/uploads\/2022\/01\/Rheinmetall-aposta.jpg","contentUrl":"https:\/\/jornaldasoficinas.com\/pt\/wp-content\/uploads\/2022\/01\/Rheinmetall-aposta.jpg","width":1024,"height":581,"caption":"01 - Rheinmetall-aposta"},{"@type":"BreadcrumbList","@id":"https:\/\/jornaldasoficinas.com\/pt\/rheinmetall-aposta-na-e-mobilidade-e-energia-verde\/#breadcrumb","itemListElement":[{"@type":"ListItem","position":1,"name":"In\u00edcio","item":"https:\/\/jornaldasoficinas.com\/pt\/"},{"@type":"ListItem","position":2,"name":"Rheinmetall aposta na e-mobilidade e energia verde"}]},{"@type":"WebSite","@id":"https:\/\/jornaldasoficinas.com\/pt\/#website","url":"https:\/\/jornaldasoficinas.com\/pt\/","name":"Jornal das Oficinas","description":"Jornal independente do Aftermarket Autom\u00f3vel em Portugal","publisher":{"@id":"https:\/\/jornaldasoficinas.com\/pt\/#organization"},"potentialAction":[{"@type":"SearchAction","target":{"@type":"EntryPoint","urlTemplate":"https:\/\/jornaldasoficinas.com\/pt\/?s={search_term_string}"},"query-input":{"@type":"PropertyValueSpecification","valueRequired":true,"valueName":"search_term_string"}}],"inLanguage":"pt-PT"},{"@type":"Organization","@id":"https:\/\/jornaldasoficinas.com\/pt\/#organization","name":"Jornal das Oficinas","url":"https:\/\/jornaldasoficinas.com\/pt\/","logo":{"@type":"ImageObject","inLanguage":"pt-PT","@id":"https:\/\/jornaldasoficinas.com\/pt\/#\/schema\/logo\/image\/","url":"https:\/\/jornaldasoficinas.com\/pt\/wp-content\/uploads\/logoJO-SEO.png","contentUrl":"https:\/\/jornaldasoficinas.com\/pt\/wp-content\/uploads\/logoJO-SEO.png","width":285,"height":450,"caption":"Jornal das Oficinas"},"image":{"@id":"https:\/\/jornaldasoficinas.com\/pt\/#\/schema\/logo\/image\/"},"sameAs":["https:\/\/www.facebook.com\/jornaloficinas","https:\/\/x.com\/jornaloficinas","https:\/\/www.instagram.com\/jornal_oficinas\/","https:\/\/www.linkedin.com\/company\/jornal-das-oficinas\/","https:\/\/www.youtube.com\/channel\/UCbQZBqtcvV-oSQrr7RzINGg"]},{"@type":"Person","@id":"https:\/\/jornaldasoficinas.com\/pt\/#\/schema\/person\/a38eef5de2c41d9e7c9ac10141afddf3","name":"Reda\u00e7\u00e3o JO","image":{"@type":"ImageObject","inLanguage":"pt-PT","@id":"https:\/\/secure.gravatar.com\/avatar\/71f2fa71737ad68a84fea94bc708ddac8ea5b0c4788dc2ad202f3ccb2887742f?s=96&d=wp_user_avatar&r=g","url":"https:\/\/secure.gravatar.com\/avatar\/71f2fa71737ad68a84fea94bc708ddac8ea5b0c4788dc2ad202f3ccb2887742f?s=96&d=wp_user_avatar&r=g","contentUrl":"https:\/\/secure.gravatar.com\/avatar\/71f2fa71737ad68a84fea94bc708ddac8ea5b0c4788dc2ad202f3ccb2887742f?s=96&d=wp_user_avatar&r=g","caption":"Reda\u00e7\u00e3o JO"},"url":"https:\/\/jornaldasoficinas.com\/pt\/author\/joredacao\/"}]}},"_links":{"self":[{"href":"https:\/\/jornaldasoficinas.com\/pt\/wp-json\/wp\/v2\/posts\/26628","targetHints":{"allow":["GET"]}}],"collection":[{"href":"https:\/\/jornaldasoficinas.com\/pt\/wp-json\/wp\/v2\/posts"}],"about":[{"href":"https:\/\/jornaldasoficinas.com\/pt\/wp-json\/wp\/v2\/types\/post"}],"author":[{"embeddable":true,"href":"https:\/\/jornaldasoficinas.com\/pt\/wp-json\/wp\/v2\/users\/15"}],"replies":[{"embeddable":true,"href":"https:\/\/jornaldasoficinas.com\/pt\/wp-json\/wp\/v2\/comments?post=26628"}],"version-history":[{"count":0,"href":"https:\/\/jornaldasoficinas.com\/pt\/wp-json\/wp\/v2\/posts\/26628\/revisions"}],"wp:featuredmedia":[{"embeddable":true,"href":"https:\/\/jornaldasoficinas.com\/pt\/wp-json\/wp\/v2\/media\/26629"}],"wp:attachment":[{"href":"https:\/\/jornaldasoficinas.com\/pt\/wp-json\/wp\/v2\/media?parent=26628"}],"wp:term":[{"taxonomy":"category","embeddable":true,"href":"https:\/\/jornaldasoficinas.com\/pt\/wp-json\/wp\/v2\/categories?post=26628"},{"taxonomy":"post_tag","embeddable":true,"href":"https:\/\/jornaldasoficinas.com\/pt\/wp-json\/wp\/v2\/tags?post=26628"}],"curies":[{"name":"wp","href":"https:\/\/api.w.org\/{rel}","templated":true}]}}