{"id":26736,"date":"2022-01-19T17:00:26","date_gmt":"2022-01-19T17:00:26","guid":{"rendered":"https:\/\/jornaldasoficinas.com\/pt\/?p=26736"},"modified":"2022-01-19T20:41:25","modified_gmt":"2022-01-19T20:41:25","slug":"a-entrada-de-novas-entidades-serao-um-grande-desafio-marcelo-silva-auto-delta","status":"publish","type":"post","link":"https:\/\/jornaldasoficinas.com\/pt\/a-entrada-de-novas-entidades-serao-um-grande-desafio-marcelo-silva-auto-delta\/","title":{"rendered":"\u201cA entrada de novas entidades ser\u00e1 um grande desafio\u201d, Marcelo Silva, Auto Delta"},"content":{"rendered":"<p><strong><img loading=\"lazy\" decoding=\"async\" class=\"alignnone size-full wp-image-26715\" src=\"https:\/\/jornaldasoficinas.com\/pt\/wp-content\/uploads\/2022\/01\/Marcelo-Silva.jpeg\" alt=\"01 - Marcelo-Silva\" width=\"1024\" height=\"581\" srcset=\"https:\/\/jornaldasoficinas.com\/pt\/wp-content\/uploads\/2022\/01\/Marcelo-Silva.jpeg 1024w, https:\/\/jornaldasoficinas.com\/pt\/wp-content\/uploads\/2022\/01\/Marcelo-Silva-300x170.jpeg 300w, https:\/\/jornaldasoficinas.com\/pt\/wp-content\/uploads\/2022\/01\/Marcelo-Silva-150x85.jpeg 150w, https:\/\/jornaldasoficinas.com\/pt\/wp-content\/uploads\/2022\/01\/Marcelo-Silva-768x436.jpeg 768w\" sizes=\"auto, (max-width: 1024px) 100vw, 1024px\" \/><\/strong><\/p>\n<p><strong>Aliados \u00e0 experi\u00eancia do com\u00e9rcio de pe\u00e7as e acess\u00f3rios autom\u00f3veis h\u00e1 cerca de 43 anos, a <a href=\"https:\/\/www.autodelta.pt\/\" target=\"_blank\" rel=\"noopener\">Auto Delta<\/a> distingue-se por ser um dos principais players do mercado do aftermarket portugu\u00eas<\/strong><\/p>\n<p>Para continuarem a crescer, novas instala\u00e7\u00f5es v\u00e3o dar a possibilidade \u00e0 empresa de diversificar ainda mais a sua oferta. Centrados desde a sua cria\u00e7\u00e3o em fazer mais e melhor, o ano de 2022 ser\u00e1 decisivo para o crescimento das redes de oficinas CGA Car Service e Multi Oficina Service.<\/p>\n<p>Marcelo Silva, Diretor Geral da Auto Delta, revelou como tem sido o desenvolvimento destas redes: \u201cA ades\u00e3o continua a correr muito favoravelmente tendo-se mesmo denotado um crescimento de interesse em ambas as redes bem como na resposta que lhe est\u00e1 associada. Neste momento contamos com cerca de 80 estabelecimentos aderentes que, mais que serem importantes para o neg\u00f3cio da Auto Delta, s\u00e3o-no para os seus retalhistas locais. A organiza\u00e7\u00e3o das redes CGA Car Service e Multi Oficina Service privilegia a rela\u00e7\u00e3o oficina-retalhista-distribuidor, permitindo que o elo interm\u00e9dio desta cadeia, tantas vezes menosprezado, possa ganhar rentabilidade com a ades\u00e3o dos seus clientes\u201d.<div class='yrm-content yrm-content-2 yrm-content-hide  ' id='yrm-2YcQr' data-id='2' data-show-status='false' data-after-action='' style=\"visibility: hidden;height: 0;\">\n\t\t\t<div id='yrm-inner-content-yrm-2YcQr' class='yrm-inner-content-wrapper yrm-cntent-2'><\/p>\n<p><strong>Considera que ainda h\u00e1 espa\u00e7o para o aparecimento no mercado de mais redes de oficinas? Porqu\u00ea?<br \/>\n<\/strong><strong>\u00a0<\/strong>Haver\u00e1 sempre espa\u00e7o para redes oficinais que fa\u00e7am a diferen\u00e7a, proporcionando servi\u00e7os diferenciados e acesso a dados e ferramentas que possam beneficiar claramente a vida di\u00e1ria de uma oficina de repara\u00e7\u00e3o autom\u00f3vel; \u00e9 por a\u00ed que nos guiamos e prova disso tem sido o crescimento sustentado da CGA Car Service e Multi Oficina Service.<\/p>\n<p><strong>De que forma a Auto Delta proporciona servi\u00e7os que ajudam as oficinas a gerir melhor os seus neg\u00f3cios diariamente?<br \/>\n<\/strong>Atrav\u00e9s da CGA Car Service e Multi Oficina Service, os aderentes t\u00eam acesso a plataformas de apoio t\u00e9cnico, uma linha de apoio t\u00e9cnico, um conjunto de m\u00e1quinas de diagn\u00f3stico que representam o que de mais avan\u00e7ado existe no mercado e ainda acesso a forma\u00e7\u00e3o t\u00e9cnica: online, presencial, pr\u00e1tica ou te\u00f3rica, a escolha \u00e9 da oficina.<\/p>\n<p><strong>A Auto Delta continua a apostar na diversifica\u00e7\u00e3o do seu portf\u00f3lio de marcas. Quais as incorpora\u00e7\u00f5es mais recentes e que novidades est\u00e3o previstas para este ano?<br \/>\n<\/strong>A diversifica\u00e7\u00e3o do portef\u00f3lio \u00e9 uma constante na vida da Auto Delta sendo que, este ano, contamos com novidades como a Delphi, um dos mais renomados fabricantes de material el\u00e9trico e eletr\u00f3nico, a Hepu, l\u00edder no sector das bombas de \u00e1gua, e ainda a Brembo, um nome grande no que toca a sistemas de travagem ou a Bilstein, com uma gama completa de amortecedores bem como de amortecedores pneum\u00e1ticos. Cumprindo o que \u00e9 nosso apan\u00e1gio, muitas novidades se seguir\u00e3o no nosso portef\u00f3lio, procurando disponibilizar os melhores produtos do Aftermarket nas melhores condi\u00e7\u00f5es comerciais poss\u00edveis.<\/p>\n<p><strong>T\u00eam realizado a\u00e7\u00f5es de forma\u00e7\u00e3o para as oficinas clientes dos vossos parceiros retalhistas?<br \/>\n<\/strong>A pandemia obrigou-nos a \u201ctravar a fundo\u201d no que toca a realizar a\u00e7\u00f5es de forma\u00e7\u00e3o presenciais. No entanto, t\u00eam sido diversos os eventos interativos onde os nossos retalhistas t\u00eam marcado presen\u00e7a e, esperamos todos n\u00f3s, com o abrandar da pandemia e da aceita\u00e7\u00e3o do \u201cnovo normal\u201d, possamos fazer um investimento muito forte na forma\u00e7\u00e3o dos nossos parceiros comerciais.<\/p>\n<p><strong>Ao final de quase dois anos de pandemia, os efeitos da crise para o neg\u00f3cio da Auto Delta foram piores ou menores do que esperavam?<br \/>\n<\/strong>Nem uma coisa nem outra, os efeitos acabaram por ser na sua esmagadora maioria como esper\u00e1vamos a partir daquele fat\u00eddico m\u00eas de Abril de 2020: esper\u00e1vamos uma quebra acentuada no in\u00edcio mas sempre acredit\u00e1mos numa poss\u00edvel estabiliza\u00e7\u00e3o gradual que veio a acontecer. Depois, foi a tradicional cren\u00e7a numa equipa unida e consciente do desafio e no tecido de parceiros espalhados pelo pa\u00eds que mostrou grande capacidade de resist\u00eancia nos piores momentos.<\/p>\n<p><strong>Quais os grandes ensinamentos que a pandemia trouxe para a Auto Delta, a n\u00edvel da gest\u00e3o, estrat\u00e9gias comerciais e presta\u00e7\u00e3o de servi\u00e7os?<br \/>\n<\/strong>Em primeiro lugar, a pandemia e o comportamento dos consumidores demonstrou, mais uma vez, que a nossa estrat\u00e9gia tradicional se encontra correta. Com as devidas pequenas corre\u00e7\u00f5es, mas foi devido a ela que conseguimos ultrapassar este momento mais dif\u00edcil. Depois, ficou mais uma vez demonstrado que o teletrabalho \u00e9 poss\u00edvel em determinadas fun\u00e7\u00f5es e que afinal n\u00e3o torna o trabalho mais lento pelo simples facto de n\u00e3o se estar presencialmente no local de trabalho.<\/p>\n<p><strong>Que efeitos est\u00e3o a ter na vossa atividade a dificuldade de abastecimento de pe\u00e7as junto dos vossos fornecedores?<br \/>\n<\/strong>Essa dificuldade \u00e9 um facto e tem sido um fator mais complicado de eliminar no que toca \u00e0 normaliza\u00e7\u00e3o da atividade comercial por parte de todos os players. A escassez de semicondutores e o encarecimento das mat\u00e9rias-primas \u00e9 algo que parece ter vindo para ficar e cabe-nos dar a volta a essa situa\u00e7\u00e3o.<\/p>\n<p><strong>Que alternativas foram levadas \u00e0 pr\u00e1tica para compensar essas dificuldades?<\/strong><strong><br \/>\n<\/strong><strong>\u00a0<\/strong>\u00c9 necess\u00e1rio principalmente procurar alternativas de fornecimento onde as h\u00e1, permitindo que os produtos cheguem onde \u00e9 necess\u00e1rio: \u00e0s oficinas de repara\u00e7\u00e3o autom\u00f3vel. Depois, tivemos que realizar alguns ajustes face ao encarecimento de mat\u00e9rias-primas, fen\u00f3meno que se verifica em todos os elos da cadeia: desde o fabricante at\u00e9 ao reparador.<\/p>\n<p><strong>Considera que os pre\u00e7os das pe\u00e7as v\u00e3o aumentar nos pr\u00f3ximos tempos?<br \/>\n<\/strong>N\u00e3o temos nenhuma bola de cristal, mas parece-nos que um aumento de pre\u00e7os, nomeadamente em produtos e marcas premium, onde o mec\u00e2nico coloca toda a sua confian\u00e7a, ser\u00e1 inevit\u00e1vel. N\u00e3o dever\u00e1 ser uma revolu\u00e7\u00e3o mas antes um ajustamento at\u00e9 porque muitos destes produtos apresentavam pre\u00e7os bastante lisonjeiros.<\/p>\n<p><strong>Como a Auto Delta tem conseguido minimizar o impacto das devolu\u00e7\u00f5es a n\u00edvel de custos e recursos humanos afetos \u00e0 gest\u00e3o dessas devolu\u00e7\u00f5es?<br \/>\n<\/strong>O problema log\u00edstico das devolu\u00e7\u00f5es \u00e9 algo j\u00e1 identificado h\u00e1 muito por todos os players do Aftermarket mas para o qual tem sido complicado encontrar uma solu\u00e7\u00e3o eficaz. Na Auto Delta temos procurado sensibilizar os nossos parceiros comerciais para a import\u00e2ncia duma boa identifica\u00e7\u00e3o, fornecendo-lhes os meios para tal, bem como para a capacidade de resposta que, com um impacto muito forte de devolu\u00e7\u00f5es, poder\u00e1 ficar seriamente comprometida.<\/p>\n<p><strong>A base do neg\u00f3cio p\u00f3s-venda autom\u00f3vel \u00e9 o acesso \u00e0 informa\u00e7\u00e3o e aos dados. Como est\u00e1 a Auto Delta a adaptar-se e esta nova realidade?<br \/>\n<\/strong>Hoje em dia todas as movimenta\u00e7\u00f5es e comportamentos s\u00e3o dados e vingar\u00e1 no futuro quem os conseguir trabalhar pois o fluxo j\u00e1 existe e \u00e9 bastante forte. Na Auto Delta j\u00e1 procuramos tratar grande parte da informa\u00e7\u00e3o que nos chega, procurando diversificar e refor\u00e7ar a nossa gama de produtos e servi\u00e7os, proporcionando aos nossos parceiros comerciais uma melhor experi\u00eancia.<\/p>\n<p><strong>Os fabricantes de autom\u00f3veis est\u00e3o cada vez mais ativos no mercado p\u00f3s-venda. Como vai ser no futuro a conviv\u00eancia entre as marcas de origem e as de aftermarket?<br \/>\n<\/strong>A conviv\u00eancia ser\u00e1 igual \u00e0 que temos tido com todos os players: saud\u00e1vel e prof\u00edcua. Se todos respeitarmos as regras do mercado n\u00e3o haver\u00e1 raz\u00f5es para que haja algum mal-estar mas, a verdade \u00e9 que os fabricantes de autom\u00f3veis enfrentar\u00e3o um mercado maduro e repleto de empresas especializadas com forte capacidade de trac\u00e7\u00e3o um pouco por todo o pa\u00eds, deixando pouca margem de manobra para novos contendores.<\/p>\n<p><strong>A concentra\u00e7\u00e3o do neg\u00f3cio da distribui\u00e7\u00e3o de pe\u00e7as \u00e9 uma realidade. Considera que esta tend\u00eancia vai continuar na Europa e em particular no nosso pa\u00eds?<br \/>\n<\/strong>Sim, assistiremos sem d\u00favida a mais fen\u00f3menos de concentra\u00e7\u00e3o. Em Portugal j\u00e1 se verificaram alguns ao n\u00edvel dos distribuidores e tem sido not\u00f3rio o crescimento dos grupos de retalhistas que, dessa forma, tentam ganhos de escala para os seus neg\u00f3cios. Se os ganhos de escala fruto do crescimento s\u00e3o uma realidade, a verdade \u00e9 que, tornando-se grandes demais, estas entidades poder\u00e3o perder rapidez e agilidade na rela\u00e7\u00e3o com o mercado e, consequentemente desperdi\u00e7ar boas oportunidades de neg\u00f3cio.<\/p>\n<p><strong>Estamos a assistir a uma polariza\u00e7\u00e3o do parque, com um aumento dos ve\u00edculos mais recentes (at\u00e9 5 anos) e dos mais antigos (mais de 10 anos), enquanto o parque de ve\u00edculos dos 5 a 9 anos est\u00e1 a diminuir. Que efeitos esta situa\u00e7\u00e3o est\u00e1 a causar no com\u00e9rcio de pe\u00e7as?<br \/>\n<\/strong>Esta disparidade n\u00e3o se deveria de todo verificar pois ainda estamos a \u201calimentar\u201d um parque autom\u00f3vel com imensas unidades que deveriam j\u00e1 ter seguido para abate mas que, continuando em funcionamento, acabam por ter as consequ\u00eancias ambientais que todos conhecemos. Existe claramente um \u201cgap\u201d no portef\u00f3lio de pe\u00e7as para autom\u00f3veis que todos os players dever\u00e3o disponibilizar quando a oferta deveria ser algo linear e proporcionalmente superior quanto mais recente \u00e9 o produto. Por\u00e9m, este \u00e9 um fen\u00f3meno com causas estruturais fruto da situa\u00e7\u00e3o econ\u00f3mica nacional dos \u00faltimos anos e cuja resolu\u00e7\u00e3o ter\u00e1 sempre de passar, acreditamos n\u00f3s, por incentivos ao abate e \u00e0 aquisi\u00e7\u00e3o de viaturas novas.<\/p>\n<p><strong>Os ve\u00edculos el\u00e9tricos requerem menos manuten\u00e7\u00e3o do que os ve\u00edculos a combust\u00e3o. Como a Auto Delta est\u00e1 a preparar-se para compensar as perdas de fatura\u00e7\u00e3o que estes ve\u00edculos v\u00e3o originar?<br \/>\n<\/strong>Atrav\u00e9s do posicionamento global da empresa. Mais que vender apenas pe\u00e7as para autom\u00f3veis, a Auto Delta ser\u00e1 um distribuidor apostado em disponibilizar solu\u00e7\u00f5es de repara\u00e7\u00e3o para o mercado que, ancorada no core business tradicional, agregar\u00e1 um conjunto de respostas que permitir\u00e3o a manuten\u00e7\u00e3o do crescimento que temos sentido.<\/p>\n<p><strong>Que an\u00e1lise faz do mercado de distribui\u00e7\u00e3o de pe\u00e7as autom\u00f3vel em Portugal e como v\u00ea o futuro dos canais aftermarket e de pe\u00e7as originais?<br \/>\n<\/strong>Acreditamos que este mercado \u00e9 muito forte e um dos pilares da atividade econ\u00f3mica nacional. Est\u00e1 povoado de players fortes e especializados, capazes de marcar a diferen\u00e7a tanto ao n\u00edvel nacional (os distribuidores) como local (os retalhistas) e que conseguiram, ao longo dos anos, conquistar quota de mercado e influ\u00eancia aos distribuidores originais que claramente n\u00e3o se conseguiram adaptar a um mercado onde o consumidor prefere deslocar-se a uma oficina independente. Ao n\u00edvel da repara\u00e7\u00e3o, a a\u00e7\u00e3o das redes oficinas ser\u00e1 tamb\u00e9m decisiva para perscrutarmos de forma mais eficiente o que ser\u00e1 o futuro deste setor mas, na verdade, a manter-se este comportamento, estaremos perante um mercado mais forte, dia ap\u00f3s dia.<\/p>\n<p><strong>Considera que os canais de distribui\u00e7\u00e3o tradicional v\u00e3o manter-se: Fabricantes \u2013 Distribuidores \u2013 Retalhistas \u2013 Oficinas?<br \/>\n<\/strong><strong>\u00a0<\/strong>Acreditamos que sim ou a organiza\u00e7\u00e3o das nossas redes oficinais CGA Car Service e Multi Oficina Service n\u00e3o seguiria este desenho da cadeia. A verdade \u00e9 que o distribuidor, apesar do maior poderio financeiro, dificilmente conseguir\u00e1 ter a influ\u00eancia local em que os retalhistas se ancoram. Ainda assim, haver\u00e1 comportamentos contr\u00e1rios a esta teoria e na Auto Delta teremos de estar vigilantes para defender a nossa quota de mercado.<\/p>\n<p><strong>Quais s\u00e3o as maiores mudan\u00e7as que a distribui\u00e7\u00e3o de pe\u00e7as vai enfrentar nos pr\u00f3ximos anos?<br \/>\n<\/strong>Ao n\u00edvel do parque autom\u00f3vel, a eletrifica\u00e7\u00e3o e a emerg\u00eancia de novas formas de motoriza\u00e7\u00e3o ser\u00e3o fen\u00f3menos que poder\u00e3o deixar para tr\u00e1s alguns players se a adapta\u00e7\u00e3o n\u00e3o come\u00e7ar j\u00e1 e de forma gradual. Depois, acreditamos que a entrada de novas entidades, nomeadamente as especializadas no com\u00e9rcio eletr\u00f3nico, ser\u00e3o um desafio muito interessante, at\u00e9 pela dimens\u00e3o dessas empresas e para verificar a capacidade de adapta\u00e7\u00e3o a uma diversidade de mercados muito diferentes, com h\u00e1bitos distintos entre eles.<\/p>\n<p><\/div>\n\t\t<\/div><div class='yrm-btn-wrapper yrm-btn-wrapper-2 yrm-more-button-wrapper  '\n\t\tdata-custom-more-class-name='' data-custom-less-class-name=''><span title='' data-less-title='' data-more-title='' class='yrm-toggle-expand  yrm-toggle-expand-2 ' data-rel='yrm-2YcQr' data-more='Continue a ler' data-less='Menos texto'><span class='yrm-text-wrapper yrm-text-wrapper-custom-dimensions'><span class=\"yrm-button-text-2 yrm-button-text-span\">Continue a ler<\/span><\/span><\/span><\/div><\/p>\n<p>&nbsp;<\/p>\n","protected":false},"excerpt":{"rendered":"<p>Aliados \u00e0 experi\u00eancia do com\u00e9rcio de&#8230;<\/p>\n","protected":false},"author":15,"featured_media":26715,"comment_status":"closed","ping_status":"closed","sticky":false,"template":"","format":"standard","meta":{"footnotes":""},"categories":[38],"tags":[187],"class_list":["post-26736","post","type-post","status-publish","format-standard","has-post-thumbnail","hentry","category-entrevistas","tag-auto-delta"],"yoast_head":"<!-- This site is optimized with the Yoast SEO plugin v27.4 - https:\/\/yoast.com\/product\/yoast-seo-wordpress\/ -->\n<title>\u201cA entrada de novas entidades ser\u00e1 um grande desafio\u201d, Marcelo Silva, Auto Delta - Jornal das Oficinas<\/title>\n<meta name=\"robots\" content=\"index, follow, max-snippet:-1, max-image-preview:large, max-video-preview:-1\" \/>\n<link rel=\"canonical\" href=\"https:\/\/jornaldasoficinas.com\/pt\/a-entrada-de-novas-entidades-serao-um-grande-desafio-marcelo-silva-auto-delta\/\" \/>\n<meta property=\"og:locale\" content=\"pt_PT\" \/>\n<meta property=\"og:type\" content=\"article\" \/>\n<meta property=\"og:title\" content=\"\u201cA entrada de novas entidades ser\u00e1 um grande desafio\u201d, Marcelo Silva, Auto Delta - Jornal das Oficinas\" \/>\n<meta property=\"og:description\" content=\"Aliados \u00e0 experi\u00eancia do com\u00e9rcio de...\" \/>\n<meta property=\"og:url\" content=\"https:\/\/jornaldasoficinas.com\/pt\/a-entrada-de-novas-entidades-serao-um-grande-desafio-marcelo-silva-auto-delta\/\" \/>\n<meta property=\"og:site_name\" content=\"Jornal das Oficinas\" \/>\n<meta property=\"article:publisher\" content=\"https:\/\/www.facebook.com\/jornaloficinas\" \/>\n<meta property=\"article:published_time\" content=\"2022-01-19T17:00:26+00:00\" \/>\n<meta property=\"article:modified_time\" content=\"2022-01-19T20:41:25+00:00\" \/>\n<meta property=\"og:image\" content=\"https:\/\/jornaldasoficinas.com\/pt\/wp-content\/uploads\/2022\/01\/Marcelo-Silva.jpeg\" \/>\n\t<meta property=\"og:image:width\" content=\"1024\" \/>\n\t<meta property=\"og:image:height\" content=\"581\" \/>\n\t<meta property=\"og:image:type\" content=\"image\/jpeg\" \/>\n<meta name=\"author\" content=\"Reda\u00e7\u00e3o JO\" \/>\n<meta name=\"twitter:card\" content=\"summary_large_image\" \/>\n<meta name=\"twitter:creator\" content=\"@jornaloficinas\" \/>\n<meta name=\"twitter:site\" content=\"@jornaloficinas\" \/>\n<meta name=\"twitter:label1\" content=\"Escrito por\" \/>\n\t<meta name=\"twitter:data1\" content=\"Reda\u00e7\u00e3o JO\" \/>\n\t<meta name=\"twitter:label2\" content=\"Tempo estimado de leitura\" \/>\n\t<meta name=\"twitter:data2\" content=\"11 minutos\" \/>\n<script type=\"application\/ld+json\" class=\"yoast-schema-graph\">{\"@context\":\"https:\\\/\\\/schema.org\",\"@graph\":[{\"@type\":\"Article\",\"@id\":\"https:\\\/\\\/jornaldasoficinas.com\\\/pt\\\/a-entrada-de-novas-entidades-serao-um-grande-desafio-marcelo-silva-auto-delta\\\/#article\",\"isPartOf\":{\"@id\":\"https:\\\/\\\/jornaldasoficinas.com\\\/pt\\\/a-entrada-de-novas-entidades-serao-um-grande-desafio-marcelo-silva-auto-delta\\\/\"},\"author\":{\"name\":\"Reda\u00e7\u00e3o JO\",\"@id\":\"https:\\\/\\\/jornaldasoficinas.com\\\/pt\\\/#\\\/schema\\\/person\\\/a38eef5de2c41d9e7c9ac10141afddf3\"},\"headline\":\"\u201cA entrada de novas entidades ser\u00e1 um grande desafio\u201d, Marcelo Silva, Auto Delta\",\"datePublished\":\"2022-01-19T17:00:26+00:00\",\"dateModified\":\"2022-01-19T20:41:25+00:00\",\"mainEntityOfPage\":{\"@id\":\"https:\\\/\\\/jornaldasoficinas.com\\\/pt\\\/a-entrada-de-novas-entidades-serao-um-grande-desafio-marcelo-silva-auto-delta\\\/\"},\"wordCount\":2037,\"publisher\":{\"@id\":\"https:\\\/\\\/jornaldasoficinas.com\\\/pt\\\/#organization\"},\"image\":{\"@id\":\"https:\\\/\\\/jornaldasoficinas.com\\\/pt\\\/a-entrada-de-novas-entidades-serao-um-grande-desafio-marcelo-silva-auto-delta\\\/#primaryimage\"},\"thumbnailUrl\":\"https:\\\/\\\/jornaldasoficinas.com\\\/pt\\\/wp-content\\\/uploads\\\/2022\\\/01\\\/Marcelo-Silva.jpeg\",\"keywords\":[\"Auto Delta\"],\"articleSection\":[\"Entrevistas\"],\"inLanguage\":\"pt-PT\"},{\"@type\":\"WebPage\",\"@id\":\"https:\\\/\\\/jornaldasoficinas.com\\\/pt\\\/a-entrada-de-novas-entidades-serao-um-grande-desafio-marcelo-silva-auto-delta\\\/\",\"url\":\"https:\\\/\\\/jornaldasoficinas.com\\\/pt\\\/a-entrada-de-novas-entidades-serao-um-grande-desafio-marcelo-silva-auto-delta\\\/\",\"name\":\"\u201cA entrada de novas entidades ser\u00e1 um grande desafio\u201d, Marcelo Silva, Auto Delta - Jornal das Oficinas\",\"isPartOf\":{\"@id\":\"https:\\\/\\\/jornaldasoficinas.com\\\/pt\\\/#website\"},\"primaryImageOfPage\":{\"@id\":\"https:\\\/\\\/jornaldasoficinas.com\\\/pt\\\/a-entrada-de-novas-entidades-serao-um-grande-desafio-marcelo-silva-auto-delta\\\/#primaryimage\"},\"image\":{\"@id\":\"https:\\\/\\\/jornaldasoficinas.com\\\/pt\\\/a-entrada-de-novas-entidades-serao-um-grande-desafio-marcelo-silva-auto-delta\\\/#primaryimage\"},\"thumbnailUrl\":\"https:\\\/\\\/jornaldasoficinas.com\\\/pt\\\/wp-content\\\/uploads\\\/2022\\\/01\\\/Marcelo-Silva.jpeg\",\"datePublished\":\"2022-01-19T17:00:26+00:00\",\"dateModified\":\"2022-01-19T20:41:25+00:00\",\"breadcrumb\":{\"@id\":\"https:\\\/\\\/jornaldasoficinas.com\\\/pt\\\/a-entrada-de-novas-entidades-serao-um-grande-desafio-marcelo-silva-auto-delta\\\/#breadcrumb\"},\"inLanguage\":\"pt-PT\",\"potentialAction\":[{\"@type\":\"ReadAction\",\"target\":[\"https:\\\/\\\/jornaldasoficinas.com\\\/pt\\\/a-entrada-de-novas-entidades-serao-um-grande-desafio-marcelo-silva-auto-delta\\\/\"]}]},{\"@type\":\"ImageObject\",\"inLanguage\":\"pt-PT\",\"@id\":\"https:\\\/\\\/jornaldasoficinas.com\\\/pt\\\/a-entrada-de-novas-entidades-serao-um-grande-desafio-marcelo-silva-auto-delta\\\/#primaryimage\",\"url\":\"https:\\\/\\\/jornaldasoficinas.com\\\/pt\\\/wp-content\\\/uploads\\\/2022\\\/01\\\/Marcelo-Silva.jpeg\",\"contentUrl\":\"https:\\\/\\\/jornaldasoficinas.com\\\/pt\\\/wp-content\\\/uploads\\\/2022\\\/01\\\/Marcelo-Silva.jpeg\",\"width\":1024,\"height\":581,\"caption\":\"01 - Marcelo-Silva\"},{\"@type\":\"BreadcrumbList\",\"@id\":\"https:\\\/\\\/jornaldasoficinas.com\\\/pt\\\/a-entrada-de-novas-entidades-serao-um-grande-desafio-marcelo-silva-auto-delta\\\/#breadcrumb\",\"itemListElement\":[{\"@type\":\"ListItem\",\"position\":1,\"name\":\"In\u00edcio\",\"item\":\"https:\\\/\\\/jornaldasoficinas.com\\\/pt\\\/\"},{\"@type\":\"ListItem\",\"position\":2,\"name\":\"\u201cA entrada de novas entidades ser\u00e1 um grande desafio\u201d, Marcelo Silva, Auto Delta\"}]},{\"@type\":\"WebSite\",\"@id\":\"https:\\\/\\\/jornaldasoficinas.com\\\/pt\\\/#website\",\"url\":\"https:\\\/\\\/jornaldasoficinas.com\\\/pt\\\/\",\"name\":\"Jornal das Oficinas\",\"description\":\"Jornal independente do Aftermarket Autom\u00f3vel em Portugal\",\"publisher\":{\"@id\":\"https:\\\/\\\/jornaldasoficinas.com\\\/pt\\\/#organization\"},\"potentialAction\":[{\"@type\":\"SearchAction\",\"target\":{\"@type\":\"EntryPoint\",\"urlTemplate\":\"https:\\\/\\\/jornaldasoficinas.com\\\/pt\\\/?s={search_term_string}\"},\"query-input\":{\"@type\":\"PropertyValueSpecification\",\"valueRequired\":true,\"valueName\":\"search_term_string\"}}],\"inLanguage\":\"pt-PT\"},{\"@type\":\"Organization\",\"@id\":\"https:\\\/\\\/jornaldasoficinas.com\\\/pt\\\/#organization\",\"name\":\"Jornal das Oficinas\",\"url\":\"https:\\\/\\\/jornaldasoficinas.com\\\/pt\\\/\",\"logo\":{\"@type\":\"ImageObject\",\"inLanguage\":\"pt-PT\",\"@id\":\"https:\\\/\\\/jornaldasoficinas.com\\\/pt\\\/#\\\/schema\\\/logo\\\/image\\\/\",\"url\":\"https:\\\/\\\/jornaldasoficinas.com\\\/pt\\\/wp-content\\\/uploads\\\/logoJO-SEO.png\",\"contentUrl\":\"https:\\\/\\\/jornaldasoficinas.com\\\/pt\\\/wp-content\\\/uploads\\\/logoJO-SEO.png\",\"width\":285,\"height\":450,\"caption\":\"Jornal das Oficinas\"},\"image\":{\"@id\":\"https:\\\/\\\/jornaldasoficinas.com\\\/pt\\\/#\\\/schema\\\/logo\\\/image\\\/\"},\"sameAs\":[\"https:\\\/\\\/www.facebook.com\\\/jornaloficinas\",\"https:\\\/\\\/x.com\\\/jornaloficinas\",\"https:\\\/\\\/www.instagram.com\\\/jornal_oficinas\\\/\",\"https:\\\/\\\/www.linkedin.com\\\/company\\\/jornal-das-oficinas\\\/\",\"https:\\\/\\\/www.youtube.com\\\/channel\\\/UCbQZBqtcvV-oSQrr7RzINGg\"]},{\"@type\":\"Person\",\"@id\":\"https:\\\/\\\/jornaldasoficinas.com\\\/pt\\\/#\\\/schema\\\/person\\\/a38eef5de2c41d9e7c9ac10141afddf3\",\"name\":\"Reda\u00e7\u00e3o JO\",\"image\":{\"@type\":\"ImageObject\",\"inLanguage\":\"pt-PT\",\"@id\":\"https:\\\/\\\/secure.gravatar.com\\\/avatar\\\/71f2fa71737ad68a84fea94bc708ddac8ea5b0c4788dc2ad202f3ccb2887742f?s=96&d=wp_user_avatar&r=g\",\"url\":\"https:\\\/\\\/secure.gravatar.com\\\/avatar\\\/71f2fa71737ad68a84fea94bc708ddac8ea5b0c4788dc2ad202f3ccb2887742f?s=96&d=wp_user_avatar&r=g\",\"contentUrl\":\"https:\\\/\\\/secure.gravatar.com\\\/avatar\\\/71f2fa71737ad68a84fea94bc708ddac8ea5b0c4788dc2ad202f3ccb2887742f?s=96&d=wp_user_avatar&r=g\",\"caption\":\"Reda\u00e7\u00e3o JO\"},\"url\":\"https:\\\/\\\/jornaldasoficinas.com\\\/pt\\\/author\\\/joredacao\\\/\"}]}<\/script>\n<!-- \/ Yoast SEO plugin. -->","yoast_head_json":{"title":"\u201cA entrada de novas entidades ser\u00e1 um grande desafio\u201d, Marcelo Silva, Auto Delta - Jornal das Oficinas","robots":{"index":"index","follow":"follow","max-snippet":"max-snippet:-1","max-image-preview":"max-image-preview:large","max-video-preview":"max-video-preview:-1"},"canonical":"https:\/\/jornaldasoficinas.com\/pt\/a-entrada-de-novas-entidades-serao-um-grande-desafio-marcelo-silva-auto-delta\/","og_locale":"pt_PT","og_type":"article","og_title":"\u201cA entrada de novas entidades ser\u00e1 um grande desafio\u201d, Marcelo Silva, Auto Delta - Jornal das Oficinas","og_description":"Aliados \u00e0 experi\u00eancia do com\u00e9rcio de...","og_url":"https:\/\/jornaldasoficinas.com\/pt\/a-entrada-de-novas-entidades-serao-um-grande-desafio-marcelo-silva-auto-delta\/","og_site_name":"Jornal das Oficinas","article_publisher":"https:\/\/www.facebook.com\/jornaloficinas","article_published_time":"2022-01-19T17:00:26+00:00","article_modified_time":"2022-01-19T20:41:25+00:00","og_image":[{"width":1024,"height":581,"url":"https:\/\/jornaldasoficinas.com\/pt\/wp-content\/uploads\/2022\/01\/Marcelo-Silva.jpeg","type":"image\/jpeg"}],"author":"Reda\u00e7\u00e3o JO","twitter_card":"summary_large_image","twitter_creator":"@jornaloficinas","twitter_site":"@jornaloficinas","twitter_misc":{"Escrito por":"Reda\u00e7\u00e3o JO","Tempo estimado de leitura":"11 minutos"},"schema":{"@context":"https:\/\/schema.org","@graph":[{"@type":"Article","@id":"https:\/\/jornaldasoficinas.com\/pt\/a-entrada-de-novas-entidades-serao-um-grande-desafio-marcelo-silva-auto-delta\/#article","isPartOf":{"@id":"https:\/\/jornaldasoficinas.com\/pt\/a-entrada-de-novas-entidades-serao-um-grande-desafio-marcelo-silva-auto-delta\/"},"author":{"name":"Reda\u00e7\u00e3o JO","@id":"https:\/\/jornaldasoficinas.com\/pt\/#\/schema\/person\/a38eef5de2c41d9e7c9ac10141afddf3"},"headline":"\u201cA entrada de novas entidades ser\u00e1 um grande desafio\u201d, Marcelo Silva, Auto Delta","datePublished":"2022-01-19T17:00:26+00:00","dateModified":"2022-01-19T20:41:25+00:00","mainEntityOfPage":{"@id":"https:\/\/jornaldasoficinas.com\/pt\/a-entrada-de-novas-entidades-serao-um-grande-desafio-marcelo-silva-auto-delta\/"},"wordCount":2037,"publisher":{"@id":"https:\/\/jornaldasoficinas.com\/pt\/#organization"},"image":{"@id":"https:\/\/jornaldasoficinas.com\/pt\/a-entrada-de-novas-entidades-serao-um-grande-desafio-marcelo-silva-auto-delta\/#primaryimage"},"thumbnailUrl":"https:\/\/jornaldasoficinas.com\/pt\/wp-content\/uploads\/2022\/01\/Marcelo-Silva.jpeg","keywords":["Auto Delta"],"articleSection":["Entrevistas"],"inLanguage":"pt-PT"},{"@type":"WebPage","@id":"https:\/\/jornaldasoficinas.com\/pt\/a-entrada-de-novas-entidades-serao-um-grande-desafio-marcelo-silva-auto-delta\/","url":"https:\/\/jornaldasoficinas.com\/pt\/a-entrada-de-novas-entidades-serao-um-grande-desafio-marcelo-silva-auto-delta\/","name":"\u201cA entrada de novas entidades ser\u00e1 um grande desafio\u201d, Marcelo Silva, Auto Delta - Jornal das Oficinas","isPartOf":{"@id":"https:\/\/jornaldasoficinas.com\/pt\/#website"},"primaryImageOfPage":{"@id":"https:\/\/jornaldasoficinas.com\/pt\/a-entrada-de-novas-entidades-serao-um-grande-desafio-marcelo-silva-auto-delta\/#primaryimage"},"image":{"@id":"https:\/\/jornaldasoficinas.com\/pt\/a-entrada-de-novas-entidades-serao-um-grande-desafio-marcelo-silva-auto-delta\/#primaryimage"},"thumbnailUrl":"https:\/\/jornaldasoficinas.com\/pt\/wp-content\/uploads\/2022\/01\/Marcelo-Silva.jpeg","datePublished":"2022-01-19T17:00:26+00:00","dateModified":"2022-01-19T20:41:25+00:00","breadcrumb":{"@id":"https:\/\/jornaldasoficinas.com\/pt\/a-entrada-de-novas-entidades-serao-um-grande-desafio-marcelo-silva-auto-delta\/#breadcrumb"},"inLanguage":"pt-PT","potentialAction":[{"@type":"ReadAction","target":["https:\/\/jornaldasoficinas.com\/pt\/a-entrada-de-novas-entidades-serao-um-grande-desafio-marcelo-silva-auto-delta\/"]}]},{"@type":"ImageObject","inLanguage":"pt-PT","@id":"https:\/\/jornaldasoficinas.com\/pt\/a-entrada-de-novas-entidades-serao-um-grande-desafio-marcelo-silva-auto-delta\/#primaryimage","url":"https:\/\/jornaldasoficinas.com\/pt\/wp-content\/uploads\/2022\/01\/Marcelo-Silva.jpeg","contentUrl":"https:\/\/jornaldasoficinas.com\/pt\/wp-content\/uploads\/2022\/01\/Marcelo-Silva.jpeg","width":1024,"height":581,"caption":"01 - Marcelo-Silva"},{"@type":"BreadcrumbList","@id":"https:\/\/jornaldasoficinas.com\/pt\/a-entrada-de-novas-entidades-serao-um-grande-desafio-marcelo-silva-auto-delta\/#breadcrumb","itemListElement":[{"@type":"ListItem","position":1,"name":"In\u00edcio","item":"https:\/\/jornaldasoficinas.com\/pt\/"},{"@type":"ListItem","position":2,"name":"\u201cA entrada de novas entidades ser\u00e1 um grande desafio\u201d, Marcelo Silva, Auto Delta"}]},{"@type":"WebSite","@id":"https:\/\/jornaldasoficinas.com\/pt\/#website","url":"https:\/\/jornaldasoficinas.com\/pt\/","name":"Jornal das Oficinas","description":"Jornal independente do Aftermarket Autom\u00f3vel em Portugal","publisher":{"@id":"https:\/\/jornaldasoficinas.com\/pt\/#organization"},"potentialAction":[{"@type":"SearchAction","target":{"@type":"EntryPoint","urlTemplate":"https:\/\/jornaldasoficinas.com\/pt\/?s={search_term_string}"},"query-input":{"@type":"PropertyValueSpecification","valueRequired":true,"valueName":"search_term_string"}}],"inLanguage":"pt-PT"},{"@type":"Organization","@id":"https:\/\/jornaldasoficinas.com\/pt\/#organization","name":"Jornal das Oficinas","url":"https:\/\/jornaldasoficinas.com\/pt\/","logo":{"@type":"ImageObject","inLanguage":"pt-PT","@id":"https:\/\/jornaldasoficinas.com\/pt\/#\/schema\/logo\/image\/","url":"https:\/\/jornaldasoficinas.com\/pt\/wp-content\/uploads\/logoJO-SEO.png","contentUrl":"https:\/\/jornaldasoficinas.com\/pt\/wp-content\/uploads\/logoJO-SEO.png","width":285,"height":450,"caption":"Jornal das Oficinas"},"image":{"@id":"https:\/\/jornaldasoficinas.com\/pt\/#\/schema\/logo\/image\/"},"sameAs":["https:\/\/www.facebook.com\/jornaloficinas","https:\/\/x.com\/jornaloficinas","https:\/\/www.instagram.com\/jornal_oficinas\/","https:\/\/www.linkedin.com\/company\/jornal-das-oficinas\/","https:\/\/www.youtube.com\/channel\/UCbQZBqtcvV-oSQrr7RzINGg"]},{"@type":"Person","@id":"https:\/\/jornaldasoficinas.com\/pt\/#\/schema\/person\/a38eef5de2c41d9e7c9ac10141afddf3","name":"Reda\u00e7\u00e3o JO","image":{"@type":"ImageObject","inLanguage":"pt-PT","@id":"https:\/\/secure.gravatar.com\/avatar\/71f2fa71737ad68a84fea94bc708ddac8ea5b0c4788dc2ad202f3ccb2887742f?s=96&d=wp_user_avatar&r=g","url":"https:\/\/secure.gravatar.com\/avatar\/71f2fa71737ad68a84fea94bc708ddac8ea5b0c4788dc2ad202f3ccb2887742f?s=96&d=wp_user_avatar&r=g","contentUrl":"https:\/\/secure.gravatar.com\/avatar\/71f2fa71737ad68a84fea94bc708ddac8ea5b0c4788dc2ad202f3ccb2887742f?s=96&d=wp_user_avatar&r=g","caption":"Reda\u00e7\u00e3o JO"},"url":"https:\/\/jornaldasoficinas.com\/pt\/author\/joredacao\/"}]}},"_links":{"self":[{"href":"https:\/\/jornaldasoficinas.com\/pt\/wp-json\/wp\/v2\/posts\/26736","targetHints":{"allow":["GET"]}}],"collection":[{"href":"https:\/\/jornaldasoficinas.com\/pt\/wp-json\/wp\/v2\/posts"}],"about":[{"href":"https:\/\/jornaldasoficinas.com\/pt\/wp-json\/wp\/v2\/types\/post"}],"author":[{"embeddable":true,"href":"https:\/\/jornaldasoficinas.com\/pt\/wp-json\/wp\/v2\/users\/15"}],"replies":[{"embeddable":true,"href":"https:\/\/jornaldasoficinas.com\/pt\/wp-json\/wp\/v2\/comments?post=26736"}],"version-history":[{"count":0,"href":"https:\/\/jornaldasoficinas.com\/pt\/wp-json\/wp\/v2\/posts\/26736\/revisions"}],"wp:featuredmedia":[{"embeddable":true,"href":"https:\/\/jornaldasoficinas.com\/pt\/wp-json\/wp\/v2\/media\/26715"}],"wp:attachment":[{"href":"https:\/\/jornaldasoficinas.com\/pt\/wp-json\/wp\/v2\/media?parent=26736"}],"wp:term":[{"taxonomy":"category","embeddable":true,"href":"https:\/\/jornaldasoficinas.com\/pt\/wp-json\/wp\/v2\/categories?post=26736"},{"taxonomy":"post_tag","embeddable":true,"href":"https:\/\/jornaldasoficinas.com\/pt\/wp-json\/wp\/v2\/tags?post=26736"}],"curies":[{"name":"wp","href":"https:\/\/api.w.org\/{rel}","templated":true}]}}