{"id":26772,"date":"2022-01-20T12:00:08","date_gmt":"2022-01-20T12:00:08","guid":{"rendered":"https:\/\/jornaldasoficinas.com\/pt\/?p=26772"},"modified":"2022-01-26T10:19:53","modified_gmt":"2022-01-26T10:19:53","slug":"kroftools-lanca-novas-ferramentas-e-equipamentos","status":"publish","type":"post","link":"https:\/\/jornaldasoficinas.com\/pt\/kroftools-lanca-novas-ferramentas-e-equipamentos\/","title":{"rendered":"Kroftools lan\u00e7a novas ferramentas e equipamentos"},"content":{"rendered":"<p><strong><img loading=\"lazy\" decoding=\"async\" class=\"alignnone size-full wp-image-26755\" src=\"https:\/\/jornaldasoficinas.com\/pt\/wp-content\/uploads\/2022\/01\/Kroftools-lanca-novas-ferramentas.jpg\" alt=\"01 - Kroftools-lanca-novas-ferramentas\" width=\"1024\" height=\"581\" srcset=\"https:\/\/jornaldasoficinas.com\/pt\/wp-content\/uploads\/2022\/01\/Kroftools-lanca-novas-ferramentas.jpg 1024w, https:\/\/jornaldasoficinas.com\/pt\/wp-content\/uploads\/2022\/01\/Kroftools-lanca-novas-ferramentas-300x170.jpg 300w, https:\/\/jornaldasoficinas.com\/pt\/wp-content\/uploads\/2022\/01\/Kroftools-lanca-novas-ferramentas-150x85.jpg 150w, https:\/\/jornaldasoficinas.com\/pt\/wp-content\/uploads\/2022\/01\/Kroftools-lanca-novas-ferramentas-768x436.jpg 768w\" sizes=\"auto, (max-width: 1024px) 100vw, 1024px\" \/><\/strong><\/p>\n<p><strong>A marca especialista em ferramentas e equipamentos profissionais para as oficinas autom\u00f3vel, lan\u00e7ou novos produtos. H\u00e1 mais de 30 anos no mercado, a <\/strong><a href=\"https:\/\/www.kroftools.com\/pt\/\" target=\"_blank\" rel=\"noopener\">Kroftools<\/a><strong> continua a procurar melhorar e inovar os seus artigos para <\/strong><strong>poder chegar, cada vez mais, \u00e0s necessidades dos seus parceiros e de quem procura a marca, tentando encontrar novos produtos para acompanhar a evolu\u00e7\u00e3o do mercado<\/strong><\/p>\n<p><strong>1644 &#8211; FERRAMENTA ALINHAMENTO EIXOS EQUIL\u00cdBRO BMW<\/strong><\/p>\n<p>Descri\u00e7\u00e3o: Especialmente desenhado para o sincronismo, bloqueio da cambota e o eixo de equil\u00edbrio enquanto substitui a corrente de distribui\u00e7\u00e3o.<\/p>\n<p>Aplica\u00e7\u00f5es: BMW (N47D20 \/ B47 \/ B48)<\/p>\n<p>C\u00f3digo OEM: 83 30 2 288054<\/p>\n<p><strong>6160 &#8211; JOGO 60 BITS CURTOS E LONGOS 10mm<\/strong><\/p>\n<p>Composi\u00e7\u00e3o:<\/p>\n<p>(x1)\u00a0\u00a0\u00a0\u00a0\u00a0\u00a0 Adaptador 3\/8\u201dx10mm \/ 30mm<\/p>\n<p>(1x)\u00a0\u00a0\u00a0\u00a0\u00a0\u00a0 Adaptador 1\/2\u201d x 10mm \/ 30mm<\/p>\n<p>(2x)\u00a0\u00a0\u00a0\u00a0\u00a0\u00a0 Bits longos quadrados: 8, 10mm<\/p>\n<p>(4x)\u00a0\u00a0\u00a0\u00a0\u00a0\u00a0 Bits longos ribe: R6, R8, R10, R12<\/p>\n<p>(9x)\u00a0\u00a0\u00a0\u00a0\u00a0\u00a0 Bits longos torx: T20, T25, 27,30, 40, 45, 50, 55, 60<\/p>\n<p>(9x)\u00a0\u00a0\u00a0\u00a0\u00a0\u00a0 Bits longos hexagonais: 4, 5, 6, 7, 8, 9, 3\/8\u201d, 10, 12<\/p>\n<p>(8x)\u00a0\u00a0\u00a0\u00a0\u00a0\u00a0 Bits longos xzn: M5, M6, M8, M9, M10, M12, M14, M16H<\/p>\n<p>(9x)\u00a0\u00a0\u00a0\u00a0\u00a0\u00a0 Bits curtos torx: T20, T25, T27, T30, T40, T45, T50, T55, T60<\/p>\n<p>(5x)\u00a0\u00a0\u00a0\u00a0\u00a0\u00a0 Bits curtos xzn: M5, M6, M8, M10, M12<\/p>\n<p>(10x)\u00a0\u00a0\u00a0\u00a0 Bits curtos hexagonais: 4, 5, 6, 7, 8, 9, 10, 12, 14, 17<\/p>\n<p>(1x)\u00a0\u00a0\u00a0\u00a0\u00a0\u00a0 Bit fenda 8mm<\/p>\n<p>(1x)\u00a0\u00a0\u00a0\u00a0\u00a0\u00a0 Bit phillips PH2<\/p>\n<p><strong>4410 &#8211; KIT LIMPEZA ASSENTOS INJETORES DIESEL<\/strong><\/p>\n<p>Descri\u00e7\u00e3o: Para a maioria das aplica\u00e7\u00f5es diesel, as escovas s\u00e3o especialmente concebidas para caber nos assentos dos injetores.<\/p>\n<p>Caracter\u00edsticas: Remove ferrugem, carbono e outros detritos dos assentos e copos sem danos.<\/p>\n<p>Composi\u00e7\u00e3o:<\/p>\n<p>4 Escovilh\u00f5es helicoidal (1.375&#8243;, 1.1875&#8243;, 1.160&#8243; e 0.990&#8243;) para limpeza profunda dos assentos<\/p>\n<p>3 Escovilh\u00f5es 2-Stages (1&#8243;, 0.750&#8243;, e 0.500&#8243;) para limpeza de assentos e furos interiores dos assentos<\/p>\n<p>6 Escovilh\u00f5es (8mm, 10mm, 12mm, 15mm, 17mm, e 19mm) para a limpeza de furos e paredes de tubos<\/p>\n<p>1 Extens\u00e3o flex\u00edvel com engate r\u00e1pido &#8211; 6&#8243;<\/p>\n<p>1 Extens\u00e3o r\u00edgida com engate r\u00e1pido &#8211; 6&#8243;<\/p>\n<p>1 Punho &#8211; 1\/4&#8243;<\/p>\n<p>5 Zaragatoas SWAB-EEZ &#8211; 3&#8243;(\u03c65mm), 3&#8243;(\u03c65mm), 8&#8243;(\u03c66mm), 8&#8243;(\u03c68mm), 8&#8243;(\u03c616mm)<\/p>\n<p><strong>8566 &#8211; JOGO 9 VAZADORES 3-12mm<\/strong><\/p>\n<p>Descri\u00e7\u00e3o: Com ranhura para sa\u00edda material<\/p>\n<p>Di\u00e2metros: 3 \/ 4 \/ 5 \/ 6 \/ 7 \/ 8 \/ 10 \/ 11 \/ 12mm<\/p>\n<p><strong>8125 &#8211; ALAVANCA DETETA FOLGAS<\/strong><\/p>\n<p>Descri\u00e7\u00e3o:<\/p>\n<ul>\n<li>Para localizar folgas ao redor do eixo da roda<\/li>\n<li>Adequado para testes sob condi\u00e7\u00f5es de carga em carros de at\u00e9 3.5T<\/li>\n<\/ul>\n<p>Aplica\u00e7\u00f5es: Rolamento amortecedor, rolamento borracha, suspens\u00e3o articulada, cabe\u00e7a barra dire\u00e7\u00e3o, barra acoplamento, rolamento da roda, bra\u00e7o axial, caixa dire\u00e7\u00e3o e estabilizador.<\/p>\n<p><strong>1910 &#8211; FERRAMENTA INSTALAR VEDANTE INJETOR DV6 16V<\/strong><\/p>\n<p>Descri\u00e7\u00e3o: Concebido para substituir r\u00e1pida e facilmente os vedantes dos tubos injetores encontrados nos motores diesel DV6 1.6 16V<\/p>\n<p>C\u00f3digos de motor: PSA DV6; Ford G8DX, HHDX, HHJX; Mazda Y6; Suzuki 9HX; Volvo D164T<\/p>\n<p>Aplica\u00e7\u00f5es:<\/p>\n<p>Peugeot: 1007, 2008, 206, 207, 208, 3008, 301, 307, 308, 4008, 407, 5008, 508, Expert III, Partner I, Partner II, Partner III<\/p>\n<p>Citro\u00ebn: Berlingo I \/ II \/ III, C2, C3 I \/ II, C4 I \/ II, C5 II \/ III, C-Elysee Dispatch, Jumpy III, Ds3, Ds4, DS5, Xsara Picasso<\/p>\n<p>Volvo: C30, S40, S80, V50, V70. Ford: C-Max, Fiesta, Focus, Focus; C-Max, Fusion.<\/p>\n<p>Mazda: 2, 3, 5. Suzuki: SX4, SX4 Classic<\/p>\n<p>Fiat: Scudo<\/p>\n","protected":false},"excerpt":{"rendered":"<p>A marca especialista em ferramentas e&#8230;<\/p>\n","protected":false},"author":15,"featured_media":26755,"comment_status":"closed","ping_status":"closed","sticky":false,"template":"","format":"standard","meta":{"footnotes":""},"categories":[6],"tags":[42],"class_list":["post-26772","post","type-post","status-publish","format-standard","has-post-thumbnail","hentry","category-equipamentos","tag-kroftools"],"yoast_head":"<!-- This site is optimized with the Yoast SEO plugin v27.4 - https:\/\/yoast.com\/product\/yoast-seo-wordpress\/ -->\n<title>Kroftools lan\u00e7a novas ferramentas e equipamentos - Jornal das Oficinas<\/title>\n<meta name=\"robots\" content=\"index, follow, max-snippet:-1, max-image-preview:large, max-video-preview:-1\" \/>\n<link rel=\"canonical\" href=\"https:\/\/jornaldasoficinas.com\/pt\/kroftools-lanca-novas-ferramentas-e-equipamentos\/\" \/>\n<meta property=\"og:locale\" content=\"pt_PT\" \/>\n<meta property=\"og:type\" content=\"article\" \/>\n<meta property=\"og:title\" content=\"Kroftools lan\u00e7a novas ferramentas e equipamentos - Jornal das Oficinas\" \/>\n<meta property=\"og:description\" content=\"A marca especialista em ferramentas e...\" \/>\n<meta property=\"og:url\" content=\"https:\/\/jornaldasoficinas.com\/pt\/kroftools-lanca-novas-ferramentas-e-equipamentos\/\" \/>\n<meta property=\"og:site_name\" content=\"Jornal das Oficinas\" \/>\n<meta property=\"article:publisher\" content=\"https:\/\/www.facebook.com\/jornaloficinas\" \/>\n<meta property=\"article:published_time\" content=\"2022-01-20T12:00:08+00:00\" \/>\n<meta property=\"article:modified_time\" content=\"2022-01-26T10:19:53+00:00\" \/>\n<meta property=\"og:image\" content=\"https:\/\/jornaldasoficinas.com\/pt\/wp-content\/uploads\/2022\/01\/Kroftools-lanca-novas-ferramentas.jpg\" \/>\n\t<meta property=\"og:image:width\" content=\"1024\" \/>\n\t<meta property=\"og:image:height\" content=\"581\" \/>\n\t<meta property=\"og:image:type\" content=\"image\/jpeg\" \/>\n<meta name=\"author\" content=\"Reda\u00e7\u00e3o JO\" \/>\n<meta name=\"twitter:card\" content=\"summary_large_image\" \/>\n<meta name=\"twitter:creator\" content=\"@jornaloficinas\" \/>\n<meta name=\"twitter:site\" content=\"@jornaloficinas\" \/>\n<meta name=\"twitter:label1\" content=\"Escrito por\" \/>\n\t<meta name=\"twitter:data1\" content=\"Reda\u00e7\u00e3o JO\" \/>\n\t<meta name=\"twitter:label2\" content=\"Tempo estimado de leitura\" \/>\n\t<meta name=\"twitter:data2\" content=\"2 minutos\" \/>\n<script type=\"application\/ld+json\" class=\"yoast-schema-graph\">{\"@context\":\"https:\\\/\\\/schema.org\",\"@graph\":[{\"@type\":\"Article\",\"@id\":\"https:\\\/\\\/jornaldasoficinas.com\\\/pt\\\/kroftools-lanca-novas-ferramentas-e-equipamentos\\\/#article\",\"isPartOf\":{\"@id\":\"https:\\\/\\\/jornaldasoficinas.com\\\/pt\\\/kroftools-lanca-novas-ferramentas-e-equipamentos\\\/\"},\"author\":{\"name\":\"Reda\u00e7\u00e3o JO\",\"@id\":\"https:\\\/\\\/jornaldasoficinas.com\\\/pt\\\/#\\\/schema\\\/person\\\/a38eef5de2c41d9e7c9ac10141afddf3\"},\"headline\":\"Kroftools lan\u00e7a novas ferramentas e equipamentos\",\"datePublished\":\"2022-01-20T12:00:08+00:00\",\"dateModified\":\"2022-01-26T10:19:53+00:00\",\"mainEntityOfPage\":{\"@id\":\"https:\\\/\\\/jornaldasoficinas.com\\\/pt\\\/kroftools-lanca-novas-ferramentas-e-equipamentos\\\/\"},\"wordCount\":481,\"publisher\":{\"@id\":\"https:\\\/\\\/jornaldasoficinas.com\\\/pt\\\/#organization\"},\"image\":{\"@id\":\"https:\\\/\\\/jornaldasoficinas.com\\\/pt\\\/kroftools-lanca-novas-ferramentas-e-equipamentos\\\/#primaryimage\"},\"thumbnailUrl\":\"https:\\\/\\\/jornaldasoficinas.com\\\/pt\\\/wp-content\\\/uploads\\\/2022\\\/01\\\/Kroftools-lanca-novas-ferramentas.jpg\",\"keywords\":[\"KROFtools\"],\"articleSection\":[\"Equipamentos\"],\"inLanguage\":\"pt-PT\"},{\"@type\":\"WebPage\",\"@id\":\"https:\\\/\\\/jornaldasoficinas.com\\\/pt\\\/kroftools-lanca-novas-ferramentas-e-equipamentos\\\/\",\"url\":\"https:\\\/\\\/jornaldasoficinas.com\\\/pt\\\/kroftools-lanca-novas-ferramentas-e-equipamentos\\\/\",\"name\":\"Kroftools lan\u00e7a novas ferramentas e equipamentos - Jornal das Oficinas\",\"isPartOf\":{\"@id\":\"https:\\\/\\\/jornaldasoficinas.com\\\/pt\\\/#website\"},\"primaryImageOfPage\":{\"@id\":\"https:\\\/\\\/jornaldasoficinas.com\\\/pt\\\/kroftools-lanca-novas-ferramentas-e-equipamentos\\\/#primaryimage\"},\"image\":{\"@id\":\"https:\\\/\\\/jornaldasoficinas.com\\\/pt\\\/kroftools-lanca-novas-ferramentas-e-equipamentos\\\/#primaryimage\"},\"thumbnailUrl\":\"https:\\\/\\\/jornaldasoficinas.com\\\/pt\\\/wp-content\\\/uploads\\\/2022\\\/01\\\/Kroftools-lanca-novas-ferramentas.jpg\",\"datePublished\":\"2022-01-20T12:00:08+00:00\",\"dateModified\":\"2022-01-26T10:19:53+00:00\",\"breadcrumb\":{\"@id\":\"https:\\\/\\\/jornaldasoficinas.com\\\/pt\\\/kroftools-lanca-novas-ferramentas-e-equipamentos\\\/#breadcrumb\"},\"inLanguage\":\"pt-PT\",\"potentialAction\":[{\"@type\":\"ReadAction\",\"target\":[\"https:\\\/\\\/jornaldasoficinas.com\\\/pt\\\/kroftools-lanca-novas-ferramentas-e-equipamentos\\\/\"]}]},{\"@type\":\"ImageObject\",\"inLanguage\":\"pt-PT\",\"@id\":\"https:\\\/\\\/jornaldasoficinas.com\\\/pt\\\/kroftools-lanca-novas-ferramentas-e-equipamentos\\\/#primaryimage\",\"url\":\"https:\\\/\\\/jornaldasoficinas.com\\\/pt\\\/wp-content\\\/uploads\\\/2022\\\/01\\\/Kroftools-lanca-novas-ferramentas.jpg\",\"contentUrl\":\"https:\\\/\\\/jornaldasoficinas.com\\\/pt\\\/wp-content\\\/uploads\\\/2022\\\/01\\\/Kroftools-lanca-novas-ferramentas.jpg\",\"width\":1024,\"height\":581,\"caption\":\"01 - Kroftools-lanca-novas-ferramentas\"},{\"@type\":\"BreadcrumbList\",\"@id\":\"https:\\\/\\\/jornaldasoficinas.com\\\/pt\\\/kroftools-lanca-novas-ferramentas-e-equipamentos\\\/#breadcrumb\",\"itemListElement\":[{\"@type\":\"ListItem\",\"position\":1,\"name\":\"In\u00edcio\",\"item\":\"https:\\\/\\\/jornaldasoficinas.com\\\/pt\\\/\"},{\"@type\":\"ListItem\",\"position\":2,\"name\":\"Kroftools lan\u00e7a novas ferramentas e equipamentos\"}]},{\"@type\":\"WebSite\",\"@id\":\"https:\\\/\\\/jornaldasoficinas.com\\\/pt\\\/#website\",\"url\":\"https:\\\/\\\/jornaldasoficinas.com\\\/pt\\\/\",\"name\":\"Jornal das Oficinas\",\"description\":\"Jornal independente do Aftermarket Autom\u00f3vel em Portugal\",\"publisher\":{\"@id\":\"https:\\\/\\\/jornaldasoficinas.com\\\/pt\\\/#organization\"},\"potentialAction\":[{\"@type\":\"SearchAction\",\"target\":{\"@type\":\"EntryPoint\",\"urlTemplate\":\"https:\\\/\\\/jornaldasoficinas.com\\\/pt\\\/?s={search_term_string}\"},\"query-input\":{\"@type\":\"PropertyValueSpecification\",\"valueRequired\":true,\"valueName\":\"search_term_string\"}}],\"inLanguage\":\"pt-PT\"},{\"@type\":\"Organization\",\"@id\":\"https:\\\/\\\/jornaldasoficinas.com\\\/pt\\\/#organization\",\"name\":\"Jornal das Oficinas\",\"url\":\"https:\\\/\\\/jornaldasoficinas.com\\\/pt\\\/\",\"logo\":{\"@type\":\"ImageObject\",\"inLanguage\":\"pt-PT\",\"@id\":\"https:\\\/\\\/jornaldasoficinas.com\\\/pt\\\/#\\\/schema\\\/logo\\\/image\\\/\",\"url\":\"https:\\\/\\\/jornaldasoficinas.com\\\/pt\\\/wp-content\\\/uploads\\\/logoJO-SEO.png\",\"contentUrl\":\"https:\\\/\\\/jornaldasoficinas.com\\\/pt\\\/wp-content\\\/uploads\\\/logoJO-SEO.png\",\"width\":285,\"height\":450,\"caption\":\"Jornal das Oficinas\"},\"image\":{\"@id\":\"https:\\\/\\\/jornaldasoficinas.com\\\/pt\\\/#\\\/schema\\\/logo\\\/image\\\/\"},\"sameAs\":[\"https:\\\/\\\/www.facebook.com\\\/jornaloficinas\",\"https:\\\/\\\/x.com\\\/jornaloficinas\",\"https:\\\/\\\/www.instagram.com\\\/jornal_oficinas\\\/\",\"https:\\\/\\\/www.linkedin.com\\\/company\\\/jornal-das-oficinas\\\/\",\"https:\\\/\\\/www.youtube.com\\\/channel\\\/UCbQZBqtcvV-oSQrr7RzINGg\"]},{\"@type\":\"Person\",\"@id\":\"https:\\\/\\\/jornaldasoficinas.com\\\/pt\\\/#\\\/schema\\\/person\\\/a38eef5de2c41d9e7c9ac10141afddf3\",\"name\":\"Reda\u00e7\u00e3o JO\",\"image\":{\"@type\":\"ImageObject\",\"inLanguage\":\"pt-PT\",\"@id\":\"https:\\\/\\\/secure.gravatar.com\\\/avatar\\\/71f2fa71737ad68a84fea94bc708ddac8ea5b0c4788dc2ad202f3ccb2887742f?s=96&d=wp_user_avatar&r=g\",\"url\":\"https:\\\/\\\/secure.gravatar.com\\\/avatar\\\/71f2fa71737ad68a84fea94bc708ddac8ea5b0c4788dc2ad202f3ccb2887742f?s=96&d=wp_user_avatar&r=g\",\"contentUrl\":\"https:\\\/\\\/secure.gravatar.com\\\/avatar\\\/71f2fa71737ad68a84fea94bc708ddac8ea5b0c4788dc2ad202f3ccb2887742f?s=96&d=wp_user_avatar&r=g\",\"caption\":\"Reda\u00e7\u00e3o JO\"},\"url\":\"https:\\\/\\\/jornaldasoficinas.com\\\/pt\\\/author\\\/joredacao\\\/\"}]}<\/script>\n<!-- \/ Yoast SEO plugin. -->","yoast_head_json":{"title":"Kroftools lan\u00e7a novas ferramentas e equipamentos - Jornal das Oficinas","robots":{"index":"index","follow":"follow","max-snippet":"max-snippet:-1","max-image-preview":"max-image-preview:large","max-video-preview":"max-video-preview:-1"},"canonical":"https:\/\/jornaldasoficinas.com\/pt\/kroftools-lanca-novas-ferramentas-e-equipamentos\/","og_locale":"pt_PT","og_type":"article","og_title":"Kroftools lan\u00e7a novas ferramentas e equipamentos - Jornal das Oficinas","og_description":"A marca especialista em ferramentas e...","og_url":"https:\/\/jornaldasoficinas.com\/pt\/kroftools-lanca-novas-ferramentas-e-equipamentos\/","og_site_name":"Jornal das Oficinas","article_publisher":"https:\/\/www.facebook.com\/jornaloficinas","article_published_time":"2022-01-20T12:00:08+00:00","article_modified_time":"2022-01-26T10:19:53+00:00","og_image":[{"width":1024,"height":581,"url":"https:\/\/jornaldasoficinas.com\/pt\/wp-content\/uploads\/2022\/01\/Kroftools-lanca-novas-ferramentas.jpg","type":"image\/jpeg"}],"author":"Reda\u00e7\u00e3o JO","twitter_card":"summary_large_image","twitter_creator":"@jornaloficinas","twitter_site":"@jornaloficinas","twitter_misc":{"Escrito por":"Reda\u00e7\u00e3o JO","Tempo estimado de leitura":"2 minutos"},"schema":{"@context":"https:\/\/schema.org","@graph":[{"@type":"Article","@id":"https:\/\/jornaldasoficinas.com\/pt\/kroftools-lanca-novas-ferramentas-e-equipamentos\/#article","isPartOf":{"@id":"https:\/\/jornaldasoficinas.com\/pt\/kroftools-lanca-novas-ferramentas-e-equipamentos\/"},"author":{"name":"Reda\u00e7\u00e3o JO","@id":"https:\/\/jornaldasoficinas.com\/pt\/#\/schema\/person\/a38eef5de2c41d9e7c9ac10141afddf3"},"headline":"Kroftools lan\u00e7a novas ferramentas e equipamentos","datePublished":"2022-01-20T12:00:08+00:00","dateModified":"2022-01-26T10:19:53+00:00","mainEntityOfPage":{"@id":"https:\/\/jornaldasoficinas.com\/pt\/kroftools-lanca-novas-ferramentas-e-equipamentos\/"},"wordCount":481,"publisher":{"@id":"https:\/\/jornaldasoficinas.com\/pt\/#organization"},"image":{"@id":"https:\/\/jornaldasoficinas.com\/pt\/kroftools-lanca-novas-ferramentas-e-equipamentos\/#primaryimage"},"thumbnailUrl":"https:\/\/jornaldasoficinas.com\/pt\/wp-content\/uploads\/2022\/01\/Kroftools-lanca-novas-ferramentas.jpg","keywords":["KROFtools"],"articleSection":["Equipamentos"],"inLanguage":"pt-PT"},{"@type":"WebPage","@id":"https:\/\/jornaldasoficinas.com\/pt\/kroftools-lanca-novas-ferramentas-e-equipamentos\/","url":"https:\/\/jornaldasoficinas.com\/pt\/kroftools-lanca-novas-ferramentas-e-equipamentos\/","name":"Kroftools lan\u00e7a novas ferramentas e equipamentos - Jornal das Oficinas","isPartOf":{"@id":"https:\/\/jornaldasoficinas.com\/pt\/#website"},"primaryImageOfPage":{"@id":"https:\/\/jornaldasoficinas.com\/pt\/kroftools-lanca-novas-ferramentas-e-equipamentos\/#primaryimage"},"image":{"@id":"https:\/\/jornaldasoficinas.com\/pt\/kroftools-lanca-novas-ferramentas-e-equipamentos\/#primaryimage"},"thumbnailUrl":"https:\/\/jornaldasoficinas.com\/pt\/wp-content\/uploads\/2022\/01\/Kroftools-lanca-novas-ferramentas.jpg","datePublished":"2022-01-20T12:00:08+00:00","dateModified":"2022-01-26T10:19:53+00:00","breadcrumb":{"@id":"https:\/\/jornaldasoficinas.com\/pt\/kroftools-lanca-novas-ferramentas-e-equipamentos\/#breadcrumb"},"inLanguage":"pt-PT","potentialAction":[{"@type":"ReadAction","target":["https:\/\/jornaldasoficinas.com\/pt\/kroftools-lanca-novas-ferramentas-e-equipamentos\/"]}]},{"@type":"ImageObject","inLanguage":"pt-PT","@id":"https:\/\/jornaldasoficinas.com\/pt\/kroftools-lanca-novas-ferramentas-e-equipamentos\/#primaryimage","url":"https:\/\/jornaldasoficinas.com\/pt\/wp-content\/uploads\/2022\/01\/Kroftools-lanca-novas-ferramentas.jpg","contentUrl":"https:\/\/jornaldasoficinas.com\/pt\/wp-content\/uploads\/2022\/01\/Kroftools-lanca-novas-ferramentas.jpg","width":1024,"height":581,"caption":"01 - Kroftools-lanca-novas-ferramentas"},{"@type":"BreadcrumbList","@id":"https:\/\/jornaldasoficinas.com\/pt\/kroftools-lanca-novas-ferramentas-e-equipamentos\/#breadcrumb","itemListElement":[{"@type":"ListItem","position":1,"name":"In\u00edcio","item":"https:\/\/jornaldasoficinas.com\/pt\/"},{"@type":"ListItem","position":2,"name":"Kroftools lan\u00e7a novas ferramentas e equipamentos"}]},{"@type":"WebSite","@id":"https:\/\/jornaldasoficinas.com\/pt\/#website","url":"https:\/\/jornaldasoficinas.com\/pt\/","name":"Jornal das Oficinas","description":"Jornal independente do Aftermarket Autom\u00f3vel em Portugal","publisher":{"@id":"https:\/\/jornaldasoficinas.com\/pt\/#organization"},"potentialAction":[{"@type":"SearchAction","target":{"@type":"EntryPoint","urlTemplate":"https:\/\/jornaldasoficinas.com\/pt\/?s={search_term_string}"},"query-input":{"@type":"PropertyValueSpecification","valueRequired":true,"valueName":"search_term_string"}}],"inLanguage":"pt-PT"},{"@type":"Organization","@id":"https:\/\/jornaldasoficinas.com\/pt\/#organization","name":"Jornal das Oficinas","url":"https:\/\/jornaldasoficinas.com\/pt\/","logo":{"@type":"ImageObject","inLanguage":"pt-PT","@id":"https:\/\/jornaldasoficinas.com\/pt\/#\/schema\/logo\/image\/","url":"https:\/\/jornaldasoficinas.com\/pt\/wp-content\/uploads\/logoJO-SEO.png","contentUrl":"https:\/\/jornaldasoficinas.com\/pt\/wp-content\/uploads\/logoJO-SEO.png","width":285,"height":450,"caption":"Jornal das Oficinas"},"image":{"@id":"https:\/\/jornaldasoficinas.com\/pt\/#\/schema\/logo\/image\/"},"sameAs":["https:\/\/www.facebook.com\/jornaloficinas","https:\/\/x.com\/jornaloficinas","https:\/\/www.instagram.com\/jornal_oficinas\/","https:\/\/www.linkedin.com\/company\/jornal-das-oficinas\/","https:\/\/www.youtube.com\/channel\/UCbQZBqtcvV-oSQrr7RzINGg"]},{"@type":"Person","@id":"https:\/\/jornaldasoficinas.com\/pt\/#\/schema\/person\/a38eef5de2c41d9e7c9ac10141afddf3","name":"Reda\u00e7\u00e3o JO","image":{"@type":"ImageObject","inLanguage":"pt-PT","@id":"https:\/\/secure.gravatar.com\/avatar\/71f2fa71737ad68a84fea94bc708ddac8ea5b0c4788dc2ad202f3ccb2887742f?s=96&d=wp_user_avatar&r=g","url":"https:\/\/secure.gravatar.com\/avatar\/71f2fa71737ad68a84fea94bc708ddac8ea5b0c4788dc2ad202f3ccb2887742f?s=96&d=wp_user_avatar&r=g","contentUrl":"https:\/\/secure.gravatar.com\/avatar\/71f2fa71737ad68a84fea94bc708ddac8ea5b0c4788dc2ad202f3ccb2887742f?s=96&d=wp_user_avatar&r=g","caption":"Reda\u00e7\u00e3o JO"},"url":"https:\/\/jornaldasoficinas.com\/pt\/author\/joredacao\/"}]}},"_links":{"self":[{"href":"https:\/\/jornaldasoficinas.com\/pt\/wp-json\/wp\/v2\/posts\/26772","targetHints":{"allow":["GET"]}}],"collection":[{"href":"https:\/\/jornaldasoficinas.com\/pt\/wp-json\/wp\/v2\/posts"}],"about":[{"href":"https:\/\/jornaldasoficinas.com\/pt\/wp-json\/wp\/v2\/types\/post"}],"author":[{"embeddable":true,"href":"https:\/\/jornaldasoficinas.com\/pt\/wp-json\/wp\/v2\/users\/15"}],"replies":[{"embeddable":true,"href":"https:\/\/jornaldasoficinas.com\/pt\/wp-json\/wp\/v2\/comments?post=26772"}],"version-history":[{"count":0,"href":"https:\/\/jornaldasoficinas.com\/pt\/wp-json\/wp\/v2\/posts\/26772\/revisions"}],"wp:featuredmedia":[{"embeddable":true,"href":"https:\/\/jornaldasoficinas.com\/pt\/wp-json\/wp\/v2\/media\/26755"}],"wp:attachment":[{"href":"https:\/\/jornaldasoficinas.com\/pt\/wp-json\/wp\/v2\/media?parent=26772"}],"wp:term":[{"taxonomy":"category","embeddable":true,"href":"https:\/\/jornaldasoficinas.com\/pt\/wp-json\/wp\/v2\/categories?post=26772"},{"taxonomy":"post_tag","embeddable":true,"href":"https:\/\/jornaldasoficinas.com\/pt\/wp-json\/wp\/v2\/tags?post=26772"}],"curies":[{"name":"wp","href":"https:\/\/api.w.org\/{rel}","templated":true}]}}