{"id":26774,"date":"2022-01-20T14:00:19","date_gmt":"2022-01-20T14:00:19","guid":{"rendered":"https:\/\/jornaldasoficinas.com\/pt\/?p=26774"},"modified":"2022-01-20T09:19:29","modified_gmt":"2022-01-20T09:19:29","slug":"metalcaucho-toma-medidas-legais-contra-aslyx","status":"publish","type":"post","link":"https:\/\/jornaldasoficinas.com\/pt\/metalcaucho-toma-medidas-legais-contra-aslyx\/","title":{"rendered":"Metalcaucho toma medidas legais contra Aslyx"},"content":{"rendered":"<p><strong><img loading=\"lazy\" decoding=\"async\" class=\"alignnone size-full wp-image-26758\" src=\"https:\/\/jornaldasoficinas.com\/pt\/wp-content\/uploads\/2022\/01\/Metalcaucho-toma-medidas-legais.jpg\" alt=\"01 - Metalcaucho-toma-medidas-legais\" width=\"1024\" height=\"581\" srcset=\"https:\/\/jornaldasoficinas.com\/pt\/wp-content\/uploads\/2022\/01\/Metalcaucho-toma-medidas-legais.jpg 1024w, https:\/\/jornaldasoficinas.com\/pt\/wp-content\/uploads\/2022\/01\/Metalcaucho-toma-medidas-legais-300x170.jpg 300w, https:\/\/jornaldasoficinas.com\/pt\/wp-content\/uploads\/2022\/01\/Metalcaucho-toma-medidas-legais-150x85.jpg 150w, https:\/\/jornaldasoficinas.com\/pt\/wp-content\/uploads\/2022\/01\/Metalcaucho-toma-medidas-legais-768x436.jpg 768w\" sizes=\"auto, (max-width: 1024px) 100vw, 1024px\" \/><\/strong><\/p>\n<p><strong>A <a href=\"https:\/\/www.metalcaucho.com\/\" target=\"_blank\" rel=\"noopener\">Metalcaucho<\/a> tomou medidas legais contra a Aslyx por uso indevido dos seus n\u00fameros de refer\u00eancia no seu cat\u00e1logo<\/strong><\/p>\n<p>A Metalcaucho, fornecedor europeu de pe\u00e7as sobressalentes de borracha e metal para o sector autom\u00f3vel, informa os v\u00e1rios intervenientes no sector do aftermarket sobre as medidas legais contra a Aslyx por uso indevido dos seus n\u00fameros de refer\u00eancia no seu cat\u00e1logo<\/p>\n<p>As injun\u00e7\u00f5es emitidas pelo 12\u00ba Tribunal de Com\u00e9rcio de Barcelona, que s\u00e3o imediatamente execut\u00e1veis, impedem a Aslyx de utilizar o seu cat\u00e1logo, mesmo em plataformas como a TECDOC, com as pr\u00f3prias refer\u00eancias da Metalcaucho.<\/p>\n<p>A 17 de Dezembro de 2021, o 12\u00ba Tribunal de Com\u00e9rcio de Barcelona emitiu uma injun\u00e7\u00e3o contra a ASLYX PROPARTS, e os c\u00f4njuges Roderic Minguell e Carmen Casals, ordenando-lhes imediatamente, enquanto se aguarda a decis\u00e3o:<\/p>\n<ol>\n<li>que a ASLYX PROPARTS, o Sr. Roderic Minguell e a Sra. Carmen Casals se abstenham de utilizar nas suas actividades os pr\u00f3prios n\u00fameros de refer\u00eancia da INDUSTRIAL METALCAUCHO com os quais tem vindo a identificar as pe\u00e7as sobressalentes que vende, incluindo a cessa\u00e7\u00e3o de altera\u00e7\u00f5es a essas refer\u00eancias atrav\u00e9s de prefixos, sufixos ou de qualquer outra forma.<\/li>\n<\/ol>\n<ol start=\"2\">\n<li>Cessar a distribui\u00e7\u00e3o do cat\u00e1logo em papel ASLYX PROPARTS intitulado &#8220;Aslyx Catalogue 2022&#8221;.<\/li>\n<\/ol>\n<ol start=\"3\">\n<li>Para remover as refer\u00eancias do INDUSTRIAL METALCAUCHO dos seus suportes electr\u00f3nicos de qualquer tipo, incluindo, em particular, as utilizadas pelo motor de busca TECDOC.<\/li>\n<\/ol>\n<p>Isto significa que a ASLYX PROPARTS n\u00e3o pode continuar a desenvolver a sua actividade comercial da forma como tem vindo a fazer at\u00e9 agora, proibindo-a de utilizar as refer\u00eancias METALCAUCHO no seu cat\u00e1logo, tanto em papel como em suporte eletr\u00f3nico, incluindo o utilizado para exibir os seus produtos na plataforma TECDOC, tornando assim imposs\u00edvel a venda dos seus produtos com as refer\u00eancias METALCAUCHO.<\/p>\n<p>Agradecemos antecipadamente a vossa coopera\u00e7\u00e3o para assegurar que estas medidas de precau\u00e7\u00e3o sejam plenamente eficazes, e solicitamos que a METALCAUCHO seja informada em caso de qualquer prova de incumprimento por parte da ASLYX PROPARTS.<\/p>\n<p>A METALCAUCHO aprecia muito o empenho dos nossos clientes, reconhecendo o valor que atribuem ao trabalho com empresas s\u00f3lidas e \u00e9ticas que actuam em conformidade com as leis aplic\u00e1veis.<\/p>\n","protected":false},"excerpt":{"rendered":"<p>A Metalcaucho tomou medidas legais contra&#8230;<\/p>\n","protected":false},"author":15,"featured_media":26758,"comment_status":"closed","ping_status":"closed","sticky":false,"template":"","format":"standard","meta":{"footnotes":""},"categories":[29],"tags":[207],"class_list":["post-26774","post","type-post","status-publish","format-standard","has-post-thumbnail","hentry","category-empresas","tag-metalcaucho"],"yoast_head":"<!-- This site is optimized with the Yoast SEO plugin v27.4 - https:\/\/yoast.com\/product\/yoast-seo-wordpress\/ -->\n<title>Metalcaucho toma medidas legais contra Aslyx - Jornal das Oficinas<\/title>\n<meta name=\"robots\" content=\"index, follow, max-snippet:-1, max-image-preview:large, max-video-preview:-1\" \/>\n<link rel=\"canonical\" href=\"https:\/\/jornaldasoficinas.com\/pt\/metalcaucho-toma-medidas-legais-contra-aslyx\/\" \/>\n<meta property=\"og:locale\" content=\"pt_PT\" \/>\n<meta property=\"og:type\" content=\"article\" \/>\n<meta property=\"og:title\" content=\"Metalcaucho toma medidas legais contra Aslyx - Jornal das Oficinas\" \/>\n<meta property=\"og:description\" content=\"A Metalcaucho tomou medidas legais contra...\" \/>\n<meta property=\"og:url\" content=\"https:\/\/jornaldasoficinas.com\/pt\/metalcaucho-toma-medidas-legais-contra-aslyx\/\" \/>\n<meta property=\"og:site_name\" content=\"Jornal das Oficinas\" \/>\n<meta property=\"article:publisher\" content=\"https:\/\/www.facebook.com\/jornaloficinas\" \/>\n<meta property=\"article:published_time\" content=\"2022-01-20T14:00:19+00:00\" \/>\n<meta property=\"og:image\" content=\"https:\/\/jornaldasoficinas.com\/pt\/wp-content\/uploads\/2022\/01\/Metalcaucho-toma-medidas-legais.jpg\" \/>\n\t<meta property=\"og:image:width\" content=\"1024\" \/>\n\t<meta property=\"og:image:height\" content=\"581\" \/>\n\t<meta property=\"og:image:type\" content=\"image\/jpeg\" \/>\n<meta name=\"author\" content=\"Reda\u00e7\u00e3o JO\" \/>\n<meta name=\"twitter:card\" content=\"summary_large_image\" \/>\n<meta name=\"twitter:creator\" content=\"@jornaloficinas\" \/>\n<meta name=\"twitter:site\" content=\"@jornaloficinas\" \/>\n<meta name=\"twitter:label1\" content=\"Escrito por\" \/>\n\t<meta name=\"twitter:data1\" content=\"Reda\u00e7\u00e3o JO\" \/>\n\t<meta name=\"twitter:label2\" content=\"Tempo estimado de leitura\" \/>\n\t<meta name=\"twitter:data2\" content=\"2 minutos\" \/>\n<script type=\"application\/ld+json\" class=\"yoast-schema-graph\">{\"@context\":\"https:\\\/\\\/schema.org\",\"@graph\":[{\"@type\":\"Article\",\"@id\":\"https:\\\/\\\/jornaldasoficinas.com\\\/pt\\\/metalcaucho-toma-medidas-legais-contra-aslyx\\\/#article\",\"isPartOf\":{\"@id\":\"https:\\\/\\\/jornaldasoficinas.com\\\/pt\\\/metalcaucho-toma-medidas-legais-contra-aslyx\\\/\"},\"author\":{\"name\":\"Reda\u00e7\u00e3o JO\",\"@id\":\"https:\\\/\\\/jornaldasoficinas.com\\\/pt\\\/#\\\/schema\\\/person\\\/a38eef5de2c41d9e7c9ac10141afddf3\"},\"headline\":\"Metalcaucho toma medidas legais contra Aslyx\",\"datePublished\":\"2022-01-20T14:00:19+00:00\",\"mainEntityOfPage\":{\"@id\":\"https:\\\/\\\/jornaldasoficinas.com\\\/pt\\\/metalcaucho-toma-medidas-legais-contra-aslyx\\\/\"},\"wordCount\":392,\"publisher\":{\"@id\":\"https:\\\/\\\/jornaldasoficinas.com\\\/pt\\\/#organization\"},\"image\":{\"@id\":\"https:\\\/\\\/jornaldasoficinas.com\\\/pt\\\/metalcaucho-toma-medidas-legais-contra-aslyx\\\/#primaryimage\"},\"thumbnailUrl\":\"https:\\\/\\\/jornaldasoficinas.com\\\/pt\\\/wp-content\\\/uploads\\\/2022\\\/01\\\/Metalcaucho-toma-medidas-legais.jpg\",\"keywords\":[\"Metalcaucho\"],\"articleSection\":[\"Empresas\"],\"inLanguage\":\"pt-PT\"},{\"@type\":\"WebPage\",\"@id\":\"https:\\\/\\\/jornaldasoficinas.com\\\/pt\\\/metalcaucho-toma-medidas-legais-contra-aslyx\\\/\",\"url\":\"https:\\\/\\\/jornaldasoficinas.com\\\/pt\\\/metalcaucho-toma-medidas-legais-contra-aslyx\\\/\",\"name\":\"Metalcaucho toma medidas legais contra Aslyx - Jornal das Oficinas\",\"isPartOf\":{\"@id\":\"https:\\\/\\\/jornaldasoficinas.com\\\/pt\\\/#website\"},\"primaryImageOfPage\":{\"@id\":\"https:\\\/\\\/jornaldasoficinas.com\\\/pt\\\/metalcaucho-toma-medidas-legais-contra-aslyx\\\/#primaryimage\"},\"image\":{\"@id\":\"https:\\\/\\\/jornaldasoficinas.com\\\/pt\\\/metalcaucho-toma-medidas-legais-contra-aslyx\\\/#primaryimage\"},\"thumbnailUrl\":\"https:\\\/\\\/jornaldasoficinas.com\\\/pt\\\/wp-content\\\/uploads\\\/2022\\\/01\\\/Metalcaucho-toma-medidas-legais.jpg\",\"datePublished\":\"2022-01-20T14:00:19+00:00\",\"breadcrumb\":{\"@id\":\"https:\\\/\\\/jornaldasoficinas.com\\\/pt\\\/metalcaucho-toma-medidas-legais-contra-aslyx\\\/#breadcrumb\"},\"inLanguage\":\"pt-PT\",\"potentialAction\":[{\"@type\":\"ReadAction\",\"target\":[\"https:\\\/\\\/jornaldasoficinas.com\\\/pt\\\/metalcaucho-toma-medidas-legais-contra-aslyx\\\/\"]}]},{\"@type\":\"ImageObject\",\"inLanguage\":\"pt-PT\",\"@id\":\"https:\\\/\\\/jornaldasoficinas.com\\\/pt\\\/metalcaucho-toma-medidas-legais-contra-aslyx\\\/#primaryimage\",\"url\":\"https:\\\/\\\/jornaldasoficinas.com\\\/pt\\\/wp-content\\\/uploads\\\/2022\\\/01\\\/Metalcaucho-toma-medidas-legais.jpg\",\"contentUrl\":\"https:\\\/\\\/jornaldasoficinas.com\\\/pt\\\/wp-content\\\/uploads\\\/2022\\\/01\\\/Metalcaucho-toma-medidas-legais.jpg\",\"width\":1024,\"height\":581,\"caption\":\"01 - Metalcaucho-toma-medidas-legais\"},{\"@type\":\"BreadcrumbList\",\"@id\":\"https:\\\/\\\/jornaldasoficinas.com\\\/pt\\\/metalcaucho-toma-medidas-legais-contra-aslyx\\\/#breadcrumb\",\"itemListElement\":[{\"@type\":\"ListItem\",\"position\":1,\"name\":\"In\u00edcio\",\"item\":\"https:\\\/\\\/jornaldasoficinas.com\\\/pt\\\/\"},{\"@type\":\"ListItem\",\"position\":2,\"name\":\"Metalcaucho toma medidas legais contra Aslyx\"}]},{\"@type\":\"WebSite\",\"@id\":\"https:\\\/\\\/jornaldasoficinas.com\\\/pt\\\/#website\",\"url\":\"https:\\\/\\\/jornaldasoficinas.com\\\/pt\\\/\",\"name\":\"Jornal das Oficinas\",\"description\":\"Jornal independente do Aftermarket Autom\u00f3vel em Portugal\",\"publisher\":{\"@id\":\"https:\\\/\\\/jornaldasoficinas.com\\\/pt\\\/#organization\"},\"potentialAction\":[{\"@type\":\"SearchAction\",\"target\":{\"@type\":\"EntryPoint\",\"urlTemplate\":\"https:\\\/\\\/jornaldasoficinas.com\\\/pt\\\/?s={search_term_string}\"},\"query-input\":{\"@type\":\"PropertyValueSpecification\",\"valueRequired\":true,\"valueName\":\"search_term_string\"}}],\"inLanguage\":\"pt-PT\"},{\"@type\":\"Organization\",\"@id\":\"https:\\\/\\\/jornaldasoficinas.com\\\/pt\\\/#organization\",\"name\":\"Jornal das Oficinas\",\"url\":\"https:\\\/\\\/jornaldasoficinas.com\\\/pt\\\/\",\"logo\":{\"@type\":\"ImageObject\",\"inLanguage\":\"pt-PT\",\"@id\":\"https:\\\/\\\/jornaldasoficinas.com\\\/pt\\\/#\\\/schema\\\/logo\\\/image\\\/\",\"url\":\"https:\\\/\\\/jornaldasoficinas.com\\\/pt\\\/wp-content\\\/uploads\\\/logoJO-SEO.png\",\"contentUrl\":\"https:\\\/\\\/jornaldasoficinas.com\\\/pt\\\/wp-content\\\/uploads\\\/logoJO-SEO.png\",\"width\":285,\"height\":450,\"caption\":\"Jornal das Oficinas\"},\"image\":{\"@id\":\"https:\\\/\\\/jornaldasoficinas.com\\\/pt\\\/#\\\/schema\\\/logo\\\/image\\\/\"},\"sameAs\":[\"https:\\\/\\\/www.facebook.com\\\/jornaloficinas\",\"https:\\\/\\\/x.com\\\/jornaloficinas\",\"https:\\\/\\\/www.instagram.com\\\/jornal_oficinas\\\/\",\"https:\\\/\\\/www.linkedin.com\\\/company\\\/jornal-das-oficinas\\\/\",\"https:\\\/\\\/www.youtube.com\\\/channel\\\/UCbQZBqtcvV-oSQrr7RzINGg\"]},{\"@type\":\"Person\",\"@id\":\"https:\\\/\\\/jornaldasoficinas.com\\\/pt\\\/#\\\/schema\\\/person\\\/a38eef5de2c41d9e7c9ac10141afddf3\",\"name\":\"Reda\u00e7\u00e3o JO\",\"image\":{\"@type\":\"ImageObject\",\"inLanguage\":\"pt-PT\",\"@id\":\"https:\\\/\\\/secure.gravatar.com\\\/avatar\\\/71f2fa71737ad68a84fea94bc708ddac8ea5b0c4788dc2ad202f3ccb2887742f?s=96&d=wp_user_avatar&r=g\",\"url\":\"https:\\\/\\\/secure.gravatar.com\\\/avatar\\\/71f2fa71737ad68a84fea94bc708ddac8ea5b0c4788dc2ad202f3ccb2887742f?s=96&d=wp_user_avatar&r=g\",\"contentUrl\":\"https:\\\/\\\/secure.gravatar.com\\\/avatar\\\/71f2fa71737ad68a84fea94bc708ddac8ea5b0c4788dc2ad202f3ccb2887742f?s=96&d=wp_user_avatar&r=g\",\"caption\":\"Reda\u00e7\u00e3o JO\"},\"url\":\"https:\\\/\\\/jornaldasoficinas.com\\\/pt\\\/author\\\/joredacao\\\/\"}]}<\/script>\n<!-- \/ Yoast SEO plugin. -->","yoast_head_json":{"title":"Metalcaucho toma medidas legais contra Aslyx - Jornal das Oficinas","robots":{"index":"index","follow":"follow","max-snippet":"max-snippet:-1","max-image-preview":"max-image-preview:large","max-video-preview":"max-video-preview:-1"},"canonical":"https:\/\/jornaldasoficinas.com\/pt\/metalcaucho-toma-medidas-legais-contra-aslyx\/","og_locale":"pt_PT","og_type":"article","og_title":"Metalcaucho toma medidas legais contra Aslyx - Jornal das Oficinas","og_description":"A Metalcaucho tomou medidas legais contra...","og_url":"https:\/\/jornaldasoficinas.com\/pt\/metalcaucho-toma-medidas-legais-contra-aslyx\/","og_site_name":"Jornal das Oficinas","article_publisher":"https:\/\/www.facebook.com\/jornaloficinas","article_published_time":"2022-01-20T14:00:19+00:00","og_image":[{"width":1024,"height":581,"url":"https:\/\/jornaldasoficinas.com\/pt\/wp-content\/uploads\/2022\/01\/Metalcaucho-toma-medidas-legais.jpg","type":"image\/jpeg"}],"author":"Reda\u00e7\u00e3o JO","twitter_card":"summary_large_image","twitter_creator":"@jornaloficinas","twitter_site":"@jornaloficinas","twitter_misc":{"Escrito por":"Reda\u00e7\u00e3o JO","Tempo estimado de leitura":"2 minutos"},"schema":{"@context":"https:\/\/schema.org","@graph":[{"@type":"Article","@id":"https:\/\/jornaldasoficinas.com\/pt\/metalcaucho-toma-medidas-legais-contra-aslyx\/#article","isPartOf":{"@id":"https:\/\/jornaldasoficinas.com\/pt\/metalcaucho-toma-medidas-legais-contra-aslyx\/"},"author":{"name":"Reda\u00e7\u00e3o JO","@id":"https:\/\/jornaldasoficinas.com\/pt\/#\/schema\/person\/a38eef5de2c41d9e7c9ac10141afddf3"},"headline":"Metalcaucho toma medidas legais contra Aslyx","datePublished":"2022-01-20T14:00:19+00:00","mainEntityOfPage":{"@id":"https:\/\/jornaldasoficinas.com\/pt\/metalcaucho-toma-medidas-legais-contra-aslyx\/"},"wordCount":392,"publisher":{"@id":"https:\/\/jornaldasoficinas.com\/pt\/#organization"},"image":{"@id":"https:\/\/jornaldasoficinas.com\/pt\/metalcaucho-toma-medidas-legais-contra-aslyx\/#primaryimage"},"thumbnailUrl":"https:\/\/jornaldasoficinas.com\/pt\/wp-content\/uploads\/2022\/01\/Metalcaucho-toma-medidas-legais.jpg","keywords":["Metalcaucho"],"articleSection":["Empresas"],"inLanguage":"pt-PT"},{"@type":"WebPage","@id":"https:\/\/jornaldasoficinas.com\/pt\/metalcaucho-toma-medidas-legais-contra-aslyx\/","url":"https:\/\/jornaldasoficinas.com\/pt\/metalcaucho-toma-medidas-legais-contra-aslyx\/","name":"Metalcaucho toma medidas legais contra Aslyx - Jornal das Oficinas","isPartOf":{"@id":"https:\/\/jornaldasoficinas.com\/pt\/#website"},"primaryImageOfPage":{"@id":"https:\/\/jornaldasoficinas.com\/pt\/metalcaucho-toma-medidas-legais-contra-aslyx\/#primaryimage"},"image":{"@id":"https:\/\/jornaldasoficinas.com\/pt\/metalcaucho-toma-medidas-legais-contra-aslyx\/#primaryimage"},"thumbnailUrl":"https:\/\/jornaldasoficinas.com\/pt\/wp-content\/uploads\/2022\/01\/Metalcaucho-toma-medidas-legais.jpg","datePublished":"2022-01-20T14:00:19+00:00","breadcrumb":{"@id":"https:\/\/jornaldasoficinas.com\/pt\/metalcaucho-toma-medidas-legais-contra-aslyx\/#breadcrumb"},"inLanguage":"pt-PT","potentialAction":[{"@type":"ReadAction","target":["https:\/\/jornaldasoficinas.com\/pt\/metalcaucho-toma-medidas-legais-contra-aslyx\/"]}]},{"@type":"ImageObject","inLanguage":"pt-PT","@id":"https:\/\/jornaldasoficinas.com\/pt\/metalcaucho-toma-medidas-legais-contra-aslyx\/#primaryimage","url":"https:\/\/jornaldasoficinas.com\/pt\/wp-content\/uploads\/2022\/01\/Metalcaucho-toma-medidas-legais.jpg","contentUrl":"https:\/\/jornaldasoficinas.com\/pt\/wp-content\/uploads\/2022\/01\/Metalcaucho-toma-medidas-legais.jpg","width":1024,"height":581,"caption":"01 - Metalcaucho-toma-medidas-legais"},{"@type":"BreadcrumbList","@id":"https:\/\/jornaldasoficinas.com\/pt\/metalcaucho-toma-medidas-legais-contra-aslyx\/#breadcrumb","itemListElement":[{"@type":"ListItem","position":1,"name":"In\u00edcio","item":"https:\/\/jornaldasoficinas.com\/pt\/"},{"@type":"ListItem","position":2,"name":"Metalcaucho toma medidas legais contra Aslyx"}]},{"@type":"WebSite","@id":"https:\/\/jornaldasoficinas.com\/pt\/#website","url":"https:\/\/jornaldasoficinas.com\/pt\/","name":"Jornal das Oficinas","description":"Jornal independente do Aftermarket Autom\u00f3vel em Portugal","publisher":{"@id":"https:\/\/jornaldasoficinas.com\/pt\/#organization"},"potentialAction":[{"@type":"SearchAction","target":{"@type":"EntryPoint","urlTemplate":"https:\/\/jornaldasoficinas.com\/pt\/?s={search_term_string}"},"query-input":{"@type":"PropertyValueSpecification","valueRequired":true,"valueName":"search_term_string"}}],"inLanguage":"pt-PT"},{"@type":"Organization","@id":"https:\/\/jornaldasoficinas.com\/pt\/#organization","name":"Jornal das Oficinas","url":"https:\/\/jornaldasoficinas.com\/pt\/","logo":{"@type":"ImageObject","inLanguage":"pt-PT","@id":"https:\/\/jornaldasoficinas.com\/pt\/#\/schema\/logo\/image\/","url":"https:\/\/jornaldasoficinas.com\/pt\/wp-content\/uploads\/logoJO-SEO.png","contentUrl":"https:\/\/jornaldasoficinas.com\/pt\/wp-content\/uploads\/logoJO-SEO.png","width":285,"height":450,"caption":"Jornal das Oficinas"},"image":{"@id":"https:\/\/jornaldasoficinas.com\/pt\/#\/schema\/logo\/image\/"},"sameAs":["https:\/\/www.facebook.com\/jornaloficinas","https:\/\/x.com\/jornaloficinas","https:\/\/www.instagram.com\/jornal_oficinas\/","https:\/\/www.linkedin.com\/company\/jornal-das-oficinas\/","https:\/\/www.youtube.com\/channel\/UCbQZBqtcvV-oSQrr7RzINGg"]},{"@type":"Person","@id":"https:\/\/jornaldasoficinas.com\/pt\/#\/schema\/person\/a38eef5de2c41d9e7c9ac10141afddf3","name":"Reda\u00e7\u00e3o JO","image":{"@type":"ImageObject","inLanguage":"pt-PT","@id":"https:\/\/secure.gravatar.com\/avatar\/71f2fa71737ad68a84fea94bc708ddac8ea5b0c4788dc2ad202f3ccb2887742f?s=96&d=wp_user_avatar&r=g","url":"https:\/\/secure.gravatar.com\/avatar\/71f2fa71737ad68a84fea94bc708ddac8ea5b0c4788dc2ad202f3ccb2887742f?s=96&d=wp_user_avatar&r=g","contentUrl":"https:\/\/secure.gravatar.com\/avatar\/71f2fa71737ad68a84fea94bc708ddac8ea5b0c4788dc2ad202f3ccb2887742f?s=96&d=wp_user_avatar&r=g","caption":"Reda\u00e7\u00e3o JO"},"url":"https:\/\/jornaldasoficinas.com\/pt\/author\/joredacao\/"}]}},"_links":{"self":[{"href":"https:\/\/jornaldasoficinas.com\/pt\/wp-json\/wp\/v2\/posts\/26774","targetHints":{"allow":["GET"]}}],"collection":[{"href":"https:\/\/jornaldasoficinas.com\/pt\/wp-json\/wp\/v2\/posts"}],"about":[{"href":"https:\/\/jornaldasoficinas.com\/pt\/wp-json\/wp\/v2\/types\/post"}],"author":[{"embeddable":true,"href":"https:\/\/jornaldasoficinas.com\/pt\/wp-json\/wp\/v2\/users\/15"}],"replies":[{"embeddable":true,"href":"https:\/\/jornaldasoficinas.com\/pt\/wp-json\/wp\/v2\/comments?post=26774"}],"version-history":[{"count":0,"href":"https:\/\/jornaldasoficinas.com\/pt\/wp-json\/wp\/v2\/posts\/26774\/revisions"}],"wp:featuredmedia":[{"embeddable":true,"href":"https:\/\/jornaldasoficinas.com\/pt\/wp-json\/wp\/v2\/media\/26758"}],"wp:attachment":[{"href":"https:\/\/jornaldasoficinas.com\/pt\/wp-json\/wp\/v2\/media?parent=26774"}],"wp:term":[{"taxonomy":"category","embeddable":true,"href":"https:\/\/jornaldasoficinas.com\/pt\/wp-json\/wp\/v2\/categories?post=26774"},{"taxonomy":"post_tag","embeddable":true,"href":"https:\/\/jornaldasoficinas.com\/pt\/wp-json\/wp\/v2\/tags?post=26774"}],"curies":[{"name":"wp","href":"https:\/\/api.w.org\/{rel}","templated":true}]}}