{"id":26831,"date":"2022-01-24T16:00:46","date_gmt":"2022-01-24T16:00:46","guid":{"rendered":"https:\/\/jornaldasoficinas.com\/pt\/?p=26831"},"modified":"2022-01-24T10:21:19","modified_gmt":"2022-01-24T10:21:19","slug":"panos-de-limpeza-mewa-aliado-contra-a-covid-19","status":"publish","type":"post","link":"https:\/\/jornaldasoficinas.com\/pt\/panos-de-limpeza-mewa-aliado-contra-a-covid-19\/","title":{"rendered":"Panos de limpeza MEWA aliado contra a Covid-19"},"content":{"rendered":"<p><img loading=\"lazy\" decoding=\"async\" class=\"size-full wp-image-26804\" src=\"https:\/\/jornaldasoficinas.com\/pt\/wp-content\/uploads\/2022\/01\/Panos-de-limpeza-MEWA-o-aliado-contra-a-Covid19.jpg\" alt=\"01 - Panos-de-limpeza-MEWA-o-aliado-contra-a-Covid19\" width=\"1024\" height=\"581\" srcset=\"https:\/\/jornaldasoficinas.com\/pt\/wp-content\/uploads\/2022\/01\/Panos-de-limpeza-MEWA-o-aliado-contra-a-Covid19.jpg 1024w, https:\/\/jornaldasoficinas.com\/pt\/wp-content\/uploads\/2022\/01\/Panos-de-limpeza-MEWA-o-aliado-contra-a-Covid19-300x170.jpg 300w, https:\/\/jornaldasoficinas.com\/pt\/wp-content\/uploads\/2022\/01\/Panos-de-limpeza-MEWA-o-aliado-contra-a-Covid19-150x85.jpg 150w, https:\/\/jornaldasoficinas.com\/pt\/wp-content\/uploads\/2022\/01\/Panos-de-limpeza-MEWA-o-aliado-contra-a-Covid19-768x436.jpg 768w\" sizes=\"auto, (max-width: 1024px) 100vw, 1024px\" \/><\/p>\n<p><strong>O pano de limpeza da <a href=\"https:\/\/www.mewa.pt\/\" target=\"_blank\" rel=\"noopener\">MEWA<\/a> \u00e9 ultra-absorvente e limpa m\u00e1quinas de ferramentas de forma r\u00e1pida e rigorosa.\u00a0 O melhor disto tudo? A MEWA d\u00e1 consultoria no local de entrega e recomenda a quantidade certa de panos e de contentores de seguran\u00e7a. Os prazos de recolha e entrega s\u00e3o acordados<\/strong><\/p>\n<p>Atualmente, as empresas enfrentam muitas exig\u00eancias: medidas de seguran\u00e7a especiais, teletrabalho, testes nas instala\u00e7\u00f5es, seguran\u00e7a das cadeias de abastecimento, vendas sem contacto direto com clientes e muito mais. Para al\u00e9m disso, devem continuar a melhorar a efici\u00eancia e a sustentabilidade.<\/p>\n<p>\u00c9 precisamente aqui que entra o sistema de panos de limpeza da MEWA. A sua introdu\u00e7\u00e3o numa f\u00e1brica ou oficina torna-a imediatamente mais sustent\u00e1vel, uma vez que a MEWA entrega os panos, recolhe-os para a lavagem ecol\u00f3gica e devolve-os ap\u00f3s um controlo rigoroso de v\u00e1rias fases.<\/p>\n<p>Quanto \u00e0 efici\u00eancia, tamb\u00e9m aumenta com os panos ultra-absorventes.\u00a0 Em primeiro lugar, porque panos de limpeza lavados est\u00e3o sempre \u00e0 m\u00e3o e podem ser reutilizados v\u00e1rias vezes \u2013 isto significa que muitas desloca\u00e7\u00f5es que consomem tempo deixam de ser necess\u00e1rias. Em segundo lugar, porque os panos limpam ferramentas e m\u00e1quinas num instante: absorvem \u00f3leos, tintas e massas lubrificantes de forma r\u00e1pida e fi\u00e1vel.<\/p>\n<p>E o\u00a0Teambuilding? Est\u00e1 no conceito\u00a0sharing. Os colaboradores e as colaboradoras de uma empresa utilizam, em conjunto, os mesmos panos:\u00a0Design, formato, qualidade \u2013 tudo \u00e9 id\u00eantico. Assim, contribuem, como equipa, para a empresa se tornar mais amiga do ambiente e mais eficiente: Em conjunto, conseguem fazer um trabalho ainda melhor e mais rigoroso com o pano de limpeza da MEWA\u00a0made in Germany.<\/p>\n<p>Em conjunto, tamb\u00e9m beneficiam de uma maior seguran\u00e7a, j\u00e1 que o sistema de panos de limpeza inclui o MEWA SaCon. Este contentor de seguran\u00e7a com fecho herm\u00e9tico serve para guardar os panos usados, como mercadoria perigosa inflam\u00e1vel, em seguran\u00e7a. Outras mais-valias s\u00e3o a previs\u00e3o exata do aluguer do sistema e a melhor organiza\u00e7\u00e3o na limpeza da empresa.<\/p>\n<p>Ali\u00e1s, o sistema de panos de limpeza da MEWA pode ser facilmente integrado em qualquer f\u00e1brica ou oficina. A MEWA d\u00e1 consultoria no local e recomenda a quantidade certa de panos e de contentores de seguran\u00e7a. Os prazos de recolha e entrega s\u00e3o acordados. Pouco depois, j\u00e1 se pode dar o pontap\u00e9 de sa\u00edda para o\u00a0Teambuilding.<\/p>\n","protected":false},"excerpt":{"rendered":"<p>O pano de limpeza da MEWA&#8230;<\/p>\n","protected":false},"author":15,"featured_media":26804,"comment_status":"closed","ping_status":"closed","sticky":false,"template":"","format":"standard","meta":{"footnotes":""},"categories":[29],"tags":[669],"class_list":["post-26831","post","type-post","status-publish","format-standard","has-post-thumbnail","hentry","category-empresas","tag-mewa"],"yoast_head":"<!-- This site is optimized with the Yoast SEO plugin v27.5 - https:\/\/yoast.com\/product\/yoast-seo-wordpress\/ -->\n<title>Panos de limpeza MEWA aliado contra a Covid-19 - Jornal das Oficinas<\/title>\n<meta name=\"robots\" content=\"index, follow, max-snippet:-1, max-image-preview:large, max-video-preview:-1\" \/>\n<link rel=\"canonical\" href=\"https:\/\/jornaldasoficinas.com\/pt\/panos-de-limpeza-mewa-aliado-contra-a-covid-19\/\" \/>\n<meta property=\"og:locale\" content=\"pt_PT\" \/>\n<meta property=\"og:type\" content=\"article\" \/>\n<meta property=\"og:title\" content=\"Panos de limpeza MEWA aliado contra a Covid-19 - Jornal das Oficinas\" \/>\n<meta property=\"og:description\" content=\"O pano de limpeza da MEWA...\" \/>\n<meta property=\"og:url\" content=\"https:\/\/jornaldasoficinas.com\/pt\/panos-de-limpeza-mewa-aliado-contra-a-covid-19\/\" \/>\n<meta property=\"og:site_name\" content=\"Jornal das Oficinas\" \/>\n<meta property=\"article:publisher\" content=\"https:\/\/www.facebook.com\/jornaloficinas\" \/>\n<meta property=\"article:published_time\" content=\"2022-01-24T16:00:46+00:00\" \/>\n<meta property=\"og:image\" content=\"https:\/\/jornaldasoficinas.com\/pt\/wp-content\/uploads\/2022\/01\/Panos-de-limpeza-MEWA-o-aliado-contra-a-Covid19.jpg\" \/>\n\t<meta property=\"og:image:width\" content=\"1024\" \/>\n\t<meta property=\"og:image:height\" content=\"581\" \/>\n\t<meta property=\"og:image:type\" content=\"image\/jpeg\" \/>\n<meta name=\"author\" content=\"Reda\u00e7\u00e3o JO\" \/>\n<meta name=\"twitter:card\" content=\"summary_large_image\" \/>\n<meta name=\"twitter:creator\" content=\"@jornaloficinas\" \/>\n<meta name=\"twitter:site\" content=\"@jornaloficinas\" \/>\n<meta name=\"twitter:label1\" content=\"Escrito por\" \/>\n\t<meta name=\"twitter:data1\" content=\"Reda\u00e7\u00e3o JO\" \/>\n\t<meta name=\"twitter:label2\" content=\"Tempo estimado de leitura\" \/>\n\t<meta name=\"twitter:data2\" content=\"2 minutos\" \/>\n<script type=\"application\/ld+json\" class=\"yoast-schema-graph\">{\"@context\":\"https:\\\/\\\/schema.org\",\"@graph\":[{\"@type\":\"Article\",\"@id\":\"https:\\\/\\\/jornaldasoficinas.com\\\/pt\\\/panos-de-limpeza-mewa-aliado-contra-a-covid-19\\\/#article\",\"isPartOf\":{\"@id\":\"https:\\\/\\\/jornaldasoficinas.com\\\/pt\\\/panos-de-limpeza-mewa-aliado-contra-a-covid-19\\\/\"},\"author\":{\"name\":\"Reda\u00e7\u00e3o JO\",\"@id\":\"https:\\\/\\\/jornaldasoficinas.com\\\/pt\\\/#\\\/schema\\\/person\\\/a38eef5de2c41d9e7c9ac10141afddf3\"},\"headline\":\"Panos de limpeza MEWA aliado contra a Covid-19\",\"datePublished\":\"2022-01-24T16:00:46+00:00\",\"mainEntityOfPage\":{\"@id\":\"https:\\\/\\\/jornaldasoficinas.com\\\/pt\\\/panos-de-limpeza-mewa-aliado-contra-a-covid-19\\\/\"},\"wordCount\":420,\"publisher\":{\"@id\":\"https:\\\/\\\/jornaldasoficinas.com\\\/pt\\\/#organization\"},\"image\":{\"@id\":\"https:\\\/\\\/jornaldasoficinas.com\\\/pt\\\/panos-de-limpeza-mewa-aliado-contra-a-covid-19\\\/#primaryimage\"},\"thumbnailUrl\":\"https:\\\/\\\/jornaldasoficinas.com\\\/pt\\\/wp-content\\\/uploads\\\/2022\\\/01\\\/Panos-de-limpeza-MEWA-o-aliado-contra-a-Covid19.jpg\",\"keywords\":[\"MEWA\"],\"articleSection\":[\"Empresas\"],\"inLanguage\":\"pt-PT\"},{\"@type\":\"WebPage\",\"@id\":\"https:\\\/\\\/jornaldasoficinas.com\\\/pt\\\/panos-de-limpeza-mewa-aliado-contra-a-covid-19\\\/\",\"url\":\"https:\\\/\\\/jornaldasoficinas.com\\\/pt\\\/panos-de-limpeza-mewa-aliado-contra-a-covid-19\\\/\",\"name\":\"Panos de limpeza MEWA aliado contra a Covid-19 - Jornal das Oficinas\",\"isPartOf\":{\"@id\":\"https:\\\/\\\/jornaldasoficinas.com\\\/pt\\\/#website\"},\"primaryImageOfPage\":{\"@id\":\"https:\\\/\\\/jornaldasoficinas.com\\\/pt\\\/panos-de-limpeza-mewa-aliado-contra-a-covid-19\\\/#primaryimage\"},\"image\":{\"@id\":\"https:\\\/\\\/jornaldasoficinas.com\\\/pt\\\/panos-de-limpeza-mewa-aliado-contra-a-covid-19\\\/#primaryimage\"},\"thumbnailUrl\":\"https:\\\/\\\/jornaldasoficinas.com\\\/pt\\\/wp-content\\\/uploads\\\/2022\\\/01\\\/Panos-de-limpeza-MEWA-o-aliado-contra-a-Covid19.jpg\",\"datePublished\":\"2022-01-24T16:00:46+00:00\",\"breadcrumb\":{\"@id\":\"https:\\\/\\\/jornaldasoficinas.com\\\/pt\\\/panos-de-limpeza-mewa-aliado-contra-a-covid-19\\\/#breadcrumb\"},\"inLanguage\":\"pt-PT\",\"potentialAction\":[{\"@type\":\"ReadAction\",\"target\":[\"https:\\\/\\\/jornaldasoficinas.com\\\/pt\\\/panos-de-limpeza-mewa-aliado-contra-a-covid-19\\\/\"]}]},{\"@type\":\"ImageObject\",\"inLanguage\":\"pt-PT\",\"@id\":\"https:\\\/\\\/jornaldasoficinas.com\\\/pt\\\/panos-de-limpeza-mewa-aliado-contra-a-covid-19\\\/#primaryimage\",\"url\":\"https:\\\/\\\/jornaldasoficinas.com\\\/pt\\\/wp-content\\\/uploads\\\/2022\\\/01\\\/Panos-de-limpeza-MEWA-o-aliado-contra-a-Covid19.jpg\",\"contentUrl\":\"https:\\\/\\\/jornaldasoficinas.com\\\/pt\\\/wp-content\\\/uploads\\\/2022\\\/01\\\/Panos-de-limpeza-MEWA-o-aliado-contra-a-Covid19.jpg\",\"width\":1024,\"height\":581,\"caption\":\"Damit ihr Arbeitsalltag noch mehr Spa\u00df macht: optimal ausger\u00fcstet mit der MEWA DYNAMIC\u00ae Construct Latzhose und dem dazu passenden MEWA Basics T-Shirt.\"},{\"@type\":\"BreadcrumbList\",\"@id\":\"https:\\\/\\\/jornaldasoficinas.com\\\/pt\\\/panos-de-limpeza-mewa-aliado-contra-a-covid-19\\\/#breadcrumb\",\"itemListElement\":[{\"@type\":\"ListItem\",\"position\":1,\"name\":\"In\u00edcio\",\"item\":\"https:\\\/\\\/jornaldasoficinas.com\\\/pt\\\/\"},{\"@type\":\"ListItem\",\"position\":2,\"name\":\"Panos de limpeza MEWA aliado contra a Covid-19\"}]},{\"@type\":\"WebSite\",\"@id\":\"https:\\\/\\\/jornaldasoficinas.com\\\/pt\\\/#website\",\"url\":\"https:\\\/\\\/jornaldasoficinas.com\\\/pt\\\/\",\"name\":\"Jornal das Oficinas\",\"description\":\"Jornal independente do Aftermarket Autom\u00f3vel em Portugal\",\"publisher\":{\"@id\":\"https:\\\/\\\/jornaldasoficinas.com\\\/pt\\\/#organization\"},\"potentialAction\":[{\"@type\":\"SearchAction\",\"target\":{\"@type\":\"EntryPoint\",\"urlTemplate\":\"https:\\\/\\\/jornaldasoficinas.com\\\/pt\\\/?s={search_term_string}\"},\"query-input\":{\"@type\":\"PropertyValueSpecification\",\"valueRequired\":true,\"valueName\":\"search_term_string\"}}],\"inLanguage\":\"pt-PT\"},{\"@type\":\"Organization\",\"@id\":\"https:\\\/\\\/jornaldasoficinas.com\\\/pt\\\/#organization\",\"name\":\"Jornal das Oficinas\",\"url\":\"https:\\\/\\\/jornaldasoficinas.com\\\/pt\\\/\",\"logo\":{\"@type\":\"ImageObject\",\"inLanguage\":\"pt-PT\",\"@id\":\"https:\\\/\\\/jornaldasoficinas.com\\\/pt\\\/#\\\/schema\\\/logo\\\/image\\\/\",\"url\":\"https:\\\/\\\/jornaldasoficinas.com\\\/pt\\\/wp-content\\\/uploads\\\/logoJO-SEO.png\",\"contentUrl\":\"https:\\\/\\\/jornaldasoficinas.com\\\/pt\\\/wp-content\\\/uploads\\\/logoJO-SEO.png\",\"width\":285,\"height\":450,\"caption\":\"Jornal das Oficinas\"},\"image\":{\"@id\":\"https:\\\/\\\/jornaldasoficinas.com\\\/pt\\\/#\\\/schema\\\/logo\\\/image\\\/\"},\"sameAs\":[\"https:\\\/\\\/www.facebook.com\\\/jornaloficinas\",\"https:\\\/\\\/x.com\\\/jornaloficinas\",\"https:\\\/\\\/www.instagram.com\\\/jornal_oficinas\\\/\",\"https:\\\/\\\/www.linkedin.com\\\/company\\\/jornal-das-oficinas\\\/\",\"https:\\\/\\\/www.youtube.com\\\/channel\\\/UCbQZBqtcvV-oSQrr7RzINGg\"]},{\"@type\":\"Person\",\"@id\":\"https:\\\/\\\/jornaldasoficinas.com\\\/pt\\\/#\\\/schema\\\/person\\\/a38eef5de2c41d9e7c9ac10141afddf3\",\"name\":\"Reda\u00e7\u00e3o JO\",\"image\":{\"@type\":\"ImageObject\",\"inLanguage\":\"pt-PT\",\"@id\":\"https:\\\/\\\/secure.gravatar.com\\\/avatar\\\/71f2fa71737ad68a84fea94bc708ddac8ea5b0c4788dc2ad202f3ccb2887742f?s=96&d=wp_user_avatar&r=g\",\"url\":\"https:\\\/\\\/secure.gravatar.com\\\/avatar\\\/71f2fa71737ad68a84fea94bc708ddac8ea5b0c4788dc2ad202f3ccb2887742f?s=96&d=wp_user_avatar&r=g\",\"contentUrl\":\"https:\\\/\\\/secure.gravatar.com\\\/avatar\\\/71f2fa71737ad68a84fea94bc708ddac8ea5b0c4788dc2ad202f3ccb2887742f?s=96&d=wp_user_avatar&r=g\",\"caption\":\"Reda\u00e7\u00e3o JO\"},\"url\":\"https:\\\/\\\/jornaldasoficinas.com\\\/pt\\\/author\\\/joredacao\\\/\"}]}<\/script>\n<!-- \/ Yoast SEO plugin. -->","yoast_head_json":{"title":"Panos de limpeza MEWA aliado contra a Covid-19 - Jornal das Oficinas","robots":{"index":"index","follow":"follow","max-snippet":"max-snippet:-1","max-image-preview":"max-image-preview:large","max-video-preview":"max-video-preview:-1"},"canonical":"https:\/\/jornaldasoficinas.com\/pt\/panos-de-limpeza-mewa-aliado-contra-a-covid-19\/","og_locale":"pt_PT","og_type":"article","og_title":"Panos de limpeza MEWA aliado contra a Covid-19 - Jornal das Oficinas","og_description":"O pano de limpeza da MEWA...","og_url":"https:\/\/jornaldasoficinas.com\/pt\/panos-de-limpeza-mewa-aliado-contra-a-covid-19\/","og_site_name":"Jornal das Oficinas","article_publisher":"https:\/\/www.facebook.com\/jornaloficinas","article_published_time":"2022-01-24T16:00:46+00:00","og_image":[{"width":1024,"height":581,"url":"https:\/\/jornaldasoficinas.com\/pt\/wp-content\/uploads\/2022\/01\/Panos-de-limpeza-MEWA-o-aliado-contra-a-Covid19.jpg","type":"image\/jpeg"}],"author":"Reda\u00e7\u00e3o JO","twitter_card":"summary_large_image","twitter_creator":"@jornaloficinas","twitter_site":"@jornaloficinas","twitter_misc":{"Escrito por":"Reda\u00e7\u00e3o JO","Tempo estimado de leitura":"2 minutos"},"schema":{"@context":"https:\/\/schema.org","@graph":[{"@type":"Article","@id":"https:\/\/jornaldasoficinas.com\/pt\/panos-de-limpeza-mewa-aliado-contra-a-covid-19\/#article","isPartOf":{"@id":"https:\/\/jornaldasoficinas.com\/pt\/panos-de-limpeza-mewa-aliado-contra-a-covid-19\/"},"author":{"name":"Reda\u00e7\u00e3o JO","@id":"https:\/\/jornaldasoficinas.com\/pt\/#\/schema\/person\/a38eef5de2c41d9e7c9ac10141afddf3"},"headline":"Panos de limpeza MEWA aliado contra a Covid-19","datePublished":"2022-01-24T16:00:46+00:00","mainEntityOfPage":{"@id":"https:\/\/jornaldasoficinas.com\/pt\/panos-de-limpeza-mewa-aliado-contra-a-covid-19\/"},"wordCount":420,"publisher":{"@id":"https:\/\/jornaldasoficinas.com\/pt\/#organization"},"image":{"@id":"https:\/\/jornaldasoficinas.com\/pt\/panos-de-limpeza-mewa-aliado-contra-a-covid-19\/#primaryimage"},"thumbnailUrl":"https:\/\/jornaldasoficinas.com\/pt\/wp-content\/uploads\/2022\/01\/Panos-de-limpeza-MEWA-o-aliado-contra-a-Covid19.jpg","keywords":["MEWA"],"articleSection":["Empresas"],"inLanguage":"pt-PT"},{"@type":"WebPage","@id":"https:\/\/jornaldasoficinas.com\/pt\/panos-de-limpeza-mewa-aliado-contra-a-covid-19\/","url":"https:\/\/jornaldasoficinas.com\/pt\/panos-de-limpeza-mewa-aliado-contra-a-covid-19\/","name":"Panos de limpeza MEWA aliado contra a Covid-19 - Jornal das Oficinas","isPartOf":{"@id":"https:\/\/jornaldasoficinas.com\/pt\/#website"},"primaryImageOfPage":{"@id":"https:\/\/jornaldasoficinas.com\/pt\/panos-de-limpeza-mewa-aliado-contra-a-covid-19\/#primaryimage"},"image":{"@id":"https:\/\/jornaldasoficinas.com\/pt\/panos-de-limpeza-mewa-aliado-contra-a-covid-19\/#primaryimage"},"thumbnailUrl":"https:\/\/jornaldasoficinas.com\/pt\/wp-content\/uploads\/2022\/01\/Panos-de-limpeza-MEWA-o-aliado-contra-a-Covid19.jpg","datePublished":"2022-01-24T16:00:46+00:00","breadcrumb":{"@id":"https:\/\/jornaldasoficinas.com\/pt\/panos-de-limpeza-mewa-aliado-contra-a-covid-19\/#breadcrumb"},"inLanguage":"pt-PT","potentialAction":[{"@type":"ReadAction","target":["https:\/\/jornaldasoficinas.com\/pt\/panos-de-limpeza-mewa-aliado-contra-a-covid-19\/"]}]},{"@type":"ImageObject","inLanguage":"pt-PT","@id":"https:\/\/jornaldasoficinas.com\/pt\/panos-de-limpeza-mewa-aliado-contra-a-covid-19\/#primaryimage","url":"https:\/\/jornaldasoficinas.com\/pt\/wp-content\/uploads\/2022\/01\/Panos-de-limpeza-MEWA-o-aliado-contra-a-Covid19.jpg","contentUrl":"https:\/\/jornaldasoficinas.com\/pt\/wp-content\/uploads\/2022\/01\/Panos-de-limpeza-MEWA-o-aliado-contra-a-Covid19.jpg","width":1024,"height":581,"caption":"Damit ihr Arbeitsalltag noch mehr Spa\u00df macht: optimal ausger\u00fcstet mit der MEWA DYNAMIC\u00ae Construct Latzhose und dem dazu passenden MEWA Basics T-Shirt."},{"@type":"BreadcrumbList","@id":"https:\/\/jornaldasoficinas.com\/pt\/panos-de-limpeza-mewa-aliado-contra-a-covid-19\/#breadcrumb","itemListElement":[{"@type":"ListItem","position":1,"name":"In\u00edcio","item":"https:\/\/jornaldasoficinas.com\/pt\/"},{"@type":"ListItem","position":2,"name":"Panos de limpeza MEWA aliado contra a Covid-19"}]},{"@type":"WebSite","@id":"https:\/\/jornaldasoficinas.com\/pt\/#website","url":"https:\/\/jornaldasoficinas.com\/pt\/","name":"Jornal das Oficinas","description":"Jornal independente do Aftermarket Autom\u00f3vel em Portugal","publisher":{"@id":"https:\/\/jornaldasoficinas.com\/pt\/#organization"},"potentialAction":[{"@type":"SearchAction","target":{"@type":"EntryPoint","urlTemplate":"https:\/\/jornaldasoficinas.com\/pt\/?s={search_term_string}"},"query-input":{"@type":"PropertyValueSpecification","valueRequired":true,"valueName":"search_term_string"}}],"inLanguage":"pt-PT"},{"@type":"Organization","@id":"https:\/\/jornaldasoficinas.com\/pt\/#organization","name":"Jornal das Oficinas","url":"https:\/\/jornaldasoficinas.com\/pt\/","logo":{"@type":"ImageObject","inLanguage":"pt-PT","@id":"https:\/\/jornaldasoficinas.com\/pt\/#\/schema\/logo\/image\/","url":"https:\/\/jornaldasoficinas.com\/pt\/wp-content\/uploads\/logoJO-SEO.png","contentUrl":"https:\/\/jornaldasoficinas.com\/pt\/wp-content\/uploads\/logoJO-SEO.png","width":285,"height":450,"caption":"Jornal das Oficinas"},"image":{"@id":"https:\/\/jornaldasoficinas.com\/pt\/#\/schema\/logo\/image\/"},"sameAs":["https:\/\/www.facebook.com\/jornaloficinas","https:\/\/x.com\/jornaloficinas","https:\/\/www.instagram.com\/jornal_oficinas\/","https:\/\/www.linkedin.com\/company\/jornal-das-oficinas\/","https:\/\/www.youtube.com\/channel\/UCbQZBqtcvV-oSQrr7RzINGg"]},{"@type":"Person","@id":"https:\/\/jornaldasoficinas.com\/pt\/#\/schema\/person\/a38eef5de2c41d9e7c9ac10141afddf3","name":"Reda\u00e7\u00e3o JO","image":{"@type":"ImageObject","inLanguage":"pt-PT","@id":"https:\/\/secure.gravatar.com\/avatar\/71f2fa71737ad68a84fea94bc708ddac8ea5b0c4788dc2ad202f3ccb2887742f?s=96&d=wp_user_avatar&r=g","url":"https:\/\/secure.gravatar.com\/avatar\/71f2fa71737ad68a84fea94bc708ddac8ea5b0c4788dc2ad202f3ccb2887742f?s=96&d=wp_user_avatar&r=g","contentUrl":"https:\/\/secure.gravatar.com\/avatar\/71f2fa71737ad68a84fea94bc708ddac8ea5b0c4788dc2ad202f3ccb2887742f?s=96&d=wp_user_avatar&r=g","caption":"Reda\u00e7\u00e3o JO"},"url":"https:\/\/jornaldasoficinas.com\/pt\/author\/joredacao\/"}]}},"_links":{"self":[{"href":"https:\/\/jornaldasoficinas.com\/pt\/wp-json\/wp\/v2\/posts\/26831","targetHints":{"allow":["GET"]}}],"collection":[{"href":"https:\/\/jornaldasoficinas.com\/pt\/wp-json\/wp\/v2\/posts"}],"about":[{"href":"https:\/\/jornaldasoficinas.com\/pt\/wp-json\/wp\/v2\/types\/post"}],"author":[{"embeddable":true,"href":"https:\/\/jornaldasoficinas.com\/pt\/wp-json\/wp\/v2\/users\/15"}],"replies":[{"embeddable":true,"href":"https:\/\/jornaldasoficinas.com\/pt\/wp-json\/wp\/v2\/comments?post=26831"}],"version-history":[{"count":0,"href":"https:\/\/jornaldasoficinas.com\/pt\/wp-json\/wp\/v2\/posts\/26831\/revisions"}],"wp:featuredmedia":[{"embeddable":true,"href":"https:\/\/jornaldasoficinas.com\/pt\/wp-json\/wp\/v2\/media\/26804"}],"wp:attachment":[{"href":"https:\/\/jornaldasoficinas.com\/pt\/wp-json\/wp\/v2\/media?parent=26831"}],"wp:term":[{"taxonomy":"category","embeddable":true,"href":"https:\/\/jornaldasoficinas.com\/pt\/wp-json\/wp\/v2\/categories?post=26831"},{"taxonomy":"post_tag","embeddable":true,"href":"https:\/\/jornaldasoficinas.com\/pt\/wp-json\/wp\/v2\/tags?post=26831"}],"curies":[{"name":"wp","href":"https:\/\/api.w.org\/{rel}","templated":true}]}}