{"id":26936,"date":"2022-01-28T18:00:23","date_gmt":"2022-01-28T18:00:23","guid":{"rendered":"https:\/\/jornaldasoficinas.com\/pt\/?p=26936"},"modified":"2022-01-27T10:24:27","modified_gmt":"2022-01-27T10:24:27","slug":"vodafone-realiza-estudo-the-connected-consumer-2030","status":"publish","type":"post","link":"https:\/\/jornaldasoficinas.com\/pt\/vodafone-realiza-estudo-the-connected-consumer-2030\/","title":{"rendered":"Vodafone realiza estudo \u201cThe Connected Consumer 2030\u201d"},"content":{"rendered":"<p><strong><img loading=\"lazy\" decoding=\"async\" class=\"alignnone size-full wp-image-26921\" src=\"https:\/\/jornaldasoficinas.com\/pt\/wp-content\/uploads\/2022\/01\/Vodafone-realiza-Estudo.png\" alt=\"01 - Vodafone-realiza-Estudo\" width=\"1024\" height=\"581\" srcset=\"https:\/\/jornaldasoficinas.com\/pt\/wp-content\/uploads\/2022\/01\/Vodafone-realiza-Estudo.png 1024w, https:\/\/jornaldasoficinas.com\/pt\/wp-content\/uploads\/2022\/01\/Vodafone-realiza-Estudo-300x170.png 300w, https:\/\/jornaldasoficinas.com\/pt\/wp-content\/uploads\/2022\/01\/Vodafone-realiza-Estudo-150x85.png 150w, https:\/\/jornaldasoficinas.com\/pt\/wp-content\/uploads\/2022\/01\/Vodafone-realiza-Estudo-768x436.png 768w\" sizes=\"auto, (max-width: 1024px) 100vw, 1024px\" \/><\/strong><\/p>\n<p><strong>A conectividade e a tecnologia inteligente v\u00e3o transformar substancialmente a nossa viv\u00eancia no mundo na pr\u00f3xima d\u00e9cada, segundo o\u00a0estudo\u00a0lan\u00e7ado pela Vodafone. O relat\u00f3rio <a href=\"https:\/\/connectedconsumer2030.com\/\" target=\"_blank\" rel=\"noopener\">Connected Consumer 2030<\/a> (CC2030) explora cinco tend\u00eancias-chave que v\u00e3o impulsionar o futuro da conectividade e permitir enfrentar os desafios atuais, tais como o impacto das altera\u00e7\u00f5es clim\u00e1ticas, a escassez dos recursos naturais e o envelhecimento das popula\u00e7\u00f5es<\/strong><\/p>\n<p>O estudo, lan\u00e7ado em parceria com o The Future Laboratory, prev\u00ea de que forma a inova\u00e7\u00e3o nos cuidados interligados, cidades inteligentes, transportes, conectividade \u00e9tica, sustentabilidade e tecnologia futura ajudar\u00e3o a resolver os desafios da presente gera\u00e7\u00e3o e a melhorar a vida quotidiana.<\/p>\n<p>Em 2020, a crise global de sa\u00fade fez com que 90% dos pa\u00edses enfrentassem perturba\u00e7\u00f5es nos seus servi\u00e7os de sa\u00fade essenciais. Como consequ\u00eancia, as preocupa\u00e7\u00f5es para com o bem-estar e a imunidade conduzem-nos a uma nova era de cuidados interligados, segundo o estudo CC2030. O mesmo prev\u00ea que, nos pr\u00f3ximos 10 anos, as casas ter\u00e3o equipamentos que monitorizam proactivamente a sa\u00fade dos indiv\u00edduos, podendo diagnosticar mais cedo eventuais doen\u00e7as e possibilitando assim um modelo preventivo de cuidados de sa\u00fade que poderia poupar \u00e0 ind\u00fastria da sa\u00fade 39 mil milh\u00f5es de euros por ano.<\/p>\n<p>O estudo prev\u00ea tamb\u00e9m que os espelhos das casas de banho possam ser equipados com sensores que verifiquem o fluxo sangu\u00edneo e as altera\u00e7\u00f5es an\u00f3malas da cor da pele, ou com microfones inteligentes que solicitem automaticamente uma prescri\u00e7\u00e3o atrav\u00e9s da dete\u00e7\u00e3o de sons de tosse e de espirros.<\/p>\n<p>Estes dispositivos ser\u00e3o ainda capazes de realizar medi\u00e7\u00f5es vitais, tais como a hidrata\u00e7\u00e3o, o a\u00e7\u00facar no sangue e a press\u00e3o sangu\u00ednea, para prever ou prevenir condi\u00e7\u00f5es de sa\u00fade cr\u00f3nicas. A conectividade nos cuidados integrados ser\u00e1 tamb\u00e9m fundamental para aumentar a independ\u00eancia da popula\u00e7\u00e3o envelhecida, dando \u00e0s pessoas a possibilidade de viverem de forma independente durante mais tempo, enquanto d\u00e3o aos membros da fam\u00edlia e aos prestadores de cuidados uma garantia do bem-estar dos seus entes queridos.<\/p>\n<p><strong>At\u00e9 2030, os consumidores ser\u00e3o capazes de controlar os seus h\u00e1bitos de consumo com os seus pensamentos<br \/>\n<\/strong>Com o aumento do n\u00famero de dispositivos conectados &#8211; que se espera que atinjam os 125 mil milh\u00f5es a n\u00edvel mundial at\u00e9 2030\u00a0&#8211; e a ado\u00e7\u00e3o digital acelerada causada pela pandemia, as solu\u00e7\u00f5es inteligentes misturar-se-\u00e3o sem esfor\u00e7o na vida das pessoas e ser\u00e3o uma tend\u00eancia chave na pr\u00f3xima d\u00e9cada. Fora do ambiente dom\u00e9stico, os\u00a0wearable devices\u00a0ser\u00e3o capazes de ir al\u00e9m do controlo de voz, passando a interagir diretamente com o pensamento do utilizador, sugere o estudo.<\/p>\n<p>Em vez de responderem ao som, as interfaces c\u00e9rebro-computador detetar\u00e3o os sinais que o c\u00e9rebro envia automaticamente para a boca quando &#8216;dizemos&#8217; palavras, permitindo aos utilizadores dar ordens aos seus\u00a0smart assistants\u00a0sem ter de falar em voz alta. Isto abre a possibilidade de um futuro sem ecr\u00e3s ou um &#8216;metaverso&#8217;, onde a comunica\u00e7\u00e3o com dispositivos acontece atrav\u00e9s de redes neuronais, permitindo ao utilizador tomar notas mentais ou at\u00e9 comunicar silenciosamente com os seus dispositivos.<\/p>\n<p><strong>A &#8220;natureza conectada&#8221; pode conduzir a um ter\u00e7o das redu\u00e7\u00f5es globais de emiss\u00f5es necess\u00e1rias para atingir os objetivos de 2030<br \/>\n<\/strong>Com menos de 10 anos para cumprir o objetivo de limitar o aquecimento global a 1,5 graus, a conectividade ser\u00e1 um parceiro-chave nas tentativas globais de restaurar a biodiversidade, fornecendo informa\u00e7\u00e3o em tempo real sobre o estado do nosso ambiente. No final da d\u00e9cada, a conectividade ser\u00e1 incorporada em \u00e1rvores, campos e at\u00e9 mesmo nos oceanos, permitindo a monitoriza\u00e7\u00e3o do impacto dos esquemas de regenera\u00e7\u00e3o e a avalia\u00e7\u00e3o de potenciais amea\u00e7as.<\/p>\n<p>A recolha de dados permitir\u00e1 tamb\u00e9m que as cidades inteligentes identifiquem e reponham o excesso de energia, permitindo que a energia e o calor n\u00e3o utilizados dos edif\u00edcios sejam redistribu\u00eddos pelas casas ou espa\u00e7os p\u00fablicos circundantes. A conectividade ser\u00e1 fulcral para alcan\u00e7ar os objetivos de sustentabilidade, juntamente com ferramentas que ajudam os consumidores a tomar decis\u00f5es mais conscientes, tais como a cria\u00e7\u00e3o de &#8220;certid\u00f5es de nascimento&#8221; digitais que mostram os movimentos e origens dos produtos para avaliar a sua pegada ambiental.<\/p>\n<p><strong>Os ve\u00edculos aut\u00f3nomos utilizar\u00e3o hologramas e intelig\u00eancia artificial para criar espa\u00e7os de retalho autom\u00f3vel<br \/>\n<\/strong>Os ve\u00edculos aut\u00f3nomos est\u00e3o preparados para transformar a forma como nos deslocamos, com o impacto do PIB da conectividade nos transportes a atingir 241 mil milh\u00f5es de euros at\u00e9 2030. Utilizando hologramas imersivos, as marcas de e-commerce poder\u00e3o mostrar as suas \u00faltimas cole\u00e7\u00f5es aos passageiros enquanto viajam, permitindo que os clientes passem pelos produtos e at\u00e9 sejam deixados num local de retalho para fazerem uma compra. Ao entrar num ve\u00edculo, os passageiros v\u00e3o poder controlar a sua viagem atrav\u00e9s dos seus dispositivos pessoais, pr\u00e9-selecionando entre uma s\u00e9rie de defini\u00e7\u00f5es &#8211; que v\u00e3o desde o turismo, ao trabalho e ao lazer \u2013 com o objetivo de criar uma experi\u00eancia completamente personalizada a cada passageiro.<\/p>\n<p><strong>Os dados pessoais tornar-se-\u00e3o uma nova forma de moeda<br \/>\n<\/strong>\u00c0 medida que a consci\u00eancia em torno do valor dos dados pessoais cresce, os futuros consumidores exigir\u00e3o servi\u00e7os e experi\u00eancias personalizados em troca dos mesmos. Com 44% das pessoas a n\u00edvel mundial a preferirem renunciar o conte\u00fado personalizado ao inv\u00e9s de partilhar informa\u00e7\u00e3o, o relat\u00f3rio prev\u00ea que os dados pessoais se tornem uma moeda que as marcas ter\u00e3o de pagar ou oferecer em troca de uma experi\u00eancia elevada.<\/p>\n<p>O relat\u00f3rio CC2030 tamb\u00e9m explora os comportamentos humanos que est\u00e3o a moldar a inova\u00e7\u00e3o futura, incluindo as preocupa\u00e7\u00f5es sobre o bem-estar f\u00edsico e mental, bem como a procura de cidades que sejam melhores para as pessoas ap\u00f3s longos per\u00edodos de confinamento.<\/p>\n<p>Lutfu Kitapci, Diretor Geral da Vodafone Smart Tech,\u00a0afirma: &#8220;Nos \u00faltimos dois anos, a conectividade tornou-se parte do tecido da nossa vida quotidiana, ajudando-nos a permanecer perto das pessoas e das coisas que mais nos interessam e a resolver os desafios di\u00e1rios. As conclus\u00f5es do The Connected Consumer 2030 Report destacam a forma como o ritmo de transforma\u00e7\u00e3o est\u00e1 a crescer, e como estaremos no centro do mesmo com as nossas solu\u00e7\u00f5es de conectividade para ajudar governos, empresas e consumidores a enfrentarem os principais desafios da sociedade&#8221;.<\/p>\n<p>Chris Sanderson, co-fundador do The Future Laboratory, afirma: &#8220;Espera-nos uma d\u00e9cada de mudan\u00e7as exponenciais. A conectividade \u00e9 a chave para esta transforma\u00e7\u00e3o, ajudando-nos a ser disruptivos e a redefinir aquilo de que a sociedade \u00e9 capaz&#8221;.<\/p>\n<p>Valentina Contini, Fundadora do Laborat\u00f3rio de Inova\u00e7\u00e3o da Porsche Engineering e participante no estudo refere: &#8220;Logo que os cidad\u00e3os e as infraestruturas se interliguem, ser\u00e1 poss\u00edvel uma vis\u00e3o hol\u00edstica das diferentes geografias e das pessoas que nelas vivem. Esta vis\u00e3o ir\u00e1 criar oportunidades exponenciais para uma mudan\u00e7a positiva&#8221;.<\/p>\n","protected":false},"excerpt":{"rendered":"<p>A conectividade e a tecnologia inteligente&#8230;<\/p>\n","protected":false},"author":15,"featured_media":26921,"comment_status":"closed","ping_status":"closed","sticky":false,"template":"","format":"standard","meta":{"footnotes":""},"categories":[37],"tags":[2763],"class_list":["post-26936","post","type-post","status-publish","format-standard","has-post-thumbnail","hentry","category-mercado","tag-vodafone"],"yoast_head":"<!-- This site is optimized with the Yoast SEO plugin v27.4 - https:\/\/yoast.com\/product\/yoast-seo-wordpress\/ -->\n<title>Vodafone realiza estudo \u201cThe Connected Consumer 2030\u201d - Jornal das Oficinas<\/title>\n<meta name=\"robots\" content=\"index, follow, max-snippet:-1, max-image-preview:large, max-video-preview:-1\" \/>\n<link rel=\"canonical\" href=\"https:\/\/jornaldasoficinas.com\/pt\/vodafone-realiza-estudo-the-connected-consumer-2030\/\" \/>\n<meta property=\"og:locale\" content=\"pt_PT\" \/>\n<meta property=\"og:type\" content=\"article\" \/>\n<meta property=\"og:title\" content=\"Vodafone realiza estudo \u201cThe Connected Consumer 2030\u201d - Jornal das Oficinas\" \/>\n<meta property=\"og:description\" content=\"A conectividade e a tecnologia inteligente...\" \/>\n<meta property=\"og:url\" content=\"https:\/\/jornaldasoficinas.com\/pt\/vodafone-realiza-estudo-the-connected-consumer-2030\/\" \/>\n<meta property=\"og:site_name\" content=\"Jornal das Oficinas\" \/>\n<meta property=\"article:publisher\" content=\"https:\/\/www.facebook.com\/jornaloficinas\" \/>\n<meta property=\"article:published_time\" content=\"2022-01-28T18:00:23+00:00\" \/>\n<meta property=\"og:image\" content=\"https:\/\/jornaldasoficinas.com\/pt\/wp-content\/uploads\/2022\/01\/Vodafone-realiza-Estudo.png\" \/>\n\t<meta property=\"og:image:width\" content=\"1024\" \/>\n\t<meta property=\"og:image:height\" content=\"581\" \/>\n\t<meta property=\"og:image:type\" content=\"image\/png\" \/>\n<meta name=\"author\" content=\"Reda\u00e7\u00e3o JO\" \/>\n<meta name=\"twitter:card\" content=\"summary_large_image\" \/>\n<meta name=\"twitter:creator\" content=\"@jornaloficinas\" \/>\n<meta name=\"twitter:site\" content=\"@jornaloficinas\" \/>\n<meta name=\"twitter:label1\" content=\"Escrito por\" \/>\n\t<meta name=\"twitter:data1\" content=\"Reda\u00e7\u00e3o JO\" \/>\n\t<meta name=\"twitter:label2\" content=\"Tempo estimado de leitura\" \/>\n\t<meta name=\"twitter:data2\" content=\"6 minutos\" \/>\n<script type=\"application\/ld+json\" class=\"yoast-schema-graph\">{\"@context\":\"https:\\\/\\\/schema.org\",\"@graph\":[{\"@type\":\"Article\",\"@id\":\"https:\\\/\\\/jornaldasoficinas.com\\\/pt\\\/vodafone-realiza-estudo-the-connected-consumer-2030\\\/#article\",\"isPartOf\":{\"@id\":\"https:\\\/\\\/jornaldasoficinas.com\\\/pt\\\/vodafone-realiza-estudo-the-connected-consumer-2030\\\/\"},\"author\":{\"name\":\"Reda\u00e7\u00e3o JO\",\"@id\":\"https:\\\/\\\/jornaldasoficinas.com\\\/pt\\\/#\\\/schema\\\/person\\\/a38eef5de2c41d9e7c9ac10141afddf3\"},\"headline\":\"Vodafone realiza estudo \u201cThe Connected Consumer 2030\u201d\",\"datePublished\":\"2022-01-28T18:00:23+00:00\",\"mainEntityOfPage\":{\"@id\":\"https:\\\/\\\/jornaldasoficinas.com\\\/pt\\\/vodafone-realiza-estudo-the-connected-consumer-2030\\\/\"},\"wordCount\":1214,\"publisher\":{\"@id\":\"https:\\\/\\\/jornaldasoficinas.com\\\/pt\\\/#organization\"},\"image\":{\"@id\":\"https:\\\/\\\/jornaldasoficinas.com\\\/pt\\\/vodafone-realiza-estudo-the-connected-consumer-2030\\\/#primaryimage\"},\"thumbnailUrl\":\"https:\\\/\\\/jornaldasoficinas.com\\\/pt\\\/wp-content\\\/uploads\\\/2022\\\/01\\\/Vodafone-realiza-Estudo.png\",\"keywords\":[\"Vodafone\"],\"articleSection\":[\"Mercado\"],\"inLanguage\":\"pt-PT\"},{\"@type\":\"WebPage\",\"@id\":\"https:\\\/\\\/jornaldasoficinas.com\\\/pt\\\/vodafone-realiza-estudo-the-connected-consumer-2030\\\/\",\"url\":\"https:\\\/\\\/jornaldasoficinas.com\\\/pt\\\/vodafone-realiza-estudo-the-connected-consumer-2030\\\/\",\"name\":\"Vodafone realiza estudo \u201cThe Connected Consumer 2030\u201d - Jornal das Oficinas\",\"isPartOf\":{\"@id\":\"https:\\\/\\\/jornaldasoficinas.com\\\/pt\\\/#website\"},\"primaryImageOfPage\":{\"@id\":\"https:\\\/\\\/jornaldasoficinas.com\\\/pt\\\/vodafone-realiza-estudo-the-connected-consumer-2030\\\/#primaryimage\"},\"image\":{\"@id\":\"https:\\\/\\\/jornaldasoficinas.com\\\/pt\\\/vodafone-realiza-estudo-the-connected-consumer-2030\\\/#primaryimage\"},\"thumbnailUrl\":\"https:\\\/\\\/jornaldasoficinas.com\\\/pt\\\/wp-content\\\/uploads\\\/2022\\\/01\\\/Vodafone-realiza-Estudo.png\",\"datePublished\":\"2022-01-28T18:00:23+00:00\",\"breadcrumb\":{\"@id\":\"https:\\\/\\\/jornaldasoficinas.com\\\/pt\\\/vodafone-realiza-estudo-the-connected-consumer-2030\\\/#breadcrumb\"},\"inLanguage\":\"pt-PT\",\"potentialAction\":[{\"@type\":\"ReadAction\",\"target\":[\"https:\\\/\\\/jornaldasoficinas.com\\\/pt\\\/vodafone-realiza-estudo-the-connected-consumer-2030\\\/\"]}]},{\"@type\":\"ImageObject\",\"inLanguage\":\"pt-PT\",\"@id\":\"https:\\\/\\\/jornaldasoficinas.com\\\/pt\\\/vodafone-realiza-estudo-the-connected-consumer-2030\\\/#primaryimage\",\"url\":\"https:\\\/\\\/jornaldasoficinas.com\\\/pt\\\/wp-content\\\/uploads\\\/2022\\\/01\\\/Vodafone-realiza-Estudo.png\",\"contentUrl\":\"https:\\\/\\\/jornaldasoficinas.com\\\/pt\\\/wp-content\\\/uploads\\\/2022\\\/01\\\/Vodafone-realiza-Estudo.png\",\"width\":1024,\"height\":581,\"caption\":\"01 - Vodafone-realiza-Estudo\"},{\"@type\":\"BreadcrumbList\",\"@id\":\"https:\\\/\\\/jornaldasoficinas.com\\\/pt\\\/vodafone-realiza-estudo-the-connected-consumer-2030\\\/#breadcrumb\",\"itemListElement\":[{\"@type\":\"ListItem\",\"position\":1,\"name\":\"In\u00edcio\",\"item\":\"https:\\\/\\\/jornaldasoficinas.com\\\/pt\\\/\"},{\"@type\":\"ListItem\",\"position\":2,\"name\":\"Vodafone realiza estudo \u201cThe Connected Consumer 2030\u201d\"}]},{\"@type\":\"WebSite\",\"@id\":\"https:\\\/\\\/jornaldasoficinas.com\\\/pt\\\/#website\",\"url\":\"https:\\\/\\\/jornaldasoficinas.com\\\/pt\\\/\",\"name\":\"Jornal das Oficinas\",\"description\":\"Jornal independente do Aftermarket Autom\u00f3vel em Portugal\",\"publisher\":{\"@id\":\"https:\\\/\\\/jornaldasoficinas.com\\\/pt\\\/#organization\"},\"potentialAction\":[{\"@type\":\"SearchAction\",\"target\":{\"@type\":\"EntryPoint\",\"urlTemplate\":\"https:\\\/\\\/jornaldasoficinas.com\\\/pt\\\/?s={search_term_string}\"},\"query-input\":{\"@type\":\"PropertyValueSpecification\",\"valueRequired\":true,\"valueName\":\"search_term_string\"}}],\"inLanguage\":\"pt-PT\"},{\"@type\":\"Organization\",\"@id\":\"https:\\\/\\\/jornaldasoficinas.com\\\/pt\\\/#organization\",\"name\":\"Jornal das Oficinas\",\"url\":\"https:\\\/\\\/jornaldasoficinas.com\\\/pt\\\/\",\"logo\":{\"@type\":\"ImageObject\",\"inLanguage\":\"pt-PT\",\"@id\":\"https:\\\/\\\/jornaldasoficinas.com\\\/pt\\\/#\\\/schema\\\/logo\\\/image\\\/\",\"url\":\"https:\\\/\\\/jornaldasoficinas.com\\\/pt\\\/wp-content\\\/uploads\\\/logoJO-SEO.png\",\"contentUrl\":\"https:\\\/\\\/jornaldasoficinas.com\\\/pt\\\/wp-content\\\/uploads\\\/logoJO-SEO.png\",\"width\":285,\"height\":450,\"caption\":\"Jornal das Oficinas\"},\"image\":{\"@id\":\"https:\\\/\\\/jornaldasoficinas.com\\\/pt\\\/#\\\/schema\\\/logo\\\/image\\\/\"},\"sameAs\":[\"https:\\\/\\\/www.facebook.com\\\/jornaloficinas\",\"https:\\\/\\\/x.com\\\/jornaloficinas\",\"https:\\\/\\\/www.instagram.com\\\/jornal_oficinas\\\/\",\"https:\\\/\\\/www.linkedin.com\\\/company\\\/jornal-das-oficinas\\\/\",\"https:\\\/\\\/www.youtube.com\\\/channel\\\/UCbQZBqtcvV-oSQrr7RzINGg\"]},{\"@type\":\"Person\",\"@id\":\"https:\\\/\\\/jornaldasoficinas.com\\\/pt\\\/#\\\/schema\\\/person\\\/a38eef5de2c41d9e7c9ac10141afddf3\",\"name\":\"Reda\u00e7\u00e3o JO\",\"image\":{\"@type\":\"ImageObject\",\"inLanguage\":\"pt-PT\",\"@id\":\"https:\\\/\\\/secure.gravatar.com\\\/avatar\\\/71f2fa71737ad68a84fea94bc708ddac8ea5b0c4788dc2ad202f3ccb2887742f?s=96&d=wp_user_avatar&r=g\",\"url\":\"https:\\\/\\\/secure.gravatar.com\\\/avatar\\\/71f2fa71737ad68a84fea94bc708ddac8ea5b0c4788dc2ad202f3ccb2887742f?s=96&d=wp_user_avatar&r=g\",\"contentUrl\":\"https:\\\/\\\/secure.gravatar.com\\\/avatar\\\/71f2fa71737ad68a84fea94bc708ddac8ea5b0c4788dc2ad202f3ccb2887742f?s=96&d=wp_user_avatar&r=g\",\"caption\":\"Reda\u00e7\u00e3o JO\"},\"url\":\"https:\\\/\\\/jornaldasoficinas.com\\\/pt\\\/author\\\/joredacao\\\/\"}]}<\/script>\n<!-- \/ Yoast SEO plugin. -->","yoast_head_json":{"title":"Vodafone realiza estudo \u201cThe Connected Consumer 2030\u201d - Jornal das Oficinas","robots":{"index":"index","follow":"follow","max-snippet":"max-snippet:-1","max-image-preview":"max-image-preview:large","max-video-preview":"max-video-preview:-1"},"canonical":"https:\/\/jornaldasoficinas.com\/pt\/vodafone-realiza-estudo-the-connected-consumer-2030\/","og_locale":"pt_PT","og_type":"article","og_title":"Vodafone realiza estudo \u201cThe Connected Consumer 2030\u201d - Jornal das Oficinas","og_description":"A conectividade e a tecnologia inteligente...","og_url":"https:\/\/jornaldasoficinas.com\/pt\/vodafone-realiza-estudo-the-connected-consumer-2030\/","og_site_name":"Jornal das Oficinas","article_publisher":"https:\/\/www.facebook.com\/jornaloficinas","article_published_time":"2022-01-28T18:00:23+00:00","og_image":[{"width":1024,"height":581,"url":"https:\/\/jornaldasoficinas.com\/pt\/wp-content\/uploads\/2022\/01\/Vodafone-realiza-Estudo.png","type":"image\/png"}],"author":"Reda\u00e7\u00e3o JO","twitter_card":"summary_large_image","twitter_creator":"@jornaloficinas","twitter_site":"@jornaloficinas","twitter_misc":{"Escrito por":"Reda\u00e7\u00e3o JO","Tempo estimado de leitura":"6 minutos"},"schema":{"@context":"https:\/\/schema.org","@graph":[{"@type":"Article","@id":"https:\/\/jornaldasoficinas.com\/pt\/vodafone-realiza-estudo-the-connected-consumer-2030\/#article","isPartOf":{"@id":"https:\/\/jornaldasoficinas.com\/pt\/vodafone-realiza-estudo-the-connected-consumer-2030\/"},"author":{"name":"Reda\u00e7\u00e3o JO","@id":"https:\/\/jornaldasoficinas.com\/pt\/#\/schema\/person\/a38eef5de2c41d9e7c9ac10141afddf3"},"headline":"Vodafone realiza estudo \u201cThe Connected Consumer 2030\u201d","datePublished":"2022-01-28T18:00:23+00:00","mainEntityOfPage":{"@id":"https:\/\/jornaldasoficinas.com\/pt\/vodafone-realiza-estudo-the-connected-consumer-2030\/"},"wordCount":1214,"publisher":{"@id":"https:\/\/jornaldasoficinas.com\/pt\/#organization"},"image":{"@id":"https:\/\/jornaldasoficinas.com\/pt\/vodafone-realiza-estudo-the-connected-consumer-2030\/#primaryimage"},"thumbnailUrl":"https:\/\/jornaldasoficinas.com\/pt\/wp-content\/uploads\/2022\/01\/Vodafone-realiza-Estudo.png","keywords":["Vodafone"],"articleSection":["Mercado"],"inLanguage":"pt-PT"},{"@type":"WebPage","@id":"https:\/\/jornaldasoficinas.com\/pt\/vodafone-realiza-estudo-the-connected-consumer-2030\/","url":"https:\/\/jornaldasoficinas.com\/pt\/vodafone-realiza-estudo-the-connected-consumer-2030\/","name":"Vodafone realiza estudo \u201cThe Connected Consumer 2030\u201d - Jornal das Oficinas","isPartOf":{"@id":"https:\/\/jornaldasoficinas.com\/pt\/#website"},"primaryImageOfPage":{"@id":"https:\/\/jornaldasoficinas.com\/pt\/vodafone-realiza-estudo-the-connected-consumer-2030\/#primaryimage"},"image":{"@id":"https:\/\/jornaldasoficinas.com\/pt\/vodafone-realiza-estudo-the-connected-consumer-2030\/#primaryimage"},"thumbnailUrl":"https:\/\/jornaldasoficinas.com\/pt\/wp-content\/uploads\/2022\/01\/Vodafone-realiza-Estudo.png","datePublished":"2022-01-28T18:00:23+00:00","breadcrumb":{"@id":"https:\/\/jornaldasoficinas.com\/pt\/vodafone-realiza-estudo-the-connected-consumer-2030\/#breadcrumb"},"inLanguage":"pt-PT","potentialAction":[{"@type":"ReadAction","target":["https:\/\/jornaldasoficinas.com\/pt\/vodafone-realiza-estudo-the-connected-consumer-2030\/"]}]},{"@type":"ImageObject","inLanguage":"pt-PT","@id":"https:\/\/jornaldasoficinas.com\/pt\/vodafone-realiza-estudo-the-connected-consumer-2030\/#primaryimage","url":"https:\/\/jornaldasoficinas.com\/pt\/wp-content\/uploads\/2022\/01\/Vodafone-realiza-Estudo.png","contentUrl":"https:\/\/jornaldasoficinas.com\/pt\/wp-content\/uploads\/2022\/01\/Vodafone-realiza-Estudo.png","width":1024,"height":581,"caption":"01 - Vodafone-realiza-Estudo"},{"@type":"BreadcrumbList","@id":"https:\/\/jornaldasoficinas.com\/pt\/vodafone-realiza-estudo-the-connected-consumer-2030\/#breadcrumb","itemListElement":[{"@type":"ListItem","position":1,"name":"In\u00edcio","item":"https:\/\/jornaldasoficinas.com\/pt\/"},{"@type":"ListItem","position":2,"name":"Vodafone realiza estudo \u201cThe Connected Consumer 2030\u201d"}]},{"@type":"WebSite","@id":"https:\/\/jornaldasoficinas.com\/pt\/#website","url":"https:\/\/jornaldasoficinas.com\/pt\/","name":"Jornal das Oficinas","description":"Jornal independente do Aftermarket Autom\u00f3vel em Portugal","publisher":{"@id":"https:\/\/jornaldasoficinas.com\/pt\/#organization"},"potentialAction":[{"@type":"SearchAction","target":{"@type":"EntryPoint","urlTemplate":"https:\/\/jornaldasoficinas.com\/pt\/?s={search_term_string}"},"query-input":{"@type":"PropertyValueSpecification","valueRequired":true,"valueName":"search_term_string"}}],"inLanguage":"pt-PT"},{"@type":"Organization","@id":"https:\/\/jornaldasoficinas.com\/pt\/#organization","name":"Jornal das Oficinas","url":"https:\/\/jornaldasoficinas.com\/pt\/","logo":{"@type":"ImageObject","inLanguage":"pt-PT","@id":"https:\/\/jornaldasoficinas.com\/pt\/#\/schema\/logo\/image\/","url":"https:\/\/jornaldasoficinas.com\/pt\/wp-content\/uploads\/logoJO-SEO.png","contentUrl":"https:\/\/jornaldasoficinas.com\/pt\/wp-content\/uploads\/logoJO-SEO.png","width":285,"height":450,"caption":"Jornal das Oficinas"},"image":{"@id":"https:\/\/jornaldasoficinas.com\/pt\/#\/schema\/logo\/image\/"},"sameAs":["https:\/\/www.facebook.com\/jornaloficinas","https:\/\/x.com\/jornaloficinas","https:\/\/www.instagram.com\/jornal_oficinas\/","https:\/\/www.linkedin.com\/company\/jornal-das-oficinas\/","https:\/\/www.youtube.com\/channel\/UCbQZBqtcvV-oSQrr7RzINGg"]},{"@type":"Person","@id":"https:\/\/jornaldasoficinas.com\/pt\/#\/schema\/person\/a38eef5de2c41d9e7c9ac10141afddf3","name":"Reda\u00e7\u00e3o JO","image":{"@type":"ImageObject","inLanguage":"pt-PT","@id":"https:\/\/secure.gravatar.com\/avatar\/71f2fa71737ad68a84fea94bc708ddac8ea5b0c4788dc2ad202f3ccb2887742f?s=96&d=wp_user_avatar&r=g","url":"https:\/\/secure.gravatar.com\/avatar\/71f2fa71737ad68a84fea94bc708ddac8ea5b0c4788dc2ad202f3ccb2887742f?s=96&d=wp_user_avatar&r=g","contentUrl":"https:\/\/secure.gravatar.com\/avatar\/71f2fa71737ad68a84fea94bc708ddac8ea5b0c4788dc2ad202f3ccb2887742f?s=96&d=wp_user_avatar&r=g","caption":"Reda\u00e7\u00e3o JO"},"url":"https:\/\/jornaldasoficinas.com\/pt\/author\/joredacao\/"}]}},"_links":{"self":[{"href":"https:\/\/jornaldasoficinas.com\/pt\/wp-json\/wp\/v2\/posts\/26936","targetHints":{"allow":["GET"]}}],"collection":[{"href":"https:\/\/jornaldasoficinas.com\/pt\/wp-json\/wp\/v2\/posts"}],"about":[{"href":"https:\/\/jornaldasoficinas.com\/pt\/wp-json\/wp\/v2\/types\/post"}],"author":[{"embeddable":true,"href":"https:\/\/jornaldasoficinas.com\/pt\/wp-json\/wp\/v2\/users\/15"}],"replies":[{"embeddable":true,"href":"https:\/\/jornaldasoficinas.com\/pt\/wp-json\/wp\/v2\/comments?post=26936"}],"version-history":[{"count":0,"href":"https:\/\/jornaldasoficinas.com\/pt\/wp-json\/wp\/v2\/posts\/26936\/revisions"}],"wp:featuredmedia":[{"embeddable":true,"href":"https:\/\/jornaldasoficinas.com\/pt\/wp-json\/wp\/v2\/media\/26921"}],"wp:attachment":[{"href":"https:\/\/jornaldasoficinas.com\/pt\/wp-json\/wp\/v2\/media?parent=26936"}],"wp:term":[{"taxonomy":"category","embeddable":true,"href":"https:\/\/jornaldasoficinas.com\/pt\/wp-json\/wp\/v2\/categories?post=26936"},{"taxonomy":"post_tag","embeddable":true,"href":"https:\/\/jornaldasoficinas.com\/pt\/wp-json\/wp\/v2\/tags?post=26936"}],"curies":[{"name":"wp","href":"https:\/\/api.w.org\/{rel}","templated":true}]}}