{"id":26945,"date":"2022-01-30T18:00:09","date_gmt":"2022-01-30T18:00:09","guid":{"rendered":"https:\/\/jornaldasoficinas.com\/pt\/?p=26945"},"modified":"2022-01-31T07:30:13","modified_gmt":"2022-01-31T07:30:13","slug":"jornal-das-oficinas-de-fevereiro-ja-disponivel-online","status":"publish","type":"post","link":"https:\/\/jornaldasoficinas.com\/pt\/jornal-das-oficinas-de-fevereiro-ja-disponivel-online\/","title":{"rendered":"Jornal das Oficinas de Fevereiro j\u00e1 dispon\u00edvel online"},"content":{"rendered":"<p><strong> <img loading=\"lazy\" decoding=\"async\" class=\"alignnone size-full wp-image-26948\" src=\"https:\/\/jornaldasoficinas.com\/pt\/wp-content\/uploads\/2022\/01\/jo194site.png\" alt=\"01 - jo194site\" width=\"1024\" height=\"581\" srcset=\"https:\/\/jornaldasoficinas.com\/pt\/wp-content\/uploads\/2022\/01\/jo194site.png 1024w, https:\/\/jornaldasoficinas.com\/pt\/wp-content\/uploads\/2022\/01\/jo194site-300x170.png 300w, https:\/\/jornaldasoficinas.com\/pt\/wp-content\/uploads\/2022\/01\/jo194site-150x85.png 150w, https:\/\/jornaldasoficinas.com\/pt\/wp-content\/uploads\/2022\/01\/jo194site-768x436.png 768w\" sizes=\"auto, (max-width: 1024px) 100vw, 1024px\" \/><\/strong><\/p>\n<p><strong>Na edi\u00e7\u00e3o de fevereiro de 2022, o artigo de destaque \u00e9 sobre Forma\u00e7\u00e3o Autom\u00f3vel. \u00c9 importante que as oficinas olhem para a forma\u00e7\u00e3o como um investimento a m\u00e9dio\/longo prazo. No mercado competitivo e disruptivo em que est\u00e3o inseridas, a sua capacidade de se orientarem para o cliente vai ditar a diferen\u00e7a entre vencerem ou serem absorvidas.<\/strong><\/p>\n<p>Na <a href=\"https:\/\/www.reuseaftermarket.com\/\" target=\"_blank\" rel=\"noopener\">Campanha Reuse Aftermarket<\/a> destacamos o trabalho da <a href=\"https:\/\/www.valorcar.pt\/pt\" target=\"_blank\" rel=\"noopener\">Valorcar<\/a>, a entidade que tem por miss\u00e3o promover a correta gest\u00e3o dos res\u00edduos relacionados com o ciclo de vida do autom\u00f3vel, organizando a sua recolha e reciclagem e fomentando a melhoria do desempenho econ\u00f3mico, social e ambiental de todos os agentes envolvidos, \u00e9 um protagonista de peso no que diz respeito \u00e0 circularidade dos materiais<\/p>\n<p>Nesta edi\u00e7\u00e3o apresentamos a <a href=\"https:\/\/www.challengeoficinas.pt\/apresentacao\" target=\"_blank\" rel=\"noopener\">Competi\u00e7\u00e3o Challenge Oficinas<\/a>, uma iniciativa do Jornal das Oficinas em parceria com a <a href=\"https:\/\/www.movimentotransformers.org\/tacademy\" target=\"_blank\" rel=\"noopener\">T Academy<\/a>. O Challenge Oficinas, volta este ano a desafiar as oficinas de Portugal a participarem numa competi\u00e7\u00e3o, cujo objetivo, para al\u00e9m de vencerem \u00e9 tamb\u00e9m poderem partilhar conhecimentos e experi\u00eancias com outras oficinas, ganharem novas compet\u00eancias e uma vis\u00e3o estrat\u00e9gica diferente sobre os modelos de gest\u00e3o oficinal que atualmente existem no mercado.<\/p>\n<p>No F\u00f3rum anual da <a href=\"https:\/\/dpai.acap.pt\/pt\/home\" target=\"_blank\" rel=\"noopener\">DPAI\/ACAP<\/a>, que decorreu no final de 2021, o presidente Joaquim Candeias, refor\u00e7ou a ideia de que apenas em conjunto o aftermarket ter\u00e1 capacidades para triunfar face aos desafios que lhe s\u00e3o colocados. Nesta edi\u00e7\u00e3o fazemos o resumo do evento e destacamos os temas que foram apresentados.<\/p>\n<p>A se\u00e7\u00e3o das entrevistas come\u00e7a com David Moneo, diretor de <a href=\"https:\/\/www.ifema.es\/en\/motortec\" target=\"_blank\" rel=\"noopener\">Motortec Madrid<\/a>. Este ano, a feira realiza-se pela primeira vez em mais de uma d\u00e9cada sem o apelido Automechanika e fora do seu ano e m\u00eas natural de celebra\u00e7\u00e3o, mas promete muito, conforme diz David Moneo, diretor da feira, nesta entrevista ao Jornal das Oficinas.<\/p>\n<p>\u00c0 conversa com o Jornal das Oficinas, o diretor geral da <a href=\"https:\/\/www.nrf.eu\/pt-pt\/\" target=\"_blank\" rel=\"noopener\">NRF Ib\u00e9ria<\/a>, Eduardo Gij\u00f3n, falou sobre a estrat\u00e9gia atual da empresa especialista em fabrico de produtos de refrigera\u00e7\u00e3o e climatiza\u00e7\u00e3o para o mercado automotive e deu-nos a conhecer a oferta da marca no mercado, o posicionamento em Portugal e os planos de crescimento para futuro.<\/p>\n<p>Alexandre Van de Vel de Sousa, neto do fundador da <a href=\"https:\/\/www.asborrego.pt\/\" target=\"_blank\" rel=\"noopener\">ASB \u2013 \u00c1lvaro de Sousa Borrego<\/a>, esteve \u00e0 conversa com o Jornal das Oficinas e explicou com que ferramentas pretende dar novo rumo \u00e0 empresa.<\/p>\n<p>Publicamos reportagem da <a href=\"http:\/\/www.viseldiesel.pt\/\" target=\"_blank\" rel=\"noopener\">ViselDiesel<\/a>, que surgiu em 1989 pelo sonho de dois irm\u00e3os que puseram m\u00e3os \u00e0 obra e constru\u00edram uma empresa vocacionada para o diesel e eletricidade. Hoje, passados 32 anos, os tempos s\u00e3o outros, o neg\u00f3cio alterou-se, mas a paix\u00e3o, essa, mant\u00e9m-se nos seus herdeiros.<\/p>\n<p>A ML Auto \u00e9 a Oficina do M\u00eas. Comemora quinze anos de vida, mas o seu fundador Jo\u00e3o Miguel Lu\u00eds conta com uma experi\u00eancia de mais de trinta anos de atividade ligados \u00e0 repara\u00e7\u00e3o autom\u00f3vel e um conhecimento profundo em eletricidade e eletr\u00f3nica, \u00e1rea onde \u00e9 especialista<\/p>\n<p>A crise sanit\u00e1ria provocada pelo coronav\u00edrus n\u00e3o s\u00f3 alterou alguns h\u00e1bitos de consumo ou de vida da sociedade, como tamb\u00e9m de muitos setores. E, no caso concreto das oficinas de repara\u00e7\u00e3o, as medidas de higiene e desinfe\u00e7\u00e3o dos ve\u00edculos s\u00e3o o exemplo mais evidente, conforme explicamos no artigo dedicado ao Servi\u00e7o Oficinal.<\/p>\n<p>A T\u00e9cnica &amp; Servi\u00e7o deste m\u00eas \u00e9 dedicada aos aparelhos. S\u00e3o tintas de fundo ou de prepara\u00e7\u00e3o utilizadas na repintura de ve\u00edculos com uma fun\u00e7\u00e3o relevante na qualidade do acabamento final e na produtividade dos processos de repintura.<\/p>\n<p>Desejamos boa leitura!<\/p>\n<p><iframe loading=\"lazy\" src=\"https:\/\/www.yumpu.com\/pt\/embed\/view\/yZYIJxkz04lDP86c\" width=\"620px\" height=\"528px\" frameborder=\"0\" allowfullscreen=\"allowfullscreen\"><\/iframe><\/p>\n","protected":false},"excerpt":{"rendered":"<p>Na edi\u00e7\u00e3o de fevereiro de 2022,&#8230;<\/p>\n","protected":false},"author":15,"featured_media":26948,"comment_status":"closed","ping_status":"closed","sticky":false,"template":"","format":"standard","meta":{"footnotes":""},"categories":[411],"tags":[508,1196,1048,2766,1757,2765,2743,2764,1740,667],"class_list":["post-26945","post","type-post","status-publish","format-standard","has-post-thumbnail","hentry","category-edicoes-jo","tag-asb","tag-challenge-oficinas","tag-dpai-acap","tag-ml-auto","tag-motortec-madrid","tag-nrf-iberia","tag-reuse-aftermarket","tag-t-academy","tag-valorcar","tag-viseldiesel"],"yoast_head":"<!-- This site is optimized with the Yoast SEO plugin v27.4 - https:\/\/yoast.com\/product\/yoast-seo-wordpress\/ -->\n<title>Jornal das Oficinas de Fevereiro j\u00e1 dispon\u00edvel online - Jornal das Oficinas<\/title>\n<meta name=\"robots\" content=\"index, follow, max-snippet:-1, max-image-preview:large, max-video-preview:-1\" \/>\n<link rel=\"canonical\" href=\"https:\/\/jornaldasoficinas.com\/pt\/jornal-das-oficinas-de-fevereiro-ja-disponivel-online\/\" \/>\n<meta property=\"og:locale\" content=\"pt_PT\" \/>\n<meta property=\"og:type\" content=\"article\" \/>\n<meta property=\"og:title\" content=\"Jornal das Oficinas de Fevereiro j\u00e1 dispon\u00edvel online - Jornal das Oficinas\" \/>\n<meta property=\"og:description\" content=\"Na edi\u00e7\u00e3o de fevereiro de 2022,...\" \/>\n<meta property=\"og:url\" content=\"https:\/\/jornaldasoficinas.com\/pt\/jornal-das-oficinas-de-fevereiro-ja-disponivel-online\/\" \/>\n<meta property=\"og:site_name\" content=\"Jornal das Oficinas\" \/>\n<meta property=\"article:publisher\" content=\"https:\/\/www.facebook.com\/jornaloficinas\" \/>\n<meta property=\"article:published_time\" content=\"2022-01-30T18:00:09+00:00\" \/>\n<meta property=\"article:modified_time\" content=\"2022-01-31T07:30:13+00:00\" \/>\n<meta property=\"og:image\" content=\"https:\/\/jornaldasoficinas.com\/pt\/wp-content\/uploads\/2022\/01\/jo194site.png\" \/>\n\t<meta property=\"og:image:width\" content=\"1024\" \/>\n\t<meta property=\"og:image:height\" content=\"581\" \/>\n\t<meta property=\"og:image:type\" content=\"image\/png\" \/>\n<meta name=\"author\" content=\"Reda\u00e7\u00e3o JO\" \/>\n<meta name=\"twitter:card\" content=\"summary_large_image\" \/>\n<meta name=\"twitter:creator\" content=\"@jornaloficinas\" \/>\n<meta name=\"twitter:site\" content=\"@jornaloficinas\" \/>\n<meta name=\"twitter:label1\" content=\"Escrito por\" \/>\n\t<meta name=\"twitter:data1\" content=\"Reda\u00e7\u00e3o JO\" \/>\n\t<meta name=\"twitter:label2\" content=\"Tempo estimado de leitura\" \/>\n\t<meta name=\"twitter:data2\" content=\"3 minutos\" \/>\n<script type=\"application\/ld+json\" class=\"yoast-schema-graph\">{\"@context\":\"https:\\\/\\\/schema.org\",\"@graph\":[{\"@type\":\"Article\",\"@id\":\"https:\\\/\\\/jornaldasoficinas.com\\\/pt\\\/jornal-das-oficinas-de-fevereiro-ja-disponivel-online\\\/#article\",\"isPartOf\":{\"@id\":\"https:\\\/\\\/jornaldasoficinas.com\\\/pt\\\/jornal-das-oficinas-de-fevereiro-ja-disponivel-online\\\/\"},\"author\":{\"name\":\"Reda\u00e7\u00e3o JO\",\"@id\":\"https:\\\/\\\/jornaldasoficinas.com\\\/pt\\\/#\\\/schema\\\/person\\\/a38eef5de2c41d9e7c9ac10141afddf3\"},\"headline\":\"Jornal das Oficinas de Fevereiro j\u00e1 dispon\u00edvel online\",\"datePublished\":\"2022-01-30T18:00:09+00:00\",\"dateModified\":\"2022-01-31T07:30:13+00:00\",\"mainEntityOfPage\":{\"@id\":\"https:\\\/\\\/jornaldasoficinas.com\\\/pt\\\/jornal-das-oficinas-de-fevereiro-ja-disponivel-online\\\/\"},\"wordCount\":632,\"publisher\":{\"@id\":\"https:\\\/\\\/jornaldasoficinas.com\\\/pt\\\/#organization\"},\"image\":{\"@id\":\"https:\\\/\\\/jornaldasoficinas.com\\\/pt\\\/jornal-das-oficinas-de-fevereiro-ja-disponivel-online\\\/#primaryimage\"},\"thumbnailUrl\":\"https:\\\/\\\/jornaldasoficinas.com\\\/pt\\\/wp-content\\\/uploads\\\/2022\\\/01\\\/jo194site.png\",\"keywords\":[\"ASB\",\"Challenge Oficinas\",\"DPAI\\\/ACAP\",\"ML Auto\",\"Motortec Madrid\",\"NRF Ib\u00e9ria\",\"REUSE AFTERMARKET\",\"T Academy\",\"Valorcar\",\"Viseldiesel\"],\"articleSection\":[\"Edi\u00e7\u00f5es JO\"],\"inLanguage\":\"pt-PT\"},{\"@type\":\"WebPage\",\"@id\":\"https:\\\/\\\/jornaldasoficinas.com\\\/pt\\\/jornal-das-oficinas-de-fevereiro-ja-disponivel-online\\\/\",\"url\":\"https:\\\/\\\/jornaldasoficinas.com\\\/pt\\\/jornal-das-oficinas-de-fevereiro-ja-disponivel-online\\\/\",\"name\":\"Jornal das Oficinas de Fevereiro j\u00e1 dispon\u00edvel online - Jornal das Oficinas\",\"isPartOf\":{\"@id\":\"https:\\\/\\\/jornaldasoficinas.com\\\/pt\\\/#website\"},\"primaryImageOfPage\":{\"@id\":\"https:\\\/\\\/jornaldasoficinas.com\\\/pt\\\/jornal-das-oficinas-de-fevereiro-ja-disponivel-online\\\/#primaryimage\"},\"image\":{\"@id\":\"https:\\\/\\\/jornaldasoficinas.com\\\/pt\\\/jornal-das-oficinas-de-fevereiro-ja-disponivel-online\\\/#primaryimage\"},\"thumbnailUrl\":\"https:\\\/\\\/jornaldasoficinas.com\\\/pt\\\/wp-content\\\/uploads\\\/2022\\\/01\\\/jo194site.png\",\"datePublished\":\"2022-01-30T18:00:09+00:00\",\"dateModified\":\"2022-01-31T07:30:13+00:00\",\"breadcrumb\":{\"@id\":\"https:\\\/\\\/jornaldasoficinas.com\\\/pt\\\/jornal-das-oficinas-de-fevereiro-ja-disponivel-online\\\/#breadcrumb\"},\"inLanguage\":\"pt-PT\",\"potentialAction\":[{\"@type\":\"ReadAction\",\"target\":[\"https:\\\/\\\/jornaldasoficinas.com\\\/pt\\\/jornal-das-oficinas-de-fevereiro-ja-disponivel-online\\\/\"]}]},{\"@type\":\"ImageObject\",\"inLanguage\":\"pt-PT\",\"@id\":\"https:\\\/\\\/jornaldasoficinas.com\\\/pt\\\/jornal-das-oficinas-de-fevereiro-ja-disponivel-online\\\/#primaryimage\",\"url\":\"https:\\\/\\\/jornaldasoficinas.com\\\/pt\\\/wp-content\\\/uploads\\\/2022\\\/01\\\/jo194site.png\",\"contentUrl\":\"https:\\\/\\\/jornaldasoficinas.com\\\/pt\\\/wp-content\\\/uploads\\\/2022\\\/01\\\/jo194site.png\",\"width\":1024,\"height\":581,\"caption\":\"01 - jo194site\"},{\"@type\":\"BreadcrumbList\",\"@id\":\"https:\\\/\\\/jornaldasoficinas.com\\\/pt\\\/jornal-das-oficinas-de-fevereiro-ja-disponivel-online\\\/#breadcrumb\",\"itemListElement\":[{\"@type\":\"ListItem\",\"position\":1,\"name\":\"In\u00edcio\",\"item\":\"https:\\\/\\\/jornaldasoficinas.com\\\/pt\\\/\"},{\"@type\":\"ListItem\",\"position\":2,\"name\":\"Jornal das Oficinas de Fevereiro j\u00e1 dispon\u00edvel online\"}]},{\"@type\":\"WebSite\",\"@id\":\"https:\\\/\\\/jornaldasoficinas.com\\\/pt\\\/#website\",\"url\":\"https:\\\/\\\/jornaldasoficinas.com\\\/pt\\\/\",\"name\":\"Jornal das Oficinas\",\"description\":\"Jornal independente do Aftermarket Autom\u00f3vel em Portugal\",\"publisher\":{\"@id\":\"https:\\\/\\\/jornaldasoficinas.com\\\/pt\\\/#organization\"},\"potentialAction\":[{\"@type\":\"SearchAction\",\"target\":{\"@type\":\"EntryPoint\",\"urlTemplate\":\"https:\\\/\\\/jornaldasoficinas.com\\\/pt\\\/?s={search_term_string}\"},\"query-input\":{\"@type\":\"PropertyValueSpecification\",\"valueRequired\":true,\"valueName\":\"search_term_string\"}}],\"inLanguage\":\"pt-PT\"},{\"@type\":\"Organization\",\"@id\":\"https:\\\/\\\/jornaldasoficinas.com\\\/pt\\\/#organization\",\"name\":\"Jornal das Oficinas\",\"url\":\"https:\\\/\\\/jornaldasoficinas.com\\\/pt\\\/\",\"logo\":{\"@type\":\"ImageObject\",\"inLanguage\":\"pt-PT\",\"@id\":\"https:\\\/\\\/jornaldasoficinas.com\\\/pt\\\/#\\\/schema\\\/logo\\\/image\\\/\",\"url\":\"https:\\\/\\\/jornaldasoficinas.com\\\/pt\\\/wp-content\\\/uploads\\\/logoJO-SEO.png\",\"contentUrl\":\"https:\\\/\\\/jornaldasoficinas.com\\\/pt\\\/wp-content\\\/uploads\\\/logoJO-SEO.png\",\"width\":285,\"height\":450,\"caption\":\"Jornal das Oficinas\"},\"image\":{\"@id\":\"https:\\\/\\\/jornaldasoficinas.com\\\/pt\\\/#\\\/schema\\\/logo\\\/image\\\/\"},\"sameAs\":[\"https:\\\/\\\/www.facebook.com\\\/jornaloficinas\",\"https:\\\/\\\/x.com\\\/jornaloficinas\",\"https:\\\/\\\/www.instagram.com\\\/jornal_oficinas\\\/\",\"https:\\\/\\\/www.linkedin.com\\\/company\\\/jornal-das-oficinas\\\/\",\"https:\\\/\\\/www.youtube.com\\\/channel\\\/UCbQZBqtcvV-oSQrr7RzINGg\"]},{\"@type\":\"Person\",\"@id\":\"https:\\\/\\\/jornaldasoficinas.com\\\/pt\\\/#\\\/schema\\\/person\\\/a38eef5de2c41d9e7c9ac10141afddf3\",\"name\":\"Reda\u00e7\u00e3o JO\",\"image\":{\"@type\":\"ImageObject\",\"inLanguage\":\"pt-PT\",\"@id\":\"https:\\\/\\\/secure.gravatar.com\\\/avatar\\\/71f2fa71737ad68a84fea94bc708ddac8ea5b0c4788dc2ad202f3ccb2887742f?s=96&d=wp_user_avatar&r=g\",\"url\":\"https:\\\/\\\/secure.gravatar.com\\\/avatar\\\/71f2fa71737ad68a84fea94bc708ddac8ea5b0c4788dc2ad202f3ccb2887742f?s=96&d=wp_user_avatar&r=g\",\"contentUrl\":\"https:\\\/\\\/secure.gravatar.com\\\/avatar\\\/71f2fa71737ad68a84fea94bc708ddac8ea5b0c4788dc2ad202f3ccb2887742f?s=96&d=wp_user_avatar&r=g\",\"caption\":\"Reda\u00e7\u00e3o JO\"},\"url\":\"https:\\\/\\\/jornaldasoficinas.com\\\/pt\\\/author\\\/joredacao\\\/\"}]}<\/script>\n<!-- \/ Yoast SEO plugin. -->","yoast_head_json":{"title":"Jornal das Oficinas de Fevereiro j\u00e1 dispon\u00edvel online - Jornal das Oficinas","robots":{"index":"index","follow":"follow","max-snippet":"max-snippet:-1","max-image-preview":"max-image-preview:large","max-video-preview":"max-video-preview:-1"},"canonical":"https:\/\/jornaldasoficinas.com\/pt\/jornal-das-oficinas-de-fevereiro-ja-disponivel-online\/","og_locale":"pt_PT","og_type":"article","og_title":"Jornal das Oficinas de Fevereiro j\u00e1 dispon\u00edvel online - Jornal das Oficinas","og_description":"Na edi\u00e7\u00e3o de fevereiro de 2022,...","og_url":"https:\/\/jornaldasoficinas.com\/pt\/jornal-das-oficinas-de-fevereiro-ja-disponivel-online\/","og_site_name":"Jornal das Oficinas","article_publisher":"https:\/\/www.facebook.com\/jornaloficinas","article_published_time":"2022-01-30T18:00:09+00:00","article_modified_time":"2022-01-31T07:30:13+00:00","og_image":[{"width":1024,"height":581,"url":"https:\/\/jornaldasoficinas.com\/pt\/wp-content\/uploads\/2022\/01\/jo194site.png","type":"image\/png"}],"author":"Reda\u00e7\u00e3o JO","twitter_card":"summary_large_image","twitter_creator":"@jornaloficinas","twitter_site":"@jornaloficinas","twitter_misc":{"Escrito por":"Reda\u00e7\u00e3o JO","Tempo estimado de leitura":"3 minutos"},"schema":{"@context":"https:\/\/schema.org","@graph":[{"@type":"Article","@id":"https:\/\/jornaldasoficinas.com\/pt\/jornal-das-oficinas-de-fevereiro-ja-disponivel-online\/#article","isPartOf":{"@id":"https:\/\/jornaldasoficinas.com\/pt\/jornal-das-oficinas-de-fevereiro-ja-disponivel-online\/"},"author":{"name":"Reda\u00e7\u00e3o JO","@id":"https:\/\/jornaldasoficinas.com\/pt\/#\/schema\/person\/a38eef5de2c41d9e7c9ac10141afddf3"},"headline":"Jornal das Oficinas de Fevereiro j\u00e1 dispon\u00edvel online","datePublished":"2022-01-30T18:00:09+00:00","dateModified":"2022-01-31T07:30:13+00:00","mainEntityOfPage":{"@id":"https:\/\/jornaldasoficinas.com\/pt\/jornal-das-oficinas-de-fevereiro-ja-disponivel-online\/"},"wordCount":632,"publisher":{"@id":"https:\/\/jornaldasoficinas.com\/pt\/#organization"},"image":{"@id":"https:\/\/jornaldasoficinas.com\/pt\/jornal-das-oficinas-de-fevereiro-ja-disponivel-online\/#primaryimage"},"thumbnailUrl":"https:\/\/jornaldasoficinas.com\/pt\/wp-content\/uploads\/2022\/01\/jo194site.png","keywords":["ASB","Challenge Oficinas","DPAI\/ACAP","ML Auto","Motortec Madrid","NRF Ib\u00e9ria","REUSE AFTERMARKET","T Academy","Valorcar","Viseldiesel"],"articleSection":["Edi\u00e7\u00f5es JO"],"inLanguage":"pt-PT"},{"@type":"WebPage","@id":"https:\/\/jornaldasoficinas.com\/pt\/jornal-das-oficinas-de-fevereiro-ja-disponivel-online\/","url":"https:\/\/jornaldasoficinas.com\/pt\/jornal-das-oficinas-de-fevereiro-ja-disponivel-online\/","name":"Jornal das Oficinas de Fevereiro j\u00e1 dispon\u00edvel online - Jornal das Oficinas","isPartOf":{"@id":"https:\/\/jornaldasoficinas.com\/pt\/#website"},"primaryImageOfPage":{"@id":"https:\/\/jornaldasoficinas.com\/pt\/jornal-das-oficinas-de-fevereiro-ja-disponivel-online\/#primaryimage"},"image":{"@id":"https:\/\/jornaldasoficinas.com\/pt\/jornal-das-oficinas-de-fevereiro-ja-disponivel-online\/#primaryimage"},"thumbnailUrl":"https:\/\/jornaldasoficinas.com\/pt\/wp-content\/uploads\/2022\/01\/jo194site.png","datePublished":"2022-01-30T18:00:09+00:00","dateModified":"2022-01-31T07:30:13+00:00","breadcrumb":{"@id":"https:\/\/jornaldasoficinas.com\/pt\/jornal-das-oficinas-de-fevereiro-ja-disponivel-online\/#breadcrumb"},"inLanguage":"pt-PT","potentialAction":[{"@type":"ReadAction","target":["https:\/\/jornaldasoficinas.com\/pt\/jornal-das-oficinas-de-fevereiro-ja-disponivel-online\/"]}]},{"@type":"ImageObject","inLanguage":"pt-PT","@id":"https:\/\/jornaldasoficinas.com\/pt\/jornal-das-oficinas-de-fevereiro-ja-disponivel-online\/#primaryimage","url":"https:\/\/jornaldasoficinas.com\/pt\/wp-content\/uploads\/2022\/01\/jo194site.png","contentUrl":"https:\/\/jornaldasoficinas.com\/pt\/wp-content\/uploads\/2022\/01\/jo194site.png","width":1024,"height":581,"caption":"01 - jo194site"},{"@type":"BreadcrumbList","@id":"https:\/\/jornaldasoficinas.com\/pt\/jornal-das-oficinas-de-fevereiro-ja-disponivel-online\/#breadcrumb","itemListElement":[{"@type":"ListItem","position":1,"name":"In\u00edcio","item":"https:\/\/jornaldasoficinas.com\/pt\/"},{"@type":"ListItem","position":2,"name":"Jornal das Oficinas de Fevereiro j\u00e1 dispon\u00edvel online"}]},{"@type":"WebSite","@id":"https:\/\/jornaldasoficinas.com\/pt\/#website","url":"https:\/\/jornaldasoficinas.com\/pt\/","name":"Jornal das Oficinas","description":"Jornal independente do Aftermarket Autom\u00f3vel em Portugal","publisher":{"@id":"https:\/\/jornaldasoficinas.com\/pt\/#organization"},"potentialAction":[{"@type":"SearchAction","target":{"@type":"EntryPoint","urlTemplate":"https:\/\/jornaldasoficinas.com\/pt\/?s={search_term_string}"},"query-input":{"@type":"PropertyValueSpecification","valueRequired":true,"valueName":"search_term_string"}}],"inLanguage":"pt-PT"},{"@type":"Organization","@id":"https:\/\/jornaldasoficinas.com\/pt\/#organization","name":"Jornal das Oficinas","url":"https:\/\/jornaldasoficinas.com\/pt\/","logo":{"@type":"ImageObject","inLanguage":"pt-PT","@id":"https:\/\/jornaldasoficinas.com\/pt\/#\/schema\/logo\/image\/","url":"https:\/\/jornaldasoficinas.com\/pt\/wp-content\/uploads\/logoJO-SEO.png","contentUrl":"https:\/\/jornaldasoficinas.com\/pt\/wp-content\/uploads\/logoJO-SEO.png","width":285,"height":450,"caption":"Jornal das Oficinas"},"image":{"@id":"https:\/\/jornaldasoficinas.com\/pt\/#\/schema\/logo\/image\/"},"sameAs":["https:\/\/www.facebook.com\/jornaloficinas","https:\/\/x.com\/jornaloficinas","https:\/\/www.instagram.com\/jornal_oficinas\/","https:\/\/www.linkedin.com\/company\/jornal-das-oficinas\/","https:\/\/www.youtube.com\/channel\/UCbQZBqtcvV-oSQrr7RzINGg"]},{"@type":"Person","@id":"https:\/\/jornaldasoficinas.com\/pt\/#\/schema\/person\/a38eef5de2c41d9e7c9ac10141afddf3","name":"Reda\u00e7\u00e3o JO","image":{"@type":"ImageObject","inLanguage":"pt-PT","@id":"https:\/\/secure.gravatar.com\/avatar\/71f2fa71737ad68a84fea94bc708ddac8ea5b0c4788dc2ad202f3ccb2887742f?s=96&d=wp_user_avatar&r=g","url":"https:\/\/secure.gravatar.com\/avatar\/71f2fa71737ad68a84fea94bc708ddac8ea5b0c4788dc2ad202f3ccb2887742f?s=96&d=wp_user_avatar&r=g","contentUrl":"https:\/\/secure.gravatar.com\/avatar\/71f2fa71737ad68a84fea94bc708ddac8ea5b0c4788dc2ad202f3ccb2887742f?s=96&d=wp_user_avatar&r=g","caption":"Reda\u00e7\u00e3o JO"},"url":"https:\/\/jornaldasoficinas.com\/pt\/author\/joredacao\/"}]}},"_links":{"self":[{"href":"https:\/\/jornaldasoficinas.com\/pt\/wp-json\/wp\/v2\/posts\/26945","targetHints":{"allow":["GET"]}}],"collection":[{"href":"https:\/\/jornaldasoficinas.com\/pt\/wp-json\/wp\/v2\/posts"}],"about":[{"href":"https:\/\/jornaldasoficinas.com\/pt\/wp-json\/wp\/v2\/types\/post"}],"author":[{"embeddable":true,"href":"https:\/\/jornaldasoficinas.com\/pt\/wp-json\/wp\/v2\/users\/15"}],"replies":[{"embeddable":true,"href":"https:\/\/jornaldasoficinas.com\/pt\/wp-json\/wp\/v2\/comments?post=26945"}],"version-history":[{"count":0,"href":"https:\/\/jornaldasoficinas.com\/pt\/wp-json\/wp\/v2\/posts\/26945\/revisions"}],"wp:featuredmedia":[{"embeddable":true,"href":"https:\/\/jornaldasoficinas.com\/pt\/wp-json\/wp\/v2\/media\/26948"}],"wp:attachment":[{"href":"https:\/\/jornaldasoficinas.com\/pt\/wp-json\/wp\/v2\/media?parent=26945"}],"wp:term":[{"taxonomy":"category","embeddable":true,"href":"https:\/\/jornaldasoficinas.com\/pt\/wp-json\/wp\/v2\/categories?post=26945"},{"taxonomy":"post_tag","embeddable":true,"href":"https:\/\/jornaldasoficinas.com\/pt\/wp-json\/wp\/v2\/tags?post=26945"}],"curies":[{"name":"wp","href":"https:\/\/api.w.org\/{rel}","templated":true}]}}