{"id":27188,"date":"2022-02-08T18:00:19","date_gmt":"2022-02-08T18:00:19","guid":{"rendered":"https:\/\/jornaldasoficinas.com\/pt\/?p=27188"},"modified":"2022-02-08T09:42:26","modified_gmt":"2022-02-08T09:42:26","slug":"galp-injeta-energia-nos-acores-a-partir-de-baterias-ve","status":"publish","type":"post","link":"https:\/\/jornaldasoficinas.com\/pt\/galp-injeta-energia-nos-acores-a-partir-de-baterias-ve\/","title":{"rendered":"Galp injeta energia nos A\u00e7ores a partir de baterias VE"},"content":{"rendered":"<p><strong><img loading=\"lazy\" decoding=\"async\" class=\"alignnone size-full wp-image-27158\" src=\"https:\/\/jornaldasoficinas.com\/pt\/wp-content\/uploads\/2022\/02\/Galp-injeta-energia-nos.jpeg\" alt=\"02 - Galp injeta energia nos\" width=\"1024\" height=\"581\" srcset=\"https:\/\/jornaldasoficinas.com\/pt\/wp-content\/uploads\/2022\/02\/Galp-injeta-energia-nos.jpeg 1024w, https:\/\/jornaldasoficinas.com\/pt\/wp-content\/uploads\/2022\/02\/Galp-injeta-energia-nos-300x170.jpeg 300w, https:\/\/jornaldasoficinas.com\/pt\/wp-content\/uploads\/2022\/02\/Galp-injeta-energia-nos-150x85.jpeg 150w, https:\/\/jornaldasoficinas.com\/pt\/wp-content\/uploads\/2022\/02\/Galp-injeta-energia-nos-768x436.jpeg 768w\" sizes=\"auto, (max-width: 1024px) 100vw, 1024px\" \/><\/strong><\/p>\n<p><strong>Projeto piloto liderado pela <a href=\"https:\/\/galp.com\/pt\/pt\/particulares\/estrada\/\" target=\"_blank\" rel=\"noopener\">Galp<\/a> em parceria com a Eletricidade dos A\u00e7ores (<a href=\"https:\/\/www.eda.pt\/\" target=\"_blank\" rel=\"noopener\">EDA<\/a>) e a <a href=\"https:\/\/www.nissan.pt\/\" target=\"_blank\" rel=\"noopener\">Nissan<\/a> conciliou oito entidades durante as 90 semanas de opera\u00e7\u00e3o, permitindo testar uma tecnologia inovadora que poder\u00e1 revolucionar a forma como \u00e9 pensada a mobilidade<\/strong><\/p>\n<p>Durante as 90 semanas do\u00a0projeto V2G A\u00e7ores, as baterias de uma frota de 10 Nissan LEAF e e-NV200 permitiram injetar na rede el\u00e9trica da ilha de S\u00e3o Miguel, nos A\u00e7ores, energia suficiente para alimentar diariamente 32 resid\u00eancias a\u00e7orianas. Este foi um dos resultados mais vis\u00edveis do projeto piloto que testou com sucesso a inovadora tecnologia Vehicle-to-Grid (V2G), que permite que os ve\u00edculos el\u00e9tricos deixem de ser apenas consumidores de eletricidade e possam tamb\u00e9m fornecer energia \u00e0 rede el\u00e9trica quando est\u00e3o estacionados.<\/p>\n<p>A tecnologia V2G permite otimizar a rentabilidade de uma viatura recorrendo aos longos per\u00edodos que passa parada (90% do tempo), e foi desenvolvida com o objetivo de transformar os ve\u00edculos el\u00e9tricos em fontes de energia \u2013 e de receita \u2013 quando n\u00e3o est\u00e3o em movimento. Com uma l\u00f3gica descentralizada de fluxos bidirecionais, a tecnologia V2G permite que um carro el\u00e9trico carregue a sua bateria quando o pre\u00e7o da energia el\u00e9trica \u00e9 mais barato e que descarregue a energia dessa mesma bateria para a rede el\u00e9trica ou para autoconsumo, quando o pre\u00e7o da energia \u00e9 mais caro.<\/p>\n<p>O\u00a0projeto piloto resultado de um cons\u00f3rcio liderado pela Galp em parceria com a Eletricidade dos A\u00e7ores (EDA) e a Nissan, iniciou-se em mar\u00e7o de 2020 nas instala\u00e7\u00f5es da el\u00e9trica a\u00e7oriana na ilha de S\u00e3o Miguel. Juntaram-se ainda ao projeto diversos provedores de servi\u00e7os e parceiros estrat\u00e9gicos, nomeadamente a Nuvve, o INESC-TEC, a DGEG, a ERSE e o Governo dos A\u00e7ores, atrav\u00e9s da Dire\u00e7\u00e3o Regional de Energia. Foi utilizada uma frota de 10 ve\u00edculos el\u00e9tricos da EDA que, somando um total de 43 mil horas de opera\u00e7\u00e3o da tecnologia V2G, permitiu a inje\u00e7\u00e3o de mais de 100 MWh na rede el\u00e9trica e evitar a emiss\u00e3o de 15,2 toneladas de CO2\u00a0para a atmosfera.<\/p>\n<p>Tendo tamb\u00e9m como objetivo reunir informa\u00e7\u00e3o e aumentar o\u00a0know-how\u00a0para a cria\u00e7\u00e3o de um enquadramento legal\/regulat\u00f3rio que permita passar de uma fase piloto da tecnologia V2G para uma fase de mercado \u2013 abrindo assim portas a novos modelos de neg\u00f3cio e novas abordagens para o mercado el\u00e9trico nacional \u2013, o\u00a0projeto desenvolvido nos A\u00e7ores\u00a0testou v\u00e1rias aplica\u00e7\u00f5es distintas desta tecnologia.<\/p>\n<p>A poupan\u00e7a tarif\u00e1ria \u201cBehind-the-Meter\u201d, por exemplo, permitiu identificar que por cada ve\u00edculo ser\u00e3o poss\u00edveis redu\u00e7\u00f5es at\u00e9 50\u20ac mensais na fatura da eletricidade, atrav\u00e9s do carregamento em horas de super vazio, quando a eletricidade \u00e9 mais barata, e fornecimento dessa energia em horas de ponta (eletricidade mais cara). A transfer\u00eancia de consumos para per\u00edodos de super vazio tamb\u00e9m procurou ajudar a integrar mais produ\u00e7\u00e3o renov\u00e1vel na rede. Tendo em conta que na ilha de S\u00e3o Miguel nos per\u00edodos noturnos existe a necessidade de fazer\u00a0curtailment\u00a0de e\u00f3licas \u2013 reduzir a produ\u00e7\u00e3o de energia e\u00f3lica para se ajustar \u00e0 procura de energia \u2013 o carregamento dos ve\u00edculos entre as 2h e as 5h da manh\u00e3 visou utilizar essa energia, que n\u00e3o seria aproveitada, para recarregar as baterias dos ve\u00edculos.<\/p>\n<p>De referir ainda que as medi\u00e7\u00f5es do estado de sa\u00fade da bateria (State of Health\u00a0&#8211; SoH) permitiram quantificar o desgaste que a tecnologia V2G provoca, n\u00e3o se tendo verificado grandes diferen\u00e7as do SoH das baterias dos ve\u00edculos utilizados no projeto em compara\u00e7\u00e3o com viaturas com quilometragem similar que nunca realizaram V2G.<\/p>\n<p>Com este\u00a0projeto realizado nos A\u00e7ores, a Galp, d\u00e1 um novo passo de inova\u00e7\u00e3o e pioneirismo na procura de solu\u00e7\u00f5es para o caminho da descarboniza\u00e7\u00e3o da economia e da sociedade, refor\u00e7ando o foco na sustentabilidade dos seus modelos de neg\u00f3cio e o seu compromisso de regenerar o futuro.<\/p>\n","protected":false},"excerpt":{"rendered":"<p>Projeto piloto liderado pela Galp em&#8230;<\/p>\n","protected":false},"author":15,"featured_media":27158,"comment_status":"closed","ping_status":"closed","sticky":false,"template":"","format":"standard","meta":{"footnotes":""},"categories":[37],"tags":[312],"class_list":["post-27188","post","type-post","status-publish","format-standard","has-post-thumbnail","hentry","category-mercado","tag-nissan"],"yoast_head":"<!-- This site is optimized with the Yoast SEO plugin v27.5 - https:\/\/yoast.com\/product\/yoast-seo-wordpress\/ -->\n<title>Galp injeta energia nos A\u00e7ores a partir de baterias VE - Jornal das Oficinas<\/title>\n<meta name=\"robots\" content=\"index, follow, max-snippet:-1, max-image-preview:large, max-video-preview:-1\" \/>\n<link rel=\"canonical\" href=\"https:\/\/jornaldasoficinas.com\/pt\/galp-injeta-energia-nos-acores-a-partir-de-baterias-ve\/\" \/>\n<meta property=\"og:locale\" content=\"pt_PT\" \/>\n<meta property=\"og:type\" content=\"article\" \/>\n<meta property=\"og:title\" content=\"Galp injeta energia nos A\u00e7ores a partir de baterias VE - Jornal das Oficinas\" \/>\n<meta property=\"og:description\" content=\"Projeto piloto liderado pela Galp em...\" \/>\n<meta property=\"og:url\" content=\"https:\/\/jornaldasoficinas.com\/pt\/galp-injeta-energia-nos-acores-a-partir-de-baterias-ve\/\" \/>\n<meta property=\"og:site_name\" content=\"Jornal das Oficinas\" \/>\n<meta property=\"article:publisher\" content=\"https:\/\/www.facebook.com\/jornaloficinas\" \/>\n<meta property=\"article:published_time\" content=\"2022-02-08T18:00:19+00:00\" \/>\n<meta property=\"og:image\" content=\"https:\/\/jornaldasoficinas.com\/pt\/wp-content\/uploads\/2022\/02\/Galp-injeta-energia-nos.jpeg\" \/>\n\t<meta property=\"og:image:width\" content=\"1024\" \/>\n\t<meta property=\"og:image:height\" content=\"581\" \/>\n\t<meta property=\"og:image:type\" content=\"image\/jpeg\" \/>\n<meta name=\"author\" content=\"Reda\u00e7\u00e3o JO\" \/>\n<meta name=\"twitter:card\" content=\"summary_large_image\" \/>\n<meta name=\"twitter:creator\" content=\"@jornaloficinas\" \/>\n<meta name=\"twitter:site\" content=\"@jornaloficinas\" \/>\n<meta name=\"twitter:label1\" content=\"Escrito por\" \/>\n\t<meta name=\"twitter:data1\" content=\"Reda\u00e7\u00e3o JO\" \/>\n\t<meta name=\"twitter:label2\" content=\"Tempo estimado de leitura\" \/>\n\t<meta name=\"twitter:data2\" content=\"3 minutos\" \/>\n<script type=\"application\/ld+json\" class=\"yoast-schema-graph\">{\"@context\":\"https:\\\/\\\/schema.org\",\"@graph\":[{\"@type\":\"Article\",\"@id\":\"https:\\\/\\\/jornaldasoficinas.com\\\/pt\\\/galp-injeta-energia-nos-acores-a-partir-de-baterias-ve\\\/#article\",\"isPartOf\":{\"@id\":\"https:\\\/\\\/jornaldasoficinas.com\\\/pt\\\/galp-injeta-energia-nos-acores-a-partir-de-baterias-ve\\\/\"},\"author\":{\"name\":\"Reda\u00e7\u00e3o JO\",\"@id\":\"https:\\\/\\\/jornaldasoficinas.com\\\/pt\\\/#\\\/schema\\\/person\\\/a38eef5de2c41d9e7c9ac10141afddf3\"},\"headline\":\"Galp injeta energia nos A\u00e7ores a partir de baterias VE\",\"datePublished\":\"2022-02-08T18:00:19+00:00\",\"mainEntityOfPage\":{\"@id\":\"https:\\\/\\\/jornaldasoficinas.com\\\/pt\\\/galp-injeta-energia-nos-acores-a-partir-de-baterias-ve\\\/\"},\"wordCount\":700,\"publisher\":{\"@id\":\"https:\\\/\\\/jornaldasoficinas.com\\\/pt\\\/#organization\"},\"image\":{\"@id\":\"https:\\\/\\\/jornaldasoficinas.com\\\/pt\\\/galp-injeta-energia-nos-acores-a-partir-de-baterias-ve\\\/#primaryimage\"},\"thumbnailUrl\":\"https:\\\/\\\/jornaldasoficinas.com\\\/pt\\\/wp-content\\\/uploads\\\/2022\\\/02\\\/Galp-injeta-energia-nos.jpeg\",\"keywords\":[\"Nissan\"],\"articleSection\":[\"Mercado\"],\"inLanguage\":\"pt-PT\"},{\"@type\":\"WebPage\",\"@id\":\"https:\\\/\\\/jornaldasoficinas.com\\\/pt\\\/galp-injeta-energia-nos-acores-a-partir-de-baterias-ve\\\/\",\"url\":\"https:\\\/\\\/jornaldasoficinas.com\\\/pt\\\/galp-injeta-energia-nos-acores-a-partir-de-baterias-ve\\\/\",\"name\":\"Galp injeta energia nos A\u00e7ores a partir de baterias VE - Jornal das Oficinas\",\"isPartOf\":{\"@id\":\"https:\\\/\\\/jornaldasoficinas.com\\\/pt\\\/#website\"},\"primaryImageOfPage\":{\"@id\":\"https:\\\/\\\/jornaldasoficinas.com\\\/pt\\\/galp-injeta-energia-nos-acores-a-partir-de-baterias-ve\\\/#primaryimage\"},\"image\":{\"@id\":\"https:\\\/\\\/jornaldasoficinas.com\\\/pt\\\/galp-injeta-energia-nos-acores-a-partir-de-baterias-ve\\\/#primaryimage\"},\"thumbnailUrl\":\"https:\\\/\\\/jornaldasoficinas.com\\\/pt\\\/wp-content\\\/uploads\\\/2022\\\/02\\\/Galp-injeta-energia-nos.jpeg\",\"datePublished\":\"2022-02-08T18:00:19+00:00\",\"breadcrumb\":{\"@id\":\"https:\\\/\\\/jornaldasoficinas.com\\\/pt\\\/galp-injeta-energia-nos-acores-a-partir-de-baterias-ve\\\/#breadcrumb\"},\"inLanguage\":\"pt-PT\",\"potentialAction\":[{\"@type\":\"ReadAction\",\"target\":[\"https:\\\/\\\/jornaldasoficinas.com\\\/pt\\\/galp-injeta-energia-nos-acores-a-partir-de-baterias-ve\\\/\"]}]},{\"@type\":\"ImageObject\",\"inLanguage\":\"pt-PT\",\"@id\":\"https:\\\/\\\/jornaldasoficinas.com\\\/pt\\\/galp-injeta-energia-nos-acores-a-partir-de-baterias-ve\\\/#primaryimage\",\"url\":\"https:\\\/\\\/jornaldasoficinas.com\\\/pt\\\/wp-content\\\/uploads\\\/2022\\\/02\\\/Galp-injeta-energia-nos.jpeg\",\"contentUrl\":\"https:\\\/\\\/jornaldasoficinas.com\\\/pt\\\/wp-content\\\/uploads\\\/2022\\\/02\\\/Galp-injeta-energia-nos.jpeg\",\"width\":1024,\"height\":581,\"caption\":\"02 - Galp injeta energia nos\"},{\"@type\":\"BreadcrumbList\",\"@id\":\"https:\\\/\\\/jornaldasoficinas.com\\\/pt\\\/galp-injeta-energia-nos-acores-a-partir-de-baterias-ve\\\/#breadcrumb\",\"itemListElement\":[{\"@type\":\"ListItem\",\"position\":1,\"name\":\"In\u00edcio\",\"item\":\"https:\\\/\\\/jornaldasoficinas.com\\\/pt\\\/\"},{\"@type\":\"ListItem\",\"position\":2,\"name\":\"Galp injeta energia nos A\u00e7ores a partir de baterias VE\"}]},{\"@type\":\"WebSite\",\"@id\":\"https:\\\/\\\/jornaldasoficinas.com\\\/pt\\\/#website\",\"url\":\"https:\\\/\\\/jornaldasoficinas.com\\\/pt\\\/\",\"name\":\"Jornal das Oficinas\",\"description\":\"Jornal independente do Aftermarket Autom\u00f3vel em Portugal\",\"publisher\":{\"@id\":\"https:\\\/\\\/jornaldasoficinas.com\\\/pt\\\/#organization\"},\"potentialAction\":[{\"@type\":\"SearchAction\",\"target\":{\"@type\":\"EntryPoint\",\"urlTemplate\":\"https:\\\/\\\/jornaldasoficinas.com\\\/pt\\\/?s={search_term_string}\"},\"query-input\":{\"@type\":\"PropertyValueSpecification\",\"valueRequired\":true,\"valueName\":\"search_term_string\"}}],\"inLanguage\":\"pt-PT\"},{\"@type\":\"Organization\",\"@id\":\"https:\\\/\\\/jornaldasoficinas.com\\\/pt\\\/#organization\",\"name\":\"Jornal das Oficinas\",\"url\":\"https:\\\/\\\/jornaldasoficinas.com\\\/pt\\\/\",\"logo\":{\"@type\":\"ImageObject\",\"inLanguage\":\"pt-PT\",\"@id\":\"https:\\\/\\\/jornaldasoficinas.com\\\/pt\\\/#\\\/schema\\\/logo\\\/image\\\/\",\"url\":\"https:\\\/\\\/jornaldasoficinas.com\\\/pt\\\/wp-content\\\/uploads\\\/logoJO-SEO.png\",\"contentUrl\":\"https:\\\/\\\/jornaldasoficinas.com\\\/pt\\\/wp-content\\\/uploads\\\/logoJO-SEO.png\",\"width\":285,\"height\":450,\"caption\":\"Jornal das Oficinas\"},\"image\":{\"@id\":\"https:\\\/\\\/jornaldasoficinas.com\\\/pt\\\/#\\\/schema\\\/logo\\\/image\\\/\"},\"sameAs\":[\"https:\\\/\\\/www.facebook.com\\\/jornaloficinas\",\"https:\\\/\\\/x.com\\\/jornaloficinas\",\"https:\\\/\\\/www.instagram.com\\\/jornal_oficinas\\\/\",\"https:\\\/\\\/www.linkedin.com\\\/company\\\/jornal-das-oficinas\\\/\",\"https:\\\/\\\/www.youtube.com\\\/channel\\\/UCbQZBqtcvV-oSQrr7RzINGg\"]},{\"@type\":\"Person\",\"@id\":\"https:\\\/\\\/jornaldasoficinas.com\\\/pt\\\/#\\\/schema\\\/person\\\/a38eef5de2c41d9e7c9ac10141afddf3\",\"name\":\"Reda\u00e7\u00e3o JO\",\"image\":{\"@type\":\"ImageObject\",\"inLanguage\":\"pt-PT\",\"@id\":\"https:\\\/\\\/secure.gravatar.com\\\/avatar\\\/71f2fa71737ad68a84fea94bc708ddac8ea5b0c4788dc2ad202f3ccb2887742f?s=96&d=wp_user_avatar&r=g\",\"url\":\"https:\\\/\\\/secure.gravatar.com\\\/avatar\\\/71f2fa71737ad68a84fea94bc708ddac8ea5b0c4788dc2ad202f3ccb2887742f?s=96&d=wp_user_avatar&r=g\",\"contentUrl\":\"https:\\\/\\\/secure.gravatar.com\\\/avatar\\\/71f2fa71737ad68a84fea94bc708ddac8ea5b0c4788dc2ad202f3ccb2887742f?s=96&d=wp_user_avatar&r=g\",\"caption\":\"Reda\u00e7\u00e3o JO\"},\"url\":\"https:\\\/\\\/jornaldasoficinas.com\\\/pt\\\/author\\\/joredacao\\\/\"}]}<\/script>\n<!-- \/ Yoast SEO plugin. -->","yoast_head_json":{"title":"Galp injeta energia nos A\u00e7ores a partir de baterias VE - Jornal das Oficinas","robots":{"index":"index","follow":"follow","max-snippet":"max-snippet:-1","max-image-preview":"max-image-preview:large","max-video-preview":"max-video-preview:-1"},"canonical":"https:\/\/jornaldasoficinas.com\/pt\/galp-injeta-energia-nos-acores-a-partir-de-baterias-ve\/","og_locale":"pt_PT","og_type":"article","og_title":"Galp injeta energia nos A\u00e7ores a partir de baterias VE - Jornal das Oficinas","og_description":"Projeto piloto liderado pela Galp em...","og_url":"https:\/\/jornaldasoficinas.com\/pt\/galp-injeta-energia-nos-acores-a-partir-de-baterias-ve\/","og_site_name":"Jornal das Oficinas","article_publisher":"https:\/\/www.facebook.com\/jornaloficinas","article_published_time":"2022-02-08T18:00:19+00:00","og_image":[{"width":1024,"height":581,"url":"https:\/\/jornaldasoficinas.com\/pt\/wp-content\/uploads\/2022\/02\/Galp-injeta-energia-nos.jpeg","type":"image\/jpeg"}],"author":"Reda\u00e7\u00e3o JO","twitter_card":"summary_large_image","twitter_creator":"@jornaloficinas","twitter_site":"@jornaloficinas","twitter_misc":{"Escrito por":"Reda\u00e7\u00e3o JO","Tempo estimado de leitura":"3 minutos"},"schema":{"@context":"https:\/\/schema.org","@graph":[{"@type":"Article","@id":"https:\/\/jornaldasoficinas.com\/pt\/galp-injeta-energia-nos-acores-a-partir-de-baterias-ve\/#article","isPartOf":{"@id":"https:\/\/jornaldasoficinas.com\/pt\/galp-injeta-energia-nos-acores-a-partir-de-baterias-ve\/"},"author":{"name":"Reda\u00e7\u00e3o JO","@id":"https:\/\/jornaldasoficinas.com\/pt\/#\/schema\/person\/a38eef5de2c41d9e7c9ac10141afddf3"},"headline":"Galp injeta energia nos A\u00e7ores a partir de baterias VE","datePublished":"2022-02-08T18:00:19+00:00","mainEntityOfPage":{"@id":"https:\/\/jornaldasoficinas.com\/pt\/galp-injeta-energia-nos-acores-a-partir-de-baterias-ve\/"},"wordCount":700,"publisher":{"@id":"https:\/\/jornaldasoficinas.com\/pt\/#organization"},"image":{"@id":"https:\/\/jornaldasoficinas.com\/pt\/galp-injeta-energia-nos-acores-a-partir-de-baterias-ve\/#primaryimage"},"thumbnailUrl":"https:\/\/jornaldasoficinas.com\/pt\/wp-content\/uploads\/2022\/02\/Galp-injeta-energia-nos.jpeg","keywords":["Nissan"],"articleSection":["Mercado"],"inLanguage":"pt-PT"},{"@type":"WebPage","@id":"https:\/\/jornaldasoficinas.com\/pt\/galp-injeta-energia-nos-acores-a-partir-de-baterias-ve\/","url":"https:\/\/jornaldasoficinas.com\/pt\/galp-injeta-energia-nos-acores-a-partir-de-baterias-ve\/","name":"Galp injeta energia nos A\u00e7ores a partir de baterias VE - Jornal das Oficinas","isPartOf":{"@id":"https:\/\/jornaldasoficinas.com\/pt\/#website"},"primaryImageOfPage":{"@id":"https:\/\/jornaldasoficinas.com\/pt\/galp-injeta-energia-nos-acores-a-partir-de-baterias-ve\/#primaryimage"},"image":{"@id":"https:\/\/jornaldasoficinas.com\/pt\/galp-injeta-energia-nos-acores-a-partir-de-baterias-ve\/#primaryimage"},"thumbnailUrl":"https:\/\/jornaldasoficinas.com\/pt\/wp-content\/uploads\/2022\/02\/Galp-injeta-energia-nos.jpeg","datePublished":"2022-02-08T18:00:19+00:00","breadcrumb":{"@id":"https:\/\/jornaldasoficinas.com\/pt\/galp-injeta-energia-nos-acores-a-partir-de-baterias-ve\/#breadcrumb"},"inLanguage":"pt-PT","potentialAction":[{"@type":"ReadAction","target":["https:\/\/jornaldasoficinas.com\/pt\/galp-injeta-energia-nos-acores-a-partir-de-baterias-ve\/"]}]},{"@type":"ImageObject","inLanguage":"pt-PT","@id":"https:\/\/jornaldasoficinas.com\/pt\/galp-injeta-energia-nos-acores-a-partir-de-baterias-ve\/#primaryimage","url":"https:\/\/jornaldasoficinas.com\/pt\/wp-content\/uploads\/2022\/02\/Galp-injeta-energia-nos.jpeg","contentUrl":"https:\/\/jornaldasoficinas.com\/pt\/wp-content\/uploads\/2022\/02\/Galp-injeta-energia-nos.jpeg","width":1024,"height":581,"caption":"02 - Galp injeta energia nos"},{"@type":"BreadcrumbList","@id":"https:\/\/jornaldasoficinas.com\/pt\/galp-injeta-energia-nos-acores-a-partir-de-baterias-ve\/#breadcrumb","itemListElement":[{"@type":"ListItem","position":1,"name":"In\u00edcio","item":"https:\/\/jornaldasoficinas.com\/pt\/"},{"@type":"ListItem","position":2,"name":"Galp injeta energia nos A\u00e7ores a partir de baterias VE"}]},{"@type":"WebSite","@id":"https:\/\/jornaldasoficinas.com\/pt\/#website","url":"https:\/\/jornaldasoficinas.com\/pt\/","name":"Jornal das Oficinas","description":"Jornal independente do Aftermarket Autom\u00f3vel em Portugal","publisher":{"@id":"https:\/\/jornaldasoficinas.com\/pt\/#organization"},"potentialAction":[{"@type":"SearchAction","target":{"@type":"EntryPoint","urlTemplate":"https:\/\/jornaldasoficinas.com\/pt\/?s={search_term_string}"},"query-input":{"@type":"PropertyValueSpecification","valueRequired":true,"valueName":"search_term_string"}}],"inLanguage":"pt-PT"},{"@type":"Organization","@id":"https:\/\/jornaldasoficinas.com\/pt\/#organization","name":"Jornal das Oficinas","url":"https:\/\/jornaldasoficinas.com\/pt\/","logo":{"@type":"ImageObject","inLanguage":"pt-PT","@id":"https:\/\/jornaldasoficinas.com\/pt\/#\/schema\/logo\/image\/","url":"https:\/\/jornaldasoficinas.com\/pt\/wp-content\/uploads\/logoJO-SEO.png","contentUrl":"https:\/\/jornaldasoficinas.com\/pt\/wp-content\/uploads\/logoJO-SEO.png","width":285,"height":450,"caption":"Jornal das Oficinas"},"image":{"@id":"https:\/\/jornaldasoficinas.com\/pt\/#\/schema\/logo\/image\/"},"sameAs":["https:\/\/www.facebook.com\/jornaloficinas","https:\/\/x.com\/jornaloficinas","https:\/\/www.instagram.com\/jornal_oficinas\/","https:\/\/www.linkedin.com\/company\/jornal-das-oficinas\/","https:\/\/www.youtube.com\/channel\/UCbQZBqtcvV-oSQrr7RzINGg"]},{"@type":"Person","@id":"https:\/\/jornaldasoficinas.com\/pt\/#\/schema\/person\/a38eef5de2c41d9e7c9ac10141afddf3","name":"Reda\u00e7\u00e3o JO","image":{"@type":"ImageObject","inLanguage":"pt-PT","@id":"https:\/\/secure.gravatar.com\/avatar\/71f2fa71737ad68a84fea94bc708ddac8ea5b0c4788dc2ad202f3ccb2887742f?s=96&d=wp_user_avatar&r=g","url":"https:\/\/secure.gravatar.com\/avatar\/71f2fa71737ad68a84fea94bc708ddac8ea5b0c4788dc2ad202f3ccb2887742f?s=96&d=wp_user_avatar&r=g","contentUrl":"https:\/\/secure.gravatar.com\/avatar\/71f2fa71737ad68a84fea94bc708ddac8ea5b0c4788dc2ad202f3ccb2887742f?s=96&d=wp_user_avatar&r=g","caption":"Reda\u00e7\u00e3o JO"},"url":"https:\/\/jornaldasoficinas.com\/pt\/author\/joredacao\/"}]}},"_links":{"self":[{"href":"https:\/\/jornaldasoficinas.com\/pt\/wp-json\/wp\/v2\/posts\/27188","targetHints":{"allow":["GET"]}}],"collection":[{"href":"https:\/\/jornaldasoficinas.com\/pt\/wp-json\/wp\/v2\/posts"}],"about":[{"href":"https:\/\/jornaldasoficinas.com\/pt\/wp-json\/wp\/v2\/types\/post"}],"author":[{"embeddable":true,"href":"https:\/\/jornaldasoficinas.com\/pt\/wp-json\/wp\/v2\/users\/15"}],"replies":[{"embeddable":true,"href":"https:\/\/jornaldasoficinas.com\/pt\/wp-json\/wp\/v2\/comments?post=27188"}],"version-history":[{"count":0,"href":"https:\/\/jornaldasoficinas.com\/pt\/wp-json\/wp\/v2\/posts\/27188\/revisions"}],"wp:featuredmedia":[{"embeddable":true,"href":"https:\/\/jornaldasoficinas.com\/pt\/wp-json\/wp\/v2\/media\/27158"}],"wp:attachment":[{"href":"https:\/\/jornaldasoficinas.com\/pt\/wp-json\/wp\/v2\/media?parent=27188"}],"wp:term":[{"taxonomy":"category","embeddable":true,"href":"https:\/\/jornaldasoficinas.com\/pt\/wp-json\/wp\/v2\/categories?post=27188"},{"taxonomy":"post_tag","embeddable":true,"href":"https:\/\/jornaldasoficinas.com\/pt\/wp-json\/wp\/v2\/tags?post=27188"}],"curies":[{"name":"wp","href":"https:\/\/api.w.org\/{rel}","templated":true}]}}