{"id":27190,"date":"2022-02-09T08:00:51","date_gmt":"2022-02-09T08:00:51","guid":{"rendered":"https:\/\/jornaldasoficinas.com\/pt\/?p=27190"},"modified":"2022-02-08T09:50:25","modified_gmt":"2022-02-08T09:50:25","slug":"mann-hummel-lanca-filtro-de-habitaculo-frecioussmart","status":"publish","type":"post","link":"https:\/\/jornaldasoficinas.com\/pt\/mann-hummel-lanca-filtro-de-habitaculo-frecioussmart\/","title":{"rendered":"MANN + HUMMEL lan\u00e7a filtro de habit\u00e1culo FreciousSmart"},"content":{"rendered":"<p><strong><img loading=\"lazy\" decoding=\"async\" class=\"alignnone size-full wp-image-27164\" src=\"https:\/\/jornaldasoficinas.com\/pt\/wp-content\/uploads\/2022\/02\/MANN-HUMMEL-lanc\u0327a-filtro-de-habita\u0301culo.jpg\" alt=\"02 - MANN HUMMEL lanc\u0327a filtro de habita\u0301culo\" width=\"1024\" height=\"581\" srcset=\"https:\/\/jornaldasoficinas.com\/pt\/wp-content\/uploads\/2022\/02\/MANN-HUMMEL-lanc\u0327a-filtro-de-habita\u0301culo.jpg 1024w, https:\/\/jornaldasoficinas.com\/pt\/wp-content\/uploads\/2022\/02\/MANN-HUMMEL-lanc\u0327a-filtro-de-habita\u0301culo-300x170.jpg 300w, https:\/\/jornaldasoficinas.com\/pt\/wp-content\/uploads\/2022\/02\/MANN-HUMMEL-lanc\u0327a-filtro-de-habita\u0301culo-150x85.jpg 150w, https:\/\/jornaldasoficinas.com\/pt\/wp-content\/uploads\/2022\/02\/MANN-HUMMEL-lanc\u0327a-filtro-de-habita\u0301culo-768x436.jpg 768w\" sizes=\"auto, (max-width: 1024px) 100vw, 1024px\" \/><\/strong><\/p>\n<p><strong>A <a href=\"https:\/\/www.mann-hummel.com\/en.html\" target=\"_blank\" rel=\"noopener\">MANN + HUMMEL<\/a> acaba de lan\u00e7ar o FreciousSmart. Este novo filtro de habit\u00e1culo inteligente, permite que o sistema de ar condicionado funcione principalmente no modo de recircula\u00e7\u00e3o, economizando energia e aumentando a autonomia do ve\u00edculo<\/strong><\/p>\n<p>A pandemia tornou toda a gente mais conscientes da import\u00e2ncia de respirar ar puro. Al\u00e9m disso, o futuro eletrificado dos ve\u00edculos tamb\u00e9m representa um desafio em termos de autonomia da bateria. Neste sentido, a MANN+HUMMEL quer dar um novo impulso ao seu filtro de habit\u00e1culo inteligente FreciousSmart, que garante continuamente que o ar no interior do ve\u00edculo esteja sempre limpo com um consumo de eletricidade ajustado.<\/p>\n<p>O sistema de filtragem de ar do interior do ve\u00edculo, FreciousSmart, foi desenvolvido com o desafio de combinar o gerenciamento adequado da temperatura sem afetar excessivamente o consumo de energia, o que reduzir\u00e1 a autonomia do carro. Assim, o FreciousSmart foi projetado para funcionar o maior tempo poss\u00edvel no modo de recircula\u00e7\u00e3o.<\/p>\n<p>O uso de intelig\u00eancia artificial permite monitorar continuamente a qualidade do ar externo e interno do ve\u00edculo, medindo a concentra\u00e7\u00e3o de CO2, a humidade relativa e a concentra\u00e7\u00e3o de part\u00edculas no interior do ve\u00edculo.<\/p>\n<p>Desta forma, se, por exemplo, o CO2 ultrapassar um n\u00edvel cr\u00edtico acima de 0,1% do volume, a entrada de ar aumentar\u00e1. O sensor de ar externo medir\u00e1 o seu grau de contamina\u00e7\u00e3o, decidindo qual a qualidade de filtragem necess\u00e1ria e determinando a quantidade de ar fresco que deve entrar no interior do ve\u00edculo.<\/p>\n<p>O FreciousSmart possui tr\u00eas modos de filtragem que s\u00e3o ativados e combinados dependendo da situa\u00e7\u00e3o. Quando a qualidade do ar \u00e9 boa e o sistema est\u00e1 em modo de recircula\u00e7\u00e3o, o filtro de cabine oferece prote\u00e7\u00e3o efetiva contra part\u00edculas transportadas pelo ar (PM10), compostos org\u00e2nicos vol\u00e1teis que, por exemplo, podem ser liberados por pl\u00e1sticos usados \u200b\u200bno interior do ve\u00edculo, e al\u00e9rgenos e p\u00f3len do ambiente.<\/p>\n<p>Se a necessidade de ar externo aumentar, o modo de filtro adicional ser\u00e1 acionado, retendo part\u00edculas suspensas no ar (PM10), p\u00f3len e, em particular, material particulado respir\u00e1vel (PM2,5). Al\u00e9m disso, remove gases nocivos, como di\u00f3xido de nitrog\u00e9nio (NO2), ozono (O3), compostos de enxofre e compostos org\u00e2nicos vol\u00e1teis, como formalde\u00eddo e amon\u00edaco (NH3).<\/p>\n<p>No caso do ar estar extremamente polu\u00eddo, como num engarrafamento ou ao passar por t\u00faneis, um filtro HEPA de alta efici\u00eancia para part\u00edculas ultrafinas menores que 0,1 m\u00edcron ser\u00e1 ativado, garantindo a maior prote\u00e7\u00e3o contra a qualidade cr\u00edtica do ar ambiente.<\/p>\n","protected":false},"excerpt":{"rendered":"<p>A MANN + HUMMEL acaba de&#8230;<\/p>\n","protected":false},"author":15,"featured_media":27164,"comment_status":"closed","ping_status":"closed","sticky":false,"template":"","format":"standard","meta":{"footnotes":""},"categories":[29],"tags":[2451],"class_list":["post-27190","post","type-post","status-publish","format-standard","has-post-thumbnail","hentry","category-empresas","tag-mann-hummel"],"yoast_head":"<!-- This site is optimized with the Yoast SEO plugin v27.4 - https:\/\/yoast.com\/product\/yoast-seo-wordpress\/ -->\n<title>MANN + HUMMEL lan\u00e7a filtro de habit\u00e1culo FreciousSmart - Jornal das Oficinas<\/title>\n<meta name=\"robots\" content=\"index, follow, max-snippet:-1, max-image-preview:large, max-video-preview:-1\" \/>\n<link rel=\"canonical\" href=\"https:\/\/jornaldasoficinas.com\/pt\/mann-hummel-lanca-filtro-de-habitaculo-frecioussmart\/\" \/>\n<meta property=\"og:locale\" content=\"pt_PT\" \/>\n<meta property=\"og:type\" content=\"article\" \/>\n<meta property=\"og:title\" content=\"MANN + HUMMEL lan\u00e7a filtro de habit\u00e1culo FreciousSmart - Jornal das Oficinas\" \/>\n<meta property=\"og:description\" content=\"A MANN + HUMMEL acaba de...\" \/>\n<meta property=\"og:url\" content=\"https:\/\/jornaldasoficinas.com\/pt\/mann-hummel-lanca-filtro-de-habitaculo-frecioussmart\/\" \/>\n<meta property=\"og:site_name\" content=\"Jornal das Oficinas\" \/>\n<meta property=\"article:publisher\" content=\"https:\/\/www.facebook.com\/jornaloficinas\" \/>\n<meta property=\"article:published_time\" content=\"2022-02-09T08:00:51+00:00\" \/>\n<meta property=\"og:image\" content=\"https:\/\/jornaldasoficinas.com\/pt\/wp-content\/uploads\/2022\/02\/MANN-HUMMEL-lanc\u0327a-filtro-de-habita\u0301culo.jpg\" \/>\n\t<meta property=\"og:image:width\" content=\"1024\" \/>\n\t<meta property=\"og:image:height\" content=\"581\" \/>\n\t<meta property=\"og:image:type\" content=\"image\/jpeg\" \/>\n<meta name=\"author\" content=\"Reda\u00e7\u00e3o JO\" \/>\n<meta name=\"twitter:card\" content=\"summary_large_image\" \/>\n<meta name=\"twitter:creator\" content=\"@jornaloficinas\" \/>\n<meta name=\"twitter:site\" content=\"@jornaloficinas\" \/>\n<meta name=\"twitter:label1\" content=\"Escrito por\" \/>\n\t<meta name=\"twitter:data1\" content=\"Reda\u00e7\u00e3o JO\" \/>\n\t<meta name=\"twitter:label2\" content=\"Tempo estimado de leitura\" \/>\n\t<meta name=\"twitter:data2\" content=\"2 minutos\" \/>\n<script type=\"application\/ld+json\" class=\"yoast-schema-graph\">{\"@context\":\"https:\\\/\\\/schema.org\",\"@graph\":[{\"@type\":\"Article\",\"@id\":\"https:\\\/\\\/jornaldasoficinas.com\\\/pt\\\/mann-hummel-lanca-filtro-de-habitaculo-frecioussmart\\\/#article\",\"isPartOf\":{\"@id\":\"https:\\\/\\\/jornaldasoficinas.com\\\/pt\\\/mann-hummel-lanca-filtro-de-habitaculo-frecioussmart\\\/\"},\"author\":{\"name\":\"Reda\u00e7\u00e3o JO\",\"@id\":\"https:\\\/\\\/jornaldasoficinas.com\\\/pt\\\/#\\\/schema\\\/person\\\/a38eef5de2c41d9e7c9ac10141afddf3\"},\"headline\":\"MANN + HUMMEL lan\u00e7a filtro de habit\u00e1culo FreciousSmart\",\"datePublished\":\"2022-02-09T08:00:51+00:00\",\"mainEntityOfPage\":{\"@id\":\"https:\\\/\\\/jornaldasoficinas.com\\\/pt\\\/mann-hummel-lanca-filtro-de-habitaculo-frecioussmart\\\/\"},\"wordCount\":458,\"publisher\":{\"@id\":\"https:\\\/\\\/jornaldasoficinas.com\\\/pt\\\/#organization\"},\"image\":{\"@id\":\"https:\\\/\\\/jornaldasoficinas.com\\\/pt\\\/mann-hummel-lanca-filtro-de-habitaculo-frecioussmart\\\/#primaryimage\"},\"thumbnailUrl\":\"https:\\\/\\\/jornaldasoficinas.com\\\/pt\\\/wp-content\\\/uploads\\\/2022\\\/02\\\/MANN-HUMMEL-lanc\u0327a-filtro-de-habita\u0301culo.jpg\",\"keywords\":[\"MANN + HUMMEL\"],\"articleSection\":[\"Empresas\"],\"inLanguage\":\"pt-PT\"},{\"@type\":\"WebPage\",\"@id\":\"https:\\\/\\\/jornaldasoficinas.com\\\/pt\\\/mann-hummel-lanca-filtro-de-habitaculo-frecioussmart\\\/\",\"url\":\"https:\\\/\\\/jornaldasoficinas.com\\\/pt\\\/mann-hummel-lanca-filtro-de-habitaculo-frecioussmart\\\/\",\"name\":\"MANN + HUMMEL lan\u00e7a filtro de habit\u00e1culo FreciousSmart - Jornal das Oficinas\",\"isPartOf\":{\"@id\":\"https:\\\/\\\/jornaldasoficinas.com\\\/pt\\\/#website\"},\"primaryImageOfPage\":{\"@id\":\"https:\\\/\\\/jornaldasoficinas.com\\\/pt\\\/mann-hummel-lanca-filtro-de-habitaculo-frecioussmart\\\/#primaryimage\"},\"image\":{\"@id\":\"https:\\\/\\\/jornaldasoficinas.com\\\/pt\\\/mann-hummel-lanca-filtro-de-habitaculo-frecioussmart\\\/#primaryimage\"},\"thumbnailUrl\":\"https:\\\/\\\/jornaldasoficinas.com\\\/pt\\\/wp-content\\\/uploads\\\/2022\\\/02\\\/MANN-HUMMEL-lanc\u0327a-filtro-de-habita\u0301culo.jpg\",\"datePublished\":\"2022-02-09T08:00:51+00:00\",\"breadcrumb\":{\"@id\":\"https:\\\/\\\/jornaldasoficinas.com\\\/pt\\\/mann-hummel-lanca-filtro-de-habitaculo-frecioussmart\\\/#breadcrumb\"},\"inLanguage\":\"pt-PT\",\"potentialAction\":[{\"@type\":\"ReadAction\",\"target\":[\"https:\\\/\\\/jornaldasoficinas.com\\\/pt\\\/mann-hummel-lanca-filtro-de-habitaculo-frecioussmart\\\/\"]}]},{\"@type\":\"ImageObject\",\"inLanguage\":\"pt-PT\",\"@id\":\"https:\\\/\\\/jornaldasoficinas.com\\\/pt\\\/mann-hummel-lanca-filtro-de-habitaculo-frecioussmart\\\/#primaryimage\",\"url\":\"https:\\\/\\\/jornaldasoficinas.com\\\/pt\\\/wp-content\\\/uploads\\\/2022\\\/02\\\/MANN-HUMMEL-lanc\u0327a-filtro-de-habita\u0301culo.jpg\",\"contentUrl\":\"https:\\\/\\\/jornaldasoficinas.com\\\/pt\\\/wp-content\\\/uploads\\\/2022\\\/02\\\/MANN-HUMMEL-lanc\u0327a-filtro-de-habita\u0301culo.jpg\",\"width\":1024,\"height\":581,\"caption\":\"02 - MANN HUMMEL lanc\u0327a filtro de habita\u0301culo\"},{\"@type\":\"BreadcrumbList\",\"@id\":\"https:\\\/\\\/jornaldasoficinas.com\\\/pt\\\/mann-hummel-lanca-filtro-de-habitaculo-frecioussmart\\\/#breadcrumb\",\"itemListElement\":[{\"@type\":\"ListItem\",\"position\":1,\"name\":\"In\u00edcio\",\"item\":\"https:\\\/\\\/jornaldasoficinas.com\\\/pt\\\/\"},{\"@type\":\"ListItem\",\"position\":2,\"name\":\"MANN + HUMMEL lan\u00e7a filtro de habit\u00e1culo FreciousSmart\"}]},{\"@type\":\"WebSite\",\"@id\":\"https:\\\/\\\/jornaldasoficinas.com\\\/pt\\\/#website\",\"url\":\"https:\\\/\\\/jornaldasoficinas.com\\\/pt\\\/\",\"name\":\"Jornal das Oficinas\",\"description\":\"Jornal independente do Aftermarket Autom\u00f3vel em Portugal\",\"publisher\":{\"@id\":\"https:\\\/\\\/jornaldasoficinas.com\\\/pt\\\/#organization\"},\"potentialAction\":[{\"@type\":\"SearchAction\",\"target\":{\"@type\":\"EntryPoint\",\"urlTemplate\":\"https:\\\/\\\/jornaldasoficinas.com\\\/pt\\\/?s={search_term_string}\"},\"query-input\":{\"@type\":\"PropertyValueSpecification\",\"valueRequired\":true,\"valueName\":\"search_term_string\"}}],\"inLanguage\":\"pt-PT\"},{\"@type\":\"Organization\",\"@id\":\"https:\\\/\\\/jornaldasoficinas.com\\\/pt\\\/#organization\",\"name\":\"Jornal das Oficinas\",\"url\":\"https:\\\/\\\/jornaldasoficinas.com\\\/pt\\\/\",\"logo\":{\"@type\":\"ImageObject\",\"inLanguage\":\"pt-PT\",\"@id\":\"https:\\\/\\\/jornaldasoficinas.com\\\/pt\\\/#\\\/schema\\\/logo\\\/image\\\/\",\"url\":\"https:\\\/\\\/jornaldasoficinas.com\\\/pt\\\/wp-content\\\/uploads\\\/logoJO-SEO.png\",\"contentUrl\":\"https:\\\/\\\/jornaldasoficinas.com\\\/pt\\\/wp-content\\\/uploads\\\/logoJO-SEO.png\",\"width\":285,\"height\":450,\"caption\":\"Jornal das Oficinas\"},\"image\":{\"@id\":\"https:\\\/\\\/jornaldasoficinas.com\\\/pt\\\/#\\\/schema\\\/logo\\\/image\\\/\"},\"sameAs\":[\"https:\\\/\\\/www.facebook.com\\\/jornaloficinas\",\"https:\\\/\\\/x.com\\\/jornaloficinas\",\"https:\\\/\\\/www.instagram.com\\\/jornal_oficinas\\\/\",\"https:\\\/\\\/www.linkedin.com\\\/company\\\/jornal-das-oficinas\\\/\",\"https:\\\/\\\/www.youtube.com\\\/channel\\\/UCbQZBqtcvV-oSQrr7RzINGg\"]},{\"@type\":\"Person\",\"@id\":\"https:\\\/\\\/jornaldasoficinas.com\\\/pt\\\/#\\\/schema\\\/person\\\/a38eef5de2c41d9e7c9ac10141afddf3\",\"name\":\"Reda\u00e7\u00e3o JO\",\"image\":{\"@type\":\"ImageObject\",\"inLanguage\":\"pt-PT\",\"@id\":\"https:\\\/\\\/secure.gravatar.com\\\/avatar\\\/71f2fa71737ad68a84fea94bc708ddac8ea5b0c4788dc2ad202f3ccb2887742f?s=96&d=wp_user_avatar&r=g\",\"url\":\"https:\\\/\\\/secure.gravatar.com\\\/avatar\\\/71f2fa71737ad68a84fea94bc708ddac8ea5b0c4788dc2ad202f3ccb2887742f?s=96&d=wp_user_avatar&r=g\",\"contentUrl\":\"https:\\\/\\\/secure.gravatar.com\\\/avatar\\\/71f2fa71737ad68a84fea94bc708ddac8ea5b0c4788dc2ad202f3ccb2887742f?s=96&d=wp_user_avatar&r=g\",\"caption\":\"Reda\u00e7\u00e3o JO\"},\"url\":\"https:\\\/\\\/jornaldasoficinas.com\\\/pt\\\/author\\\/joredacao\\\/\"}]}<\/script>\n<!-- \/ Yoast SEO plugin. -->","yoast_head_json":{"title":"MANN + HUMMEL lan\u00e7a filtro de habit\u00e1culo FreciousSmart - Jornal das Oficinas","robots":{"index":"index","follow":"follow","max-snippet":"max-snippet:-1","max-image-preview":"max-image-preview:large","max-video-preview":"max-video-preview:-1"},"canonical":"https:\/\/jornaldasoficinas.com\/pt\/mann-hummel-lanca-filtro-de-habitaculo-frecioussmart\/","og_locale":"pt_PT","og_type":"article","og_title":"MANN + HUMMEL lan\u00e7a filtro de habit\u00e1culo FreciousSmart - Jornal das Oficinas","og_description":"A MANN + HUMMEL acaba de...","og_url":"https:\/\/jornaldasoficinas.com\/pt\/mann-hummel-lanca-filtro-de-habitaculo-frecioussmart\/","og_site_name":"Jornal das Oficinas","article_publisher":"https:\/\/www.facebook.com\/jornaloficinas","article_published_time":"2022-02-09T08:00:51+00:00","og_image":[{"width":1024,"height":581,"url":"https:\/\/jornaldasoficinas.com\/pt\/wp-content\/uploads\/2022\/02\/MANN-HUMMEL-lanc\u0327a-filtro-de-habita\u0301culo.jpg","type":"image\/jpeg"}],"author":"Reda\u00e7\u00e3o JO","twitter_card":"summary_large_image","twitter_creator":"@jornaloficinas","twitter_site":"@jornaloficinas","twitter_misc":{"Escrito por":"Reda\u00e7\u00e3o JO","Tempo estimado de leitura":"2 minutos"},"schema":{"@context":"https:\/\/schema.org","@graph":[{"@type":"Article","@id":"https:\/\/jornaldasoficinas.com\/pt\/mann-hummel-lanca-filtro-de-habitaculo-frecioussmart\/#article","isPartOf":{"@id":"https:\/\/jornaldasoficinas.com\/pt\/mann-hummel-lanca-filtro-de-habitaculo-frecioussmart\/"},"author":{"name":"Reda\u00e7\u00e3o JO","@id":"https:\/\/jornaldasoficinas.com\/pt\/#\/schema\/person\/a38eef5de2c41d9e7c9ac10141afddf3"},"headline":"MANN + HUMMEL lan\u00e7a filtro de habit\u00e1culo FreciousSmart","datePublished":"2022-02-09T08:00:51+00:00","mainEntityOfPage":{"@id":"https:\/\/jornaldasoficinas.com\/pt\/mann-hummel-lanca-filtro-de-habitaculo-frecioussmart\/"},"wordCount":458,"publisher":{"@id":"https:\/\/jornaldasoficinas.com\/pt\/#organization"},"image":{"@id":"https:\/\/jornaldasoficinas.com\/pt\/mann-hummel-lanca-filtro-de-habitaculo-frecioussmart\/#primaryimage"},"thumbnailUrl":"https:\/\/jornaldasoficinas.com\/pt\/wp-content\/uploads\/2022\/02\/MANN-HUMMEL-lanc\u0327a-filtro-de-habita\u0301culo.jpg","keywords":["MANN + HUMMEL"],"articleSection":["Empresas"],"inLanguage":"pt-PT"},{"@type":"WebPage","@id":"https:\/\/jornaldasoficinas.com\/pt\/mann-hummel-lanca-filtro-de-habitaculo-frecioussmart\/","url":"https:\/\/jornaldasoficinas.com\/pt\/mann-hummel-lanca-filtro-de-habitaculo-frecioussmart\/","name":"MANN + HUMMEL lan\u00e7a filtro de habit\u00e1culo FreciousSmart - Jornal das Oficinas","isPartOf":{"@id":"https:\/\/jornaldasoficinas.com\/pt\/#website"},"primaryImageOfPage":{"@id":"https:\/\/jornaldasoficinas.com\/pt\/mann-hummel-lanca-filtro-de-habitaculo-frecioussmart\/#primaryimage"},"image":{"@id":"https:\/\/jornaldasoficinas.com\/pt\/mann-hummel-lanca-filtro-de-habitaculo-frecioussmart\/#primaryimage"},"thumbnailUrl":"https:\/\/jornaldasoficinas.com\/pt\/wp-content\/uploads\/2022\/02\/MANN-HUMMEL-lanc\u0327a-filtro-de-habita\u0301culo.jpg","datePublished":"2022-02-09T08:00:51+00:00","breadcrumb":{"@id":"https:\/\/jornaldasoficinas.com\/pt\/mann-hummel-lanca-filtro-de-habitaculo-frecioussmart\/#breadcrumb"},"inLanguage":"pt-PT","potentialAction":[{"@type":"ReadAction","target":["https:\/\/jornaldasoficinas.com\/pt\/mann-hummel-lanca-filtro-de-habitaculo-frecioussmart\/"]}]},{"@type":"ImageObject","inLanguage":"pt-PT","@id":"https:\/\/jornaldasoficinas.com\/pt\/mann-hummel-lanca-filtro-de-habitaculo-frecioussmart\/#primaryimage","url":"https:\/\/jornaldasoficinas.com\/pt\/wp-content\/uploads\/2022\/02\/MANN-HUMMEL-lanc\u0327a-filtro-de-habita\u0301culo.jpg","contentUrl":"https:\/\/jornaldasoficinas.com\/pt\/wp-content\/uploads\/2022\/02\/MANN-HUMMEL-lanc\u0327a-filtro-de-habita\u0301culo.jpg","width":1024,"height":581,"caption":"02 - MANN HUMMEL lanc\u0327a filtro de habita\u0301culo"},{"@type":"BreadcrumbList","@id":"https:\/\/jornaldasoficinas.com\/pt\/mann-hummel-lanca-filtro-de-habitaculo-frecioussmart\/#breadcrumb","itemListElement":[{"@type":"ListItem","position":1,"name":"In\u00edcio","item":"https:\/\/jornaldasoficinas.com\/pt\/"},{"@type":"ListItem","position":2,"name":"MANN + HUMMEL lan\u00e7a filtro de habit\u00e1culo FreciousSmart"}]},{"@type":"WebSite","@id":"https:\/\/jornaldasoficinas.com\/pt\/#website","url":"https:\/\/jornaldasoficinas.com\/pt\/","name":"Jornal das Oficinas","description":"Jornal independente do Aftermarket Autom\u00f3vel em Portugal","publisher":{"@id":"https:\/\/jornaldasoficinas.com\/pt\/#organization"},"potentialAction":[{"@type":"SearchAction","target":{"@type":"EntryPoint","urlTemplate":"https:\/\/jornaldasoficinas.com\/pt\/?s={search_term_string}"},"query-input":{"@type":"PropertyValueSpecification","valueRequired":true,"valueName":"search_term_string"}}],"inLanguage":"pt-PT"},{"@type":"Organization","@id":"https:\/\/jornaldasoficinas.com\/pt\/#organization","name":"Jornal das Oficinas","url":"https:\/\/jornaldasoficinas.com\/pt\/","logo":{"@type":"ImageObject","inLanguage":"pt-PT","@id":"https:\/\/jornaldasoficinas.com\/pt\/#\/schema\/logo\/image\/","url":"https:\/\/jornaldasoficinas.com\/pt\/wp-content\/uploads\/logoJO-SEO.png","contentUrl":"https:\/\/jornaldasoficinas.com\/pt\/wp-content\/uploads\/logoJO-SEO.png","width":285,"height":450,"caption":"Jornal das Oficinas"},"image":{"@id":"https:\/\/jornaldasoficinas.com\/pt\/#\/schema\/logo\/image\/"},"sameAs":["https:\/\/www.facebook.com\/jornaloficinas","https:\/\/x.com\/jornaloficinas","https:\/\/www.instagram.com\/jornal_oficinas\/","https:\/\/www.linkedin.com\/company\/jornal-das-oficinas\/","https:\/\/www.youtube.com\/channel\/UCbQZBqtcvV-oSQrr7RzINGg"]},{"@type":"Person","@id":"https:\/\/jornaldasoficinas.com\/pt\/#\/schema\/person\/a38eef5de2c41d9e7c9ac10141afddf3","name":"Reda\u00e7\u00e3o JO","image":{"@type":"ImageObject","inLanguage":"pt-PT","@id":"https:\/\/secure.gravatar.com\/avatar\/71f2fa71737ad68a84fea94bc708ddac8ea5b0c4788dc2ad202f3ccb2887742f?s=96&d=wp_user_avatar&r=g","url":"https:\/\/secure.gravatar.com\/avatar\/71f2fa71737ad68a84fea94bc708ddac8ea5b0c4788dc2ad202f3ccb2887742f?s=96&d=wp_user_avatar&r=g","contentUrl":"https:\/\/secure.gravatar.com\/avatar\/71f2fa71737ad68a84fea94bc708ddac8ea5b0c4788dc2ad202f3ccb2887742f?s=96&d=wp_user_avatar&r=g","caption":"Reda\u00e7\u00e3o JO"},"url":"https:\/\/jornaldasoficinas.com\/pt\/author\/joredacao\/"}]}},"_links":{"self":[{"href":"https:\/\/jornaldasoficinas.com\/pt\/wp-json\/wp\/v2\/posts\/27190","targetHints":{"allow":["GET"]}}],"collection":[{"href":"https:\/\/jornaldasoficinas.com\/pt\/wp-json\/wp\/v2\/posts"}],"about":[{"href":"https:\/\/jornaldasoficinas.com\/pt\/wp-json\/wp\/v2\/types\/post"}],"author":[{"embeddable":true,"href":"https:\/\/jornaldasoficinas.com\/pt\/wp-json\/wp\/v2\/users\/15"}],"replies":[{"embeddable":true,"href":"https:\/\/jornaldasoficinas.com\/pt\/wp-json\/wp\/v2\/comments?post=27190"}],"version-history":[{"count":0,"href":"https:\/\/jornaldasoficinas.com\/pt\/wp-json\/wp\/v2\/posts\/27190\/revisions"}],"wp:featuredmedia":[{"embeddable":true,"href":"https:\/\/jornaldasoficinas.com\/pt\/wp-json\/wp\/v2\/media\/27164"}],"wp:attachment":[{"href":"https:\/\/jornaldasoficinas.com\/pt\/wp-json\/wp\/v2\/media?parent=27190"}],"wp:term":[{"taxonomy":"category","embeddable":true,"href":"https:\/\/jornaldasoficinas.com\/pt\/wp-json\/wp\/v2\/categories?post=27190"},{"taxonomy":"post_tag","embeddable":true,"href":"https:\/\/jornaldasoficinas.com\/pt\/wp-json\/wp\/v2\/tags?post=27190"}],"curies":[{"name":"wp","href":"https:\/\/api.w.org\/{rel}","templated":true}]}}