{"id":27204,"date":"2022-02-09T19:00:30","date_gmt":"2022-02-09T19:00:30","guid":{"rendered":"https:\/\/jornaldasoficinas.com\/pt\/?p=27204"},"modified":"2022-02-09T13:52:39","modified_gmt":"2022-02-09T13:52:39","slug":"adaptacao-a-evolucao-tecnologica-dos-veiculos","status":"publish","type":"post","link":"https:\/\/jornaldasoficinas.com\/pt\/adaptacao-a-evolucao-tecnologica-dos-veiculos\/","title":{"rendered":"Adapta\u00e7\u00e3o \u00e0 evolu\u00e7\u00e3o tecnol\u00f3gica dos ve\u00edculos"},"content":{"rendered":"<p><strong> <img loading=\"lazy\" decoding=\"async\" class=\"alignnone size-full wp-image-27206\" src=\"https:\/\/jornaldasoficinas.com\/pt\/wp-content\/uploads\/2022\/02\/ASB-um-mundo-de-oportunidades.jpeg\" alt=\"02 - ASB um mundo de oportunidades\" width=\"1024\" height=\"581\" srcset=\"https:\/\/jornaldasoficinas.com\/pt\/wp-content\/uploads\/2022\/02\/ASB-um-mundo-de-oportunidades.jpeg 1024w, https:\/\/jornaldasoficinas.com\/pt\/wp-content\/uploads\/2022\/02\/ASB-um-mundo-de-oportunidades-300x170.jpeg 300w, https:\/\/jornaldasoficinas.com\/pt\/wp-content\/uploads\/2022\/02\/ASB-um-mundo-de-oportunidades-150x85.jpeg 150w, https:\/\/jornaldasoficinas.com\/pt\/wp-content\/uploads\/2022\/02\/ASB-um-mundo-de-oportunidades-768x436.jpeg 768w\" sizes=\"auto, (max-width: 1024px) 100vw, 1024px\" \/><\/strong><\/p>\n<p><strong>A evolu\u00e7\u00e3o tecnol\u00f3gica dos ve\u00edculos (conectados, ciberseguran\u00e7a, h\u00edbridos, el\u00e9tricos, etc.) tem obrigado as Escolas de Forma\u00e7\u00e3o a adaptarem os seus cursos \u00e0s novas tecnologias que equipam os carros mais modernos. Contudo, a adapta\u00e7\u00e3o da forma\u00e7\u00e3o \u00e0 evolu\u00e7\u00e3o tecnol\u00f3gica requer um cont\u00ednuo esfor\u00e7o no desenvolvimento das compet\u00eancias internas. As atualiza\u00e7\u00f5es de conte\u00fados dos referenciais, acompanhando as inova\u00e7\u00f5es tecnol\u00f3gicas, s\u00e3o preocupa\u00e7\u00f5es presentes na forma\u00e7\u00e3o desenvolvida pelas diversas entidades, procurando a necess\u00e1ria adapta\u00e7\u00e3o n\u00e3o s\u00f3 de conte\u00fados te\u00f3rico\/t\u00e9cnicos bem como de equipamentos vocacionados para o seu cumprimento<\/strong><\/p>\n<p>A ATEC tem prosseguido uma estrat\u00e9gia de internacionaliza\u00e7\u00e3o da forma\u00e7\u00e3o profissional. Um dos principais objetivos desta estrat\u00e9gia \u00e9 precisamente capacitar a ATEC para as novas tecnologias e \u00e1reas\/setores de atividade atrav\u00e9s da participa\u00e7\u00e3o em v\u00e1rios projetos que contribuem decisivamente para esse objetivo. Como exemplos, de referir a participa\u00e7\u00e3o da ATEC em projetos financiados ao abrigo do programa Erasmus +, como seja o ALBATTS &#8211; Alliance for Batteries Technology, Training and Skills, no qual est\u00e1 ativamente a desenvolver novas qualifica\u00e7\u00f5es e curricula no setor das baterias, com especial destaque para as aplica\u00e7\u00f5es m\u00f3veis. Adicionalmente, est\u00e1 j\u00e1 a trabalhar num novo projeto em que ir\u00e1 desenvolver forma\u00e7\u00e3o baseada em realidade aumentada, que permitir\u00e1 ao formador fazer um acompanhamento da atividade pr\u00e1tica dos formandos em tempo real, independentemente do local em que cada formando se encontre.<\/p>\n<p>O CEPRA procura incorporar as respostas \u00e0s necessidades das empresas, muitas vezes at\u00e9 antecipando-as. Neste sentido, a forma\u00e7\u00e3o em novas tecnologias j\u00e1 est\u00e1 contemplada na sua oferta formativa h\u00e1 alguns anos, tendo sido desenvolvidas largas dezenas de a\u00e7\u00f5es de forma\u00e7\u00e3o nas instala\u00e7\u00f5es f\u00edsicas, em itiner\u00e2ncia pelo pa\u00eds e \u00e0 dist\u00e2ncia. Talvez por estar no seu ADN, as mudan\u00e7as tecnol\u00f3gicas s\u00e3o sempre encaradas pelo CEPRA como uma oportunidade. A quest\u00e3o da eletrifica\u00e7\u00e3o n\u00e3o foge \u00e0 regra, estando a merecer uma resposta adequada.<\/p>\n<p>A DUAL est\u00e1 sempre atenta \u00e0 evolu\u00e7\u00e3o do setor autom\u00f3vel. Embora os conte\u00fados program\u00e1ticos dos cursos que desenvolve para jovens n\u00e3o sejam da sua responsabilidade direta, tenta adaptar e \u201cinfluenciar\u201d os mesmos, nomeadamente atrav\u00e9s de propostas que envia aos organismos competentes. Temas como a Mobilidade El\u00e9trica e a Condu\u00e7\u00e3o Aut\u00f3noma s\u00e3o incontorn\u00e1veis no dia de hoje e a DUAL, com o apoio das empresas suas parceiras, tem feito um enorme esfor\u00e7o para os acompanhar. Tanto no que diz respeito aos espa\u00e7os e equipamentos formativos, como \u00e0 forma\u00e7\u00e3o dos seus formadores, de forma que se mantenham atualizados e a par das evolu\u00e7\u00f5es tecnol\u00f3gicas. As parcerias com empresas de refer\u00eancia, como \u00e9 o caso da que existe com a Bosch desde a cria\u00e7\u00e3o da DUAL, s\u00e3o fundamentais para que se mantenha a par da evolu\u00e7\u00e3o tecnol\u00f3gica dos ve\u00edculos e dos m\u00e9todos de diagn\u00f3stico e repara\u00e7\u00e3o. Al\u00e9m da ced\u00eancia de equipamentos para a forma\u00e7\u00e3o, a Bosch tem sido importante na forma\u00e7\u00e3o dos formadores da DUAL.<\/p>\n<p>As forma\u00e7\u00f5es da ESTSet\u00fabal\/IPS t\u00eam-se vindo a adaptar \u00e0s mudan\u00e7as tecnol\u00f3gicas vividas atualmente na ind\u00fastria autom\u00f3vel. Para al\u00e9m da atualiza\u00e7\u00e3o dos curr\u00edculos dos cursos, tem sido preocupa\u00e7\u00e3o da ESTSet\u00fabal\/IPS a atualiza\u00e7\u00e3o dos seus recursos laboratoriais. Neste sentido, foi criado em 2015 o Laborat\u00f3rio de Mobilidade do IPS, que tem por objetivo dar suporte \u00e0s atividades de leciona\u00e7\u00e3o, investiga\u00e7\u00e3o e presta\u00e7\u00e3o de servi\u00e7os \u00e0 ind\u00fastria da \u00e1rea autom\u00f3vel.<\/p>\n<p>Na Academia Ser Caetano, como as a\u00e7\u00f5es de forma\u00e7\u00e3o s\u00e3o feitas a pensar nas oficinas do Grupo Salvador Caetano, e para que os formandos tenham o Know how que as oficinas precisam, procura que os formadores estejam atualizados, frequentando as a\u00e7\u00f5es de forma\u00e7\u00e3o que as diferentes marcas que o grupo comercializa, organiza para os seus profissionais. Todos os Centros de Forma\u00e7\u00e3o est\u00e3o equipados com viaturas h\u00edbridas e aos formandos \u00e9 disponibilizado o acesso a aplica\u00e7\u00f5es t\u00e9cnicas especificas das marcas que comercializam. Neste momento est\u00e1 a introduzir nos programas a tem\u00e1tica do hidrog\u00e9nio.<\/p>\n","protected":false},"excerpt":{"rendered":"<p>A evolu\u00e7\u00e3o tecnol\u00f3gica dos ve\u00edculos (conectados,&#8230;<\/p>\n","protected":false},"author":15,"featured_media":27206,"comment_status":"closed","ping_status":"closed","sticky":false,"template":"","format":"standard","meta":{"footnotes":""},"categories":[37],"tags":[],"class_list":["post-27204","post","type-post","status-publish","format-standard","has-post-thumbnail","hentry","category-mercado"],"yoast_head":"<!-- This site is optimized with the Yoast SEO plugin v27.4 - https:\/\/yoast.com\/product\/yoast-seo-wordpress\/ -->\n<title>Adapta\u00e7\u00e3o \u00e0 evolu\u00e7\u00e3o tecnol\u00f3gica dos ve\u00edculos - Jornal das Oficinas<\/title>\n<meta name=\"robots\" content=\"index, follow, max-snippet:-1, max-image-preview:large, max-video-preview:-1\" \/>\n<link rel=\"canonical\" href=\"https:\/\/jornaldasoficinas.com\/pt\/adaptacao-a-evolucao-tecnologica-dos-veiculos\/\" \/>\n<meta property=\"og:locale\" content=\"pt_PT\" \/>\n<meta property=\"og:type\" content=\"article\" \/>\n<meta property=\"og:title\" content=\"Adapta\u00e7\u00e3o \u00e0 evolu\u00e7\u00e3o tecnol\u00f3gica dos ve\u00edculos - Jornal das Oficinas\" \/>\n<meta property=\"og:description\" content=\"A evolu\u00e7\u00e3o tecnol\u00f3gica dos ve\u00edculos (conectados,...\" \/>\n<meta property=\"og:url\" content=\"https:\/\/jornaldasoficinas.com\/pt\/adaptacao-a-evolucao-tecnologica-dos-veiculos\/\" \/>\n<meta property=\"og:site_name\" content=\"Jornal das Oficinas\" \/>\n<meta property=\"article:publisher\" content=\"https:\/\/www.facebook.com\/jornaloficinas\" \/>\n<meta property=\"article:published_time\" content=\"2022-02-09T19:00:30+00:00\" \/>\n<meta property=\"og:image\" content=\"https:\/\/jornaldasoficinas.com\/pt\/wp-content\/uploads\/2022\/02\/ASB-um-mundo-de-oportunidades.jpeg\" \/>\n\t<meta property=\"og:image:width\" content=\"1024\" \/>\n\t<meta property=\"og:image:height\" content=\"581\" \/>\n\t<meta property=\"og:image:type\" content=\"image\/jpeg\" \/>\n<meta name=\"author\" content=\"Reda\u00e7\u00e3o JO\" \/>\n<meta name=\"twitter:card\" content=\"summary_large_image\" \/>\n<meta name=\"twitter:creator\" content=\"@jornaloficinas\" \/>\n<meta name=\"twitter:site\" content=\"@jornaloficinas\" \/>\n<meta name=\"twitter:label1\" content=\"Escrito por\" \/>\n\t<meta name=\"twitter:data1\" content=\"Reda\u00e7\u00e3o JO\" \/>\n\t<meta name=\"twitter:label2\" content=\"Tempo estimado de leitura\" \/>\n\t<meta name=\"twitter:data2\" content=\"4 minutos\" \/>\n<script type=\"application\/ld+json\" class=\"yoast-schema-graph\">{\"@context\":\"https:\\\/\\\/schema.org\",\"@graph\":[{\"@type\":\"Article\",\"@id\":\"https:\\\/\\\/jornaldasoficinas.com\\\/pt\\\/adaptacao-a-evolucao-tecnologica-dos-veiculos\\\/#article\",\"isPartOf\":{\"@id\":\"https:\\\/\\\/jornaldasoficinas.com\\\/pt\\\/adaptacao-a-evolucao-tecnologica-dos-veiculos\\\/\"},\"author\":{\"name\":\"Reda\u00e7\u00e3o JO\",\"@id\":\"https:\\\/\\\/jornaldasoficinas.com\\\/pt\\\/#\\\/schema\\\/person\\\/a38eef5de2c41d9e7c9ac10141afddf3\"},\"headline\":\"Adapta\u00e7\u00e3o \u00e0 evolu\u00e7\u00e3o tecnol\u00f3gica dos ve\u00edculos\",\"datePublished\":\"2022-02-09T19:00:30+00:00\",\"mainEntityOfPage\":{\"@id\":\"https:\\\/\\\/jornaldasoficinas.com\\\/pt\\\/adaptacao-a-evolucao-tecnologica-dos-veiculos\\\/\"},\"wordCount\":736,\"publisher\":{\"@id\":\"https:\\\/\\\/jornaldasoficinas.com\\\/pt\\\/#organization\"},\"image\":{\"@id\":\"https:\\\/\\\/jornaldasoficinas.com\\\/pt\\\/adaptacao-a-evolucao-tecnologica-dos-veiculos\\\/#primaryimage\"},\"thumbnailUrl\":\"https:\\\/\\\/jornaldasoficinas.com\\\/pt\\\/wp-content\\\/uploads\\\/2022\\\/02\\\/ASB-um-mundo-de-oportunidades.jpeg\",\"articleSection\":[\"Mercado\"],\"inLanguage\":\"pt-PT\"},{\"@type\":\"WebPage\",\"@id\":\"https:\\\/\\\/jornaldasoficinas.com\\\/pt\\\/adaptacao-a-evolucao-tecnologica-dos-veiculos\\\/\",\"url\":\"https:\\\/\\\/jornaldasoficinas.com\\\/pt\\\/adaptacao-a-evolucao-tecnologica-dos-veiculos\\\/\",\"name\":\"Adapta\u00e7\u00e3o \u00e0 evolu\u00e7\u00e3o tecnol\u00f3gica dos ve\u00edculos - Jornal das Oficinas\",\"isPartOf\":{\"@id\":\"https:\\\/\\\/jornaldasoficinas.com\\\/pt\\\/#website\"},\"primaryImageOfPage\":{\"@id\":\"https:\\\/\\\/jornaldasoficinas.com\\\/pt\\\/adaptacao-a-evolucao-tecnologica-dos-veiculos\\\/#primaryimage\"},\"image\":{\"@id\":\"https:\\\/\\\/jornaldasoficinas.com\\\/pt\\\/adaptacao-a-evolucao-tecnologica-dos-veiculos\\\/#primaryimage\"},\"thumbnailUrl\":\"https:\\\/\\\/jornaldasoficinas.com\\\/pt\\\/wp-content\\\/uploads\\\/2022\\\/02\\\/ASB-um-mundo-de-oportunidades.jpeg\",\"datePublished\":\"2022-02-09T19:00:30+00:00\",\"breadcrumb\":{\"@id\":\"https:\\\/\\\/jornaldasoficinas.com\\\/pt\\\/adaptacao-a-evolucao-tecnologica-dos-veiculos\\\/#breadcrumb\"},\"inLanguage\":\"pt-PT\",\"potentialAction\":[{\"@type\":\"ReadAction\",\"target\":[\"https:\\\/\\\/jornaldasoficinas.com\\\/pt\\\/adaptacao-a-evolucao-tecnologica-dos-veiculos\\\/\"]}]},{\"@type\":\"ImageObject\",\"inLanguage\":\"pt-PT\",\"@id\":\"https:\\\/\\\/jornaldasoficinas.com\\\/pt\\\/adaptacao-a-evolucao-tecnologica-dos-veiculos\\\/#primaryimage\",\"url\":\"https:\\\/\\\/jornaldasoficinas.com\\\/pt\\\/wp-content\\\/uploads\\\/2022\\\/02\\\/ASB-um-mundo-de-oportunidades.jpeg\",\"contentUrl\":\"https:\\\/\\\/jornaldasoficinas.com\\\/pt\\\/wp-content\\\/uploads\\\/2022\\\/02\\\/ASB-um-mundo-de-oportunidades.jpeg\",\"width\":1024,\"height\":581,\"caption\":\"02 - ASB um mundo de oportunidades\"},{\"@type\":\"BreadcrumbList\",\"@id\":\"https:\\\/\\\/jornaldasoficinas.com\\\/pt\\\/adaptacao-a-evolucao-tecnologica-dos-veiculos\\\/#breadcrumb\",\"itemListElement\":[{\"@type\":\"ListItem\",\"position\":1,\"name\":\"In\u00edcio\",\"item\":\"https:\\\/\\\/jornaldasoficinas.com\\\/pt\\\/\"},{\"@type\":\"ListItem\",\"position\":2,\"name\":\"Adapta\u00e7\u00e3o \u00e0 evolu\u00e7\u00e3o tecnol\u00f3gica dos ve\u00edculos\"}]},{\"@type\":\"WebSite\",\"@id\":\"https:\\\/\\\/jornaldasoficinas.com\\\/pt\\\/#website\",\"url\":\"https:\\\/\\\/jornaldasoficinas.com\\\/pt\\\/\",\"name\":\"Jornal das Oficinas\",\"description\":\"Jornal independente do Aftermarket Autom\u00f3vel em Portugal\",\"publisher\":{\"@id\":\"https:\\\/\\\/jornaldasoficinas.com\\\/pt\\\/#organization\"},\"potentialAction\":[{\"@type\":\"SearchAction\",\"target\":{\"@type\":\"EntryPoint\",\"urlTemplate\":\"https:\\\/\\\/jornaldasoficinas.com\\\/pt\\\/?s={search_term_string}\"},\"query-input\":{\"@type\":\"PropertyValueSpecification\",\"valueRequired\":true,\"valueName\":\"search_term_string\"}}],\"inLanguage\":\"pt-PT\"},{\"@type\":\"Organization\",\"@id\":\"https:\\\/\\\/jornaldasoficinas.com\\\/pt\\\/#organization\",\"name\":\"Jornal das Oficinas\",\"url\":\"https:\\\/\\\/jornaldasoficinas.com\\\/pt\\\/\",\"logo\":{\"@type\":\"ImageObject\",\"inLanguage\":\"pt-PT\",\"@id\":\"https:\\\/\\\/jornaldasoficinas.com\\\/pt\\\/#\\\/schema\\\/logo\\\/image\\\/\",\"url\":\"https:\\\/\\\/jornaldasoficinas.com\\\/pt\\\/wp-content\\\/uploads\\\/logoJO-SEO.png\",\"contentUrl\":\"https:\\\/\\\/jornaldasoficinas.com\\\/pt\\\/wp-content\\\/uploads\\\/logoJO-SEO.png\",\"width\":285,\"height\":450,\"caption\":\"Jornal das Oficinas\"},\"image\":{\"@id\":\"https:\\\/\\\/jornaldasoficinas.com\\\/pt\\\/#\\\/schema\\\/logo\\\/image\\\/\"},\"sameAs\":[\"https:\\\/\\\/www.facebook.com\\\/jornaloficinas\",\"https:\\\/\\\/x.com\\\/jornaloficinas\",\"https:\\\/\\\/www.instagram.com\\\/jornal_oficinas\\\/\",\"https:\\\/\\\/www.linkedin.com\\\/company\\\/jornal-das-oficinas\\\/\",\"https:\\\/\\\/www.youtube.com\\\/channel\\\/UCbQZBqtcvV-oSQrr7RzINGg\"]},{\"@type\":\"Person\",\"@id\":\"https:\\\/\\\/jornaldasoficinas.com\\\/pt\\\/#\\\/schema\\\/person\\\/a38eef5de2c41d9e7c9ac10141afddf3\",\"name\":\"Reda\u00e7\u00e3o JO\",\"image\":{\"@type\":\"ImageObject\",\"inLanguage\":\"pt-PT\",\"@id\":\"https:\\\/\\\/secure.gravatar.com\\\/avatar\\\/71f2fa71737ad68a84fea94bc708ddac8ea5b0c4788dc2ad202f3ccb2887742f?s=96&d=wp_user_avatar&r=g\",\"url\":\"https:\\\/\\\/secure.gravatar.com\\\/avatar\\\/71f2fa71737ad68a84fea94bc708ddac8ea5b0c4788dc2ad202f3ccb2887742f?s=96&d=wp_user_avatar&r=g\",\"contentUrl\":\"https:\\\/\\\/secure.gravatar.com\\\/avatar\\\/71f2fa71737ad68a84fea94bc708ddac8ea5b0c4788dc2ad202f3ccb2887742f?s=96&d=wp_user_avatar&r=g\",\"caption\":\"Reda\u00e7\u00e3o JO\"},\"url\":\"https:\\\/\\\/jornaldasoficinas.com\\\/pt\\\/author\\\/joredacao\\\/\"}]}<\/script>\n<!-- \/ Yoast SEO plugin. -->","yoast_head_json":{"title":"Adapta\u00e7\u00e3o \u00e0 evolu\u00e7\u00e3o tecnol\u00f3gica dos ve\u00edculos - Jornal das Oficinas","robots":{"index":"index","follow":"follow","max-snippet":"max-snippet:-1","max-image-preview":"max-image-preview:large","max-video-preview":"max-video-preview:-1"},"canonical":"https:\/\/jornaldasoficinas.com\/pt\/adaptacao-a-evolucao-tecnologica-dos-veiculos\/","og_locale":"pt_PT","og_type":"article","og_title":"Adapta\u00e7\u00e3o \u00e0 evolu\u00e7\u00e3o tecnol\u00f3gica dos ve\u00edculos - Jornal das Oficinas","og_description":"A evolu\u00e7\u00e3o tecnol\u00f3gica dos ve\u00edculos (conectados,...","og_url":"https:\/\/jornaldasoficinas.com\/pt\/adaptacao-a-evolucao-tecnologica-dos-veiculos\/","og_site_name":"Jornal das Oficinas","article_publisher":"https:\/\/www.facebook.com\/jornaloficinas","article_published_time":"2022-02-09T19:00:30+00:00","og_image":[{"width":1024,"height":581,"url":"https:\/\/jornaldasoficinas.com\/pt\/wp-content\/uploads\/2022\/02\/ASB-um-mundo-de-oportunidades.jpeg","type":"image\/jpeg"}],"author":"Reda\u00e7\u00e3o JO","twitter_card":"summary_large_image","twitter_creator":"@jornaloficinas","twitter_site":"@jornaloficinas","twitter_misc":{"Escrito por":"Reda\u00e7\u00e3o JO","Tempo estimado de leitura":"4 minutos"},"schema":{"@context":"https:\/\/schema.org","@graph":[{"@type":"Article","@id":"https:\/\/jornaldasoficinas.com\/pt\/adaptacao-a-evolucao-tecnologica-dos-veiculos\/#article","isPartOf":{"@id":"https:\/\/jornaldasoficinas.com\/pt\/adaptacao-a-evolucao-tecnologica-dos-veiculos\/"},"author":{"name":"Reda\u00e7\u00e3o JO","@id":"https:\/\/jornaldasoficinas.com\/pt\/#\/schema\/person\/a38eef5de2c41d9e7c9ac10141afddf3"},"headline":"Adapta\u00e7\u00e3o \u00e0 evolu\u00e7\u00e3o tecnol\u00f3gica dos ve\u00edculos","datePublished":"2022-02-09T19:00:30+00:00","mainEntityOfPage":{"@id":"https:\/\/jornaldasoficinas.com\/pt\/adaptacao-a-evolucao-tecnologica-dos-veiculos\/"},"wordCount":736,"publisher":{"@id":"https:\/\/jornaldasoficinas.com\/pt\/#organization"},"image":{"@id":"https:\/\/jornaldasoficinas.com\/pt\/adaptacao-a-evolucao-tecnologica-dos-veiculos\/#primaryimage"},"thumbnailUrl":"https:\/\/jornaldasoficinas.com\/pt\/wp-content\/uploads\/2022\/02\/ASB-um-mundo-de-oportunidades.jpeg","articleSection":["Mercado"],"inLanguage":"pt-PT"},{"@type":"WebPage","@id":"https:\/\/jornaldasoficinas.com\/pt\/adaptacao-a-evolucao-tecnologica-dos-veiculos\/","url":"https:\/\/jornaldasoficinas.com\/pt\/adaptacao-a-evolucao-tecnologica-dos-veiculos\/","name":"Adapta\u00e7\u00e3o \u00e0 evolu\u00e7\u00e3o tecnol\u00f3gica dos ve\u00edculos - Jornal das Oficinas","isPartOf":{"@id":"https:\/\/jornaldasoficinas.com\/pt\/#website"},"primaryImageOfPage":{"@id":"https:\/\/jornaldasoficinas.com\/pt\/adaptacao-a-evolucao-tecnologica-dos-veiculos\/#primaryimage"},"image":{"@id":"https:\/\/jornaldasoficinas.com\/pt\/adaptacao-a-evolucao-tecnologica-dos-veiculos\/#primaryimage"},"thumbnailUrl":"https:\/\/jornaldasoficinas.com\/pt\/wp-content\/uploads\/2022\/02\/ASB-um-mundo-de-oportunidades.jpeg","datePublished":"2022-02-09T19:00:30+00:00","breadcrumb":{"@id":"https:\/\/jornaldasoficinas.com\/pt\/adaptacao-a-evolucao-tecnologica-dos-veiculos\/#breadcrumb"},"inLanguage":"pt-PT","potentialAction":[{"@type":"ReadAction","target":["https:\/\/jornaldasoficinas.com\/pt\/adaptacao-a-evolucao-tecnologica-dos-veiculos\/"]}]},{"@type":"ImageObject","inLanguage":"pt-PT","@id":"https:\/\/jornaldasoficinas.com\/pt\/adaptacao-a-evolucao-tecnologica-dos-veiculos\/#primaryimage","url":"https:\/\/jornaldasoficinas.com\/pt\/wp-content\/uploads\/2022\/02\/ASB-um-mundo-de-oportunidades.jpeg","contentUrl":"https:\/\/jornaldasoficinas.com\/pt\/wp-content\/uploads\/2022\/02\/ASB-um-mundo-de-oportunidades.jpeg","width":1024,"height":581,"caption":"02 - ASB um mundo de oportunidades"},{"@type":"BreadcrumbList","@id":"https:\/\/jornaldasoficinas.com\/pt\/adaptacao-a-evolucao-tecnologica-dos-veiculos\/#breadcrumb","itemListElement":[{"@type":"ListItem","position":1,"name":"In\u00edcio","item":"https:\/\/jornaldasoficinas.com\/pt\/"},{"@type":"ListItem","position":2,"name":"Adapta\u00e7\u00e3o \u00e0 evolu\u00e7\u00e3o tecnol\u00f3gica dos ve\u00edculos"}]},{"@type":"WebSite","@id":"https:\/\/jornaldasoficinas.com\/pt\/#website","url":"https:\/\/jornaldasoficinas.com\/pt\/","name":"Jornal das Oficinas","description":"Jornal independente do Aftermarket Autom\u00f3vel em Portugal","publisher":{"@id":"https:\/\/jornaldasoficinas.com\/pt\/#organization"},"potentialAction":[{"@type":"SearchAction","target":{"@type":"EntryPoint","urlTemplate":"https:\/\/jornaldasoficinas.com\/pt\/?s={search_term_string}"},"query-input":{"@type":"PropertyValueSpecification","valueRequired":true,"valueName":"search_term_string"}}],"inLanguage":"pt-PT"},{"@type":"Organization","@id":"https:\/\/jornaldasoficinas.com\/pt\/#organization","name":"Jornal das Oficinas","url":"https:\/\/jornaldasoficinas.com\/pt\/","logo":{"@type":"ImageObject","inLanguage":"pt-PT","@id":"https:\/\/jornaldasoficinas.com\/pt\/#\/schema\/logo\/image\/","url":"https:\/\/jornaldasoficinas.com\/pt\/wp-content\/uploads\/logoJO-SEO.png","contentUrl":"https:\/\/jornaldasoficinas.com\/pt\/wp-content\/uploads\/logoJO-SEO.png","width":285,"height":450,"caption":"Jornal das Oficinas"},"image":{"@id":"https:\/\/jornaldasoficinas.com\/pt\/#\/schema\/logo\/image\/"},"sameAs":["https:\/\/www.facebook.com\/jornaloficinas","https:\/\/x.com\/jornaloficinas","https:\/\/www.instagram.com\/jornal_oficinas\/","https:\/\/www.linkedin.com\/company\/jornal-das-oficinas\/","https:\/\/www.youtube.com\/channel\/UCbQZBqtcvV-oSQrr7RzINGg"]},{"@type":"Person","@id":"https:\/\/jornaldasoficinas.com\/pt\/#\/schema\/person\/a38eef5de2c41d9e7c9ac10141afddf3","name":"Reda\u00e7\u00e3o JO","image":{"@type":"ImageObject","inLanguage":"pt-PT","@id":"https:\/\/secure.gravatar.com\/avatar\/71f2fa71737ad68a84fea94bc708ddac8ea5b0c4788dc2ad202f3ccb2887742f?s=96&d=wp_user_avatar&r=g","url":"https:\/\/secure.gravatar.com\/avatar\/71f2fa71737ad68a84fea94bc708ddac8ea5b0c4788dc2ad202f3ccb2887742f?s=96&d=wp_user_avatar&r=g","contentUrl":"https:\/\/secure.gravatar.com\/avatar\/71f2fa71737ad68a84fea94bc708ddac8ea5b0c4788dc2ad202f3ccb2887742f?s=96&d=wp_user_avatar&r=g","caption":"Reda\u00e7\u00e3o JO"},"url":"https:\/\/jornaldasoficinas.com\/pt\/author\/joredacao\/"}]}},"_links":{"self":[{"href":"https:\/\/jornaldasoficinas.com\/pt\/wp-json\/wp\/v2\/posts\/27204","targetHints":{"allow":["GET"]}}],"collection":[{"href":"https:\/\/jornaldasoficinas.com\/pt\/wp-json\/wp\/v2\/posts"}],"about":[{"href":"https:\/\/jornaldasoficinas.com\/pt\/wp-json\/wp\/v2\/types\/post"}],"author":[{"embeddable":true,"href":"https:\/\/jornaldasoficinas.com\/pt\/wp-json\/wp\/v2\/users\/15"}],"replies":[{"embeddable":true,"href":"https:\/\/jornaldasoficinas.com\/pt\/wp-json\/wp\/v2\/comments?post=27204"}],"version-history":[{"count":0,"href":"https:\/\/jornaldasoficinas.com\/pt\/wp-json\/wp\/v2\/posts\/27204\/revisions"}],"wp:featuredmedia":[{"embeddable":true,"href":"https:\/\/jornaldasoficinas.com\/pt\/wp-json\/wp\/v2\/media\/27206"}],"wp:attachment":[{"href":"https:\/\/jornaldasoficinas.com\/pt\/wp-json\/wp\/v2\/media?parent=27204"}],"wp:term":[{"taxonomy":"category","embeddable":true,"href":"https:\/\/jornaldasoficinas.com\/pt\/wp-json\/wp\/v2\/categories?post=27204"},{"taxonomy":"post_tag","embeddable":true,"href":"https:\/\/jornaldasoficinas.com\/pt\/wp-json\/wp\/v2\/tags?post=27204"}],"curies":[{"name":"wp","href":"https:\/\/api.w.org\/{rel}","templated":true}]}}