{"id":27232,"date":"2022-02-10T16:00:29","date_gmt":"2022-02-10T16:00:29","guid":{"rendered":"https:\/\/jornaldasoficinas.com\/pt\/?p=27232"},"modified":"2022-02-10T08:41:00","modified_gmt":"2022-02-10T08:41:00","slug":"kavo-apresenta-gama-pecas-para-veiculos-eletricos","status":"publish","type":"post","link":"https:\/\/jornaldasoficinas.com\/pt\/kavo-apresenta-gama-pecas-para-veiculos-eletricos\/","title":{"rendered":"KAVO apresenta gama pe\u00e7as para Ve\u00edculos El\u00e9tricos"},"content":{"rendered":"<p><strong><img loading=\"lazy\" decoding=\"async\" class=\"alignnone size-full wp-image-27226\" src=\"https:\/\/jornaldasoficinas.com\/pt\/wp-content\/uploads\/2022\/02\/KAVO-apresenta-gama.jpg\" alt=\"02 - KAVO apresenta gama\" width=\"1024\" height=\"581\" srcset=\"https:\/\/jornaldasoficinas.com\/pt\/wp-content\/uploads\/2022\/02\/KAVO-apresenta-gama.jpg 1024w, https:\/\/jornaldasoficinas.com\/pt\/wp-content\/uploads\/2022\/02\/KAVO-apresenta-gama-300x170.jpg 300w, https:\/\/jornaldasoficinas.com\/pt\/wp-content\/uploads\/2022\/02\/KAVO-apresenta-gama-150x85.jpg 150w, https:\/\/jornaldasoficinas.com\/pt\/wp-content\/uploads\/2022\/02\/KAVO-apresenta-gama-768x436.jpg 768w\" sizes=\"auto, (max-width: 1024px) 100vw, 1024px\" \/><\/strong><\/p>\n<p><strong>Desde o dia 1 de fevereiro, que a <a href=\"https:\/\/www.kavoparts.com\/pt-pt\/\" target=\"_blank\" rel=\"noopener\">KAVO<\/a>, conhecida pela sua especializa\u00e7\u00e3o asi\u00e1tica, acrescentou uma nova gama de pe\u00e7as\u00a0 de reposi\u00e7\u00e3o para todos os ve\u00edculos el\u00e9tricos<\/strong><\/p>\n<p>\u201cNum mundo em constante mudan\u00e7a, como a ind\u00fastria automotiva, \u00e9 preciso adaptar a gama de produtos\u201d, explica Peter Bloemberg, Diretor de Vendas e Marketing da KAVO. \u201cA nossa especialidade asi\u00e1tica possui um modelo de neg\u00f3cios de sucesso h\u00e1 mais de 35 anos, mas o mercado est\u00e1 a mudar, os carros est\u00e3o a mudar, a procura dos clientes est\u00e1 a mudar. Somos uma empresa progressiva e olhamos sempre para o futuro e para as necessidades do mercado, por isso lan\u00e7amos uma completa gama de pe\u00e7as para VE. Desta forma, preparamos os nossos clientes para o que est\u00e1 por vir\u201d, acrescenta.<\/p>\n<p>A KAVO tem clientes em mais de 80 pa\u00edses em todo o mundo. Segundo Peter Bloemberg, \u201ccada mercado \u00e9 diferente, com frotas de carros diferentes e, portanto, necessidades contrastantes. Ao oferecer esta nova gama, podemos atender \u00e0s necessidades de todos os clientes em todas as partes do mundo. E claro, o posicionamento da nossa gama VE \u00e9 o mesmo de todas as pe\u00e7as Kavo; pe\u00e7as de primeira qualidade com pre\u00e7os muito competitivos\u201d.<\/p>\n<p>A KAVO conta com mais de 800 refer\u00eancias diferentes para todos os ve\u00edculos el\u00e9tricos. Peter Bloemberg revela que n\u00e3o vai parar por a\u00ed; \u201c\u00c9 claro que estamos a olhar em frente e preparamos j\u00e1 uma expans\u00e3o da nossa gama para breve. Os carros el\u00e9tricos t\u00eam partes diferentes. Cabos de carregamento, por exemplo, s\u00e3o completamente novos, mas bastante essenciais. Seremos os primeiros a oferecer uma gama completa\u201d.<\/p>\n<p>Ao introduzir a nova gama, a KAVO tamb\u00e9m mostra um visual totalmente novo. \u201cFoi um excelente momento para tamb\u00e9m preparar a nossa identidade corporativa para o futuro. Em primeiro lugar, quer\u00edamos mostrar as nossas especialidades em toda a nossa comunica\u00e7\u00e3o para fortalecer a nossa proposta e, em segundo lugar, atualizar o nosso logotipo. A Kavo Parts est\u00e1 pronta para o futuro\u201d, Peter Bloemberg conclui.<\/p>\n","protected":false},"excerpt":{"rendered":"<p>Desde o dia 1 de fevereiro,&#8230;<\/p>\n","protected":false},"author":15,"featured_media":27226,"comment_status":"closed","ping_status":"closed","sticky":false,"template":"","format":"standard","meta":{"footnotes":""},"categories":[29],"tags":[1446],"class_list":["post-27232","post","type-post","status-publish","format-standard","has-post-thumbnail","hentry","category-empresas","tag-kavo"],"yoast_head":"<!-- This site is optimized with the Yoast SEO plugin v27.4 - https:\/\/yoast.com\/product\/yoast-seo-wordpress\/ -->\n<title>KAVO apresenta gama pe\u00e7as para Ve\u00edculos El\u00e9tricos - Jornal das Oficinas<\/title>\n<meta name=\"robots\" content=\"index, follow, max-snippet:-1, max-image-preview:large, max-video-preview:-1\" \/>\n<link rel=\"canonical\" href=\"https:\/\/jornaldasoficinas.com\/pt\/kavo-apresenta-gama-pecas-para-veiculos-eletricos\/\" \/>\n<meta property=\"og:locale\" content=\"pt_PT\" \/>\n<meta property=\"og:type\" content=\"article\" \/>\n<meta property=\"og:title\" content=\"KAVO apresenta gama pe\u00e7as para Ve\u00edculos El\u00e9tricos - Jornal das Oficinas\" \/>\n<meta property=\"og:description\" content=\"Desde o dia 1 de fevereiro,...\" \/>\n<meta property=\"og:url\" content=\"https:\/\/jornaldasoficinas.com\/pt\/kavo-apresenta-gama-pecas-para-veiculos-eletricos\/\" \/>\n<meta property=\"og:site_name\" content=\"Jornal das Oficinas\" \/>\n<meta property=\"article:publisher\" content=\"https:\/\/www.facebook.com\/jornaloficinas\" \/>\n<meta property=\"article:published_time\" content=\"2022-02-10T16:00:29+00:00\" \/>\n<meta property=\"og:image\" content=\"https:\/\/jornaldasoficinas.com\/pt\/wp-content\/uploads\/2022\/02\/KAVO-apresenta-gama.jpg\" \/>\n\t<meta property=\"og:image:width\" content=\"1024\" \/>\n\t<meta property=\"og:image:height\" content=\"581\" \/>\n\t<meta property=\"og:image:type\" content=\"image\/jpeg\" \/>\n<meta name=\"author\" content=\"Reda\u00e7\u00e3o JO\" \/>\n<meta name=\"twitter:card\" content=\"summary_large_image\" \/>\n<meta name=\"twitter:creator\" content=\"@jornaloficinas\" \/>\n<meta name=\"twitter:site\" content=\"@jornaloficinas\" \/>\n<meta name=\"twitter:label1\" content=\"Escrito por\" \/>\n\t<meta name=\"twitter:data1\" content=\"Reda\u00e7\u00e3o JO\" \/>\n\t<meta name=\"twitter:label2\" content=\"Tempo estimado de leitura\" \/>\n\t<meta name=\"twitter:data2\" content=\"2 minutos\" \/>\n<script type=\"application\/ld+json\" class=\"yoast-schema-graph\">{\"@context\":\"https:\\\/\\\/schema.org\",\"@graph\":[{\"@type\":\"Article\",\"@id\":\"https:\\\/\\\/jornaldasoficinas.com\\\/pt\\\/kavo-apresenta-gama-pecas-para-veiculos-eletricos\\\/#article\",\"isPartOf\":{\"@id\":\"https:\\\/\\\/jornaldasoficinas.com\\\/pt\\\/kavo-apresenta-gama-pecas-para-veiculos-eletricos\\\/\"},\"author\":{\"name\":\"Reda\u00e7\u00e3o JO\",\"@id\":\"https:\\\/\\\/jornaldasoficinas.com\\\/pt\\\/#\\\/schema\\\/person\\\/a38eef5de2c41d9e7c9ac10141afddf3\"},\"headline\":\"KAVO apresenta gama pe\u00e7as para Ve\u00edculos El\u00e9tricos\",\"datePublished\":\"2022-02-10T16:00:29+00:00\",\"mainEntityOfPage\":{\"@id\":\"https:\\\/\\\/jornaldasoficinas.com\\\/pt\\\/kavo-apresenta-gama-pecas-para-veiculos-eletricos\\\/\"},\"wordCount\":359,\"publisher\":{\"@id\":\"https:\\\/\\\/jornaldasoficinas.com\\\/pt\\\/#organization\"},\"image\":{\"@id\":\"https:\\\/\\\/jornaldasoficinas.com\\\/pt\\\/kavo-apresenta-gama-pecas-para-veiculos-eletricos\\\/#primaryimage\"},\"thumbnailUrl\":\"https:\\\/\\\/jornaldasoficinas.com\\\/pt\\\/wp-content\\\/uploads\\\/2022\\\/02\\\/KAVO-apresenta-gama.jpg\",\"keywords\":[\"KAVO\"],\"articleSection\":[\"Empresas\"],\"inLanguage\":\"pt-PT\"},{\"@type\":\"WebPage\",\"@id\":\"https:\\\/\\\/jornaldasoficinas.com\\\/pt\\\/kavo-apresenta-gama-pecas-para-veiculos-eletricos\\\/\",\"url\":\"https:\\\/\\\/jornaldasoficinas.com\\\/pt\\\/kavo-apresenta-gama-pecas-para-veiculos-eletricos\\\/\",\"name\":\"KAVO apresenta gama pe\u00e7as para Ve\u00edculos El\u00e9tricos - Jornal das Oficinas\",\"isPartOf\":{\"@id\":\"https:\\\/\\\/jornaldasoficinas.com\\\/pt\\\/#website\"},\"primaryImageOfPage\":{\"@id\":\"https:\\\/\\\/jornaldasoficinas.com\\\/pt\\\/kavo-apresenta-gama-pecas-para-veiculos-eletricos\\\/#primaryimage\"},\"image\":{\"@id\":\"https:\\\/\\\/jornaldasoficinas.com\\\/pt\\\/kavo-apresenta-gama-pecas-para-veiculos-eletricos\\\/#primaryimage\"},\"thumbnailUrl\":\"https:\\\/\\\/jornaldasoficinas.com\\\/pt\\\/wp-content\\\/uploads\\\/2022\\\/02\\\/KAVO-apresenta-gama.jpg\",\"datePublished\":\"2022-02-10T16:00:29+00:00\",\"breadcrumb\":{\"@id\":\"https:\\\/\\\/jornaldasoficinas.com\\\/pt\\\/kavo-apresenta-gama-pecas-para-veiculos-eletricos\\\/#breadcrumb\"},\"inLanguage\":\"pt-PT\",\"potentialAction\":[{\"@type\":\"ReadAction\",\"target\":[\"https:\\\/\\\/jornaldasoficinas.com\\\/pt\\\/kavo-apresenta-gama-pecas-para-veiculos-eletricos\\\/\"]}]},{\"@type\":\"ImageObject\",\"inLanguage\":\"pt-PT\",\"@id\":\"https:\\\/\\\/jornaldasoficinas.com\\\/pt\\\/kavo-apresenta-gama-pecas-para-veiculos-eletricos\\\/#primaryimage\",\"url\":\"https:\\\/\\\/jornaldasoficinas.com\\\/pt\\\/wp-content\\\/uploads\\\/2022\\\/02\\\/KAVO-apresenta-gama.jpg\",\"contentUrl\":\"https:\\\/\\\/jornaldasoficinas.com\\\/pt\\\/wp-content\\\/uploads\\\/2022\\\/02\\\/KAVO-apresenta-gama.jpg\",\"width\":1024,\"height\":581,\"caption\":\"02 - KAVO apresenta gama\"},{\"@type\":\"BreadcrumbList\",\"@id\":\"https:\\\/\\\/jornaldasoficinas.com\\\/pt\\\/kavo-apresenta-gama-pecas-para-veiculos-eletricos\\\/#breadcrumb\",\"itemListElement\":[{\"@type\":\"ListItem\",\"position\":1,\"name\":\"In\u00edcio\",\"item\":\"https:\\\/\\\/jornaldasoficinas.com\\\/pt\\\/\"},{\"@type\":\"ListItem\",\"position\":2,\"name\":\"KAVO apresenta gama pe\u00e7as para Ve\u00edculos El\u00e9tricos\"}]},{\"@type\":\"WebSite\",\"@id\":\"https:\\\/\\\/jornaldasoficinas.com\\\/pt\\\/#website\",\"url\":\"https:\\\/\\\/jornaldasoficinas.com\\\/pt\\\/\",\"name\":\"Jornal das Oficinas\",\"description\":\"Jornal independente do Aftermarket Autom\u00f3vel em Portugal\",\"publisher\":{\"@id\":\"https:\\\/\\\/jornaldasoficinas.com\\\/pt\\\/#organization\"},\"potentialAction\":[{\"@type\":\"SearchAction\",\"target\":{\"@type\":\"EntryPoint\",\"urlTemplate\":\"https:\\\/\\\/jornaldasoficinas.com\\\/pt\\\/?s={search_term_string}\"},\"query-input\":{\"@type\":\"PropertyValueSpecification\",\"valueRequired\":true,\"valueName\":\"search_term_string\"}}],\"inLanguage\":\"pt-PT\"},{\"@type\":\"Organization\",\"@id\":\"https:\\\/\\\/jornaldasoficinas.com\\\/pt\\\/#organization\",\"name\":\"Jornal das Oficinas\",\"url\":\"https:\\\/\\\/jornaldasoficinas.com\\\/pt\\\/\",\"logo\":{\"@type\":\"ImageObject\",\"inLanguage\":\"pt-PT\",\"@id\":\"https:\\\/\\\/jornaldasoficinas.com\\\/pt\\\/#\\\/schema\\\/logo\\\/image\\\/\",\"url\":\"https:\\\/\\\/jornaldasoficinas.com\\\/pt\\\/wp-content\\\/uploads\\\/logoJO-SEO.png\",\"contentUrl\":\"https:\\\/\\\/jornaldasoficinas.com\\\/pt\\\/wp-content\\\/uploads\\\/logoJO-SEO.png\",\"width\":285,\"height\":450,\"caption\":\"Jornal das Oficinas\"},\"image\":{\"@id\":\"https:\\\/\\\/jornaldasoficinas.com\\\/pt\\\/#\\\/schema\\\/logo\\\/image\\\/\"},\"sameAs\":[\"https:\\\/\\\/www.facebook.com\\\/jornaloficinas\",\"https:\\\/\\\/x.com\\\/jornaloficinas\",\"https:\\\/\\\/www.instagram.com\\\/jornal_oficinas\\\/\",\"https:\\\/\\\/www.linkedin.com\\\/company\\\/jornal-das-oficinas\\\/\",\"https:\\\/\\\/www.youtube.com\\\/channel\\\/UCbQZBqtcvV-oSQrr7RzINGg\"]},{\"@type\":\"Person\",\"@id\":\"https:\\\/\\\/jornaldasoficinas.com\\\/pt\\\/#\\\/schema\\\/person\\\/a38eef5de2c41d9e7c9ac10141afddf3\",\"name\":\"Reda\u00e7\u00e3o JO\",\"image\":{\"@type\":\"ImageObject\",\"inLanguage\":\"pt-PT\",\"@id\":\"https:\\\/\\\/secure.gravatar.com\\\/avatar\\\/71f2fa71737ad68a84fea94bc708ddac8ea5b0c4788dc2ad202f3ccb2887742f?s=96&d=wp_user_avatar&r=g\",\"url\":\"https:\\\/\\\/secure.gravatar.com\\\/avatar\\\/71f2fa71737ad68a84fea94bc708ddac8ea5b0c4788dc2ad202f3ccb2887742f?s=96&d=wp_user_avatar&r=g\",\"contentUrl\":\"https:\\\/\\\/secure.gravatar.com\\\/avatar\\\/71f2fa71737ad68a84fea94bc708ddac8ea5b0c4788dc2ad202f3ccb2887742f?s=96&d=wp_user_avatar&r=g\",\"caption\":\"Reda\u00e7\u00e3o JO\"},\"url\":\"https:\\\/\\\/jornaldasoficinas.com\\\/pt\\\/author\\\/joredacao\\\/\"}]}<\/script>\n<!-- \/ Yoast SEO plugin. -->","yoast_head_json":{"title":"KAVO apresenta gama pe\u00e7as para Ve\u00edculos El\u00e9tricos - Jornal das Oficinas","robots":{"index":"index","follow":"follow","max-snippet":"max-snippet:-1","max-image-preview":"max-image-preview:large","max-video-preview":"max-video-preview:-1"},"canonical":"https:\/\/jornaldasoficinas.com\/pt\/kavo-apresenta-gama-pecas-para-veiculos-eletricos\/","og_locale":"pt_PT","og_type":"article","og_title":"KAVO apresenta gama pe\u00e7as para Ve\u00edculos El\u00e9tricos - Jornal das Oficinas","og_description":"Desde o dia 1 de fevereiro,...","og_url":"https:\/\/jornaldasoficinas.com\/pt\/kavo-apresenta-gama-pecas-para-veiculos-eletricos\/","og_site_name":"Jornal das Oficinas","article_publisher":"https:\/\/www.facebook.com\/jornaloficinas","article_published_time":"2022-02-10T16:00:29+00:00","og_image":[{"width":1024,"height":581,"url":"https:\/\/jornaldasoficinas.com\/pt\/wp-content\/uploads\/2022\/02\/KAVO-apresenta-gama.jpg","type":"image\/jpeg"}],"author":"Reda\u00e7\u00e3o JO","twitter_card":"summary_large_image","twitter_creator":"@jornaloficinas","twitter_site":"@jornaloficinas","twitter_misc":{"Escrito por":"Reda\u00e7\u00e3o JO","Tempo estimado de leitura":"2 minutos"},"schema":{"@context":"https:\/\/schema.org","@graph":[{"@type":"Article","@id":"https:\/\/jornaldasoficinas.com\/pt\/kavo-apresenta-gama-pecas-para-veiculos-eletricos\/#article","isPartOf":{"@id":"https:\/\/jornaldasoficinas.com\/pt\/kavo-apresenta-gama-pecas-para-veiculos-eletricos\/"},"author":{"name":"Reda\u00e7\u00e3o JO","@id":"https:\/\/jornaldasoficinas.com\/pt\/#\/schema\/person\/a38eef5de2c41d9e7c9ac10141afddf3"},"headline":"KAVO apresenta gama pe\u00e7as para Ve\u00edculos El\u00e9tricos","datePublished":"2022-02-10T16:00:29+00:00","mainEntityOfPage":{"@id":"https:\/\/jornaldasoficinas.com\/pt\/kavo-apresenta-gama-pecas-para-veiculos-eletricos\/"},"wordCount":359,"publisher":{"@id":"https:\/\/jornaldasoficinas.com\/pt\/#organization"},"image":{"@id":"https:\/\/jornaldasoficinas.com\/pt\/kavo-apresenta-gama-pecas-para-veiculos-eletricos\/#primaryimage"},"thumbnailUrl":"https:\/\/jornaldasoficinas.com\/pt\/wp-content\/uploads\/2022\/02\/KAVO-apresenta-gama.jpg","keywords":["KAVO"],"articleSection":["Empresas"],"inLanguage":"pt-PT"},{"@type":"WebPage","@id":"https:\/\/jornaldasoficinas.com\/pt\/kavo-apresenta-gama-pecas-para-veiculos-eletricos\/","url":"https:\/\/jornaldasoficinas.com\/pt\/kavo-apresenta-gama-pecas-para-veiculos-eletricos\/","name":"KAVO apresenta gama pe\u00e7as para Ve\u00edculos El\u00e9tricos - Jornal das Oficinas","isPartOf":{"@id":"https:\/\/jornaldasoficinas.com\/pt\/#website"},"primaryImageOfPage":{"@id":"https:\/\/jornaldasoficinas.com\/pt\/kavo-apresenta-gama-pecas-para-veiculos-eletricos\/#primaryimage"},"image":{"@id":"https:\/\/jornaldasoficinas.com\/pt\/kavo-apresenta-gama-pecas-para-veiculos-eletricos\/#primaryimage"},"thumbnailUrl":"https:\/\/jornaldasoficinas.com\/pt\/wp-content\/uploads\/2022\/02\/KAVO-apresenta-gama.jpg","datePublished":"2022-02-10T16:00:29+00:00","breadcrumb":{"@id":"https:\/\/jornaldasoficinas.com\/pt\/kavo-apresenta-gama-pecas-para-veiculos-eletricos\/#breadcrumb"},"inLanguage":"pt-PT","potentialAction":[{"@type":"ReadAction","target":["https:\/\/jornaldasoficinas.com\/pt\/kavo-apresenta-gama-pecas-para-veiculos-eletricos\/"]}]},{"@type":"ImageObject","inLanguage":"pt-PT","@id":"https:\/\/jornaldasoficinas.com\/pt\/kavo-apresenta-gama-pecas-para-veiculos-eletricos\/#primaryimage","url":"https:\/\/jornaldasoficinas.com\/pt\/wp-content\/uploads\/2022\/02\/KAVO-apresenta-gama.jpg","contentUrl":"https:\/\/jornaldasoficinas.com\/pt\/wp-content\/uploads\/2022\/02\/KAVO-apresenta-gama.jpg","width":1024,"height":581,"caption":"02 - KAVO apresenta gama"},{"@type":"BreadcrumbList","@id":"https:\/\/jornaldasoficinas.com\/pt\/kavo-apresenta-gama-pecas-para-veiculos-eletricos\/#breadcrumb","itemListElement":[{"@type":"ListItem","position":1,"name":"In\u00edcio","item":"https:\/\/jornaldasoficinas.com\/pt\/"},{"@type":"ListItem","position":2,"name":"KAVO apresenta gama pe\u00e7as para Ve\u00edculos El\u00e9tricos"}]},{"@type":"WebSite","@id":"https:\/\/jornaldasoficinas.com\/pt\/#website","url":"https:\/\/jornaldasoficinas.com\/pt\/","name":"Jornal das Oficinas","description":"Jornal independente do Aftermarket Autom\u00f3vel em Portugal","publisher":{"@id":"https:\/\/jornaldasoficinas.com\/pt\/#organization"},"potentialAction":[{"@type":"SearchAction","target":{"@type":"EntryPoint","urlTemplate":"https:\/\/jornaldasoficinas.com\/pt\/?s={search_term_string}"},"query-input":{"@type":"PropertyValueSpecification","valueRequired":true,"valueName":"search_term_string"}}],"inLanguage":"pt-PT"},{"@type":"Organization","@id":"https:\/\/jornaldasoficinas.com\/pt\/#organization","name":"Jornal das Oficinas","url":"https:\/\/jornaldasoficinas.com\/pt\/","logo":{"@type":"ImageObject","inLanguage":"pt-PT","@id":"https:\/\/jornaldasoficinas.com\/pt\/#\/schema\/logo\/image\/","url":"https:\/\/jornaldasoficinas.com\/pt\/wp-content\/uploads\/logoJO-SEO.png","contentUrl":"https:\/\/jornaldasoficinas.com\/pt\/wp-content\/uploads\/logoJO-SEO.png","width":285,"height":450,"caption":"Jornal das Oficinas"},"image":{"@id":"https:\/\/jornaldasoficinas.com\/pt\/#\/schema\/logo\/image\/"},"sameAs":["https:\/\/www.facebook.com\/jornaloficinas","https:\/\/x.com\/jornaloficinas","https:\/\/www.instagram.com\/jornal_oficinas\/","https:\/\/www.linkedin.com\/company\/jornal-das-oficinas\/","https:\/\/www.youtube.com\/channel\/UCbQZBqtcvV-oSQrr7RzINGg"]},{"@type":"Person","@id":"https:\/\/jornaldasoficinas.com\/pt\/#\/schema\/person\/a38eef5de2c41d9e7c9ac10141afddf3","name":"Reda\u00e7\u00e3o JO","image":{"@type":"ImageObject","inLanguage":"pt-PT","@id":"https:\/\/secure.gravatar.com\/avatar\/71f2fa71737ad68a84fea94bc708ddac8ea5b0c4788dc2ad202f3ccb2887742f?s=96&d=wp_user_avatar&r=g","url":"https:\/\/secure.gravatar.com\/avatar\/71f2fa71737ad68a84fea94bc708ddac8ea5b0c4788dc2ad202f3ccb2887742f?s=96&d=wp_user_avatar&r=g","contentUrl":"https:\/\/secure.gravatar.com\/avatar\/71f2fa71737ad68a84fea94bc708ddac8ea5b0c4788dc2ad202f3ccb2887742f?s=96&d=wp_user_avatar&r=g","caption":"Reda\u00e7\u00e3o JO"},"url":"https:\/\/jornaldasoficinas.com\/pt\/author\/joredacao\/"}]}},"_links":{"self":[{"href":"https:\/\/jornaldasoficinas.com\/pt\/wp-json\/wp\/v2\/posts\/27232","targetHints":{"allow":["GET"]}}],"collection":[{"href":"https:\/\/jornaldasoficinas.com\/pt\/wp-json\/wp\/v2\/posts"}],"about":[{"href":"https:\/\/jornaldasoficinas.com\/pt\/wp-json\/wp\/v2\/types\/post"}],"author":[{"embeddable":true,"href":"https:\/\/jornaldasoficinas.com\/pt\/wp-json\/wp\/v2\/users\/15"}],"replies":[{"embeddable":true,"href":"https:\/\/jornaldasoficinas.com\/pt\/wp-json\/wp\/v2\/comments?post=27232"}],"version-history":[{"count":0,"href":"https:\/\/jornaldasoficinas.com\/pt\/wp-json\/wp\/v2\/posts\/27232\/revisions"}],"wp:featuredmedia":[{"embeddable":true,"href":"https:\/\/jornaldasoficinas.com\/pt\/wp-json\/wp\/v2\/media\/27226"}],"wp:attachment":[{"href":"https:\/\/jornaldasoficinas.com\/pt\/wp-json\/wp\/v2\/media?parent=27232"}],"wp:term":[{"taxonomy":"category","embeddable":true,"href":"https:\/\/jornaldasoficinas.com\/pt\/wp-json\/wp\/v2\/categories?post=27232"},{"taxonomy":"post_tag","embeddable":true,"href":"https:\/\/jornaldasoficinas.com\/pt\/wp-json\/wp\/v2\/tags?post=27232"}],"curies":[{"name":"wp","href":"https:\/\/api.w.org\/{rel}","templated":true}]}}