{"id":27285,"date":"2022-02-12T10:00:50","date_gmt":"2022-02-12T10:00:50","guid":{"rendered":"https:\/\/jornaldasoficinas.com\/pt\/?p=27285"},"modified":"2022-02-11T17:11:33","modified_gmt":"2022-02-11T17:11:33","slug":"arval-encerra-2021-com-desempenho-notavel","status":"publish","type":"post","link":"https:\/\/jornaldasoficinas.com\/pt\/arval-encerra-2021-com-desempenho-notavel\/","title":{"rendered":"Arval encerra 2021 com desempenho not\u00e1vel"},"content":{"rendered":"<p><strong><img loading=\"lazy\" decoding=\"async\" class=\"alignnone size-full wp-image-27275\" src=\"https:\/\/jornaldasoficinas.com\/pt\/wp-content\/uploads\/2022\/02\/Arval-encerra-2021.png\" alt=\"02 - Arval encerra 2021\" width=\"1024\" height=\"581\" srcset=\"https:\/\/jornaldasoficinas.com\/pt\/wp-content\/uploads\/2022\/02\/Arval-encerra-2021.png 1024w, https:\/\/jornaldasoficinas.com\/pt\/wp-content\/uploads\/2022\/02\/Arval-encerra-2021-300x170.png 300w, https:\/\/jornaldasoficinas.com\/pt\/wp-content\/uploads\/2022\/02\/Arval-encerra-2021-150x85.png 150w, https:\/\/jornaldasoficinas.com\/pt\/wp-content\/uploads\/2022\/02\/Arval-encerra-2021-768x436.png 768w\" sizes=\"auto, (max-width: 1024px) 100vw, 1024px\" \/><\/strong><\/p>\n<p><strong>A <a href=\"https:\/\/www.arval.pt\/\" target=\"_blank\" rel=\"noopener\">Arval<\/a>, voltou a destacar-se no ano de 2021 em compara\u00e7\u00e3o com o resto do mercado. Gra\u00e7as \u00e0 qualidade da sua abordagem centrada no cliente e ao seu robusto plano estrat\u00e9gico &#8211; o Arval Beyond &#8211; a Arval obteve um desempenho not\u00e1vel tendo em conta os desafios associados \u00e0 pandemia, \u00e0 escassez de semicondutores e a um contexto global desafiante no setor autom\u00f3vel<\/strong><\/p>\n<p>Em 2021, comparando com 2020,\u00a0a Arval cresceu 6,4% a sua frota, totalizando\u00a01.469.753 ve\u00edculos.\u00a0As encomendas de novas viaturas aumentaram 15%\u00a0em compara\u00e7\u00e3o com o per\u00edodo pr\u00e9-Covid, refletindo a forte procura dos seus clientes.\u00a0A frota financiada para os clientes corporate ascendeu a 1.032.065 ve\u00edculos\u00a0em\u00a02021.<\/p>\n<p>O segmento de\u00a0Retail\u00a0cresceu 11%,\u00a0com o aluguer a particulares a aumentar em 24% e o\u00a0segmento de Mid-Term Rental aumentou 20%. A transforma\u00e7\u00e3o relacionada com solu\u00e7\u00f5es de mobilidade e sustentabilidade iniciada com o Arval Beyond come\u00e7ou tamb\u00e9m a dar frutos: o n\u00famero de contratos de aluguer de bicicletas cresceu 54%, a quantidade de meses alugados com o Arval Mid-Term Rental aumentou 34% e 30% das novas encomendas da Arval foram para ve\u00edculos eletrificados.<\/p>\n<p><strong>Os\u00a07.500 empregados da Arval\u00a0prestam servi\u00e7os a mais de\u00a0300.000 clientes\u00a0em\u00a030 pa\u00edses.<br \/>\n<\/strong>\u201cNo que diz respeito a Portugal, \u00e9 com enorme satisfa\u00e7\u00e3o que podemos afirmar que a nossa frota cresceu muito acima do mercado, na casa dos dois d\u00edgitos, e que o grande focus no plano estrat\u00e9gico Arval Beyond contribuiu para uma transi\u00e7\u00e3o energ\u00e9tica dos nossos clientes superior ao que t\u00ednhamos programado. De facto os nossos clientes t\u00eam demonstrado claramente que confiam cada vez mais na Arval e isso deixa-nos muito orgulhosos\u201d\u00a0\u00a0comenta Jos\u00e9 Pedro Pinto, Diretor Geral da Arval Portugal.<\/p>\n<p>Ao longo de 2021, a empresa p\u00f4s em a\u00e7\u00e3o o plano estrat\u00e9gico Arval Beyond, com uma s\u00e9rie de realiza\u00e7\u00f5es not\u00e1veis, em linha com a ambi\u00e7\u00e3o da Arval de se tornar l\u00edder em mobilidade sustent\u00e1vel. Foram feitos progressos consider\u00e1veis em cada uma das quatro ofertas do Arval Beyond, nomeadamente:<\/p>\n<ul>\n<li>360\u00b0 Mobility:\u00a0O servi\u00e7o de Mobilidade da Arval foi implementado em quatro pa\u00edses com j\u00e1 mais de 3.000 utilizadores da App Arval Mobility nos Pa\u00edses Baixos. Tamb\u00e9m foi lan\u00e7ada o Arval Mobility Consulting para apoiar os clientes na sua transi\u00e7\u00e3o energ\u00e9tica, bem como o Centro de Mobilidade Arval que integra todas as solu\u00e7\u00f5es de mobilidade numa \u00fanica \u00e1rea. O aluguer de bicicletas el\u00e9tricas est\u00e1 agora operacional em 10 pa\u00edses, tendo sido assinados importantes acordos com os clientes da Arval em v\u00e1rios pa\u00edses (+54% de bicicletas alugadas em compara\u00e7\u00e3o com o ano passado). O ensaio do vaiv\u00e9m aut\u00f3nomo foi alargado em Fran\u00e7a.<\/li>\n<li>Connected:\u00a0A frota conectada da Arval compreende agora cerca de 400.000 viaturas, fazendo da Arval um dos tr\u00eas principais\u00a0players\u00a0europeus neste campo.<\/li>\n<li>Arval Inside:\u00a0As parcerias da Arval ganharam um impulso significativo em 2021. Para al\u00e9m dos acordos existentes com bancos (CaixaBank em Espanha e Portugal, UniCredit Bank Austria, Erste Bank na Eslov\u00e1quia, etc.), a empresa continua a trabalhar com agentes do setor autom\u00f3vel no quadro de parcerias internacionais (Hyundai, Kia, Honda, Sixt, Alcomotive, Emil Frey France, MG e Volvo Cars). Al\u00e9m disso, em conjunto com o seu parceiro hist\u00f3rico, Element, a Arval alargou a sua cobertura geogr\u00e1fica para incluir mais tr\u00eas pa\u00edses b\u00e1lticos: Let\u00f3nia, Litu\u00e2nia e Est\u00f3nia.<\/li>\n<li>Good for you, good for all:\u00a0Para apoiar ainda mais os seus clientes no caminho da transi\u00e7\u00e3o energ\u00e9tica, a Arval redefiniu o seu objetivo para 2025: alugar 700.000 ve\u00edculos eletrificados, o que representa 35% do total da frota gerida pela Arval. &#8220;Arval Re-Lease&#8221;, o seu servi\u00e7o de aluguer de viaturas usadas, est\u00e1 agora em funcionamento em sete pa\u00edses.<\/li>\n<\/ul>\n<p>&nbsp;<\/p>\n","protected":false},"excerpt":{"rendered":"<p>A Arval, voltou a destacar-se no&#8230;<\/p>\n","protected":false},"author":15,"featured_media":27275,"comment_status":"closed","ping_status":"closed","sticky":false,"template":"","format":"standard","meta":{"footnotes":""},"categories":[37],"tags":[340],"class_list":["post-27285","post","type-post","status-publish","format-standard","has-post-thumbnail","hentry","category-mercado","tag-pcc"],"yoast_head":"<!-- This site is optimized with the Yoast SEO plugin v27.4 - https:\/\/yoast.com\/product\/yoast-seo-wordpress\/ -->\n<title>Arval encerra 2021 com desempenho not\u00e1vel - Jornal das Oficinas<\/title>\n<meta name=\"robots\" content=\"index, follow, max-snippet:-1, max-image-preview:large, max-video-preview:-1\" \/>\n<link rel=\"canonical\" href=\"https:\/\/jornaldasoficinas.com\/pt\/arval-encerra-2021-com-desempenho-notavel\/\" \/>\n<meta property=\"og:locale\" content=\"pt_PT\" \/>\n<meta property=\"og:type\" content=\"article\" \/>\n<meta property=\"og:title\" content=\"Arval encerra 2021 com desempenho not\u00e1vel - Jornal das Oficinas\" \/>\n<meta property=\"og:description\" content=\"A Arval, voltou a destacar-se no...\" \/>\n<meta property=\"og:url\" content=\"https:\/\/jornaldasoficinas.com\/pt\/arval-encerra-2021-com-desempenho-notavel\/\" \/>\n<meta property=\"og:site_name\" content=\"Jornal das Oficinas\" \/>\n<meta property=\"article:publisher\" content=\"https:\/\/www.facebook.com\/jornaloficinas\" \/>\n<meta property=\"article:published_time\" content=\"2022-02-12T10:00:50+00:00\" \/>\n<meta property=\"og:image\" content=\"https:\/\/jornaldasoficinas.com\/pt\/wp-content\/uploads\/2022\/02\/Arval-encerra-2021.png\" \/>\n\t<meta property=\"og:image:width\" content=\"1024\" \/>\n\t<meta property=\"og:image:height\" content=\"581\" \/>\n\t<meta property=\"og:image:type\" content=\"image\/png\" \/>\n<meta name=\"author\" content=\"Reda\u00e7\u00e3o JO\" \/>\n<meta name=\"twitter:card\" content=\"summary_large_image\" \/>\n<meta name=\"twitter:creator\" content=\"@jornaloficinas\" \/>\n<meta name=\"twitter:site\" content=\"@jornaloficinas\" \/>\n<meta name=\"twitter:label1\" content=\"Escrito por\" \/>\n\t<meta name=\"twitter:data1\" content=\"Reda\u00e7\u00e3o JO\" \/>\n\t<meta name=\"twitter:label2\" content=\"Tempo estimado de leitura\" \/>\n\t<meta name=\"twitter:data2\" content=\"3 minutos\" \/>\n<script type=\"application\/ld+json\" class=\"yoast-schema-graph\">{\"@context\":\"https:\\\/\\\/schema.org\",\"@graph\":[{\"@type\":\"Article\",\"@id\":\"https:\\\/\\\/jornaldasoficinas.com\\\/pt\\\/arval-encerra-2021-com-desempenho-notavel\\\/#article\",\"isPartOf\":{\"@id\":\"https:\\\/\\\/jornaldasoficinas.com\\\/pt\\\/arval-encerra-2021-com-desempenho-notavel\\\/\"},\"author\":{\"name\":\"Reda\u00e7\u00e3o JO\",\"@id\":\"https:\\\/\\\/jornaldasoficinas.com\\\/pt\\\/#\\\/schema\\\/person\\\/a38eef5de2c41d9e7c9ac10141afddf3\"},\"headline\":\"Arval encerra 2021 com desempenho not\u00e1vel\",\"datePublished\":\"2022-02-12T10:00:50+00:00\",\"mainEntityOfPage\":{\"@id\":\"https:\\\/\\\/jornaldasoficinas.com\\\/pt\\\/arval-encerra-2021-com-desempenho-notavel\\\/\"},\"wordCount\":641,\"publisher\":{\"@id\":\"https:\\\/\\\/jornaldasoficinas.com\\\/pt\\\/#organization\"},\"image\":{\"@id\":\"https:\\\/\\\/jornaldasoficinas.com\\\/pt\\\/arval-encerra-2021-com-desempenho-notavel\\\/#primaryimage\"},\"thumbnailUrl\":\"https:\\\/\\\/jornaldasoficinas.com\\\/pt\\\/wp-content\\\/uploads\\\/2022\\\/02\\\/Arval-encerra-2021.png\",\"keywords\":[\"PCC\"],\"articleSection\":[\"Mercado\"],\"inLanguage\":\"pt-PT\"},{\"@type\":\"WebPage\",\"@id\":\"https:\\\/\\\/jornaldasoficinas.com\\\/pt\\\/arval-encerra-2021-com-desempenho-notavel\\\/\",\"url\":\"https:\\\/\\\/jornaldasoficinas.com\\\/pt\\\/arval-encerra-2021-com-desempenho-notavel\\\/\",\"name\":\"Arval encerra 2021 com desempenho not\u00e1vel - Jornal das Oficinas\",\"isPartOf\":{\"@id\":\"https:\\\/\\\/jornaldasoficinas.com\\\/pt\\\/#website\"},\"primaryImageOfPage\":{\"@id\":\"https:\\\/\\\/jornaldasoficinas.com\\\/pt\\\/arval-encerra-2021-com-desempenho-notavel\\\/#primaryimage\"},\"image\":{\"@id\":\"https:\\\/\\\/jornaldasoficinas.com\\\/pt\\\/arval-encerra-2021-com-desempenho-notavel\\\/#primaryimage\"},\"thumbnailUrl\":\"https:\\\/\\\/jornaldasoficinas.com\\\/pt\\\/wp-content\\\/uploads\\\/2022\\\/02\\\/Arval-encerra-2021.png\",\"datePublished\":\"2022-02-12T10:00:50+00:00\",\"breadcrumb\":{\"@id\":\"https:\\\/\\\/jornaldasoficinas.com\\\/pt\\\/arval-encerra-2021-com-desempenho-notavel\\\/#breadcrumb\"},\"inLanguage\":\"pt-PT\",\"potentialAction\":[{\"@type\":\"ReadAction\",\"target\":[\"https:\\\/\\\/jornaldasoficinas.com\\\/pt\\\/arval-encerra-2021-com-desempenho-notavel\\\/\"]}]},{\"@type\":\"ImageObject\",\"inLanguage\":\"pt-PT\",\"@id\":\"https:\\\/\\\/jornaldasoficinas.com\\\/pt\\\/arval-encerra-2021-com-desempenho-notavel\\\/#primaryimage\",\"url\":\"https:\\\/\\\/jornaldasoficinas.com\\\/pt\\\/wp-content\\\/uploads\\\/2022\\\/02\\\/Arval-encerra-2021.png\",\"contentUrl\":\"https:\\\/\\\/jornaldasoficinas.com\\\/pt\\\/wp-content\\\/uploads\\\/2022\\\/02\\\/Arval-encerra-2021.png\",\"width\":1024,\"height\":581,\"caption\":\"02 - Arval encerra 2021\"},{\"@type\":\"BreadcrumbList\",\"@id\":\"https:\\\/\\\/jornaldasoficinas.com\\\/pt\\\/arval-encerra-2021-com-desempenho-notavel\\\/#breadcrumb\",\"itemListElement\":[{\"@type\":\"ListItem\",\"position\":1,\"name\":\"In\u00edcio\",\"item\":\"https:\\\/\\\/jornaldasoficinas.com\\\/pt\\\/\"},{\"@type\":\"ListItem\",\"position\":2,\"name\":\"Arval encerra 2021 com desempenho not\u00e1vel\"}]},{\"@type\":\"WebSite\",\"@id\":\"https:\\\/\\\/jornaldasoficinas.com\\\/pt\\\/#website\",\"url\":\"https:\\\/\\\/jornaldasoficinas.com\\\/pt\\\/\",\"name\":\"Jornal das Oficinas\",\"description\":\"Jornal independente do Aftermarket Autom\u00f3vel em Portugal\",\"publisher\":{\"@id\":\"https:\\\/\\\/jornaldasoficinas.com\\\/pt\\\/#organization\"},\"potentialAction\":[{\"@type\":\"SearchAction\",\"target\":{\"@type\":\"EntryPoint\",\"urlTemplate\":\"https:\\\/\\\/jornaldasoficinas.com\\\/pt\\\/?s={search_term_string}\"},\"query-input\":{\"@type\":\"PropertyValueSpecification\",\"valueRequired\":true,\"valueName\":\"search_term_string\"}}],\"inLanguage\":\"pt-PT\"},{\"@type\":\"Organization\",\"@id\":\"https:\\\/\\\/jornaldasoficinas.com\\\/pt\\\/#organization\",\"name\":\"Jornal das Oficinas\",\"url\":\"https:\\\/\\\/jornaldasoficinas.com\\\/pt\\\/\",\"logo\":{\"@type\":\"ImageObject\",\"inLanguage\":\"pt-PT\",\"@id\":\"https:\\\/\\\/jornaldasoficinas.com\\\/pt\\\/#\\\/schema\\\/logo\\\/image\\\/\",\"url\":\"https:\\\/\\\/jornaldasoficinas.com\\\/pt\\\/wp-content\\\/uploads\\\/logoJO-SEO.png\",\"contentUrl\":\"https:\\\/\\\/jornaldasoficinas.com\\\/pt\\\/wp-content\\\/uploads\\\/logoJO-SEO.png\",\"width\":285,\"height\":450,\"caption\":\"Jornal das Oficinas\"},\"image\":{\"@id\":\"https:\\\/\\\/jornaldasoficinas.com\\\/pt\\\/#\\\/schema\\\/logo\\\/image\\\/\"},\"sameAs\":[\"https:\\\/\\\/www.facebook.com\\\/jornaloficinas\",\"https:\\\/\\\/x.com\\\/jornaloficinas\",\"https:\\\/\\\/www.instagram.com\\\/jornal_oficinas\\\/\",\"https:\\\/\\\/www.linkedin.com\\\/company\\\/jornal-das-oficinas\\\/\",\"https:\\\/\\\/www.youtube.com\\\/channel\\\/UCbQZBqtcvV-oSQrr7RzINGg\"]},{\"@type\":\"Person\",\"@id\":\"https:\\\/\\\/jornaldasoficinas.com\\\/pt\\\/#\\\/schema\\\/person\\\/a38eef5de2c41d9e7c9ac10141afddf3\",\"name\":\"Reda\u00e7\u00e3o JO\",\"image\":{\"@type\":\"ImageObject\",\"inLanguage\":\"pt-PT\",\"@id\":\"https:\\\/\\\/secure.gravatar.com\\\/avatar\\\/71f2fa71737ad68a84fea94bc708ddac8ea5b0c4788dc2ad202f3ccb2887742f?s=96&d=wp_user_avatar&r=g\",\"url\":\"https:\\\/\\\/secure.gravatar.com\\\/avatar\\\/71f2fa71737ad68a84fea94bc708ddac8ea5b0c4788dc2ad202f3ccb2887742f?s=96&d=wp_user_avatar&r=g\",\"contentUrl\":\"https:\\\/\\\/secure.gravatar.com\\\/avatar\\\/71f2fa71737ad68a84fea94bc708ddac8ea5b0c4788dc2ad202f3ccb2887742f?s=96&d=wp_user_avatar&r=g\",\"caption\":\"Reda\u00e7\u00e3o JO\"},\"url\":\"https:\\\/\\\/jornaldasoficinas.com\\\/pt\\\/author\\\/joredacao\\\/\"}]}<\/script>\n<!-- \/ Yoast SEO plugin. -->","yoast_head_json":{"title":"Arval encerra 2021 com desempenho not\u00e1vel - Jornal das Oficinas","robots":{"index":"index","follow":"follow","max-snippet":"max-snippet:-1","max-image-preview":"max-image-preview:large","max-video-preview":"max-video-preview:-1"},"canonical":"https:\/\/jornaldasoficinas.com\/pt\/arval-encerra-2021-com-desempenho-notavel\/","og_locale":"pt_PT","og_type":"article","og_title":"Arval encerra 2021 com desempenho not\u00e1vel - Jornal das Oficinas","og_description":"A Arval, voltou a destacar-se no...","og_url":"https:\/\/jornaldasoficinas.com\/pt\/arval-encerra-2021-com-desempenho-notavel\/","og_site_name":"Jornal das Oficinas","article_publisher":"https:\/\/www.facebook.com\/jornaloficinas","article_published_time":"2022-02-12T10:00:50+00:00","og_image":[{"width":1024,"height":581,"url":"https:\/\/jornaldasoficinas.com\/pt\/wp-content\/uploads\/2022\/02\/Arval-encerra-2021.png","type":"image\/png"}],"author":"Reda\u00e7\u00e3o JO","twitter_card":"summary_large_image","twitter_creator":"@jornaloficinas","twitter_site":"@jornaloficinas","twitter_misc":{"Escrito por":"Reda\u00e7\u00e3o JO","Tempo estimado de leitura":"3 minutos"},"schema":{"@context":"https:\/\/schema.org","@graph":[{"@type":"Article","@id":"https:\/\/jornaldasoficinas.com\/pt\/arval-encerra-2021-com-desempenho-notavel\/#article","isPartOf":{"@id":"https:\/\/jornaldasoficinas.com\/pt\/arval-encerra-2021-com-desempenho-notavel\/"},"author":{"name":"Reda\u00e7\u00e3o JO","@id":"https:\/\/jornaldasoficinas.com\/pt\/#\/schema\/person\/a38eef5de2c41d9e7c9ac10141afddf3"},"headline":"Arval encerra 2021 com desempenho not\u00e1vel","datePublished":"2022-02-12T10:00:50+00:00","mainEntityOfPage":{"@id":"https:\/\/jornaldasoficinas.com\/pt\/arval-encerra-2021-com-desempenho-notavel\/"},"wordCount":641,"publisher":{"@id":"https:\/\/jornaldasoficinas.com\/pt\/#organization"},"image":{"@id":"https:\/\/jornaldasoficinas.com\/pt\/arval-encerra-2021-com-desempenho-notavel\/#primaryimage"},"thumbnailUrl":"https:\/\/jornaldasoficinas.com\/pt\/wp-content\/uploads\/2022\/02\/Arval-encerra-2021.png","keywords":["PCC"],"articleSection":["Mercado"],"inLanguage":"pt-PT"},{"@type":"WebPage","@id":"https:\/\/jornaldasoficinas.com\/pt\/arval-encerra-2021-com-desempenho-notavel\/","url":"https:\/\/jornaldasoficinas.com\/pt\/arval-encerra-2021-com-desempenho-notavel\/","name":"Arval encerra 2021 com desempenho not\u00e1vel - Jornal das Oficinas","isPartOf":{"@id":"https:\/\/jornaldasoficinas.com\/pt\/#website"},"primaryImageOfPage":{"@id":"https:\/\/jornaldasoficinas.com\/pt\/arval-encerra-2021-com-desempenho-notavel\/#primaryimage"},"image":{"@id":"https:\/\/jornaldasoficinas.com\/pt\/arval-encerra-2021-com-desempenho-notavel\/#primaryimage"},"thumbnailUrl":"https:\/\/jornaldasoficinas.com\/pt\/wp-content\/uploads\/2022\/02\/Arval-encerra-2021.png","datePublished":"2022-02-12T10:00:50+00:00","breadcrumb":{"@id":"https:\/\/jornaldasoficinas.com\/pt\/arval-encerra-2021-com-desempenho-notavel\/#breadcrumb"},"inLanguage":"pt-PT","potentialAction":[{"@type":"ReadAction","target":["https:\/\/jornaldasoficinas.com\/pt\/arval-encerra-2021-com-desempenho-notavel\/"]}]},{"@type":"ImageObject","inLanguage":"pt-PT","@id":"https:\/\/jornaldasoficinas.com\/pt\/arval-encerra-2021-com-desempenho-notavel\/#primaryimage","url":"https:\/\/jornaldasoficinas.com\/pt\/wp-content\/uploads\/2022\/02\/Arval-encerra-2021.png","contentUrl":"https:\/\/jornaldasoficinas.com\/pt\/wp-content\/uploads\/2022\/02\/Arval-encerra-2021.png","width":1024,"height":581,"caption":"02 - Arval encerra 2021"},{"@type":"BreadcrumbList","@id":"https:\/\/jornaldasoficinas.com\/pt\/arval-encerra-2021-com-desempenho-notavel\/#breadcrumb","itemListElement":[{"@type":"ListItem","position":1,"name":"In\u00edcio","item":"https:\/\/jornaldasoficinas.com\/pt\/"},{"@type":"ListItem","position":2,"name":"Arval encerra 2021 com desempenho not\u00e1vel"}]},{"@type":"WebSite","@id":"https:\/\/jornaldasoficinas.com\/pt\/#website","url":"https:\/\/jornaldasoficinas.com\/pt\/","name":"Jornal das Oficinas","description":"Jornal independente do Aftermarket Autom\u00f3vel em Portugal","publisher":{"@id":"https:\/\/jornaldasoficinas.com\/pt\/#organization"},"potentialAction":[{"@type":"SearchAction","target":{"@type":"EntryPoint","urlTemplate":"https:\/\/jornaldasoficinas.com\/pt\/?s={search_term_string}"},"query-input":{"@type":"PropertyValueSpecification","valueRequired":true,"valueName":"search_term_string"}}],"inLanguage":"pt-PT"},{"@type":"Organization","@id":"https:\/\/jornaldasoficinas.com\/pt\/#organization","name":"Jornal das Oficinas","url":"https:\/\/jornaldasoficinas.com\/pt\/","logo":{"@type":"ImageObject","inLanguage":"pt-PT","@id":"https:\/\/jornaldasoficinas.com\/pt\/#\/schema\/logo\/image\/","url":"https:\/\/jornaldasoficinas.com\/pt\/wp-content\/uploads\/logoJO-SEO.png","contentUrl":"https:\/\/jornaldasoficinas.com\/pt\/wp-content\/uploads\/logoJO-SEO.png","width":285,"height":450,"caption":"Jornal das Oficinas"},"image":{"@id":"https:\/\/jornaldasoficinas.com\/pt\/#\/schema\/logo\/image\/"},"sameAs":["https:\/\/www.facebook.com\/jornaloficinas","https:\/\/x.com\/jornaloficinas","https:\/\/www.instagram.com\/jornal_oficinas\/","https:\/\/www.linkedin.com\/company\/jornal-das-oficinas\/","https:\/\/www.youtube.com\/channel\/UCbQZBqtcvV-oSQrr7RzINGg"]},{"@type":"Person","@id":"https:\/\/jornaldasoficinas.com\/pt\/#\/schema\/person\/a38eef5de2c41d9e7c9ac10141afddf3","name":"Reda\u00e7\u00e3o JO","image":{"@type":"ImageObject","inLanguage":"pt-PT","@id":"https:\/\/secure.gravatar.com\/avatar\/71f2fa71737ad68a84fea94bc708ddac8ea5b0c4788dc2ad202f3ccb2887742f?s=96&d=wp_user_avatar&r=g","url":"https:\/\/secure.gravatar.com\/avatar\/71f2fa71737ad68a84fea94bc708ddac8ea5b0c4788dc2ad202f3ccb2887742f?s=96&d=wp_user_avatar&r=g","contentUrl":"https:\/\/secure.gravatar.com\/avatar\/71f2fa71737ad68a84fea94bc708ddac8ea5b0c4788dc2ad202f3ccb2887742f?s=96&d=wp_user_avatar&r=g","caption":"Reda\u00e7\u00e3o JO"},"url":"https:\/\/jornaldasoficinas.com\/pt\/author\/joredacao\/"}]}},"_links":{"self":[{"href":"https:\/\/jornaldasoficinas.com\/pt\/wp-json\/wp\/v2\/posts\/27285","targetHints":{"allow":["GET"]}}],"collection":[{"href":"https:\/\/jornaldasoficinas.com\/pt\/wp-json\/wp\/v2\/posts"}],"about":[{"href":"https:\/\/jornaldasoficinas.com\/pt\/wp-json\/wp\/v2\/types\/post"}],"author":[{"embeddable":true,"href":"https:\/\/jornaldasoficinas.com\/pt\/wp-json\/wp\/v2\/users\/15"}],"replies":[{"embeddable":true,"href":"https:\/\/jornaldasoficinas.com\/pt\/wp-json\/wp\/v2\/comments?post=27285"}],"version-history":[{"count":0,"href":"https:\/\/jornaldasoficinas.com\/pt\/wp-json\/wp\/v2\/posts\/27285\/revisions"}],"wp:featuredmedia":[{"embeddable":true,"href":"https:\/\/jornaldasoficinas.com\/pt\/wp-json\/wp\/v2\/media\/27275"}],"wp:attachment":[{"href":"https:\/\/jornaldasoficinas.com\/pt\/wp-json\/wp\/v2\/media?parent=27285"}],"wp:term":[{"taxonomy":"category","embeddable":true,"href":"https:\/\/jornaldasoficinas.com\/pt\/wp-json\/wp\/v2\/categories?post=27285"},{"taxonomy":"post_tag","embeddable":true,"href":"https:\/\/jornaldasoficinas.com\/pt\/wp-json\/wp\/v2\/tags?post=27285"}],"curies":[{"name":"wp","href":"https:\/\/api.w.org\/{rel}","templated":true}]}}