{"id":27289,"date":"2022-02-12T14:00:08","date_gmt":"2022-02-12T14:00:08","guid":{"rendered":"https:\/\/jornaldasoficinas.com\/pt\/?p=27289"},"modified":"2022-02-11T17:24:33","modified_gmt":"2022-02-11T17:24:33","slug":"portepim-e-carsistema-distinguidas-com-o-selo-iso14001","status":"publish","type":"post","link":"https:\/\/jornaldasoficinas.com\/pt\/portepim-e-carsistema-distinguidas-com-o-selo-iso14001\/","title":{"rendered":"Portepim e Carsistema distinguidas com o selo ISO14001"},"content":{"rendered":"<p><img loading=\"lazy\" decoding=\"async\" class=\"alignnone size-full wp-image-27292\" src=\"https:\/\/jornaldasoficinas.com\/pt\/wp-content\/uploads\/2022\/02\/Portepim-e-Carsistema-distinguidas-1.png\" alt=\"02 - Portepim e Carsistema distinguidas 1\" width=\"1024\" height=\"581\" srcset=\"https:\/\/jornaldasoficinas.com\/pt\/wp-content\/uploads\/2022\/02\/Portepim-e-Carsistema-distinguidas-1.png 1024w, https:\/\/jornaldasoficinas.com\/pt\/wp-content\/uploads\/2022\/02\/Portepim-e-Carsistema-distinguidas-1-300x170.png 300w, https:\/\/jornaldasoficinas.com\/pt\/wp-content\/uploads\/2022\/02\/Portepim-e-Carsistema-distinguidas-1-150x85.png 150w, https:\/\/jornaldasoficinas.com\/pt\/wp-content\/uploads\/2022\/02\/Portepim-e-Carsistema-distinguidas-1-768x436.png 768w\" sizes=\"auto, (max-width: 1024px) 100vw, 1024px\" \/><\/p>\n<p><strong>A\u00a0<a href=\"https:\/\/www.portepim.pt\/\" target=\"_blank\" rel=\"noopener\">Portepim<\/a> e a <a href=\"https:\/\/www.carsistema.pt\/\" target=\"_blank\" rel=\"noopener\">Carsistema<\/a>\u00a0receberam a Certifica\u00e7\u00e3o pela norma\u00a0ISSO 14001, devido aos feitos que t\u00eam realizado na sua atividade di\u00e1ria para a prote\u00e7\u00e3o ambiental, respeito pela natureza, maximiza\u00e7\u00e3o da reciclagem e minimiza\u00e7\u00e3o da polui\u00e7\u00e3o<\/strong><\/p>\n<p>\u00c9 cada vez mais evidente para todos, o impacto ambiental das nossas atividades di\u00e1rias, sejam pessoais, sejam profissionais. E todos n\u00f3s estamos cada vez mais conscientes da import\u00e2ncia da preserva\u00e7\u00e3o do meio ambiente, da sustentabilidade, da reciclagem, da educa\u00e7\u00e3o ambiental, como \u00fanico meio para a salva\u00e7\u00e3o do planeta, do nosso modo de vida e da pr\u00f3pria esp\u00e9cie humana. Esta j\u00e1 n\u00e3o \u00e9 uma tarefa \u201cpara os outros\u201d e s\u00f3 com um empenho permanente de Todos, a todo o momento, ser\u00e1 poss\u00edvel reverter os danos causados e retomar o caminho da sa\u00fade, nossa e do planeta.<\/p>\n<p>A\u00a0Portepim SA\u00a0e a Carsistema desde h\u00e1 algum tempo que v\u00eam a\u00a0 construir processos profissionais e organizativos visando minimizar o impacto das suas atividades di\u00e1rias no meio ambiente, sejam a montante (sensibilizando fornecedores, buscando produtos menos impactantes ambientalmente, minimizando transportes), seja internamente (minimizando desperd\u00edcio, separando res\u00edduos, consumindo m\u00ednimo de recursos), seja a jusante (sensibilizando clientes e parceiros para as quest\u00f5es ambientais e orientando res\u00edduos para tratamento adequado).<\/p>\n<p>\u201cTendo a\u00a0Portepim e a Carsistema,\u00a0chegado a um patamar organizativo que garante o respeito m\u00e1ximo pela defesa ambiental, apresent\u00e1mo-nos junto da TUV Rheinland, maior entidade mundial de certifica\u00e7\u00e3o de gest\u00e3o para avalia\u00e7\u00e3o e depois de duas muito intensas auditorias \u00e9 pois com um imenso orgulho que vos informamos que a\u00a0Portepim AS e a Carsistema\u00a0s\u00e3o desde hoje uma empresa Certificada pela norma\u00a0ISO 14001, assim se demonstrando a orienta\u00e7\u00e3o da sua atividade di\u00e1ria para a prote\u00e7\u00e3o ambiental, respeito pela natureza, maximiza\u00e7\u00e3o da reciclagem e minimiza\u00e7\u00e3o da polui\u00e7\u00e3o\u201d, revelou o departamento de comunica\u00e7\u00e3o da Portepim e da Carsistema.<\/p>\n","protected":false},"excerpt":{"rendered":"<p>A\u00a0Portepim e a Carsistema\u00a0receberam a Certifica\u00e7\u00e3o&#8230;<\/p>\n","protected":false},"author":15,"featured_media":27292,"comment_status":"closed","ping_status":"closed","sticky":false,"template":"","format":"standard","meta":{"footnotes":""},"categories":[2],"tags":[1531,1530],"class_list":["post-27289","post","type-post","status-publish","format-standard","has-post-thumbnail","hentry","category-repintura","tag-carsistema","tag-portepim"],"yoast_head":"<!-- This site is optimized with the Yoast SEO plugin v27.4 - https:\/\/yoast.com\/product\/yoast-seo-wordpress\/ -->\n<title>Portepim e Carsistema distinguidas com o selo ISO14001 - Jornal das Oficinas<\/title>\n<meta name=\"robots\" content=\"index, follow, max-snippet:-1, max-image-preview:large, max-video-preview:-1\" \/>\n<link rel=\"canonical\" href=\"https:\/\/jornaldasoficinas.com\/pt\/portepim-e-carsistema-distinguidas-com-o-selo-iso14001\/\" \/>\n<meta property=\"og:locale\" content=\"pt_PT\" \/>\n<meta property=\"og:type\" content=\"article\" \/>\n<meta property=\"og:title\" content=\"Portepim e Carsistema distinguidas com o selo ISO14001 - Jornal das Oficinas\" \/>\n<meta property=\"og:description\" content=\"A\u00a0Portepim e a Carsistema\u00a0receberam a Certifica\u00e7\u00e3o...\" \/>\n<meta property=\"og:url\" content=\"https:\/\/jornaldasoficinas.com\/pt\/portepim-e-carsistema-distinguidas-com-o-selo-iso14001\/\" \/>\n<meta property=\"og:site_name\" content=\"Jornal das Oficinas\" \/>\n<meta property=\"article:publisher\" content=\"https:\/\/www.facebook.com\/jornaloficinas\" \/>\n<meta property=\"article:published_time\" content=\"2022-02-12T14:00:08+00:00\" \/>\n<meta property=\"og:image\" content=\"https:\/\/jornaldasoficinas.com\/pt\/wp-content\/uploads\/2022\/02\/Portepim-e-Carsistema-distinguidas-1.png\" \/>\n\t<meta property=\"og:image:width\" content=\"1024\" \/>\n\t<meta property=\"og:image:height\" content=\"581\" \/>\n\t<meta property=\"og:image:type\" content=\"image\/png\" \/>\n<meta name=\"author\" content=\"Reda\u00e7\u00e3o JO\" \/>\n<meta name=\"twitter:card\" content=\"summary_large_image\" \/>\n<meta name=\"twitter:creator\" content=\"@jornaloficinas\" \/>\n<meta name=\"twitter:site\" content=\"@jornaloficinas\" \/>\n<meta name=\"twitter:label1\" content=\"Escrito por\" \/>\n\t<meta name=\"twitter:data1\" content=\"Reda\u00e7\u00e3o JO\" \/>\n\t<meta name=\"twitter:label2\" content=\"Tempo estimado de leitura\" \/>\n\t<meta name=\"twitter:data2\" content=\"2 minutos\" \/>\n<script type=\"application\/ld+json\" class=\"yoast-schema-graph\">{\"@context\":\"https:\\\/\\\/schema.org\",\"@graph\":[{\"@type\":\"Article\",\"@id\":\"https:\\\/\\\/jornaldasoficinas.com\\\/pt\\\/portepim-e-carsistema-distinguidas-com-o-selo-iso14001\\\/#article\",\"isPartOf\":{\"@id\":\"https:\\\/\\\/jornaldasoficinas.com\\\/pt\\\/portepim-e-carsistema-distinguidas-com-o-selo-iso14001\\\/\"},\"author\":{\"name\":\"Reda\u00e7\u00e3o JO\",\"@id\":\"https:\\\/\\\/jornaldasoficinas.com\\\/pt\\\/#\\\/schema\\\/person\\\/a38eef5de2c41d9e7c9ac10141afddf3\"},\"headline\":\"Portepim e Carsistema distinguidas com o selo ISO14001\",\"datePublished\":\"2022-02-12T14:00:08+00:00\",\"mainEntityOfPage\":{\"@id\":\"https:\\\/\\\/jornaldasoficinas.com\\\/pt\\\/portepim-e-carsistema-distinguidas-com-o-selo-iso14001\\\/\"},\"wordCount\":339,\"publisher\":{\"@id\":\"https:\\\/\\\/jornaldasoficinas.com\\\/pt\\\/#organization\"},\"image\":{\"@id\":\"https:\\\/\\\/jornaldasoficinas.com\\\/pt\\\/portepim-e-carsistema-distinguidas-com-o-selo-iso14001\\\/#primaryimage\"},\"thumbnailUrl\":\"https:\\\/\\\/jornaldasoficinas.com\\\/pt\\\/wp-content\\\/uploads\\\/2022\\\/02\\\/Portepim-e-Carsistema-distinguidas-1.png\",\"keywords\":[\"Carsistema\",\"Portepim\"],\"articleSection\":[\"Repintura\"],\"inLanguage\":\"pt-PT\"},{\"@type\":\"WebPage\",\"@id\":\"https:\\\/\\\/jornaldasoficinas.com\\\/pt\\\/portepim-e-carsistema-distinguidas-com-o-selo-iso14001\\\/\",\"url\":\"https:\\\/\\\/jornaldasoficinas.com\\\/pt\\\/portepim-e-carsistema-distinguidas-com-o-selo-iso14001\\\/\",\"name\":\"Portepim e Carsistema distinguidas com o selo ISO14001 - Jornal das Oficinas\",\"isPartOf\":{\"@id\":\"https:\\\/\\\/jornaldasoficinas.com\\\/pt\\\/#website\"},\"primaryImageOfPage\":{\"@id\":\"https:\\\/\\\/jornaldasoficinas.com\\\/pt\\\/portepim-e-carsistema-distinguidas-com-o-selo-iso14001\\\/#primaryimage\"},\"image\":{\"@id\":\"https:\\\/\\\/jornaldasoficinas.com\\\/pt\\\/portepim-e-carsistema-distinguidas-com-o-selo-iso14001\\\/#primaryimage\"},\"thumbnailUrl\":\"https:\\\/\\\/jornaldasoficinas.com\\\/pt\\\/wp-content\\\/uploads\\\/2022\\\/02\\\/Portepim-e-Carsistema-distinguidas-1.png\",\"datePublished\":\"2022-02-12T14:00:08+00:00\",\"breadcrumb\":{\"@id\":\"https:\\\/\\\/jornaldasoficinas.com\\\/pt\\\/portepim-e-carsistema-distinguidas-com-o-selo-iso14001\\\/#breadcrumb\"},\"inLanguage\":\"pt-PT\",\"potentialAction\":[{\"@type\":\"ReadAction\",\"target\":[\"https:\\\/\\\/jornaldasoficinas.com\\\/pt\\\/portepim-e-carsistema-distinguidas-com-o-selo-iso14001\\\/\"]}]},{\"@type\":\"ImageObject\",\"inLanguage\":\"pt-PT\",\"@id\":\"https:\\\/\\\/jornaldasoficinas.com\\\/pt\\\/portepim-e-carsistema-distinguidas-com-o-selo-iso14001\\\/#primaryimage\",\"url\":\"https:\\\/\\\/jornaldasoficinas.com\\\/pt\\\/wp-content\\\/uploads\\\/2022\\\/02\\\/Portepim-e-Carsistema-distinguidas-1.png\",\"contentUrl\":\"https:\\\/\\\/jornaldasoficinas.com\\\/pt\\\/wp-content\\\/uploads\\\/2022\\\/02\\\/Portepim-e-Carsistema-distinguidas-1.png\",\"width\":1024,\"height\":581,\"caption\":\"02 - Portepim e Carsistema distinguidas 1\"},{\"@type\":\"BreadcrumbList\",\"@id\":\"https:\\\/\\\/jornaldasoficinas.com\\\/pt\\\/portepim-e-carsistema-distinguidas-com-o-selo-iso14001\\\/#breadcrumb\",\"itemListElement\":[{\"@type\":\"ListItem\",\"position\":1,\"name\":\"In\u00edcio\",\"item\":\"https:\\\/\\\/jornaldasoficinas.com\\\/pt\\\/\"},{\"@type\":\"ListItem\",\"position\":2,\"name\":\"Portepim e Carsistema distinguidas com o selo ISO14001\"}]},{\"@type\":\"WebSite\",\"@id\":\"https:\\\/\\\/jornaldasoficinas.com\\\/pt\\\/#website\",\"url\":\"https:\\\/\\\/jornaldasoficinas.com\\\/pt\\\/\",\"name\":\"Jornal das Oficinas\",\"description\":\"Jornal independente do Aftermarket Autom\u00f3vel em Portugal\",\"publisher\":{\"@id\":\"https:\\\/\\\/jornaldasoficinas.com\\\/pt\\\/#organization\"},\"potentialAction\":[{\"@type\":\"SearchAction\",\"target\":{\"@type\":\"EntryPoint\",\"urlTemplate\":\"https:\\\/\\\/jornaldasoficinas.com\\\/pt\\\/?s={search_term_string}\"},\"query-input\":{\"@type\":\"PropertyValueSpecification\",\"valueRequired\":true,\"valueName\":\"search_term_string\"}}],\"inLanguage\":\"pt-PT\"},{\"@type\":\"Organization\",\"@id\":\"https:\\\/\\\/jornaldasoficinas.com\\\/pt\\\/#organization\",\"name\":\"Jornal das Oficinas\",\"url\":\"https:\\\/\\\/jornaldasoficinas.com\\\/pt\\\/\",\"logo\":{\"@type\":\"ImageObject\",\"inLanguage\":\"pt-PT\",\"@id\":\"https:\\\/\\\/jornaldasoficinas.com\\\/pt\\\/#\\\/schema\\\/logo\\\/image\\\/\",\"url\":\"https:\\\/\\\/jornaldasoficinas.com\\\/pt\\\/wp-content\\\/uploads\\\/logoJO-SEO.png\",\"contentUrl\":\"https:\\\/\\\/jornaldasoficinas.com\\\/pt\\\/wp-content\\\/uploads\\\/logoJO-SEO.png\",\"width\":285,\"height\":450,\"caption\":\"Jornal das Oficinas\"},\"image\":{\"@id\":\"https:\\\/\\\/jornaldasoficinas.com\\\/pt\\\/#\\\/schema\\\/logo\\\/image\\\/\"},\"sameAs\":[\"https:\\\/\\\/www.facebook.com\\\/jornaloficinas\",\"https:\\\/\\\/x.com\\\/jornaloficinas\",\"https:\\\/\\\/www.instagram.com\\\/jornal_oficinas\\\/\",\"https:\\\/\\\/www.linkedin.com\\\/company\\\/jornal-das-oficinas\\\/\",\"https:\\\/\\\/www.youtube.com\\\/channel\\\/UCbQZBqtcvV-oSQrr7RzINGg\"]},{\"@type\":\"Person\",\"@id\":\"https:\\\/\\\/jornaldasoficinas.com\\\/pt\\\/#\\\/schema\\\/person\\\/a38eef5de2c41d9e7c9ac10141afddf3\",\"name\":\"Reda\u00e7\u00e3o JO\",\"image\":{\"@type\":\"ImageObject\",\"inLanguage\":\"pt-PT\",\"@id\":\"https:\\\/\\\/secure.gravatar.com\\\/avatar\\\/71f2fa71737ad68a84fea94bc708ddac8ea5b0c4788dc2ad202f3ccb2887742f?s=96&d=wp_user_avatar&r=g\",\"url\":\"https:\\\/\\\/secure.gravatar.com\\\/avatar\\\/71f2fa71737ad68a84fea94bc708ddac8ea5b0c4788dc2ad202f3ccb2887742f?s=96&d=wp_user_avatar&r=g\",\"contentUrl\":\"https:\\\/\\\/secure.gravatar.com\\\/avatar\\\/71f2fa71737ad68a84fea94bc708ddac8ea5b0c4788dc2ad202f3ccb2887742f?s=96&d=wp_user_avatar&r=g\",\"caption\":\"Reda\u00e7\u00e3o JO\"},\"url\":\"https:\\\/\\\/jornaldasoficinas.com\\\/pt\\\/author\\\/joredacao\\\/\"}]}<\/script>\n<!-- \/ Yoast SEO plugin. -->","yoast_head_json":{"title":"Portepim e Carsistema distinguidas com o selo ISO14001 - Jornal das Oficinas","robots":{"index":"index","follow":"follow","max-snippet":"max-snippet:-1","max-image-preview":"max-image-preview:large","max-video-preview":"max-video-preview:-1"},"canonical":"https:\/\/jornaldasoficinas.com\/pt\/portepim-e-carsistema-distinguidas-com-o-selo-iso14001\/","og_locale":"pt_PT","og_type":"article","og_title":"Portepim e Carsistema distinguidas com o selo ISO14001 - Jornal das Oficinas","og_description":"A\u00a0Portepim e a Carsistema\u00a0receberam a Certifica\u00e7\u00e3o...","og_url":"https:\/\/jornaldasoficinas.com\/pt\/portepim-e-carsistema-distinguidas-com-o-selo-iso14001\/","og_site_name":"Jornal das Oficinas","article_publisher":"https:\/\/www.facebook.com\/jornaloficinas","article_published_time":"2022-02-12T14:00:08+00:00","og_image":[{"width":1024,"height":581,"url":"https:\/\/jornaldasoficinas.com\/pt\/wp-content\/uploads\/2022\/02\/Portepim-e-Carsistema-distinguidas-1.png","type":"image\/png"}],"author":"Reda\u00e7\u00e3o JO","twitter_card":"summary_large_image","twitter_creator":"@jornaloficinas","twitter_site":"@jornaloficinas","twitter_misc":{"Escrito por":"Reda\u00e7\u00e3o JO","Tempo estimado de leitura":"2 minutos"},"schema":{"@context":"https:\/\/schema.org","@graph":[{"@type":"Article","@id":"https:\/\/jornaldasoficinas.com\/pt\/portepim-e-carsistema-distinguidas-com-o-selo-iso14001\/#article","isPartOf":{"@id":"https:\/\/jornaldasoficinas.com\/pt\/portepim-e-carsistema-distinguidas-com-o-selo-iso14001\/"},"author":{"name":"Reda\u00e7\u00e3o JO","@id":"https:\/\/jornaldasoficinas.com\/pt\/#\/schema\/person\/a38eef5de2c41d9e7c9ac10141afddf3"},"headline":"Portepim e Carsistema distinguidas com o selo ISO14001","datePublished":"2022-02-12T14:00:08+00:00","mainEntityOfPage":{"@id":"https:\/\/jornaldasoficinas.com\/pt\/portepim-e-carsistema-distinguidas-com-o-selo-iso14001\/"},"wordCount":339,"publisher":{"@id":"https:\/\/jornaldasoficinas.com\/pt\/#organization"},"image":{"@id":"https:\/\/jornaldasoficinas.com\/pt\/portepim-e-carsistema-distinguidas-com-o-selo-iso14001\/#primaryimage"},"thumbnailUrl":"https:\/\/jornaldasoficinas.com\/pt\/wp-content\/uploads\/2022\/02\/Portepim-e-Carsistema-distinguidas-1.png","keywords":["Carsistema","Portepim"],"articleSection":["Repintura"],"inLanguage":"pt-PT"},{"@type":"WebPage","@id":"https:\/\/jornaldasoficinas.com\/pt\/portepim-e-carsistema-distinguidas-com-o-selo-iso14001\/","url":"https:\/\/jornaldasoficinas.com\/pt\/portepim-e-carsistema-distinguidas-com-o-selo-iso14001\/","name":"Portepim e Carsistema distinguidas com o selo ISO14001 - Jornal das Oficinas","isPartOf":{"@id":"https:\/\/jornaldasoficinas.com\/pt\/#website"},"primaryImageOfPage":{"@id":"https:\/\/jornaldasoficinas.com\/pt\/portepim-e-carsistema-distinguidas-com-o-selo-iso14001\/#primaryimage"},"image":{"@id":"https:\/\/jornaldasoficinas.com\/pt\/portepim-e-carsistema-distinguidas-com-o-selo-iso14001\/#primaryimage"},"thumbnailUrl":"https:\/\/jornaldasoficinas.com\/pt\/wp-content\/uploads\/2022\/02\/Portepim-e-Carsistema-distinguidas-1.png","datePublished":"2022-02-12T14:00:08+00:00","breadcrumb":{"@id":"https:\/\/jornaldasoficinas.com\/pt\/portepim-e-carsistema-distinguidas-com-o-selo-iso14001\/#breadcrumb"},"inLanguage":"pt-PT","potentialAction":[{"@type":"ReadAction","target":["https:\/\/jornaldasoficinas.com\/pt\/portepim-e-carsistema-distinguidas-com-o-selo-iso14001\/"]}]},{"@type":"ImageObject","inLanguage":"pt-PT","@id":"https:\/\/jornaldasoficinas.com\/pt\/portepim-e-carsistema-distinguidas-com-o-selo-iso14001\/#primaryimage","url":"https:\/\/jornaldasoficinas.com\/pt\/wp-content\/uploads\/2022\/02\/Portepim-e-Carsistema-distinguidas-1.png","contentUrl":"https:\/\/jornaldasoficinas.com\/pt\/wp-content\/uploads\/2022\/02\/Portepim-e-Carsistema-distinguidas-1.png","width":1024,"height":581,"caption":"02 - Portepim e Carsistema distinguidas 1"},{"@type":"BreadcrumbList","@id":"https:\/\/jornaldasoficinas.com\/pt\/portepim-e-carsistema-distinguidas-com-o-selo-iso14001\/#breadcrumb","itemListElement":[{"@type":"ListItem","position":1,"name":"In\u00edcio","item":"https:\/\/jornaldasoficinas.com\/pt\/"},{"@type":"ListItem","position":2,"name":"Portepim e Carsistema distinguidas com o selo ISO14001"}]},{"@type":"WebSite","@id":"https:\/\/jornaldasoficinas.com\/pt\/#website","url":"https:\/\/jornaldasoficinas.com\/pt\/","name":"Jornal das Oficinas","description":"Jornal independente do Aftermarket Autom\u00f3vel em Portugal","publisher":{"@id":"https:\/\/jornaldasoficinas.com\/pt\/#organization"},"potentialAction":[{"@type":"SearchAction","target":{"@type":"EntryPoint","urlTemplate":"https:\/\/jornaldasoficinas.com\/pt\/?s={search_term_string}"},"query-input":{"@type":"PropertyValueSpecification","valueRequired":true,"valueName":"search_term_string"}}],"inLanguage":"pt-PT"},{"@type":"Organization","@id":"https:\/\/jornaldasoficinas.com\/pt\/#organization","name":"Jornal das Oficinas","url":"https:\/\/jornaldasoficinas.com\/pt\/","logo":{"@type":"ImageObject","inLanguage":"pt-PT","@id":"https:\/\/jornaldasoficinas.com\/pt\/#\/schema\/logo\/image\/","url":"https:\/\/jornaldasoficinas.com\/pt\/wp-content\/uploads\/logoJO-SEO.png","contentUrl":"https:\/\/jornaldasoficinas.com\/pt\/wp-content\/uploads\/logoJO-SEO.png","width":285,"height":450,"caption":"Jornal das Oficinas"},"image":{"@id":"https:\/\/jornaldasoficinas.com\/pt\/#\/schema\/logo\/image\/"},"sameAs":["https:\/\/www.facebook.com\/jornaloficinas","https:\/\/x.com\/jornaloficinas","https:\/\/www.instagram.com\/jornal_oficinas\/","https:\/\/www.linkedin.com\/company\/jornal-das-oficinas\/","https:\/\/www.youtube.com\/channel\/UCbQZBqtcvV-oSQrr7RzINGg"]},{"@type":"Person","@id":"https:\/\/jornaldasoficinas.com\/pt\/#\/schema\/person\/a38eef5de2c41d9e7c9ac10141afddf3","name":"Reda\u00e7\u00e3o JO","image":{"@type":"ImageObject","inLanguage":"pt-PT","@id":"https:\/\/secure.gravatar.com\/avatar\/71f2fa71737ad68a84fea94bc708ddac8ea5b0c4788dc2ad202f3ccb2887742f?s=96&d=wp_user_avatar&r=g","url":"https:\/\/secure.gravatar.com\/avatar\/71f2fa71737ad68a84fea94bc708ddac8ea5b0c4788dc2ad202f3ccb2887742f?s=96&d=wp_user_avatar&r=g","contentUrl":"https:\/\/secure.gravatar.com\/avatar\/71f2fa71737ad68a84fea94bc708ddac8ea5b0c4788dc2ad202f3ccb2887742f?s=96&d=wp_user_avatar&r=g","caption":"Reda\u00e7\u00e3o JO"},"url":"https:\/\/jornaldasoficinas.com\/pt\/author\/joredacao\/"}]}},"_links":{"self":[{"href":"https:\/\/jornaldasoficinas.com\/pt\/wp-json\/wp\/v2\/posts\/27289","targetHints":{"allow":["GET"]}}],"collection":[{"href":"https:\/\/jornaldasoficinas.com\/pt\/wp-json\/wp\/v2\/posts"}],"about":[{"href":"https:\/\/jornaldasoficinas.com\/pt\/wp-json\/wp\/v2\/types\/post"}],"author":[{"embeddable":true,"href":"https:\/\/jornaldasoficinas.com\/pt\/wp-json\/wp\/v2\/users\/15"}],"replies":[{"embeddable":true,"href":"https:\/\/jornaldasoficinas.com\/pt\/wp-json\/wp\/v2\/comments?post=27289"}],"version-history":[{"count":0,"href":"https:\/\/jornaldasoficinas.com\/pt\/wp-json\/wp\/v2\/posts\/27289\/revisions"}],"wp:featuredmedia":[{"embeddable":true,"href":"https:\/\/jornaldasoficinas.com\/pt\/wp-json\/wp\/v2\/media\/27292"}],"wp:attachment":[{"href":"https:\/\/jornaldasoficinas.com\/pt\/wp-json\/wp\/v2\/media?parent=27289"}],"wp:term":[{"taxonomy":"category","embeddable":true,"href":"https:\/\/jornaldasoficinas.com\/pt\/wp-json\/wp\/v2\/categories?post=27289"},{"taxonomy":"post_tag","embeddable":true,"href":"https:\/\/jornaldasoficinas.com\/pt\/wp-json\/wp\/v2\/tags?post=27289"}],"curies":[{"name":"wp","href":"https:\/\/api.w.org\/{rel}","templated":true}]}}