{"id":27458,"date":"2022-02-22T10:00:24","date_gmt":"2022-02-22T10:00:24","guid":{"rendered":"https:\/\/jornaldasoficinas.com\/pt\/?p=27458"},"modified":"2022-02-21T08:43:10","modified_gmt":"2022-02-21T08:43:10","slug":"observatorio-cetelem-esclarece-o-que-e-um-suv","status":"publish","type":"post","link":"https:\/\/jornaldasoficinas.com\/pt\/observatorio-cetelem-esclarece-o-que-e-um-suv\/","title":{"rendered":"Observat\u00f3rio Cetelem esclarece o que \u00e9 um SUV"},"content":{"rendered":"<p><strong><img loading=\"lazy\" decoding=\"async\" class=\"alignnone size-full wp-image-27445\" src=\"https:\/\/jornaldasoficinas.com\/pt\/wp-content\/uploads\/2022\/02\/Observatorio-Cetelem.jpg\" alt=\"02 - Observatorio Cetelem\" width=\"1024\" height=\"581\" srcset=\"https:\/\/jornaldasoficinas.com\/pt\/wp-content\/uploads\/2022\/02\/Observatorio-Cetelem.jpg 1024w, https:\/\/jornaldasoficinas.com\/pt\/wp-content\/uploads\/2022\/02\/Observatorio-Cetelem-300x170.jpg 300w, https:\/\/jornaldasoficinas.com\/pt\/wp-content\/uploads\/2022\/02\/Observatorio-Cetelem-150x85.jpg 150w, https:\/\/jornaldasoficinas.com\/pt\/wp-content\/uploads\/2022\/02\/Observatorio-Cetelem-768x436.jpg 768w\" sizes=\"auto, (max-width: 1024px) 100vw, 1024px\" \/><\/strong><\/p>\n<p><strong>A identidade dos SUV parece ser hoje confusa para os consumidores para o qual contribui a origem incerta do termo, que parece mesmo ser anterior aos ve\u00edculos que designa atualmente,\u00a0mas tamb\u00e9m devido \u00e0 grande diversidade da gama existente hoje e ao facto de o acr\u00f3nimo SUV ter sido substitu\u00eddo pelas marcas nas traseiras de muitos ve\u00edculos por outras designa\u00e7\u00f5es como\u00a0crossovers, 4&#215;4, entre outras<\/strong><\/p>\n<p>No espa\u00e7o de 40 anos, os SUV impuseram-se de tal modo na linguagem corrente internacional, que quase esquecemos o que significam estas tr\u00eas letras. Por detr\u00e1s delas h\u00e1 um turbilh\u00e3o sem\u00e2ntico que inclui v\u00e1rias considera\u00e7\u00f5es e as pr\u00f3prias palavras n\u00e3o t\u00eam exatamente o mesmo significado, dependendo do pa\u00eds onde s\u00e3o utilizadas.<\/p>\n<p>A designa\u00e7\u00e3o de SUV tem vindo a ser usada, frequentemente, como nome comum, mas corresponde, na verdade, a um acr\u00f3nimo:\u00a0Sport Utility Vehicle. No seu sentido literal em portugu\u00eas, \u201cutilit\u00e1rio\u201d pode referir-se \u00e0 natureza pr\u00e1tica deste tipo ve\u00edculo, enquanto \u201cdesportivo\u201d far\u00e1 a alus\u00e3o \u00e0 no\u00e7\u00e3o de lazer ao ar livre.<\/p>\n<p><strong>49% acreditam, erradamente, ter um ve\u00edculo desta gama<br \/>\n<\/strong>Os 11 000 automobilistas questionados na edi\u00e7\u00e3o de 2022 do Observador Cetelem Autom\u00f3vel testemunham esta imprecis\u00e3o que rodeia a identidade do SUV, revelando dificuldades na distin\u00e7\u00e3o desta gama entre v\u00e1rios modelos autom\u00f3veis. Uma quest\u00e3o particularmente relevante se quisermos identificar quais os fatores que t\u00eam contribu\u00eddo para o sucesso e aumento das vendas destes ve\u00edculos, num cen\u00e1rio de crise no sector.<\/p>\n<p>No inqu\u00e9rito foi pedido aos automobilistas que identificassem, por exemplo, entre nove silhuetas, as que eram SUV. Entre as silhuetas, apenas o Greatwall Haval, o Honda CRV e o Range Rover foram percecionados enquanto SUV por 1 em cada 2 indiv\u00edduos, ao passo que o Peugeot 3008 \u00e9 tido como pertencente a esta fam\u00edlia de ve\u00edculos apenas por um quarto dos inquiridos.<\/p>\n<p>No mesmo sentido, quando questionados se s\u00e3o ou n\u00e3o propriet\u00e1rios de um SUV, os indiv\u00edduos revelam uma imprecis\u00e3o na identifica\u00e7\u00e3o deste ve\u00edculo. E os portugueses n\u00e3o s\u00e3o exce\u00e7\u00e3o. Os dados obtidos revelam que 49% dos automobilistas em Portugal que acreditam ser propriet\u00e1rios de um SUV est\u00e3o enganados \u2013 mais 5 p.p. que a m\u00e9dia global \u2013, e 3% dos que s\u00e3o efetivamente propriet\u00e1rios asseguram, de modo incorreto, n\u00e3o possuir um SUV \u2013 menos 2 p.p. face \u00e0 m\u00e9dia global.<\/p>\n<p>Tal como no caso portugu\u00eas, tamb\u00e9m nos restantes pa\u00edses os indiv\u00edduos fazem confus\u00e3o na hora de identificar o que \u00e9 ou n\u00e3o um SUV. Globalmente, apenas 5% dos propriet\u00e1rios de um SUV afirmam n\u00e3o o ser. J\u00e1 os que pensam ser propriet\u00e1rios de um SUV, embora n\u00e3o o sejam, s\u00e3o mais (45%). Pa\u00edses como o Brasil, M\u00e9xico e Turquia representam o maior n\u00famero de erros de perce\u00e7\u00e3o (68%, 62% e 61%, respetivamente). Por outro lado, as falhas de conhecimento s\u00e3o menos significativas em alguns pa\u00edses europeus, como \u00e9 o caso da It\u00e1lia, Noruega e Fran\u00e7a (22%, 30% e 34%, na devida ordem).<\/p>\n<p><strong>Defini\u00e7\u00e3o de SUV utilizada no estudo<br \/>\n<\/strong>Para o estudo\u00a0realizado pelo Observador Cetelem Autom\u00f3vel 2022, a defini\u00e7\u00e3o utilizada foi suficientemente ampla para refletir a multiplicidade deste segmento, incluindo todas as viaturas do tipo familiar com linhas similares \u00e0s dos todo-o-terreno desportivos. Apesar da diversidade da gama foram tamb\u00e9m consideradas certas particularidades que caracterizam todos os SUV: um ve\u00edculo e uma posi\u00e7\u00e3o de condu\u00e7\u00e3o elevados; altura, volume e interior generoso em compara\u00e7\u00e3o com ve\u00edculos do mesmo tamanho. Embora isto n\u00e3o seja uma regra geral, alguns SUV podem ainda ter tra\u00e7\u00e3o \u00e0s 4 rodas ou capacidades de reboque elevadas.<\/p>\n","protected":false},"excerpt":{"rendered":"<p>A identidade dos SUV parece ser&#8230;<\/p>\n","protected":false},"author":15,"featured_media":27445,"comment_status":"closed","ping_status":"closed","sticky":false,"template":"","format":"standard","meta":{"footnotes":""},"categories":[37],"tags":[2792],"class_list":["post-27458","post","type-post","status-publish","format-standard","has-post-thumbnail","hentry","category-mercado","tag-observatorio-cetelem"],"yoast_head":"<!-- This site is optimized with the Yoast SEO plugin v27.4 - https:\/\/yoast.com\/product\/yoast-seo-wordpress\/ -->\n<title>Observat\u00f3rio Cetelem esclarece o que \u00e9 um SUV - Jornal das Oficinas<\/title>\n<meta name=\"robots\" content=\"index, follow, max-snippet:-1, max-image-preview:large, max-video-preview:-1\" \/>\n<link rel=\"canonical\" href=\"https:\/\/jornaldasoficinas.com\/pt\/observatorio-cetelem-esclarece-o-que-e-um-suv\/\" \/>\n<meta property=\"og:locale\" content=\"pt_PT\" \/>\n<meta property=\"og:type\" content=\"article\" \/>\n<meta property=\"og:title\" content=\"Observat\u00f3rio Cetelem esclarece o que \u00e9 um SUV - Jornal das Oficinas\" \/>\n<meta property=\"og:description\" content=\"A identidade dos SUV parece ser...\" \/>\n<meta property=\"og:url\" content=\"https:\/\/jornaldasoficinas.com\/pt\/observatorio-cetelem-esclarece-o-que-e-um-suv\/\" \/>\n<meta property=\"og:site_name\" content=\"Jornal das Oficinas\" \/>\n<meta property=\"article:publisher\" content=\"https:\/\/www.facebook.com\/jornaloficinas\" \/>\n<meta property=\"article:published_time\" content=\"2022-02-22T10:00:24+00:00\" \/>\n<meta property=\"og:image\" content=\"https:\/\/jornaldasoficinas.com\/pt\/wp-content\/uploads\/2022\/02\/Observatorio-Cetelem.jpg\" \/>\n\t<meta property=\"og:image:width\" content=\"1024\" \/>\n\t<meta property=\"og:image:height\" content=\"581\" \/>\n\t<meta property=\"og:image:type\" content=\"image\/jpeg\" \/>\n<meta name=\"author\" content=\"Reda\u00e7\u00e3o JO\" \/>\n<meta name=\"twitter:card\" content=\"summary_large_image\" \/>\n<meta name=\"twitter:creator\" content=\"@jornaloficinas\" \/>\n<meta name=\"twitter:site\" content=\"@jornaloficinas\" \/>\n<meta name=\"twitter:label1\" content=\"Escrito por\" \/>\n\t<meta name=\"twitter:data1\" content=\"Reda\u00e7\u00e3o JO\" \/>\n\t<meta name=\"twitter:label2\" content=\"Tempo estimado de leitura\" \/>\n\t<meta name=\"twitter:data2\" content=\"3 minutos\" \/>\n<script type=\"application\/ld+json\" class=\"yoast-schema-graph\">{\"@context\":\"https:\\\/\\\/schema.org\",\"@graph\":[{\"@type\":\"Article\",\"@id\":\"https:\\\/\\\/jornaldasoficinas.com\\\/pt\\\/observatorio-cetelem-esclarece-o-que-e-um-suv\\\/#article\",\"isPartOf\":{\"@id\":\"https:\\\/\\\/jornaldasoficinas.com\\\/pt\\\/observatorio-cetelem-esclarece-o-que-e-um-suv\\\/\"},\"author\":{\"name\":\"Reda\u00e7\u00e3o JO\",\"@id\":\"https:\\\/\\\/jornaldasoficinas.com\\\/pt\\\/#\\\/schema\\\/person\\\/a38eef5de2c41d9e7c9ac10141afddf3\"},\"headline\":\"Observat\u00f3rio Cetelem esclarece o que \u00e9 um SUV\",\"datePublished\":\"2022-02-22T10:00:24+00:00\",\"mainEntityOfPage\":{\"@id\":\"https:\\\/\\\/jornaldasoficinas.com\\\/pt\\\/observatorio-cetelem-esclarece-o-que-e-um-suv\\\/\"},\"wordCount\":641,\"publisher\":{\"@id\":\"https:\\\/\\\/jornaldasoficinas.com\\\/pt\\\/#organization\"},\"image\":{\"@id\":\"https:\\\/\\\/jornaldasoficinas.com\\\/pt\\\/observatorio-cetelem-esclarece-o-que-e-um-suv\\\/#primaryimage\"},\"thumbnailUrl\":\"https:\\\/\\\/jornaldasoficinas.com\\\/pt\\\/wp-content\\\/uploads\\\/2022\\\/02\\\/Observatorio-Cetelem.jpg\",\"keywords\":[\"Observat\u00f3rio CETELEM\"],\"articleSection\":[\"Mercado\"],\"inLanguage\":\"pt-PT\"},{\"@type\":\"WebPage\",\"@id\":\"https:\\\/\\\/jornaldasoficinas.com\\\/pt\\\/observatorio-cetelem-esclarece-o-que-e-um-suv\\\/\",\"url\":\"https:\\\/\\\/jornaldasoficinas.com\\\/pt\\\/observatorio-cetelem-esclarece-o-que-e-um-suv\\\/\",\"name\":\"Observat\u00f3rio Cetelem esclarece o que \u00e9 um SUV - Jornal das Oficinas\",\"isPartOf\":{\"@id\":\"https:\\\/\\\/jornaldasoficinas.com\\\/pt\\\/#website\"},\"primaryImageOfPage\":{\"@id\":\"https:\\\/\\\/jornaldasoficinas.com\\\/pt\\\/observatorio-cetelem-esclarece-o-que-e-um-suv\\\/#primaryimage\"},\"image\":{\"@id\":\"https:\\\/\\\/jornaldasoficinas.com\\\/pt\\\/observatorio-cetelem-esclarece-o-que-e-um-suv\\\/#primaryimage\"},\"thumbnailUrl\":\"https:\\\/\\\/jornaldasoficinas.com\\\/pt\\\/wp-content\\\/uploads\\\/2022\\\/02\\\/Observatorio-Cetelem.jpg\",\"datePublished\":\"2022-02-22T10:00:24+00:00\",\"breadcrumb\":{\"@id\":\"https:\\\/\\\/jornaldasoficinas.com\\\/pt\\\/observatorio-cetelem-esclarece-o-que-e-um-suv\\\/#breadcrumb\"},\"inLanguage\":\"pt-PT\",\"potentialAction\":[{\"@type\":\"ReadAction\",\"target\":[\"https:\\\/\\\/jornaldasoficinas.com\\\/pt\\\/observatorio-cetelem-esclarece-o-que-e-um-suv\\\/\"]}]},{\"@type\":\"ImageObject\",\"inLanguage\":\"pt-PT\",\"@id\":\"https:\\\/\\\/jornaldasoficinas.com\\\/pt\\\/observatorio-cetelem-esclarece-o-que-e-um-suv\\\/#primaryimage\",\"url\":\"https:\\\/\\\/jornaldasoficinas.com\\\/pt\\\/wp-content\\\/uploads\\\/2022\\\/02\\\/Observatorio-Cetelem.jpg\",\"contentUrl\":\"https:\\\/\\\/jornaldasoficinas.com\\\/pt\\\/wp-content\\\/uploads\\\/2022\\\/02\\\/Observatorio-Cetelem.jpg\",\"width\":1024,\"height\":581,\"caption\":\"02 - Observatorio Cetelem\"},{\"@type\":\"BreadcrumbList\",\"@id\":\"https:\\\/\\\/jornaldasoficinas.com\\\/pt\\\/observatorio-cetelem-esclarece-o-que-e-um-suv\\\/#breadcrumb\",\"itemListElement\":[{\"@type\":\"ListItem\",\"position\":1,\"name\":\"In\u00edcio\",\"item\":\"https:\\\/\\\/jornaldasoficinas.com\\\/pt\\\/\"},{\"@type\":\"ListItem\",\"position\":2,\"name\":\"Observat\u00f3rio Cetelem esclarece o que \u00e9 um SUV\"}]},{\"@type\":\"WebSite\",\"@id\":\"https:\\\/\\\/jornaldasoficinas.com\\\/pt\\\/#website\",\"url\":\"https:\\\/\\\/jornaldasoficinas.com\\\/pt\\\/\",\"name\":\"Jornal das Oficinas\",\"description\":\"Jornal independente do Aftermarket Autom\u00f3vel em Portugal\",\"publisher\":{\"@id\":\"https:\\\/\\\/jornaldasoficinas.com\\\/pt\\\/#organization\"},\"potentialAction\":[{\"@type\":\"SearchAction\",\"target\":{\"@type\":\"EntryPoint\",\"urlTemplate\":\"https:\\\/\\\/jornaldasoficinas.com\\\/pt\\\/?s={search_term_string}\"},\"query-input\":{\"@type\":\"PropertyValueSpecification\",\"valueRequired\":true,\"valueName\":\"search_term_string\"}}],\"inLanguage\":\"pt-PT\"},{\"@type\":\"Organization\",\"@id\":\"https:\\\/\\\/jornaldasoficinas.com\\\/pt\\\/#organization\",\"name\":\"Jornal das Oficinas\",\"url\":\"https:\\\/\\\/jornaldasoficinas.com\\\/pt\\\/\",\"logo\":{\"@type\":\"ImageObject\",\"inLanguage\":\"pt-PT\",\"@id\":\"https:\\\/\\\/jornaldasoficinas.com\\\/pt\\\/#\\\/schema\\\/logo\\\/image\\\/\",\"url\":\"https:\\\/\\\/jornaldasoficinas.com\\\/pt\\\/wp-content\\\/uploads\\\/logoJO-SEO.png\",\"contentUrl\":\"https:\\\/\\\/jornaldasoficinas.com\\\/pt\\\/wp-content\\\/uploads\\\/logoJO-SEO.png\",\"width\":285,\"height\":450,\"caption\":\"Jornal das Oficinas\"},\"image\":{\"@id\":\"https:\\\/\\\/jornaldasoficinas.com\\\/pt\\\/#\\\/schema\\\/logo\\\/image\\\/\"},\"sameAs\":[\"https:\\\/\\\/www.facebook.com\\\/jornaloficinas\",\"https:\\\/\\\/x.com\\\/jornaloficinas\",\"https:\\\/\\\/www.instagram.com\\\/jornal_oficinas\\\/\",\"https:\\\/\\\/www.linkedin.com\\\/company\\\/jornal-das-oficinas\\\/\",\"https:\\\/\\\/www.youtube.com\\\/channel\\\/UCbQZBqtcvV-oSQrr7RzINGg\"]},{\"@type\":\"Person\",\"@id\":\"https:\\\/\\\/jornaldasoficinas.com\\\/pt\\\/#\\\/schema\\\/person\\\/a38eef5de2c41d9e7c9ac10141afddf3\",\"name\":\"Reda\u00e7\u00e3o JO\",\"image\":{\"@type\":\"ImageObject\",\"inLanguage\":\"pt-PT\",\"@id\":\"https:\\\/\\\/secure.gravatar.com\\\/avatar\\\/71f2fa71737ad68a84fea94bc708ddac8ea5b0c4788dc2ad202f3ccb2887742f?s=96&d=wp_user_avatar&r=g\",\"url\":\"https:\\\/\\\/secure.gravatar.com\\\/avatar\\\/71f2fa71737ad68a84fea94bc708ddac8ea5b0c4788dc2ad202f3ccb2887742f?s=96&d=wp_user_avatar&r=g\",\"contentUrl\":\"https:\\\/\\\/secure.gravatar.com\\\/avatar\\\/71f2fa71737ad68a84fea94bc708ddac8ea5b0c4788dc2ad202f3ccb2887742f?s=96&d=wp_user_avatar&r=g\",\"caption\":\"Reda\u00e7\u00e3o JO\"},\"url\":\"https:\\\/\\\/jornaldasoficinas.com\\\/pt\\\/author\\\/joredacao\\\/\"}]}<\/script>\n<!-- \/ Yoast SEO plugin. -->","yoast_head_json":{"title":"Observat\u00f3rio Cetelem esclarece o que \u00e9 um SUV - Jornal das Oficinas","robots":{"index":"index","follow":"follow","max-snippet":"max-snippet:-1","max-image-preview":"max-image-preview:large","max-video-preview":"max-video-preview:-1"},"canonical":"https:\/\/jornaldasoficinas.com\/pt\/observatorio-cetelem-esclarece-o-que-e-um-suv\/","og_locale":"pt_PT","og_type":"article","og_title":"Observat\u00f3rio Cetelem esclarece o que \u00e9 um SUV - Jornal das Oficinas","og_description":"A identidade dos SUV parece ser...","og_url":"https:\/\/jornaldasoficinas.com\/pt\/observatorio-cetelem-esclarece-o-que-e-um-suv\/","og_site_name":"Jornal das Oficinas","article_publisher":"https:\/\/www.facebook.com\/jornaloficinas","article_published_time":"2022-02-22T10:00:24+00:00","og_image":[{"width":1024,"height":581,"url":"https:\/\/jornaldasoficinas.com\/pt\/wp-content\/uploads\/2022\/02\/Observatorio-Cetelem.jpg","type":"image\/jpeg"}],"author":"Reda\u00e7\u00e3o JO","twitter_card":"summary_large_image","twitter_creator":"@jornaloficinas","twitter_site":"@jornaloficinas","twitter_misc":{"Escrito por":"Reda\u00e7\u00e3o JO","Tempo estimado de leitura":"3 minutos"},"schema":{"@context":"https:\/\/schema.org","@graph":[{"@type":"Article","@id":"https:\/\/jornaldasoficinas.com\/pt\/observatorio-cetelem-esclarece-o-que-e-um-suv\/#article","isPartOf":{"@id":"https:\/\/jornaldasoficinas.com\/pt\/observatorio-cetelem-esclarece-o-que-e-um-suv\/"},"author":{"name":"Reda\u00e7\u00e3o JO","@id":"https:\/\/jornaldasoficinas.com\/pt\/#\/schema\/person\/a38eef5de2c41d9e7c9ac10141afddf3"},"headline":"Observat\u00f3rio Cetelem esclarece o que \u00e9 um SUV","datePublished":"2022-02-22T10:00:24+00:00","mainEntityOfPage":{"@id":"https:\/\/jornaldasoficinas.com\/pt\/observatorio-cetelem-esclarece-o-que-e-um-suv\/"},"wordCount":641,"publisher":{"@id":"https:\/\/jornaldasoficinas.com\/pt\/#organization"},"image":{"@id":"https:\/\/jornaldasoficinas.com\/pt\/observatorio-cetelem-esclarece-o-que-e-um-suv\/#primaryimage"},"thumbnailUrl":"https:\/\/jornaldasoficinas.com\/pt\/wp-content\/uploads\/2022\/02\/Observatorio-Cetelem.jpg","keywords":["Observat\u00f3rio CETELEM"],"articleSection":["Mercado"],"inLanguage":"pt-PT"},{"@type":"WebPage","@id":"https:\/\/jornaldasoficinas.com\/pt\/observatorio-cetelem-esclarece-o-que-e-um-suv\/","url":"https:\/\/jornaldasoficinas.com\/pt\/observatorio-cetelem-esclarece-o-que-e-um-suv\/","name":"Observat\u00f3rio Cetelem esclarece o que \u00e9 um SUV - Jornal das Oficinas","isPartOf":{"@id":"https:\/\/jornaldasoficinas.com\/pt\/#website"},"primaryImageOfPage":{"@id":"https:\/\/jornaldasoficinas.com\/pt\/observatorio-cetelem-esclarece-o-que-e-um-suv\/#primaryimage"},"image":{"@id":"https:\/\/jornaldasoficinas.com\/pt\/observatorio-cetelem-esclarece-o-que-e-um-suv\/#primaryimage"},"thumbnailUrl":"https:\/\/jornaldasoficinas.com\/pt\/wp-content\/uploads\/2022\/02\/Observatorio-Cetelem.jpg","datePublished":"2022-02-22T10:00:24+00:00","breadcrumb":{"@id":"https:\/\/jornaldasoficinas.com\/pt\/observatorio-cetelem-esclarece-o-que-e-um-suv\/#breadcrumb"},"inLanguage":"pt-PT","potentialAction":[{"@type":"ReadAction","target":["https:\/\/jornaldasoficinas.com\/pt\/observatorio-cetelem-esclarece-o-que-e-um-suv\/"]}]},{"@type":"ImageObject","inLanguage":"pt-PT","@id":"https:\/\/jornaldasoficinas.com\/pt\/observatorio-cetelem-esclarece-o-que-e-um-suv\/#primaryimage","url":"https:\/\/jornaldasoficinas.com\/pt\/wp-content\/uploads\/2022\/02\/Observatorio-Cetelem.jpg","contentUrl":"https:\/\/jornaldasoficinas.com\/pt\/wp-content\/uploads\/2022\/02\/Observatorio-Cetelem.jpg","width":1024,"height":581,"caption":"02 - Observatorio Cetelem"},{"@type":"BreadcrumbList","@id":"https:\/\/jornaldasoficinas.com\/pt\/observatorio-cetelem-esclarece-o-que-e-um-suv\/#breadcrumb","itemListElement":[{"@type":"ListItem","position":1,"name":"In\u00edcio","item":"https:\/\/jornaldasoficinas.com\/pt\/"},{"@type":"ListItem","position":2,"name":"Observat\u00f3rio Cetelem esclarece o que \u00e9 um SUV"}]},{"@type":"WebSite","@id":"https:\/\/jornaldasoficinas.com\/pt\/#website","url":"https:\/\/jornaldasoficinas.com\/pt\/","name":"Jornal das Oficinas","description":"Jornal independente do Aftermarket Autom\u00f3vel em Portugal","publisher":{"@id":"https:\/\/jornaldasoficinas.com\/pt\/#organization"},"potentialAction":[{"@type":"SearchAction","target":{"@type":"EntryPoint","urlTemplate":"https:\/\/jornaldasoficinas.com\/pt\/?s={search_term_string}"},"query-input":{"@type":"PropertyValueSpecification","valueRequired":true,"valueName":"search_term_string"}}],"inLanguage":"pt-PT"},{"@type":"Organization","@id":"https:\/\/jornaldasoficinas.com\/pt\/#organization","name":"Jornal das Oficinas","url":"https:\/\/jornaldasoficinas.com\/pt\/","logo":{"@type":"ImageObject","inLanguage":"pt-PT","@id":"https:\/\/jornaldasoficinas.com\/pt\/#\/schema\/logo\/image\/","url":"https:\/\/jornaldasoficinas.com\/pt\/wp-content\/uploads\/logoJO-SEO.png","contentUrl":"https:\/\/jornaldasoficinas.com\/pt\/wp-content\/uploads\/logoJO-SEO.png","width":285,"height":450,"caption":"Jornal das Oficinas"},"image":{"@id":"https:\/\/jornaldasoficinas.com\/pt\/#\/schema\/logo\/image\/"},"sameAs":["https:\/\/www.facebook.com\/jornaloficinas","https:\/\/x.com\/jornaloficinas","https:\/\/www.instagram.com\/jornal_oficinas\/","https:\/\/www.linkedin.com\/company\/jornal-das-oficinas\/","https:\/\/www.youtube.com\/channel\/UCbQZBqtcvV-oSQrr7RzINGg"]},{"@type":"Person","@id":"https:\/\/jornaldasoficinas.com\/pt\/#\/schema\/person\/a38eef5de2c41d9e7c9ac10141afddf3","name":"Reda\u00e7\u00e3o JO","image":{"@type":"ImageObject","inLanguage":"pt-PT","@id":"https:\/\/secure.gravatar.com\/avatar\/71f2fa71737ad68a84fea94bc708ddac8ea5b0c4788dc2ad202f3ccb2887742f?s=96&d=wp_user_avatar&r=g","url":"https:\/\/secure.gravatar.com\/avatar\/71f2fa71737ad68a84fea94bc708ddac8ea5b0c4788dc2ad202f3ccb2887742f?s=96&d=wp_user_avatar&r=g","contentUrl":"https:\/\/secure.gravatar.com\/avatar\/71f2fa71737ad68a84fea94bc708ddac8ea5b0c4788dc2ad202f3ccb2887742f?s=96&d=wp_user_avatar&r=g","caption":"Reda\u00e7\u00e3o JO"},"url":"https:\/\/jornaldasoficinas.com\/pt\/author\/joredacao\/"}]}},"_links":{"self":[{"href":"https:\/\/jornaldasoficinas.com\/pt\/wp-json\/wp\/v2\/posts\/27458","targetHints":{"allow":["GET"]}}],"collection":[{"href":"https:\/\/jornaldasoficinas.com\/pt\/wp-json\/wp\/v2\/posts"}],"about":[{"href":"https:\/\/jornaldasoficinas.com\/pt\/wp-json\/wp\/v2\/types\/post"}],"author":[{"embeddable":true,"href":"https:\/\/jornaldasoficinas.com\/pt\/wp-json\/wp\/v2\/users\/15"}],"replies":[{"embeddable":true,"href":"https:\/\/jornaldasoficinas.com\/pt\/wp-json\/wp\/v2\/comments?post=27458"}],"version-history":[{"count":0,"href":"https:\/\/jornaldasoficinas.com\/pt\/wp-json\/wp\/v2\/posts\/27458\/revisions"}],"wp:featuredmedia":[{"embeddable":true,"href":"https:\/\/jornaldasoficinas.com\/pt\/wp-json\/wp\/v2\/media\/27445"}],"wp:attachment":[{"href":"https:\/\/jornaldasoficinas.com\/pt\/wp-json\/wp\/v2\/media?parent=27458"}],"wp:term":[{"taxonomy":"category","embeddable":true,"href":"https:\/\/jornaldasoficinas.com\/pt\/wp-json\/wp\/v2\/categories?post=27458"},{"taxonomy":"post_tag","embeddable":true,"href":"https:\/\/jornaldasoficinas.com\/pt\/wp-json\/wp\/v2\/tags?post=27458"}],"curies":[{"name":"wp","href":"https:\/\/api.w.org\/{rel}","templated":true}]}}