{"id":27470,"date":"2022-02-21T20:01:54","date_gmt":"2022-02-21T20:01:54","guid":{"rendered":"https:\/\/jornaldasoficinas.com\/pt\/?p=27470"},"modified":"2022-02-21T20:15:54","modified_gmt":"2022-02-21T20:15:54","slug":"auto-3-emes-vai-realizar-workshop-de-mecanica-para-mulheres","status":"publish","type":"post","link":"https:\/\/jornaldasoficinas.com\/pt\/auto-3-emes-vai-realizar-workshop-de-mecanica-para-mulheres\/","title":{"rendered":"Auto 3 Emes vai realizar Workshop de mec\u00e2nica para mulheres"},"content":{"rendered":"<p><strong><img loading=\"lazy\" decoding=\"async\" class=\"alignnone size-full wp-image-27469\" src=\"https:\/\/jornaldasoficinas.com\/pt\/wp-content\/uploads\/2022\/02\/Auto-3-Emes-vai-realizar.png\" alt=\"02 - Auto 3 Emes vai realizar\" width=\"1024\" height=\"581\" srcset=\"https:\/\/jornaldasoficinas.com\/pt\/wp-content\/uploads\/2022\/02\/Auto-3-Emes-vai-realizar.png 1024w, https:\/\/jornaldasoficinas.com\/pt\/wp-content\/uploads\/2022\/02\/Auto-3-Emes-vai-realizar-300x170.png 300w, https:\/\/jornaldasoficinas.com\/pt\/wp-content\/uploads\/2022\/02\/Auto-3-Emes-vai-realizar-150x85.png 150w, https:\/\/jornaldasoficinas.com\/pt\/wp-content\/uploads\/2022\/02\/Auto-3-Emes-vai-realizar-768x436.png 768w\" sizes=\"auto, (max-width: 1024px) 100vw, 1024px\" \/><\/strong><\/p>\n<p><strong>Ter\u00e1 lugar no pr\u00f3ximo dia 12 de mar\u00e7o, nas instala\u00e7\u00f5es da Auto 3 Emes o workshop \u201cMec\u00e2nica Feminina\u201d e o \u00fanico requisito para participar \u00e9 ser mulher e maior de idade. As inscri\u00e7\u00f5es estar\u00e3o abertas a partir de 28 de fevereiro at\u00e9 ao dia 8 de mar\u00e7o, atrav\u00e9s do contacto telef\u00f3nico 916\u00a0117 404), atrav\u00e9s do email: <a href=\"mailto:irma.carvalho@autotresemes.pt\">irma.carvalho@autotresemes.pt<\/a> ou ainda atrav\u00e9s das redes sociais facebook (Auto Tr\u00eas Emes) e instagram (@auto_tres_emes).<\/strong><\/p>\n<p>O objetivo da Auto 3 Emes tem sido ao longo do tempo entregar a m\u00e1xima qualidade a quem lhe confia os seus carros. A entrega de qualidade passa, em parte, por criar alguma independ\u00eancia nos seus clientes: a todos, sem exce\u00e7\u00e3o. \u201cConscientes da apreens\u00e3o no geral da popula\u00e7\u00e3o feminina relativamente ao tema \u201cmec\u00e2nica\u201d, e j\u00e1 que tem havido uma desconstru\u00e7\u00e3o no que toca ao feminino em tantas outras frentes, n\u00e3o quisemos ficar para tr\u00e1s nesse sentido. Decidimos colmatar com as pr\u00f3prias m\u00e3os esta lacuna que existe: a nossa equipa, pela segunda vez, ensina mulheres a tornarem-se independentes nas pequenas coisas que podem surgir no dia-a-dia de quem conduz. N\u00e3o faz sentido eternizar e fortalecer uma realidade t\u00e3o taxativa\u201d, afirma Irma Carvalho, respons\u00e1vel do departamento de comunica\u00e7\u00e3o.<\/p>\n<p>Com esta iniciativa, a Auto 3 Emes pretende mostrar como \u00e9 o carro por dentro e dar uma pequena no\u00e7\u00e3o de como tudo funciona, pois o workshop ter\u00e1 uma componente te\u00f3rica e outra pr\u00e1tica.\u00a0 \u201cQueremos que as mulheres que nos visitarem saiam daqui a saber resolver as pequenas coisas que podem surgir no dia-a-dia como a troca de um pneu por exemplo. O programa mais a fundo ter\u00e3o de estar c\u00e1 para saber\u2026\u201d, esclarece Irma Carvalho.<\/p>\n<p>Relativamente a a\u00e7\u00f5es futuras, esta respons\u00e1vel revela que\u00a0 \u201ctemos preparado a atividade relativa ao Dia da Crian\u00e7a, Pequenos Pr\u00f3s II. Vai acontecer no dia 04 de junho e carece de inscri\u00e7\u00e3o. Al\u00e9m disso, este ano \u00e9 especial para a empresa pois completamos 20 anos. Assim sendo, estamos a preparar para o m\u00eas de novembro um evento diferente cheio de surpresas e muito fora da caixa, com coisas interessantes para colegas, fornecedores e clientes.\u201d<\/p>\n","protected":false},"excerpt":{"rendered":"<p>Ter\u00e1 lugar no pr\u00f3ximo dia 12&#8230;<\/p>\n","protected":false},"author":15,"featured_media":27469,"comment_status":"closed","ping_status":"closed","sticky":false,"template":"","format":"standard","meta":{"footnotes":""},"categories":[29],"tags":[2471],"class_list":["post-27470","post","type-post","status-publish","format-standard","has-post-thumbnail","hentry","category-empresas","tag-auto-3-emes"],"yoast_head":"<!-- This site is optimized with the Yoast SEO plugin v27.4 - https:\/\/yoast.com\/product\/yoast-seo-wordpress\/ -->\n<title>Auto 3 Emes vai realizar Workshop de mec\u00e2nica para mulheres - Jornal das Oficinas<\/title>\n<meta name=\"robots\" content=\"index, follow, max-snippet:-1, max-image-preview:large, max-video-preview:-1\" \/>\n<link rel=\"canonical\" href=\"https:\/\/jornaldasoficinas.com\/pt\/auto-3-emes-vai-realizar-workshop-de-mecanica-para-mulheres\/\" \/>\n<meta property=\"og:locale\" content=\"pt_PT\" \/>\n<meta property=\"og:type\" content=\"article\" \/>\n<meta property=\"og:title\" content=\"Auto 3 Emes vai realizar Workshop de mec\u00e2nica para mulheres - Jornal das Oficinas\" \/>\n<meta property=\"og:description\" content=\"Ter\u00e1 lugar no pr\u00f3ximo dia 12...\" \/>\n<meta property=\"og:url\" content=\"https:\/\/jornaldasoficinas.com\/pt\/auto-3-emes-vai-realizar-workshop-de-mecanica-para-mulheres\/\" \/>\n<meta property=\"og:site_name\" content=\"Jornal das Oficinas\" \/>\n<meta property=\"article:publisher\" content=\"https:\/\/www.facebook.com\/jornaloficinas\" \/>\n<meta property=\"article:published_time\" content=\"2022-02-21T20:01:54+00:00\" \/>\n<meta property=\"article:modified_time\" content=\"2022-02-21T20:15:54+00:00\" \/>\n<meta property=\"og:image\" content=\"https:\/\/jornaldasoficinas.com\/pt\/wp-content\/uploads\/2022\/02\/Auto-3-Emes-vai-realizar.png\" \/>\n\t<meta property=\"og:image:width\" content=\"1024\" \/>\n\t<meta property=\"og:image:height\" content=\"581\" \/>\n\t<meta property=\"og:image:type\" content=\"image\/png\" \/>\n<meta name=\"author\" content=\"Reda\u00e7\u00e3o JO\" \/>\n<meta name=\"twitter:card\" content=\"summary_large_image\" \/>\n<meta name=\"twitter:creator\" content=\"@jornaloficinas\" \/>\n<meta name=\"twitter:site\" content=\"@jornaloficinas\" \/>\n<meta name=\"twitter:label1\" content=\"Escrito por\" \/>\n\t<meta name=\"twitter:data1\" content=\"Reda\u00e7\u00e3o JO\" \/>\n\t<meta name=\"twitter:label2\" content=\"Tempo estimado de leitura\" \/>\n\t<meta name=\"twitter:data2\" content=\"2 minutos\" \/>\n<script type=\"application\/ld+json\" class=\"yoast-schema-graph\">{\"@context\":\"https:\\\/\\\/schema.org\",\"@graph\":[{\"@type\":\"Article\",\"@id\":\"https:\\\/\\\/jornaldasoficinas.com\\\/pt\\\/auto-3-emes-vai-realizar-workshop-de-mecanica-para-mulheres\\\/#article\",\"isPartOf\":{\"@id\":\"https:\\\/\\\/jornaldasoficinas.com\\\/pt\\\/auto-3-emes-vai-realizar-workshop-de-mecanica-para-mulheres\\\/\"},\"author\":{\"name\":\"Reda\u00e7\u00e3o JO\",\"@id\":\"https:\\\/\\\/jornaldasoficinas.com\\\/pt\\\/#\\\/schema\\\/person\\\/a38eef5de2c41d9e7c9ac10141afddf3\"},\"headline\":\"Auto 3 Emes vai realizar Workshop de mec\u00e2nica para mulheres\",\"datePublished\":\"2022-02-21T20:01:54+00:00\",\"dateModified\":\"2022-02-21T20:15:54+00:00\",\"mainEntityOfPage\":{\"@id\":\"https:\\\/\\\/jornaldasoficinas.com\\\/pt\\\/auto-3-emes-vai-realizar-workshop-de-mecanica-para-mulheres\\\/\"},\"wordCount\":385,\"publisher\":{\"@id\":\"https:\\\/\\\/jornaldasoficinas.com\\\/pt\\\/#organization\"},\"image\":{\"@id\":\"https:\\\/\\\/jornaldasoficinas.com\\\/pt\\\/auto-3-emes-vai-realizar-workshop-de-mecanica-para-mulheres\\\/#primaryimage\"},\"thumbnailUrl\":\"https:\\\/\\\/jornaldasoficinas.com\\\/pt\\\/wp-content\\\/uploads\\\/2022\\\/02\\\/Auto-3-Emes-vai-realizar.png\",\"keywords\":[\"Auto 3 Emes\"],\"articleSection\":[\"Empresas\"],\"inLanguage\":\"pt-PT\"},{\"@type\":\"WebPage\",\"@id\":\"https:\\\/\\\/jornaldasoficinas.com\\\/pt\\\/auto-3-emes-vai-realizar-workshop-de-mecanica-para-mulheres\\\/\",\"url\":\"https:\\\/\\\/jornaldasoficinas.com\\\/pt\\\/auto-3-emes-vai-realizar-workshop-de-mecanica-para-mulheres\\\/\",\"name\":\"Auto 3 Emes vai realizar Workshop de mec\u00e2nica para mulheres - Jornal das Oficinas\",\"isPartOf\":{\"@id\":\"https:\\\/\\\/jornaldasoficinas.com\\\/pt\\\/#website\"},\"primaryImageOfPage\":{\"@id\":\"https:\\\/\\\/jornaldasoficinas.com\\\/pt\\\/auto-3-emes-vai-realizar-workshop-de-mecanica-para-mulheres\\\/#primaryimage\"},\"image\":{\"@id\":\"https:\\\/\\\/jornaldasoficinas.com\\\/pt\\\/auto-3-emes-vai-realizar-workshop-de-mecanica-para-mulheres\\\/#primaryimage\"},\"thumbnailUrl\":\"https:\\\/\\\/jornaldasoficinas.com\\\/pt\\\/wp-content\\\/uploads\\\/2022\\\/02\\\/Auto-3-Emes-vai-realizar.png\",\"datePublished\":\"2022-02-21T20:01:54+00:00\",\"dateModified\":\"2022-02-21T20:15:54+00:00\",\"breadcrumb\":{\"@id\":\"https:\\\/\\\/jornaldasoficinas.com\\\/pt\\\/auto-3-emes-vai-realizar-workshop-de-mecanica-para-mulheres\\\/#breadcrumb\"},\"inLanguage\":\"pt-PT\",\"potentialAction\":[{\"@type\":\"ReadAction\",\"target\":[\"https:\\\/\\\/jornaldasoficinas.com\\\/pt\\\/auto-3-emes-vai-realizar-workshop-de-mecanica-para-mulheres\\\/\"]}]},{\"@type\":\"ImageObject\",\"inLanguage\":\"pt-PT\",\"@id\":\"https:\\\/\\\/jornaldasoficinas.com\\\/pt\\\/auto-3-emes-vai-realizar-workshop-de-mecanica-para-mulheres\\\/#primaryimage\",\"url\":\"https:\\\/\\\/jornaldasoficinas.com\\\/pt\\\/wp-content\\\/uploads\\\/2022\\\/02\\\/Auto-3-Emes-vai-realizar.png\",\"contentUrl\":\"https:\\\/\\\/jornaldasoficinas.com\\\/pt\\\/wp-content\\\/uploads\\\/2022\\\/02\\\/Auto-3-Emes-vai-realizar.png\",\"width\":1024,\"height\":581,\"caption\":\"02 - Auto 3 Emes vai realizar\"},{\"@type\":\"BreadcrumbList\",\"@id\":\"https:\\\/\\\/jornaldasoficinas.com\\\/pt\\\/auto-3-emes-vai-realizar-workshop-de-mecanica-para-mulheres\\\/#breadcrumb\",\"itemListElement\":[{\"@type\":\"ListItem\",\"position\":1,\"name\":\"In\u00edcio\",\"item\":\"https:\\\/\\\/jornaldasoficinas.com\\\/pt\\\/\"},{\"@type\":\"ListItem\",\"position\":2,\"name\":\"Auto 3 Emes vai realizar Workshop de mec\u00e2nica para mulheres\"}]},{\"@type\":\"WebSite\",\"@id\":\"https:\\\/\\\/jornaldasoficinas.com\\\/pt\\\/#website\",\"url\":\"https:\\\/\\\/jornaldasoficinas.com\\\/pt\\\/\",\"name\":\"Jornal das Oficinas\",\"description\":\"Jornal independente do Aftermarket Autom\u00f3vel em Portugal\",\"publisher\":{\"@id\":\"https:\\\/\\\/jornaldasoficinas.com\\\/pt\\\/#organization\"},\"potentialAction\":[{\"@type\":\"SearchAction\",\"target\":{\"@type\":\"EntryPoint\",\"urlTemplate\":\"https:\\\/\\\/jornaldasoficinas.com\\\/pt\\\/?s={search_term_string}\"},\"query-input\":{\"@type\":\"PropertyValueSpecification\",\"valueRequired\":true,\"valueName\":\"search_term_string\"}}],\"inLanguage\":\"pt-PT\"},{\"@type\":\"Organization\",\"@id\":\"https:\\\/\\\/jornaldasoficinas.com\\\/pt\\\/#organization\",\"name\":\"Jornal das Oficinas\",\"url\":\"https:\\\/\\\/jornaldasoficinas.com\\\/pt\\\/\",\"logo\":{\"@type\":\"ImageObject\",\"inLanguage\":\"pt-PT\",\"@id\":\"https:\\\/\\\/jornaldasoficinas.com\\\/pt\\\/#\\\/schema\\\/logo\\\/image\\\/\",\"url\":\"https:\\\/\\\/jornaldasoficinas.com\\\/pt\\\/wp-content\\\/uploads\\\/logoJO-SEO.png\",\"contentUrl\":\"https:\\\/\\\/jornaldasoficinas.com\\\/pt\\\/wp-content\\\/uploads\\\/logoJO-SEO.png\",\"width\":285,\"height\":450,\"caption\":\"Jornal das Oficinas\"},\"image\":{\"@id\":\"https:\\\/\\\/jornaldasoficinas.com\\\/pt\\\/#\\\/schema\\\/logo\\\/image\\\/\"},\"sameAs\":[\"https:\\\/\\\/www.facebook.com\\\/jornaloficinas\",\"https:\\\/\\\/x.com\\\/jornaloficinas\",\"https:\\\/\\\/www.instagram.com\\\/jornal_oficinas\\\/\",\"https:\\\/\\\/www.linkedin.com\\\/company\\\/jornal-das-oficinas\\\/\",\"https:\\\/\\\/www.youtube.com\\\/channel\\\/UCbQZBqtcvV-oSQrr7RzINGg\"]},{\"@type\":\"Person\",\"@id\":\"https:\\\/\\\/jornaldasoficinas.com\\\/pt\\\/#\\\/schema\\\/person\\\/a38eef5de2c41d9e7c9ac10141afddf3\",\"name\":\"Reda\u00e7\u00e3o JO\",\"image\":{\"@type\":\"ImageObject\",\"inLanguage\":\"pt-PT\",\"@id\":\"https:\\\/\\\/secure.gravatar.com\\\/avatar\\\/71f2fa71737ad68a84fea94bc708ddac8ea5b0c4788dc2ad202f3ccb2887742f?s=96&d=wp_user_avatar&r=g\",\"url\":\"https:\\\/\\\/secure.gravatar.com\\\/avatar\\\/71f2fa71737ad68a84fea94bc708ddac8ea5b0c4788dc2ad202f3ccb2887742f?s=96&d=wp_user_avatar&r=g\",\"contentUrl\":\"https:\\\/\\\/secure.gravatar.com\\\/avatar\\\/71f2fa71737ad68a84fea94bc708ddac8ea5b0c4788dc2ad202f3ccb2887742f?s=96&d=wp_user_avatar&r=g\",\"caption\":\"Reda\u00e7\u00e3o JO\"},\"url\":\"https:\\\/\\\/jornaldasoficinas.com\\\/pt\\\/author\\\/joredacao\\\/\"}]}<\/script>\n<!-- \/ Yoast SEO plugin. -->","yoast_head_json":{"title":"Auto 3 Emes vai realizar Workshop de mec\u00e2nica para mulheres - Jornal das Oficinas","robots":{"index":"index","follow":"follow","max-snippet":"max-snippet:-1","max-image-preview":"max-image-preview:large","max-video-preview":"max-video-preview:-1"},"canonical":"https:\/\/jornaldasoficinas.com\/pt\/auto-3-emes-vai-realizar-workshop-de-mecanica-para-mulheres\/","og_locale":"pt_PT","og_type":"article","og_title":"Auto 3 Emes vai realizar Workshop de mec\u00e2nica para mulheres - Jornal das Oficinas","og_description":"Ter\u00e1 lugar no pr\u00f3ximo dia 12...","og_url":"https:\/\/jornaldasoficinas.com\/pt\/auto-3-emes-vai-realizar-workshop-de-mecanica-para-mulheres\/","og_site_name":"Jornal das Oficinas","article_publisher":"https:\/\/www.facebook.com\/jornaloficinas","article_published_time":"2022-02-21T20:01:54+00:00","article_modified_time":"2022-02-21T20:15:54+00:00","og_image":[{"width":1024,"height":581,"url":"https:\/\/jornaldasoficinas.com\/pt\/wp-content\/uploads\/2022\/02\/Auto-3-Emes-vai-realizar.png","type":"image\/png"}],"author":"Reda\u00e7\u00e3o JO","twitter_card":"summary_large_image","twitter_creator":"@jornaloficinas","twitter_site":"@jornaloficinas","twitter_misc":{"Escrito por":"Reda\u00e7\u00e3o JO","Tempo estimado de leitura":"2 minutos"},"schema":{"@context":"https:\/\/schema.org","@graph":[{"@type":"Article","@id":"https:\/\/jornaldasoficinas.com\/pt\/auto-3-emes-vai-realizar-workshop-de-mecanica-para-mulheres\/#article","isPartOf":{"@id":"https:\/\/jornaldasoficinas.com\/pt\/auto-3-emes-vai-realizar-workshop-de-mecanica-para-mulheres\/"},"author":{"name":"Reda\u00e7\u00e3o JO","@id":"https:\/\/jornaldasoficinas.com\/pt\/#\/schema\/person\/a38eef5de2c41d9e7c9ac10141afddf3"},"headline":"Auto 3 Emes vai realizar Workshop de mec\u00e2nica para mulheres","datePublished":"2022-02-21T20:01:54+00:00","dateModified":"2022-02-21T20:15:54+00:00","mainEntityOfPage":{"@id":"https:\/\/jornaldasoficinas.com\/pt\/auto-3-emes-vai-realizar-workshop-de-mecanica-para-mulheres\/"},"wordCount":385,"publisher":{"@id":"https:\/\/jornaldasoficinas.com\/pt\/#organization"},"image":{"@id":"https:\/\/jornaldasoficinas.com\/pt\/auto-3-emes-vai-realizar-workshop-de-mecanica-para-mulheres\/#primaryimage"},"thumbnailUrl":"https:\/\/jornaldasoficinas.com\/pt\/wp-content\/uploads\/2022\/02\/Auto-3-Emes-vai-realizar.png","keywords":["Auto 3 Emes"],"articleSection":["Empresas"],"inLanguage":"pt-PT"},{"@type":"WebPage","@id":"https:\/\/jornaldasoficinas.com\/pt\/auto-3-emes-vai-realizar-workshop-de-mecanica-para-mulheres\/","url":"https:\/\/jornaldasoficinas.com\/pt\/auto-3-emes-vai-realizar-workshop-de-mecanica-para-mulheres\/","name":"Auto 3 Emes vai realizar Workshop de mec\u00e2nica para mulheres - Jornal das Oficinas","isPartOf":{"@id":"https:\/\/jornaldasoficinas.com\/pt\/#website"},"primaryImageOfPage":{"@id":"https:\/\/jornaldasoficinas.com\/pt\/auto-3-emes-vai-realizar-workshop-de-mecanica-para-mulheres\/#primaryimage"},"image":{"@id":"https:\/\/jornaldasoficinas.com\/pt\/auto-3-emes-vai-realizar-workshop-de-mecanica-para-mulheres\/#primaryimage"},"thumbnailUrl":"https:\/\/jornaldasoficinas.com\/pt\/wp-content\/uploads\/2022\/02\/Auto-3-Emes-vai-realizar.png","datePublished":"2022-02-21T20:01:54+00:00","dateModified":"2022-02-21T20:15:54+00:00","breadcrumb":{"@id":"https:\/\/jornaldasoficinas.com\/pt\/auto-3-emes-vai-realizar-workshop-de-mecanica-para-mulheres\/#breadcrumb"},"inLanguage":"pt-PT","potentialAction":[{"@type":"ReadAction","target":["https:\/\/jornaldasoficinas.com\/pt\/auto-3-emes-vai-realizar-workshop-de-mecanica-para-mulheres\/"]}]},{"@type":"ImageObject","inLanguage":"pt-PT","@id":"https:\/\/jornaldasoficinas.com\/pt\/auto-3-emes-vai-realizar-workshop-de-mecanica-para-mulheres\/#primaryimage","url":"https:\/\/jornaldasoficinas.com\/pt\/wp-content\/uploads\/2022\/02\/Auto-3-Emes-vai-realizar.png","contentUrl":"https:\/\/jornaldasoficinas.com\/pt\/wp-content\/uploads\/2022\/02\/Auto-3-Emes-vai-realizar.png","width":1024,"height":581,"caption":"02 - Auto 3 Emes vai realizar"},{"@type":"BreadcrumbList","@id":"https:\/\/jornaldasoficinas.com\/pt\/auto-3-emes-vai-realizar-workshop-de-mecanica-para-mulheres\/#breadcrumb","itemListElement":[{"@type":"ListItem","position":1,"name":"In\u00edcio","item":"https:\/\/jornaldasoficinas.com\/pt\/"},{"@type":"ListItem","position":2,"name":"Auto 3 Emes vai realizar Workshop de mec\u00e2nica para mulheres"}]},{"@type":"WebSite","@id":"https:\/\/jornaldasoficinas.com\/pt\/#website","url":"https:\/\/jornaldasoficinas.com\/pt\/","name":"Jornal das Oficinas","description":"Jornal independente do Aftermarket Autom\u00f3vel em Portugal","publisher":{"@id":"https:\/\/jornaldasoficinas.com\/pt\/#organization"},"potentialAction":[{"@type":"SearchAction","target":{"@type":"EntryPoint","urlTemplate":"https:\/\/jornaldasoficinas.com\/pt\/?s={search_term_string}"},"query-input":{"@type":"PropertyValueSpecification","valueRequired":true,"valueName":"search_term_string"}}],"inLanguage":"pt-PT"},{"@type":"Organization","@id":"https:\/\/jornaldasoficinas.com\/pt\/#organization","name":"Jornal das Oficinas","url":"https:\/\/jornaldasoficinas.com\/pt\/","logo":{"@type":"ImageObject","inLanguage":"pt-PT","@id":"https:\/\/jornaldasoficinas.com\/pt\/#\/schema\/logo\/image\/","url":"https:\/\/jornaldasoficinas.com\/pt\/wp-content\/uploads\/logoJO-SEO.png","contentUrl":"https:\/\/jornaldasoficinas.com\/pt\/wp-content\/uploads\/logoJO-SEO.png","width":285,"height":450,"caption":"Jornal das Oficinas"},"image":{"@id":"https:\/\/jornaldasoficinas.com\/pt\/#\/schema\/logo\/image\/"},"sameAs":["https:\/\/www.facebook.com\/jornaloficinas","https:\/\/x.com\/jornaloficinas","https:\/\/www.instagram.com\/jornal_oficinas\/","https:\/\/www.linkedin.com\/company\/jornal-das-oficinas\/","https:\/\/www.youtube.com\/channel\/UCbQZBqtcvV-oSQrr7RzINGg"]},{"@type":"Person","@id":"https:\/\/jornaldasoficinas.com\/pt\/#\/schema\/person\/a38eef5de2c41d9e7c9ac10141afddf3","name":"Reda\u00e7\u00e3o JO","image":{"@type":"ImageObject","inLanguage":"pt-PT","@id":"https:\/\/secure.gravatar.com\/avatar\/71f2fa71737ad68a84fea94bc708ddac8ea5b0c4788dc2ad202f3ccb2887742f?s=96&d=wp_user_avatar&r=g","url":"https:\/\/secure.gravatar.com\/avatar\/71f2fa71737ad68a84fea94bc708ddac8ea5b0c4788dc2ad202f3ccb2887742f?s=96&d=wp_user_avatar&r=g","contentUrl":"https:\/\/secure.gravatar.com\/avatar\/71f2fa71737ad68a84fea94bc708ddac8ea5b0c4788dc2ad202f3ccb2887742f?s=96&d=wp_user_avatar&r=g","caption":"Reda\u00e7\u00e3o JO"},"url":"https:\/\/jornaldasoficinas.com\/pt\/author\/joredacao\/"}]}},"_links":{"self":[{"href":"https:\/\/jornaldasoficinas.com\/pt\/wp-json\/wp\/v2\/posts\/27470","targetHints":{"allow":["GET"]}}],"collection":[{"href":"https:\/\/jornaldasoficinas.com\/pt\/wp-json\/wp\/v2\/posts"}],"about":[{"href":"https:\/\/jornaldasoficinas.com\/pt\/wp-json\/wp\/v2\/types\/post"}],"author":[{"embeddable":true,"href":"https:\/\/jornaldasoficinas.com\/pt\/wp-json\/wp\/v2\/users\/15"}],"replies":[{"embeddable":true,"href":"https:\/\/jornaldasoficinas.com\/pt\/wp-json\/wp\/v2\/comments?post=27470"}],"version-history":[{"count":0,"href":"https:\/\/jornaldasoficinas.com\/pt\/wp-json\/wp\/v2\/posts\/27470\/revisions"}],"wp:featuredmedia":[{"embeddable":true,"href":"https:\/\/jornaldasoficinas.com\/pt\/wp-json\/wp\/v2\/media\/27469"}],"wp:attachment":[{"href":"https:\/\/jornaldasoficinas.com\/pt\/wp-json\/wp\/v2\/media?parent=27470"}],"wp:term":[{"taxonomy":"category","embeddable":true,"href":"https:\/\/jornaldasoficinas.com\/pt\/wp-json\/wp\/v2\/categories?post=27470"},{"taxonomy":"post_tag","embeddable":true,"href":"https:\/\/jornaldasoficinas.com\/pt\/wp-json\/wp\/v2\/tags?post=27470"}],"curies":[{"name":"wp","href":"https:\/\/api.w.org\/{rel}","templated":true}]}}