{"id":27513,"date":"2022-02-23T14:00:08","date_gmt":"2022-02-23T14:00:08","guid":{"rendered":"https:\/\/jornaldasoficinas.com\/pt\/?p=27513"},"modified":"2022-02-22T15:13:22","modified_gmt":"2022-02-22T15:13:22","slug":"mewa-mais-sustentavel-do-que-nunca","status":"publish","type":"post","link":"https:\/\/jornaldasoficinas.com\/pt\/mewa-mais-sustentavel-do-que-nunca\/","title":{"rendered":"MEWA mais sustent\u00e1vel do que nunca"},"content":{"rendered":"<p><img loading=\"lazy\" decoding=\"async\" class=\"size-full wp-image-27484\" src=\"https:\/\/jornaldasoficinas.com\/pt\/wp-content\/uploads\/2022\/02\/MEWA-mais-sustentavel-do-que-nunca.jpg\" alt=\"02 - MEWA mais sustentavel do que nunca\" width=\"1024\" height=\"581\" srcset=\"https:\/\/jornaldasoficinas.com\/pt\/wp-content\/uploads\/2022\/02\/MEWA-mais-sustentavel-do-que-nunca.jpg 1024w, https:\/\/jornaldasoficinas.com\/pt\/wp-content\/uploads\/2022\/02\/MEWA-mais-sustentavel-do-que-nunca-300x170.jpg 300w, https:\/\/jornaldasoficinas.com\/pt\/wp-content\/uploads\/2022\/02\/MEWA-mais-sustentavel-do-que-nunca-150x85.jpg 150w, https:\/\/jornaldasoficinas.com\/pt\/wp-content\/uploads\/2022\/02\/MEWA-mais-sustentavel-do-que-nunca-768x436.jpg 768w\" sizes=\"auto, (max-width: 1024px) 100vw, 1024px\" \/><\/p>\n<p><strong>Nos \u00faltimos 12 meses foram inauguradas 2.251 empresas de produ\u00e7\u00e3o, 12,9 por cento mais do que no mesmo per\u00edodo do ano anterior. Aspeto positivo, a <a href=\"https:\/\/www.mewa.pt\/\" target=\"_blank\" rel=\"noopener\">MEWA<\/a> apresenta-se como parceira de limpeza de m\u00e1quinas e ferramentas de algumas destas empresas. O sistema de panos de limpeza da MEWA torna poss\u00edvel a or\u00e7amenta\u00e7\u00e3o exata e permite que a jovem empresa d\u00ea um contributo importante para a sustentabilidade dia ap\u00f3s dia<\/strong><\/p>\n<p>Fazer tudo bem desde o primeiro momento. Muitos empres\u00e1rios e muitas empres\u00e1rias t\u00eam esta m\u00e1xima em mente quando fundam uma empresa, seja de pequena, m\u00e9dia ou grande produ\u00e7\u00e3o.\u00a0 O sistema de panos de limpeza da MEWA \u00e9 a solu\u00e7\u00e3o profissional para a limpeza de cada f\u00e1brica e oficina, mesmo para microempresas. Garante que panos limpos est\u00e3o sempre \u00e0 m\u00e3o e aumenta, assim, a produtividade.<\/p>\n<p>Para al\u00e9m disso, os panos da MEWA s\u00e3o\u00a0made in Germany\u00a0e contribuem para uma limpeza de excel\u00eancia. S\u00e3o de primeira qualidade e ultra-absorventes. Desta forma, as m\u00e1quinas e ferramentas s\u00e3o profunda e rapidamente limpas de \u00f3leo, graxa, tinta e sujidade. Os panos conseguem absorver significativamente mais sujidade do que as toalhas de papel e s\u00e3o usados muitas vezes no sustent\u00e1vel sistema de reutiliza\u00e7\u00e3o.<\/p>\n<p>E \u00e9 assim que funciona: Basta juntar os panos sujos e, a seguir, a MEWA recolhe-os para lavagem. Naturalmente, h\u00e1 um lugar seguro para os panos sujos na f\u00e1brica ou oficina, uma vez que o sistema da MEWA est\u00e1 cuidadosamente pensado do in\u00edcio ao fim. Os panos usados s\u00e3o deitados no contentor de seguran\u00e7a MEWA SaCon com fecho herm\u00e9tico. Mais tarde, os panos s\u00e3o transportados no MEWA SaCon de forma segura e conforme a lei. Na MEWA, os panos s\u00e3o lavados de forma ecol\u00f3gica e, a seguir, passam pelas diferentes esta\u00e7\u00f5es do rigoroso controlo de qualidade. Cada pano pode ser lavado at\u00e9 50 vezes. Isto \u00e9 sustentabilidade.<\/p>\n<p>E isto \u00e9\u00a0sharing\u00a0t\u00eaxtil. Os panos da MEWA est\u00e3o dispon\u00edveis exclusivamente para aluguer. Mas para qu\u00ea comprar panos de limpeza? A partilha \u2013 ou seja, utilizar algo em conjunto sem o possuir \u2013 \u00e9 moderna e amiga do ambiente. \u00c9 interessante notar que a MEWA j\u00e1 teve esta ideia moderna h\u00e1 114 anos, quando a empresa foi fundada na Alemanha para apoiar empresas industriais. A inten\u00e7\u00e3o de permitir \u00e0s empresas que se concentrem inteiramente na sua produ\u00e7\u00e3o ainda hoje continua v\u00e1lida.\u00a0O sistema de panos de limpeza tem sido aperfei\u00e7oado ao longo das d\u00e9cadas.\u00a0Recentemente, foi acrescentada a comodidade digital. O portal de clientes myMEWA permite aos e \u00e0s clientes, por exemplo, acompanhar e ajustar as suas encomendas de panos de limpeza, bem como alterar a data de entrega e recolha.<\/p>\n<p>O sistema de panos de limpeza da MEWA \u00e9 uma solu\u00e7\u00e3o amiga do ambiente que deixa a empresa a brilhar. O sistema \u2013 ou seja, os panos de limpeza e o MEWA SaCon \u2013 torna vis\u00edvel a responsabilidade assumida para com o ambiente e a boa organiza\u00e7\u00e3o. E uma boa imagem desde sempre tem impulsionado o neg\u00f3cio.<\/p>\n","protected":false},"excerpt":{"rendered":"<p>Nos \u00faltimos 12 meses foram inauguradas&#8230;<\/p>\n","protected":false},"author":15,"featured_media":27484,"comment_status":"closed","ping_status":"closed","sticky":false,"template":"","format":"standard","meta":{"footnotes":""},"categories":[29],"tags":[669],"class_list":["post-27513","post","type-post","status-publish","format-standard","has-post-thumbnail","hentry","category-empresas","tag-mewa"],"yoast_head":"<!-- This site is optimized with the Yoast SEO plugin v27.5 - https:\/\/yoast.com\/product\/yoast-seo-wordpress\/ -->\n<title>MEWA mais sustent\u00e1vel do que nunca - Jornal das Oficinas<\/title>\n<meta name=\"robots\" content=\"index, follow, max-snippet:-1, max-image-preview:large, max-video-preview:-1\" \/>\n<link rel=\"canonical\" href=\"https:\/\/jornaldasoficinas.com\/pt\/mewa-mais-sustentavel-do-que-nunca\/\" \/>\n<meta property=\"og:locale\" content=\"pt_PT\" \/>\n<meta property=\"og:type\" content=\"article\" \/>\n<meta property=\"og:title\" content=\"MEWA mais sustent\u00e1vel do que nunca - Jornal das Oficinas\" \/>\n<meta property=\"og:description\" content=\"Nos \u00faltimos 12 meses foram inauguradas...\" \/>\n<meta property=\"og:url\" content=\"https:\/\/jornaldasoficinas.com\/pt\/mewa-mais-sustentavel-do-que-nunca\/\" \/>\n<meta property=\"og:site_name\" content=\"Jornal das Oficinas\" \/>\n<meta property=\"article:publisher\" content=\"https:\/\/www.facebook.com\/jornaloficinas\" \/>\n<meta property=\"article:published_time\" content=\"2022-02-23T14:00:08+00:00\" \/>\n<meta property=\"og:image\" content=\"https:\/\/jornaldasoficinas.com\/pt\/wp-content\/uploads\/2022\/02\/MEWA-mais-sustentavel-do-que-nunca.jpg\" \/>\n\t<meta property=\"og:image:width\" content=\"1024\" \/>\n\t<meta property=\"og:image:height\" content=\"581\" \/>\n\t<meta property=\"og:image:type\" content=\"image\/jpeg\" \/>\n<meta name=\"author\" content=\"Reda\u00e7\u00e3o JO\" \/>\n<meta name=\"twitter:card\" content=\"summary_large_image\" \/>\n<meta name=\"twitter:creator\" content=\"@jornaloficinas\" \/>\n<meta name=\"twitter:site\" content=\"@jornaloficinas\" \/>\n<meta name=\"twitter:label1\" content=\"Escrito por\" \/>\n\t<meta name=\"twitter:data1\" content=\"Reda\u00e7\u00e3o JO\" \/>\n\t<meta name=\"twitter:label2\" content=\"Tempo estimado de leitura\" \/>\n\t<meta name=\"twitter:data2\" content=\"3 minutos\" \/>\n<script type=\"application\/ld+json\" class=\"yoast-schema-graph\">{\"@context\":\"https:\\\/\\\/schema.org\",\"@graph\":[{\"@type\":\"Article\",\"@id\":\"https:\\\/\\\/jornaldasoficinas.com\\\/pt\\\/mewa-mais-sustentavel-do-que-nunca\\\/#article\",\"isPartOf\":{\"@id\":\"https:\\\/\\\/jornaldasoficinas.com\\\/pt\\\/mewa-mais-sustentavel-do-que-nunca\\\/\"},\"author\":{\"name\":\"Reda\u00e7\u00e3o JO\",\"@id\":\"https:\\\/\\\/jornaldasoficinas.com\\\/pt\\\/#\\\/schema\\\/person\\\/a38eef5de2c41d9e7c9ac10141afddf3\"},\"headline\":\"MEWA mais sustent\u00e1vel do que nunca\",\"datePublished\":\"2022-02-23T14:00:08+00:00\",\"mainEntityOfPage\":{\"@id\":\"https:\\\/\\\/jornaldasoficinas.com\\\/pt\\\/mewa-mais-sustentavel-do-que-nunca\\\/\"},\"wordCount\":529,\"publisher\":{\"@id\":\"https:\\\/\\\/jornaldasoficinas.com\\\/pt\\\/#organization\"},\"image\":{\"@id\":\"https:\\\/\\\/jornaldasoficinas.com\\\/pt\\\/mewa-mais-sustentavel-do-que-nunca\\\/#primaryimage\"},\"thumbnailUrl\":\"https:\\\/\\\/jornaldasoficinas.com\\\/pt\\\/wp-content\\\/uploads\\\/2022\\\/02\\\/MEWA-mais-sustentavel-do-que-nunca.jpg\",\"keywords\":[\"MEWA\"],\"articleSection\":[\"Empresas\"],\"inLanguage\":\"pt-PT\"},{\"@type\":\"WebPage\",\"@id\":\"https:\\\/\\\/jornaldasoficinas.com\\\/pt\\\/mewa-mais-sustentavel-do-que-nunca\\\/\",\"url\":\"https:\\\/\\\/jornaldasoficinas.com\\\/pt\\\/mewa-mais-sustentavel-do-que-nunca\\\/\",\"name\":\"MEWA mais sustent\u00e1vel do que nunca - Jornal das Oficinas\",\"isPartOf\":{\"@id\":\"https:\\\/\\\/jornaldasoficinas.com\\\/pt\\\/#website\"},\"primaryImageOfPage\":{\"@id\":\"https:\\\/\\\/jornaldasoficinas.com\\\/pt\\\/mewa-mais-sustentavel-do-que-nunca\\\/#primaryimage\"},\"image\":{\"@id\":\"https:\\\/\\\/jornaldasoficinas.com\\\/pt\\\/mewa-mais-sustentavel-do-que-nunca\\\/#primaryimage\"},\"thumbnailUrl\":\"https:\\\/\\\/jornaldasoficinas.com\\\/pt\\\/wp-content\\\/uploads\\\/2022\\\/02\\\/MEWA-mais-sustentavel-do-que-nunca.jpg\",\"datePublished\":\"2022-02-23T14:00:08+00:00\",\"breadcrumb\":{\"@id\":\"https:\\\/\\\/jornaldasoficinas.com\\\/pt\\\/mewa-mais-sustentavel-do-que-nunca\\\/#breadcrumb\"},\"inLanguage\":\"pt-PT\",\"potentialAction\":[{\"@type\":\"ReadAction\",\"target\":[\"https:\\\/\\\/jornaldasoficinas.com\\\/pt\\\/mewa-mais-sustentavel-do-que-nunca\\\/\"]}]},{\"@type\":\"ImageObject\",\"inLanguage\":\"pt-PT\",\"@id\":\"https:\\\/\\\/jornaldasoficinas.com\\\/pt\\\/mewa-mais-sustentavel-do-que-nunca\\\/#primaryimage\",\"url\":\"https:\\\/\\\/jornaldasoficinas.com\\\/pt\\\/wp-content\\\/uploads\\\/2022\\\/02\\\/MEWA-mais-sustentavel-do-que-nunca.jpg\",\"contentUrl\":\"https:\\\/\\\/jornaldasoficinas.com\\\/pt\\\/wp-content\\\/uploads\\\/2022\\\/02\\\/MEWA-mais-sustentavel-do-que-nunca.jpg\",\"width\":1024,\"height\":581,\"caption\":\"Die Arbeitsjacke der MEWA PERFORMANCE\u00ae Kollektion sitzt perfekt und bietet optimale Bewegungsfreiheit.\"},{\"@type\":\"BreadcrumbList\",\"@id\":\"https:\\\/\\\/jornaldasoficinas.com\\\/pt\\\/mewa-mais-sustentavel-do-que-nunca\\\/#breadcrumb\",\"itemListElement\":[{\"@type\":\"ListItem\",\"position\":1,\"name\":\"In\u00edcio\",\"item\":\"https:\\\/\\\/jornaldasoficinas.com\\\/pt\\\/\"},{\"@type\":\"ListItem\",\"position\":2,\"name\":\"MEWA mais sustent\u00e1vel do que nunca\"}]},{\"@type\":\"WebSite\",\"@id\":\"https:\\\/\\\/jornaldasoficinas.com\\\/pt\\\/#website\",\"url\":\"https:\\\/\\\/jornaldasoficinas.com\\\/pt\\\/\",\"name\":\"Jornal das Oficinas\",\"description\":\"Jornal independente do Aftermarket Autom\u00f3vel em Portugal\",\"publisher\":{\"@id\":\"https:\\\/\\\/jornaldasoficinas.com\\\/pt\\\/#organization\"},\"potentialAction\":[{\"@type\":\"SearchAction\",\"target\":{\"@type\":\"EntryPoint\",\"urlTemplate\":\"https:\\\/\\\/jornaldasoficinas.com\\\/pt\\\/?s={search_term_string}\"},\"query-input\":{\"@type\":\"PropertyValueSpecification\",\"valueRequired\":true,\"valueName\":\"search_term_string\"}}],\"inLanguage\":\"pt-PT\"},{\"@type\":\"Organization\",\"@id\":\"https:\\\/\\\/jornaldasoficinas.com\\\/pt\\\/#organization\",\"name\":\"Jornal das Oficinas\",\"url\":\"https:\\\/\\\/jornaldasoficinas.com\\\/pt\\\/\",\"logo\":{\"@type\":\"ImageObject\",\"inLanguage\":\"pt-PT\",\"@id\":\"https:\\\/\\\/jornaldasoficinas.com\\\/pt\\\/#\\\/schema\\\/logo\\\/image\\\/\",\"url\":\"https:\\\/\\\/jornaldasoficinas.com\\\/pt\\\/wp-content\\\/uploads\\\/logoJO-SEO.png\",\"contentUrl\":\"https:\\\/\\\/jornaldasoficinas.com\\\/pt\\\/wp-content\\\/uploads\\\/logoJO-SEO.png\",\"width\":285,\"height\":450,\"caption\":\"Jornal das Oficinas\"},\"image\":{\"@id\":\"https:\\\/\\\/jornaldasoficinas.com\\\/pt\\\/#\\\/schema\\\/logo\\\/image\\\/\"},\"sameAs\":[\"https:\\\/\\\/www.facebook.com\\\/jornaloficinas\",\"https:\\\/\\\/x.com\\\/jornaloficinas\",\"https:\\\/\\\/www.instagram.com\\\/jornal_oficinas\\\/\",\"https:\\\/\\\/www.linkedin.com\\\/company\\\/jornal-das-oficinas\\\/\",\"https:\\\/\\\/www.youtube.com\\\/channel\\\/UCbQZBqtcvV-oSQrr7RzINGg\"]},{\"@type\":\"Person\",\"@id\":\"https:\\\/\\\/jornaldasoficinas.com\\\/pt\\\/#\\\/schema\\\/person\\\/a38eef5de2c41d9e7c9ac10141afddf3\",\"name\":\"Reda\u00e7\u00e3o JO\",\"image\":{\"@type\":\"ImageObject\",\"inLanguage\":\"pt-PT\",\"@id\":\"https:\\\/\\\/secure.gravatar.com\\\/avatar\\\/71f2fa71737ad68a84fea94bc708ddac8ea5b0c4788dc2ad202f3ccb2887742f?s=96&d=wp_user_avatar&r=g\",\"url\":\"https:\\\/\\\/secure.gravatar.com\\\/avatar\\\/71f2fa71737ad68a84fea94bc708ddac8ea5b0c4788dc2ad202f3ccb2887742f?s=96&d=wp_user_avatar&r=g\",\"contentUrl\":\"https:\\\/\\\/secure.gravatar.com\\\/avatar\\\/71f2fa71737ad68a84fea94bc708ddac8ea5b0c4788dc2ad202f3ccb2887742f?s=96&d=wp_user_avatar&r=g\",\"caption\":\"Reda\u00e7\u00e3o JO\"},\"url\":\"https:\\\/\\\/jornaldasoficinas.com\\\/pt\\\/author\\\/joredacao\\\/\"}]}<\/script>\n<!-- \/ Yoast SEO plugin. -->","yoast_head_json":{"title":"MEWA mais sustent\u00e1vel do que nunca - Jornal das Oficinas","robots":{"index":"index","follow":"follow","max-snippet":"max-snippet:-1","max-image-preview":"max-image-preview:large","max-video-preview":"max-video-preview:-1"},"canonical":"https:\/\/jornaldasoficinas.com\/pt\/mewa-mais-sustentavel-do-que-nunca\/","og_locale":"pt_PT","og_type":"article","og_title":"MEWA mais sustent\u00e1vel do que nunca - Jornal das Oficinas","og_description":"Nos \u00faltimos 12 meses foram inauguradas...","og_url":"https:\/\/jornaldasoficinas.com\/pt\/mewa-mais-sustentavel-do-que-nunca\/","og_site_name":"Jornal das Oficinas","article_publisher":"https:\/\/www.facebook.com\/jornaloficinas","article_published_time":"2022-02-23T14:00:08+00:00","og_image":[{"width":1024,"height":581,"url":"https:\/\/jornaldasoficinas.com\/pt\/wp-content\/uploads\/2022\/02\/MEWA-mais-sustentavel-do-que-nunca.jpg","type":"image\/jpeg"}],"author":"Reda\u00e7\u00e3o JO","twitter_card":"summary_large_image","twitter_creator":"@jornaloficinas","twitter_site":"@jornaloficinas","twitter_misc":{"Escrito por":"Reda\u00e7\u00e3o JO","Tempo estimado de leitura":"3 minutos"},"schema":{"@context":"https:\/\/schema.org","@graph":[{"@type":"Article","@id":"https:\/\/jornaldasoficinas.com\/pt\/mewa-mais-sustentavel-do-que-nunca\/#article","isPartOf":{"@id":"https:\/\/jornaldasoficinas.com\/pt\/mewa-mais-sustentavel-do-que-nunca\/"},"author":{"name":"Reda\u00e7\u00e3o JO","@id":"https:\/\/jornaldasoficinas.com\/pt\/#\/schema\/person\/a38eef5de2c41d9e7c9ac10141afddf3"},"headline":"MEWA mais sustent\u00e1vel do que nunca","datePublished":"2022-02-23T14:00:08+00:00","mainEntityOfPage":{"@id":"https:\/\/jornaldasoficinas.com\/pt\/mewa-mais-sustentavel-do-que-nunca\/"},"wordCount":529,"publisher":{"@id":"https:\/\/jornaldasoficinas.com\/pt\/#organization"},"image":{"@id":"https:\/\/jornaldasoficinas.com\/pt\/mewa-mais-sustentavel-do-que-nunca\/#primaryimage"},"thumbnailUrl":"https:\/\/jornaldasoficinas.com\/pt\/wp-content\/uploads\/2022\/02\/MEWA-mais-sustentavel-do-que-nunca.jpg","keywords":["MEWA"],"articleSection":["Empresas"],"inLanguage":"pt-PT"},{"@type":"WebPage","@id":"https:\/\/jornaldasoficinas.com\/pt\/mewa-mais-sustentavel-do-que-nunca\/","url":"https:\/\/jornaldasoficinas.com\/pt\/mewa-mais-sustentavel-do-que-nunca\/","name":"MEWA mais sustent\u00e1vel do que nunca - Jornal das Oficinas","isPartOf":{"@id":"https:\/\/jornaldasoficinas.com\/pt\/#website"},"primaryImageOfPage":{"@id":"https:\/\/jornaldasoficinas.com\/pt\/mewa-mais-sustentavel-do-que-nunca\/#primaryimage"},"image":{"@id":"https:\/\/jornaldasoficinas.com\/pt\/mewa-mais-sustentavel-do-que-nunca\/#primaryimage"},"thumbnailUrl":"https:\/\/jornaldasoficinas.com\/pt\/wp-content\/uploads\/2022\/02\/MEWA-mais-sustentavel-do-que-nunca.jpg","datePublished":"2022-02-23T14:00:08+00:00","breadcrumb":{"@id":"https:\/\/jornaldasoficinas.com\/pt\/mewa-mais-sustentavel-do-que-nunca\/#breadcrumb"},"inLanguage":"pt-PT","potentialAction":[{"@type":"ReadAction","target":["https:\/\/jornaldasoficinas.com\/pt\/mewa-mais-sustentavel-do-que-nunca\/"]}]},{"@type":"ImageObject","inLanguage":"pt-PT","@id":"https:\/\/jornaldasoficinas.com\/pt\/mewa-mais-sustentavel-do-que-nunca\/#primaryimage","url":"https:\/\/jornaldasoficinas.com\/pt\/wp-content\/uploads\/2022\/02\/MEWA-mais-sustentavel-do-que-nunca.jpg","contentUrl":"https:\/\/jornaldasoficinas.com\/pt\/wp-content\/uploads\/2022\/02\/MEWA-mais-sustentavel-do-que-nunca.jpg","width":1024,"height":581,"caption":"Die Arbeitsjacke der MEWA PERFORMANCE\u00ae Kollektion sitzt perfekt und bietet optimale Bewegungsfreiheit."},{"@type":"BreadcrumbList","@id":"https:\/\/jornaldasoficinas.com\/pt\/mewa-mais-sustentavel-do-que-nunca\/#breadcrumb","itemListElement":[{"@type":"ListItem","position":1,"name":"In\u00edcio","item":"https:\/\/jornaldasoficinas.com\/pt\/"},{"@type":"ListItem","position":2,"name":"MEWA mais sustent\u00e1vel do que nunca"}]},{"@type":"WebSite","@id":"https:\/\/jornaldasoficinas.com\/pt\/#website","url":"https:\/\/jornaldasoficinas.com\/pt\/","name":"Jornal das Oficinas","description":"Jornal independente do Aftermarket Autom\u00f3vel em Portugal","publisher":{"@id":"https:\/\/jornaldasoficinas.com\/pt\/#organization"},"potentialAction":[{"@type":"SearchAction","target":{"@type":"EntryPoint","urlTemplate":"https:\/\/jornaldasoficinas.com\/pt\/?s={search_term_string}"},"query-input":{"@type":"PropertyValueSpecification","valueRequired":true,"valueName":"search_term_string"}}],"inLanguage":"pt-PT"},{"@type":"Organization","@id":"https:\/\/jornaldasoficinas.com\/pt\/#organization","name":"Jornal das Oficinas","url":"https:\/\/jornaldasoficinas.com\/pt\/","logo":{"@type":"ImageObject","inLanguage":"pt-PT","@id":"https:\/\/jornaldasoficinas.com\/pt\/#\/schema\/logo\/image\/","url":"https:\/\/jornaldasoficinas.com\/pt\/wp-content\/uploads\/logoJO-SEO.png","contentUrl":"https:\/\/jornaldasoficinas.com\/pt\/wp-content\/uploads\/logoJO-SEO.png","width":285,"height":450,"caption":"Jornal das Oficinas"},"image":{"@id":"https:\/\/jornaldasoficinas.com\/pt\/#\/schema\/logo\/image\/"},"sameAs":["https:\/\/www.facebook.com\/jornaloficinas","https:\/\/x.com\/jornaloficinas","https:\/\/www.instagram.com\/jornal_oficinas\/","https:\/\/www.linkedin.com\/company\/jornal-das-oficinas\/","https:\/\/www.youtube.com\/channel\/UCbQZBqtcvV-oSQrr7RzINGg"]},{"@type":"Person","@id":"https:\/\/jornaldasoficinas.com\/pt\/#\/schema\/person\/a38eef5de2c41d9e7c9ac10141afddf3","name":"Reda\u00e7\u00e3o JO","image":{"@type":"ImageObject","inLanguage":"pt-PT","@id":"https:\/\/secure.gravatar.com\/avatar\/71f2fa71737ad68a84fea94bc708ddac8ea5b0c4788dc2ad202f3ccb2887742f?s=96&d=wp_user_avatar&r=g","url":"https:\/\/secure.gravatar.com\/avatar\/71f2fa71737ad68a84fea94bc708ddac8ea5b0c4788dc2ad202f3ccb2887742f?s=96&d=wp_user_avatar&r=g","contentUrl":"https:\/\/secure.gravatar.com\/avatar\/71f2fa71737ad68a84fea94bc708ddac8ea5b0c4788dc2ad202f3ccb2887742f?s=96&d=wp_user_avatar&r=g","caption":"Reda\u00e7\u00e3o JO"},"url":"https:\/\/jornaldasoficinas.com\/pt\/author\/joredacao\/"}]}},"_links":{"self":[{"href":"https:\/\/jornaldasoficinas.com\/pt\/wp-json\/wp\/v2\/posts\/27513","targetHints":{"allow":["GET"]}}],"collection":[{"href":"https:\/\/jornaldasoficinas.com\/pt\/wp-json\/wp\/v2\/posts"}],"about":[{"href":"https:\/\/jornaldasoficinas.com\/pt\/wp-json\/wp\/v2\/types\/post"}],"author":[{"embeddable":true,"href":"https:\/\/jornaldasoficinas.com\/pt\/wp-json\/wp\/v2\/users\/15"}],"replies":[{"embeddable":true,"href":"https:\/\/jornaldasoficinas.com\/pt\/wp-json\/wp\/v2\/comments?post=27513"}],"version-history":[{"count":0,"href":"https:\/\/jornaldasoficinas.com\/pt\/wp-json\/wp\/v2\/posts\/27513\/revisions"}],"wp:featuredmedia":[{"embeddable":true,"href":"https:\/\/jornaldasoficinas.com\/pt\/wp-json\/wp\/v2\/media\/27484"}],"wp:attachment":[{"href":"https:\/\/jornaldasoficinas.com\/pt\/wp-json\/wp\/v2\/media?parent=27513"}],"wp:term":[{"taxonomy":"category","embeddable":true,"href":"https:\/\/jornaldasoficinas.com\/pt\/wp-json\/wp\/v2\/categories?post=27513"},{"taxonomy":"post_tag","embeddable":true,"href":"https:\/\/jornaldasoficinas.com\/pt\/wp-json\/wp\/v2\/tags?post=27513"}],"curies":[{"name":"wp","href":"https:\/\/api.w.org\/{rel}","templated":true}]}}