{"id":27575,"date":"2022-02-25T12:00:38","date_gmt":"2022-02-25T12:00:38","guid":{"rendered":"https:\/\/jornaldasoficinas.com\/pt\/?p=27575"},"modified":"2022-02-26T08:30:46","modified_gmt":"2022-02-26T08:30:46","slug":"lei-de-dados-da-comissao-europeia-foi-bem-acolhida","status":"publish","type":"post","link":"https:\/\/jornaldasoficinas.com\/pt\/lei-de-dados-da-comissao-europeia-foi-bem-acolhida\/","title":{"rendered":"Lei de Dados da Comiss\u00e3o Europeia foi bem acolhida"},"content":{"rendered":"<p><strong><img loading=\"lazy\" decoding=\"async\" class=\"alignnone size-full wp-image-27564\" src=\"https:\/\/jornaldasoficinas.com\/pt\/wp-content\/uploads\/2022\/02\/Lei-de-Dados-da-Comissao.png\" alt=\"02 - Lei de Dados da Comissao\" width=\"1024\" height=\"581\" srcset=\"https:\/\/jornaldasoficinas.com\/pt\/wp-content\/uploads\/2022\/02\/Lei-de-Dados-da-Comissao.png 1024w, https:\/\/jornaldasoficinas.com\/pt\/wp-content\/uploads\/2022\/02\/Lei-de-Dados-da-Comissao-300x170.png 300w, https:\/\/jornaldasoficinas.com\/pt\/wp-content\/uploads\/2022\/02\/Lei-de-Dados-da-Comissao-150x85.png 150w, https:\/\/jornaldasoficinas.com\/pt\/wp-content\/uploads\/2022\/02\/Lei-de-Dados-da-Comissao-768x436.png 768w\" sizes=\"auto, (max-width: 1024px) 100vw, 1024px\" \/><\/strong><\/p>\n<p><strong>Uma vasta coliga\u00e7\u00e3o que representa importantes intervenientes no mercado p\u00f3s-venda autom\u00f3vel, bem como operadores da cadeia de valor dos servi\u00e7os de mobilidade, consumidores, seguradoras e ind\u00fastrias de pneus congratula-se com a publica\u00e7\u00e3o da proposta da Comiss\u00e3o Europeia para uma Lei de Dados da Uni\u00e3o Europeia<\/strong><\/p>\n<p>A Lei de Dados estabelece princ\u00edpios importantes, designadamente o direito de acesso dos utilizadores aos dados gerados e da atribui\u00e7\u00e3o de direitos de acesso aos dados a um prestador de servi\u00e7os de terceiros \u00e0 sua escolha. Al\u00e9m disso, s\u00e3o explicitamente inclu\u00eddos servi\u00e7os de repara\u00e7\u00e3o e manuten\u00e7\u00e3o p\u00f3s-venda e acesso \u00e0 informa\u00e7\u00e3o de diagn\u00f3stico.<\/p>\n<p>Outras disposi\u00e7\u00f5es importantes incluem as obriga\u00e7\u00f5es do fabricante de tornar os dados transparentes e &#8220;facilmente acess\u00edveis&#8221; ao utilizador, restri\u00e7\u00f5es ao fabricante para controlar as atividades do utilizador ou de terceiros e sobre a compensa\u00e7\u00e3o dos custos de disponibiliza\u00e7\u00e3o dos dados, particularmente para as PMEs.<\/p>\n<p>No entanto, embora a coliga\u00e7\u00e3o reconhe\u00e7a que a Lei de Dados representa um passo em frente relevante para o desenvolvimento da Economia Europeia de Dados, acredita firmemente que a Lei de Dados n\u00e3o ser\u00e1 suficiente por si s\u00f3 no sector autom\u00f3vel. O ecossistema necessita de legisla\u00e7\u00e3o autom\u00f3vel espec\u00edfica do sector, traduzindo os princ\u00edpios e disposi\u00e7\u00f5es da Lei de Dados em medidas concretas, legais e t\u00e9cnicas para o sector autom\u00f3vel.<\/p>\n<p>Al\u00e9m disso, certos aspetos da Lei de Dados requerem mais clareza para o sector autom\u00f3vel, uma vez que atualmente deixam demasiada margem de interpreta\u00e7\u00e3o, criando incerteza jur\u00eddica e um elevado risco de lit\u00edgio. Apenas um ato legislativo dedicado proporcionar\u00e1 a confian\u00e7a e o incentivo que os prestadores de servi\u00e7os independentes exigem para investir em novos servi\u00e7os impulsionados por dados, o que beneficiar\u00e1 os consumidores e toda a sociedade ao proporcionar solu\u00e7\u00f5es de mobilidade mais inteligentes, mais seguras e mais sustent\u00e1veis.<\/p>\n<p>Para al\u00e9m do consentimento expl\u00edcito do utilizador para acesso aos dados, os fornecedores de servi\u00e7os de terceiros exigem direitos de acesso aut\u00f3nomo \u00e0 informa\u00e7\u00e3o e aos recursos essenciais para desenvolver servi\u00e7os concorrentes. Ao abrigo da abordagem da Lei de Dados, todos estes prestadores de servi\u00e7os apenas obteriam um direito derivado, que negligencia completamente que estas partes necessitam, em primeira inst\u00e2ncia, de saber e testar previamente quais os dados e fun\u00e7\u00f5es que, em princ\u00edpio, est\u00e3o dispon\u00edveis e estar\u00e3o \u00e0 sua disposi\u00e7\u00e3o.<\/p>\n<p>Por conseguinte, s\u00f3 um direito de acesso aut\u00f3nomo e aut\u00f3nomo aos instrumentos e recursos necess\u00e1rios para desenvolver os meios de acesso permitir\u00e1 aos prestadores de servi\u00e7os independentes desenvolver antecipadamente servi\u00e7os digitais concorrentes para que estes possam ser oferecidos, comercializados e publicitados aos consumidores ou a outros co-geradores de dados. Os direitos de acesso devem ser apoiados por meios adequados para os exercer.<\/p>\n<p>Al\u00e9m disso, cinco anos de ampla recolha de provas pela Comiss\u00e3o Europeia com a contribui\u00e7\u00e3o das partes interessadas do ecossistema, sublinharam que, embora os casos de utiliza\u00e7\u00e3o de dados gerados por ve\u00edculos sejam potencialmente ilimitados, est\u00e3o inteiramente dependentes de um acesso eficiente aos dados e recursos contidos nos ve\u00edculos.<\/p>\n<p>A coliga\u00e7\u00e3o apela, portanto, \u00e0 Comiss\u00e3o Europeia para que proponha rapidamente legisla\u00e7\u00e3o robusta espec\u00edfica do sector sobre o acesso aos dados e recursos contidos nos ve\u00edculos, para que o processo de decis\u00e3o possa prosseguir a partir de Outubro de 2022 e estar conclu\u00eddo antes do final da presente legislatura, em Abril de 2024.<\/p>\n","protected":false},"excerpt":{"rendered":"<p>Uma vasta coliga\u00e7\u00e3o que representa importantes&#8230;<\/p>\n","protected":false},"author":15,"featured_media":27564,"comment_status":"closed","ping_status":"closed","sticky":false,"template":"","format":"standard","meta":{"footnotes":""},"categories":[37],"tags":[],"class_list":["post-27575","post","type-post","status-publish","format-standard","has-post-thumbnail","hentry","category-mercado"],"yoast_head":"<!-- This site is optimized with the Yoast SEO plugin v27.4 - https:\/\/yoast.com\/product\/yoast-seo-wordpress\/ -->\n<title>Lei de Dados da Comiss\u00e3o Europeia foi bem acolhida - Jornal das Oficinas<\/title>\n<meta name=\"robots\" content=\"index, follow, max-snippet:-1, max-image-preview:large, max-video-preview:-1\" \/>\n<link rel=\"canonical\" href=\"https:\/\/jornaldasoficinas.com\/pt\/lei-de-dados-da-comissao-europeia-foi-bem-acolhida\/\" \/>\n<meta property=\"og:locale\" content=\"pt_PT\" \/>\n<meta property=\"og:type\" content=\"article\" \/>\n<meta property=\"og:title\" content=\"Lei de Dados da Comiss\u00e3o Europeia foi bem acolhida - Jornal das Oficinas\" \/>\n<meta property=\"og:description\" content=\"Uma vasta coliga\u00e7\u00e3o que representa importantes...\" \/>\n<meta property=\"og:url\" content=\"https:\/\/jornaldasoficinas.com\/pt\/lei-de-dados-da-comissao-europeia-foi-bem-acolhida\/\" \/>\n<meta property=\"og:site_name\" content=\"Jornal das Oficinas\" \/>\n<meta property=\"article:publisher\" content=\"https:\/\/www.facebook.com\/jornaloficinas\" \/>\n<meta property=\"article:published_time\" content=\"2022-02-25T12:00:38+00:00\" \/>\n<meta property=\"article:modified_time\" content=\"2022-02-26T08:30:46+00:00\" \/>\n<meta property=\"og:image\" content=\"https:\/\/jornaldasoficinas.com\/pt\/wp-content\/uploads\/2022\/02\/Lei-de-Dados-da-Comissao.png\" \/>\n\t<meta property=\"og:image:width\" content=\"1024\" \/>\n\t<meta property=\"og:image:height\" content=\"581\" \/>\n\t<meta property=\"og:image:type\" content=\"image\/png\" \/>\n<meta name=\"author\" content=\"Reda\u00e7\u00e3o JO\" \/>\n<meta name=\"twitter:card\" content=\"summary_large_image\" \/>\n<meta name=\"twitter:creator\" content=\"@jornaloficinas\" \/>\n<meta name=\"twitter:site\" content=\"@jornaloficinas\" \/>\n<meta name=\"twitter:label1\" content=\"Escrito por\" \/>\n\t<meta name=\"twitter:data1\" content=\"Reda\u00e7\u00e3o JO\" \/>\n\t<meta name=\"twitter:label2\" content=\"Tempo estimado de leitura\" \/>\n\t<meta name=\"twitter:data2\" content=\"3 minutos\" \/>\n<script type=\"application\/ld+json\" class=\"yoast-schema-graph\">{\"@context\":\"https:\\\/\\\/schema.org\",\"@graph\":[{\"@type\":\"Article\",\"@id\":\"https:\\\/\\\/jornaldasoficinas.com\\\/pt\\\/lei-de-dados-da-comissao-europeia-foi-bem-acolhida\\\/#article\",\"isPartOf\":{\"@id\":\"https:\\\/\\\/jornaldasoficinas.com\\\/pt\\\/lei-de-dados-da-comissao-europeia-foi-bem-acolhida\\\/\"},\"author\":{\"name\":\"Reda\u00e7\u00e3o JO\",\"@id\":\"https:\\\/\\\/jornaldasoficinas.com\\\/pt\\\/#\\\/schema\\\/person\\\/a38eef5de2c41d9e7c9ac10141afddf3\"},\"headline\":\"Lei de Dados da Comiss\u00e3o Europeia foi bem acolhida\",\"datePublished\":\"2022-02-25T12:00:38+00:00\",\"dateModified\":\"2022-02-26T08:30:46+00:00\",\"mainEntityOfPage\":{\"@id\":\"https:\\\/\\\/jornaldasoficinas.com\\\/pt\\\/lei-de-dados-da-comissao-europeia-foi-bem-acolhida\\\/\"},\"wordCount\":618,\"publisher\":{\"@id\":\"https:\\\/\\\/jornaldasoficinas.com\\\/pt\\\/#organization\"},\"image\":{\"@id\":\"https:\\\/\\\/jornaldasoficinas.com\\\/pt\\\/lei-de-dados-da-comissao-europeia-foi-bem-acolhida\\\/#primaryimage\"},\"thumbnailUrl\":\"https:\\\/\\\/jornaldasoficinas.com\\\/pt\\\/wp-content\\\/uploads\\\/2022\\\/02\\\/Lei-de-Dados-da-Comissao.png\",\"articleSection\":[\"Mercado\"],\"inLanguage\":\"pt-PT\"},{\"@type\":\"WebPage\",\"@id\":\"https:\\\/\\\/jornaldasoficinas.com\\\/pt\\\/lei-de-dados-da-comissao-europeia-foi-bem-acolhida\\\/\",\"url\":\"https:\\\/\\\/jornaldasoficinas.com\\\/pt\\\/lei-de-dados-da-comissao-europeia-foi-bem-acolhida\\\/\",\"name\":\"Lei de Dados da Comiss\u00e3o Europeia foi bem acolhida - Jornal das Oficinas\",\"isPartOf\":{\"@id\":\"https:\\\/\\\/jornaldasoficinas.com\\\/pt\\\/#website\"},\"primaryImageOfPage\":{\"@id\":\"https:\\\/\\\/jornaldasoficinas.com\\\/pt\\\/lei-de-dados-da-comissao-europeia-foi-bem-acolhida\\\/#primaryimage\"},\"image\":{\"@id\":\"https:\\\/\\\/jornaldasoficinas.com\\\/pt\\\/lei-de-dados-da-comissao-europeia-foi-bem-acolhida\\\/#primaryimage\"},\"thumbnailUrl\":\"https:\\\/\\\/jornaldasoficinas.com\\\/pt\\\/wp-content\\\/uploads\\\/2022\\\/02\\\/Lei-de-Dados-da-Comissao.png\",\"datePublished\":\"2022-02-25T12:00:38+00:00\",\"dateModified\":\"2022-02-26T08:30:46+00:00\",\"breadcrumb\":{\"@id\":\"https:\\\/\\\/jornaldasoficinas.com\\\/pt\\\/lei-de-dados-da-comissao-europeia-foi-bem-acolhida\\\/#breadcrumb\"},\"inLanguage\":\"pt-PT\",\"potentialAction\":[{\"@type\":\"ReadAction\",\"target\":[\"https:\\\/\\\/jornaldasoficinas.com\\\/pt\\\/lei-de-dados-da-comissao-europeia-foi-bem-acolhida\\\/\"]}]},{\"@type\":\"ImageObject\",\"inLanguage\":\"pt-PT\",\"@id\":\"https:\\\/\\\/jornaldasoficinas.com\\\/pt\\\/lei-de-dados-da-comissao-europeia-foi-bem-acolhida\\\/#primaryimage\",\"url\":\"https:\\\/\\\/jornaldasoficinas.com\\\/pt\\\/wp-content\\\/uploads\\\/2022\\\/02\\\/Lei-de-Dados-da-Comissao.png\",\"contentUrl\":\"https:\\\/\\\/jornaldasoficinas.com\\\/pt\\\/wp-content\\\/uploads\\\/2022\\\/02\\\/Lei-de-Dados-da-Comissao.png\",\"width\":1024,\"height\":581,\"caption\":\"02 - Lei de Dados da Comissao\"},{\"@type\":\"BreadcrumbList\",\"@id\":\"https:\\\/\\\/jornaldasoficinas.com\\\/pt\\\/lei-de-dados-da-comissao-europeia-foi-bem-acolhida\\\/#breadcrumb\",\"itemListElement\":[{\"@type\":\"ListItem\",\"position\":1,\"name\":\"In\u00edcio\",\"item\":\"https:\\\/\\\/jornaldasoficinas.com\\\/pt\\\/\"},{\"@type\":\"ListItem\",\"position\":2,\"name\":\"Lei de Dados da Comiss\u00e3o Europeia foi bem acolhida\"}]},{\"@type\":\"WebSite\",\"@id\":\"https:\\\/\\\/jornaldasoficinas.com\\\/pt\\\/#website\",\"url\":\"https:\\\/\\\/jornaldasoficinas.com\\\/pt\\\/\",\"name\":\"Jornal das Oficinas\",\"description\":\"Jornal independente do Aftermarket Autom\u00f3vel em Portugal\",\"publisher\":{\"@id\":\"https:\\\/\\\/jornaldasoficinas.com\\\/pt\\\/#organization\"},\"potentialAction\":[{\"@type\":\"SearchAction\",\"target\":{\"@type\":\"EntryPoint\",\"urlTemplate\":\"https:\\\/\\\/jornaldasoficinas.com\\\/pt\\\/?s={search_term_string}\"},\"query-input\":{\"@type\":\"PropertyValueSpecification\",\"valueRequired\":true,\"valueName\":\"search_term_string\"}}],\"inLanguage\":\"pt-PT\"},{\"@type\":\"Organization\",\"@id\":\"https:\\\/\\\/jornaldasoficinas.com\\\/pt\\\/#organization\",\"name\":\"Jornal das Oficinas\",\"url\":\"https:\\\/\\\/jornaldasoficinas.com\\\/pt\\\/\",\"logo\":{\"@type\":\"ImageObject\",\"inLanguage\":\"pt-PT\",\"@id\":\"https:\\\/\\\/jornaldasoficinas.com\\\/pt\\\/#\\\/schema\\\/logo\\\/image\\\/\",\"url\":\"https:\\\/\\\/jornaldasoficinas.com\\\/pt\\\/wp-content\\\/uploads\\\/logoJO-SEO.png\",\"contentUrl\":\"https:\\\/\\\/jornaldasoficinas.com\\\/pt\\\/wp-content\\\/uploads\\\/logoJO-SEO.png\",\"width\":285,\"height\":450,\"caption\":\"Jornal das Oficinas\"},\"image\":{\"@id\":\"https:\\\/\\\/jornaldasoficinas.com\\\/pt\\\/#\\\/schema\\\/logo\\\/image\\\/\"},\"sameAs\":[\"https:\\\/\\\/www.facebook.com\\\/jornaloficinas\",\"https:\\\/\\\/x.com\\\/jornaloficinas\",\"https:\\\/\\\/www.instagram.com\\\/jornal_oficinas\\\/\",\"https:\\\/\\\/www.linkedin.com\\\/company\\\/jornal-das-oficinas\\\/\",\"https:\\\/\\\/www.youtube.com\\\/channel\\\/UCbQZBqtcvV-oSQrr7RzINGg\"]},{\"@type\":\"Person\",\"@id\":\"https:\\\/\\\/jornaldasoficinas.com\\\/pt\\\/#\\\/schema\\\/person\\\/a38eef5de2c41d9e7c9ac10141afddf3\",\"name\":\"Reda\u00e7\u00e3o JO\",\"image\":{\"@type\":\"ImageObject\",\"inLanguage\":\"pt-PT\",\"@id\":\"https:\\\/\\\/secure.gravatar.com\\\/avatar\\\/71f2fa71737ad68a84fea94bc708ddac8ea5b0c4788dc2ad202f3ccb2887742f?s=96&d=wp_user_avatar&r=g\",\"url\":\"https:\\\/\\\/secure.gravatar.com\\\/avatar\\\/71f2fa71737ad68a84fea94bc708ddac8ea5b0c4788dc2ad202f3ccb2887742f?s=96&d=wp_user_avatar&r=g\",\"contentUrl\":\"https:\\\/\\\/secure.gravatar.com\\\/avatar\\\/71f2fa71737ad68a84fea94bc708ddac8ea5b0c4788dc2ad202f3ccb2887742f?s=96&d=wp_user_avatar&r=g\",\"caption\":\"Reda\u00e7\u00e3o JO\"},\"url\":\"https:\\\/\\\/jornaldasoficinas.com\\\/pt\\\/author\\\/joredacao\\\/\"}]}<\/script>\n<!-- \/ Yoast SEO plugin. -->","yoast_head_json":{"title":"Lei de Dados da Comiss\u00e3o Europeia foi bem acolhida - Jornal das Oficinas","robots":{"index":"index","follow":"follow","max-snippet":"max-snippet:-1","max-image-preview":"max-image-preview:large","max-video-preview":"max-video-preview:-1"},"canonical":"https:\/\/jornaldasoficinas.com\/pt\/lei-de-dados-da-comissao-europeia-foi-bem-acolhida\/","og_locale":"pt_PT","og_type":"article","og_title":"Lei de Dados da Comiss\u00e3o Europeia foi bem acolhida - Jornal das Oficinas","og_description":"Uma vasta coliga\u00e7\u00e3o que representa importantes...","og_url":"https:\/\/jornaldasoficinas.com\/pt\/lei-de-dados-da-comissao-europeia-foi-bem-acolhida\/","og_site_name":"Jornal das Oficinas","article_publisher":"https:\/\/www.facebook.com\/jornaloficinas","article_published_time":"2022-02-25T12:00:38+00:00","article_modified_time":"2022-02-26T08:30:46+00:00","og_image":[{"width":1024,"height":581,"url":"https:\/\/jornaldasoficinas.com\/pt\/wp-content\/uploads\/2022\/02\/Lei-de-Dados-da-Comissao.png","type":"image\/png"}],"author":"Reda\u00e7\u00e3o JO","twitter_card":"summary_large_image","twitter_creator":"@jornaloficinas","twitter_site":"@jornaloficinas","twitter_misc":{"Escrito por":"Reda\u00e7\u00e3o JO","Tempo estimado de leitura":"3 minutos"},"schema":{"@context":"https:\/\/schema.org","@graph":[{"@type":"Article","@id":"https:\/\/jornaldasoficinas.com\/pt\/lei-de-dados-da-comissao-europeia-foi-bem-acolhida\/#article","isPartOf":{"@id":"https:\/\/jornaldasoficinas.com\/pt\/lei-de-dados-da-comissao-europeia-foi-bem-acolhida\/"},"author":{"name":"Reda\u00e7\u00e3o JO","@id":"https:\/\/jornaldasoficinas.com\/pt\/#\/schema\/person\/a38eef5de2c41d9e7c9ac10141afddf3"},"headline":"Lei de Dados da Comiss\u00e3o Europeia foi bem acolhida","datePublished":"2022-02-25T12:00:38+00:00","dateModified":"2022-02-26T08:30:46+00:00","mainEntityOfPage":{"@id":"https:\/\/jornaldasoficinas.com\/pt\/lei-de-dados-da-comissao-europeia-foi-bem-acolhida\/"},"wordCount":618,"publisher":{"@id":"https:\/\/jornaldasoficinas.com\/pt\/#organization"},"image":{"@id":"https:\/\/jornaldasoficinas.com\/pt\/lei-de-dados-da-comissao-europeia-foi-bem-acolhida\/#primaryimage"},"thumbnailUrl":"https:\/\/jornaldasoficinas.com\/pt\/wp-content\/uploads\/2022\/02\/Lei-de-Dados-da-Comissao.png","articleSection":["Mercado"],"inLanguage":"pt-PT"},{"@type":"WebPage","@id":"https:\/\/jornaldasoficinas.com\/pt\/lei-de-dados-da-comissao-europeia-foi-bem-acolhida\/","url":"https:\/\/jornaldasoficinas.com\/pt\/lei-de-dados-da-comissao-europeia-foi-bem-acolhida\/","name":"Lei de Dados da Comiss\u00e3o Europeia foi bem acolhida - Jornal das Oficinas","isPartOf":{"@id":"https:\/\/jornaldasoficinas.com\/pt\/#website"},"primaryImageOfPage":{"@id":"https:\/\/jornaldasoficinas.com\/pt\/lei-de-dados-da-comissao-europeia-foi-bem-acolhida\/#primaryimage"},"image":{"@id":"https:\/\/jornaldasoficinas.com\/pt\/lei-de-dados-da-comissao-europeia-foi-bem-acolhida\/#primaryimage"},"thumbnailUrl":"https:\/\/jornaldasoficinas.com\/pt\/wp-content\/uploads\/2022\/02\/Lei-de-Dados-da-Comissao.png","datePublished":"2022-02-25T12:00:38+00:00","dateModified":"2022-02-26T08:30:46+00:00","breadcrumb":{"@id":"https:\/\/jornaldasoficinas.com\/pt\/lei-de-dados-da-comissao-europeia-foi-bem-acolhida\/#breadcrumb"},"inLanguage":"pt-PT","potentialAction":[{"@type":"ReadAction","target":["https:\/\/jornaldasoficinas.com\/pt\/lei-de-dados-da-comissao-europeia-foi-bem-acolhida\/"]}]},{"@type":"ImageObject","inLanguage":"pt-PT","@id":"https:\/\/jornaldasoficinas.com\/pt\/lei-de-dados-da-comissao-europeia-foi-bem-acolhida\/#primaryimage","url":"https:\/\/jornaldasoficinas.com\/pt\/wp-content\/uploads\/2022\/02\/Lei-de-Dados-da-Comissao.png","contentUrl":"https:\/\/jornaldasoficinas.com\/pt\/wp-content\/uploads\/2022\/02\/Lei-de-Dados-da-Comissao.png","width":1024,"height":581,"caption":"02 - Lei de Dados da Comissao"},{"@type":"BreadcrumbList","@id":"https:\/\/jornaldasoficinas.com\/pt\/lei-de-dados-da-comissao-europeia-foi-bem-acolhida\/#breadcrumb","itemListElement":[{"@type":"ListItem","position":1,"name":"In\u00edcio","item":"https:\/\/jornaldasoficinas.com\/pt\/"},{"@type":"ListItem","position":2,"name":"Lei de Dados da Comiss\u00e3o Europeia foi bem acolhida"}]},{"@type":"WebSite","@id":"https:\/\/jornaldasoficinas.com\/pt\/#website","url":"https:\/\/jornaldasoficinas.com\/pt\/","name":"Jornal das Oficinas","description":"Jornal independente do Aftermarket Autom\u00f3vel em Portugal","publisher":{"@id":"https:\/\/jornaldasoficinas.com\/pt\/#organization"},"potentialAction":[{"@type":"SearchAction","target":{"@type":"EntryPoint","urlTemplate":"https:\/\/jornaldasoficinas.com\/pt\/?s={search_term_string}"},"query-input":{"@type":"PropertyValueSpecification","valueRequired":true,"valueName":"search_term_string"}}],"inLanguage":"pt-PT"},{"@type":"Organization","@id":"https:\/\/jornaldasoficinas.com\/pt\/#organization","name":"Jornal das Oficinas","url":"https:\/\/jornaldasoficinas.com\/pt\/","logo":{"@type":"ImageObject","inLanguage":"pt-PT","@id":"https:\/\/jornaldasoficinas.com\/pt\/#\/schema\/logo\/image\/","url":"https:\/\/jornaldasoficinas.com\/pt\/wp-content\/uploads\/logoJO-SEO.png","contentUrl":"https:\/\/jornaldasoficinas.com\/pt\/wp-content\/uploads\/logoJO-SEO.png","width":285,"height":450,"caption":"Jornal das Oficinas"},"image":{"@id":"https:\/\/jornaldasoficinas.com\/pt\/#\/schema\/logo\/image\/"},"sameAs":["https:\/\/www.facebook.com\/jornaloficinas","https:\/\/x.com\/jornaloficinas","https:\/\/www.instagram.com\/jornal_oficinas\/","https:\/\/www.linkedin.com\/company\/jornal-das-oficinas\/","https:\/\/www.youtube.com\/channel\/UCbQZBqtcvV-oSQrr7RzINGg"]},{"@type":"Person","@id":"https:\/\/jornaldasoficinas.com\/pt\/#\/schema\/person\/a38eef5de2c41d9e7c9ac10141afddf3","name":"Reda\u00e7\u00e3o JO","image":{"@type":"ImageObject","inLanguage":"pt-PT","@id":"https:\/\/secure.gravatar.com\/avatar\/71f2fa71737ad68a84fea94bc708ddac8ea5b0c4788dc2ad202f3ccb2887742f?s=96&d=wp_user_avatar&r=g","url":"https:\/\/secure.gravatar.com\/avatar\/71f2fa71737ad68a84fea94bc708ddac8ea5b0c4788dc2ad202f3ccb2887742f?s=96&d=wp_user_avatar&r=g","contentUrl":"https:\/\/secure.gravatar.com\/avatar\/71f2fa71737ad68a84fea94bc708ddac8ea5b0c4788dc2ad202f3ccb2887742f?s=96&d=wp_user_avatar&r=g","caption":"Reda\u00e7\u00e3o JO"},"url":"https:\/\/jornaldasoficinas.com\/pt\/author\/joredacao\/"}]}},"_links":{"self":[{"href":"https:\/\/jornaldasoficinas.com\/pt\/wp-json\/wp\/v2\/posts\/27575","targetHints":{"allow":["GET"]}}],"collection":[{"href":"https:\/\/jornaldasoficinas.com\/pt\/wp-json\/wp\/v2\/posts"}],"about":[{"href":"https:\/\/jornaldasoficinas.com\/pt\/wp-json\/wp\/v2\/types\/post"}],"author":[{"embeddable":true,"href":"https:\/\/jornaldasoficinas.com\/pt\/wp-json\/wp\/v2\/users\/15"}],"replies":[{"embeddable":true,"href":"https:\/\/jornaldasoficinas.com\/pt\/wp-json\/wp\/v2\/comments?post=27575"}],"version-history":[{"count":0,"href":"https:\/\/jornaldasoficinas.com\/pt\/wp-json\/wp\/v2\/posts\/27575\/revisions"}],"wp:featuredmedia":[{"embeddable":true,"href":"https:\/\/jornaldasoficinas.com\/pt\/wp-json\/wp\/v2\/media\/27564"}],"wp:attachment":[{"href":"https:\/\/jornaldasoficinas.com\/pt\/wp-json\/wp\/v2\/media?parent=27575"}],"wp:term":[{"taxonomy":"category","embeddable":true,"href":"https:\/\/jornaldasoficinas.com\/pt\/wp-json\/wp\/v2\/categories?post=27575"},{"taxonomy":"post_tag","embeddable":true,"href":"https:\/\/jornaldasoficinas.com\/pt\/wp-json\/wp\/v2\/tags?post=27575"}],"curies":[{"name":"wp","href":"https:\/\/api.w.org\/{rel}","templated":true}]}}