{"id":27577,"date":"2022-02-25T14:00:19","date_gmt":"2022-02-25T14:00:19","guid":{"rendered":"https:\/\/jornaldasoficinas.com\/pt\/?p=27577"},"modified":"2022-02-24T12:00:30","modified_gmt":"2022-02-24T12:00:30","slug":"45-portugueses-consideram-que-suvs-sao-veiculos-poluentes","status":"publish","type":"post","link":"https:\/\/jornaldasoficinas.com\/pt\/45-portugueses-consideram-que-suvs-sao-veiculos-poluentes\/","title":{"rendered":"45% Portugueses consideram que SUV\u2019s s\u00e3o ve\u00edculos poluentes"},"content":{"rendered":"<p><strong><img loading=\"lazy\" decoding=\"async\" class=\"alignnone size-full wp-image-27554\" src=\"https:\/\/jornaldasoficinas.com\/pt\/wp-content\/uploads\/2022\/02\/45-Portugueses-consideram.jpg\" alt=\"02 - 45 Portugueses consideram\" width=\"1024\" height=\"581\" srcset=\"https:\/\/jornaldasoficinas.com\/pt\/wp-content\/uploads\/2022\/02\/45-Portugueses-consideram.jpg 1024w, https:\/\/jornaldasoficinas.com\/pt\/wp-content\/uploads\/2022\/02\/45-Portugueses-consideram-300x170.jpg 300w, https:\/\/jornaldasoficinas.com\/pt\/wp-content\/uploads\/2022\/02\/45-Portugueses-consideram-150x85.jpg 150w, https:\/\/jornaldasoficinas.com\/pt\/wp-content\/uploads\/2022\/02\/45-Portugueses-consideram-768x436.jpg 768w\" sizes=\"auto, (max-width: 1024px) 100vw, 1024px\" \/><\/strong><\/p>\n<p><strong>Segundo o novo estudo do\u00a0Observador Cetelem Autom\u00f3vel 2022, que este ano tem como tema principal os SUV, no geral, este tipo de ve\u00edculos ainda s\u00e3o alvo de algum criticismo, nomeadamente, devido \u00e0s quest\u00f5es ambientais. Por exemplo, em Portugal, 45% dos inquiridos consideram que os SUV s\u00e3o mais poluentes que os outros ve\u00edculos existentes no mercado: 27% dos n\u00e3o propriet\u00e1rios e 18% dos propriet\u00e1rios<\/strong><\/p>\n<p>A n\u00edvel global, 59% dos 11 000 inquiridos em 17 pa\u00edses tamb\u00e9m concordam com esta afirma\u00e7\u00e3o (36% n\u00e3o propriet\u00e1rios vs. 23% propriet\u00e1rios). Os n\u00e3o propriet\u00e1rios alem\u00e3es (61%), brit\u00e2nicos (55%), holandeses (48%) e franceses (47%) s\u00e3o os que t\u00eam esta opini\u00e3o mais vincada, sendo apenas 27% entre os n\u00e3o propriet\u00e1rios portugueses. J\u00e1 entre os que s\u00e3o donos de um SUV, concordam 31% holandeses e 31% sul-africanos. Os portugueses encontram-se pr\u00f3ximos do meio da tabela (27%). Os propriet\u00e1rios turcos e mexicanos s\u00e3o os que menos concordam que os SUV s\u00e3o mais poluentes que outros ve\u00edculos (11% e 13%).<\/p>\n<p>A quest\u00e3o ambiental \u00e9, assim, ponto de disc\u00f3rdia entre os pr\u00f3s e contras dos SUV, mas esta quest\u00e3o n\u00e3o constitui a \u00fanica cr\u00edtica a estes autom\u00f3veis. A dimens\u00e3o dos SUV \u00e9 outra das cr\u00edticas por causarem frequentemente problemas nas cidades, uma vez que s\u00e3o considerados ve\u00edculos muito grandes para as vias de circula\u00e7\u00e3o e os parques de estacionamento.<\/p>\n<p>Dois em cada tr\u00eas dos n\u00e3o propriet\u00e1rios de SUV consideram que estas e outras cr\u00edticas s\u00e3o justificadas. Em Portugal, 60% concordam, ainda assim em propor\u00e7\u00e3o inferior aos brit\u00e2nicos e aos alem\u00e3es (84% e 80%). J\u00e1 entre os que s\u00e3o propriet\u00e1rios, apenas 1 em cada 2 inquiridos a n\u00edvel global considera as cr\u00edticas justificadas, sendo 48% entre os inquiridos portugueses. Os norte-americanos, franceses e espanh\u00f3is s\u00e3o os que menos t\u00eam esta opini\u00e3o (41%, 42% e 43%).<\/p>\n<p><strong>Cr\u00edticas aos propriet\u00e1rios<br \/>\n<\/strong>Mas as cr\u00edticas n\u00e3o terminam por aqui. Os n\u00e3o propriet\u00e1rios tamb\u00e9m s\u00e3o cr\u00edticos quanto \u00e0s raz\u00f5es que levam outros automobilistas a adquirirem um SUV. Segundo eles, a principal raz\u00e3o para esta compra \u00e9 a vontade de seguir uma moda (43%). Em Portugal, Fran\u00e7a e Alemanha este crit\u00e9rio re\u00fane metade das opini\u00f5es. Nos Estados Unidos da Am\u00e9rica apenas um quarto dos inquiridos pensa assim.<\/p>\n<p>Al\u00e9m do fator moda, 34% dos inquiridos n\u00e3o propriet\u00e1rios, referem que os automobilistas que adquirem um SUV querem ser notados. Uma opini\u00e3o defendida por mais de metade dos polacos e dos turcos. No entanto, entre as cr\u00edticas, os n\u00e3o propriet\u00e1rios salientam que muitos tamb\u00e9m os adquirem pelo car\u00e1cter pr\u00e1tico dos SUV e o facto de serem ideais para as necessidades familiares (37%).<\/p>\n","protected":false},"excerpt":{"rendered":"<p>Segundo o novo estudo do\u00a0Observador Cetelem&#8230;<\/p>\n","protected":false},"author":15,"featured_media":27554,"comment_status":"closed","ping_status":"closed","sticky":false,"template":"","format":"standard","meta":{"footnotes":""},"categories":[37],"tags":[1192],"class_list":["post-27577","post","type-post","status-publish","format-standard","has-post-thumbnail","hentry","category-mercado","tag-observador-cetelem"],"yoast_head":"<!-- This site is optimized with the Yoast SEO plugin v27.4 - https:\/\/yoast.com\/product\/yoast-seo-wordpress\/ -->\n<title>45% Portugueses consideram que SUV\u2019s s\u00e3o ve\u00edculos poluentes - Jornal das Oficinas<\/title>\n<meta name=\"robots\" content=\"index, follow, max-snippet:-1, max-image-preview:large, max-video-preview:-1\" \/>\n<link rel=\"canonical\" href=\"https:\/\/jornaldasoficinas.com\/pt\/45-portugueses-consideram-que-suvs-sao-veiculos-poluentes\/\" \/>\n<meta property=\"og:locale\" content=\"pt_PT\" \/>\n<meta property=\"og:type\" content=\"article\" \/>\n<meta property=\"og:title\" content=\"45% Portugueses consideram que SUV\u2019s s\u00e3o ve\u00edculos poluentes - Jornal das Oficinas\" \/>\n<meta property=\"og:description\" content=\"Segundo o novo estudo do\u00a0Observador Cetelem...\" \/>\n<meta property=\"og:url\" content=\"https:\/\/jornaldasoficinas.com\/pt\/45-portugueses-consideram-que-suvs-sao-veiculos-poluentes\/\" \/>\n<meta property=\"og:site_name\" content=\"Jornal das Oficinas\" \/>\n<meta property=\"article:publisher\" content=\"https:\/\/www.facebook.com\/jornaloficinas\" \/>\n<meta property=\"article:published_time\" content=\"2022-02-25T14:00:19+00:00\" \/>\n<meta property=\"og:image\" content=\"https:\/\/jornaldasoficinas.com\/pt\/wp-content\/uploads\/2022\/02\/45-Portugueses-consideram.jpg\" \/>\n\t<meta property=\"og:image:width\" content=\"1024\" \/>\n\t<meta property=\"og:image:height\" content=\"581\" \/>\n\t<meta property=\"og:image:type\" content=\"image\/jpeg\" \/>\n<meta name=\"author\" content=\"Reda\u00e7\u00e3o JO\" \/>\n<meta name=\"twitter:card\" content=\"summary_large_image\" \/>\n<meta name=\"twitter:creator\" content=\"@jornaloficinas\" \/>\n<meta name=\"twitter:site\" content=\"@jornaloficinas\" \/>\n<meta name=\"twitter:label1\" content=\"Escrito por\" \/>\n\t<meta name=\"twitter:data1\" content=\"Reda\u00e7\u00e3o JO\" \/>\n\t<meta name=\"twitter:label2\" content=\"Tempo estimado de leitura\" \/>\n\t<meta name=\"twitter:data2\" content=\"2 minutos\" \/>\n<script type=\"application\/ld+json\" class=\"yoast-schema-graph\">{\"@context\":\"https:\\\/\\\/schema.org\",\"@graph\":[{\"@type\":\"Article\",\"@id\":\"https:\\\/\\\/jornaldasoficinas.com\\\/pt\\\/45-portugueses-consideram-que-suvs-sao-veiculos-poluentes\\\/#article\",\"isPartOf\":{\"@id\":\"https:\\\/\\\/jornaldasoficinas.com\\\/pt\\\/45-portugueses-consideram-que-suvs-sao-veiculos-poluentes\\\/\"},\"author\":{\"name\":\"Reda\u00e7\u00e3o JO\",\"@id\":\"https:\\\/\\\/jornaldasoficinas.com\\\/pt\\\/#\\\/schema\\\/person\\\/a38eef5de2c41d9e7c9ac10141afddf3\"},\"headline\":\"45% Portugueses consideram que SUV\u2019s s\u00e3o ve\u00edculos poluentes\",\"datePublished\":\"2022-02-25T14:00:19+00:00\",\"mainEntityOfPage\":{\"@id\":\"https:\\\/\\\/jornaldasoficinas.com\\\/pt\\\/45-portugueses-consideram-que-suvs-sao-veiculos-poluentes\\\/\"},\"wordCount\":481,\"publisher\":{\"@id\":\"https:\\\/\\\/jornaldasoficinas.com\\\/pt\\\/#organization\"},\"image\":{\"@id\":\"https:\\\/\\\/jornaldasoficinas.com\\\/pt\\\/45-portugueses-consideram-que-suvs-sao-veiculos-poluentes\\\/#primaryimage\"},\"thumbnailUrl\":\"https:\\\/\\\/jornaldasoficinas.com\\\/pt\\\/wp-content\\\/uploads\\\/2022\\\/02\\\/45-Portugueses-consideram.jpg\",\"keywords\":[\"Observador Cetelem\"],\"articleSection\":[\"Mercado\"],\"inLanguage\":\"pt-PT\"},{\"@type\":\"WebPage\",\"@id\":\"https:\\\/\\\/jornaldasoficinas.com\\\/pt\\\/45-portugueses-consideram-que-suvs-sao-veiculos-poluentes\\\/\",\"url\":\"https:\\\/\\\/jornaldasoficinas.com\\\/pt\\\/45-portugueses-consideram-que-suvs-sao-veiculos-poluentes\\\/\",\"name\":\"45% Portugueses consideram que SUV\u2019s s\u00e3o ve\u00edculos poluentes - Jornal das Oficinas\",\"isPartOf\":{\"@id\":\"https:\\\/\\\/jornaldasoficinas.com\\\/pt\\\/#website\"},\"primaryImageOfPage\":{\"@id\":\"https:\\\/\\\/jornaldasoficinas.com\\\/pt\\\/45-portugueses-consideram-que-suvs-sao-veiculos-poluentes\\\/#primaryimage\"},\"image\":{\"@id\":\"https:\\\/\\\/jornaldasoficinas.com\\\/pt\\\/45-portugueses-consideram-que-suvs-sao-veiculos-poluentes\\\/#primaryimage\"},\"thumbnailUrl\":\"https:\\\/\\\/jornaldasoficinas.com\\\/pt\\\/wp-content\\\/uploads\\\/2022\\\/02\\\/45-Portugueses-consideram.jpg\",\"datePublished\":\"2022-02-25T14:00:19+00:00\",\"breadcrumb\":{\"@id\":\"https:\\\/\\\/jornaldasoficinas.com\\\/pt\\\/45-portugueses-consideram-que-suvs-sao-veiculos-poluentes\\\/#breadcrumb\"},\"inLanguage\":\"pt-PT\",\"potentialAction\":[{\"@type\":\"ReadAction\",\"target\":[\"https:\\\/\\\/jornaldasoficinas.com\\\/pt\\\/45-portugueses-consideram-que-suvs-sao-veiculos-poluentes\\\/\"]}]},{\"@type\":\"ImageObject\",\"inLanguage\":\"pt-PT\",\"@id\":\"https:\\\/\\\/jornaldasoficinas.com\\\/pt\\\/45-portugueses-consideram-que-suvs-sao-veiculos-poluentes\\\/#primaryimage\",\"url\":\"https:\\\/\\\/jornaldasoficinas.com\\\/pt\\\/wp-content\\\/uploads\\\/2022\\\/02\\\/45-Portugueses-consideram.jpg\",\"contentUrl\":\"https:\\\/\\\/jornaldasoficinas.com\\\/pt\\\/wp-content\\\/uploads\\\/2022\\\/02\\\/45-Portugueses-consideram.jpg\",\"width\":1024,\"height\":581,\"caption\":\"02 - 45 Portugueses consideram\"},{\"@type\":\"BreadcrumbList\",\"@id\":\"https:\\\/\\\/jornaldasoficinas.com\\\/pt\\\/45-portugueses-consideram-que-suvs-sao-veiculos-poluentes\\\/#breadcrumb\",\"itemListElement\":[{\"@type\":\"ListItem\",\"position\":1,\"name\":\"In\u00edcio\",\"item\":\"https:\\\/\\\/jornaldasoficinas.com\\\/pt\\\/\"},{\"@type\":\"ListItem\",\"position\":2,\"name\":\"45% Portugueses consideram que SUV\u2019s s\u00e3o ve\u00edculos poluentes\"}]},{\"@type\":\"WebSite\",\"@id\":\"https:\\\/\\\/jornaldasoficinas.com\\\/pt\\\/#website\",\"url\":\"https:\\\/\\\/jornaldasoficinas.com\\\/pt\\\/\",\"name\":\"Jornal das Oficinas\",\"description\":\"Jornal independente do Aftermarket Autom\u00f3vel em Portugal\",\"publisher\":{\"@id\":\"https:\\\/\\\/jornaldasoficinas.com\\\/pt\\\/#organization\"},\"potentialAction\":[{\"@type\":\"SearchAction\",\"target\":{\"@type\":\"EntryPoint\",\"urlTemplate\":\"https:\\\/\\\/jornaldasoficinas.com\\\/pt\\\/?s={search_term_string}\"},\"query-input\":{\"@type\":\"PropertyValueSpecification\",\"valueRequired\":true,\"valueName\":\"search_term_string\"}}],\"inLanguage\":\"pt-PT\"},{\"@type\":\"Organization\",\"@id\":\"https:\\\/\\\/jornaldasoficinas.com\\\/pt\\\/#organization\",\"name\":\"Jornal das Oficinas\",\"url\":\"https:\\\/\\\/jornaldasoficinas.com\\\/pt\\\/\",\"logo\":{\"@type\":\"ImageObject\",\"inLanguage\":\"pt-PT\",\"@id\":\"https:\\\/\\\/jornaldasoficinas.com\\\/pt\\\/#\\\/schema\\\/logo\\\/image\\\/\",\"url\":\"https:\\\/\\\/jornaldasoficinas.com\\\/pt\\\/wp-content\\\/uploads\\\/logoJO-SEO.png\",\"contentUrl\":\"https:\\\/\\\/jornaldasoficinas.com\\\/pt\\\/wp-content\\\/uploads\\\/logoJO-SEO.png\",\"width\":285,\"height\":450,\"caption\":\"Jornal das Oficinas\"},\"image\":{\"@id\":\"https:\\\/\\\/jornaldasoficinas.com\\\/pt\\\/#\\\/schema\\\/logo\\\/image\\\/\"},\"sameAs\":[\"https:\\\/\\\/www.facebook.com\\\/jornaloficinas\",\"https:\\\/\\\/x.com\\\/jornaloficinas\",\"https:\\\/\\\/www.instagram.com\\\/jornal_oficinas\\\/\",\"https:\\\/\\\/www.linkedin.com\\\/company\\\/jornal-das-oficinas\\\/\",\"https:\\\/\\\/www.youtube.com\\\/channel\\\/UCbQZBqtcvV-oSQrr7RzINGg\"]},{\"@type\":\"Person\",\"@id\":\"https:\\\/\\\/jornaldasoficinas.com\\\/pt\\\/#\\\/schema\\\/person\\\/a38eef5de2c41d9e7c9ac10141afddf3\",\"name\":\"Reda\u00e7\u00e3o JO\",\"image\":{\"@type\":\"ImageObject\",\"inLanguage\":\"pt-PT\",\"@id\":\"https:\\\/\\\/secure.gravatar.com\\\/avatar\\\/71f2fa71737ad68a84fea94bc708ddac8ea5b0c4788dc2ad202f3ccb2887742f?s=96&d=wp_user_avatar&r=g\",\"url\":\"https:\\\/\\\/secure.gravatar.com\\\/avatar\\\/71f2fa71737ad68a84fea94bc708ddac8ea5b0c4788dc2ad202f3ccb2887742f?s=96&d=wp_user_avatar&r=g\",\"contentUrl\":\"https:\\\/\\\/secure.gravatar.com\\\/avatar\\\/71f2fa71737ad68a84fea94bc708ddac8ea5b0c4788dc2ad202f3ccb2887742f?s=96&d=wp_user_avatar&r=g\",\"caption\":\"Reda\u00e7\u00e3o JO\"},\"url\":\"https:\\\/\\\/jornaldasoficinas.com\\\/pt\\\/author\\\/joredacao\\\/\"}]}<\/script>\n<!-- \/ Yoast SEO plugin. -->","yoast_head_json":{"title":"45% Portugueses consideram que SUV\u2019s s\u00e3o ve\u00edculos poluentes - Jornal das Oficinas","robots":{"index":"index","follow":"follow","max-snippet":"max-snippet:-1","max-image-preview":"max-image-preview:large","max-video-preview":"max-video-preview:-1"},"canonical":"https:\/\/jornaldasoficinas.com\/pt\/45-portugueses-consideram-que-suvs-sao-veiculos-poluentes\/","og_locale":"pt_PT","og_type":"article","og_title":"45% Portugueses consideram que SUV\u2019s s\u00e3o ve\u00edculos poluentes - Jornal das Oficinas","og_description":"Segundo o novo estudo do\u00a0Observador Cetelem...","og_url":"https:\/\/jornaldasoficinas.com\/pt\/45-portugueses-consideram-que-suvs-sao-veiculos-poluentes\/","og_site_name":"Jornal das Oficinas","article_publisher":"https:\/\/www.facebook.com\/jornaloficinas","article_published_time":"2022-02-25T14:00:19+00:00","og_image":[{"width":1024,"height":581,"url":"https:\/\/jornaldasoficinas.com\/pt\/wp-content\/uploads\/2022\/02\/45-Portugueses-consideram.jpg","type":"image\/jpeg"}],"author":"Reda\u00e7\u00e3o JO","twitter_card":"summary_large_image","twitter_creator":"@jornaloficinas","twitter_site":"@jornaloficinas","twitter_misc":{"Escrito por":"Reda\u00e7\u00e3o JO","Tempo estimado de leitura":"2 minutos"},"schema":{"@context":"https:\/\/schema.org","@graph":[{"@type":"Article","@id":"https:\/\/jornaldasoficinas.com\/pt\/45-portugueses-consideram-que-suvs-sao-veiculos-poluentes\/#article","isPartOf":{"@id":"https:\/\/jornaldasoficinas.com\/pt\/45-portugueses-consideram-que-suvs-sao-veiculos-poluentes\/"},"author":{"name":"Reda\u00e7\u00e3o JO","@id":"https:\/\/jornaldasoficinas.com\/pt\/#\/schema\/person\/a38eef5de2c41d9e7c9ac10141afddf3"},"headline":"45% Portugueses consideram que SUV\u2019s s\u00e3o ve\u00edculos poluentes","datePublished":"2022-02-25T14:00:19+00:00","mainEntityOfPage":{"@id":"https:\/\/jornaldasoficinas.com\/pt\/45-portugueses-consideram-que-suvs-sao-veiculos-poluentes\/"},"wordCount":481,"publisher":{"@id":"https:\/\/jornaldasoficinas.com\/pt\/#organization"},"image":{"@id":"https:\/\/jornaldasoficinas.com\/pt\/45-portugueses-consideram-que-suvs-sao-veiculos-poluentes\/#primaryimage"},"thumbnailUrl":"https:\/\/jornaldasoficinas.com\/pt\/wp-content\/uploads\/2022\/02\/45-Portugueses-consideram.jpg","keywords":["Observador Cetelem"],"articleSection":["Mercado"],"inLanguage":"pt-PT"},{"@type":"WebPage","@id":"https:\/\/jornaldasoficinas.com\/pt\/45-portugueses-consideram-que-suvs-sao-veiculos-poluentes\/","url":"https:\/\/jornaldasoficinas.com\/pt\/45-portugueses-consideram-que-suvs-sao-veiculos-poluentes\/","name":"45% Portugueses consideram que SUV\u2019s s\u00e3o ve\u00edculos poluentes - Jornal das Oficinas","isPartOf":{"@id":"https:\/\/jornaldasoficinas.com\/pt\/#website"},"primaryImageOfPage":{"@id":"https:\/\/jornaldasoficinas.com\/pt\/45-portugueses-consideram-que-suvs-sao-veiculos-poluentes\/#primaryimage"},"image":{"@id":"https:\/\/jornaldasoficinas.com\/pt\/45-portugueses-consideram-que-suvs-sao-veiculos-poluentes\/#primaryimage"},"thumbnailUrl":"https:\/\/jornaldasoficinas.com\/pt\/wp-content\/uploads\/2022\/02\/45-Portugueses-consideram.jpg","datePublished":"2022-02-25T14:00:19+00:00","breadcrumb":{"@id":"https:\/\/jornaldasoficinas.com\/pt\/45-portugueses-consideram-que-suvs-sao-veiculos-poluentes\/#breadcrumb"},"inLanguage":"pt-PT","potentialAction":[{"@type":"ReadAction","target":["https:\/\/jornaldasoficinas.com\/pt\/45-portugueses-consideram-que-suvs-sao-veiculos-poluentes\/"]}]},{"@type":"ImageObject","inLanguage":"pt-PT","@id":"https:\/\/jornaldasoficinas.com\/pt\/45-portugueses-consideram-que-suvs-sao-veiculos-poluentes\/#primaryimage","url":"https:\/\/jornaldasoficinas.com\/pt\/wp-content\/uploads\/2022\/02\/45-Portugueses-consideram.jpg","contentUrl":"https:\/\/jornaldasoficinas.com\/pt\/wp-content\/uploads\/2022\/02\/45-Portugueses-consideram.jpg","width":1024,"height":581,"caption":"02 - 45 Portugueses consideram"},{"@type":"BreadcrumbList","@id":"https:\/\/jornaldasoficinas.com\/pt\/45-portugueses-consideram-que-suvs-sao-veiculos-poluentes\/#breadcrumb","itemListElement":[{"@type":"ListItem","position":1,"name":"In\u00edcio","item":"https:\/\/jornaldasoficinas.com\/pt\/"},{"@type":"ListItem","position":2,"name":"45% Portugueses consideram que SUV\u2019s s\u00e3o ve\u00edculos poluentes"}]},{"@type":"WebSite","@id":"https:\/\/jornaldasoficinas.com\/pt\/#website","url":"https:\/\/jornaldasoficinas.com\/pt\/","name":"Jornal das Oficinas","description":"Jornal independente do Aftermarket Autom\u00f3vel em Portugal","publisher":{"@id":"https:\/\/jornaldasoficinas.com\/pt\/#organization"},"potentialAction":[{"@type":"SearchAction","target":{"@type":"EntryPoint","urlTemplate":"https:\/\/jornaldasoficinas.com\/pt\/?s={search_term_string}"},"query-input":{"@type":"PropertyValueSpecification","valueRequired":true,"valueName":"search_term_string"}}],"inLanguage":"pt-PT"},{"@type":"Organization","@id":"https:\/\/jornaldasoficinas.com\/pt\/#organization","name":"Jornal das Oficinas","url":"https:\/\/jornaldasoficinas.com\/pt\/","logo":{"@type":"ImageObject","inLanguage":"pt-PT","@id":"https:\/\/jornaldasoficinas.com\/pt\/#\/schema\/logo\/image\/","url":"https:\/\/jornaldasoficinas.com\/pt\/wp-content\/uploads\/logoJO-SEO.png","contentUrl":"https:\/\/jornaldasoficinas.com\/pt\/wp-content\/uploads\/logoJO-SEO.png","width":285,"height":450,"caption":"Jornal das Oficinas"},"image":{"@id":"https:\/\/jornaldasoficinas.com\/pt\/#\/schema\/logo\/image\/"},"sameAs":["https:\/\/www.facebook.com\/jornaloficinas","https:\/\/x.com\/jornaloficinas","https:\/\/www.instagram.com\/jornal_oficinas\/","https:\/\/www.linkedin.com\/company\/jornal-das-oficinas\/","https:\/\/www.youtube.com\/channel\/UCbQZBqtcvV-oSQrr7RzINGg"]},{"@type":"Person","@id":"https:\/\/jornaldasoficinas.com\/pt\/#\/schema\/person\/a38eef5de2c41d9e7c9ac10141afddf3","name":"Reda\u00e7\u00e3o JO","image":{"@type":"ImageObject","inLanguage":"pt-PT","@id":"https:\/\/secure.gravatar.com\/avatar\/71f2fa71737ad68a84fea94bc708ddac8ea5b0c4788dc2ad202f3ccb2887742f?s=96&d=wp_user_avatar&r=g","url":"https:\/\/secure.gravatar.com\/avatar\/71f2fa71737ad68a84fea94bc708ddac8ea5b0c4788dc2ad202f3ccb2887742f?s=96&d=wp_user_avatar&r=g","contentUrl":"https:\/\/secure.gravatar.com\/avatar\/71f2fa71737ad68a84fea94bc708ddac8ea5b0c4788dc2ad202f3ccb2887742f?s=96&d=wp_user_avatar&r=g","caption":"Reda\u00e7\u00e3o JO"},"url":"https:\/\/jornaldasoficinas.com\/pt\/author\/joredacao\/"}]}},"_links":{"self":[{"href":"https:\/\/jornaldasoficinas.com\/pt\/wp-json\/wp\/v2\/posts\/27577","targetHints":{"allow":["GET"]}}],"collection":[{"href":"https:\/\/jornaldasoficinas.com\/pt\/wp-json\/wp\/v2\/posts"}],"about":[{"href":"https:\/\/jornaldasoficinas.com\/pt\/wp-json\/wp\/v2\/types\/post"}],"author":[{"embeddable":true,"href":"https:\/\/jornaldasoficinas.com\/pt\/wp-json\/wp\/v2\/users\/15"}],"replies":[{"embeddable":true,"href":"https:\/\/jornaldasoficinas.com\/pt\/wp-json\/wp\/v2\/comments?post=27577"}],"version-history":[{"count":0,"href":"https:\/\/jornaldasoficinas.com\/pt\/wp-json\/wp\/v2\/posts\/27577\/revisions"}],"wp:featuredmedia":[{"embeddable":true,"href":"https:\/\/jornaldasoficinas.com\/pt\/wp-json\/wp\/v2\/media\/27554"}],"wp:attachment":[{"href":"https:\/\/jornaldasoficinas.com\/pt\/wp-json\/wp\/v2\/media?parent=27577"}],"wp:term":[{"taxonomy":"category","embeddable":true,"href":"https:\/\/jornaldasoficinas.com\/pt\/wp-json\/wp\/v2\/categories?post=27577"},{"taxonomy":"post_tag","embeddable":true,"href":"https:\/\/jornaldasoficinas.com\/pt\/wp-json\/wp\/v2\/tags?post=27577"}],"curies":[{"name":"wp","href":"https:\/\/api.w.org\/{rel}","templated":true}]}}