{"id":27597,"date":"2022-02-27T17:00:57","date_gmt":"2022-02-27T17:00:57","guid":{"rendered":"https:\/\/jornaldasoficinas.com\/pt\/?p=27597"},"modified":"2022-02-26T17:44:25","modified_gmt":"2022-02-26T17:44:25","slug":"jornal-das-oficinas-de-marco-ja-disponivel-online","status":"publish","type":"post","link":"https:\/\/jornaldasoficinas.com\/pt\/jornal-das-oficinas-de-marco-ja-disponivel-online\/","title":{"rendered":"Jornal das Oficinas de Mar\u00e7o j\u00e1 dispon\u00edvel online"},"content":{"rendered":"<p><img loading=\"lazy\" decoding=\"async\" class=\"alignnone size-full wp-image-27598\" src=\"https:\/\/jornaldasoficinas.com\/pt\/wp-content\/uploads\/2022\/02\/JO195foto.png\" alt=\"02 - JO195foto\" width=\"1024\" height=\"581\" srcset=\"https:\/\/jornaldasoficinas.com\/pt\/wp-content\/uploads\/2022\/02\/JO195foto.png 1024w, https:\/\/jornaldasoficinas.com\/pt\/wp-content\/uploads\/2022\/02\/JO195foto-300x170.png 300w, https:\/\/jornaldasoficinas.com\/pt\/wp-content\/uploads\/2022\/02\/JO195foto-150x85.png 150w, https:\/\/jornaldasoficinas.com\/pt\/wp-content\/uploads\/2022\/02\/JO195foto-768x436.png 768w\" sizes=\"auto, (max-width: 1024px) 100vw, 1024px\" \/><\/p>\n<p><strong>Na edi\u00e7\u00e3o de mar\u00e7o de 2022, o artigo de destaque \u00e9 sobre Renting no p\u00f3s-venda. O incremento do renting autom\u00f3vel em Portugal, tem funcionado como um gerador de neg\u00f3cios para as oficinas. O volume de trabalho fornecido, que permite \u00e0 oficina cobrir os custos estruturais, obter lucros e beneficiar das vantagens de trabalhar com um parceiro de qualidade, s\u00e3o argumentos irrefut\u00e1veis<\/strong><\/p>\n<p>Na <a href=\"https:\/\/www.reuseaftermarket.com\/\" target=\"_blank\" rel=\"noopener\">Campanha Reuse Aftermarket<\/a> o tema \u00e9 sobre a valoriza\u00e7\u00e3o de lubrificantes usados. Ap\u00f3s a sua utiliza\u00e7\u00e3o, os \u00f3leos lubrificantes originam \u00f3leos usados, que s\u00e3o recolhidos gratuitamente junto dos produtores pelo sistema log\u00edstico disponibilizado, transportados para unidades de tratamento e posteriormente para valoriza\u00e7\u00e3o, atrav\u00e9s de regenera\u00e7\u00e3o e reciclagem.<\/p>\n<p>A 4\u00aa edi\u00e7\u00e3o da <a href=\"https:\/\/www.challengeoficinas.pt\/apresentacao\" target=\"_blank\" rel=\"noopener\">Competi\u00e7\u00e3o Challenge Oficinas<\/a> elevar\u00e1 a fasquia e promete uma din\u00e2mica superior. Jorge Z\u00f3zimo, diretor geral da T.Academy, parceiro nesta iniciativa, explica nesta edi\u00e7\u00e3o como se processar\u00e1 a din\u00e2mica da competi\u00e7\u00e3o e revela as novidades face \u00e0s edi\u00e7\u00f5es anteriores.<\/p>\n<p>Na r\u00fabrica dedicada \u00e0s empresas, come\u00e7amos com uma reportagem \u00e0 <a href=\"https:\/\/www.gocarmat.pt\/\" target=\"_blank\" rel=\"noopener\">Gocarmat<\/a>. Fundada em 2010, esta empresa distingue-se por ser uma rede de oficinas de capital 100% portugu\u00eas com um leque de servi\u00e7os de A a Z e um grande enfoque no segmento corporate, que hoje em dia representa 75% do neg\u00f3cio da empresa.<\/p>\n<p>A<a href=\"https:\/\/motorbus.pt\/home\" target=\"_blank\" rel=\"noopener\"> Motorbus<\/a> abriu a sua mais recente loja, em Leiria. Com uma localiza\u00e7\u00e3o estrat\u00e9gica, amplo balc\u00e3o de atendimento e cerca de 2.000 m2 de \u00e1rea de armazenagem, a nova loja tem como objetivo cobrir todo o mercado de pesados desta regi\u00e3o do pa\u00eds.<\/p>\n<p>No mercado desde 1988, a <a href=\"https:\/\/www.orcopecas.pt\/\" target=\"_blank\" rel=\"noopener\">Orcope\u00e7as<\/a> tem 34 anos de experi\u00eancia na distribui\u00e7\u00e3o de pe\u00e7as auto, na zona de Santar\u00e9m. A empresa, gerida desde 2018 por Tiago Cola\u00e7o, filho de um dos fundadores, registou um crescimento de quase 11% em 2021 e pretende continuar a evoluir mesmo em tempos dif\u00edceis neste setor.<\/p>\n<p>Na se\u00e7\u00e3o das entrevistas, o primeiro entrevistado \u00e9 H\u00e9lder Vasconcelos, gerente da <a href=\"https:\/\/www.zukipecas.pt\/pt\/\" target=\"_blank\" rel=\"noopener\">Zukipe\u00e7as<\/a>, empresa criada em per\u00edodo de pandemia em 2020 totalmente contra a mar\u00e9\u2026 Com capitais pr\u00f3prios, H\u00e9lder Vasconcelos definiu o foco do neg\u00f3cio num nicho de mercado que at\u00e9 ent\u00e3o n\u00e3o tinha suporte em Portugal: a comercializa\u00e7\u00e3o de pe\u00e7as de repara\u00e7\u00e3o originais Suzuki e Santana, em especial para os modelos 4&#215;4.<\/p>\n<p>O Jornal das Oficinas esteve \u00e0 conversa com os dois fundadores da <a href=\"https:\/\/inovpecas.pt\/\" target=\"_blank\" rel=\"noopener\">Inovpe\u00e7as<\/a>, Jos\u00e9 Carneiro e Paulo Magalh\u00e3es, que nos contaram um pouco da hist\u00f3ria desta empresa e, tamb\u00e9m sobre como \u00e9 poss\u00edvel ter sucesso, num mercado cada vez mais dominado pela internet e pela compra online.<\/p>\n<p>Ainda nesta edi\u00e7\u00e3o, pode ler a entrevista com Jos\u00e9 Reis, diretor geral da <a href=\"https:\/\/joseacreis.pt\/\" target=\"_blank\" rel=\"noopener\">Jos\u00e9 A. C. Reis<\/a>, um distribuidor de tintas autom\u00f3vel com sede na Amadora e filiais no Algarve e em \u00c9vora. Comercializa a marca Sikkens, da AkzoNobel, numa parceria que ao longo desta \u00faltima d\u00e9cada se tem mostrado frut\u00edfera para ambas as partes.<\/p>\n<p>Para assinalar os 25 anos da <a href=\"https:\/\/www.eurofiltros.pt\/\" target=\"_blank\" rel=\"noopener\">EuroFiltros<\/a>, o Jornal das Oficinas viajou at\u00e9 \u00e0 sede da mesma, em Ermesinde, onde foi conhecer, junto do gerente Jos\u00e9 Sequeira, o percurso desta empresa especialista no com\u00e9rcio de filtros, n\u00e3o s\u00f3 no ramo autom\u00f3vel, mas tamb\u00e9m nas m\u00e1quinas industriais.<\/p>\n<p>A sustentabilidade \u00e9 um tema chave para a<a href=\"https:\/\/aftermarket.zf.com\/ib\/pt\/portal-da-zf-aftermarket\/\" target=\"_blank\" rel=\"noopener\"> ZF Aftermarket<\/a>. Em entrevista ao JO, Philippe Colpron apresenta as solu\u00e7\u00f5es de reconvers\u00e3o, repara\u00e7\u00e3o e reconstru\u00e7\u00e3o que o grupo est\u00e1 a implementar para poupar em materiais e reduzir as emiss\u00f5es de CO2 em todas as etapas e processos de produ\u00e7\u00e3o.<\/p>\n<p>Na se\u00e7\u00e3o Gest\u00e3o, pode ficar a saber como controlar o stress na oficina. A verdade \u00e9 que gerir uma oficina tem os seus momentos gratificantes e outros n\u00e3o t\u00e3o bons. At\u00e9 mesmo quando as coisas v\u00e3o bem pode surgir o temido stress.<\/p>\n<p>N\u00e3o pode deixar de ler a reportagem da Oficina do M\u00eas que tem como protagonista a oficina <a href=\"https:\/\/www.tiagorochauto.pt\/\" target=\"_blank\" rel=\"noopener\">Tiagorochauto<\/a>. Inspirado na realidade brasileira, Tiago Rocha foi pioneiro em Portugal na cria\u00e7\u00e3o e divulga\u00e7\u00e3o de v\u00eddeos oficinais num canal de Youtube, onde mostra o dia-a-dia do seu trabalho. O Jornal das Oficinas esteve \u00e0 conversa com este \u00abmec\u00e2nico Youtuber\u00bb e foi saber tudo sobre o seu percurso.<\/p>\n<p>O artigo de T\u00e9cnica &amp; Servi\u00e7o \u00e9 sobre cabines de pintura. A instala\u00e7\u00e3o de outra cabine de pintura ou a melhoria de processos s\u00e3o as duas op\u00e7\u00f5es que, em geral, existem para fazer frente \u00e0 amea\u00e7a dos congestionamentos na zona de pintura. Uma an\u00e1lise das origens do problema da oficina ir\u00e1 conduzir-nos \u00e0 solu\u00e7\u00e3o ideal.<\/p>\n<p>Desejamos boas leituras!<\/p>\n<p><iframe loading=\"lazy\" src=\"https:\/\/www.yumpu.com\/pt\/embed\/view\/oAYCBuJMhPaOmSiG\" width=\"620px\" height=\"526px\" frameborder=\"0\" allowfullscreen=\"allowfullscreen\"><\/iframe><\/p>\n","protected":false},"excerpt":{"rendered":"<p>Na edi\u00e7\u00e3o de mar\u00e7o de 2022,&#8230;<\/p>\n","protected":false},"author":15,"featured_media":27598,"comment_status":"closed","ping_status":"closed","sticky":false,"template":"","format":"standard","meta":{"footnotes":""},"categories":[411],"tags":[1196,2626,2797,2799,2800,300,2798,2743,2801,181,2742],"class_list":["post-27597","post","type-post","status-publish","format-standard","has-post-thumbnail","hentry","category-edicoes-jo","tag-challenge-oficinas","tag-eurofiltros","tag-gocarmat","tag-inovpecas","tag-jose-a-c-reis","tag-motorbus","tag-orcopecas","tag-reuse-aftermarket","tag-tiagorochauto","tag-zf-aftermarket","tag-zukipecas"],"yoast_head":"<!-- This site is optimized with the Yoast SEO plugin v27.4 - https:\/\/yoast.com\/product\/yoast-seo-wordpress\/ -->\n<title>Jornal das Oficinas de Mar\u00e7o j\u00e1 dispon\u00edvel online - Jornal das Oficinas<\/title>\n<meta name=\"robots\" content=\"index, follow, max-snippet:-1, max-image-preview:large, max-video-preview:-1\" \/>\n<link rel=\"canonical\" href=\"https:\/\/jornaldasoficinas.com\/pt\/jornal-das-oficinas-de-marco-ja-disponivel-online\/\" \/>\n<meta property=\"og:locale\" content=\"pt_PT\" \/>\n<meta property=\"og:type\" content=\"article\" \/>\n<meta property=\"og:title\" content=\"Jornal das Oficinas de Mar\u00e7o j\u00e1 dispon\u00edvel online - Jornal das Oficinas\" \/>\n<meta property=\"og:description\" content=\"Na edi\u00e7\u00e3o de mar\u00e7o de 2022,...\" \/>\n<meta property=\"og:url\" content=\"https:\/\/jornaldasoficinas.com\/pt\/jornal-das-oficinas-de-marco-ja-disponivel-online\/\" \/>\n<meta property=\"og:site_name\" content=\"Jornal das Oficinas\" \/>\n<meta property=\"article:publisher\" content=\"https:\/\/www.facebook.com\/jornaloficinas\" \/>\n<meta property=\"article:published_time\" content=\"2022-02-27T17:00:57+00:00\" \/>\n<meta property=\"og:image\" content=\"https:\/\/jornaldasoficinas.com\/pt\/wp-content\/uploads\/2022\/02\/JO195foto.png\" \/>\n\t<meta property=\"og:image:width\" content=\"1024\" \/>\n\t<meta property=\"og:image:height\" content=\"581\" \/>\n\t<meta property=\"og:image:type\" content=\"image\/png\" \/>\n<meta name=\"author\" content=\"Reda\u00e7\u00e3o JO\" \/>\n<meta name=\"twitter:card\" content=\"summary_large_image\" \/>\n<meta name=\"twitter:creator\" content=\"@jornaloficinas\" \/>\n<meta name=\"twitter:site\" content=\"@jornaloficinas\" \/>\n<meta name=\"twitter:label1\" content=\"Escrito por\" \/>\n\t<meta name=\"twitter:data1\" content=\"Reda\u00e7\u00e3o JO\" \/>\n\t<meta name=\"twitter:label2\" content=\"Tempo estimado de leitura\" \/>\n\t<meta name=\"twitter:data2\" content=\"4 minutos\" \/>\n<script type=\"application\/ld+json\" class=\"yoast-schema-graph\">{\"@context\":\"https:\\\/\\\/schema.org\",\"@graph\":[{\"@type\":\"Article\",\"@id\":\"https:\\\/\\\/jornaldasoficinas.com\\\/pt\\\/jornal-das-oficinas-de-marco-ja-disponivel-online\\\/#article\",\"isPartOf\":{\"@id\":\"https:\\\/\\\/jornaldasoficinas.com\\\/pt\\\/jornal-das-oficinas-de-marco-ja-disponivel-online\\\/\"},\"author\":{\"name\":\"Reda\u00e7\u00e3o JO\",\"@id\":\"https:\\\/\\\/jornaldasoficinas.com\\\/pt\\\/#\\\/schema\\\/person\\\/a38eef5de2c41d9e7c9ac10141afddf3\"},\"headline\":\"Jornal das Oficinas de Mar\u00e7o j\u00e1 dispon\u00edvel online\",\"datePublished\":\"2022-02-27T17:00:57+00:00\",\"mainEntityOfPage\":{\"@id\":\"https:\\\/\\\/jornaldasoficinas.com\\\/pt\\\/jornal-das-oficinas-de-marco-ja-disponivel-online\\\/\"},\"wordCount\":798,\"publisher\":{\"@id\":\"https:\\\/\\\/jornaldasoficinas.com\\\/pt\\\/#organization\"},\"image\":{\"@id\":\"https:\\\/\\\/jornaldasoficinas.com\\\/pt\\\/jornal-das-oficinas-de-marco-ja-disponivel-online\\\/#primaryimage\"},\"thumbnailUrl\":\"https:\\\/\\\/jornaldasoficinas.com\\\/pt\\\/wp-content\\\/uploads\\\/2022\\\/02\\\/JO195foto.png\",\"keywords\":[\"Challenge Oficinas\",\"Eurofiltros\",\"Gocarmat\",\"Inovpe\u00e7as\",\"Jos\u00e9 A. C. Reis\",\"Motorbus\",\"Orcope\u00e7as\",\"REUSE AFTERMARKET\",\"Tiagorochauto\",\"ZF Aftermarket\",\"Zukipe\u00e7as\"],\"articleSection\":[\"Edi\u00e7\u00f5es JO\"],\"inLanguage\":\"pt-PT\"},{\"@type\":\"WebPage\",\"@id\":\"https:\\\/\\\/jornaldasoficinas.com\\\/pt\\\/jornal-das-oficinas-de-marco-ja-disponivel-online\\\/\",\"url\":\"https:\\\/\\\/jornaldasoficinas.com\\\/pt\\\/jornal-das-oficinas-de-marco-ja-disponivel-online\\\/\",\"name\":\"Jornal das Oficinas de Mar\u00e7o j\u00e1 dispon\u00edvel online - Jornal das Oficinas\",\"isPartOf\":{\"@id\":\"https:\\\/\\\/jornaldasoficinas.com\\\/pt\\\/#website\"},\"primaryImageOfPage\":{\"@id\":\"https:\\\/\\\/jornaldasoficinas.com\\\/pt\\\/jornal-das-oficinas-de-marco-ja-disponivel-online\\\/#primaryimage\"},\"image\":{\"@id\":\"https:\\\/\\\/jornaldasoficinas.com\\\/pt\\\/jornal-das-oficinas-de-marco-ja-disponivel-online\\\/#primaryimage\"},\"thumbnailUrl\":\"https:\\\/\\\/jornaldasoficinas.com\\\/pt\\\/wp-content\\\/uploads\\\/2022\\\/02\\\/JO195foto.png\",\"datePublished\":\"2022-02-27T17:00:57+00:00\",\"breadcrumb\":{\"@id\":\"https:\\\/\\\/jornaldasoficinas.com\\\/pt\\\/jornal-das-oficinas-de-marco-ja-disponivel-online\\\/#breadcrumb\"},\"inLanguage\":\"pt-PT\",\"potentialAction\":[{\"@type\":\"ReadAction\",\"target\":[\"https:\\\/\\\/jornaldasoficinas.com\\\/pt\\\/jornal-das-oficinas-de-marco-ja-disponivel-online\\\/\"]}]},{\"@type\":\"ImageObject\",\"inLanguage\":\"pt-PT\",\"@id\":\"https:\\\/\\\/jornaldasoficinas.com\\\/pt\\\/jornal-das-oficinas-de-marco-ja-disponivel-online\\\/#primaryimage\",\"url\":\"https:\\\/\\\/jornaldasoficinas.com\\\/pt\\\/wp-content\\\/uploads\\\/2022\\\/02\\\/JO195foto.png\",\"contentUrl\":\"https:\\\/\\\/jornaldasoficinas.com\\\/pt\\\/wp-content\\\/uploads\\\/2022\\\/02\\\/JO195foto.png\",\"width\":1024,\"height\":581,\"caption\":\"02 - JO195foto\"},{\"@type\":\"BreadcrumbList\",\"@id\":\"https:\\\/\\\/jornaldasoficinas.com\\\/pt\\\/jornal-das-oficinas-de-marco-ja-disponivel-online\\\/#breadcrumb\",\"itemListElement\":[{\"@type\":\"ListItem\",\"position\":1,\"name\":\"In\u00edcio\",\"item\":\"https:\\\/\\\/jornaldasoficinas.com\\\/pt\\\/\"},{\"@type\":\"ListItem\",\"position\":2,\"name\":\"Jornal das Oficinas de Mar\u00e7o j\u00e1 dispon\u00edvel online\"}]},{\"@type\":\"WebSite\",\"@id\":\"https:\\\/\\\/jornaldasoficinas.com\\\/pt\\\/#website\",\"url\":\"https:\\\/\\\/jornaldasoficinas.com\\\/pt\\\/\",\"name\":\"Jornal das Oficinas\",\"description\":\"Jornal independente do Aftermarket Autom\u00f3vel em Portugal\",\"publisher\":{\"@id\":\"https:\\\/\\\/jornaldasoficinas.com\\\/pt\\\/#organization\"},\"potentialAction\":[{\"@type\":\"SearchAction\",\"target\":{\"@type\":\"EntryPoint\",\"urlTemplate\":\"https:\\\/\\\/jornaldasoficinas.com\\\/pt\\\/?s={search_term_string}\"},\"query-input\":{\"@type\":\"PropertyValueSpecification\",\"valueRequired\":true,\"valueName\":\"search_term_string\"}}],\"inLanguage\":\"pt-PT\"},{\"@type\":\"Organization\",\"@id\":\"https:\\\/\\\/jornaldasoficinas.com\\\/pt\\\/#organization\",\"name\":\"Jornal das Oficinas\",\"url\":\"https:\\\/\\\/jornaldasoficinas.com\\\/pt\\\/\",\"logo\":{\"@type\":\"ImageObject\",\"inLanguage\":\"pt-PT\",\"@id\":\"https:\\\/\\\/jornaldasoficinas.com\\\/pt\\\/#\\\/schema\\\/logo\\\/image\\\/\",\"url\":\"https:\\\/\\\/jornaldasoficinas.com\\\/pt\\\/wp-content\\\/uploads\\\/logoJO-SEO.png\",\"contentUrl\":\"https:\\\/\\\/jornaldasoficinas.com\\\/pt\\\/wp-content\\\/uploads\\\/logoJO-SEO.png\",\"width\":285,\"height\":450,\"caption\":\"Jornal das Oficinas\"},\"image\":{\"@id\":\"https:\\\/\\\/jornaldasoficinas.com\\\/pt\\\/#\\\/schema\\\/logo\\\/image\\\/\"},\"sameAs\":[\"https:\\\/\\\/www.facebook.com\\\/jornaloficinas\",\"https:\\\/\\\/x.com\\\/jornaloficinas\",\"https:\\\/\\\/www.instagram.com\\\/jornal_oficinas\\\/\",\"https:\\\/\\\/www.linkedin.com\\\/company\\\/jornal-das-oficinas\\\/\",\"https:\\\/\\\/www.youtube.com\\\/channel\\\/UCbQZBqtcvV-oSQrr7RzINGg\"]},{\"@type\":\"Person\",\"@id\":\"https:\\\/\\\/jornaldasoficinas.com\\\/pt\\\/#\\\/schema\\\/person\\\/a38eef5de2c41d9e7c9ac10141afddf3\",\"name\":\"Reda\u00e7\u00e3o JO\",\"image\":{\"@type\":\"ImageObject\",\"inLanguage\":\"pt-PT\",\"@id\":\"https:\\\/\\\/secure.gravatar.com\\\/avatar\\\/71f2fa71737ad68a84fea94bc708ddac8ea5b0c4788dc2ad202f3ccb2887742f?s=96&d=wp_user_avatar&r=g\",\"url\":\"https:\\\/\\\/secure.gravatar.com\\\/avatar\\\/71f2fa71737ad68a84fea94bc708ddac8ea5b0c4788dc2ad202f3ccb2887742f?s=96&d=wp_user_avatar&r=g\",\"contentUrl\":\"https:\\\/\\\/secure.gravatar.com\\\/avatar\\\/71f2fa71737ad68a84fea94bc708ddac8ea5b0c4788dc2ad202f3ccb2887742f?s=96&d=wp_user_avatar&r=g\",\"caption\":\"Reda\u00e7\u00e3o JO\"},\"url\":\"https:\\\/\\\/jornaldasoficinas.com\\\/pt\\\/author\\\/joredacao\\\/\"}]}<\/script>\n<!-- \/ Yoast SEO plugin. -->","yoast_head_json":{"title":"Jornal das Oficinas de Mar\u00e7o j\u00e1 dispon\u00edvel online - Jornal das Oficinas","robots":{"index":"index","follow":"follow","max-snippet":"max-snippet:-1","max-image-preview":"max-image-preview:large","max-video-preview":"max-video-preview:-1"},"canonical":"https:\/\/jornaldasoficinas.com\/pt\/jornal-das-oficinas-de-marco-ja-disponivel-online\/","og_locale":"pt_PT","og_type":"article","og_title":"Jornal das Oficinas de Mar\u00e7o j\u00e1 dispon\u00edvel online - Jornal das Oficinas","og_description":"Na edi\u00e7\u00e3o de mar\u00e7o de 2022,...","og_url":"https:\/\/jornaldasoficinas.com\/pt\/jornal-das-oficinas-de-marco-ja-disponivel-online\/","og_site_name":"Jornal das Oficinas","article_publisher":"https:\/\/www.facebook.com\/jornaloficinas","article_published_time":"2022-02-27T17:00:57+00:00","og_image":[{"width":1024,"height":581,"url":"https:\/\/jornaldasoficinas.com\/pt\/wp-content\/uploads\/2022\/02\/JO195foto.png","type":"image\/png"}],"author":"Reda\u00e7\u00e3o JO","twitter_card":"summary_large_image","twitter_creator":"@jornaloficinas","twitter_site":"@jornaloficinas","twitter_misc":{"Escrito por":"Reda\u00e7\u00e3o JO","Tempo estimado de leitura":"4 minutos"},"schema":{"@context":"https:\/\/schema.org","@graph":[{"@type":"Article","@id":"https:\/\/jornaldasoficinas.com\/pt\/jornal-das-oficinas-de-marco-ja-disponivel-online\/#article","isPartOf":{"@id":"https:\/\/jornaldasoficinas.com\/pt\/jornal-das-oficinas-de-marco-ja-disponivel-online\/"},"author":{"name":"Reda\u00e7\u00e3o JO","@id":"https:\/\/jornaldasoficinas.com\/pt\/#\/schema\/person\/a38eef5de2c41d9e7c9ac10141afddf3"},"headline":"Jornal das Oficinas de Mar\u00e7o j\u00e1 dispon\u00edvel online","datePublished":"2022-02-27T17:00:57+00:00","mainEntityOfPage":{"@id":"https:\/\/jornaldasoficinas.com\/pt\/jornal-das-oficinas-de-marco-ja-disponivel-online\/"},"wordCount":798,"publisher":{"@id":"https:\/\/jornaldasoficinas.com\/pt\/#organization"},"image":{"@id":"https:\/\/jornaldasoficinas.com\/pt\/jornal-das-oficinas-de-marco-ja-disponivel-online\/#primaryimage"},"thumbnailUrl":"https:\/\/jornaldasoficinas.com\/pt\/wp-content\/uploads\/2022\/02\/JO195foto.png","keywords":["Challenge Oficinas","Eurofiltros","Gocarmat","Inovpe\u00e7as","Jos\u00e9 A. C. Reis","Motorbus","Orcope\u00e7as","REUSE AFTERMARKET","Tiagorochauto","ZF Aftermarket","Zukipe\u00e7as"],"articleSection":["Edi\u00e7\u00f5es JO"],"inLanguage":"pt-PT"},{"@type":"WebPage","@id":"https:\/\/jornaldasoficinas.com\/pt\/jornal-das-oficinas-de-marco-ja-disponivel-online\/","url":"https:\/\/jornaldasoficinas.com\/pt\/jornal-das-oficinas-de-marco-ja-disponivel-online\/","name":"Jornal das Oficinas de Mar\u00e7o j\u00e1 dispon\u00edvel online - Jornal das Oficinas","isPartOf":{"@id":"https:\/\/jornaldasoficinas.com\/pt\/#website"},"primaryImageOfPage":{"@id":"https:\/\/jornaldasoficinas.com\/pt\/jornal-das-oficinas-de-marco-ja-disponivel-online\/#primaryimage"},"image":{"@id":"https:\/\/jornaldasoficinas.com\/pt\/jornal-das-oficinas-de-marco-ja-disponivel-online\/#primaryimage"},"thumbnailUrl":"https:\/\/jornaldasoficinas.com\/pt\/wp-content\/uploads\/2022\/02\/JO195foto.png","datePublished":"2022-02-27T17:00:57+00:00","breadcrumb":{"@id":"https:\/\/jornaldasoficinas.com\/pt\/jornal-das-oficinas-de-marco-ja-disponivel-online\/#breadcrumb"},"inLanguage":"pt-PT","potentialAction":[{"@type":"ReadAction","target":["https:\/\/jornaldasoficinas.com\/pt\/jornal-das-oficinas-de-marco-ja-disponivel-online\/"]}]},{"@type":"ImageObject","inLanguage":"pt-PT","@id":"https:\/\/jornaldasoficinas.com\/pt\/jornal-das-oficinas-de-marco-ja-disponivel-online\/#primaryimage","url":"https:\/\/jornaldasoficinas.com\/pt\/wp-content\/uploads\/2022\/02\/JO195foto.png","contentUrl":"https:\/\/jornaldasoficinas.com\/pt\/wp-content\/uploads\/2022\/02\/JO195foto.png","width":1024,"height":581,"caption":"02 - JO195foto"},{"@type":"BreadcrumbList","@id":"https:\/\/jornaldasoficinas.com\/pt\/jornal-das-oficinas-de-marco-ja-disponivel-online\/#breadcrumb","itemListElement":[{"@type":"ListItem","position":1,"name":"In\u00edcio","item":"https:\/\/jornaldasoficinas.com\/pt\/"},{"@type":"ListItem","position":2,"name":"Jornal das Oficinas de Mar\u00e7o j\u00e1 dispon\u00edvel online"}]},{"@type":"WebSite","@id":"https:\/\/jornaldasoficinas.com\/pt\/#website","url":"https:\/\/jornaldasoficinas.com\/pt\/","name":"Jornal das Oficinas","description":"Jornal independente do Aftermarket Autom\u00f3vel em Portugal","publisher":{"@id":"https:\/\/jornaldasoficinas.com\/pt\/#organization"},"potentialAction":[{"@type":"SearchAction","target":{"@type":"EntryPoint","urlTemplate":"https:\/\/jornaldasoficinas.com\/pt\/?s={search_term_string}"},"query-input":{"@type":"PropertyValueSpecification","valueRequired":true,"valueName":"search_term_string"}}],"inLanguage":"pt-PT"},{"@type":"Organization","@id":"https:\/\/jornaldasoficinas.com\/pt\/#organization","name":"Jornal das Oficinas","url":"https:\/\/jornaldasoficinas.com\/pt\/","logo":{"@type":"ImageObject","inLanguage":"pt-PT","@id":"https:\/\/jornaldasoficinas.com\/pt\/#\/schema\/logo\/image\/","url":"https:\/\/jornaldasoficinas.com\/pt\/wp-content\/uploads\/logoJO-SEO.png","contentUrl":"https:\/\/jornaldasoficinas.com\/pt\/wp-content\/uploads\/logoJO-SEO.png","width":285,"height":450,"caption":"Jornal das Oficinas"},"image":{"@id":"https:\/\/jornaldasoficinas.com\/pt\/#\/schema\/logo\/image\/"},"sameAs":["https:\/\/www.facebook.com\/jornaloficinas","https:\/\/x.com\/jornaloficinas","https:\/\/www.instagram.com\/jornal_oficinas\/","https:\/\/www.linkedin.com\/company\/jornal-das-oficinas\/","https:\/\/www.youtube.com\/channel\/UCbQZBqtcvV-oSQrr7RzINGg"]},{"@type":"Person","@id":"https:\/\/jornaldasoficinas.com\/pt\/#\/schema\/person\/a38eef5de2c41d9e7c9ac10141afddf3","name":"Reda\u00e7\u00e3o JO","image":{"@type":"ImageObject","inLanguage":"pt-PT","@id":"https:\/\/secure.gravatar.com\/avatar\/71f2fa71737ad68a84fea94bc708ddac8ea5b0c4788dc2ad202f3ccb2887742f?s=96&d=wp_user_avatar&r=g","url":"https:\/\/secure.gravatar.com\/avatar\/71f2fa71737ad68a84fea94bc708ddac8ea5b0c4788dc2ad202f3ccb2887742f?s=96&d=wp_user_avatar&r=g","contentUrl":"https:\/\/secure.gravatar.com\/avatar\/71f2fa71737ad68a84fea94bc708ddac8ea5b0c4788dc2ad202f3ccb2887742f?s=96&d=wp_user_avatar&r=g","caption":"Reda\u00e7\u00e3o JO"},"url":"https:\/\/jornaldasoficinas.com\/pt\/author\/joredacao\/"}]}},"_links":{"self":[{"href":"https:\/\/jornaldasoficinas.com\/pt\/wp-json\/wp\/v2\/posts\/27597","targetHints":{"allow":["GET"]}}],"collection":[{"href":"https:\/\/jornaldasoficinas.com\/pt\/wp-json\/wp\/v2\/posts"}],"about":[{"href":"https:\/\/jornaldasoficinas.com\/pt\/wp-json\/wp\/v2\/types\/post"}],"author":[{"embeddable":true,"href":"https:\/\/jornaldasoficinas.com\/pt\/wp-json\/wp\/v2\/users\/15"}],"replies":[{"embeddable":true,"href":"https:\/\/jornaldasoficinas.com\/pt\/wp-json\/wp\/v2\/comments?post=27597"}],"version-history":[{"count":0,"href":"https:\/\/jornaldasoficinas.com\/pt\/wp-json\/wp\/v2\/posts\/27597\/revisions"}],"wp:featuredmedia":[{"embeddable":true,"href":"https:\/\/jornaldasoficinas.com\/pt\/wp-json\/wp\/v2\/media\/27598"}],"wp:attachment":[{"href":"https:\/\/jornaldasoficinas.com\/pt\/wp-json\/wp\/v2\/media?parent=27597"}],"wp:term":[{"taxonomy":"category","embeddable":true,"href":"https:\/\/jornaldasoficinas.com\/pt\/wp-json\/wp\/v2\/categories?post=27597"},{"taxonomy":"post_tag","embeddable":true,"href":"https:\/\/jornaldasoficinas.com\/pt\/wp-json\/wp\/v2\/tags?post=27597"}],"curies":[{"name":"wp","href":"https:\/\/api.w.org\/{rel}","templated":true}]}}